{"id":143057,"date":"2022-05-21T11:20:39","date_gmt":"2022-05-21T10:20:39","guid":{"rendered":"https:\/\/radioljubuski.ba\/?p=143057"},"modified":"2022-05-21T11:20:40","modified_gmt":"2022-05-21T10:20:40","slug":"u-bih-je-sve-skuplje-samo-cijena-razvoda-ista","status":"publish","type":"post","link":"https:\/\/radioljubuski.ba\/index.php\/2022\/05\/21\/u-bih-je-sve-skuplje-samo-cijena-razvoda-ista\/","title":{"rendered":"U BiH je sve skuplje, samo cijena razvoda ista"},"content":{"rendered":"\n<p>Period pandemije koronavirusa, nakon kojeg su se gra\u0111ani BiH suo\u010dili s brojim ekonomskim izazovima poput otkaza, besparice i sveop\u0107eg bezna\u0111a, doveo je do pove\u0107anog broja razvoda u Bosni i Hercegovini.<\/p>\n\n\n\n<p>Do naglog rasta cijena do\u0161lo je u skoro svim sferama \u017eivota. Poskupljuje sve, od kruha, energenata, do lijekova. Me\u0111utim, zanimljivo je da cijena razvoda nije mijenjana, a odvjetnici ka\u017eu da \u010desto idu ispod odvjetni\u010dke tarife i izlaze ususret klijentima.<\/p>\n\n\n\n<p>Odvjetnik Azur Prnjavorac ka\u017ee za \u201e<a href=\"https:\/\/avaz.ba\/vijesti\/bih\/744165\/i-advokati-rade-ispod-tarife-u-bih-je-sve-skuplje-samo-cijena-razvoda-ista\" target=\"_blank\" rel=\"noreferrer noopener\">Avaz<\/a>\u201c da je cijena usluga identi\u010dna kao \u0161to je bila te da nije bilo izmjena i dopuna.<\/p>\n\n\n\n<p>&#8211; Razvod braka spada u predmete \u010dija je imovinska vrijednost neprocjenjiva, odnosno, recimo, kao da je vrijednost 10.000 KM i, prema toj vrijednosti, svaka radnja u\u010dinjena od odvjetnika iznosi 360 KM, plus PDV. Tu\u017eba za razvod braka je 360 KM, s tim da stranka ima mogu\u0107nost da sama sebe zastupa &#8211; govori Prnjavorac.<\/p>\n\n\n\n<p>Paradoksalno, ali je \u010dinjenica da je pandemija \u201eprimorala\u201c supru\u017enike da vi\u0161e vremena provode zajedno, \u0161to je uzrokovalo pove\u0107an broj razvoda.<\/p>\n\n\n\n<p>&#8211; \u0160to su ljudi manje skupa, manje je prilika za konflikte &#8211; dodaje Prnjavorac.<\/p>\n\n\n\n<p><br>Odvjetnica Elma Arnautovi\u0107, tako\u0111er, potvr\u0111uje da se cijene razvoda nisu mijenjale te da se broj razvoda pove\u0107ao od perioda pandemije koronavirusa.<\/p>\n\n\n\n<p>O pove\u0107anom broju razvoda u periodu pandemije ka\u017ee kako je \u010dinjenica da su partneri koji su ina\u010de bili zauzeti poslovnim obavezama bili prinu\u0111eni vi\u0161e vremena provoditi zajedno.<\/p>\n\n\n\n<p>&#8211; Neki su se tada i bolje upoznali, \u0161to im se, o\u010dito, nije svidjelo. Primjetan je trend sporazumnog okon\u010danja brakova, \u0161to je pohvalno jer skra\u0107uje proceduru i znatno manje ko\u0161ta &#8211; zaklju\u010duje Arnautovi\u0107.<\/p>\n\n\n\n<p>Podaci Agencije za statistiku BiH pokazuju da se u 2021. za devet mjeseci razvelo 1.519 parova, dok je godinu prije taj broj iznosio 1.354, \u0161to predstavlja pove\u0107anje od 11,36 posto<\/p>\n\n\n\n<p><strong>Izvor: Pogled.ba<\/strong><\/p>\n","protected":false},"excerpt":{"rendered":"<p>Period pandemije koronavirusa, nakon kojeg su se gra\u0111ani BiH suo\u010dili s brojim ekonomskim izazovima poput otkaza, besparice i sveop\u0107eg bezna\u0111a, doveo je do pove\u0107anog broja razvoda u Bosni i Hercegovini. Do naglog rasta cijena do\u0161lo je u skoro svim sferama \u017eivota. Poskupljuje sve, od kruha, energenata, do lijekova. Me\u0111utim, zanimljivo je da cijena razvoda nije [&hellip;]<\/p>\n","protected":false},"author":2,"featured_media":143058,"comment_status":"closed","ping_status":"closed","sticky":false,"template":"","format":"standard","meta":{"h5ap_radio_sources":[],"footnotes":""},"categories":[1],"tags":[],"class_list":["post-143057","post","type-post","status-publish","format-standard","has-post-thumbnail","hentry","category-bihiregija"],"yoast_head":"<!-- This site is optimized with the Yoast SEO plugin v27.5 - https:\/\/yoast.com\/product\/yoast-seo-wordpress\/ -->\n<title>U BiH je sve skuplje, samo cijena razvoda ista - RADIO LJUBU\u0160KI<\/title>\n<meta name=\"robots\" content=\"index, follow, max-snippet:-1, max-image-preview:large, max-video-preview:-1\" \/>\n<link rel=\"canonical\" href=\"https:\/\/radioljubuski.ba\/index.php\/2022\/05\/21\/u-bih-je-sve-skuplje-samo-cijena-razvoda-ista\/\" \/>\n<meta property=\"og:locale\" content=\"hr_HR\" \/>\n<meta property=\"og:type\" content=\"article\" \/>\n<meta property=\"og:title\" content=\"U BiH je sve skuplje, samo cijena razvoda ista - RADIO LJUBU\u0160KI\" \/>\n<meta property=\"og:description\" content=\"Period pandemije koronavirusa, nakon kojeg su se gra\u0111ani BiH suo\u010dili s brojim ekonomskim izazovima poput otkaza, besparice i sveop\u0107eg bezna\u0111a, doveo je do pove\u0107anog broja razvoda u Bosni i Hercegovini. Do naglog rasta cijena do\u0161lo je u skoro svim sferama \u017eivota. Poskupljuje sve, od kruha, energenata, do lijekova. Me\u0111utim, zanimljivo je da cijena razvoda nije [&hellip;]\" \/>\n<meta property=\"og:url\" content=\"https:\/\/radioljubuski.ba\/index.php\/2022\/05\/21\/u-bih-je-sve-skuplje-samo-cijena-razvoda-ista\/\" \/>\n<meta property=\"og:site_name\" content=\"RADIO LJUBU\u0160KI\" \/>\n<meta property=\"article:publisher\" content=\"https:\/\/www.facebook.com\/Radiio-Ljubuski-1490835324566332\" \/>\n<meta property=\"article:published_time\" content=\"2022-05-21T10:20:39+00:00\" \/>\n<meta property=\"article:modified_time\" content=\"2022-05-21T10:20:40+00:00\" \/>\n<meta property=\"og:image\" content=\"https:\/\/radioljubuski.ba\/wp-content\/uploads\/2022\/05\/prstenovi.jpg\" \/>\n\t<meta property=\"og:image:width\" content=\"1000\" \/>\n\t<meta property=\"og:image:height\" content=\"625\" \/>\n\t<meta property=\"og:image:type\" content=\"image\/jpeg\" \/>\n<meta name=\"author\" content=\"Radio Ljubu\u0161ki\" \/>\n<meta name=\"twitter:card\" content=\"summary_large_image\" \/>\n<meta name=\"twitter:creator\" content=\"@radioljubuski\" \/>\n<meta name=\"twitter:site\" content=\"@radioljubuski\" \/>\n<meta name=\"twitter:label1\" content=\"Napisao\/la\" \/>\n\t<meta name=\"twitter:data1\" content=\"Radio Ljubu\u0161ki\" \/>\n\t<meta name=\"twitter:label2\" content=\"Procijenjeno vrijeme \u010ditanja\" \/>\n\t<meta name=\"twitter:data2\" content=\"2 minute\" \/>\n<script type=\"application\/ld+json\" class=\"yoast-schema-graph\">{\"@context\":\"https:\\\/\\\/schema.org\",\"@graph\":[{\"@type\":\"Article\",\"@id\":\"https:\\\/\\\/radioljubuski.ba\\\/index.php\\\/2022\\\/05\\\/21\\\/u-bih-je-sve-skuplje-samo-cijena-razvoda-ista\\\/#article\",\"isPartOf\":{\"@id\":\"https:\\\/\\\/radioljubuski.ba\\\/index.php\\\/2022\\\/05\\\/21\\\/u-bih-je-sve-skuplje-samo-cijena-razvoda-ista\\\/\"},\"author\":{\"name\":\"Radio Ljubu\u0161ki\",\"@id\":\"https:\\\/\\\/radioljubuski.ba\\\/#\\\/schema\\\/person\\\/19fc700381a780f69665d7956c469e3b\"},\"headline\":\"U BiH je sve skuplje, samo cijena razvoda ista\",\"datePublished\":\"2022-05-21T10:20:39+00:00\",\"dateModified\":\"2022-05-21T10:20:40+00:00\",\"mainEntityOfPage\":{\"@id\":\"https:\\\/\\\/radioljubuski.ba\\\/index.php\\\/2022\\\/05\\\/21\\\/u-bih-je-sve-skuplje-samo-cijena-razvoda-ista\\\/\"},\"wordCount\":325,\"publisher\":{\"@id\":\"https:\\\/\\\/radioljubuski.ba\\\/#organization\"},\"image\":{\"@id\":\"https:\\\/\\\/radioljubuski.ba\\\/index.php\\\/2022\\\/05\\\/21\\\/u-bih-je-sve-skuplje-samo-cijena-razvoda-ista\\\/#primaryimage\"},\"thumbnailUrl\":\"https:\\\/\\\/radioljubuski.ba\\\/wp-content\\\/uploads\\\/2022\\\/05\\\/prstenovi.jpg\",\"articleSection\":[\"BIH i regija\"],\"inLanguage\":\"hr\"},{\"@type\":\"WebPage\",\"@id\":\"https:\\\/\\\/radioljubuski.ba\\\/index.php\\\/2022\\\/05\\\/21\\\/u-bih-je-sve-skuplje-samo-cijena-razvoda-ista\\\/\",\"url\":\"https:\\\/\\\/radioljubuski.ba\\\/index.php\\\/2022\\\/05\\\/21\\\/u-bih-je-sve-skuplje-samo-cijena-razvoda-ista\\\/\",\"name\":\"U BiH je sve skuplje, samo cijena razvoda ista - RADIO LJUBU\u0160KI\",\"isPartOf\":{\"@id\":\"https:\\\/\\\/radioljubuski.ba\\\/#website\"},\"primaryImageOfPage\":{\"@id\":\"https:\\\/\\\/radioljubuski.ba\\\/index.php\\\/2022\\\/05\\\/21\\\/u-bih-je-sve-skuplje-samo-cijena-razvoda-ista\\\/#primaryimage\"},\"image\":{\"@id\":\"https:\\\/\\\/radioljubuski.ba\\\/index.php\\\/2022\\\/05\\\/21\\\/u-bih-je-sve-skuplje-samo-cijena-razvoda-ista\\\/#primaryimage\"},\"thumbnailUrl\":\"https:\\\/\\\/radioljubuski.ba\\\/wp-content\\\/uploads\\\/2022\\\/05\\\/prstenovi.jpg\",\"datePublished\":\"2022-05-21T10:20:39+00:00\",\"dateModified\":\"2022-05-21T10:20:40+00:00\",\"breadcrumb\":{\"@id\":\"https:\\\/\\\/radioljubuski.ba\\\/index.php\\\/2022\\\/05\\\/21\\\/u-bih-je-sve-skuplje-samo-cijena-razvoda-ista\\\/#breadcrumb\"},\"inLanguage\":\"hr\",\"potentialAction\":[{\"@type\":\"ReadAction\",\"target\":[\"https:\\\/\\\/radioljubuski.ba\\\/index.php\\\/2022\\\/05\\\/21\\\/u-bih-je-sve-skuplje-samo-cijena-razvoda-ista\\\/\"]}]},{\"@type\":\"ImageObject\",\"inLanguage\":\"hr\",\"@id\":\"https:\\\/\\\/radioljubuski.ba\\\/index.php\\\/2022\\\/05\\\/21\\\/u-bih-je-sve-skuplje-samo-cijena-razvoda-ista\\\/#primaryimage\",\"url\":\"https:\\\/\\\/radioljubuski.ba\\\/wp-content\\\/uploads\\\/2022\\\/05\\\/prstenovi.jpg\",\"contentUrl\":\"https:\\\/\\\/radioljubuski.ba\\\/wp-content\\\/uploads\\\/2022\\\/05\\\/prstenovi.jpg\",\"width\":1000,\"height\":625},{\"@type\":\"BreadcrumbList\",\"@id\":\"https:\\\/\\\/radioljubuski.ba\\\/index.php\\\/2022\\\/05\\\/21\\\/u-bih-je-sve-skuplje-samo-cijena-razvoda-ista\\\/#breadcrumb\",\"itemListElement\":[{\"@type\":\"ListItem\",\"position\":1,\"name\":\"Po\u010detna stranica\",\"item\":\"https:\\\/\\\/radioljubuski.ba\\\/\"},{\"@type\":\"ListItem\",\"position\":2,\"name\":\"U BiH je sve skuplje, samo cijena razvoda ista\"}]},{\"@type\":\"WebSite\",\"@id\":\"https:\\\/\\\/radioljubuski.ba\\\/#website\",\"url\":\"https:\\\/\\\/radioljubuski.ba\\\/\",\"name\":\"Radio Ljubu\u0161ki\",\"description\":\"Sun\u010dana frekvencija Hercegovine\",\"publisher\":{\"@id\":\"https:\\\/\\\/radioljubuski.ba\\\/#organization\"},\"potentialAction\":[{\"@type\":\"SearchAction\",\"target\":{\"@type\":\"EntryPoint\",\"urlTemplate\":\"https:\\\/\\\/radioljubuski.ba\\\/?s={search_term_string}\"},\"query-input\":{\"@type\":\"PropertyValueSpecification\",\"valueRequired\":true,\"valueName\":\"search_term_string\"}}],\"inLanguage\":\"hr\"},{\"@type\":\"Organization\",\"@id\":\"https:\\\/\\\/radioljubuski.ba\\\/#organization\",\"name\":\"Radio Ljubu\u0161ki\",\"url\":\"https:\\\/\\\/radioljubuski.ba\\\/\",\"logo\":{\"@type\":\"ImageObject\",\"inLanguage\":\"hr\",\"@id\":\"https:\\\/\\\/radioljubuski.ba\\\/#\\\/schema\\\/logo\\\/image\\\/\",\"url\":\"https:\\\/\\\/radioljubuski.ba\\\/wp-content\\\/uploads\\\/2021\\\/02\\\/cropped-Radio_Ljubuski_logo1.jpg\",\"contentUrl\":\"https:\\\/\\\/radioljubuski.ba\\\/wp-content\\\/uploads\\\/2021\\\/02\\\/cropped-Radio_Ljubuski_logo1.jpg\",\"width\":512,\"height\":512,\"caption\":\"Radio Ljubu\u0161ki\"},\"image\":{\"@id\":\"https:\\\/\\\/radioljubuski.ba\\\/#\\\/schema\\\/logo\\\/image\\\/\"},\"sameAs\":[\"https:\\\/\\\/www.facebook.com\\\/Radiio-Ljubuski-1490835324566332\",\"https:\\\/\\\/x.com\\\/radioljubuski\",\"https:\\\/\\\/hr.linkedin.com\\\/company\\\/radio-ljubuski\",\"https:\\\/\\\/www.youtube.com\\\/channel\\\/UCHYaeO_n0Db3tjNGudGpXyw\"]},{\"@type\":\"Person\",\"@id\":\"https:\\\/\\\/radioljubuski.ba\\\/#\\\/schema\\\/person\\\/19fc700381a780f69665d7956c469e3b\",\"name\":\"Radio Ljubu\u0161ki\"}]}<\/script>\n<!-- \/ Yoast SEO plugin. -->","yoast_head_json":{"title":"U BiH je sve skuplje, samo cijena razvoda ista - RADIO LJUBU\u0160KI","robots":{"index":"index","follow":"follow","max-snippet":"max-snippet:-1","max-image-preview":"max-image-preview:large","max-video-preview":"max-video-preview:-1"},"canonical":"https:\/\/radioljubuski.ba\/index.php\/2022\/05\/21\/u-bih-je-sve-skuplje-samo-cijena-razvoda-ista\/","og_locale":"hr_HR","og_type":"article","og_title":"U BiH je sve skuplje, samo cijena razvoda ista - RADIO LJUBU\u0160KI","og_description":"Period pandemije koronavirusa, nakon kojeg su se gra\u0111ani BiH suo\u010dili s brojim ekonomskim izazovima poput otkaza, besparice i sveop\u0107eg bezna\u0111a, doveo je do pove\u0107anog broja razvoda u Bosni i Hercegovini. Do naglog rasta cijena do\u0161lo je u skoro svim sferama \u017eivota. Poskupljuje sve, od kruha, energenata, do lijekova. Me\u0111utim, zanimljivo je da cijena razvoda nije [&hellip;]","og_url":"https:\/\/radioljubuski.ba\/index.php\/2022\/05\/21\/u-bih-je-sve-skuplje-samo-cijena-razvoda-ista\/","og_site_name":"RADIO LJUBU\u0160KI","article_publisher":"https:\/\/www.facebook.com\/Radiio-Ljubuski-1490835324566332","article_published_time":"2022-05-21T10:20:39+00:00","article_modified_time":"2022-05-21T10:20:40+00:00","og_image":[{"width":1000,"height":625,"url":"https:\/\/radioljubuski.ba\/wp-content\/uploads\/2022\/05\/prstenovi.jpg","type":"image\/jpeg"}],"author":"Radio Ljubu\u0161ki","twitter_card":"summary_large_image","twitter_creator":"@radioljubuski","twitter_site":"@radioljubuski","twitter_misc":{"Napisao\/la":"Radio Ljubu\u0161ki","Procijenjeno vrijeme \u010ditanja":"2 minute"},"schema":{"@context":"https:\/\/schema.org","@graph":[{"@type":"Article","@id":"https:\/\/radioljubuski.ba\/index.php\/2022\/05\/21\/u-bih-je-sve-skuplje-samo-cijena-razvoda-ista\/#article","isPartOf":{"@id":"https:\/\/radioljubuski.ba\/index.php\/2022\/05\/21\/u-bih-je-sve-skuplje-samo-cijena-razvoda-ista\/"},"author":{"name":"Radio Ljubu\u0161ki","@id":"https:\/\/radioljubuski.ba\/#\/schema\/person\/19fc700381a780f69665d7956c469e3b"},"headline":"U BiH je sve skuplje, samo cijena razvoda ista","datePublished":"2022-05-21T10:20:39+00:00","dateModified":"2022-05-21T10:20:40+00:00","mainEntityOfPage":{"@id":"https:\/\/radioljubuski.ba\/index.php\/2022\/05\/21\/u-bih-je-sve-skuplje-samo-cijena-razvoda-ista\/"},"wordCount":325,"publisher":{"@id":"https:\/\/radioljubuski.ba\/#organization"},"image":{"@id":"https:\/\/radioljubuski.ba\/index.php\/2022\/05\/21\/u-bih-je-sve-skuplje-samo-cijena-razvoda-ista\/#primaryimage"},"thumbnailUrl":"https:\/\/radioljubuski.ba\/wp-content\/uploads\/2022\/05\/prstenovi.jpg","articleSection":["BIH i regija"],"inLanguage":"hr"},{"@type":"WebPage","@id":"https:\/\/radioljubuski.ba\/index.php\/2022\/05\/21\/u-bih-je-sve-skuplje-samo-cijena-razvoda-ista\/","url":"https:\/\/radioljubuski.ba\/index.php\/2022\/05\/21\/u-bih-je-sve-skuplje-samo-cijena-razvoda-ista\/","name":"U BiH je sve skuplje, samo cijena razvoda ista - RADIO LJUBU\u0160KI","isPartOf":{"@id":"https:\/\/radioljubuski.ba\/#website"},"primaryImageOfPage":{"@id":"https:\/\/radioljubuski.ba\/index.php\/2022\/05\/21\/u-bih-je-sve-skuplje-samo-cijena-razvoda-ista\/#primaryimage"},"image":{"@id":"https:\/\/radioljubuski.ba\/index.php\/2022\/05\/21\/u-bih-je-sve-skuplje-samo-cijena-razvoda-ista\/#primaryimage"},"thumbnailUrl":"https:\/\/radioljubuski.ba\/wp-content\/uploads\/2022\/05\/prstenovi.jpg","datePublished":"2022-05-21T10:20:39+00:00","dateModified":"2022-05-21T10:20:40+00:00","breadcrumb":{"@id":"https:\/\/radioljubuski.ba\/index.php\/2022\/05\/21\/u-bih-je-sve-skuplje-samo-cijena-razvoda-ista\/#breadcrumb"},"inLanguage":"hr","potentialAction":[{"@type":"ReadAction","target":["https:\/\/radioljubuski.ba\/index.php\/2022\/05\/21\/u-bih-je-sve-skuplje-samo-cijena-razvoda-ista\/"]}]},{"@type":"ImageObject","inLanguage":"hr","@id":"https:\/\/radioljubuski.ba\/index.php\/2022\/05\/21\/u-bih-je-sve-skuplje-samo-cijena-razvoda-ista\/#primaryimage","url":"https:\/\/radioljubuski.ba\/wp-content\/uploads\/2022\/05\/prstenovi.jpg","contentUrl":"https:\/\/radioljubuski.ba\/wp-content\/uploads\/2022\/05\/prstenovi.jpg","width":1000,"height":625},{"@type":"BreadcrumbList","@id":"https:\/\/radioljubuski.ba\/index.php\/2022\/05\/21\/u-bih-je-sve-skuplje-samo-cijena-razvoda-ista\/#breadcrumb","itemListElement":[{"@type":"ListItem","position":1,"name":"Po\u010detna stranica","item":"https:\/\/radioljubuski.ba\/"},{"@type":"ListItem","position":2,"name":"U BiH je sve skuplje, samo cijena razvoda ista"}]},{"@type":"WebSite","@id":"https:\/\/radioljubuski.ba\/#website","url":"https:\/\/radioljubuski.ba\/","name":"Radio Ljubu\u0161ki","description":"Sun\u010dana frekvencija Hercegovine","publisher":{"@id":"https:\/\/radioljubuski.ba\/#organization"},"potentialAction":[{"@type":"SearchAction","target":{"@type":"EntryPoint","urlTemplate":"https:\/\/radioljubuski.ba\/?s={search_term_string}"},"query-input":{"@type":"PropertyValueSpecification","valueRequired":true,"valueName":"search_term_string"}}],"inLanguage":"hr"},{"@type":"Organization","@id":"https:\/\/radioljubuski.ba\/#organization","name":"Radio Ljubu\u0161ki","url":"https:\/\/radioljubuski.ba\/","logo":{"@type":"ImageObject","inLanguage":"hr","@id":"https:\/\/radioljubuski.ba\/#\/schema\/logo\/image\/","url":"https:\/\/radioljubuski.ba\/wp-content\/uploads\/2021\/02\/cropped-Radio_Ljubuski_logo1.jpg","contentUrl":"https:\/\/radioljubuski.ba\/wp-content\/uploads\/2021\/02\/cropped-Radio_Ljubuski_logo1.jpg","width":512,"height":512,"caption":"Radio Ljubu\u0161ki"},"image":{"@id":"https:\/\/radioljubuski.ba\/#\/schema\/logo\/image\/"},"sameAs":["https:\/\/www.facebook.com\/Radiio-Ljubuski-1490835324566332","https:\/\/x.com\/radioljubuski","https:\/\/hr.linkedin.com\/company\/radio-ljubuski","https:\/\/www.youtube.com\/channel\/UCHYaeO_n0Db3tjNGudGpXyw"]},{"@type":"Person","@id":"https:\/\/radioljubuski.ba\/#\/schema\/person\/19fc700381a780f69665d7956c469e3b","name":"Radio Ljubu\u0161ki"}]}},"_links":{"self":[{"href":"https:\/\/radioljubuski.ba\/index.php\/wp-json\/wp\/v2\/posts\/143057","targetHints":{"allow":["GET"]}}],"collection":[{"href":"https:\/\/radioljubuski.ba\/index.php\/wp-json\/wp\/v2\/posts"}],"about":[{"href":"https:\/\/radioljubuski.ba\/index.php\/wp-json\/wp\/v2\/types\/post"}],"author":[{"embeddable":true,"href":"https:\/\/radioljubuski.ba\/index.php\/wp-json\/wp\/v2\/users\/2"}],"replies":[{"embeddable":true,"href":"https:\/\/radioljubuski.ba\/index.php\/wp-json\/wp\/v2\/comments?post=143057"}],"version-history":[{"count":1,"href":"https:\/\/radioljubuski.ba\/index.php\/wp-json\/wp\/v2\/posts\/143057\/revisions"}],"predecessor-version":[{"id":143059,"href":"https:\/\/radioljubuski.ba\/index.php\/wp-json\/wp\/v2\/posts\/143057\/revisions\/143059"}],"wp:featuredmedia":[{"embeddable":true,"href":"https:\/\/radioljubuski.ba\/index.php\/wp-json\/wp\/v2\/media\/143058"}],"wp:attachment":[{"href":"https:\/\/radioljubuski.ba\/index.php\/wp-json\/wp\/v2\/media?parent=143057"}],"wp:term":[{"taxonomy":"category","embeddable":true,"href":"https:\/\/radioljubuski.ba\/index.php\/wp-json\/wp\/v2\/categories?post=143057"},{"taxonomy":"post_tag","embeddable":true,"href":"https:\/\/radioljubuski.ba\/index.php\/wp-json\/wp\/v2\/tags?post=143057"}],"curies":[{"name":"wp","href":"https:\/\/api.w.org\/{rel}","templated":true}]}}