{"id":143151,"date":"2022-05-23T07:31:32","date_gmt":"2022-05-23T06:31:32","guid":{"rendered":"https:\/\/radioljubuski.ba\/?p=143151"},"modified":"2022-05-23T07:31:34","modified_gmt":"2022-05-23T06:31:34","slug":"sve-je-do-nas-treceg-dana-mostarske-liske","status":"publish","type":"post","link":"https:\/\/radioljubuski.ba\/index.php\/2022\/05\/23\/sve-je-do-nas-treceg-dana-mostarske-liske\/","title":{"rendered":"&#8221;Sve je do nas&#8221; tre\u0107eg dana Mostarske liske"},"content":{"rendered":"\n<p>Anga\u017eirana monodrama, teatarski manifest o stanju duha u bh. dru\u0161tvu, prikazana je izvan natjecateljske konkurencije.<\/p>\n\n\n\n<p>Tre\u0107u ve\u010der ovogodi\u0161njeg, 19. izdanja Me\u0111unarodnog festivala komedije &#8221;Mostarska liska&#8221; obilje\u017eila je &#8221;Sve je do nas&#8221;, autorski projekt Emira Had\u017ehafizbegovi\u0107a. <\/p>\n\n\n\n<p>Ova anga\u017eirana monodrama, teatarski manifest o stanju duha u bh. dru\u0161tvu, prikazana je izvan natjecateljske konkurencije, uslijed otkazivanja predstave &#8221;Dvostruki aksl&#8221; Kazali\u0161ta Grupa i Teatra &amp;TD. <\/p>\n\n\n\n<p>Rije\u010d je o svojevrsnom scenskom eseju koji tretira bolne ta\u010dke dru\u0161tva u stanju duhovne dekadencije i sveop\u0107e stagnacije, u kojem siroma\u0161tvo postaje izgovor za primitivizam i inerciju, \u0161to igra u korist zla, koje je uvijek proaktivno i projektovano djeluje na dodatnoj pasivizaciji dobra. <\/p>\n\n\n\n<p>Nakon predstave, publika je mogla u\u017eivati uz glazbeni nastup Brude, i stand up komi\u010dara Branka Krsmanovi\u0107a, iz trupe &#8221;Smijanje na tri jezika&#8221;, u okviru ovogodi\u0161njeg OFF programa festivala. <\/p>\n\n\n\n<p>\u010cetvrtu ve\u010der 19. izdanja Me\u0111unarodnog festivala komedije &#8221;Mostarska liska&#8221; publika \u0107e mo\u0107i pogledati predstavu &#8221;\u017denski razgovori +-1&#8221; Hrvatskog narodnog kazali\u0161ta iz Mostara, nastalu reinterpretacijom djela Du\u0161ka Radovi\u0107a, kroz intervencije dramaturga Dragana Komadine, rediteljice Bijane \u010caki\u0107 i ansambla predstave. Nakon predstave, publika \u0107e mo\u0107i u\u017eivati u off programu u no\u0107nom baru Durad\u017eik, uz stand up nastup Adija Fejzi\u0107a iz trupe &#8221;Smijanje na tri jezika&#8221;, i glazbu Anite \u0160unji\u0107. <\/p>\n\n\n\n<p>Izvor:<a href=\"https:\/\/bljesak.info\/kultura\/kazaliste\/motarska-liska\/383393\">Bljesak.info<\/a><\/p>\n","protected":false},"excerpt":{"rendered":"<p>Anga\u017eirana monodrama, teatarski manifest o stanju duha u bh. dru\u0161tvu, prikazana je izvan natjecateljske konkurencije. Tre\u0107u ve\u010der ovogodi\u0161njeg, 19. izdanja Me\u0111unarodnog festivala komedije &#8221;Mostarska liska&#8221; obilje\u017eila je &#8221;Sve je do nas&#8221;, autorski projekt Emira Had\u017ehafizbegovi\u0107a. Ova anga\u017eirana monodrama, teatarski manifest o stanju duha u bh. dru\u0161tvu, prikazana je izvan natjecateljske konkurencije, uslijed otkazivanja predstave &#8221;Dvostruki [&hellip;]<\/p>\n","protected":false},"author":2,"featured_media":143152,"comment_status":"closed","ping_status":"closed","sticky":false,"template":"","format":"standard","meta":{"h5ap_radio_sources":[],"footnotes":""},"categories":[1],"tags":[],"class_list":["post-143151","post","type-post","status-publish","format-standard","has-post-thumbnail","hentry","category-bihiregija"],"yoast_head":"<!-- This site is optimized with the Yoast SEO plugin v27.5 - https:\/\/yoast.com\/product\/yoast-seo-wordpress\/ -->\n<title>&#039;&#039;Sve je do nas&#039;&#039; tre\u0107eg dana Mostarske liske - RADIO LJUBU\u0160KI<\/title>\n<meta name=\"robots\" content=\"index, follow, max-snippet:-1, max-image-preview:large, max-video-preview:-1\" \/>\n<link rel=\"canonical\" href=\"https:\/\/radioljubuski.ba\/index.php\/2022\/05\/23\/sve-je-do-nas-treceg-dana-mostarske-liske\/\" \/>\n<meta property=\"og:locale\" content=\"hr_HR\" \/>\n<meta property=\"og:type\" content=\"article\" \/>\n<meta property=\"og:title\" content=\"&#039;&#039;Sve je do nas&#039;&#039; tre\u0107eg dana Mostarske liske - RADIO LJUBU\u0160KI\" \/>\n<meta property=\"og:description\" content=\"Anga\u017eirana monodrama, teatarski manifest o stanju duha u bh. dru\u0161tvu, prikazana je izvan natjecateljske konkurencije. Tre\u0107u ve\u010der ovogodi\u0161njeg, 19. izdanja Me\u0111unarodnog festivala komedije &#8221;Mostarska liska&#8221; obilje\u017eila je &#8221;Sve je do nas&#8221;, autorski projekt Emira Had\u017ehafizbegovi\u0107a. Ova anga\u017eirana monodrama, teatarski manifest o stanju duha u bh. dru\u0161tvu, prikazana je izvan natjecateljske konkurencije, uslijed otkazivanja predstave &#8221;Dvostruki [&hellip;]\" \/>\n<meta property=\"og:url\" content=\"https:\/\/radioljubuski.ba\/index.php\/2022\/05\/23\/sve-je-do-nas-treceg-dana-mostarske-liske\/\" \/>\n<meta property=\"og:site_name\" content=\"RADIO LJUBU\u0160KI\" \/>\n<meta property=\"article:publisher\" content=\"https:\/\/www.facebook.com\/Radiio-Ljubuski-1490835324566332\" \/>\n<meta property=\"article:published_time\" content=\"2022-05-23T06:31:32+00:00\" \/>\n<meta property=\"article:modified_time\" content=\"2022-05-23T06:31:34+00:00\" \/>\n<meta property=\"og:image\" content=\"https:\/\/radioljubuski.ba\/wp-content\/uploads\/2022\/05\/mostarska-liska.jpg\" \/>\n\t<meta property=\"og:image:width\" content=\"800\" \/>\n\t<meta property=\"og:image:height\" content=\"550\" \/>\n\t<meta property=\"og:image:type\" content=\"image\/jpeg\" \/>\n<meta name=\"author\" content=\"Radio Ljubu\u0161ki\" \/>\n<meta name=\"twitter:card\" content=\"summary_large_image\" \/>\n<meta name=\"twitter:creator\" content=\"@radioljubuski\" \/>\n<meta name=\"twitter:site\" content=\"@radioljubuski\" \/>\n<meta name=\"twitter:label1\" content=\"Napisao\/la\" \/>\n\t<meta name=\"twitter:data1\" content=\"Radio Ljubu\u0161ki\" \/>\n\t<meta name=\"twitter:label2\" content=\"Procijenjeno vrijeme \u010ditanja\" \/>\n\t<meta name=\"twitter:data2\" content=\"1 minuta\" \/>\n<script type=\"application\/ld+json\" class=\"yoast-schema-graph\">{\"@context\":\"https:\\\/\\\/schema.org\",\"@graph\":[{\"@type\":\"Article\",\"@id\":\"https:\\\/\\\/radioljubuski.ba\\\/index.php\\\/2022\\\/05\\\/23\\\/sve-je-do-nas-treceg-dana-mostarske-liske\\\/#article\",\"isPartOf\":{\"@id\":\"https:\\\/\\\/radioljubuski.ba\\\/index.php\\\/2022\\\/05\\\/23\\\/sve-je-do-nas-treceg-dana-mostarske-liske\\\/\"},\"author\":{\"name\":\"Radio Ljubu\u0161ki\",\"@id\":\"https:\\\/\\\/radioljubuski.ba\\\/#\\\/schema\\\/person\\\/19fc700381a780f69665d7956c469e3b\"},\"headline\":\"&#8221;Sve je do nas&#8221; tre\u0107eg dana Mostarske liske\",\"datePublished\":\"2022-05-23T06:31:32+00:00\",\"dateModified\":\"2022-05-23T06:31:34+00:00\",\"mainEntityOfPage\":{\"@id\":\"https:\\\/\\\/radioljubuski.ba\\\/index.php\\\/2022\\\/05\\\/23\\\/sve-je-do-nas-treceg-dana-mostarske-liske\\\/\"},\"wordCount\":241,\"publisher\":{\"@id\":\"https:\\\/\\\/radioljubuski.ba\\\/#organization\"},\"image\":{\"@id\":\"https:\\\/\\\/radioljubuski.ba\\\/index.php\\\/2022\\\/05\\\/23\\\/sve-je-do-nas-treceg-dana-mostarske-liske\\\/#primaryimage\"},\"thumbnailUrl\":\"https:\\\/\\\/radioljubuski.ba\\\/wp-content\\\/uploads\\\/2022\\\/05\\\/mostarska-liska.jpg\",\"articleSection\":[\"BIH i regija\"],\"inLanguage\":\"hr\"},{\"@type\":\"WebPage\",\"@id\":\"https:\\\/\\\/radioljubuski.ba\\\/index.php\\\/2022\\\/05\\\/23\\\/sve-je-do-nas-treceg-dana-mostarske-liske\\\/\",\"url\":\"https:\\\/\\\/radioljubuski.ba\\\/index.php\\\/2022\\\/05\\\/23\\\/sve-je-do-nas-treceg-dana-mostarske-liske\\\/\",\"name\":\"''Sve je do nas'' tre\u0107eg dana Mostarske liske - RADIO LJUBU\u0160KI\",\"isPartOf\":{\"@id\":\"https:\\\/\\\/radioljubuski.ba\\\/#website\"},\"primaryImageOfPage\":{\"@id\":\"https:\\\/\\\/radioljubuski.ba\\\/index.php\\\/2022\\\/05\\\/23\\\/sve-je-do-nas-treceg-dana-mostarske-liske\\\/#primaryimage\"},\"image\":{\"@id\":\"https:\\\/\\\/radioljubuski.ba\\\/index.php\\\/2022\\\/05\\\/23\\\/sve-je-do-nas-treceg-dana-mostarske-liske\\\/#primaryimage\"},\"thumbnailUrl\":\"https:\\\/\\\/radioljubuski.ba\\\/wp-content\\\/uploads\\\/2022\\\/05\\\/mostarska-liska.jpg\",\"datePublished\":\"2022-05-23T06:31:32+00:00\",\"dateModified\":\"2022-05-23T06:31:34+00:00\",\"breadcrumb\":{\"@id\":\"https:\\\/\\\/radioljubuski.ba\\\/index.php\\\/2022\\\/05\\\/23\\\/sve-je-do-nas-treceg-dana-mostarske-liske\\\/#breadcrumb\"},\"inLanguage\":\"hr\",\"potentialAction\":[{\"@type\":\"ReadAction\",\"target\":[\"https:\\\/\\\/radioljubuski.ba\\\/index.php\\\/2022\\\/05\\\/23\\\/sve-je-do-nas-treceg-dana-mostarske-liske\\\/\"]}]},{\"@type\":\"ImageObject\",\"inLanguage\":\"hr\",\"@id\":\"https:\\\/\\\/radioljubuski.ba\\\/index.php\\\/2022\\\/05\\\/23\\\/sve-je-do-nas-treceg-dana-mostarske-liske\\\/#primaryimage\",\"url\":\"https:\\\/\\\/radioljubuski.ba\\\/wp-content\\\/uploads\\\/2022\\\/05\\\/mostarska-liska.jpg\",\"contentUrl\":\"https:\\\/\\\/radioljubuski.ba\\\/wp-content\\\/uploads\\\/2022\\\/05\\\/mostarska-liska.jpg\",\"width\":800,\"height\":550},{\"@type\":\"BreadcrumbList\",\"@id\":\"https:\\\/\\\/radioljubuski.ba\\\/index.php\\\/2022\\\/05\\\/23\\\/sve-je-do-nas-treceg-dana-mostarske-liske\\\/#breadcrumb\",\"itemListElement\":[{\"@type\":\"ListItem\",\"position\":1,\"name\":\"Po\u010detna stranica\",\"item\":\"https:\\\/\\\/radioljubuski.ba\\\/\"},{\"@type\":\"ListItem\",\"position\":2,\"name\":\"&#8221;Sve je do nas&#8221; tre\u0107eg dana Mostarske liske\"}]},{\"@type\":\"WebSite\",\"@id\":\"https:\\\/\\\/radioljubuski.ba\\\/#website\",\"url\":\"https:\\\/\\\/radioljubuski.ba\\\/\",\"name\":\"Radio Ljubu\u0161ki\",\"description\":\"Sun\u010dana frekvencija Hercegovine\",\"publisher\":{\"@id\":\"https:\\\/\\\/radioljubuski.ba\\\/#organization\"},\"potentialAction\":[{\"@type\":\"SearchAction\",\"target\":{\"@type\":\"EntryPoint\",\"urlTemplate\":\"https:\\\/\\\/radioljubuski.ba\\\/?s={search_term_string}\"},\"query-input\":{\"@type\":\"PropertyValueSpecification\",\"valueRequired\":true,\"valueName\":\"search_term_string\"}}],\"inLanguage\":\"hr\"},{\"@type\":\"Organization\",\"@id\":\"https:\\\/\\\/radioljubuski.ba\\\/#organization\",\"name\":\"Radio Ljubu\u0161ki\",\"url\":\"https:\\\/\\\/radioljubuski.ba\\\/\",\"logo\":{\"@type\":\"ImageObject\",\"inLanguage\":\"hr\",\"@id\":\"https:\\\/\\\/radioljubuski.ba\\\/#\\\/schema\\\/logo\\\/image\\\/\",\"url\":\"https:\\\/\\\/radioljubuski.ba\\\/wp-content\\\/uploads\\\/2021\\\/02\\\/cropped-Radio_Ljubuski_logo1.jpg\",\"contentUrl\":\"https:\\\/\\\/radioljubuski.ba\\\/wp-content\\\/uploads\\\/2021\\\/02\\\/cropped-Radio_Ljubuski_logo1.jpg\",\"width\":512,\"height\":512,\"caption\":\"Radio Ljubu\u0161ki\"},\"image\":{\"@id\":\"https:\\\/\\\/radioljubuski.ba\\\/#\\\/schema\\\/logo\\\/image\\\/\"},\"sameAs\":[\"https:\\\/\\\/www.facebook.com\\\/Radiio-Ljubuski-1490835324566332\",\"https:\\\/\\\/x.com\\\/radioljubuski\",\"https:\\\/\\\/hr.linkedin.com\\\/company\\\/radio-ljubuski\",\"https:\\\/\\\/www.youtube.com\\\/channel\\\/UCHYaeO_n0Db3tjNGudGpXyw\"]},{\"@type\":\"Person\",\"@id\":\"https:\\\/\\\/radioljubuski.ba\\\/#\\\/schema\\\/person\\\/19fc700381a780f69665d7956c469e3b\",\"name\":\"Radio Ljubu\u0161ki\"}]}<\/script>\n<!-- \/ Yoast SEO plugin. -->","yoast_head_json":{"title":"''Sve je do nas'' tre\u0107eg dana Mostarske liske - RADIO LJUBU\u0160KI","robots":{"index":"index","follow":"follow","max-snippet":"max-snippet:-1","max-image-preview":"max-image-preview:large","max-video-preview":"max-video-preview:-1"},"canonical":"https:\/\/radioljubuski.ba\/index.php\/2022\/05\/23\/sve-je-do-nas-treceg-dana-mostarske-liske\/","og_locale":"hr_HR","og_type":"article","og_title":"''Sve je do nas'' tre\u0107eg dana Mostarske liske - RADIO LJUBU\u0160KI","og_description":"Anga\u017eirana monodrama, teatarski manifest o stanju duha u bh. dru\u0161tvu, prikazana je izvan natjecateljske konkurencije. Tre\u0107u ve\u010der ovogodi\u0161njeg, 19. izdanja Me\u0111unarodnog festivala komedije &#8221;Mostarska liska&#8221; obilje\u017eila je &#8221;Sve je do nas&#8221;, autorski projekt Emira Had\u017ehafizbegovi\u0107a. Ova anga\u017eirana monodrama, teatarski manifest o stanju duha u bh. dru\u0161tvu, prikazana je izvan natjecateljske konkurencije, uslijed otkazivanja predstave &#8221;Dvostruki [&hellip;]","og_url":"https:\/\/radioljubuski.ba\/index.php\/2022\/05\/23\/sve-je-do-nas-treceg-dana-mostarske-liske\/","og_site_name":"RADIO LJUBU\u0160KI","article_publisher":"https:\/\/www.facebook.com\/Radiio-Ljubuski-1490835324566332","article_published_time":"2022-05-23T06:31:32+00:00","article_modified_time":"2022-05-23T06:31:34+00:00","og_image":[{"width":800,"height":550,"url":"https:\/\/radioljubuski.ba\/wp-content\/uploads\/2022\/05\/mostarska-liska.jpg","type":"image\/jpeg"}],"author":"Radio Ljubu\u0161ki","twitter_card":"summary_large_image","twitter_creator":"@radioljubuski","twitter_site":"@radioljubuski","twitter_misc":{"Napisao\/la":"Radio Ljubu\u0161ki","Procijenjeno vrijeme \u010ditanja":"1 minuta"},"schema":{"@context":"https:\/\/schema.org","@graph":[{"@type":"Article","@id":"https:\/\/radioljubuski.ba\/index.php\/2022\/05\/23\/sve-je-do-nas-treceg-dana-mostarske-liske\/#article","isPartOf":{"@id":"https:\/\/radioljubuski.ba\/index.php\/2022\/05\/23\/sve-je-do-nas-treceg-dana-mostarske-liske\/"},"author":{"name":"Radio Ljubu\u0161ki","@id":"https:\/\/radioljubuski.ba\/#\/schema\/person\/19fc700381a780f69665d7956c469e3b"},"headline":"&#8221;Sve je do nas&#8221; tre\u0107eg dana Mostarske liske","datePublished":"2022-05-23T06:31:32+00:00","dateModified":"2022-05-23T06:31:34+00:00","mainEntityOfPage":{"@id":"https:\/\/radioljubuski.ba\/index.php\/2022\/05\/23\/sve-je-do-nas-treceg-dana-mostarske-liske\/"},"wordCount":241,"publisher":{"@id":"https:\/\/radioljubuski.ba\/#organization"},"image":{"@id":"https:\/\/radioljubuski.ba\/index.php\/2022\/05\/23\/sve-je-do-nas-treceg-dana-mostarske-liske\/#primaryimage"},"thumbnailUrl":"https:\/\/radioljubuski.ba\/wp-content\/uploads\/2022\/05\/mostarska-liska.jpg","articleSection":["BIH i regija"],"inLanguage":"hr"},{"@type":"WebPage","@id":"https:\/\/radioljubuski.ba\/index.php\/2022\/05\/23\/sve-je-do-nas-treceg-dana-mostarske-liske\/","url":"https:\/\/radioljubuski.ba\/index.php\/2022\/05\/23\/sve-je-do-nas-treceg-dana-mostarske-liske\/","name":"''Sve je do nas'' tre\u0107eg dana Mostarske liske - RADIO LJUBU\u0160KI","isPartOf":{"@id":"https:\/\/radioljubuski.ba\/#website"},"primaryImageOfPage":{"@id":"https:\/\/radioljubuski.ba\/index.php\/2022\/05\/23\/sve-je-do-nas-treceg-dana-mostarske-liske\/#primaryimage"},"image":{"@id":"https:\/\/radioljubuski.ba\/index.php\/2022\/05\/23\/sve-je-do-nas-treceg-dana-mostarske-liske\/#primaryimage"},"thumbnailUrl":"https:\/\/radioljubuski.ba\/wp-content\/uploads\/2022\/05\/mostarska-liska.jpg","datePublished":"2022-05-23T06:31:32+00:00","dateModified":"2022-05-23T06:31:34+00:00","breadcrumb":{"@id":"https:\/\/radioljubuski.ba\/index.php\/2022\/05\/23\/sve-je-do-nas-treceg-dana-mostarske-liske\/#breadcrumb"},"inLanguage":"hr","potentialAction":[{"@type":"ReadAction","target":["https:\/\/radioljubuski.ba\/index.php\/2022\/05\/23\/sve-je-do-nas-treceg-dana-mostarske-liske\/"]}]},{"@type":"ImageObject","inLanguage":"hr","@id":"https:\/\/radioljubuski.ba\/index.php\/2022\/05\/23\/sve-je-do-nas-treceg-dana-mostarske-liske\/#primaryimage","url":"https:\/\/radioljubuski.ba\/wp-content\/uploads\/2022\/05\/mostarska-liska.jpg","contentUrl":"https:\/\/radioljubuski.ba\/wp-content\/uploads\/2022\/05\/mostarska-liska.jpg","width":800,"height":550},{"@type":"BreadcrumbList","@id":"https:\/\/radioljubuski.ba\/index.php\/2022\/05\/23\/sve-je-do-nas-treceg-dana-mostarske-liske\/#breadcrumb","itemListElement":[{"@type":"ListItem","position":1,"name":"Po\u010detna stranica","item":"https:\/\/radioljubuski.ba\/"},{"@type":"ListItem","position":2,"name":"&#8221;Sve je do nas&#8221; tre\u0107eg dana Mostarske liske"}]},{"@type":"WebSite","@id":"https:\/\/radioljubuski.ba\/#website","url":"https:\/\/radioljubuski.ba\/","name":"Radio Ljubu\u0161ki","description":"Sun\u010dana frekvencija Hercegovine","publisher":{"@id":"https:\/\/radioljubuski.ba\/#organization"},"potentialAction":[{"@type":"SearchAction","target":{"@type":"EntryPoint","urlTemplate":"https:\/\/radioljubuski.ba\/?s={search_term_string}"},"query-input":{"@type":"PropertyValueSpecification","valueRequired":true,"valueName":"search_term_string"}}],"inLanguage":"hr"},{"@type":"Organization","@id":"https:\/\/radioljubuski.ba\/#organization","name":"Radio Ljubu\u0161ki","url":"https:\/\/radioljubuski.ba\/","logo":{"@type":"ImageObject","inLanguage":"hr","@id":"https:\/\/radioljubuski.ba\/#\/schema\/logo\/image\/","url":"https:\/\/radioljubuski.ba\/wp-content\/uploads\/2021\/02\/cropped-Radio_Ljubuski_logo1.jpg","contentUrl":"https:\/\/radioljubuski.ba\/wp-content\/uploads\/2021\/02\/cropped-Radio_Ljubuski_logo1.jpg","width":512,"height":512,"caption":"Radio Ljubu\u0161ki"},"image":{"@id":"https:\/\/radioljubuski.ba\/#\/schema\/logo\/image\/"},"sameAs":["https:\/\/www.facebook.com\/Radiio-Ljubuski-1490835324566332","https:\/\/x.com\/radioljubuski","https:\/\/hr.linkedin.com\/company\/radio-ljubuski","https:\/\/www.youtube.com\/channel\/UCHYaeO_n0Db3tjNGudGpXyw"]},{"@type":"Person","@id":"https:\/\/radioljubuski.ba\/#\/schema\/person\/19fc700381a780f69665d7956c469e3b","name":"Radio Ljubu\u0161ki"}]}},"_links":{"self":[{"href":"https:\/\/radioljubuski.ba\/index.php\/wp-json\/wp\/v2\/posts\/143151","targetHints":{"allow":["GET"]}}],"collection":[{"href":"https:\/\/radioljubuski.ba\/index.php\/wp-json\/wp\/v2\/posts"}],"about":[{"href":"https:\/\/radioljubuski.ba\/index.php\/wp-json\/wp\/v2\/types\/post"}],"author":[{"embeddable":true,"href":"https:\/\/radioljubuski.ba\/index.php\/wp-json\/wp\/v2\/users\/2"}],"replies":[{"embeddable":true,"href":"https:\/\/radioljubuski.ba\/index.php\/wp-json\/wp\/v2\/comments?post=143151"}],"version-history":[{"count":1,"href":"https:\/\/radioljubuski.ba\/index.php\/wp-json\/wp\/v2\/posts\/143151\/revisions"}],"predecessor-version":[{"id":143153,"href":"https:\/\/radioljubuski.ba\/index.php\/wp-json\/wp\/v2\/posts\/143151\/revisions\/143153"}],"wp:featuredmedia":[{"embeddable":true,"href":"https:\/\/radioljubuski.ba\/index.php\/wp-json\/wp\/v2\/media\/143152"}],"wp:attachment":[{"href":"https:\/\/radioljubuski.ba\/index.php\/wp-json\/wp\/v2\/media?parent=143151"}],"wp:term":[{"taxonomy":"category","embeddable":true,"href":"https:\/\/radioljubuski.ba\/index.php\/wp-json\/wp\/v2\/categories?post=143151"},{"taxonomy":"post_tag","embeddable":true,"href":"https:\/\/radioljubuski.ba\/index.php\/wp-json\/wp\/v2\/tags?post=143151"}],"curies":[{"name":"wp","href":"https:\/\/api.w.org\/{rel}","templated":true}]}}