{"id":143169,"date":"2022-05-23T07:54:23","date_gmt":"2022-05-23T06:54:23","guid":{"rendered":"https:\/\/radioljubuski.ba\/?p=143169"},"modified":"2022-05-24T14:26:09","modified_gmt":"2022-05-24T13:26:09","slug":"cijena-peleta-skocila-na-vise-od-600-km-po-toni","status":"publish","type":"post","link":"https:\/\/radioljubuski.ba\/index.php\/2022\/05\/23\/cijena-peleta-skocila-na-vise-od-600-km-po-toni\/","title":{"rendered":"Cijena peleta sko\u010dila na vi\u0161e od 600 KM po toni"},"content":{"rendered":"\n<p>Maloprodajna cijena peleta u Bosni i Hercegovini je po prvi put porasla na preko 600 KM za tonu ovog ogrijevnog sredstva. Pro\u0161le godine se cijena kretala od 300 do 330 KM po toni.&nbsp;<\/p>\n\n\n\n<p>Cijena peleta kod jednog od najve\u0107eg trgovaca peletom u Bosni i Hercegovini &#8220;Drvosje\u010de&#8221; prema posljednjim informacijama na njihovoj web stranici iznosi 640 KM po toni.&nbsp;<\/p>\n\n\n\n<p>Krajem travnja akcijska cijena peleta kod istog trgovca je iznosila 480 KM dok je realna cijena iznosila 560 KM po toni, pi\u0161e Klix. Iz poduze\u0107a koja se bave proizvodnjom peletom krajem travnja su pojasnili da do porasta cijena dolazi iz vi\u0161e razloga &#8211; rasta cijene elektri\u010dne energije, poskupljenja sirovine, rasta cijena nafte i plina koja izravno utje\u010de na proizvodnju plastike koja se koristi u proizvodnji, a rat u Ukrajini je izazvao probleme sa uvozom posebnih \u010delika.&nbsp;<\/p>\n\n\n\n<p>Do rasta cijene je do\u0161lo i zbog toga \u0161to je panedmija covid-19 uni\u0161tila male peletare, velika potra\u017enja iz Europske unije i Velike Britanije te nekontrolirani izvoz trupaca iz Bosne i Hercegovine. Vlada Sarajevske \u017eupanije je najavila da \u0107e do kraja godine otvoriti tvornicu za proizvodnju peleta kako bi smanjila pritisak na gra\u0111ane.<\/p>\n\n\n\n<p>Izvor:<a href=\"https:\/\/pogled.ba\/gospodarstvo\/cijena-peleta-skocila-na-vise-od-600-km-po-toni\/246066\">Pogled.ba<\/a><\/p>\n","protected":false},"excerpt":{"rendered":"<p>Maloprodajna cijena peleta u Bosni i Hercegovini je po prvi put porasla na preko 600 KM za tonu ovog ogrijevnog sredstva. Pro\u0161le godine se cijena kretala od 300 do 330 KM po toni.&nbsp; Cijena peleta kod jednog od najve\u0107eg trgovaca peletom u Bosni i Hercegovini &#8220;Drvosje\u010de&#8221; prema posljednjim informacijama na njihovoj web stranici iznosi 640 [&hellip;]<\/p>\n","protected":false},"author":2,"featured_media":143170,"comment_status":"closed","ping_status":"closed","sticky":false,"template":"","format":"standard","meta":{"h5ap_radio_sources":[],"footnotes":""},"categories":[1],"tags":[],"class_list":["post-143169","post","type-post","status-publish","format-standard","has-post-thumbnail","hentry","category-bihiregija"],"yoast_head":"<!-- This site is optimized with the Yoast SEO plugin v27.5 - https:\/\/yoast.com\/product\/yoast-seo-wordpress\/ -->\n<title>Cijena peleta sko\u010dila na vi\u0161e od 600 KM po toni - RADIO LJUBU\u0160KI<\/title>\n<meta name=\"robots\" content=\"index, follow, max-snippet:-1, max-image-preview:large, max-video-preview:-1\" \/>\n<link rel=\"canonical\" href=\"https:\/\/radioljubuski.ba\/index.php\/2022\/05\/23\/cijena-peleta-skocila-na-vise-od-600-km-po-toni\/\" \/>\n<meta property=\"og:locale\" content=\"hr_HR\" \/>\n<meta property=\"og:type\" content=\"article\" \/>\n<meta property=\"og:title\" content=\"Cijena peleta sko\u010dila na vi\u0161e od 600 KM po toni - RADIO LJUBU\u0160KI\" \/>\n<meta property=\"og:description\" content=\"Maloprodajna cijena peleta u Bosni i Hercegovini je po prvi put porasla na preko 600 KM za tonu ovog ogrijevnog sredstva. Pro\u0161le godine se cijena kretala od 300 do 330 KM po toni.&nbsp; Cijena peleta kod jednog od najve\u0107eg trgovaca peletom u Bosni i Hercegovini &#8220;Drvosje\u010de&#8221; prema posljednjim informacijama na njihovoj web stranici iznosi 640 [&hellip;]\" \/>\n<meta property=\"og:url\" content=\"https:\/\/radioljubuski.ba\/index.php\/2022\/05\/23\/cijena-peleta-skocila-na-vise-od-600-km-po-toni\/\" \/>\n<meta property=\"og:site_name\" content=\"RADIO LJUBU\u0160KI\" \/>\n<meta property=\"article:publisher\" content=\"https:\/\/www.facebook.com\/Radiio-Ljubuski-1490835324566332\" \/>\n<meta property=\"article:published_time\" content=\"2022-05-23T06:54:23+00:00\" \/>\n<meta property=\"article:modified_time\" content=\"2022-05-24T13:26:09+00:00\" \/>\n<meta property=\"og:image\" content=\"https:\/\/radioljubuski.ba\/wp-content\/uploads\/2022\/05\/x8VulKpr_pelet.jpg\" \/>\n\t<meta property=\"og:image:width\" content=\"1000\" \/>\n\t<meta property=\"og:image:height\" content=\"625\" \/>\n\t<meta property=\"og:image:type\" content=\"image\/jpeg\" \/>\n<meta name=\"author\" content=\"Radio Ljubu\u0161ki\" \/>\n<meta name=\"twitter:card\" content=\"summary_large_image\" \/>\n<meta name=\"twitter:creator\" content=\"@radioljubuski\" \/>\n<meta name=\"twitter:site\" content=\"@radioljubuski\" \/>\n<meta name=\"twitter:label1\" content=\"Napisao\/la\" \/>\n\t<meta name=\"twitter:data1\" content=\"Radio Ljubu\u0161ki\" \/>\n\t<meta name=\"twitter:label2\" content=\"Procijenjeno vrijeme \u010ditanja\" \/>\n\t<meta name=\"twitter:data2\" content=\"1 minuta\" \/>\n<script type=\"application\/ld+json\" class=\"yoast-schema-graph\">{\"@context\":\"https:\\\/\\\/schema.org\",\"@graph\":[{\"@type\":\"Article\",\"@id\":\"https:\\\/\\\/radioljubuski.ba\\\/index.php\\\/2022\\\/05\\\/23\\\/cijena-peleta-skocila-na-vise-od-600-km-po-toni\\\/#article\",\"isPartOf\":{\"@id\":\"https:\\\/\\\/radioljubuski.ba\\\/index.php\\\/2022\\\/05\\\/23\\\/cijena-peleta-skocila-na-vise-od-600-km-po-toni\\\/\"},\"author\":{\"name\":\"Radio Ljubu\u0161ki\",\"@id\":\"https:\\\/\\\/radioljubuski.ba\\\/#\\\/schema\\\/person\\\/19fc700381a780f69665d7956c469e3b\"},\"headline\":\"Cijena peleta sko\u010dila na vi\u0161e od 600 KM po toni\",\"datePublished\":\"2022-05-23T06:54:23+00:00\",\"dateModified\":\"2022-05-24T13:26:09+00:00\",\"mainEntityOfPage\":{\"@id\":\"https:\\\/\\\/radioljubuski.ba\\\/index.php\\\/2022\\\/05\\\/23\\\/cijena-peleta-skocila-na-vise-od-600-km-po-toni\\\/\"},\"wordCount\":209,\"publisher\":{\"@id\":\"https:\\\/\\\/radioljubuski.ba\\\/#organization\"},\"image\":{\"@id\":\"https:\\\/\\\/radioljubuski.ba\\\/index.php\\\/2022\\\/05\\\/23\\\/cijena-peleta-skocila-na-vise-od-600-km-po-toni\\\/#primaryimage\"},\"thumbnailUrl\":\"https:\\\/\\\/radioljubuski.ba\\\/wp-content\\\/uploads\\\/2022\\\/05\\\/x8VulKpr_pelet.jpg\",\"articleSection\":[\"BIH i regija\"],\"inLanguage\":\"hr\"},{\"@type\":\"WebPage\",\"@id\":\"https:\\\/\\\/radioljubuski.ba\\\/index.php\\\/2022\\\/05\\\/23\\\/cijena-peleta-skocila-na-vise-od-600-km-po-toni\\\/\",\"url\":\"https:\\\/\\\/radioljubuski.ba\\\/index.php\\\/2022\\\/05\\\/23\\\/cijena-peleta-skocila-na-vise-od-600-km-po-toni\\\/\",\"name\":\"Cijena peleta sko\u010dila na vi\u0161e od 600 KM po toni - RADIO LJUBU\u0160KI\",\"isPartOf\":{\"@id\":\"https:\\\/\\\/radioljubuski.ba\\\/#website\"},\"primaryImageOfPage\":{\"@id\":\"https:\\\/\\\/radioljubuski.ba\\\/index.php\\\/2022\\\/05\\\/23\\\/cijena-peleta-skocila-na-vise-od-600-km-po-toni\\\/#primaryimage\"},\"image\":{\"@id\":\"https:\\\/\\\/radioljubuski.ba\\\/index.php\\\/2022\\\/05\\\/23\\\/cijena-peleta-skocila-na-vise-od-600-km-po-toni\\\/#primaryimage\"},\"thumbnailUrl\":\"https:\\\/\\\/radioljubuski.ba\\\/wp-content\\\/uploads\\\/2022\\\/05\\\/x8VulKpr_pelet.jpg\",\"datePublished\":\"2022-05-23T06:54:23+00:00\",\"dateModified\":\"2022-05-24T13:26:09+00:00\",\"breadcrumb\":{\"@id\":\"https:\\\/\\\/radioljubuski.ba\\\/index.php\\\/2022\\\/05\\\/23\\\/cijena-peleta-skocila-na-vise-od-600-km-po-toni\\\/#breadcrumb\"},\"inLanguage\":\"hr\",\"potentialAction\":[{\"@type\":\"ReadAction\",\"target\":[\"https:\\\/\\\/radioljubuski.ba\\\/index.php\\\/2022\\\/05\\\/23\\\/cijena-peleta-skocila-na-vise-od-600-km-po-toni\\\/\"]}]},{\"@type\":\"ImageObject\",\"inLanguage\":\"hr\",\"@id\":\"https:\\\/\\\/radioljubuski.ba\\\/index.php\\\/2022\\\/05\\\/23\\\/cijena-peleta-skocila-na-vise-od-600-km-po-toni\\\/#primaryimage\",\"url\":\"https:\\\/\\\/radioljubuski.ba\\\/wp-content\\\/uploads\\\/2022\\\/05\\\/x8VulKpr_pelet.jpg\",\"contentUrl\":\"https:\\\/\\\/radioljubuski.ba\\\/wp-content\\\/uploads\\\/2022\\\/05\\\/x8VulKpr_pelet.jpg\",\"width\":1000,\"height\":625},{\"@type\":\"BreadcrumbList\",\"@id\":\"https:\\\/\\\/radioljubuski.ba\\\/index.php\\\/2022\\\/05\\\/23\\\/cijena-peleta-skocila-na-vise-od-600-km-po-toni\\\/#breadcrumb\",\"itemListElement\":[{\"@type\":\"ListItem\",\"position\":1,\"name\":\"Po\u010detna stranica\",\"item\":\"https:\\\/\\\/radioljubuski.ba\\\/\"},{\"@type\":\"ListItem\",\"position\":2,\"name\":\"Cijena peleta sko\u010dila na vi\u0161e od 600 KM po toni\"}]},{\"@type\":\"WebSite\",\"@id\":\"https:\\\/\\\/radioljubuski.ba\\\/#website\",\"url\":\"https:\\\/\\\/radioljubuski.ba\\\/\",\"name\":\"Radio Ljubu\u0161ki\",\"description\":\"Sun\u010dana frekvencija Hercegovine\",\"publisher\":{\"@id\":\"https:\\\/\\\/radioljubuski.ba\\\/#organization\"},\"potentialAction\":[{\"@type\":\"SearchAction\",\"target\":{\"@type\":\"EntryPoint\",\"urlTemplate\":\"https:\\\/\\\/radioljubuski.ba\\\/?s={search_term_string}\"},\"query-input\":{\"@type\":\"PropertyValueSpecification\",\"valueRequired\":true,\"valueName\":\"search_term_string\"}}],\"inLanguage\":\"hr\"},{\"@type\":\"Organization\",\"@id\":\"https:\\\/\\\/radioljubuski.ba\\\/#organization\",\"name\":\"Radio Ljubu\u0161ki\",\"url\":\"https:\\\/\\\/radioljubuski.ba\\\/\",\"logo\":{\"@type\":\"ImageObject\",\"inLanguage\":\"hr\",\"@id\":\"https:\\\/\\\/radioljubuski.ba\\\/#\\\/schema\\\/logo\\\/image\\\/\",\"url\":\"https:\\\/\\\/radioljubuski.ba\\\/wp-content\\\/uploads\\\/2021\\\/02\\\/cropped-Radio_Ljubuski_logo1.jpg\",\"contentUrl\":\"https:\\\/\\\/radioljubuski.ba\\\/wp-content\\\/uploads\\\/2021\\\/02\\\/cropped-Radio_Ljubuski_logo1.jpg\",\"width\":512,\"height\":512,\"caption\":\"Radio Ljubu\u0161ki\"},\"image\":{\"@id\":\"https:\\\/\\\/radioljubuski.ba\\\/#\\\/schema\\\/logo\\\/image\\\/\"},\"sameAs\":[\"https:\\\/\\\/www.facebook.com\\\/Radiio-Ljubuski-1490835324566332\",\"https:\\\/\\\/x.com\\\/radioljubuski\",\"https:\\\/\\\/hr.linkedin.com\\\/company\\\/radio-ljubuski\",\"https:\\\/\\\/www.youtube.com\\\/channel\\\/UCHYaeO_n0Db3tjNGudGpXyw\"]},{\"@type\":\"Person\",\"@id\":\"https:\\\/\\\/radioljubuski.ba\\\/#\\\/schema\\\/person\\\/19fc700381a780f69665d7956c469e3b\",\"name\":\"Radio Ljubu\u0161ki\"}]}<\/script>\n<!-- \/ Yoast SEO plugin. -->","yoast_head_json":{"title":"Cijena peleta sko\u010dila na vi\u0161e od 600 KM po toni - RADIO LJUBU\u0160KI","robots":{"index":"index","follow":"follow","max-snippet":"max-snippet:-1","max-image-preview":"max-image-preview:large","max-video-preview":"max-video-preview:-1"},"canonical":"https:\/\/radioljubuski.ba\/index.php\/2022\/05\/23\/cijena-peleta-skocila-na-vise-od-600-km-po-toni\/","og_locale":"hr_HR","og_type":"article","og_title":"Cijena peleta sko\u010dila na vi\u0161e od 600 KM po toni - RADIO LJUBU\u0160KI","og_description":"Maloprodajna cijena peleta u Bosni i Hercegovini je po prvi put porasla na preko 600 KM za tonu ovog ogrijevnog sredstva. Pro\u0161le godine se cijena kretala od 300 do 330 KM po toni.&nbsp; Cijena peleta kod jednog od najve\u0107eg trgovaca peletom u Bosni i Hercegovini &#8220;Drvosje\u010de&#8221; prema posljednjim informacijama na njihovoj web stranici iznosi 640 [&hellip;]","og_url":"https:\/\/radioljubuski.ba\/index.php\/2022\/05\/23\/cijena-peleta-skocila-na-vise-od-600-km-po-toni\/","og_site_name":"RADIO LJUBU\u0160KI","article_publisher":"https:\/\/www.facebook.com\/Radiio-Ljubuski-1490835324566332","article_published_time":"2022-05-23T06:54:23+00:00","article_modified_time":"2022-05-24T13:26:09+00:00","og_image":[{"width":1000,"height":625,"url":"https:\/\/radioljubuski.ba\/wp-content\/uploads\/2022\/05\/x8VulKpr_pelet.jpg","type":"image\/jpeg"}],"author":"Radio Ljubu\u0161ki","twitter_card":"summary_large_image","twitter_creator":"@radioljubuski","twitter_site":"@radioljubuski","twitter_misc":{"Napisao\/la":"Radio Ljubu\u0161ki","Procijenjeno vrijeme \u010ditanja":"1 minuta"},"schema":{"@context":"https:\/\/schema.org","@graph":[{"@type":"Article","@id":"https:\/\/radioljubuski.ba\/index.php\/2022\/05\/23\/cijena-peleta-skocila-na-vise-od-600-km-po-toni\/#article","isPartOf":{"@id":"https:\/\/radioljubuski.ba\/index.php\/2022\/05\/23\/cijena-peleta-skocila-na-vise-od-600-km-po-toni\/"},"author":{"name":"Radio Ljubu\u0161ki","@id":"https:\/\/radioljubuski.ba\/#\/schema\/person\/19fc700381a780f69665d7956c469e3b"},"headline":"Cijena peleta sko\u010dila na vi\u0161e od 600 KM po toni","datePublished":"2022-05-23T06:54:23+00:00","dateModified":"2022-05-24T13:26:09+00:00","mainEntityOfPage":{"@id":"https:\/\/radioljubuski.ba\/index.php\/2022\/05\/23\/cijena-peleta-skocila-na-vise-od-600-km-po-toni\/"},"wordCount":209,"publisher":{"@id":"https:\/\/radioljubuski.ba\/#organization"},"image":{"@id":"https:\/\/radioljubuski.ba\/index.php\/2022\/05\/23\/cijena-peleta-skocila-na-vise-od-600-km-po-toni\/#primaryimage"},"thumbnailUrl":"https:\/\/radioljubuski.ba\/wp-content\/uploads\/2022\/05\/x8VulKpr_pelet.jpg","articleSection":["BIH i regija"],"inLanguage":"hr"},{"@type":"WebPage","@id":"https:\/\/radioljubuski.ba\/index.php\/2022\/05\/23\/cijena-peleta-skocila-na-vise-od-600-km-po-toni\/","url":"https:\/\/radioljubuski.ba\/index.php\/2022\/05\/23\/cijena-peleta-skocila-na-vise-od-600-km-po-toni\/","name":"Cijena peleta sko\u010dila na vi\u0161e od 600 KM po toni - RADIO LJUBU\u0160KI","isPartOf":{"@id":"https:\/\/radioljubuski.ba\/#website"},"primaryImageOfPage":{"@id":"https:\/\/radioljubuski.ba\/index.php\/2022\/05\/23\/cijena-peleta-skocila-na-vise-od-600-km-po-toni\/#primaryimage"},"image":{"@id":"https:\/\/radioljubuski.ba\/index.php\/2022\/05\/23\/cijena-peleta-skocila-na-vise-od-600-km-po-toni\/#primaryimage"},"thumbnailUrl":"https:\/\/radioljubuski.ba\/wp-content\/uploads\/2022\/05\/x8VulKpr_pelet.jpg","datePublished":"2022-05-23T06:54:23+00:00","dateModified":"2022-05-24T13:26:09+00:00","breadcrumb":{"@id":"https:\/\/radioljubuski.ba\/index.php\/2022\/05\/23\/cijena-peleta-skocila-na-vise-od-600-km-po-toni\/#breadcrumb"},"inLanguage":"hr","potentialAction":[{"@type":"ReadAction","target":["https:\/\/radioljubuski.ba\/index.php\/2022\/05\/23\/cijena-peleta-skocila-na-vise-od-600-km-po-toni\/"]}]},{"@type":"ImageObject","inLanguage":"hr","@id":"https:\/\/radioljubuski.ba\/index.php\/2022\/05\/23\/cijena-peleta-skocila-na-vise-od-600-km-po-toni\/#primaryimage","url":"https:\/\/radioljubuski.ba\/wp-content\/uploads\/2022\/05\/x8VulKpr_pelet.jpg","contentUrl":"https:\/\/radioljubuski.ba\/wp-content\/uploads\/2022\/05\/x8VulKpr_pelet.jpg","width":1000,"height":625},{"@type":"BreadcrumbList","@id":"https:\/\/radioljubuski.ba\/index.php\/2022\/05\/23\/cijena-peleta-skocila-na-vise-od-600-km-po-toni\/#breadcrumb","itemListElement":[{"@type":"ListItem","position":1,"name":"Po\u010detna stranica","item":"https:\/\/radioljubuski.ba\/"},{"@type":"ListItem","position":2,"name":"Cijena peleta sko\u010dila na vi\u0161e od 600 KM po toni"}]},{"@type":"WebSite","@id":"https:\/\/radioljubuski.ba\/#website","url":"https:\/\/radioljubuski.ba\/","name":"Radio Ljubu\u0161ki","description":"Sun\u010dana frekvencija Hercegovine","publisher":{"@id":"https:\/\/radioljubuski.ba\/#organization"},"potentialAction":[{"@type":"SearchAction","target":{"@type":"EntryPoint","urlTemplate":"https:\/\/radioljubuski.ba\/?s={search_term_string}"},"query-input":{"@type":"PropertyValueSpecification","valueRequired":true,"valueName":"search_term_string"}}],"inLanguage":"hr"},{"@type":"Organization","@id":"https:\/\/radioljubuski.ba\/#organization","name":"Radio Ljubu\u0161ki","url":"https:\/\/radioljubuski.ba\/","logo":{"@type":"ImageObject","inLanguage":"hr","@id":"https:\/\/radioljubuski.ba\/#\/schema\/logo\/image\/","url":"https:\/\/radioljubuski.ba\/wp-content\/uploads\/2021\/02\/cropped-Radio_Ljubuski_logo1.jpg","contentUrl":"https:\/\/radioljubuski.ba\/wp-content\/uploads\/2021\/02\/cropped-Radio_Ljubuski_logo1.jpg","width":512,"height":512,"caption":"Radio Ljubu\u0161ki"},"image":{"@id":"https:\/\/radioljubuski.ba\/#\/schema\/logo\/image\/"},"sameAs":["https:\/\/www.facebook.com\/Radiio-Ljubuski-1490835324566332","https:\/\/x.com\/radioljubuski","https:\/\/hr.linkedin.com\/company\/radio-ljubuski","https:\/\/www.youtube.com\/channel\/UCHYaeO_n0Db3tjNGudGpXyw"]},{"@type":"Person","@id":"https:\/\/radioljubuski.ba\/#\/schema\/person\/19fc700381a780f69665d7956c469e3b","name":"Radio Ljubu\u0161ki"}]}},"_links":{"self":[{"href":"https:\/\/radioljubuski.ba\/index.php\/wp-json\/wp\/v2\/posts\/143169","targetHints":{"allow":["GET"]}}],"collection":[{"href":"https:\/\/radioljubuski.ba\/index.php\/wp-json\/wp\/v2\/posts"}],"about":[{"href":"https:\/\/radioljubuski.ba\/index.php\/wp-json\/wp\/v2\/types\/post"}],"author":[{"embeddable":true,"href":"https:\/\/radioljubuski.ba\/index.php\/wp-json\/wp\/v2\/users\/2"}],"replies":[{"embeddable":true,"href":"https:\/\/radioljubuski.ba\/index.php\/wp-json\/wp\/v2\/comments?post=143169"}],"version-history":[{"count":1,"href":"https:\/\/radioljubuski.ba\/index.php\/wp-json\/wp\/v2\/posts\/143169\/revisions"}],"predecessor-version":[{"id":143171,"href":"https:\/\/radioljubuski.ba\/index.php\/wp-json\/wp\/v2\/posts\/143169\/revisions\/143171"}],"wp:featuredmedia":[{"embeddable":true,"href":"https:\/\/radioljubuski.ba\/index.php\/wp-json\/wp\/v2\/media\/143170"}],"wp:attachment":[{"href":"https:\/\/radioljubuski.ba\/index.php\/wp-json\/wp\/v2\/media?parent=143169"}],"wp:term":[{"taxonomy":"category","embeddable":true,"href":"https:\/\/radioljubuski.ba\/index.php\/wp-json\/wp\/v2\/categories?post=143169"},{"taxonomy":"post_tag","embeddable":true,"href":"https:\/\/radioljubuski.ba\/index.php\/wp-json\/wp\/v2\/tags?post=143169"}],"curies":[{"name":"wp","href":"https:\/\/api.w.org\/{rel}","templated":true}]}}