{"id":143178,"date":"2022-05-23T08:17:42","date_gmt":"2022-05-23T07:17:42","guid":{"rendered":"https:\/\/radioljubuski.ba\/?p=143178"},"modified":"2022-05-23T08:17:44","modified_gmt":"2022-05-23T07:17:44","slug":"kad-bi-se-doniralo-hranu-koju-se-sad-baca-nitko-u-bih-ne-bi-bio-gladan","status":"publish","type":"post","link":"https:\/\/radioljubuski.ba\/index.php\/2022\/05\/23\/kad-bi-se-doniralo-hranu-koju-se-sad-baca-nitko-u-bih-ne-bi-bio-gladan\/","title":{"rendered":"Kad bi se doniralo hranu koju se sad baca, nitko u BiH ne bi bio gladan"},"content":{"rendered":"\n<p>U BiH je danas najmanje 60 javnih kuhinja u kojima se hrani najmanje 16.800 osoba. <\/p>\n\n\n\n<p>Dok jedni gladuju, drugi bacaju hranu. Naime, Bosna i Hercegovina je u vrhu europske liste po koli\u010dini ba\u010denih namirnica. Dok se hranu baca, sve je ve\u0107i broj bh. gra\u0111ana koji nemaju ni jedan obrok tijekom dana.<\/p>\n\n\n\n<p> S druge strane, svakodnevno svjedo\u010dimo potresnim pri\u010dama o gladi i siroma\u0161tvu, poput one o bebama koje umjesto mlijeka piju bra\u0161no s vodom, a hranu se u Bosni i Hercegovini, ako je suditi prema statistici, baca i \u0161akom i kapom, pi\u0161e Ve\u010dernji list.<\/p>\n\n\n\n<p> U BiH je danas najmanje 60 javnih kuhinja u kojima se hrani najmanje 16.800 osoba. Dodatno, mnogi primaju i dnevne obroke ili mjese\u010dne pakete pomo\u0107i u namirnicama kako bi pre\u017eivjeli. <\/p>\n\n\n\n<p>Prije \u0161est mjeseci u Bratuncu je otvorena i prva javna kuhinja za bebe, a u Lukavcu djeluje javna kuhinja za djecu s invaliditetom. <\/p>\n\n\n\n<p>Postoje zahtjevi za otvaranje novih javnih kuhinja i u drugim sredinama, a broj korisnika javnih kuhinja, zbog sve te\u017ee ekonomske situacije, stalno raste. Prema posljednjem izvje\u0161\u0107u Ujedinjenih naroda, u BiH se godi\u0161nje bace 273.000 tona hrane. To zna\u010di da svaki gra\u0111anin na\u0161e zemlje godi\u0161nje u prosjeku baci 83 kilograma hrane. Kompanije koje se bave prodajom i distribucijom hrane u BiH, prema ranijim podacima, uni\u0161te polovinu spomenute hrane (140.000 tona), a drugu polovinu ba\u010dene hrane predstavlja otpad iz ku\u0107anstava. <\/p>\n\n\n\n<p>Veliku koli\u010dinu uni\u0161tene hrane moglo bi se donirati kad bi dr\u017eava imala vi\u0161e sluha. Zakonska regulativa ote\u017eava proces doniranja.<\/p>\n\n\n\n<p> Kompanije na doniranu hranu moraju platiti 17% PDV-a. Iako ne postoje objedinjeni podaci sanitarnih inspekcija koja je koli\u010dina hrane i u kojoj vrijednosti uni\u0161tena zbog isteka roka trajanja, na osnovi intervjua s kompanijama procjena je da je u 2020. godini uni\u0161tena hrana u vrijednosti od 126,6 milijuna konvertibilnih maraka. <\/p>\n\n\n\n<p>Od 140.000 tona hrane koju se uni\u0161ti godi\u0161nje, mo\u017ee se spremiti 280,000.000 obroka, \u0161to predstavlja 767.123 obroka dnevno. Osloba\u0111anje donacija hrane od pla\u0107anja PDV-a omogu\u0107ilo bi da ta hrana bude donirana javnim kuhinjama koje brinu o ugro\u017eenom stanovni\u0161tvu. Sada je tvrtkama jeftinije uni\u0161titi hranu, \u0161to ih osloba\u0111a pla\u0107anja PDV-a, nego je donirati te na nju platiti PDV.<\/p>\n\n\n\n<p> Ukidanje PDV-a na donacije hrane donijelo bi vi\u0161estruku korist za socijalno ugro\u017eene kategorije, kompanije &#8211; donatore, dr\u017eavu, ali i sve gra\u0111ane BiH. Ako bi hrana koju se sada uni\u0161tava do\u0161la do onih kojima je potrebna, ni jedna osoba u BiH ne bi bila gladna.<\/p>\n\n\n\n<p> Do\u0161lo bi do smanjenja postotka osoba koje \u017eive ispod linije siroma\u0161tva, a to bi smanjilo broj socijalnih problema.\u202f PDV na doniranu hranu ukinut je prije nekoliko godina u Hrvatskoj.<\/p>\n\n\n\n<p>Prema podacima dr\u017eavnih tijela, ukupna nabavna vrijednost donirane hrane bez PDV-a u 2020. godini iznosila je 19,278.809 kuna. Rije\u010d je o pove\u0107anju od tre\u0107ine u odnosu na 2019., kada su prijavljene donacije u vrijednosti od 12,991.467 kuna. <\/p>\n\n\n\n<p>Prodajna vrijednost donacija iznosila je 29,004.125 kuna bez PDV-a, \u0161to je zna\u010dajno vi\u0161e u odnosu na 19,836.745 kuna, koliko je donirano u 2019. godini. Ukupno je 85 tvrtki Poreznoj upravi prijavilo donacije. S obzirom na sve manju kupovnu mo\u0107 gra\u0111ana BiH, za o\u010dekivati je i da sve vi\u0161e robe istek roka trajanja do\u010deka na policama trgovina i propadne, dok se, s druge strane, pove\u0107avaju redovi pred pu\u010dkim kuhinjama koje ne mogu na\u0107i sredstva za rastu\u0107i broj korisnika. Ukidanjem PDV-a na doniranu hranu kompanijama u BiH vi\u0161e bi se isplatilo donirati hranu nego platiti tro\u0161kove uni\u0161tenja, \u0161to trenuta\u010dno nije slu\u010daj jer kompanije snose tro\u0161kove uni\u0161tavanja hrane koji iznose oko 5% vrijednosti uni\u0161tene hrane. <\/p>\n\n\n\n<p>Izvor<a href=\"https:\/\/bljesak.info\/lifestyle\/hrana\/kad-bi-se-doniralo-hranu-koju-se-sad-baca-nitko-u-bih-ne-bi-bio-gladan\/383356\">:Bljesak.info<\/a><\/p>\n","protected":false},"excerpt":{"rendered":"<p>U BiH je danas najmanje 60 javnih kuhinja u kojima se hrani najmanje 16.800 osoba. Dok jedni gladuju, drugi bacaju hranu. Naime, Bosna i Hercegovina je u vrhu europske liste po koli\u010dini ba\u010denih namirnica. Dok se hranu baca, sve je ve\u0107i broj bh. gra\u0111ana koji nemaju ni jedan obrok tijekom dana. S druge strane, svakodnevno [&hellip;]<\/p>\n","protected":false},"author":2,"featured_media":143181,"comment_status":"closed","ping_status":"closed","sticky":false,"template":"","format":"standard","meta":{"h5ap_radio_sources":[],"footnotes":""},"categories":[1],"tags":[],"class_list":["post-143178","post","type-post","status-publish","format-standard","has-post-thumbnail","hentry","category-bihiregija"],"yoast_head":"<!-- This site is optimized with the Yoast SEO plugin v27.5 - https:\/\/yoast.com\/product\/yoast-seo-wordpress\/ -->\n<title>Kad bi se doniralo hranu koju se sad baca, nitko u BiH ne bi bio gladan - RADIO LJUBU\u0160KI<\/title>\n<meta name=\"robots\" content=\"index, follow, max-snippet:-1, max-image-preview:large, max-video-preview:-1\" \/>\n<link rel=\"canonical\" href=\"https:\/\/radioljubuski.ba\/index.php\/2022\/05\/23\/kad-bi-se-doniralo-hranu-koju-se-sad-baca-nitko-u-bih-ne-bi-bio-gladan\/\" \/>\n<meta property=\"og:locale\" content=\"hr_HR\" \/>\n<meta property=\"og:type\" content=\"article\" \/>\n<meta property=\"og:title\" content=\"Kad bi se doniralo hranu koju se sad baca, nitko u BiH ne bi bio gladan - RADIO LJUBU\u0160KI\" \/>\n<meta property=\"og:description\" content=\"U BiH je danas najmanje 60 javnih kuhinja u kojima se hrani najmanje 16.800 osoba. Dok jedni gladuju, drugi bacaju hranu. Naime, Bosna i Hercegovina je u vrhu europske liste po koli\u010dini ba\u010denih namirnica. Dok se hranu baca, sve je ve\u0107i broj bh. gra\u0111ana koji nemaju ni jedan obrok tijekom dana. S druge strane, svakodnevno [&hellip;]\" \/>\n<meta property=\"og:url\" content=\"https:\/\/radioljubuski.ba\/index.php\/2022\/05\/23\/kad-bi-se-doniralo-hranu-koju-se-sad-baca-nitko-u-bih-ne-bi-bio-gladan\/\" \/>\n<meta property=\"og:site_name\" content=\"RADIO LJUBU\u0160KI\" \/>\n<meta property=\"article:publisher\" content=\"https:\/\/www.facebook.com\/Radiio-Ljubuski-1490835324566332\" \/>\n<meta property=\"article:published_time\" content=\"2022-05-23T07:17:42+00:00\" \/>\n<meta property=\"article:modified_time\" content=\"2022-05-23T07:17:44+00:00\" \/>\n<meta property=\"og:image\" content=\"https:\/\/radioljubuski.ba\/wp-content\/uploads\/2022\/05\/hrana-u-zamrzivacu.jpg\" \/>\n\t<meta property=\"og:image:width\" content=\"800\" \/>\n\t<meta property=\"og:image:height\" content=\"550\" \/>\n\t<meta property=\"og:image:type\" content=\"image\/jpeg\" \/>\n<meta name=\"author\" content=\"Radio Ljubu\u0161ki\" \/>\n<meta name=\"twitter:card\" content=\"summary_large_image\" \/>\n<meta name=\"twitter:creator\" content=\"@radioljubuski\" \/>\n<meta name=\"twitter:site\" content=\"@radioljubuski\" \/>\n<meta name=\"twitter:label1\" content=\"Napisao\/la\" \/>\n\t<meta name=\"twitter:data1\" content=\"Radio Ljubu\u0161ki\" \/>\n\t<meta name=\"twitter:label2\" content=\"Procijenjeno vrijeme \u010ditanja\" \/>\n\t<meta name=\"twitter:data2\" content=\"3 minute\" \/>\n<script type=\"application\/ld+json\" class=\"yoast-schema-graph\">{\"@context\":\"https:\\\/\\\/schema.org\",\"@graph\":[{\"@type\":\"Article\",\"@id\":\"https:\\\/\\\/radioljubuski.ba\\\/index.php\\\/2022\\\/05\\\/23\\\/kad-bi-se-doniralo-hranu-koju-se-sad-baca-nitko-u-bih-ne-bi-bio-gladan\\\/#article\",\"isPartOf\":{\"@id\":\"https:\\\/\\\/radioljubuski.ba\\\/index.php\\\/2022\\\/05\\\/23\\\/kad-bi-se-doniralo-hranu-koju-se-sad-baca-nitko-u-bih-ne-bi-bio-gladan\\\/\"},\"author\":{\"name\":\"Radio Ljubu\u0161ki\",\"@id\":\"https:\\\/\\\/radioljubuski.ba\\\/#\\\/schema\\\/person\\\/19fc700381a780f69665d7956c469e3b\"},\"headline\":\"Kad bi se doniralo hranu koju se sad baca, nitko u BiH ne bi bio gladan\",\"datePublished\":\"2022-05-23T07:17:42+00:00\",\"dateModified\":\"2022-05-23T07:17:44+00:00\",\"mainEntityOfPage\":{\"@id\":\"https:\\\/\\\/radioljubuski.ba\\\/index.php\\\/2022\\\/05\\\/23\\\/kad-bi-se-doniralo-hranu-koju-se-sad-baca-nitko-u-bih-ne-bi-bio-gladan\\\/\"},\"wordCount\":639,\"publisher\":{\"@id\":\"https:\\\/\\\/radioljubuski.ba\\\/#organization\"},\"image\":{\"@id\":\"https:\\\/\\\/radioljubuski.ba\\\/index.php\\\/2022\\\/05\\\/23\\\/kad-bi-se-doniralo-hranu-koju-se-sad-baca-nitko-u-bih-ne-bi-bio-gladan\\\/#primaryimage\"},\"thumbnailUrl\":\"https:\\\/\\\/radioljubuski.ba\\\/wp-content\\\/uploads\\\/2022\\\/05\\\/hrana-u-zamrzivacu.jpg\",\"articleSection\":[\"BIH i regija\"],\"inLanguage\":\"hr\"},{\"@type\":\"WebPage\",\"@id\":\"https:\\\/\\\/radioljubuski.ba\\\/index.php\\\/2022\\\/05\\\/23\\\/kad-bi-se-doniralo-hranu-koju-se-sad-baca-nitko-u-bih-ne-bi-bio-gladan\\\/\",\"url\":\"https:\\\/\\\/radioljubuski.ba\\\/index.php\\\/2022\\\/05\\\/23\\\/kad-bi-se-doniralo-hranu-koju-se-sad-baca-nitko-u-bih-ne-bi-bio-gladan\\\/\",\"name\":\"Kad bi se doniralo hranu koju se sad baca, nitko u BiH ne bi bio gladan - RADIO LJUBU\u0160KI\",\"isPartOf\":{\"@id\":\"https:\\\/\\\/radioljubuski.ba\\\/#website\"},\"primaryImageOfPage\":{\"@id\":\"https:\\\/\\\/radioljubuski.ba\\\/index.php\\\/2022\\\/05\\\/23\\\/kad-bi-se-doniralo-hranu-koju-se-sad-baca-nitko-u-bih-ne-bi-bio-gladan\\\/#primaryimage\"},\"image\":{\"@id\":\"https:\\\/\\\/radioljubuski.ba\\\/index.php\\\/2022\\\/05\\\/23\\\/kad-bi-se-doniralo-hranu-koju-se-sad-baca-nitko-u-bih-ne-bi-bio-gladan\\\/#primaryimage\"},\"thumbnailUrl\":\"https:\\\/\\\/radioljubuski.ba\\\/wp-content\\\/uploads\\\/2022\\\/05\\\/hrana-u-zamrzivacu.jpg\",\"datePublished\":\"2022-05-23T07:17:42+00:00\",\"dateModified\":\"2022-05-23T07:17:44+00:00\",\"breadcrumb\":{\"@id\":\"https:\\\/\\\/radioljubuski.ba\\\/index.php\\\/2022\\\/05\\\/23\\\/kad-bi-se-doniralo-hranu-koju-se-sad-baca-nitko-u-bih-ne-bi-bio-gladan\\\/#breadcrumb\"},\"inLanguage\":\"hr\",\"potentialAction\":[{\"@type\":\"ReadAction\",\"target\":[\"https:\\\/\\\/radioljubuski.ba\\\/index.php\\\/2022\\\/05\\\/23\\\/kad-bi-se-doniralo-hranu-koju-se-sad-baca-nitko-u-bih-ne-bi-bio-gladan\\\/\"]}]},{\"@type\":\"ImageObject\",\"inLanguage\":\"hr\",\"@id\":\"https:\\\/\\\/radioljubuski.ba\\\/index.php\\\/2022\\\/05\\\/23\\\/kad-bi-se-doniralo-hranu-koju-se-sad-baca-nitko-u-bih-ne-bi-bio-gladan\\\/#primaryimage\",\"url\":\"https:\\\/\\\/radioljubuski.ba\\\/wp-content\\\/uploads\\\/2022\\\/05\\\/hrana-u-zamrzivacu.jpg\",\"contentUrl\":\"https:\\\/\\\/radioljubuski.ba\\\/wp-content\\\/uploads\\\/2022\\\/05\\\/hrana-u-zamrzivacu.jpg\",\"width\":800,\"height\":550},{\"@type\":\"BreadcrumbList\",\"@id\":\"https:\\\/\\\/radioljubuski.ba\\\/index.php\\\/2022\\\/05\\\/23\\\/kad-bi-se-doniralo-hranu-koju-se-sad-baca-nitko-u-bih-ne-bi-bio-gladan\\\/#breadcrumb\",\"itemListElement\":[{\"@type\":\"ListItem\",\"position\":1,\"name\":\"Po\u010detna stranica\",\"item\":\"https:\\\/\\\/radioljubuski.ba\\\/\"},{\"@type\":\"ListItem\",\"position\":2,\"name\":\"Kad bi se doniralo hranu koju se sad baca, nitko u BiH ne bi bio gladan\"}]},{\"@type\":\"WebSite\",\"@id\":\"https:\\\/\\\/radioljubuski.ba\\\/#website\",\"url\":\"https:\\\/\\\/radioljubuski.ba\\\/\",\"name\":\"Radio Ljubu\u0161ki\",\"description\":\"Sun\u010dana frekvencija Hercegovine\",\"publisher\":{\"@id\":\"https:\\\/\\\/radioljubuski.ba\\\/#organization\"},\"potentialAction\":[{\"@type\":\"SearchAction\",\"target\":{\"@type\":\"EntryPoint\",\"urlTemplate\":\"https:\\\/\\\/radioljubuski.ba\\\/?s={search_term_string}\"},\"query-input\":{\"@type\":\"PropertyValueSpecification\",\"valueRequired\":true,\"valueName\":\"search_term_string\"}}],\"inLanguage\":\"hr\"},{\"@type\":\"Organization\",\"@id\":\"https:\\\/\\\/radioljubuski.ba\\\/#organization\",\"name\":\"Radio Ljubu\u0161ki\",\"url\":\"https:\\\/\\\/radioljubuski.ba\\\/\",\"logo\":{\"@type\":\"ImageObject\",\"inLanguage\":\"hr\",\"@id\":\"https:\\\/\\\/radioljubuski.ba\\\/#\\\/schema\\\/logo\\\/image\\\/\",\"url\":\"https:\\\/\\\/radioljubuski.ba\\\/wp-content\\\/uploads\\\/2021\\\/02\\\/cropped-Radio_Ljubuski_logo1.jpg\",\"contentUrl\":\"https:\\\/\\\/radioljubuski.ba\\\/wp-content\\\/uploads\\\/2021\\\/02\\\/cropped-Radio_Ljubuski_logo1.jpg\",\"width\":512,\"height\":512,\"caption\":\"Radio Ljubu\u0161ki\"},\"image\":{\"@id\":\"https:\\\/\\\/radioljubuski.ba\\\/#\\\/schema\\\/logo\\\/image\\\/\"},\"sameAs\":[\"https:\\\/\\\/www.facebook.com\\\/Radiio-Ljubuski-1490835324566332\",\"https:\\\/\\\/x.com\\\/radioljubuski\",\"https:\\\/\\\/hr.linkedin.com\\\/company\\\/radio-ljubuski\",\"https:\\\/\\\/www.youtube.com\\\/channel\\\/UCHYaeO_n0Db3tjNGudGpXyw\"]},{\"@type\":\"Person\",\"@id\":\"https:\\\/\\\/radioljubuski.ba\\\/#\\\/schema\\\/person\\\/19fc700381a780f69665d7956c469e3b\",\"name\":\"Radio Ljubu\u0161ki\"}]}<\/script>\n<!-- \/ Yoast SEO plugin. -->","yoast_head_json":{"title":"Kad bi se doniralo hranu koju se sad baca, nitko u BiH ne bi bio gladan - RADIO LJUBU\u0160KI","robots":{"index":"index","follow":"follow","max-snippet":"max-snippet:-1","max-image-preview":"max-image-preview:large","max-video-preview":"max-video-preview:-1"},"canonical":"https:\/\/radioljubuski.ba\/index.php\/2022\/05\/23\/kad-bi-se-doniralo-hranu-koju-se-sad-baca-nitko-u-bih-ne-bi-bio-gladan\/","og_locale":"hr_HR","og_type":"article","og_title":"Kad bi se doniralo hranu koju se sad baca, nitko u BiH ne bi bio gladan - RADIO LJUBU\u0160KI","og_description":"U BiH je danas najmanje 60 javnih kuhinja u kojima se hrani najmanje 16.800 osoba. Dok jedni gladuju, drugi bacaju hranu. Naime, Bosna i Hercegovina je u vrhu europske liste po koli\u010dini ba\u010denih namirnica. Dok se hranu baca, sve je ve\u0107i broj bh. gra\u0111ana koji nemaju ni jedan obrok tijekom dana. S druge strane, svakodnevno [&hellip;]","og_url":"https:\/\/radioljubuski.ba\/index.php\/2022\/05\/23\/kad-bi-se-doniralo-hranu-koju-se-sad-baca-nitko-u-bih-ne-bi-bio-gladan\/","og_site_name":"RADIO LJUBU\u0160KI","article_publisher":"https:\/\/www.facebook.com\/Radiio-Ljubuski-1490835324566332","article_published_time":"2022-05-23T07:17:42+00:00","article_modified_time":"2022-05-23T07:17:44+00:00","og_image":[{"width":800,"height":550,"url":"https:\/\/radioljubuski.ba\/wp-content\/uploads\/2022\/05\/hrana-u-zamrzivacu.jpg","type":"image\/jpeg"}],"author":"Radio Ljubu\u0161ki","twitter_card":"summary_large_image","twitter_creator":"@radioljubuski","twitter_site":"@radioljubuski","twitter_misc":{"Napisao\/la":"Radio Ljubu\u0161ki","Procijenjeno vrijeme \u010ditanja":"3 minute"},"schema":{"@context":"https:\/\/schema.org","@graph":[{"@type":"Article","@id":"https:\/\/radioljubuski.ba\/index.php\/2022\/05\/23\/kad-bi-se-doniralo-hranu-koju-se-sad-baca-nitko-u-bih-ne-bi-bio-gladan\/#article","isPartOf":{"@id":"https:\/\/radioljubuski.ba\/index.php\/2022\/05\/23\/kad-bi-se-doniralo-hranu-koju-se-sad-baca-nitko-u-bih-ne-bi-bio-gladan\/"},"author":{"name":"Radio Ljubu\u0161ki","@id":"https:\/\/radioljubuski.ba\/#\/schema\/person\/19fc700381a780f69665d7956c469e3b"},"headline":"Kad bi se doniralo hranu koju se sad baca, nitko u BiH ne bi bio gladan","datePublished":"2022-05-23T07:17:42+00:00","dateModified":"2022-05-23T07:17:44+00:00","mainEntityOfPage":{"@id":"https:\/\/radioljubuski.ba\/index.php\/2022\/05\/23\/kad-bi-se-doniralo-hranu-koju-se-sad-baca-nitko-u-bih-ne-bi-bio-gladan\/"},"wordCount":639,"publisher":{"@id":"https:\/\/radioljubuski.ba\/#organization"},"image":{"@id":"https:\/\/radioljubuski.ba\/index.php\/2022\/05\/23\/kad-bi-se-doniralo-hranu-koju-se-sad-baca-nitko-u-bih-ne-bi-bio-gladan\/#primaryimage"},"thumbnailUrl":"https:\/\/radioljubuski.ba\/wp-content\/uploads\/2022\/05\/hrana-u-zamrzivacu.jpg","articleSection":["BIH i regija"],"inLanguage":"hr"},{"@type":"WebPage","@id":"https:\/\/radioljubuski.ba\/index.php\/2022\/05\/23\/kad-bi-se-doniralo-hranu-koju-se-sad-baca-nitko-u-bih-ne-bi-bio-gladan\/","url":"https:\/\/radioljubuski.ba\/index.php\/2022\/05\/23\/kad-bi-se-doniralo-hranu-koju-se-sad-baca-nitko-u-bih-ne-bi-bio-gladan\/","name":"Kad bi se doniralo hranu koju se sad baca, nitko u BiH ne bi bio gladan - RADIO LJUBU\u0160KI","isPartOf":{"@id":"https:\/\/radioljubuski.ba\/#website"},"primaryImageOfPage":{"@id":"https:\/\/radioljubuski.ba\/index.php\/2022\/05\/23\/kad-bi-se-doniralo-hranu-koju-se-sad-baca-nitko-u-bih-ne-bi-bio-gladan\/#primaryimage"},"image":{"@id":"https:\/\/radioljubuski.ba\/index.php\/2022\/05\/23\/kad-bi-se-doniralo-hranu-koju-se-sad-baca-nitko-u-bih-ne-bi-bio-gladan\/#primaryimage"},"thumbnailUrl":"https:\/\/radioljubuski.ba\/wp-content\/uploads\/2022\/05\/hrana-u-zamrzivacu.jpg","datePublished":"2022-05-23T07:17:42+00:00","dateModified":"2022-05-23T07:17:44+00:00","breadcrumb":{"@id":"https:\/\/radioljubuski.ba\/index.php\/2022\/05\/23\/kad-bi-se-doniralo-hranu-koju-se-sad-baca-nitko-u-bih-ne-bi-bio-gladan\/#breadcrumb"},"inLanguage":"hr","potentialAction":[{"@type":"ReadAction","target":["https:\/\/radioljubuski.ba\/index.php\/2022\/05\/23\/kad-bi-se-doniralo-hranu-koju-se-sad-baca-nitko-u-bih-ne-bi-bio-gladan\/"]}]},{"@type":"ImageObject","inLanguage":"hr","@id":"https:\/\/radioljubuski.ba\/index.php\/2022\/05\/23\/kad-bi-se-doniralo-hranu-koju-se-sad-baca-nitko-u-bih-ne-bi-bio-gladan\/#primaryimage","url":"https:\/\/radioljubuski.ba\/wp-content\/uploads\/2022\/05\/hrana-u-zamrzivacu.jpg","contentUrl":"https:\/\/radioljubuski.ba\/wp-content\/uploads\/2022\/05\/hrana-u-zamrzivacu.jpg","width":800,"height":550},{"@type":"BreadcrumbList","@id":"https:\/\/radioljubuski.ba\/index.php\/2022\/05\/23\/kad-bi-se-doniralo-hranu-koju-se-sad-baca-nitko-u-bih-ne-bi-bio-gladan\/#breadcrumb","itemListElement":[{"@type":"ListItem","position":1,"name":"Po\u010detna stranica","item":"https:\/\/radioljubuski.ba\/"},{"@type":"ListItem","position":2,"name":"Kad bi se doniralo hranu koju se sad baca, nitko u BiH ne bi bio gladan"}]},{"@type":"WebSite","@id":"https:\/\/radioljubuski.ba\/#website","url":"https:\/\/radioljubuski.ba\/","name":"Radio Ljubu\u0161ki","description":"Sun\u010dana frekvencija Hercegovine","publisher":{"@id":"https:\/\/radioljubuski.ba\/#organization"},"potentialAction":[{"@type":"SearchAction","target":{"@type":"EntryPoint","urlTemplate":"https:\/\/radioljubuski.ba\/?s={search_term_string}"},"query-input":{"@type":"PropertyValueSpecification","valueRequired":true,"valueName":"search_term_string"}}],"inLanguage":"hr"},{"@type":"Organization","@id":"https:\/\/radioljubuski.ba\/#organization","name":"Radio Ljubu\u0161ki","url":"https:\/\/radioljubuski.ba\/","logo":{"@type":"ImageObject","inLanguage":"hr","@id":"https:\/\/radioljubuski.ba\/#\/schema\/logo\/image\/","url":"https:\/\/radioljubuski.ba\/wp-content\/uploads\/2021\/02\/cropped-Radio_Ljubuski_logo1.jpg","contentUrl":"https:\/\/radioljubuski.ba\/wp-content\/uploads\/2021\/02\/cropped-Radio_Ljubuski_logo1.jpg","width":512,"height":512,"caption":"Radio Ljubu\u0161ki"},"image":{"@id":"https:\/\/radioljubuski.ba\/#\/schema\/logo\/image\/"},"sameAs":["https:\/\/www.facebook.com\/Radiio-Ljubuski-1490835324566332","https:\/\/x.com\/radioljubuski","https:\/\/hr.linkedin.com\/company\/radio-ljubuski","https:\/\/www.youtube.com\/channel\/UCHYaeO_n0Db3tjNGudGpXyw"]},{"@type":"Person","@id":"https:\/\/radioljubuski.ba\/#\/schema\/person\/19fc700381a780f69665d7956c469e3b","name":"Radio Ljubu\u0161ki"}]}},"_links":{"self":[{"href":"https:\/\/radioljubuski.ba\/index.php\/wp-json\/wp\/v2\/posts\/143178","targetHints":{"allow":["GET"]}}],"collection":[{"href":"https:\/\/radioljubuski.ba\/index.php\/wp-json\/wp\/v2\/posts"}],"about":[{"href":"https:\/\/radioljubuski.ba\/index.php\/wp-json\/wp\/v2\/types\/post"}],"author":[{"embeddable":true,"href":"https:\/\/radioljubuski.ba\/index.php\/wp-json\/wp\/v2\/users\/2"}],"replies":[{"embeddable":true,"href":"https:\/\/radioljubuski.ba\/index.php\/wp-json\/wp\/v2\/comments?post=143178"}],"version-history":[{"count":1,"href":"https:\/\/radioljubuski.ba\/index.php\/wp-json\/wp\/v2\/posts\/143178\/revisions"}],"predecessor-version":[{"id":143182,"href":"https:\/\/radioljubuski.ba\/index.php\/wp-json\/wp\/v2\/posts\/143178\/revisions\/143182"}],"wp:featuredmedia":[{"embeddable":true,"href":"https:\/\/radioljubuski.ba\/index.php\/wp-json\/wp\/v2\/media\/143181"}],"wp:attachment":[{"href":"https:\/\/radioljubuski.ba\/index.php\/wp-json\/wp\/v2\/media?parent=143178"}],"wp:term":[{"taxonomy":"category","embeddable":true,"href":"https:\/\/radioljubuski.ba\/index.php\/wp-json\/wp\/v2\/categories?post=143178"},{"taxonomy":"post_tag","embeddable":true,"href":"https:\/\/radioljubuski.ba\/index.php\/wp-json\/wp\/v2\/tags?post=143178"}],"curies":[{"name":"wp","href":"https:\/\/api.w.org\/{rel}","templated":true}]}}