{"id":143189,"date":"2022-05-23T08:30:05","date_gmt":"2022-05-23T07:30:05","guid":{"rendered":"https:\/\/radioljubuski.ba\/?p=143189"},"modified":"2022-05-23T08:30:07","modified_gmt":"2022-05-23T07:30:07","slug":"izradena-najveca-zelenkada-kupreskog-polja","status":"publish","type":"post","link":"https:\/\/radioljubuski.ba\/index.php\/2022\/05\/23\/izradena-najveca-zelenkada-kupreskog-polja\/","title":{"rendered":"Izra\u0111ena najve\u0107a zelenkada Kupre\u0161kog polja"},"content":{"rendered":"\n<p>Kupre\u0161ko polje je jedno od 50 kra\u0161kih polja u BiH koje se nalazi na 1150 metara nadmorske visine. Prirodni je dragulj na\u0161e zemlje, a njegov biodiverzitet je jednim dijelom o\u010duvan i bogat zahvaljuju\u0107i tradicionalnoj ko\u0161nji. <\/p>\n\n\n\n<p>Povodom 22. svibnja, Me\u0111unarodnog dana biodiverziteta, u Kupre\u0161kom polju pored rijeke Mrtvice napravljena je velika papirna zelenkada, biljka poznatija kao divlji narcis i endem ovog dijela Dinarida sa ciljem podizanja svijesti o bogatstvu koja kriju kra\u0161ka polja Bosne i Hercegovine. <\/p>\n\n\n\n<p>Akciju je organizorao Centar za \u017eivotnu sredinu u suradnji sa Dariom Batini\u0107em koji je pokreta\u010d platforme Visit Kupres i uz pomo\u0107 u\u010denika I razreda Osnovne \u0161kole fra Miroslava D\u017eaje iz Kupresa i njihove u\u010diteljice Mire Jonji\u0107. <\/p>\n\n\n\n<p>&#8221;Ovo je tre\u0107a u nizu papirnih akcija koju organizujemo za promociju kra\u0161kih polja i njihovih specifi\u010dnih vrsta i endema. Kupre\u0161ko polje je prvo u kojem je predstavljena biljka, nakon \u0161to je u Livanjskom polju predstavljen \u017edral i gata\u010dka gaovica u Gata\u010dkom polju. Posebno nam je drago \u0161to se u izradu papirnog cvijeta uklju\u010dio i razred prva\u010di\u0107a osnovne \u0161kole. Njih 15 je vrijedno radilo na izradi cvijeta i uljep\u0161ali su ovaj doga\u0111aj \u010diji je cilj promocija vrijednosti ovog podru\u010dja&#8221;, istaknula je Milica Kon\u010dar iz Centra za \u017eivotnu sredinu. Kupre\u0161ko polje je jedno od 50 kra\u0161kih polja u BiH koje se nalazi na 1150 metara nadmorske visine. Prirodni je dragulj na\u0161e zemlje, a njegov biodiverzitet je jednim dijelom o\u010duvan i bogat zahvaljuju\u0107i tradicionalnoj ko\u0161nji koju je UNESCO 2020. godine proglasio nematerijalnom kulturnom ba\u0161tinom. Zbog visokih planina i o\u0161trih zima poznat je po zimskim sportovima i turizmu, ali nije ni\u0161ta manje zanimljiv i tijekom ostatka godine. Na promociji turizma rade mladi i perspektivni ljudi ovog kraja koji stoje iza web platforme Visit Kupres i koji trenutno realiziraju akciju &#8221;Upoznaj Kupres bez snijega&#8221;. <\/p>\n\n\n\n<p>&#8221;Maksimalno se trudimo da Kupres predstavimo u najboljem svjetlu i otvorenog za sve! \u017delim pozvati sve koji ovo ljeto tra\u017ee odmor u planini i daleko od ljetne vru\u0107ine da do\u0111u, jer je Kupres postao mjestom gdje se odlaze\u0107i ve\u0107 vra\u0107a, a zrak na 1200 metara nad morem sigurno ima svoje posebne \u010dari uz miomirise cvjetnih polja. Ponosan sam \u0161to smo uspjeli realizirati ovaj projekt i ukazati na va\u017enost o\u010duvanja kra\u0161kih polja, kao i njihove biolo\u0161ke raznolikosti. Zelenkada bez polja ne mo\u017ee, kao \u0161to polje ne mo\u017ee bez nje. Kupres ne mo\u017ee bez svoje Visoravni, a mi ne mo\u017eemo bez njihove ljepote&#8221;, rekao je Dario Batini\u0107, pokreta\u010d platforme Visit Kupres. <\/p>\n\n\n\n<p>Akcija u Kupre\u0161kom polju je realizovana u sklopu projekta \u201eOdr\u017eiva budu\u0107nost kra\u0161kih polja\u201c podr\u017eanog od strane DIMFE fondacije i uz partnerstvo ornitolo\u0161kog dru\u0161tva Na\u0161e ptice i fondacije EuroNatur. <\/p>\n\n\n\n<p>Proces izrade papirne zelenkade mo\u017eete da pogledate i u videu.<\/p>\n\n\n\n<p>Izvor:<a href=\"https:\/\/bljesak.info\/gospodarstvo\/ekologija\/izradena-najveca-zelenkada-kupreskog-polja\/383347\">Bljesak.info<\/a><\/p>\n","protected":false},"excerpt":{"rendered":"<p>Kupre\u0161ko polje je jedno od 50 kra\u0161kih polja u BiH koje se nalazi na 1150 metara nadmorske visine. Prirodni je dragulj na\u0161e zemlje, a njegov biodiverzitet je jednim dijelom o\u010duvan i bogat zahvaljuju\u0107i tradicionalnoj ko\u0161nji. Povodom 22. svibnja, Me\u0111unarodnog dana biodiverziteta, u Kupre\u0161kom polju pored rijeke Mrtvice napravljena je velika papirna zelenkada, biljka poznatija kao [&hellip;]<\/p>\n","protected":false},"author":2,"featured_media":143191,"comment_status":"closed","ping_status":"closed","sticky":false,"template":"","format":"standard","meta":{"h5ap_radio_sources":[],"footnotes":""},"categories":[1],"tags":[],"class_list":["post-143189","post","type-post","status-publish","format-standard","has-post-thumbnail","hentry","category-bihiregija"],"yoast_head":"<!-- This site is optimized with the Yoast SEO plugin v27.5 - https:\/\/yoast.com\/product\/yoast-seo-wordpress\/ -->\n<title>Izra\u0111ena najve\u0107a zelenkada Kupre\u0161kog polja - RADIO LJUBU\u0160KI<\/title>\n<meta name=\"robots\" content=\"index, follow, max-snippet:-1, max-image-preview:large, max-video-preview:-1\" \/>\n<link rel=\"canonical\" href=\"https:\/\/radioljubuski.ba\/index.php\/2022\/05\/23\/izradena-najveca-zelenkada-kupreskog-polja\/\" \/>\n<meta property=\"og:locale\" content=\"hr_HR\" \/>\n<meta property=\"og:type\" content=\"article\" \/>\n<meta property=\"og:title\" content=\"Izra\u0111ena najve\u0107a zelenkada Kupre\u0161kog polja - RADIO LJUBU\u0160KI\" \/>\n<meta property=\"og:description\" content=\"Kupre\u0161ko polje je jedno od 50 kra\u0161kih polja u BiH koje se nalazi na 1150 metara nadmorske visine. Prirodni je dragulj na\u0161e zemlje, a njegov biodiverzitet je jednim dijelom o\u010duvan i bogat zahvaljuju\u0107i tradicionalnoj ko\u0161nji. Povodom 22. svibnja, Me\u0111unarodnog dana biodiverziteta, u Kupre\u0161kom polju pored rijeke Mrtvice napravljena je velika papirna zelenkada, biljka poznatija kao [&hellip;]\" \/>\n<meta property=\"og:url\" content=\"https:\/\/radioljubuski.ba\/index.php\/2022\/05\/23\/izradena-najveca-zelenkada-kupreskog-polja\/\" \/>\n<meta property=\"og:site_name\" content=\"RADIO LJUBU\u0160KI\" \/>\n<meta property=\"article:publisher\" content=\"https:\/\/www.facebook.com\/Radiio-Ljubuski-1490835324566332\" \/>\n<meta property=\"article:published_time\" content=\"2022-05-23T07:30:05+00:00\" \/>\n<meta property=\"article:modified_time\" content=\"2022-05-23T07:30:07+00:00\" \/>\n<meta property=\"og:image\" content=\"https:\/\/radioljubuski.ba\/wp-content\/uploads\/2022\/05\/kupresko-polje.jpg\" \/>\n\t<meta property=\"og:image:width\" content=\"800\" \/>\n\t<meta property=\"og:image:height\" content=\"550\" \/>\n\t<meta property=\"og:image:type\" content=\"image\/jpeg\" \/>\n<meta name=\"author\" content=\"Radio Ljubu\u0161ki\" \/>\n<meta name=\"twitter:card\" content=\"summary_large_image\" \/>\n<meta name=\"twitter:creator\" content=\"@radioljubuski\" \/>\n<meta name=\"twitter:site\" content=\"@radioljubuski\" \/>\n<meta name=\"twitter:label1\" content=\"Napisao\/la\" \/>\n\t<meta name=\"twitter:data1\" content=\"Radio Ljubu\u0161ki\" \/>\n\t<meta name=\"twitter:label2\" content=\"Procijenjeno vrijeme \u010ditanja\" \/>\n\t<meta name=\"twitter:data2\" content=\"2 minute\" \/>\n<script type=\"application\/ld+json\" class=\"yoast-schema-graph\">{\"@context\":\"https:\\\/\\\/schema.org\",\"@graph\":[{\"@type\":\"Article\",\"@id\":\"https:\\\/\\\/radioljubuski.ba\\\/index.php\\\/2022\\\/05\\\/23\\\/izradena-najveca-zelenkada-kupreskog-polja\\\/#article\",\"isPartOf\":{\"@id\":\"https:\\\/\\\/radioljubuski.ba\\\/index.php\\\/2022\\\/05\\\/23\\\/izradena-najveca-zelenkada-kupreskog-polja\\\/\"},\"author\":{\"name\":\"Radio Ljubu\u0161ki\",\"@id\":\"https:\\\/\\\/radioljubuski.ba\\\/#\\\/schema\\\/person\\\/19fc700381a780f69665d7956c469e3b\"},\"headline\":\"Izra\u0111ena najve\u0107a zelenkada Kupre\u0161kog polja\",\"datePublished\":\"2022-05-23T07:30:05+00:00\",\"dateModified\":\"2022-05-23T07:30:07+00:00\",\"mainEntityOfPage\":{\"@id\":\"https:\\\/\\\/radioljubuski.ba\\\/index.php\\\/2022\\\/05\\\/23\\\/izradena-najveca-zelenkada-kupreskog-polja\\\/\"},\"wordCount\":497,\"publisher\":{\"@id\":\"https:\\\/\\\/radioljubuski.ba\\\/#organization\"},\"image\":{\"@id\":\"https:\\\/\\\/radioljubuski.ba\\\/index.php\\\/2022\\\/05\\\/23\\\/izradena-najveca-zelenkada-kupreskog-polja\\\/#primaryimage\"},\"thumbnailUrl\":\"https:\\\/\\\/radioljubuski.ba\\\/wp-content\\\/uploads\\\/2022\\\/05\\\/kupresko-polje.jpg\",\"articleSection\":[\"BIH i regija\"],\"inLanguage\":\"hr\"},{\"@type\":\"WebPage\",\"@id\":\"https:\\\/\\\/radioljubuski.ba\\\/index.php\\\/2022\\\/05\\\/23\\\/izradena-najveca-zelenkada-kupreskog-polja\\\/\",\"url\":\"https:\\\/\\\/radioljubuski.ba\\\/index.php\\\/2022\\\/05\\\/23\\\/izradena-najveca-zelenkada-kupreskog-polja\\\/\",\"name\":\"Izra\u0111ena najve\u0107a zelenkada Kupre\u0161kog polja - RADIO LJUBU\u0160KI\",\"isPartOf\":{\"@id\":\"https:\\\/\\\/radioljubuski.ba\\\/#website\"},\"primaryImageOfPage\":{\"@id\":\"https:\\\/\\\/radioljubuski.ba\\\/index.php\\\/2022\\\/05\\\/23\\\/izradena-najveca-zelenkada-kupreskog-polja\\\/#primaryimage\"},\"image\":{\"@id\":\"https:\\\/\\\/radioljubuski.ba\\\/index.php\\\/2022\\\/05\\\/23\\\/izradena-najveca-zelenkada-kupreskog-polja\\\/#primaryimage\"},\"thumbnailUrl\":\"https:\\\/\\\/radioljubuski.ba\\\/wp-content\\\/uploads\\\/2022\\\/05\\\/kupresko-polje.jpg\",\"datePublished\":\"2022-05-23T07:30:05+00:00\",\"dateModified\":\"2022-05-23T07:30:07+00:00\",\"breadcrumb\":{\"@id\":\"https:\\\/\\\/radioljubuski.ba\\\/index.php\\\/2022\\\/05\\\/23\\\/izradena-najveca-zelenkada-kupreskog-polja\\\/#breadcrumb\"},\"inLanguage\":\"hr\",\"potentialAction\":[{\"@type\":\"ReadAction\",\"target\":[\"https:\\\/\\\/radioljubuski.ba\\\/index.php\\\/2022\\\/05\\\/23\\\/izradena-najveca-zelenkada-kupreskog-polja\\\/\"]}]},{\"@type\":\"ImageObject\",\"inLanguage\":\"hr\",\"@id\":\"https:\\\/\\\/radioljubuski.ba\\\/index.php\\\/2022\\\/05\\\/23\\\/izradena-najveca-zelenkada-kupreskog-polja\\\/#primaryimage\",\"url\":\"https:\\\/\\\/radioljubuski.ba\\\/wp-content\\\/uploads\\\/2022\\\/05\\\/kupresko-polje.jpg\",\"contentUrl\":\"https:\\\/\\\/radioljubuski.ba\\\/wp-content\\\/uploads\\\/2022\\\/05\\\/kupresko-polje.jpg\",\"width\":800,\"height\":550},{\"@type\":\"BreadcrumbList\",\"@id\":\"https:\\\/\\\/radioljubuski.ba\\\/index.php\\\/2022\\\/05\\\/23\\\/izradena-najveca-zelenkada-kupreskog-polja\\\/#breadcrumb\",\"itemListElement\":[{\"@type\":\"ListItem\",\"position\":1,\"name\":\"Po\u010detna stranica\",\"item\":\"https:\\\/\\\/radioljubuski.ba\\\/\"},{\"@type\":\"ListItem\",\"position\":2,\"name\":\"Izra\u0111ena najve\u0107a zelenkada Kupre\u0161kog polja\"}]},{\"@type\":\"WebSite\",\"@id\":\"https:\\\/\\\/radioljubuski.ba\\\/#website\",\"url\":\"https:\\\/\\\/radioljubuski.ba\\\/\",\"name\":\"Radio Ljubu\u0161ki\",\"description\":\"Sun\u010dana frekvencija Hercegovine\",\"publisher\":{\"@id\":\"https:\\\/\\\/radioljubuski.ba\\\/#organization\"},\"potentialAction\":[{\"@type\":\"SearchAction\",\"target\":{\"@type\":\"EntryPoint\",\"urlTemplate\":\"https:\\\/\\\/radioljubuski.ba\\\/?s={search_term_string}\"},\"query-input\":{\"@type\":\"PropertyValueSpecification\",\"valueRequired\":true,\"valueName\":\"search_term_string\"}}],\"inLanguage\":\"hr\"},{\"@type\":\"Organization\",\"@id\":\"https:\\\/\\\/radioljubuski.ba\\\/#organization\",\"name\":\"Radio Ljubu\u0161ki\",\"url\":\"https:\\\/\\\/radioljubuski.ba\\\/\",\"logo\":{\"@type\":\"ImageObject\",\"inLanguage\":\"hr\",\"@id\":\"https:\\\/\\\/radioljubuski.ba\\\/#\\\/schema\\\/logo\\\/image\\\/\",\"url\":\"https:\\\/\\\/radioljubuski.ba\\\/wp-content\\\/uploads\\\/2021\\\/02\\\/cropped-Radio_Ljubuski_logo1.jpg\",\"contentUrl\":\"https:\\\/\\\/radioljubuski.ba\\\/wp-content\\\/uploads\\\/2021\\\/02\\\/cropped-Radio_Ljubuski_logo1.jpg\",\"width\":512,\"height\":512,\"caption\":\"Radio Ljubu\u0161ki\"},\"image\":{\"@id\":\"https:\\\/\\\/radioljubuski.ba\\\/#\\\/schema\\\/logo\\\/image\\\/\"},\"sameAs\":[\"https:\\\/\\\/www.facebook.com\\\/Radiio-Ljubuski-1490835324566332\",\"https:\\\/\\\/x.com\\\/radioljubuski\",\"https:\\\/\\\/hr.linkedin.com\\\/company\\\/radio-ljubuski\",\"https:\\\/\\\/www.youtube.com\\\/channel\\\/UCHYaeO_n0Db3tjNGudGpXyw\"]},{\"@type\":\"Person\",\"@id\":\"https:\\\/\\\/radioljubuski.ba\\\/#\\\/schema\\\/person\\\/19fc700381a780f69665d7956c469e3b\",\"name\":\"Radio Ljubu\u0161ki\"}]}<\/script>\n<!-- \/ Yoast SEO plugin. -->","yoast_head_json":{"title":"Izra\u0111ena najve\u0107a zelenkada Kupre\u0161kog polja - RADIO LJUBU\u0160KI","robots":{"index":"index","follow":"follow","max-snippet":"max-snippet:-1","max-image-preview":"max-image-preview:large","max-video-preview":"max-video-preview:-1"},"canonical":"https:\/\/radioljubuski.ba\/index.php\/2022\/05\/23\/izradena-najveca-zelenkada-kupreskog-polja\/","og_locale":"hr_HR","og_type":"article","og_title":"Izra\u0111ena najve\u0107a zelenkada Kupre\u0161kog polja - RADIO LJUBU\u0160KI","og_description":"Kupre\u0161ko polje je jedno od 50 kra\u0161kih polja u BiH koje se nalazi na 1150 metara nadmorske visine. Prirodni je dragulj na\u0161e zemlje, a njegov biodiverzitet je jednim dijelom o\u010duvan i bogat zahvaljuju\u0107i tradicionalnoj ko\u0161nji. Povodom 22. svibnja, Me\u0111unarodnog dana biodiverziteta, u Kupre\u0161kom polju pored rijeke Mrtvice napravljena je velika papirna zelenkada, biljka poznatija kao [&hellip;]","og_url":"https:\/\/radioljubuski.ba\/index.php\/2022\/05\/23\/izradena-najveca-zelenkada-kupreskog-polja\/","og_site_name":"RADIO LJUBU\u0160KI","article_publisher":"https:\/\/www.facebook.com\/Radiio-Ljubuski-1490835324566332","article_published_time":"2022-05-23T07:30:05+00:00","article_modified_time":"2022-05-23T07:30:07+00:00","og_image":[{"width":800,"height":550,"url":"https:\/\/radioljubuski.ba\/wp-content\/uploads\/2022\/05\/kupresko-polje.jpg","type":"image\/jpeg"}],"author":"Radio Ljubu\u0161ki","twitter_card":"summary_large_image","twitter_creator":"@radioljubuski","twitter_site":"@radioljubuski","twitter_misc":{"Napisao\/la":"Radio Ljubu\u0161ki","Procijenjeno vrijeme \u010ditanja":"2 minute"},"schema":{"@context":"https:\/\/schema.org","@graph":[{"@type":"Article","@id":"https:\/\/radioljubuski.ba\/index.php\/2022\/05\/23\/izradena-najveca-zelenkada-kupreskog-polja\/#article","isPartOf":{"@id":"https:\/\/radioljubuski.ba\/index.php\/2022\/05\/23\/izradena-najveca-zelenkada-kupreskog-polja\/"},"author":{"name":"Radio Ljubu\u0161ki","@id":"https:\/\/radioljubuski.ba\/#\/schema\/person\/19fc700381a780f69665d7956c469e3b"},"headline":"Izra\u0111ena najve\u0107a zelenkada Kupre\u0161kog polja","datePublished":"2022-05-23T07:30:05+00:00","dateModified":"2022-05-23T07:30:07+00:00","mainEntityOfPage":{"@id":"https:\/\/radioljubuski.ba\/index.php\/2022\/05\/23\/izradena-najveca-zelenkada-kupreskog-polja\/"},"wordCount":497,"publisher":{"@id":"https:\/\/radioljubuski.ba\/#organization"},"image":{"@id":"https:\/\/radioljubuski.ba\/index.php\/2022\/05\/23\/izradena-najveca-zelenkada-kupreskog-polja\/#primaryimage"},"thumbnailUrl":"https:\/\/radioljubuski.ba\/wp-content\/uploads\/2022\/05\/kupresko-polje.jpg","articleSection":["BIH i regija"],"inLanguage":"hr"},{"@type":"WebPage","@id":"https:\/\/radioljubuski.ba\/index.php\/2022\/05\/23\/izradena-najveca-zelenkada-kupreskog-polja\/","url":"https:\/\/radioljubuski.ba\/index.php\/2022\/05\/23\/izradena-najveca-zelenkada-kupreskog-polja\/","name":"Izra\u0111ena najve\u0107a zelenkada Kupre\u0161kog polja - RADIO LJUBU\u0160KI","isPartOf":{"@id":"https:\/\/radioljubuski.ba\/#website"},"primaryImageOfPage":{"@id":"https:\/\/radioljubuski.ba\/index.php\/2022\/05\/23\/izradena-najveca-zelenkada-kupreskog-polja\/#primaryimage"},"image":{"@id":"https:\/\/radioljubuski.ba\/index.php\/2022\/05\/23\/izradena-najveca-zelenkada-kupreskog-polja\/#primaryimage"},"thumbnailUrl":"https:\/\/radioljubuski.ba\/wp-content\/uploads\/2022\/05\/kupresko-polje.jpg","datePublished":"2022-05-23T07:30:05+00:00","dateModified":"2022-05-23T07:30:07+00:00","breadcrumb":{"@id":"https:\/\/radioljubuski.ba\/index.php\/2022\/05\/23\/izradena-najveca-zelenkada-kupreskog-polja\/#breadcrumb"},"inLanguage":"hr","potentialAction":[{"@type":"ReadAction","target":["https:\/\/radioljubuski.ba\/index.php\/2022\/05\/23\/izradena-najveca-zelenkada-kupreskog-polja\/"]}]},{"@type":"ImageObject","inLanguage":"hr","@id":"https:\/\/radioljubuski.ba\/index.php\/2022\/05\/23\/izradena-najveca-zelenkada-kupreskog-polja\/#primaryimage","url":"https:\/\/radioljubuski.ba\/wp-content\/uploads\/2022\/05\/kupresko-polje.jpg","contentUrl":"https:\/\/radioljubuski.ba\/wp-content\/uploads\/2022\/05\/kupresko-polje.jpg","width":800,"height":550},{"@type":"BreadcrumbList","@id":"https:\/\/radioljubuski.ba\/index.php\/2022\/05\/23\/izradena-najveca-zelenkada-kupreskog-polja\/#breadcrumb","itemListElement":[{"@type":"ListItem","position":1,"name":"Po\u010detna stranica","item":"https:\/\/radioljubuski.ba\/"},{"@type":"ListItem","position":2,"name":"Izra\u0111ena najve\u0107a zelenkada Kupre\u0161kog polja"}]},{"@type":"WebSite","@id":"https:\/\/radioljubuski.ba\/#website","url":"https:\/\/radioljubuski.ba\/","name":"Radio Ljubu\u0161ki","description":"Sun\u010dana frekvencija Hercegovine","publisher":{"@id":"https:\/\/radioljubuski.ba\/#organization"},"potentialAction":[{"@type":"SearchAction","target":{"@type":"EntryPoint","urlTemplate":"https:\/\/radioljubuski.ba\/?s={search_term_string}"},"query-input":{"@type":"PropertyValueSpecification","valueRequired":true,"valueName":"search_term_string"}}],"inLanguage":"hr"},{"@type":"Organization","@id":"https:\/\/radioljubuski.ba\/#organization","name":"Radio Ljubu\u0161ki","url":"https:\/\/radioljubuski.ba\/","logo":{"@type":"ImageObject","inLanguage":"hr","@id":"https:\/\/radioljubuski.ba\/#\/schema\/logo\/image\/","url":"https:\/\/radioljubuski.ba\/wp-content\/uploads\/2021\/02\/cropped-Radio_Ljubuski_logo1.jpg","contentUrl":"https:\/\/radioljubuski.ba\/wp-content\/uploads\/2021\/02\/cropped-Radio_Ljubuski_logo1.jpg","width":512,"height":512,"caption":"Radio Ljubu\u0161ki"},"image":{"@id":"https:\/\/radioljubuski.ba\/#\/schema\/logo\/image\/"},"sameAs":["https:\/\/www.facebook.com\/Radiio-Ljubuski-1490835324566332","https:\/\/x.com\/radioljubuski","https:\/\/hr.linkedin.com\/company\/radio-ljubuski","https:\/\/www.youtube.com\/channel\/UCHYaeO_n0Db3tjNGudGpXyw"]},{"@type":"Person","@id":"https:\/\/radioljubuski.ba\/#\/schema\/person\/19fc700381a780f69665d7956c469e3b","name":"Radio Ljubu\u0161ki"}]}},"_links":{"self":[{"href":"https:\/\/radioljubuski.ba\/index.php\/wp-json\/wp\/v2\/posts\/143189","targetHints":{"allow":["GET"]}}],"collection":[{"href":"https:\/\/radioljubuski.ba\/index.php\/wp-json\/wp\/v2\/posts"}],"about":[{"href":"https:\/\/radioljubuski.ba\/index.php\/wp-json\/wp\/v2\/types\/post"}],"author":[{"embeddable":true,"href":"https:\/\/radioljubuski.ba\/index.php\/wp-json\/wp\/v2\/users\/2"}],"replies":[{"embeddable":true,"href":"https:\/\/radioljubuski.ba\/index.php\/wp-json\/wp\/v2\/comments?post=143189"}],"version-history":[{"count":1,"href":"https:\/\/radioljubuski.ba\/index.php\/wp-json\/wp\/v2\/posts\/143189\/revisions"}],"predecessor-version":[{"id":143192,"href":"https:\/\/radioljubuski.ba\/index.php\/wp-json\/wp\/v2\/posts\/143189\/revisions\/143192"}],"wp:featuredmedia":[{"embeddable":true,"href":"https:\/\/radioljubuski.ba\/index.php\/wp-json\/wp\/v2\/media\/143191"}],"wp:attachment":[{"href":"https:\/\/radioljubuski.ba\/index.php\/wp-json\/wp\/v2\/media?parent=143189"}],"wp:term":[{"taxonomy":"category","embeddable":true,"href":"https:\/\/radioljubuski.ba\/index.php\/wp-json\/wp\/v2\/categories?post=143189"},{"taxonomy":"post_tag","embeddable":true,"href":"https:\/\/radioljubuski.ba\/index.php\/wp-json\/wp\/v2\/tags?post=143189"}],"curies":[{"name":"wp","href":"https:\/\/api.w.org\/{rel}","templated":true}]}}