{"id":143193,"date":"2022-05-23T08:38:02","date_gmt":"2022-05-23T07:38:02","guid":{"rendered":"https:\/\/radioljubuski.ba\/?p=143193"},"modified":"2022-05-23T08:38:04","modified_gmt":"2022-05-23T07:38:04","slug":"otocki-misterij-koji-nije-razjasnjen-posljednje-23-godine","status":"publish","type":"post","link":"https:\/\/radioljubuski.ba\/index.php\/2022\/05\/23\/otocki-misterij-koji-nije-razjasnjen-posljednje-23-godine\/","title":{"rendered":"Oto\u010dki misterij koji nije razja\u0161njen posljednje 23 godine"},"content":{"rendered":"\n<p>Unutar ovoga trokuta prona\u0111eno je kamenje koje je izazvalo pozornost brojnih geologa, ali i ufologa. <\/p>\n\n\n\n<p>Tijekom mjerenja tla kod Tustog \u010dela na otoku Pagu 9. svibnja 1999. godine hrvatski geodet Zdenko Grbavac otkrio je misteriju. To\u010dnije, otkrio je neobi\u010dnu kamenu formaciju u obliku trokuta koja je prozvana Pa\u0161kim trokutom. <\/p>\n\n\n\n<p>Vrlo brzo je ustanovljeno da je rije\u010d o jednakokra\u010dnom trokutu koje se prostire na oko 500 \u010detvornih metara, a koji se po boji i obliku razlikuje od ostatka okoline. <\/p>\n\n\n\n<p>Iako je trokut vidljiv iz zraka, nalazi se na slabo prometnom mjestu \u2013 otprilike pola sata pje\u0161ice od prve ceste \u2013 zbog \u010dega je godinama bio neistra\u017een, prenosi Punkufe.<\/p>\n\n\n\n<p>Unutar ovoga trokuta prona\u0111eno je kamenje koje je izazvalo pozornost brojnih geologa, ali i ufologa.<\/p>\n\n\n\n<p>Na turisti\u010dkim stranicama grada Novalje stoji: &#8220;Kamenje unutar trokuta okruglog je i valjkastog oblika \u0161to ukazuje na njegovu obradu. <\/p>\n\n\n\n<p>Dodatno, nakon izlaganja kamenja unutar trokuta ultraljubi\u010dastim zrakama isijava crvenu boju \u0161to upu\u0107uje da je termi\u010dki obra\u0111en po nekim teorijama prije 12,000 godina. Kamenje takvu boju isijava nakon izlo\u017eenosti ekstremnim temperaturama kao primjerice kod vulkanskih aktivnosti kojih na Pagu nikad nije bilo&#8221;. <\/p>\n\n\n\n<p>I dok jedni smatraju da je Pa\u0161ki trokut prirodni fenomen koji je nastao djelovanjem mora, vjetra i drugih meteorolo\u0161kih (ne)prilika kroz dugi niz godina, drugi vjeruju da je on djelo izvanzemljaskih sila.<\/p>\n\n\n\n<p>Za ufologe, pa\u0161ki trokut je otisak svemirskog broda i putokaz prema zvijezdi Sirius u Sun\u010devom sustavu. <\/p>\n\n\n\n<p>Pagom se, naime, \u010desto zbijaju \u0161ale kako su izvanzemaljci posjetili Pag kako bi probali njegov nadaleko poznati sir, a za sobom ostavili otisak u obliku trokuta. <\/p>\n\n\n\n<p>Pri\u010da je u posljednjih dva desetlje\u0107a postala dovoljno popularna da pojedinci dolaze posjetiti Pa\u0161ki trokut i poku\u0161avaju sami odgonetnuti njegovo zna\u010denje. U blizini trokuta prostire se planinarska staza duga 1,8 kilometara s markacijama kako bi se \u0161to lak\u0161e mogla prona\u0107i ova oto\u010dka misterija. <\/p>\n\n\n\n<p>\u017delite li i vi posjetiti Pa\u0161ki trokut, odgovaraju\u0107e se obucite. O\u0161tro kamenje i nepristupa\u010dan teren oko pa\u0161kog trokuta iziskuje kvalitetnu opremu. Japanke i drugu sli\u010dnu ljetnu obu\u0107u ipak ostavite kod ku\u0107e. <\/p>\n\n\n\n<p>Izvor:<a href=\"https:\/\/bljesak.info\/gospodarstvo\/turizam\/otocki-misterij-koji-nije-razjasnjen-posljednjih-23-godine\/383407\">Bljesak.info<\/a><\/p>\n","protected":false},"excerpt":{"rendered":"<p>Unutar ovoga trokuta prona\u0111eno je kamenje koje je izazvalo pozornost brojnih geologa, ali i ufologa. Tijekom mjerenja tla kod Tustog \u010dela na otoku Pagu 9. svibnja 1999. godine hrvatski geodet Zdenko Grbavac otkrio je misteriju. To\u010dnije, otkrio je neobi\u010dnu kamenu formaciju u obliku trokuta koja je prozvana Pa\u0161kim trokutom. Vrlo brzo je ustanovljeno da je [&hellip;]<\/p>\n","protected":false},"author":2,"featured_media":143194,"comment_status":"closed","ping_status":"closed","sticky":false,"template":"","format":"standard","meta":{"h5ap_radio_sources":[],"footnotes":""},"categories":[1],"tags":[],"class_list":["post-143193","post","type-post","status-publish","format-standard","has-post-thumbnail","hentry","category-bihiregija"],"yoast_head":"<!-- This site is optimized with the Yoast SEO plugin v27.5 - https:\/\/yoast.com\/product\/yoast-seo-wordpress\/ -->\n<title>Oto\u010dki misterij koji nije razja\u0161njen posljednje 23 godine - RADIO LJUBU\u0160KI<\/title>\n<meta name=\"robots\" content=\"index, follow, max-snippet:-1, max-image-preview:large, max-video-preview:-1\" \/>\n<link rel=\"canonical\" href=\"https:\/\/radioljubuski.ba\/index.php\/2022\/05\/23\/otocki-misterij-koji-nije-razjasnjen-posljednje-23-godine\/\" \/>\n<meta property=\"og:locale\" content=\"hr_HR\" \/>\n<meta property=\"og:type\" content=\"article\" \/>\n<meta property=\"og:title\" content=\"Oto\u010dki misterij koji nije razja\u0161njen posljednje 23 godine - RADIO LJUBU\u0160KI\" \/>\n<meta property=\"og:description\" content=\"Unutar ovoga trokuta prona\u0111eno je kamenje koje je izazvalo pozornost brojnih geologa, ali i ufologa. Tijekom mjerenja tla kod Tustog \u010dela na otoku Pagu 9. svibnja 1999. godine hrvatski geodet Zdenko Grbavac otkrio je misteriju. To\u010dnije, otkrio je neobi\u010dnu kamenu formaciju u obliku trokuta koja je prozvana Pa\u0161kim trokutom. Vrlo brzo je ustanovljeno da je [&hellip;]\" \/>\n<meta property=\"og:url\" content=\"https:\/\/radioljubuski.ba\/index.php\/2022\/05\/23\/otocki-misterij-koji-nije-razjasnjen-posljednje-23-godine\/\" \/>\n<meta property=\"og:site_name\" content=\"RADIO LJUBU\u0160KI\" \/>\n<meta property=\"article:publisher\" content=\"https:\/\/www.facebook.com\/Radiio-Ljubuski-1490835324566332\" \/>\n<meta property=\"article:published_time\" content=\"2022-05-23T07:38:02+00:00\" \/>\n<meta property=\"article:modified_time\" content=\"2022-05-23T07:38:04+00:00\" \/>\n<meta property=\"og:image\" content=\"https:\/\/radioljubuski.ba\/wp-content\/uploads\/2022\/05\/paski-trokut1.jpg\" \/>\n\t<meta property=\"og:image:width\" content=\"800\" \/>\n\t<meta property=\"og:image:height\" content=\"550\" \/>\n\t<meta property=\"og:image:type\" content=\"image\/jpeg\" \/>\n<meta name=\"author\" content=\"Radio Ljubu\u0161ki\" \/>\n<meta name=\"twitter:card\" content=\"summary_large_image\" \/>\n<meta name=\"twitter:creator\" content=\"@radioljubuski\" \/>\n<meta name=\"twitter:site\" content=\"@radioljubuski\" \/>\n<meta name=\"twitter:label1\" content=\"Napisao\/la\" \/>\n\t<meta name=\"twitter:data1\" content=\"Radio Ljubu\u0161ki\" \/>\n\t<meta name=\"twitter:label2\" content=\"Procijenjeno vrijeme \u010ditanja\" \/>\n\t<meta name=\"twitter:data2\" content=\"2 minute\" \/>\n<script type=\"application\/ld+json\" class=\"yoast-schema-graph\">{\"@context\":\"https:\\\/\\\/schema.org\",\"@graph\":[{\"@type\":\"Article\",\"@id\":\"https:\\\/\\\/radioljubuski.ba\\\/index.php\\\/2022\\\/05\\\/23\\\/otocki-misterij-koji-nije-razjasnjen-posljednje-23-godine\\\/#article\",\"isPartOf\":{\"@id\":\"https:\\\/\\\/radioljubuski.ba\\\/index.php\\\/2022\\\/05\\\/23\\\/otocki-misterij-koji-nije-razjasnjen-posljednje-23-godine\\\/\"},\"author\":{\"name\":\"Radio Ljubu\u0161ki\",\"@id\":\"https:\\\/\\\/radioljubuski.ba\\\/#\\\/schema\\\/person\\\/19fc700381a780f69665d7956c469e3b\"},\"headline\":\"Oto\u010dki misterij koji nije razja\u0161njen posljednje 23 godine\",\"datePublished\":\"2022-05-23T07:38:02+00:00\",\"dateModified\":\"2022-05-23T07:38:04+00:00\",\"mainEntityOfPage\":{\"@id\":\"https:\\\/\\\/radioljubuski.ba\\\/index.php\\\/2022\\\/05\\\/23\\\/otocki-misterij-koji-nije-razjasnjen-posljednje-23-godine\\\/\"},\"wordCount\":371,\"publisher\":{\"@id\":\"https:\\\/\\\/radioljubuski.ba\\\/#organization\"},\"image\":{\"@id\":\"https:\\\/\\\/radioljubuski.ba\\\/index.php\\\/2022\\\/05\\\/23\\\/otocki-misterij-koji-nije-razjasnjen-posljednje-23-godine\\\/#primaryimage\"},\"thumbnailUrl\":\"https:\\\/\\\/radioljubuski.ba\\\/wp-content\\\/uploads\\\/2022\\\/05\\\/paski-trokut1.jpg\",\"articleSection\":[\"BIH i regija\"],\"inLanguage\":\"hr\"},{\"@type\":\"WebPage\",\"@id\":\"https:\\\/\\\/radioljubuski.ba\\\/index.php\\\/2022\\\/05\\\/23\\\/otocki-misterij-koji-nije-razjasnjen-posljednje-23-godine\\\/\",\"url\":\"https:\\\/\\\/radioljubuski.ba\\\/index.php\\\/2022\\\/05\\\/23\\\/otocki-misterij-koji-nije-razjasnjen-posljednje-23-godine\\\/\",\"name\":\"Oto\u010dki misterij koji nije razja\u0161njen posljednje 23 godine - RADIO LJUBU\u0160KI\",\"isPartOf\":{\"@id\":\"https:\\\/\\\/radioljubuski.ba\\\/#website\"},\"primaryImageOfPage\":{\"@id\":\"https:\\\/\\\/radioljubuski.ba\\\/index.php\\\/2022\\\/05\\\/23\\\/otocki-misterij-koji-nije-razjasnjen-posljednje-23-godine\\\/#primaryimage\"},\"image\":{\"@id\":\"https:\\\/\\\/radioljubuski.ba\\\/index.php\\\/2022\\\/05\\\/23\\\/otocki-misterij-koji-nije-razjasnjen-posljednje-23-godine\\\/#primaryimage\"},\"thumbnailUrl\":\"https:\\\/\\\/radioljubuski.ba\\\/wp-content\\\/uploads\\\/2022\\\/05\\\/paski-trokut1.jpg\",\"datePublished\":\"2022-05-23T07:38:02+00:00\",\"dateModified\":\"2022-05-23T07:38:04+00:00\",\"breadcrumb\":{\"@id\":\"https:\\\/\\\/radioljubuski.ba\\\/index.php\\\/2022\\\/05\\\/23\\\/otocki-misterij-koji-nije-razjasnjen-posljednje-23-godine\\\/#breadcrumb\"},\"inLanguage\":\"hr\",\"potentialAction\":[{\"@type\":\"ReadAction\",\"target\":[\"https:\\\/\\\/radioljubuski.ba\\\/index.php\\\/2022\\\/05\\\/23\\\/otocki-misterij-koji-nije-razjasnjen-posljednje-23-godine\\\/\"]}]},{\"@type\":\"ImageObject\",\"inLanguage\":\"hr\",\"@id\":\"https:\\\/\\\/radioljubuski.ba\\\/index.php\\\/2022\\\/05\\\/23\\\/otocki-misterij-koji-nije-razjasnjen-posljednje-23-godine\\\/#primaryimage\",\"url\":\"https:\\\/\\\/radioljubuski.ba\\\/wp-content\\\/uploads\\\/2022\\\/05\\\/paski-trokut1.jpg\",\"contentUrl\":\"https:\\\/\\\/radioljubuski.ba\\\/wp-content\\\/uploads\\\/2022\\\/05\\\/paski-trokut1.jpg\",\"width\":800,\"height\":550},{\"@type\":\"BreadcrumbList\",\"@id\":\"https:\\\/\\\/radioljubuski.ba\\\/index.php\\\/2022\\\/05\\\/23\\\/otocki-misterij-koji-nije-razjasnjen-posljednje-23-godine\\\/#breadcrumb\",\"itemListElement\":[{\"@type\":\"ListItem\",\"position\":1,\"name\":\"Po\u010detna stranica\",\"item\":\"https:\\\/\\\/radioljubuski.ba\\\/\"},{\"@type\":\"ListItem\",\"position\":2,\"name\":\"Oto\u010dki misterij koji nije razja\u0161njen posljednje 23 godine\"}]},{\"@type\":\"WebSite\",\"@id\":\"https:\\\/\\\/radioljubuski.ba\\\/#website\",\"url\":\"https:\\\/\\\/radioljubuski.ba\\\/\",\"name\":\"Radio Ljubu\u0161ki\",\"description\":\"Sun\u010dana frekvencija Hercegovine\",\"publisher\":{\"@id\":\"https:\\\/\\\/radioljubuski.ba\\\/#organization\"},\"potentialAction\":[{\"@type\":\"SearchAction\",\"target\":{\"@type\":\"EntryPoint\",\"urlTemplate\":\"https:\\\/\\\/radioljubuski.ba\\\/?s={search_term_string}\"},\"query-input\":{\"@type\":\"PropertyValueSpecification\",\"valueRequired\":true,\"valueName\":\"search_term_string\"}}],\"inLanguage\":\"hr\"},{\"@type\":\"Organization\",\"@id\":\"https:\\\/\\\/radioljubuski.ba\\\/#organization\",\"name\":\"Radio Ljubu\u0161ki\",\"url\":\"https:\\\/\\\/radioljubuski.ba\\\/\",\"logo\":{\"@type\":\"ImageObject\",\"inLanguage\":\"hr\",\"@id\":\"https:\\\/\\\/radioljubuski.ba\\\/#\\\/schema\\\/logo\\\/image\\\/\",\"url\":\"https:\\\/\\\/radioljubuski.ba\\\/wp-content\\\/uploads\\\/2021\\\/02\\\/cropped-Radio_Ljubuski_logo1.jpg\",\"contentUrl\":\"https:\\\/\\\/radioljubuski.ba\\\/wp-content\\\/uploads\\\/2021\\\/02\\\/cropped-Radio_Ljubuski_logo1.jpg\",\"width\":512,\"height\":512,\"caption\":\"Radio Ljubu\u0161ki\"},\"image\":{\"@id\":\"https:\\\/\\\/radioljubuski.ba\\\/#\\\/schema\\\/logo\\\/image\\\/\"},\"sameAs\":[\"https:\\\/\\\/www.facebook.com\\\/Radiio-Ljubuski-1490835324566332\",\"https:\\\/\\\/x.com\\\/radioljubuski\",\"https:\\\/\\\/hr.linkedin.com\\\/company\\\/radio-ljubuski\",\"https:\\\/\\\/www.youtube.com\\\/channel\\\/UCHYaeO_n0Db3tjNGudGpXyw\"]},{\"@type\":\"Person\",\"@id\":\"https:\\\/\\\/radioljubuski.ba\\\/#\\\/schema\\\/person\\\/19fc700381a780f69665d7956c469e3b\",\"name\":\"Radio Ljubu\u0161ki\"}]}<\/script>\n<!-- \/ Yoast SEO plugin. -->","yoast_head_json":{"title":"Oto\u010dki misterij koji nije razja\u0161njen posljednje 23 godine - RADIO LJUBU\u0160KI","robots":{"index":"index","follow":"follow","max-snippet":"max-snippet:-1","max-image-preview":"max-image-preview:large","max-video-preview":"max-video-preview:-1"},"canonical":"https:\/\/radioljubuski.ba\/index.php\/2022\/05\/23\/otocki-misterij-koji-nije-razjasnjen-posljednje-23-godine\/","og_locale":"hr_HR","og_type":"article","og_title":"Oto\u010dki misterij koji nije razja\u0161njen posljednje 23 godine - RADIO LJUBU\u0160KI","og_description":"Unutar ovoga trokuta prona\u0111eno je kamenje koje je izazvalo pozornost brojnih geologa, ali i ufologa. Tijekom mjerenja tla kod Tustog \u010dela na otoku Pagu 9. svibnja 1999. godine hrvatski geodet Zdenko Grbavac otkrio je misteriju. To\u010dnije, otkrio je neobi\u010dnu kamenu formaciju u obliku trokuta koja je prozvana Pa\u0161kim trokutom. Vrlo brzo je ustanovljeno da je [&hellip;]","og_url":"https:\/\/radioljubuski.ba\/index.php\/2022\/05\/23\/otocki-misterij-koji-nije-razjasnjen-posljednje-23-godine\/","og_site_name":"RADIO LJUBU\u0160KI","article_publisher":"https:\/\/www.facebook.com\/Radiio-Ljubuski-1490835324566332","article_published_time":"2022-05-23T07:38:02+00:00","article_modified_time":"2022-05-23T07:38:04+00:00","og_image":[{"width":800,"height":550,"url":"https:\/\/radioljubuski.ba\/wp-content\/uploads\/2022\/05\/paski-trokut1.jpg","type":"image\/jpeg"}],"author":"Radio Ljubu\u0161ki","twitter_card":"summary_large_image","twitter_creator":"@radioljubuski","twitter_site":"@radioljubuski","twitter_misc":{"Napisao\/la":"Radio Ljubu\u0161ki","Procijenjeno vrijeme \u010ditanja":"2 minute"},"schema":{"@context":"https:\/\/schema.org","@graph":[{"@type":"Article","@id":"https:\/\/radioljubuski.ba\/index.php\/2022\/05\/23\/otocki-misterij-koji-nije-razjasnjen-posljednje-23-godine\/#article","isPartOf":{"@id":"https:\/\/radioljubuski.ba\/index.php\/2022\/05\/23\/otocki-misterij-koji-nije-razjasnjen-posljednje-23-godine\/"},"author":{"name":"Radio Ljubu\u0161ki","@id":"https:\/\/radioljubuski.ba\/#\/schema\/person\/19fc700381a780f69665d7956c469e3b"},"headline":"Oto\u010dki misterij koji nije razja\u0161njen posljednje 23 godine","datePublished":"2022-05-23T07:38:02+00:00","dateModified":"2022-05-23T07:38:04+00:00","mainEntityOfPage":{"@id":"https:\/\/radioljubuski.ba\/index.php\/2022\/05\/23\/otocki-misterij-koji-nije-razjasnjen-posljednje-23-godine\/"},"wordCount":371,"publisher":{"@id":"https:\/\/radioljubuski.ba\/#organization"},"image":{"@id":"https:\/\/radioljubuski.ba\/index.php\/2022\/05\/23\/otocki-misterij-koji-nije-razjasnjen-posljednje-23-godine\/#primaryimage"},"thumbnailUrl":"https:\/\/radioljubuski.ba\/wp-content\/uploads\/2022\/05\/paski-trokut1.jpg","articleSection":["BIH i regija"],"inLanguage":"hr"},{"@type":"WebPage","@id":"https:\/\/radioljubuski.ba\/index.php\/2022\/05\/23\/otocki-misterij-koji-nije-razjasnjen-posljednje-23-godine\/","url":"https:\/\/radioljubuski.ba\/index.php\/2022\/05\/23\/otocki-misterij-koji-nije-razjasnjen-posljednje-23-godine\/","name":"Oto\u010dki misterij koji nije razja\u0161njen posljednje 23 godine - RADIO LJUBU\u0160KI","isPartOf":{"@id":"https:\/\/radioljubuski.ba\/#website"},"primaryImageOfPage":{"@id":"https:\/\/radioljubuski.ba\/index.php\/2022\/05\/23\/otocki-misterij-koji-nije-razjasnjen-posljednje-23-godine\/#primaryimage"},"image":{"@id":"https:\/\/radioljubuski.ba\/index.php\/2022\/05\/23\/otocki-misterij-koji-nije-razjasnjen-posljednje-23-godine\/#primaryimage"},"thumbnailUrl":"https:\/\/radioljubuski.ba\/wp-content\/uploads\/2022\/05\/paski-trokut1.jpg","datePublished":"2022-05-23T07:38:02+00:00","dateModified":"2022-05-23T07:38:04+00:00","breadcrumb":{"@id":"https:\/\/radioljubuski.ba\/index.php\/2022\/05\/23\/otocki-misterij-koji-nije-razjasnjen-posljednje-23-godine\/#breadcrumb"},"inLanguage":"hr","potentialAction":[{"@type":"ReadAction","target":["https:\/\/radioljubuski.ba\/index.php\/2022\/05\/23\/otocki-misterij-koji-nije-razjasnjen-posljednje-23-godine\/"]}]},{"@type":"ImageObject","inLanguage":"hr","@id":"https:\/\/radioljubuski.ba\/index.php\/2022\/05\/23\/otocki-misterij-koji-nije-razjasnjen-posljednje-23-godine\/#primaryimage","url":"https:\/\/radioljubuski.ba\/wp-content\/uploads\/2022\/05\/paski-trokut1.jpg","contentUrl":"https:\/\/radioljubuski.ba\/wp-content\/uploads\/2022\/05\/paski-trokut1.jpg","width":800,"height":550},{"@type":"BreadcrumbList","@id":"https:\/\/radioljubuski.ba\/index.php\/2022\/05\/23\/otocki-misterij-koji-nije-razjasnjen-posljednje-23-godine\/#breadcrumb","itemListElement":[{"@type":"ListItem","position":1,"name":"Po\u010detna stranica","item":"https:\/\/radioljubuski.ba\/"},{"@type":"ListItem","position":2,"name":"Oto\u010dki misterij koji nije razja\u0161njen posljednje 23 godine"}]},{"@type":"WebSite","@id":"https:\/\/radioljubuski.ba\/#website","url":"https:\/\/radioljubuski.ba\/","name":"Radio Ljubu\u0161ki","description":"Sun\u010dana frekvencija Hercegovine","publisher":{"@id":"https:\/\/radioljubuski.ba\/#organization"},"potentialAction":[{"@type":"SearchAction","target":{"@type":"EntryPoint","urlTemplate":"https:\/\/radioljubuski.ba\/?s={search_term_string}"},"query-input":{"@type":"PropertyValueSpecification","valueRequired":true,"valueName":"search_term_string"}}],"inLanguage":"hr"},{"@type":"Organization","@id":"https:\/\/radioljubuski.ba\/#organization","name":"Radio Ljubu\u0161ki","url":"https:\/\/radioljubuski.ba\/","logo":{"@type":"ImageObject","inLanguage":"hr","@id":"https:\/\/radioljubuski.ba\/#\/schema\/logo\/image\/","url":"https:\/\/radioljubuski.ba\/wp-content\/uploads\/2021\/02\/cropped-Radio_Ljubuski_logo1.jpg","contentUrl":"https:\/\/radioljubuski.ba\/wp-content\/uploads\/2021\/02\/cropped-Radio_Ljubuski_logo1.jpg","width":512,"height":512,"caption":"Radio Ljubu\u0161ki"},"image":{"@id":"https:\/\/radioljubuski.ba\/#\/schema\/logo\/image\/"},"sameAs":["https:\/\/www.facebook.com\/Radiio-Ljubuski-1490835324566332","https:\/\/x.com\/radioljubuski","https:\/\/hr.linkedin.com\/company\/radio-ljubuski","https:\/\/www.youtube.com\/channel\/UCHYaeO_n0Db3tjNGudGpXyw"]},{"@type":"Person","@id":"https:\/\/radioljubuski.ba\/#\/schema\/person\/19fc700381a780f69665d7956c469e3b","name":"Radio Ljubu\u0161ki"}]}},"_links":{"self":[{"href":"https:\/\/radioljubuski.ba\/index.php\/wp-json\/wp\/v2\/posts\/143193","targetHints":{"allow":["GET"]}}],"collection":[{"href":"https:\/\/radioljubuski.ba\/index.php\/wp-json\/wp\/v2\/posts"}],"about":[{"href":"https:\/\/radioljubuski.ba\/index.php\/wp-json\/wp\/v2\/types\/post"}],"author":[{"embeddable":true,"href":"https:\/\/radioljubuski.ba\/index.php\/wp-json\/wp\/v2\/users\/2"}],"replies":[{"embeddable":true,"href":"https:\/\/radioljubuski.ba\/index.php\/wp-json\/wp\/v2\/comments?post=143193"}],"version-history":[{"count":1,"href":"https:\/\/radioljubuski.ba\/index.php\/wp-json\/wp\/v2\/posts\/143193\/revisions"}],"predecessor-version":[{"id":143195,"href":"https:\/\/radioljubuski.ba\/index.php\/wp-json\/wp\/v2\/posts\/143193\/revisions\/143195"}],"wp:featuredmedia":[{"embeddable":true,"href":"https:\/\/radioljubuski.ba\/index.php\/wp-json\/wp\/v2\/media\/143194"}],"wp:attachment":[{"href":"https:\/\/radioljubuski.ba\/index.php\/wp-json\/wp\/v2\/media?parent=143193"}],"wp:term":[{"taxonomy":"category","embeddable":true,"href":"https:\/\/radioljubuski.ba\/index.php\/wp-json\/wp\/v2\/categories?post=143193"},{"taxonomy":"post_tag","embeddable":true,"href":"https:\/\/radioljubuski.ba\/index.php\/wp-json\/wp\/v2\/tags?post=143193"}],"curies":[{"name":"wp","href":"https:\/\/api.w.org\/{rel}","templated":true}]}}