{"id":143203,"date":"2022-05-23T08:55:36","date_gmt":"2022-05-23T07:55:36","guid":{"rendered":"https:\/\/radioljubuski.ba\/?p=143203"},"modified":"2022-05-23T08:55:38","modified_gmt":"2022-05-23T07:55:38","slug":"cijene-stanova-skocile-kvadrat-kosta-koliko-dvije-prosjecne-place-u-bih","status":"publish","type":"post","link":"https:\/\/radioljubuski.ba\/index.php\/2022\/05\/23\/cijene-stanova-skocile-kvadrat-kosta-koliko-dvije-prosjecne-place-u-bih\/","title":{"rendered":"Cijene stanova &#8216;sko\u010dile&#8217;: Kvadrat ko\u0161ta koliko dvije prosje\u010dne pla\u0107e u BiH"},"content":{"rendered":"\n<p>Prosje\u010dna cijena prodanih novih stanova u prvom tromjese\u010dju ove godine u Bosni i Hercegovini iznosila je 2.248 KM po kvadratnom metru.<\/p>\n\n\n\n<p>Za godinu dana, cijena kvadrata poskupila je za 447 KM ili za skoro 25 posto.<\/p>\n\n\n\n<p>Prema podacima Agencije za statistiku BiH, prosje\u010dna cijena prodanih novih stanova u prvom tromjese\u010dju pro\u0161le godine iznosila je 1.801 KM.<\/p>\n\n\n\n<p>&#8220;U usporedbi sa prosje\u010dnom cijenom prodanih novih stanova u 2021. godini, u prvom kvartalu ove godine prosje\u010dna cijena ve\u0107a je za 23 posto, a u odnosu na isti period lani ve\u0107a je za 24,9 posto &#8220;, priop\u0107ili su iz ove agencije.<\/p>\n\n\n\n<p>Za godinu dana, kvadrat gra\u0111evinskog zemlji\u0161ta poskupio je sa 185 na 226 KM, u prosjeku. Cijena gradnje i dobit izvo\u0111a\u010da pove\u0107ani su sa 1.141 na 1.426, dok su ostali tro\u0161kovi porasli sa 475 na 596 KM.<\/p>\n\n\n\n<p>Prakti\u010dno, kvadrat stana u novogradnji u prvom tromjese\u010dju ove godine ko\u0161tao je koliko iznose dvije prosje\u010dne pla\u0107e u BiH. Naime, prosje\u010dna mjese\u010dna ispla\u0107ena neto pla\u0107a po zaposlenome u BiH je u o\u017eujku 2022. iznosila 1.092 KM.<\/p>\n\n\n\n<p>Analiza Agencije za statistiku BiH pokazuje da je broj prodanih novih stanova u prvom tromjese\u010dju 2022. godine, u odnosu na prvo tromjese\u010dje 2021, ve\u0107i je za 1,5%. U odnosu na prosje\u010dan broj prodatih novih stanova u 2021. godini manji je za 32,3 posto.<\/p>\n\n\n\n<p>Izvor:<a href=\"https:\/\/pogled.ba\/gospodarstvo\/cijene-stanova-skocile-kvadrat-kosta-koliko-dvije-prosjecne-place-u-bih\/246045\">Pogled.ba<\/a><\/p>\n","protected":false},"excerpt":{"rendered":"<p>Prosje\u010dna cijena prodanih novih stanova u prvom tromjese\u010dju ove godine u Bosni i Hercegovini iznosila je 2.248 KM po kvadratnom metru. Za godinu dana, cijena kvadrata poskupila je za 447 KM ili za skoro 25 posto. Prema podacima Agencije za statistiku BiH, prosje\u010dna cijena prodanih novih stanova u prvom tromjese\u010dju pro\u0161le godine iznosila je 1.801 [&hellip;]<\/p>\n","protected":false},"author":2,"featured_media":143204,"comment_status":"closed","ping_status":"closed","sticky":false,"template":"","format":"standard","meta":{"h5ap_radio_sources":[],"footnotes":""},"categories":[1],"tags":[],"class_list":["post-143203","post","type-post","status-publish","format-standard","has-post-thumbnail","hentry","category-bihiregija"],"yoast_head":"<!-- This site is optimized with the Yoast SEO plugin v27.5 - https:\/\/yoast.com\/product\/yoast-seo-wordpress\/ -->\n<title>Cijene stanova &#039;sko\u010dile&#039;: Kvadrat ko\u0161ta koliko dvije prosje\u010dne pla\u0107e u BiH - RADIO LJUBU\u0160KI<\/title>\n<meta name=\"robots\" content=\"index, follow, max-snippet:-1, max-image-preview:large, max-video-preview:-1\" \/>\n<link rel=\"canonical\" href=\"https:\/\/radioljubuski.ba\/index.php\/2022\/05\/23\/cijene-stanova-skocile-kvadrat-kosta-koliko-dvije-prosjecne-place-u-bih\/\" \/>\n<meta property=\"og:locale\" content=\"hr_HR\" \/>\n<meta property=\"og:type\" content=\"article\" \/>\n<meta property=\"og:title\" content=\"Cijene stanova &#039;sko\u010dile&#039;: Kvadrat ko\u0161ta koliko dvije prosje\u010dne pla\u0107e u BiH - RADIO LJUBU\u0160KI\" \/>\n<meta property=\"og:description\" content=\"Prosje\u010dna cijena prodanih novih stanova u prvom tromjese\u010dju ove godine u Bosni i Hercegovini iznosila je 2.248 KM po kvadratnom metru. Za godinu dana, cijena kvadrata poskupila je za 447 KM ili za skoro 25 posto. Prema podacima Agencije za statistiku BiH, prosje\u010dna cijena prodanih novih stanova u prvom tromjese\u010dju pro\u0161le godine iznosila je 1.801 [&hellip;]\" \/>\n<meta property=\"og:url\" content=\"https:\/\/radioljubuski.ba\/index.php\/2022\/05\/23\/cijene-stanova-skocile-kvadrat-kosta-koliko-dvije-prosjecne-place-u-bih\/\" \/>\n<meta property=\"og:site_name\" content=\"RADIO LJUBU\u0160KI\" \/>\n<meta property=\"article:publisher\" content=\"https:\/\/www.facebook.com\/Radiio-Ljubuski-1490835324566332\" \/>\n<meta property=\"article:published_time\" content=\"2022-05-23T07:55:36+00:00\" \/>\n<meta property=\"article:modified_time\" content=\"2022-05-23T07:55:38+00:00\" \/>\n<meta property=\"og:image\" content=\"https:\/\/radioljubuski.ba\/wp-content\/uploads\/2022\/05\/8-2022-02-16-07-32-06-zgrada-stanovi.jpg\" \/>\n\t<meta property=\"og:image:width\" content=\"1000\" \/>\n\t<meta property=\"og:image:height\" content=\"625\" \/>\n\t<meta property=\"og:image:type\" content=\"image\/jpeg\" \/>\n<meta name=\"author\" content=\"Radio Ljubu\u0161ki\" \/>\n<meta name=\"twitter:card\" content=\"summary_large_image\" \/>\n<meta name=\"twitter:creator\" content=\"@radioljubuski\" \/>\n<meta name=\"twitter:site\" content=\"@radioljubuski\" \/>\n<meta name=\"twitter:label1\" content=\"Napisao\/la\" \/>\n\t<meta name=\"twitter:data1\" content=\"Radio Ljubu\u0161ki\" \/>\n\t<meta name=\"twitter:label2\" content=\"Procijenjeno vrijeme \u010ditanja\" \/>\n\t<meta name=\"twitter:data2\" content=\"1 minuta\" \/>\n<script type=\"application\/ld+json\" class=\"yoast-schema-graph\">{\"@context\":\"https:\\\/\\\/schema.org\",\"@graph\":[{\"@type\":\"Article\",\"@id\":\"https:\\\/\\\/radioljubuski.ba\\\/index.php\\\/2022\\\/05\\\/23\\\/cijene-stanova-skocile-kvadrat-kosta-koliko-dvije-prosjecne-place-u-bih\\\/#article\",\"isPartOf\":{\"@id\":\"https:\\\/\\\/radioljubuski.ba\\\/index.php\\\/2022\\\/05\\\/23\\\/cijene-stanova-skocile-kvadrat-kosta-koliko-dvije-prosjecne-place-u-bih\\\/\"},\"author\":{\"name\":\"Radio Ljubu\u0161ki\",\"@id\":\"https:\\\/\\\/radioljubuski.ba\\\/#\\\/schema\\\/person\\\/19fc700381a780f69665d7956c469e3b\"},\"headline\":\"Cijene stanova &#8216;sko\u010dile&#8217;: Kvadrat ko\u0161ta koliko dvije prosje\u010dne pla\u0107e u BiH\",\"datePublished\":\"2022-05-23T07:55:36+00:00\",\"dateModified\":\"2022-05-23T07:55:38+00:00\",\"mainEntityOfPage\":{\"@id\":\"https:\\\/\\\/radioljubuski.ba\\\/index.php\\\/2022\\\/05\\\/23\\\/cijene-stanova-skocile-kvadrat-kosta-koliko-dvije-prosjecne-place-u-bih\\\/\"},\"wordCount\":239,\"publisher\":{\"@id\":\"https:\\\/\\\/radioljubuski.ba\\\/#organization\"},\"image\":{\"@id\":\"https:\\\/\\\/radioljubuski.ba\\\/index.php\\\/2022\\\/05\\\/23\\\/cijene-stanova-skocile-kvadrat-kosta-koliko-dvije-prosjecne-place-u-bih\\\/#primaryimage\"},\"thumbnailUrl\":\"https:\\\/\\\/radioljubuski.ba\\\/wp-content\\\/uploads\\\/2022\\\/05\\\/8-2022-02-16-07-32-06-zgrada-stanovi.jpg\",\"articleSection\":[\"BIH i regija\"],\"inLanguage\":\"hr\"},{\"@type\":\"WebPage\",\"@id\":\"https:\\\/\\\/radioljubuski.ba\\\/index.php\\\/2022\\\/05\\\/23\\\/cijene-stanova-skocile-kvadrat-kosta-koliko-dvije-prosjecne-place-u-bih\\\/\",\"url\":\"https:\\\/\\\/radioljubuski.ba\\\/index.php\\\/2022\\\/05\\\/23\\\/cijene-stanova-skocile-kvadrat-kosta-koliko-dvije-prosjecne-place-u-bih\\\/\",\"name\":\"Cijene stanova 'sko\u010dile': Kvadrat ko\u0161ta koliko dvije prosje\u010dne pla\u0107e u BiH - RADIO LJUBU\u0160KI\",\"isPartOf\":{\"@id\":\"https:\\\/\\\/radioljubuski.ba\\\/#website\"},\"primaryImageOfPage\":{\"@id\":\"https:\\\/\\\/radioljubuski.ba\\\/index.php\\\/2022\\\/05\\\/23\\\/cijene-stanova-skocile-kvadrat-kosta-koliko-dvije-prosjecne-place-u-bih\\\/#primaryimage\"},\"image\":{\"@id\":\"https:\\\/\\\/radioljubuski.ba\\\/index.php\\\/2022\\\/05\\\/23\\\/cijene-stanova-skocile-kvadrat-kosta-koliko-dvije-prosjecne-place-u-bih\\\/#primaryimage\"},\"thumbnailUrl\":\"https:\\\/\\\/radioljubuski.ba\\\/wp-content\\\/uploads\\\/2022\\\/05\\\/8-2022-02-16-07-32-06-zgrada-stanovi.jpg\",\"datePublished\":\"2022-05-23T07:55:36+00:00\",\"dateModified\":\"2022-05-23T07:55:38+00:00\",\"breadcrumb\":{\"@id\":\"https:\\\/\\\/radioljubuski.ba\\\/index.php\\\/2022\\\/05\\\/23\\\/cijene-stanova-skocile-kvadrat-kosta-koliko-dvije-prosjecne-place-u-bih\\\/#breadcrumb\"},\"inLanguage\":\"hr\",\"potentialAction\":[{\"@type\":\"ReadAction\",\"target\":[\"https:\\\/\\\/radioljubuski.ba\\\/index.php\\\/2022\\\/05\\\/23\\\/cijene-stanova-skocile-kvadrat-kosta-koliko-dvije-prosjecne-place-u-bih\\\/\"]}]},{\"@type\":\"ImageObject\",\"inLanguage\":\"hr\",\"@id\":\"https:\\\/\\\/radioljubuski.ba\\\/index.php\\\/2022\\\/05\\\/23\\\/cijene-stanova-skocile-kvadrat-kosta-koliko-dvije-prosjecne-place-u-bih\\\/#primaryimage\",\"url\":\"https:\\\/\\\/radioljubuski.ba\\\/wp-content\\\/uploads\\\/2022\\\/05\\\/8-2022-02-16-07-32-06-zgrada-stanovi.jpg\",\"contentUrl\":\"https:\\\/\\\/radioljubuski.ba\\\/wp-content\\\/uploads\\\/2022\\\/05\\\/8-2022-02-16-07-32-06-zgrada-stanovi.jpg\",\"width\":1000,\"height\":625},{\"@type\":\"BreadcrumbList\",\"@id\":\"https:\\\/\\\/radioljubuski.ba\\\/index.php\\\/2022\\\/05\\\/23\\\/cijene-stanova-skocile-kvadrat-kosta-koliko-dvije-prosjecne-place-u-bih\\\/#breadcrumb\",\"itemListElement\":[{\"@type\":\"ListItem\",\"position\":1,\"name\":\"Po\u010detna stranica\",\"item\":\"https:\\\/\\\/radioljubuski.ba\\\/\"},{\"@type\":\"ListItem\",\"position\":2,\"name\":\"Cijene stanova &#8216;sko\u010dile&#8217;: Kvadrat ko\u0161ta koliko dvije prosje\u010dne pla\u0107e u BiH\"}]},{\"@type\":\"WebSite\",\"@id\":\"https:\\\/\\\/radioljubuski.ba\\\/#website\",\"url\":\"https:\\\/\\\/radioljubuski.ba\\\/\",\"name\":\"Radio Ljubu\u0161ki\",\"description\":\"Sun\u010dana frekvencija Hercegovine\",\"publisher\":{\"@id\":\"https:\\\/\\\/radioljubuski.ba\\\/#organization\"},\"potentialAction\":[{\"@type\":\"SearchAction\",\"target\":{\"@type\":\"EntryPoint\",\"urlTemplate\":\"https:\\\/\\\/radioljubuski.ba\\\/?s={search_term_string}\"},\"query-input\":{\"@type\":\"PropertyValueSpecification\",\"valueRequired\":true,\"valueName\":\"search_term_string\"}}],\"inLanguage\":\"hr\"},{\"@type\":\"Organization\",\"@id\":\"https:\\\/\\\/radioljubuski.ba\\\/#organization\",\"name\":\"Radio Ljubu\u0161ki\",\"url\":\"https:\\\/\\\/radioljubuski.ba\\\/\",\"logo\":{\"@type\":\"ImageObject\",\"inLanguage\":\"hr\",\"@id\":\"https:\\\/\\\/radioljubuski.ba\\\/#\\\/schema\\\/logo\\\/image\\\/\",\"url\":\"https:\\\/\\\/radioljubuski.ba\\\/wp-content\\\/uploads\\\/2021\\\/02\\\/cropped-Radio_Ljubuski_logo1.jpg\",\"contentUrl\":\"https:\\\/\\\/radioljubuski.ba\\\/wp-content\\\/uploads\\\/2021\\\/02\\\/cropped-Radio_Ljubuski_logo1.jpg\",\"width\":512,\"height\":512,\"caption\":\"Radio Ljubu\u0161ki\"},\"image\":{\"@id\":\"https:\\\/\\\/radioljubuski.ba\\\/#\\\/schema\\\/logo\\\/image\\\/\"},\"sameAs\":[\"https:\\\/\\\/www.facebook.com\\\/Radiio-Ljubuski-1490835324566332\",\"https:\\\/\\\/x.com\\\/radioljubuski\",\"https:\\\/\\\/hr.linkedin.com\\\/company\\\/radio-ljubuski\",\"https:\\\/\\\/www.youtube.com\\\/channel\\\/UCHYaeO_n0Db3tjNGudGpXyw\"]},{\"@type\":\"Person\",\"@id\":\"https:\\\/\\\/radioljubuski.ba\\\/#\\\/schema\\\/person\\\/19fc700381a780f69665d7956c469e3b\",\"name\":\"Radio Ljubu\u0161ki\"}]}<\/script>\n<!-- \/ Yoast SEO plugin. -->","yoast_head_json":{"title":"Cijene stanova 'sko\u010dile': Kvadrat ko\u0161ta koliko dvije prosje\u010dne pla\u0107e u BiH - RADIO LJUBU\u0160KI","robots":{"index":"index","follow":"follow","max-snippet":"max-snippet:-1","max-image-preview":"max-image-preview:large","max-video-preview":"max-video-preview:-1"},"canonical":"https:\/\/radioljubuski.ba\/index.php\/2022\/05\/23\/cijene-stanova-skocile-kvadrat-kosta-koliko-dvije-prosjecne-place-u-bih\/","og_locale":"hr_HR","og_type":"article","og_title":"Cijene stanova 'sko\u010dile': Kvadrat ko\u0161ta koliko dvije prosje\u010dne pla\u0107e u BiH - RADIO LJUBU\u0160KI","og_description":"Prosje\u010dna cijena prodanih novih stanova u prvom tromjese\u010dju ove godine u Bosni i Hercegovini iznosila je 2.248 KM po kvadratnom metru. Za godinu dana, cijena kvadrata poskupila je za 447 KM ili za skoro 25 posto. Prema podacima Agencije za statistiku BiH, prosje\u010dna cijena prodanih novih stanova u prvom tromjese\u010dju pro\u0161le godine iznosila je 1.801 [&hellip;]","og_url":"https:\/\/radioljubuski.ba\/index.php\/2022\/05\/23\/cijene-stanova-skocile-kvadrat-kosta-koliko-dvije-prosjecne-place-u-bih\/","og_site_name":"RADIO LJUBU\u0160KI","article_publisher":"https:\/\/www.facebook.com\/Radiio-Ljubuski-1490835324566332","article_published_time":"2022-05-23T07:55:36+00:00","article_modified_time":"2022-05-23T07:55:38+00:00","og_image":[{"width":1000,"height":625,"url":"https:\/\/radioljubuski.ba\/wp-content\/uploads\/2022\/05\/8-2022-02-16-07-32-06-zgrada-stanovi.jpg","type":"image\/jpeg"}],"author":"Radio Ljubu\u0161ki","twitter_card":"summary_large_image","twitter_creator":"@radioljubuski","twitter_site":"@radioljubuski","twitter_misc":{"Napisao\/la":"Radio Ljubu\u0161ki","Procijenjeno vrijeme \u010ditanja":"1 minuta"},"schema":{"@context":"https:\/\/schema.org","@graph":[{"@type":"Article","@id":"https:\/\/radioljubuski.ba\/index.php\/2022\/05\/23\/cijene-stanova-skocile-kvadrat-kosta-koliko-dvije-prosjecne-place-u-bih\/#article","isPartOf":{"@id":"https:\/\/radioljubuski.ba\/index.php\/2022\/05\/23\/cijene-stanova-skocile-kvadrat-kosta-koliko-dvije-prosjecne-place-u-bih\/"},"author":{"name":"Radio Ljubu\u0161ki","@id":"https:\/\/radioljubuski.ba\/#\/schema\/person\/19fc700381a780f69665d7956c469e3b"},"headline":"Cijene stanova &#8216;sko\u010dile&#8217;: Kvadrat ko\u0161ta koliko dvije prosje\u010dne pla\u0107e u BiH","datePublished":"2022-05-23T07:55:36+00:00","dateModified":"2022-05-23T07:55:38+00:00","mainEntityOfPage":{"@id":"https:\/\/radioljubuski.ba\/index.php\/2022\/05\/23\/cijene-stanova-skocile-kvadrat-kosta-koliko-dvije-prosjecne-place-u-bih\/"},"wordCount":239,"publisher":{"@id":"https:\/\/radioljubuski.ba\/#organization"},"image":{"@id":"https:\/\/radioljubuski.ba\/index.php\/2022\/05\/23\/cijene-stanova-skocile-kvadrat-kosta-koliko-dvije-prosjecne-place-u-bih\/#primaryimage"},"thumbnailUrl":"https:\/\/radioljubuski.ba\/wp-content\/uploads\/2022\/05\/8-2022-02-16-07-32-06-zgrada-stanovi.jpg","articleSection":["BIH i regija"],"inLanguage":"hr"},{"@type":"WebPage","@id":"https:\/\/radioljubuski.ba\/index.php\/2022\/05\/23\/cijene-stanova-skocile-kvadrat-kosta-koliko-dvije-prosjecne-place-u-bih\/","url":"https:\/\/radioljubuski.ba\/index.php\/2022\/05\/23\/cijene-stanova-skocile-kvadrat-kosta-koliko-dvije-prosjecne-place-u-bih\/","name":"Cijene stanova 'sko\u010dile': Kvadrat ko\u0161ta koliko dvije prosje\u010dne pla\u0107e u BiH - RADIO LJUBU\u0160KI","isPartOf":{"@id":"https:\/\/radioljubuski.ba\/#website"},"primaryImageOfPage":{"@id":"https:\/\/radioljubuski.ba\/index.php\/2022\/05\/23\/cijene-stanova-skocile-kvadrat-kosta-koliko-dvije-prosjecne-place-u-bih\/#primaryimage"},"image":{"@id":"https:\/\/radioljubuski.ba\/index.php\/2022\/05\/23\/cijene-stanova-skocile-kvadrat-kosta-koliko-dvije-prosjecne-place-u-bih\/#primaryimage"},"thumbnailUrl":"https:\/\/radioljubuski.ba\/wp-content\/uploads\/2022\/05\/8-2022-02-16-07-32-06-zgrada-stanovi.jpg","datePublished":"2022-05-23T07:55:36+00:00","dateModified":"2022-05-23T07:55:38+00:00","breadcrumb":{"@id":"https:\/\/radioljubuski.ba\/index.php\/2022\/05\/23\/cijene-stanova-skocile-kvadrat-kosta-koliko-dvije-prosjecne-place-u-bih\/#breadcrumb"},"inLanguage":"hr","potentialAction":[{"@type":"ReadAction","target":["https:\/\/radioljubuski.ba\/index.php\/2022\/05\/23\/cijene-stanova-skocile-kvadrat-kosta-koliko-dvije-prosjecne-place-u-bih\/"]}]},{"@type":"ImageObject","inLanguage":"hr","@id":"https:\/\/radioljubuski.ba\/index.php\/2022\/05\/23\/cijene-stanova-skocile-kvadrat-kosta-koliko-dvije-prosjecne-place-u-bih\/#primaryimage","url":"https:\/\/radioljubuski.ba\/wp-content\/uploads\/2022\/05\/8-2022-02-16-07-32-06-zgrada-stanovi.jpg","contentUrl":"https:\/\/radioljubuski.ba\/wp-content\/uploads\/2022\/05\/8-2022-02-16-07-32-06-zgrada-stanovi.jpg","width":1000,"height":625},{"@type":"BreadcrumbList","@id":"https:\/\/radioljubuski.ba\/index.php\/2022\/05\/23\/cijene-stanova-skocile-kvadrat-kosta-koliko-dvije-prosjecne-place-u-bih\/#breadcrumb","itemListElement":[{"@type":"ListItem","position":1,"name":"Po\u010detna stranica","item":"https:\/\/radioljubuski.ba\/"},{"@type":"ListItem","position":2,"name":"Cijene stanova &#8216;sko\u010dile&#8217;: Kvadrat ko\u0161ta koliko dvije prosje\u010dne pla\u0107e u BiH"}]},{"@type":"WebSite","@id":"https:\/\/radioljubuski.ba\/#website","url":"https:\/\/radioljubuski.ba\/","name":"Radio Ljubu\u0161ki","description":"Sun\u010dana frekvencija Hercegovine","publisher":{"@id":"https:\/\/radioljubuski.ba\/#organization"},"potentialAction":[{"@type":"SearchAction","target":{"@type":"EntryPoint","urlTemplate":"https:\/\/radioljubuski.ba\/?s={search_term_string}"},"query-input":{"@type":"PropertyValueSpecification","valueRequired":true,"valueName":"search_term_string"}}],"inLanguage":"hr"},{"@type":"Organization","@id":"https:\/\/radioljubuski.ba\/#organization","name":"Radio Ljubu\u0161ki","url":"https:\/\/radioljubuski.ba\/","logo":{"@type":"ImageObject","inLanguage":"hr","@id":"https:\/\/radioljubuski.ba\/#\/schema\/logo\/image\/","url":"https:\/\/radioljubuski.ba\/wp-content\/uploads\/2021\/02\/cropped-Radio_Ljubuski_logo1.jpg","contentUrl":"https:\/\/radioljubuski.ba\/wp-content\/uploads\/2021\/02\/cropped-Radio_Ljubuski_logo1.jpg","width":512,"height":512,"caption":"Radio Ljubu\u0161ki"},"image":{"@id":"https:\/\/radioljubuski.ba\/#\/schema\/logo\/image\/"},"sameAs":["https:\/\/www.facebook.com\/Radiio-Ljubuski-1490835324566332","https:\/\/x.com\/radioljubuski","https:\/\/hr.linkedin.com\/company\/radio-ljubuski","https:\/\/www.youtube.com\/channel\/UCHYaeO_n0Db3tjNGudGpXyw"]},{"@type":"Person","@id":"https:\/\/radioljubuski.ba\/#\/schema\/person\/19fc700381a780f69665d7956c469e3b","name":"Radio Ljubu\u0161ki"}]}},"_links":{"self":[{"href":"https:\/\/radioljubuski.ba\/index.php\/wp-json\/wp\/v2\/posts\/143203","targetHints":{"allow":["GET"]}}],"collection":[{"href":"https:\/\/radioljubuski.ba\/index.php\/wp-json\/wp\/v2\/posts"}],"about":[{"href":"https:\/\/radioljubuski.ba\/index.php\/wp-json\/wp\/v2\/types\/post"}],"author":[{"embeddable":true,"href":"https:\/\/radioljubuski.ba\/index.php\/wp-json\/wp\/v2\/users\/2"}],"replies":[{"embeddable":true,"href":"https:\/\/radioljubuski.ba\/index.php\/wp-json\/wp\/v2\/comments?post=143203"}],"version-history":[{"count":1,"href":"https:\/\/radioljubuski.ba\/index.php\/wp-json\/wp\/v2\/posts\/143203\/revisions"}],"predecessor-version":[{"id":143205,"href":"https:\/\/radioljubuski.ba\/index.php\/wp-json\/wp\/v2\/posts\/143203\/revisions\/143205"}],"wp:featuredmedia":[{"embeddable":true,"href":"https:\/\/radioljubuski.ba\/index.php\/wp-json\/wp\/v2\/media\/143204"}],"wp:attachment":[{"href":"https:\/\/radioljubuski.ba\/index.php\/wp-json\/wp\/v2\/media?parent=143203"}],"wp:term":[{"taxonomy":"category","embeddable":true,"href":"https:\/\/radioljubuski.ba\/index.php\/wp-json\/wp\/v2\/categories?post=143203"},{"taxonomy":"post_tag","embeddable":true,"href":"https:\/\/radioljubuski.ba\/index.php\/wp-json\/wp\/v2\/tags?post=143203"}],"curies":[{"name":"wp","href":"https:\/\/api.w.org\/{rel}","templated":true}]}}