{"id":143212,"date":"2022-05-23T09:05:11","date_gmt":"2022-05-23T08:05:11","guid":{"rendered":"https:\/\/radioljubuski.ba\/?p=143212"},"modified":"2022-05-23T14:21:58","modified_gmt":"2022-05-23T13:21:58","slug":"inflacija-u-bih-porasla-na-cak-102","status":"publish","type":"post","link":"https:\/\/radioljubuski.ba\/index.php\/2022\/05\/23\/inflacija-u-bih-porasla-na-cak-102\/","title":{"rendered":"Inflacija u BiH porasla na \u010dak 10,2 %"},"content":{"rendered":"\n<p>Uvidom u posljednje izvje\u0161\u0107e Eurostata jasno je vidljivo gdje se nalazi BiH u odnosu na ostale \u010dlanice Europske unije kada je rije\u010d o inflaciji.<\/p>\n\n\n\n<p>Koliko ekonomska kriza izazvana poreme\u0107ajima u lancima proizvodnje utje\u010de na rast cijena i op\u0107enito smanjenje vrijednosti novca, poznato je svakomu tko svakodnevno kupuje namirnice za dnevnu potro\u0161nju, a uz malo matematike jednostavno je izra\u010dunati u kojoj je mjeri inflacija \u201cpojela\u201d mjese\u010dna primanja bosanskohercegova\u010dke obitelji. <\/p>\n\n\n\n<p>No, ono \u0161to zabrinjava je \u010dinjenica da je stopa inflacije ve\u0107a u BiH u odnosu na prosjek Europske unije, a posebice ako se usporedi \u017eivotni standard, odnosno visina pla\u0107e, ali i cijene prehrambenih proizvoda koje su u pravilu i dalje ni\u017ee u zemljama Unije.<\/p>\n\n\n\n<p>Uvidom u posljednje izvje\u0161\u0107e Eurostata jasno je vidljivo gdje se nalazi BiH u odnosu na ostale \u010dlanice Europske unije kada je rije\u010d o inflaciji, pri \u010demu se mo\u017ee izvu\u0107i zaklju\u010dak kako smo po stopi rasta inflacije u ne\u0161to boljoj poziciji od devet \u010dlanica Unije, od kojih ve\u0107ina ima znatno ve\u0107i \u017eivotni standard. <\/p>\n\n\n\n<p>Kada se tomu doda i situacija u kojoj se ove godine o\u010dekuje ni\u017ei ekonomski rast od projiciranog, dolazi se do zaklju\u010dka kako \u0107e ostatak godine koji je pred nama biti prili\u010dno izazovan u kontekstu ekonomskih, ali i socijalnih kretanja, pi\u0161e Ve\u010dernji list. <\/p>\n\n\n\n<p>Godi\u0161nja inflacija u Europskoj uniji iznosila je 8,1 %, i to mjereno u travnju 2022. godine, a \u0161to je rast u odnosu na o\u017eujak, kada je iznosila 7,8 %. Godinu dana ranije stopa inflacije iznosila je 2 %. Najni\u017ee godi\u0161nje stope registrirane su u Francuskoj, na Malti (po 5,4 %) i u Finskoj (5,8 %), dok su najvi\u0161e godi\u0161nje stope zabilje\u017eene u Estoniji (19,1 %), Litvi (16,6 %) i \u010ce\u0161koj (13,2 %). U usporedbi s o\u017eujkom godi\u0161nja inflacija pala je u tri dr\u017eave \u010dlanice, ostala stabilna u dvije i porasla u 22. U Bosni i Hercegovini, pak, ako se pogledaju podaci koje je objavila Agencija za statistiku, poskupljenje proizvoda i usluga koje se koriste za osobnu potro\u0161nju na godi\u0161njoj razini je 10,2 posto. <\/p>\n\n\n\n<p>Rije\u010d je o podacima za o\u017eujak, tako da je u travnju, uzimaju\u0107i iskustva s terena, vjerojatno do\u0161lo i do dodatnog rasta inflacije, a usporedbom s podacima Eurostata vidljivo je kako je stopa inflacije u BiH manja od one u Estoniji, Litvi, Latviji, \u010ce\u0161koj, Nizozemskoj, Poljskoj, Bugarskoj, Rumunjskoj i Slova\u010dkoj.<\/p>\n\n\n\n<p>No, kao \u0161to je poznato, tu je uglavnom rije\u010d o dr\u017eavama \u010diji su BDP i op\u0107enito \u017eivotni standard ve\u0107i u odnosu na Bosnu i Hercegovinu, a koja je me\u0111u siroma\u0161nijim dr\u017eavama Europe.<\/p>\n\n\n\n<p> Ina\u010de, podaci Agencije za statistiku pokazuju kako su hrana i bezalkoholna pi\u0107a na razini BiH u prosjeku u o\u017eujku ove, u odnosu na isti mjesec pro\u0161le godine, skuplji za 14,8 posto, prijevoz 24,5 posto, dok su cijene ku\u0107anskih ure\u0111aja i redovitog odr\u017eavanja ku\u0107e ve\u0107e u prosjeku za 6,3 posto. <\/p>\n\n\n\n<p>A \u0161to nas \u010deka u bliskoj budu\u0107nosti kada je rije\u010d o inflatornim kretanjima, prili\u010dno je slo\u017eeno pitanje na koje nije mogu\u0107e dati jednozna\u010dan i jednostavan odgovor, posebice zbog \u010dinjenice da je nemogu\u0107e prognozirati razvoj situacije na globalnim tr\u017ei\u0161tima, kao i u lancima proizvodnje te opskrbe, a dijelom i zbog situacije na istoku Europe, pi\u0161e Ve\u010dernji list.<\/p>\n\n\n\n<p> Ipak, predstavnici financijskog sektora, komercijalne banke i osiguravaju\u0107a dru\u0161tva nadaju se kako je inflacija ipak privremenog karaktera, a dokaz tomu su i rezultati ankete koju je Centralna banka BiH provela u o\u017eujku. <\/p>\n\n\n\n<p>Rezultati ankete dalje upu\u0107uju kako je o\u010dekivana stopa inflacije za 2023. godinu na razini od 4,3 %, \u0161to je znatno ni\u017ee od inflatornih o\u010dekivanja za teku\u0107u godinu, a \u0161to dalje upu\u0107uje na percepciju da je skok inflatornih o\u010dekivanja u teku\u0107oj godini privremenog karaktera i da se o\u010dekuje kako bi inflatorni pritisak trebao biti manji u 2023. godini. <\/p>\n\n\n\n<p>Ipak, mnogo toga ovisi o stanju na europskom tr\u017ei\u0161tu, a pritom treba uputiti na nedavne prognoze koje su iznijeli i iz Europske komisije, a u kojima je iznesena procjena kako \u0107e inflacija u europodru\u010dju dosegnuti vrhunac u drugom tromjese\u010dju ove godine, a onda bi trebala po\u010deti postupno padati. <\/p>\n\n\n\n<p>O\u010dekujemo da \u0107e inflacija dosegnuti vrhunac u sada\u0161njem, drugom tromjese\u010dju ove godine i nakon toga po\u010deti postupno padati, rekao je na konferenciji za novinare povjerenik Komisije za gospodarstvo Paolo Gentiloni.<\/p>\n\n\n\n<p>Gospodarstvenici iz Bosne i Hercegovine, kao i gra\u0111ani koji sa zebnjom gledaju na nastavak inflacijskog pritiska, ipak su tom izjavom dobili tra\u010dak optimizma. <\/p>\n\n\n\n<p>Izvor:<a href=\"https:\/\/bljesak.info\/gospodarstvo\/novac\/inflacija-u-bih-porasla-na-cak-102\/383413\">Bljesak.info<\/a><\/p>\n","protected":false},"excerpt":{"rendered":"<p>Uvidom u posljednje izvje\u0161\u0107e Eurostata jasno je vidljivo gdje se nalazi BiH u odnosu na ostale \u010dlanice Europske unije kada je rije\u010d o inflaciji. Koliko ekonomska kriza izazvana poreme\u0107ajima u lancima proizvodnje utje\u010de na rast cijena i op\u0107enito smanjenje vrijednosti novca, poznato je svakomu tko svakodnevno kupuje namirnice za dnevnu potro\u0161nju, a uz malo matematike [&hellip;]<\/p>\n","protected":false},"author":2,"featured_media":143213,"comment_status":"closed","ping_status":"closed","sticky":false,"template":"","format":"standard","meta":{"h5ap_radio_sources":[],"footnotes":""},"categories":[1],"tags":[],"class_list":["post-143212","post","type-post","status-publish","format-standard","has-post-thumbnail","hentry","category-bihiregija"],"yoast_head":"<!-- This site is optimized with the Yoast SEO plugin v27.5 - https:\/\/yoast.com\/product\/yoast-seo-wordpress\/ -->\n<title>Inflacija u BiH porasla na \u010dak 10,2 % - RADIO LJUBU\u0160KI<\/title>\n<meta name=\"robots\" content=\"index, follow, max-snippet:-1, max-image-preview:large, max-video-preview:-1\" \/>\n<link rel=\"canonical\" href=\"https:\/\/radioljubuski.ba\/index.php\/2022\/05\/23\/inflacija-u-bih-porasla-na-cak-102\/\" \/>\n<meta property=\"og:locale\" content=\"hr_HR\" \/>\n<meta property=\"og:type\" content=\"article\" \/>\n<meta property=\"og:title\" content=\"Inflacija u BiH porasla na \u010dak 10,2 % - RADIO LJUBU\u0160KI\" \/>\n<meta property=\"og:description\" content=\"Uvidom u posljednje izvje\u0161\u0107e Eurostata jasno je vidljivo gdje se nalazi BiH u odnosu na ostale \u010dlanice Europske unije kada je rije\u010d o inflaciji. Koliko ekonomska kriza izazvana poreme\u0107ajima u lancima proizvodnje utje\u010de na rast cijena i op\u0107enito smanjenje vrijednosti novca, poznato je svakomu tko svakodnevno kupuje namirnice za dnevnu potro\u0161nju, a uz malo matematike [&hellip;]\" \/>\n<meta property=\"og:url\" content=\"https:\/\/radioljubuski.ba\/index.php\/2022\/05\/23\/inflacija-u-bih-porasla-na-cak-102\/\" \/>\n<meta property=\"og:site_name\" content=\"RADIO LJUBU\u0160KI\" \/>\n<meta property=\"article:publisher\" content=\"https:\/\/www.facebook.com\/Radiio-Ljubuski-1490835324566332\" \/>\n<meta property=\"article:published_time\" content=\"2022-05-23T08:05:11+00:00\" \/>\n<meta property=\"article:modified_time\" content=\"2022-05-23T13:21:58+00:00\" \/>\n<meta property=\"og:image\" content=\"https:\/\/radioljubuski.ba\/wp-content\/uploads\/2022\/05\/hlace-prazni-dzepovii.jpg\" \/>\n\t<meta property=\"og:image:width\" content=\"800\" \/>\n\t<meta property=\"og:image:height\" content=\"550\" \/>\n\t<meta property=\"og:image:type\" content=\"image\/jpeg\" \/>\n<meta name=\"author\" content=\"Radio Ljubu\u0161ki\" \/>\n<meta name=\"twitter:card\" content=\"summary_large_image\" \/>\n<meta name=\"twitter:creator\" content=\"@radioljubuski\" \/>\n<meta name=\"twitter:site\" content=\"@radioljubuski\" \/>\n<meta name=\"twitter:label1\" content=\"Napisao\/la\" \/>\n\t<meta name=\"twitter:data1\" content=\"Radio Ljubu\u0161ki\" \/>\n\t<meta name=\"twitter:label2\" content=\"Procijenjeno vrijeme \u010ditanja\" \/>\n\t<meta name=\"twitter:data2\" content=\"4 minute\" \/>\n<script type=\"application\/ld+json\" class=\"yoast-schema-graph\">{\"@context\":\"https:\\\/\\\/schema.org\",\"@graph\":[{\"@type\":\"Article\",\"@id\":\"https:\\\/\\\/radioljubuski.ba\\\/index.php\\\/2022\\\/05\\\/23\\\/inflacija-u-bih-porasla-na-cak-102\\\/#article\",\"isPartOf\":{\"@id\":\"https:\\\/\\\/radioljubuski.ba\\\/index.php\\\/2022\\\/05\\\/23\\\/inflacija-u-bih-porasla-na-cak-102\\\/\"},\"author\":{\"name\":\"Radio Ljubu\u0161ki\",\"@id\":\"https:\\\/\\\/radioljubuski.ba\\\/#\\\/schema\\\/person\\\/19fc700381a780f69665d7956c469e3b\"},\"headline\":\"Inflacija u BiH porasla na \u010dak 10,2 %\",\"datePublished\":\"2022-05-23T08:05:11+00:00\",\"dateModified\":\"2022-05-23T13:21:58+00:00\",\"mainEntityOfPage\":{\"@id\":\"https:\\\/\\\/radioljubuski.ba\\\/index.php\\\/2022\\\/05\\\/23\\\/inflacija-u-bih-porasla-na-cak-102\\\/\"},\"wordCount\":778,\"publisher\":{\"@id\":\"https:\\\/\\\/radioljubuski.ba\\\/#organization\"},\"image\":{\"@id\":\"https:\\\/\\\/radioljubuski.ba\\\/index.php\\\/2022\\\/05\\\/23\\\/inflacija-u-bih-porasla-na-cak-102\\\/#primaryimage\"},\"thumbnailUrl\":\"https:\\\/\\\/radioljubuski.ba\\\/wp-content\\\/uploads\\\/2022\\\/05\\\/hlace-prazni-dzepovii.jpg\",\"articleSection\":[\"BIH i regija\"],\"inLanguage\":\"hr\"},{\"@type\":\"WebPage\",\"@id\":\"https:\\\/\\\/radioljubuski.ba\\\/index.php\\\/2022\\\/05\\\/23\\\/inflacija-u-bih-porasla-na-cak-102\\\/\",\"url\":\"https:\\\/\\\/radioljubuski.ba\\\/index.php\\\/2022\\\/05\\\/23\\\/inflacija-u-bih-porasla-na-cak-102\\\/\",\"name\":\"Inflacija u BiH porasla na \u010dak 10,2 % - RADIO LJUBU\u0160KI\",\"isPartOf\":{\"@id\":\"https:\\\/\\\/radioljubuski.ba\\\/#website\"},\"primaryImageOfPage\":{\"@id\":\"https:\\\/\\\/radioljubuski.ba\\\/index.php\\\/2022\\\/05\\\/23\\\/inflacija-u-bih-porasla-na-cak-102\\\/#primaryimage\"},\"image\":{\"@id\":\"https:\\\/\\\/radioljubuski.ba\\\/index.php\\\/2022\\\/05\\\/23\\\/inflacija-u-bih-porasla-na-cak-102\\\/#primaryimage\"},\"thumbnailUrl\":\"https:\\\/\\\/radioljubuski.ba\\\/wp-content\\\/uploads\\\/2022\\\/05\\\/hlace-prazni-dzepovii.jpg\",\"datePublished\":\"2022-05-23T08:05:11+00:00\",\"dateModified\":\"2022-05-23T13:21:58+00:00\",\"breadcrumb\":{\"@id\":\"https:\\\/\\\/radioljubuski.ba\\\/index.php\\\/2022\\\/05\\\/23\\\/inflacija-u-bih-porasla-na-cak-102\\\/#breadcrumb\"},\"inLanguage\":\"hr\",\"potentialAction\":[{\"@type\":\"ReadAction\",\"target\":[\"https:\\\/\\\/radioljubuski.ba\\\/index.php\\\/2022\\\/05\\\/23\\\/inflacija-u-bih-porasla-na-cak-102\\\/\"]}]},{\"@type\":\"ImageObject\",\"inLanguage\":\"hr\",\"@id\":\"https:\\\/\\\/radioljubuski.ba\\\/index.php\\\/2022\\\/05\\\/23\\\/inflacija-u-bih-porasla-na-cak-102\\\/#primaryimage\",\"url\":\"https:\\\/\\\/radioljubuski.ba\\\/wp-content\\\/uploads\\\/2022\\\/05\\\/hlace-prazni-dzepovii.jpg\",\"contentUrl\":\"https:\\\/\\\/radioljubuski.ba\\\/wp-content\\\/uploads\\\/2022\\\/05\\\/hlace-prazni-dzepovii.jpg\",\"width\":800,\"height\":550},{\"@type\":\"BreadcrumbList\",\"@id\":\"https:\\\/\\\/radioljubuski.ba\\\/index.php\\\/2022\\\/05\\\/23\\\/inflacija-u-bih-porasla-na-cak-102\\\/#breadcrumb\",\"itemListElement\":[{\"@type\":\"ListItem\",\"position\":1,\"name\":\"Po\u010detna stranica\",\"item\":\"https:\\\/\\\/radioljubuski.ba\\\/\"},{\"@type\":\"ListItem\",\"position\":2,\"name\":\"Inflacija u BiH porasla na \u010dak 10,2 %\"}]},{\"@type\":\"WebSite\",\"@id\":\"https:\\\/\\\/radioljubuski.ba\\\/#website\",\"url\":\"https:\\\/\\\/radioljubuski.ba\\\/\",\"name\":\"Radio Ljubu\u0161ki\",\"description\":\"Sun\u010dana frekvencija Hercegovine\",\"publisher\":{\"@id\":\"https:\\\/\\\/radioljubuski.ba\\\/#organization\"},\"potentialAction\":[{\"@type\":\"SearchAction\",\"target\":{\"@type\":\"EntryPoint\",\"urlTemplate\":\"https:\\\/\\\/radioljubuski.ba\\\/?s={search_term_string}\"},\"query-input\":{\"@type\":\"PropertyValueSpecification\",\"valueRequired\":true,\"valueName\":\"search_term_string\"}}],\"inLanguage\":\"hr\"},{\"@type\":\"Organization\",\"@id\":\"https:\\\/\\\/radioljubuski.ba\\\/#organization\",\"name\":\"Radio Ljubu\u0161ki\",\"url\":\"https:\\\/\\\/radioljubuski.ba\\\/\",\"logo\":{\"@type\":\"ImageObject\",\"inLanguage\":\"hr\",\"@id\":\"https:\\\/\\\/radioljubuski.ba\\\/#\\\/schema\\\/logo\\\/image\\\/\",\"url\":\"https:\\\/\\\/radioljubuski.ba\\\/wp-content\\\/uploads\\\/2021\\\/02\\\/cropped-Radio_Ljubuski_logo1.jpg\",\"contentUrl\":\"https:\\\/\\\/radioljubuski.ba\\\/wp-content\\\/uploads\\\/2021\\\/02\\\/cropped-Radio_Ljubuski_logo1.jpg\",\"width\":512,\"height\":512,\"caption\":\"Radio Ljubu\u0161ki\"},\"image\":{\"@id\":\"https:\\\/\\\/radioljubuski.ba\\\/#\\\/schema\\\/logo\\\/image\\\/\"},\"sameAs\":[\"https:\\\/\\\/www.facebook.com\\\/Radiio-Ljubuski-1490835324566332\",\"https:\\\/\\\/x.com\\\/radioljubuski\",\"https:\\\/\\\/hr.linkedin.com\\\/company\\\/radio-ljubuski\",\"https:\\\/\\\/www.youtube.com\\\/channel\\\/UCHYaeO_n0Db3tjNGudGpXyw\"]},{\"@type\":\"Person\",\"@id\":\"https:\\\/\\\/radioljubuski.ba\\\/#\\\/schema\\\/person\\\/19fc700381a780f69665d7956c469e3b\",\"name\":\"Radio Ljubu\u0161ki\"}]}<\/script>\n<!-- \/ Yoast SEO plugin. -->","yoast_head_json":{"title":"Inflacija u BiH porasla na \u010dak 10,2 % - RADIO LJUBU\u0160KI","robots":{"index":"index","follow":"follow","max-snippet":"max-snippet:-1","max-image-preview":"max-image-preview:large","max-video-preview":"max-video-preview:-1"},"canonical":"https:\/\/radioljubuski.ba\/index.php\/2022\/05\/23\/inflacija-u-bih-porasla-na-cak-102\/","og_locale":"hr_HR","og_type":"article","og_title":"Inflacija u BiH porasla na \u010dak 10,2 % - RADIO LJUBU\u0160KI","og_description":"Uvidom u posljednje izvje\u0161\u0107e Eurostata jasno je vidljivo gdje se nalazi BiH u odnosu na ostale \u010dlanice Europske unije kada je rije\u010d o inflaciji. Koliko ekonomska kriza izazvana poreme\u0107ajima u lancima proizvodnje utje\u010de na rast cijena i op\u0107enito smanjenje vrijednosti novca, poznato je svakomu tko svakodnevno kupuje namirnice za dnevnu potro\u0161nju, a uz malo matematike [&hellip;]","og_url":"https:\/\/radioljubuski.ba\/index.php\/2022\/05\/23\/inflacija-u-bih-porasla-na-cak-102\/","og_site_name":"RADIO LJUBU\u0160KI","article_publisher":"https:\/\/www.facebook.com\/Radiio-Ljubuski-1490835324566332","article_published_time":"2022-05-23T08:05:11+00:00","article_modified_time":"2022-05-23T13:21:58+00:00","og_image":[{"width":800,"height":550,"url":"https:\/\/radioljubuski.ba\/wp-content\/uploads\/2022\/05\/hlace-prazni-dzepovii.jpg","type":"image\/jpeg"}],"author":"Radio Ljubu\u0161ki","twitter_card":"summary_large_image","twitter_creator":"@radioljubuski","twitter_site":"@radioljubuski","twitter_misc":{"Napisao\/la":"Radio Ljubu\u0161ki","Procijenjeno vrijeme \u010ditanja":"4 minute"},"schema":{"@context":"https:\/\/schema.org","@graph":[{"@type":"Article","@id":"https:\/\/radioljubuski.ba\/index.php\/2022\/05\/23\/inflacija-u-bih-porasla-na-cak-102\/#article","isPartOf":{"@id":"https:\/\/radioljubuski.ba\/index.php\/2022\/05\/23\/inflacija-u-bih-porasla-na-cak-102\/"},"author":{"name":"Radio Ljubu\u0161ki","@id":"https:\/\/radioljubuski.ba\/#\/schema\/person\/19fc700381a780f69665d7956c469e3b"},"headline":"Inflacija u BiH porasla na \u010dak 10,2 %","datePublished":"2022-05-23T08:05:11+00:00","dateModified":"2022-05-23T13:21:58+00:00","mainEntityOfPage":{"@id":"https:\/\/radioljubuski.ba\/index.php\/2022\/05\/23\/inflacija-u-bih-porasla-na-cak-102\/"},"wordCount":778,"publisher":{"@id":"https:\/\/radioljubuski.ba\/#organization"},"image":{"@id":"https:\/\/radioljubuski.ba\/index.php\/2022\/05\/23\/inflacija-u-bih-porasla-na-cak-102\/#primaryimage"},"thumbnailUrl":"https:\/\/radioljubuski.ba\/wp-content\/uploads\/2022\/05\/hlace-prazni-dzepovii.jpg","articleSection":["BIH i regija"],"inLanguage":"hr"},{"@type":"WebPage","@id":"https:\/\/radioljubuski.ba\/index.php\/2022\/05\/23\/inflacija-u-bih-porasla-na-cak-102\/","url":"https:\/\/radioljubuski.ba\/index.php\/2022\/05\/23\/inflacija-u-bih-porasla-na-cak-102\/","name":"Inflacija u BiH porasla na \u010dak 10,2 % - RADIO LJUBU\u0160KI","isPartOf":{"@id":"https:\/\/radioljubuski.ba\/#website"},"primaryImageOfPage":{"@id":"https:\/\/radioljubuski.ba\/index.php\/2022\/05\/23\/inflacija-u-bih-porasla-na-cak-102\/#primaryimage"},"image":{"@id":"https:\/\/radioljubuski.ba\/index.php\/2022\/05\/23\/inflacija-u-bih-porasla-na-cak-102\/#primaryimage"},"thumbnailUrl":"https:\/\/radioljubuski.ba\/wp-content\/uploads\/2022\/05\/hlace-prazni-dzepovii.jpg","datePublished":"2022-05-23T08:05:11+00:00","dateModified":"2022-05-23T13:21:58+00:00","breadcrumb":{"@id":"https:\/\/radioljubuski.ba\/index.php\/2022\/05\/23\/inflacija-u-bih-porasla-na-cak-102\/#breadcrumb"},"inLanguage":"hr","potentialAction":[{"@type":"ReadAction","target":["https:\/\/radioljubuski.ba\/index.php\/2022\/05\/23\/inflacija-u-bih-porasla-na-cak-102\/"]}]},{"@type":"ImageObject","inLanguage":"hr","@id":"https:\/\/radioljubuski.ba\/index.php\/2022\/05\/23\/inflacija-u-bih-porasla-na-cak-102\/#primaryimage","url":"https:\/\/radioljubuski.ba\/wp-content\/uploads\/2022\/05\/hlace-prazni-dzepovii.jpg","contentUrl":"https:\/\/radioljubuski.ba\/wp-content\/uploads\/2022\/05\/hlace-prazni-dzepovii.jpg","width":800,"height":550},{"@type":"BreadcrumbList","@id":"https:\/\/radioljubuski.ba\/index.php\/2022\/05\/23\/inflacija-u-bih-porasla-na-cak-102\/#breadcrumb","itemListElement":[{"@type":"ListItem","position":1,"name":"Po\u010detna stranica","item":"https:\/\/radioljubuski.ba\/"},{"@type":"ListItem","position":2,"name":"Inflacija u BiH porasla na \u010dak 10,2 %"}]},{"@type":"WebSite","@id":"https:\/\/radioljubuski.ba\/#website","url":"https:\/\/radioljubuski.ba\/","name":"Radio Ljubu\u0161ki","description":"Sun\u010dana frekvencija Hercegovine","publisher":{"@id":"https:\/\/radioljubuski.ba\/#organization"},"potentialAction":[{"@type":"SearchAction","target":{"@type":"EntryPoint","urlTemplate":"https:\/\/radioljubuski.ba\/?s={search_term_string}"},"query-input":{"@type":"PropertyValueSpecification","valueRequired":true,"valueName":"search_term_string"}}],"inLanguage":"hr"},{"@type":"Organization","@id":"https:\/\/radioljubuski.ba\/#organization","name":"Radio Ljubu\u0161ki","url":"https:\/\/radioljubuski.ba\/","logo":{"@type":"ImageObject","inLanguage":"hr","@id":"https:\/\/radioljubuski.ba\/#\/schema\/logo\/image\/","url":"https:\/\/radioljubuski.ba\/wp-content\/uploads\/2021\/02\/cropped-Radio_Ljubuski_logo1.jpg","contentUrl":"https:\/\/radioljubuski.ba\/wp-content\/uploads\/2021\/02\/cropped-Radio_Ljubuski_logo1.jpg","width":512,"height":512,"caption":"Radio Ljubu\u0161ki"},"image":{"@id":"https:\/\/radioljubuski.ba\/#\/schema\/logo\/image\/"},"sameAs":["https:\/\/www.facebook.com\/Radiio-Ljubuski-1490835324566332","https:\/\/x.com\/radioljubuski","https:\/\/hr.linkedin.com\/company\/radio-ljubuski","https:\/\/www.youtube.com\/channel\/UCHYaeO_n0Db3tjNGudGpXyw"]},{"@type":"Person","@id":"https:\/\/radioljubuski.ba\/#\/schema\/person\/19fc700381a780f69665d7956c469e3b","name":"Radio Ljubu\u0161ki"}]}},"_links":{"self":[{"href":"https:\/\/radioljubuski.ba\/index.php\/wp-json\/wp\/v2\/posts\/143212","targetHints":{"allow":["GET"]}}],"collection":[{"href":"https:\/\/radioljubuski.ba\/index.php\/wp-json\/wp\/v2\/posts"}],"about":[{"href":"https:\/\/radioljubuski.ba\/index.php\/wp-json\/wp\/v2\/types\/post"}],"author":[{"embeddable":true,"href":"https:\/\/radioljubuski.ba\/index.php\/wp-json\/wp\/v2\/users\/2"}],"replies":[{"embeddable":true,"href":"https:\/\/radioljubuski.ba\/index.php\/wp-json\/wp\/v2\/comments?post=143212"}],"version-history":[{"count":1,"href":"https:\/\/radioljubuski.ba\/index.php\/wp-json\/wp\/v2\/posts\/143212\/revisions"}],"predecessor-version":[{"id":143214,"href":"https:\/\/radioljubuski.ba\/index.php\/wp-json\/wp\/v2\/posts\/143212\/revisions\/143214"}],"wp:featuredmedia":[{"embeddable":true,"href":"https:\/\/radioljubuski.ba\/index.php\/wp-json\/wp\/v2\/media\/143213"}],"wp:attachment":[{"href":"https:\/\/radioljubuski.ba\/index.php\/wp-json\/wp\/v2\/media?parent=143212"}],"wp:term":[{"taxonomy":"category","embeddable":true,"href":"https:\/\/radioljubuski.ba\/index.php\/wp-json\/wp\/v2\/categories?post=143212"},{"taxonomy":"post_tag","embeddable":true,"href":"https:\/\/radioljubuski.ba\/index.php\/wp-json\/wp\/v2\/tags?post=143212"}],"curies":[{"name":"wp","href":"https:\/\/api.w.org\/{rel}","templated":true}]}}