{"id":143234,"date":"2022-05-23T09:29:43","date_gmt":"2022-05-23T08:29:43","guid":{"rendered":"https:\/\/radioljubuski.ba\/?p=143234"},"modified":"2022-05-23T09:45:16","modified_gmt":"2022-05-23T08:45:16","slug":"ahmetovic-govori-kada-ce-biti-izbori-u-bih-i-prijeti-kaznama-politickim-liderima","status":"publish","type":"post","link":"https:\/\/radioljubuski.ba\/index.php\/2022\/05\/23\/ahmetovic-govori-kada-ce-biti-izbori-u-bih-i-prijeti-kaznama-politickim-liderima\/","title":{"rendered":"Ahmetovi\u0107 govori kada \u0107e biti izbori u BiH i prijeti kaznama politi\u010dkim liderima"},"content":{"rendered":"\n<p>Adis Ahmetovi\u0107 svakodnevno pokazuje koliko je Bosna i Hercegovina nula od dr\u017eave. Kada jedan &#8216;\u017eutokljunac&#8217; iz Njema\u010dke prijeti kaznama politi\u010dkim liderima u BiH i galami kada \u0107e se izbori odr\u017eati, onda je to samo pokazatelj da BiH nije ni\u0161ta vi\u0161e od jedne obi\u010dne &#8216;banana dr\u017eave&#8217;, navodi <a href=\"https:\/\/pogled.ba\/politika\/zutokljunac-govori-kada-ce-biti-izbori-u-bih-i-prijeti-kaznama-politickim-liderima\/246077\">Pogled.ba <\/a>\u010diji \u010dlanak prenosimo. <\/p>\n\n\n\n<p>-Rezolucija Bundestaga o BiH \u0107e biti jasna: Nema rasprave o teritorijalnom integritetu BiH! Mi ka\u017eemo jasno da \u0107e se izbori odr\u017eati u listopadu, a to je poru\u010dio i visoki predstavnik. Tra\u017eimo da BiH bude demokratska i gra\u0111anska dr\u017eava u budu\u0107nosti, jer samo u takvoj dr\u017eavi ne igra ulogu tko si, \u010diji si, odakle si, u \u0161to vjeruje\u0161, ve\u0107 u njoj svatko ima \u0161ansu. Kao i ja u Njema\u010dkoj, gdje sam uspio u\u0107i u Bundestag jer su moj put odlu\u010dili samo kompetencije i rad za dr\u017eavu u kojoj \u017eivim. Va\u017ena to\u010dka je da tra\u017eimo sankcije za politi\u010dare koji rade na secesiji. Ako se tra\u017ee imena to su Milorad Dodik i Dragan \u010covi\u0107 \u2013 ka\u017ee mladoliki patriota Ahmetovi\u0107.<\/p>\n\n\n\n<p>\u010cak se ovaj &#8216;\u017eutokljunac&#8217; usudio napasti i predsjednika Hrvatske Zorana Milanovi\u0107a.<\/p>\n\n\n\n<p>-Secesije ne\u0107e biti! Mo\u017ee Milanovi\u0107 (predsjednik Hrvatske, op.a.) pri\u010dati \u0161to ho\u0107e, ali to nije mogu\u0107e. Njema\u010dka radi na tome da se BiH pribli\u017ei EU, da dobije status kandidata, a ve\u0107i anga\u017eman \u0107e biti i na priklju\u010denju BiH NATO-u. Mi o tome sami ne odlu\u010dujemo, ali bitno je da startamo, da kao prijatelji BiH radimo i u internacionalnim okvirima, da BiH u EU, NATO-u i UN-u ima velikog prijatelja. BiH ima i dosta neprijatelja i mi Nijemci moramo biti dio alijanse za BiH zajedno sa svim ostalim dr\u017eavama \u2013 isti\u010de nadobudni Ahmetovi\u0107 kojem je o\u010dito netko slagao kako Zoran Milanovi\u0107 lobira za podjelu BiH.&nbsp;<\/p>\n\n\n\n<p>Nakon ovoliko izre\u010denih budala\u0161tina postaje jasno kako su &#8216;patriote i gra\u0111ani&#8217; u velikoj panici jer Europa kona\u010dno shva\u0107a \u0161to bo\u0161nja\u010dka politika ve\u0107 20 godina poku\u0161ava raditi na ovim prostorima. A koliko je Ahmetovi\u0107 oti\u0161ao ui radikalizam govori i \u010dinjenica da je zadnjih tjedana u\u0161ao u sukob sa Josipom Juratovi\u0107em, tako\u0111er \u010dlanom Bundestaga koji isto godinama pri\u010da o gra\u0111anskoj BiH. Ali Juratovi\u0107 naivno govori o toj ideji, dok Ahmetovi\u0107 je stavljen u slu\u017ebu velikobo\u0161nja\u010dke politike koja \u017eeli od BiH napraviti dr\u017eavu jednoga naroda. Mo\u017eda nakon ovoga i Juratovi\u0107u postane jasno \u0161to se doga\u0111a u BiH ve\u0107 du\u017ee vrijeme.<\/p>\n\n\n\n<p><strong>Izvor: Pogled.ba<\/strong><\/p>\n","protected":false},"excerpt":{"rendered":"<p>Adis Ahmetovi\u0107 svakodnevno pokazuje koliko je Bosna i Hercegovina nula od dr\u017eave. Kada jedan &#8216;\u017eutokljunac&#8217; iz Njema\u010dke prijeti kaznama politi\u010dkim liderima u BiH i galami kada \u0107e se izbori odr\u017eati, onda je to samo pokazatelj da BiH nije ni\u0161ta vi\u0161e od jedne obi\u010dne &#8216;banana dr\u017eave&#8217;, navodi Pogled.ba \u010diji \u010dlanak prenosimo. -Rezolucija Bundestaga o BiH \u0107e [&hellip;]<\/p>\n","protected":false},"author":2,"featured_media":143235,"comment_status":"closed","ping_status":"closed","sticky":false,"template":"","format":"standard","meta":{"h5ap_radio_sources":[],"footnotes":""},"categories":[1],"tags":[],"class_list":["post-143234","post","type-post","status-publish","format-standard","has-post-thumbnail","hentry","category-bihiregija"],"yoast_head":"<!-- This site is optimized with the Yoast SEO plugin v27.5 - https:\/\/yoast.com\/product\/yoast-seo-wordpress\/ -->\n<title>Ahmetovi\u0107 govori kada \u0107e biti izbori u BiH i prijeti kaznama politi\u010dkim liderima - RADIO LJUBU\u0160KI<\/title>\n<meta name=\"robots\" content=\"index, follow, max-snippet:-1, max-image-preview:large, max-video-preview:-1\" \/>\n<link rel=\"canonical\" href=\"https:\/\/radioljubuski.ba\/index.php\/2022\/05\/23\/ahmetovic-govori-kada-ce-biti-izbori-u-bih-i-prijeti-kaznama-politickim-liderima\/\" \/>\n<meta property=\"og:locale\" content=\"hr_HR\" \/>\n<meta property=\"og:type\" content=\"article\" \/>\n<meta property=\"og:title\" content=\"Ahmetovi\u0107 govori kada \u0107e biti izbori u BiH i prijeti kaznama politi\u010dkim liderima - RADIO LJUBU\u0160KI\" \/>\n<meta property=\"og:description\" content=\"Adis Ahmetovi\u0107 svakodnevno pokazuje koliko je Bosna i Hercegovina nula od dr\u017eave. Kada jedan &#8216;\u017eutokljunac&#8217; iz Njema\u010dke prijeti kaznama politi\u010dkim liderima u BiH i galami kada \u0107e se izbori odr\u017eati, onda je to samo pokazatelj da BiH nije ni\u0161ta vi\u0161e od jedne obi\u010dne &#8216;banana dr\u017eave&#8217;, navodi Pogled.ba \u010diji \u010dlanak prenosimo. -Rezolucija Bundestaga o BiH \u0107e [&hellip;]\" \/>\n<meta property=\"og:url\" content=\"https:\/\/radioljubuski.ba\/index.php\/2022\/05\/23\/ahmetovic-govori-kada-ce-biti-izbori-u-bih-i-prijeti-kaznama-politickim-liderima\/\" \/>\n<meta property=\"og:site_name\" content=\"RADIO LJUBU\u0160KI\" \/>\n<meta property=\"article:publisher\" content=\"https:\/\/www.facebook.com\/Radiio-Ljubuski-1490835324566332\" \/>\n<meta property=\"article:published_time\" content=\"2022-05-23T08:29:43+00:00\" \/>\n<meta property=\"article:modified_time\" content=\"2022-05-23T08:45:16+00:00\" \/>\n<meta property=\"og:image\" content=\"https:\/\/radioljubuski.ba\/wp-content\/uploads\/2022\/05\/ahmetovic.jpg\" \/>\n\t<meta property=\"og:image:width\" content=\"1000\" \/>\n\t<meta property=\"og:image:height\" content=\"625\" \/>\n\t<meta property=\"og:image:type\" content=\"image\/jpeg\" \/>\n<meta name=\"author\" content=\"Radio Ljubu\u0161ki\" \/>\n<meta name=\"twitter:card\" content=\"summary_large_image\" \/>\n<meta name=\"twitter:creator\" content=\"@radioljubuski\" \/>\n<meta name=\"twitter:site\" content=\"@radioljubuski\" \/>\n<meta name=\"twitter:label1\" content=\"Napisao\/la\" \/>\n\t<meta name=\"twitter:data1\" content=\"Radio Ljubu\u0161ki\" \/>\n\t<meta name=\"twitter:label2\" content=\"Procijenjeno vrijeme \u010ditanja\" \/>\n\t<meta name=\"twitter:data2\" content=\"2 minute\" \/>\n<script type=\"application\/ld+json\" class=\"yoast-schema-graph\">{\"@context\":\"https:\\\/\\\/schema.org\",\"@graph\":[{\"@type\":\"Article\",\"@id\":\"https:\\\/\\\/radioljubuski.ba\\\/index.php\\\/2022\\\/05\\\/23\\\/ahmetovic-govori-kada-ce-biti-izbori-u-bih-i-prijeti-kaznama-politickim-liderima\\\/#article\",\"isPartOf\":{\"@id\":\"https:\\\/\\\/radioljubuski.ba\\\/index.php\\\/2022\\\/05\\\/23\\\/ahmetovic-govori-kada-ce-biti-izbori-u-bih-i-prijeti-kaznama-politickim-liderima\\\/\"},\"author\":{\"name\":\"Radio Ljubu\u0161ki\",\"@id\":\"https:\\\/\\\/radioljubuski.ba\\\/#\\\/schema\\\/person\\\/19fc700381a780f69665d7956c469e3b\"},\"headline\":\"Ahmetovi\u0107 govori kada \u0107e biti izbori u BiH i prijeti kaznama politi\u010dkim liderima\",\"datePublished\":\"2022-05-23T08:29:43+00:00\",\"dateModified\":\"2022-05-23T08:45:16+00:00\",\"mainEntityOfPage\":{\"@id\":\"https:\\\/\\\/radioljubuski.ba\\\/index.php\\\/2022\\\/05\\\/23\\\/ahmetovic-govori-kada-ce-biti-izbori-u-bih-i-prijeti-kaznama-politickim-liderima\\\/\"},\"wordCount\":457,\"publisher\":{\"@id\":\"https:\\\/\\\/radioljubuski.ba\\\/#organization\"},\"image\":{\"@id\":\"https:\\\/\\\/radioljubuski.ba\\\/index.php\\\/2022\\\/05\\\/23\\\/ahmetovic-govori-kada-ce-biti-izbori-u-bih-i-prijeti-kaznama-politickim-liderima\\\/#primaryimage\"},\"thumbnailUrl\":\"https:\\\/\\\/radioljubuski.ba\\\/wp-content\\\/uploads\\\/2022\\\/05\\\/ahmetovic.jpg\",\"articleSection\":[\"BIH i regija\"],\"inLanguage\":\"hr\"},{\"@type\":\"WebPage\",\"@id\":\"https:\\\/\\\/radioljubuski.ba\\\/index.php\\\/2022\\\/05\\\/23\\\/ahmetovic-govori-kada-ce-biti-izbori-u-bih-i-prijeti-kaznama-politickim-liderima\\\/\",\"url\":\"https:\\\/\\\/radioljubuski.ba\\\/index.php\\\/2022\\\/05\\\/23\\\/ahmetovic-govori-kada-ce-biti-izbori-u-bih-i-prijeti-kaznama-politickim-liderima\\\/\",\"name\":\"Ahmetovi\u0107 govori kada \u0107e biti izbori u BiH i prijeti kaznama politi\u010dkim liderima - RADIO LJUBU\u0160KI\",\"isPartOf\":{\"@id\":\"https:\\\/\\\/radioljubuski.ba\\\/#website\"},\"primaryImageOfPage\":{\"@id\":\"https:\\\/\\\/radioljubuski.ba\\\/index.php\\\/2022\\\/05\\\/23\\\/ahmetovic-govori-kada-ce-biti-izbori-u-bih-i-prijeti-kaznama-politickim-liderima\\\/#primaryimage\"},\"image\":{\"@id\":\"https:\\\/\\\/radioljubuski.ba\\\/index.php\\\/2022\\\/05\\\/23\\\/ahmetovic-govori-kada-ce-biti-izbori-u-bih-i-prijeti-kaznama-politickim-liderima\\\/#primaryimage\"},\"thumbnailUrl\":\"https:\\\/\\\/radioljubuski.ba\\\/wp-content\\\/uploads\\\/2022\\\/05\\\/ahmetovic.jpg\",\"datePublished\":\"2022-05-23T08:29:43+00:00\",\"dateModified\":\"2022-05-23T08:45:16+00:00\",\"breadcrumb\":{\"@id\":\"https:\\\/\\\/radioljubuski.ba\\\/index.php\\\/2022\\\/05\\\/23\\\/ahmetovic-govori-kada-ce-biti-izbori-u-bih-i-prijeti-kaznama-politickim-liderima\\\/#breadcrumb\"},\"inLanguage\":\"hr\",\"potentialAction\":[{\"@type\":\"ReadAction\",\"target\":[\"https:\\\/\\\/radioljubuski.ba\\\/index.php\\\/2022\\\/05\\\/23\\\/ahmetovic-govori-kada-ce-biti-izbori-u-bih-i-prijeti-kaznama-politickim-liderima\\\/\"]}]},{\"@type\":\"ImageObject\",\"inLanguage\":\"hr\",\"@id\":\"https:\\\/\\\/radioljubuski.ba\\\/index.php\\\/2022\\\/05\\\/23\\\/ahmetovic-govori-kada-ce-biti-izbori-u-bih-i-prijeti-kaznama-politickim-liderima\\\/#primaryimage\",\"url\":\"https:\\\/\\\/radioljubuski.ba\\\/wp-content\\\/uploads\\\/2022\\\/05\\\/ahmetovic.jpg\",\"contentUrl\":\"https:\\\/\\\/radioljubuski.ba\\\/wp-content\\\/uploads\\\/2022\\\/05\\\/ahmetovic.jpg\",\"width\":1000,\"height\":625},{\"@type\":\"BreadcrumbList\",\"@id\":\"https:\\\/\\\/radioljubuski.ba\\\/index.php\\\/2022\\\/05\\\/23\\\/ahmetovic-govori-kada-ce-biti-izbori-u-bih-i-prijeti-kaznama-politickim-liderima\\\/#breadcrumb\",\"itemListElement\":[{\"@type\":\"ListItem\",\"position\":1,\"name\":\"Po\u010detna stranica\",\"item\":\"https:\\\/\\\/radioljubuski.ba\\\/\"},{\"@type\":\"ListItem\",\"position\":2,\"name\":\"Ahmetovi\u0107 govori kada \u0107e biti izbori u BiH i prijeti kaznama politi\u010dkim liderima\"}]},{\"@type\":\"WebSite\",\"@id\":\"https:\\\/\\\/radioljubuski.ba\\\/#website\",\"url\":\"https:\\\/\\\/radioljubuski.ba\\\/\",\"name\":\"Radio Ljubu\u0161ki\",\"description\":\"Sun\u010dana frekvencija Hercegovine\",\"publisher\":{\"@id\":\"https:\\\/\\\/radioljubuski.ba\\\/#organization\"},\"potentialAction\":[{\"@type\":\"SearchAction\",\"target\":{\"@type\":\"EntryPoint\",\"urlTemplate\":\"https:\\\/\\\/radioljubuski.ba\\\/?s={search_term_string}\"},\"query-input\":{\"@type\":\"PropertyValueSpecification\",\"valueRequired\":true,\"valueName\":\"search_term_string\"}}],\"inLanguage\":\"hr\"},{\"@type\":\"Organization\",\"@id\":\"https:\\\/\\\/radioljubuski.ba\\\/#organization\",\"name\":\"Radio Ljubu\u0161ki\",\"url\":\"https:\\\/\\\/radioljubuski.ba\\\/\",\"logo\":{\"@type\":\"ImageObject\",\"inLanguage\":\"hr\",\"@id\":\"https:\\\/\\\/radioljubuski.ba\\\/#\\\/schema\\\/logo\\\/image\\\/\",\"url\":\"https:\\\/\\\/radioljubuski.ba\\\/wp-content\\\/uploads\\\/2021\\\/02\\\/cropped-Radio_Ljubuski_logo1.jpg\",\"contentUrl\":\"https:\\\/\\\/radioljubuski.ba\\\/wp-content\\\/uploads\\\/2021\\\/02\\\/cropped-Radio_Ljubuski_logo1.jpg\",\"width\":512,\"height\":512,\"caption\":\"Radio Ljubu\u0161ki\"},\"image\":{\"@id\":\"https:\\\/\\\/radioljubuski.ba\\\/#\\\/schema\\\/logo\\\/image\\\/\"},\"sameAs\":[\"https:\\\/\\\/www.facebook.com\\\/Radiio-Ljubuski-1490835324566332\",\"https:\\\/\\\/x.com\\\/radioljubuski\",\"https:\\\/\\\/hr.linkedin.com\\\/company\\\/radio-ljubuski\",\"https:\\\/\\\/www.youtube.com\\\/channel\\\/UCHYaeO_n0Db3tjNGudGpXyw\"]},{\"@type\":\"Person\",\"@id\":\"https:\\\/\\\/radioljubuski.ba\\\/#\\\/schema\\\/person\\\/19fc700381a780f69665d7956c469e3b\",\"name\":\"Radio Ljubu\u0161ki\"}]}<\/script>\n<!-- \/ Yoast SEO plugin. -->","yoast_head_json":{"title":"Ahmetovi\u0107 govori kada \u0107e biti izbori u BiH i prijeti kaznama politi\u010dkim liderima - RADIO LJUBU\u0160KI","robots":{"index":"index","follow":"follow","max-snippet":"max-snippet:-1","max-image-preview":"max-image-preview:large","max-video-preview":"max-video-preview:-1"},"canonical":"https:\/\/radioljubuski.ba\/index.php\/2022\/05\/23\/ahmetovic-govori-kada-ce-biti-izbori-u-bih-i-prijeti-kaznama-politickim-liderima\/","og_locale":"hr_HR","og_type":"article","og_title":"Ahmetovi\u0107 govori kada \u0107e biti izbori u BiH i prijeti kaznama politi\u010dkim liderima - RADIO LJUBU\u0160KI","og_description":"Adis Ahmetovi\u0107 svakodnevno pokazuje koliko je Bosna i Hercegovina nula od dr\u017eave. Kada jedan &#8216;\u017eutokljunac&#8217; iz Njema\u010dke prijeti kaznama politi\u010dkim liderima u BiH i galami kada \u0107e se izbori odr\u017eati, onda je to samo pokazatelj da BiH nije ni\u0161ta vi\u0161e od jedne obi\u010dne &#8216;banana dr\u017eave&#8217;, navodi Pogled.ba \u010diji \u010dlanak prenosimo. -Rezolucija Bundestaga o BiH \u0107e [&hellip;]","og_url":"https:\/\/radioljubuski.ba\/index.php\/2022\/05\/23\/ahmetovic-govori-kada-ce-biti-izbori-u-bih-i-prijeti-kaznama-politickim-liderima\/","og_site_name":"RADIO LJUBU\u0160KI","article_publisher":"https:\/\/www.facebook.com\/Radiio-Ljubuski-1490835324566332","article_published_time":"2022-05-23T08:29:43+00:00","article_modified_time":"2022-05-23T08:45:16+00:00","og_image":[{"width":1000,"height":625,"url":"https:\/\/radioljubuski.ba\/wp-content\/uploads\/2022\/05\/ahmetovic.jpg","type":"image\/jpeg"}],"author":"Radio Ljubu\u0161ki","twitter_card":"summary_large_image","twitter_creator":"@radioljubuski","twitter_site":"@radioljubuski","twitter_misc":{"Napisao\/la":"Radio Ljubu\u0161ki","Procijenjeno vrijeme \u010ditanja":"2 minute"},"schema":{"@context":"https:\/\/schema.org","@graph":[{"@type":"Article","@id":"https:\/\/radioljubuski.ba\/index.php\/2022\/05\/23\/ahmetovic-govori-kada-ce-biti-izbori-u-bih-i-prijeti-kaznama-politickim-liderima\/#article","isPartOf":{"@id":"https:\/\/radioljubuski.ba\/index.php\/2022\/05\/23\/ahmetovic-govori-kada-ce-biti-izbori-u-bih-i-prijeti-kaznama-politickim-liderima\/"},"author":{"name":"Radio Ljubu\u0161ki","@id":"https:\/\/radioljubuski.ba\/#\/schema\/person\/19fc700381a780f69665d7956c469e3b"},"headline":"Ahmetovi\u0107 govori kada \u0107e biti izbori u BiH i prijeti kaznama politi\u010dkim liderima","datePublished":"2022-05-23T08:29:43+00:00","dateModified":"2022-05-23T08:45:16+00:00","mainEntityOfPage":{"@id":"https:\/\/radioljubuski.ba\/index.php\/2022\/05\/23\/ahmetovic-govori-kada-ce-biti-izbori-u-bih-i-prijeti-kaznama-politickim-liderima\/"},"wordCount":457,"publisher":{"@id":"https:\/\/radioljubuski.ba\/#organization"},"image":{"@id":"https:\/\/radioljubuski.ba\/index.php\/2022\/05\/23\/ahmetovic-govori-kada-ce-biti-izbori-u-bih-i-prijeti-kaznama-politickim-liderima\/#primaryimage"},"thumbnailUrl":"https:\/\/radioljubuski.ba\/wp-content\/uploads\/2022\/05\/ahmetovic.jpg","articleSection":["BIH i regija"],"inLanguage":"hr"},{"@type":"WebPage","@id":"https:\/\/radioljubuski.ba\/index.php\/2022\/05\/23\/ahmetovic-govori-kada-ce-biti-izbori-u-bih-i-prijeti-kaznama-politickim-liderima\/","url":"https:\/\/radioljubuski.ba\/index.php\/2022\/05\/23\/ahmetovic-govori-kada-ce-biti-izbori-u-bih-i-prijeti-kaznama-politickim-liderima\/","name":"Ahmetovi\u0107 govori kada \u0107e biti izbori u BiH i prijeti kaznama politi\u010dkim liderima - RADIO LJUBU\u0160KI","isPartOf":{"@id":"https:\/\/radioljubuski.ba\/#website"},"primaryImageOfPage":{"@id":"https:\/\/radioljubuski.ba\/index.php\/2022\/05\/23\/ahmetovic-govori-kada-ce-biti-izbori-u-bih-i-prijeti-kaznama-politickim-liderima\/#primaryimage"},"image":{"@id":"https:\/\/radioljubuski.ba\/index.php\/2022\/05\/23\/ahmetovic-govori-kada-ce-biti-izbori-u-bih-i-prijeti-kaznama-politickim-liderima\/#primaryimage"},"thumbnailUrl":"https:\/\/radioljubuski.ba\/wp-content\/uploads\/2022\/05\/ahmetovic.jpg","datePublished":"2022-05-23T08:29:43+00:00","dateModified":"2022-05-23T08:45:16+00:00","breadcrumb":{"@id":"https:\/\/radioljubuski.ba\/index.php\/2022\/05\/23\/ahmetovic-govori-kada-ce-biti-izbori-u-bih-i-prijeti-kaznama-politickim-liderima\/#breadcrumb"},"inLanguage":"hr","potentialAction":[{"@type":"ReadAction","target":["https:\/\/radioljubuski.ba\/index.php\/2022\/05\/23\/ahmetovic-govori-kada-ce-biti-izbori-u-bih-i-prijeti-kaznama-politickim-liderima\/"]}]},{"@type":"ImageObject","inLanguage":"hr","@id":"https:\/\/radioljubuski.ba\/index.php\/2022\/05\/23\/ahmetovic-govori-kada-ce-biti-izbori-u-bih-i-prijeti-kaznama-politickim-liderima\/#primaryimage","url":"https:\/\/radioljubuski.ba\/wp-content\/uploads\/2022\/05\/ahmetovic.jpg","contentUrl":"https:\/\/radioljubuski.ba\/wp-content\/uploads\/2022\/05\/ahmetovic.jpg","width":1000,"height":625},{"@type":"BreadcrumbList","@id":"https:\/\/radioljubuski.ba\/index.php\/2022\/05\/23\/ahmetovic-govori-kada-ce-biti-izbori-u-bih-i-prijeti-kaznama-politickim-liderima\/#breadcrumb","itemListElement":[{"@type":"ListItem","position":1,"name":"Po\u010detna stranica","item":"https:\/\/radioljubuski.ba\/"},{"@type":"ListItem","position":2,"name":"Ahmetovi\u0107 govori kada \u0107e biti izbori u BiH i prijeti kaznama politi\u010dkim liderima"}]},{"@type":"WebSite","@id":"https:\/\/radioljubuski.ba\/#website","url":"https:\/\/radioljubuski.ba\/","name":"Radio Ljubu\u0161ki","description":"Sun\u010dana frekvencija Hercegovine","publisher":{"@id":"https:\/\/radioljubuski.ba\/#organization"},"potentialAction":[{"@type":"SearchAction","target":{"@type":"EntryPoint","urlTemplate":"https:\/\/radioljubuski.ba\/?s={search_term_string}"},"query-input":{"@type":"PropertyValueSpecification","valueRequired":true,"valueName":"search_term_string"}}],"inLanguage":"hr"},{"@type":"Organization","@id":"https:\/\/radioljubuski.ba\/#organization","name":"Radio Ljubu\u0161ki","url":"https:\/\/radioljubuski.ba\/","logo":{"@type":"ImageObject","inLanguage":"hr","@id":"https:\/\/radioljubuski.ba\/#\/schema\/logo\/image\/","url":"https:\/\/radioljubuski.ba\/wp-content\/uploads\/2021\/02\/cropped-Radio_Ljubuski_logo1.jpg","contentUrl":"https:\/\/radioljubuski.ba\/wp-content\/uploads\/2021\/02\/cropped-Radio_Ljubuski_logo1.jpg","width":512,"height":512,"caption":"Radio Ljubu\u0161ki"},"image":{"@id":"https:\/\/radioljubuski.ba\/#\/schema\/logo\/image\/"},"sameAs":["https:\/\/www.facebook.com\/Radiio-Ljubuski-1490835324566332","https:\/\/x.com\/radioljubuski","https:\/\/hr.linkedin.com\/company\/radio-ljubuski","https:\/\/www.youtube.com\/channel\/UCHYaeO_n0Db3tjNGudGpXyw"]},{"@type":"Person","@id":"https:\/\/radioljubuski.ba\/#\/schema\/person\/19fc700381a780f69665d7956c469e3b","name":"Radio Ljubu\u0161ki"}]}},"_links":{"self":[{"href":"https:\/\/radioljubuski.ba\/index.php\/wp-json\/wp\/v2\/posts\/143234","targetHints":{"allow":["GET"]}}],"collection":[{"href":"https:\/\/radioljubuski.ba\/index.php\/wp-json\/wp\/v2\/posts"}],"about":[{"href":"https:\/\/radioljubuski.ba\/index.php\/wp-json\/wp\/v2\/types\/post"}],"author":[{"embeddable":true,"href":"https:\/\/radioljubuski.ba\/index.php\/wp-json\/wp\/v2\/users\/2"}],"replies":[{"embeddable":true,"href":"https:\/\/radioljubuski.ba\/index.php\/wp-json\/wp\/v2\/comments?post=143234"}],"version-history":[{"count":1,"href":"https:\/\/radioljubuski.ba\/index.php\/wp-json\/wp\/v2\/posts\/143234\/revisions"}],"predecessor-version":[{"id":143236,"href":"https:\/\/radioljubuski.ba\/index.php\/wp-json\/wp\/v2\/posts\/143234\/revisions\/143236"}],"wp:featuredmedia":[{"embeddable":true,"href":"https:\/\/radioljubuski.ba\/index.php\/wp-json\/wp\/v2\/media\/143235"}],"wp:attachment":[{"href":"https:\/\/radioljubuski.ba\/index.php\/wp-json\/wp\/v2\/media?parent=143234"}],"wp:term":[{"taxonomy":"category","embeddable":true,"href":"https:\/\/radioljubuski.ba\/index.php\/wp-json\/wp\/v2\/categories?post=143234"},{"taxonomy":"post_tag","embeddable":true,"href":"https:\/\/radioljubuski.ba\/index.php\/wp-json\/wp\/v2\/tags?post=143234"}],"curies":[{"name":"wp","href":"https:\/\/api.w.org\/{rel}","templated":true}]}}