{"id":143255,"date":"2022-05-23T10:20:50","date_gmt":"2022-05-23T09:20:50","guid":{"rendered":"https:\/\/radioljubuski.ba\/?p=143255"},"modified":"2022-05-23T10:20:51","modified_gmt":"2022-05-23T09:20:51","slug":"zeljeznicar-kaznjen-zbog-potpore-ratnom-zlocincu-mahmuljinu","status":"publish","type":"post","link":"https:\/\/radioljubuski.ba\/index.php\/2022\/05\/23\/zeljeznicar-kaznjen-zbog-potpore-ratnom-zlocincu-mahmuljinu\/","title":{"rendered":"\u017delje\u017eni\u010dar ka\u017enjen zbog potpore ratnom zlo\u010dincu Mahmuljinu"},"content":{"rendered":"\n<p>Disciplinska komisija Nogometnog saveza Bosne i Hercegovine kaznila je FK \u017deljezni\u010dar zbog &#8220;nastupa&#8221; Manijaka na gostovanju Tuzla Cityju.<\/p>\n\n\n\n<p>U 28. kolu Premijer lige BiH \u017deljezni\u010dar je gostovao Tuzla Cityju i tu su Plavi tradicionalno imali veliku podr\u0161ku navija\u010da.<\/p>\n\n\n\n<p>Me\u0111utim, na sjednici Disciplinske komisije odlu\u010deno je da se \u017deljezni\u010dar kazni s 2.000 KM i zabranom odlaska navija\u010da na prvo gostovanje nakon \u0161to odluka postane pravomo\u0107na.<\/p>\n\n\n\n<p>&#8220;FK \u017deljezni\u010dar izri\u010de se nov\u010dana kazna u iznosu od 2.000 KM i kazna zabrane igranja jedne prvenstvene ili Kup utakmice pred svojim gledaocima na gostuju\u0107oj utakmici, u skladu sa \u010dlanom 59. stavovima 3. i 6. i \u010dlanom 80. stavom 1. ta\u010dkom c) (Neredi na stadionu i rasizam i drugi oblici diskriminacije), a zbog prekr\u0161aja po\u010dinjenih na prvenstvenoj utakmici 28. kola Premijer lige BiH koja je odigrana dana 30. travnja 2022. godine na stadionu Tu\u0161anj protiv Tuzla Cityja (0:0). FK \u017deljezni\u010dar du\u017ean je uplatiti nov\u010danu kaznu na ra\u010dun FSBiH u roku od 15 dana od dana pravosna\u017enosti odluke. Kazna zabrane igranja jedne prvenstvene ili Kup utakmice pred svojim gledaoteljima na gostuju\u0107oj utakmici te\u010de od dana pravosna\u017enosti ove odluke&#8221;, stoji u odluci Nogometnog saveza BiH.<\/p>\n\n\n\n<p>U medijima su se pojavile informacije da je \u017deljezni\u010dar ka\u017enjen jer su navija\u010di pru\u017eili osu\u0111enom ratnom zlo\u010dincu Sakibu Mahmuljinu.&nbsp;<\/p>\n\n\n\n<p>Izvor:pogledba<\/p>\n","protected":false},"excerpt":{"rendered":"<p>Disciplinska komisija Nogometnog saveza Bosne i Hercegovine kaznila je FK \u017deljezni\u010dar zbog &#8220;nastupa&#8221; Manijaka na gostovanju Tuzla Cityju. U 28. kolu Premijer lige BiH \u017deljezni\u010dar je gostovao Tuzla Cityju i tu su Plavi tradicionalno imali veliku podr\u0161ku navija\u010da. Me\u0111utim, na sjednici Disciplinske komisije odlu\u010deno je da se \u017deljezni\u010dar kazni s 2.000 KM i zabranom odlaska [&hellip;]<\/p>\n","protected":false},"author":2,"featured_media":143256,"comment_status":"closed","ping_status":"closed","sticky":false,"template":"","format":"standard","meta":{"h5ap_radio_sources":[],"footnotes":""},"categories":[1],"tags":[],"class_list":["post-143255","post","type-post","status-publish","format-standard","has-post-thumbnail","hentry","category-bihiregija"],"yoast_head":"<!-- This site is optimized with the Yoast SEO plugin v27.5 - https:\/\/yoast.com\/product\/yoast-seo-wordpress\/ -->\n<title>\u017delje\u017eni\u010dar ka\u017enjen zbog potpore ratnom zlo\u010dincu Mahmuljinu - RADIO LJUBU\u0160KI<\/title>\n<meta name=\"robots\" content=\"index, follow, max-snippet:-1, max-image-preview:large, max-video-preview:-1\" \/>\n<link rel=\"canonical\" href=\"https:\/\/radioljubuski.ba\/index.php\/2022\/05\/23\/zeljeznicar-kaznjen-zbog-potpore-ratnom-zlocincu-mahmuljinu\/\" \/>\n<meta property=\"og:locale\" content=\"hr_HR\" \/>\n<meta property=\"og:type\" content=\"article\" \/>\n<meta property=\"og:title\" content=\"\u017delje\u017eni\u010dar ka\u017enjen zbog potpore ratnom zlo\u010dincu Mahmuljinu - RADIO LJUBU\u0160KI\" \/>\n<meta property=\"og:description\" content=\"Disciplinska komisija Nogometnog saveza Bosne i Hercegovine kaznila je FK \u017deljezni\u010dar zbog &#8220;nastupa&#8221; Manijaka na gostovanju Tuzla Cityju. U 28. kolu Premijer lige BiH \u017deljezni\u010dar je gostovao Tuzla Cityju i tu su Plavi tradicionalno imali veliku podr\u0161ku navija\u010da. Me\u0111utim, na sjednici Disciplinske komisije odlu\u010deno je da se \u017deljezni\u010dar kazni s 2.000 KM i zabranom odlaska [&hellip;]\" \/>\n<meta property=\"og:url\" content=\"https:\/\/radioljubuski.ba\/index.php\/2022\/05\/23\/zeljeznicar-kaznjen-zbog-potpore-ratnom-zlocincu-mahmuljinu\/\" \/>\n<meta property=\"og:site_name\" content=\"RADIO LJUBU\u0160KI\" \/>\n<meta property=\"article:publisher\" content=\"https:\/\/www.facebook.com\/Radiio-Ljubuski-1490835324566332\" \/>\n<meta property=\"article:published_time\" content=\"2022-05-23T09:20:50+00:00\" \/>\n<meta property=\"article:modified_time\" content=\"2022-05-23T09:20:51+00:00\" \/>\n<meta property=\"og:image\" content=\"https:\/\/radioljubuski.ba\/wp-content\/uploads\/2022\/05\/spX623hq_fkzeljeznicar.jpg\" \/>\n\t<meta property=\"og:image:width\" content=\"1000\" \/>\n\t<meta property=\"og:image:height\" content=\"625\" \/>\n\t<meta property=\"og:image:type\" content=\"image\/jpeg\" \/>\n<meta name=\"author\" content=\"Radio Ljubu\u0161ki\" \/>\n<meta name=\"twitter:card\" content=\"summary_large_image\" \/>\n<meta name=\"twitter:creator\" content=\"@radioljubuski\" \/>\n<meta name=\"twitter:site\" content=\"@radioljubuski\" \/>\n<meta name=\"twitter:label1\" content=\"Napisao\/la\" \/>\n\t<meta name=\"twitter:data1\" content=\"Radio Ljubu\u0161ki\" \/>\n\t<meta name=\"twitter:label2\" content=\"Procijenjeno vrijeme \u010ditanja\" \/>\n\t<meta name=\"twitter:data2\" content=\"1 minuta\" \/>\n<script type=\"application\/ld+json\" class=\"yoast-schema-graph\">{\"@context\":\"https:\\\/\\\/schema.org\",\"@graph\":[{\"@type\":\"Article\",\"@id\":\"https:\\\/\\\/radioljubuski.ba\\\/index.php\\\/2022\\\/05\\\/23\\\/zeljeznicar-kaznjen-zbog-potpore-ratnom-zlocincu-mahmuljinu\\\/#article\",\"isPartOf\":{\"@id\":\"https:\\\/\\\/radioljubuski.ba\\\/index.php\\\/2022\\\/05\\\/23\\\/zeljeznicar-kaznjen-zbog-potpore-ratnom-zlocincu-mahmuljinu\\\/\"},\"author\":{\"name\":\"Radio Ljubu\u0161ki\",\"@id\":\"https:\\\/\\\/radioljubuski.ba\\\/#\\\/schema\\\/person\\\/19fc700381a780f69665d7956c469e3b\"},\"headline\":\"\u017delje\u017eni\u010dar ka\u017enjen zbog potpore ratnom zlo\u010dincu Mahmuljinu\",\"datePublished\":\"2022-05-23T09:20:50+00:00\",\"dateModified\":\"2022-05-23T09:20:51+00:00\",\"mainEntityOfPage\":{\"@id\":\"https:\\\/\\\/radioljubuski.ba\\\/index.php\\\/2022\\\/05\\\/23\\\/zeljeznicar-kaznjen-zbog-potpore-ratnom-zlocincu-mahmuljinu\\\/\"},\"wordCount\":238,\"publisher\":{\"@id\":\"https:\\\/\\\/radioljubuski.ba\\\/#organization\"},\"image\":{\"@id\":\"https:\\\/\\\/radioljubuski.ba\\\/index.php\\\/2022\\\/05\\\/23\\\/zeljeznicar-kaznjen-zbog-potpore-ratnom-zlocincu-mahmuljinu\\\/#primaryimage\"},\"thumbnailUrl\":\"https:\\\/\\\/radioljubuski.ba\\\/wp-content\\\/uploads\\\/2022\\\/05\\\/spX623hq_fkzeljeznicar.jpg\",\"articleSection\":[\"BIH i regija\"],\"inLanguage\":\"hr\"},{\"@type\":\"WebPage\",\"@id\":\"https:\\\/\\\/radioljubuski.ba\\\/index.php\\\/2022\\\/05\\\/23\\\/zeljeznicar-kaznjen-zbog-potpore-ratnom-zlocincu-mahmuljinu\\\/\",\"url\":\"https:\\\/\\\/radioljubuski.ba\\\/index.php\\\/2022\\\/05\\\/23\\\/zeljeznicar-kaznjen-zbog-potpore-ratnom-zlocincu-mahmuljinu\\\/\",\"name\":\"\u017delje\u017eni\u010dar ka\u017enjen zbog potpore ratnom zlo\u010dincu Mahmuljinu - RADIO LJUBU\u0160KI\",\"isPartOf\":{\"@id\":\"https:\\\/\\\/radioljubuski.ba\\\/#website\"},\"primaryImageOfPage\":{\"@id\":\"https:\\\/\\\/radioljubuski.ba\\\/index.php\\\/2022\\\/05\\\/23\\\/zeljeznicar-kaznjen-zbog-potpore-ratnom-zlocincu-mahmuljinu\\\/#primaryimage\"},\"image\":{\"@id\":\"https:\\\/\\\/radioljubuski.ba\\\/index.php\\\/2022\\\/05\\\/23\\\/zeljeznicar-kaznjen-zbog-potpore-ratnom-zlocincu-mahmuljinu\\\/#primaryimage\"},\"thumbnailUrl\":\"https:\\\/\\\/radioljubuski.ba\\\/wp-content\\\/uploads\\\/2022\\\/05\\\/spX623hq_fkzeljeznicar.jpg\",\"datePublished\":\"2022-05-23T09:20:50+00:00\",\"dateModified\":\"2022-05-23T09:20:51+00:00\",\"breadcrumb\":{\"@id\":\"https:\\\/\\\/radioljubuski.ba\\\/index.php\\\/2022\\\/05\\\/23\\\/zeljeznicar-kaznjen-zbog-potpore-ratnom-zlocincu-mahmuljinu\\\/#breadcrumb\"},\"inLanguage\":\"hr\",\"potentialAction\":[{\"@type\":\"ReadAction\",\"target\":[\"https:\\\/\\\/radioljubuski.ba\\\/index.php\\\/2022\\\/05\\\/23\\\/zeljeznicar-kaznjen-zbog-potpore-ratnom-zlocincu-mahmuljinu\\\/\"]}]},{\"@type\":\"ImageObject\",\"inLanguage\":\"hr\",\"@id\":\"https:\\\/\\\/radioljubuski.ba\\\/index.php\\\/2022\\\/05\\\/23\\\/zeljeznicar-kaznjen-zbog-potpore-ratnom-zlocincu-mahmuljinu\\\/#primaryimage\",\"url\":\"https:\\\/\\\/radioljubuski.ba\\\/wp-content\\\/uploads\\\/2022\\\/05\\\/spX623hq_fkzeljeznicar.jpg\",\"contentUrl\":\"https:\\\/\\\/radioljubuski.ba\\\/wp-content\\\/uploads\\\/2022\\\/05\\\/spX623hq_fkzeljeznicar.jpg\",\"width\":1000,\"height\":625},{\"@type\":\"BreadcrumbList\",\"@id\":\"https:\\\/\\\/radioljubuski.ba\\\/index.php\\\/2022\\\/05\\\/23\\\/zeljeznicar-kaznjen-zbog-potpore-ratnom-zlocincu-mahmuljinu\\\/#breadcrumb\",\"itemListElement\":[{\"@type\":\"ListItem\",\"position\":1,\"name\":\"Po\u010detna stranica\",\"item\":\"https:\\\/\\\/radioljubuski.ba\\\/\"},{\"@type\":\"ListItem\",\"position\":2,\"name\":\"\u017delje\u017eni\u010dar ka\u017enjen zbog potpore ratnom zlo\u010dincu Mahmuljinu\"}]},{\"@type\":\"WebSite\",\"@id\":\"https:\\\/\\\/radioljubuski.ba\\\/#website\",\"url\":\"https:\\\/\\\/radioljubuski.ba\\\/\",\"name\":\"Radio Ljubu\u0161ki\",\"description\":\"Sun\u010dana frekvencija Hercegovine\",\"publisher\":{\"@id\":\"https:\\\/\\\/radioljubuski.ba\\\/#organization\"},\"potentialAction\":[{\"@type\":\"SearchAction\",\"target\":{\"@type\":\"EntryPoint\",\"urlTemplate\":\"https:\\\/\\\/radioljubuski.ba\\\/?s={search_term_string}\"},\"query-input\":{\"@type\":\"PropertyValueSpecification\",\"valueRequired\":true,\"valueName\":\"search_term_string\"}}],\"inLanguage\":\"hr\"},{\"@type\":\"Organization\",\"@id\":\"https:\\\/\\\/radioljubuski.ba\\\/#organization\",\"name\":\"Radio Ljubu\u0161ki\",\"url\":\"https:\\\/\\\/radioljubuski.ba\\\/\",\"logo\":{\"@type\":\"ImageObject\",\"inLanguage\":\"hr\",\"@id\":\"https:\\\/\\\/radioljubuski.ba\\\/#\\\/schema\\\/logo\\\/image\\\/\",\"url\":\"https:\\\/\\\/radioljubuski.ba\\\/wp-content\\\/uploads\\\/2021\\\/02\\\/cropped-Radio_Ljubuski_logo1.jpg\",\"contentUrl\":\"https:\\\/\\\/radioljubuski.ba\\\/wp-content\\\/uploads\\\/2021\\\/02\\\/cropped-Radio_Ljubuski_logo1.jpg\",\"width\":512,\"height\":512,\"caption\":\"Radio Ljubu\u0161ki\"},\"image\":{\"@id\":\"https:\\\/\\\/radioljubuski.ba\\\/#\\\/schema\\\/logo\\\/image\\\/\"},\"sameAs\":[\"https:\\\/\\\/www.facebook.com\\\/Radiio-Ljubuski-1490835324566332\",\"https:\\\/\\\/x.com\\\/radioljubuski\",\"https:\\\/\\\/hr.linkedin.com\\\/company\\\/radio-ljubuski\",\"https:\\\/\\\/www.youtube.com\\\/channel\\\/UCHYaeO_n0Db3tjNGudGpXyw\"]},{\"@type\":\"Person\",\"@id\":\"https:\\\/\\\/radioljubuski.ba\\\/#\\\/schema\\\/person\\\/19fc700381a780f69665d7956c469e3b\",\"name\":\"Radio Ljubu\u0161ki\"}]}<\/script>\n<!-- \/ Yoast SEO plugin. -->","yoast_head_json":{"title":"\u017delje\u017eni\u010dar ka\u017enjen zbog potpore ratnom zlo\u010dincu Mahmuljinu - RADIO LJUBU\u0160KI","robots":{"index":"index","follow":"follow","max-snippet":"max-snippet:-1","max-image-preview":"max-image-preview:large","max-video-preview":"max-video-preview:-1"},"canonical":"https:\/\/radioljubuski.ba\/index.php\/2022\/05\/23\/zeljeznicar-kaznjen-zbog-potpore-ratnom-zlocincu-mahmuljinu\/","og_locale":"hr_HR","og_type":"article","og_title":"\u017delje\u017eni\u010dar ka\u017enjen zbog potpore ratnom zlo\u010dincu Mahmuljinu - RADIO LJUBU\u0160KI","og_description":"Disciplinska komisija Nogometnog saveza Bosne i Hercegovine kaznila je FK \u017deljezni\u010dar zbog &#8220;nastupa&#8221; Manijaka na gostovanju Tuzla Cityju. U 28. kolu Premijer lige BiH \u017deljezni\u010dar je gostovao Tuzla Cityju i tu su Plavi tradicionalno imali veliku podr\u0161ku navija\u010da. Me\u0111utim, na sjednici Disciplinske komisije odlu\u010deno je da se \u017deljezni\u010dar kazni s 2.000 KM i zabranom odlaska [&hellip;]","og_url":"https:\/\/radioljubuski.ba\/index.php\/2022\/05\/23\/zeljeznicar-kaznjen-zbog-potpore-ratnom-zlocincu-mahmuljinu\/","og_site_name":"RADIO LJUBU\u0160KI","article_publisher":"https:\/\/www.facebook.com\/Radiio-Ljubuski-1490835324566332","article_published_time":"2022-05-23T09:20:50+00:00","article_modified_time":"2022-05-23T09:20:51+00:00","og_image":[{"width":1000,"height":625,"url":"https:\/\/radioljubuski.ba\/wp-content\/uploads\/2022\/05\/spX623hq_fkzeljeznicar.jpg","type":"image\/jpeg"}],"author":"Radio Ljubu\u0161ki","twitter_card":"summary_large_image","twitter_creator":"@radioljubuski","twitter_site":"@radioljubuski","twitter_misc":{"Napisao\/la":"Radio Ljubu\u0161ki","Procijenjeno vrijeme \u010ditanja":"1 minuta"},"schema":{"@context":"https:\/\/schema.org","@graph":[{"@type":"Article","@id":"https:\/\/radioljubuski.ba\/index.php\/2022\/05\/23\/zeljeznicar-kaznjen-zbog-potpore-ratnom-zlocincu-mahmuljinu\/#article","isPartOf":{"@id":"https:\/\/radioljubuski.ba\/index.php\/2022\/05\/23\/zeljeznicar-kaznjen-zbog-potpore-ratnom-zlocincu-mahmuljinu\/"},"author":{"name":"Radio Ljubu\u0161ki","@id":"https:\/\/radioljubuski.ba\/#\/schema\/person\/19fc700381a780f69665d7956c469e3b"},"headline":"\u017delje\u017eni\u010dar ka\u017enjen zbog potpore ratnom zlo\u010dincu Mahmuljinu","datePublished":"2022-05-23T09:20:50+00:00","dateModified":"2022-05-23T09:20:51+00:00","mainEntityOfPage":{"@id":"https:\/\/radioljubuski.ba\/index.php\/2022\/05\/23\/zeljeznicar-kaznjen-zbog-potpore-ratnom-zlocincu-mahmuljinu\/"},"wordCount":238,"publisher":{"@id":"https:\/\/radioljubuski.ba\/#organization"},"image":{"@id":"https:\/\/radioljubuski.ba\/index.php\/2022\/05\/23\/zeljeznicar-kaznjen-zbog-potpore-ratnom-zlocincu-mahmuljinu\/#primaryimage"},"thumbnailUrl":"https:\/\/radioljubuski.ba\/wp-content\/uploads\/2022\/05\/spX623hq_fkzeljeznicar.jpg","articleSection":["BIH i regija"],"inLanguage":"hr"},{"@type":"WebPage","@id":"https:\/\/radioljubuski.ba\/index.php\/2022\/05\/23\/zeljeznicar-kaznjen-zbog-potpore-ratnom-zlocincu-mahmuljinu\/","url":"https:\/\/radioljubuski.ba\/index.php\/2022\/05\/23\/zeljeznicar-kaznjen-zbog-potpore-ratnom-zlocincu-mahmuljinu\/","name":"\u017delje\u017eni\u010dar ka\u017enjen zbog potpore ratnom zlo\u010dincu Mahmuljinu - RADIO LJUBU\u0160KI","isPartOf":{"@id":"https:\/\/radioljubuski.ba\/#website"},"primaryImageOfPage":{"@id":"https:\/\/radioljubuski.ba\/index.php\/2022\/05\/23\/zeljeznicar-kaznjen-zbog-potpore-ratnom-zlocincu-mahmuljinu\/#primaryimage"},"image":{"@id":"https:\/\/radioljubuski.ba\/index.php\/2022\/05\/23\/zeljeznicar-kaznjen-zbog-potpore-ratnom-zlocincu-mahmuljinu\/#primaryimage"},"thumbnailUrl":"https:\/\/radioljubuski.ba\/wp-content\/uploads\/2022\/05\/spX623hq_fkzeljeznicar.jpg","datePublished":"2022-05-23T09:20:50+00:00","dateModified":"2022-05-23T09:20:51+00:00","breadcrumb":{"@id":"https:\/\/radioljubuski.ba\/index.php\/2022\/05\/23\/zeljeznicar-kaznjen-zbog-potpore-ratnom-zlocincu-mahmuljinu\/#breadcrumb"},"inLanguage":"hr","potentialAction":[{"@type":"ReadAction","target":["https:\/\/radioljubuski.ba\/index.php\/2022\/05\/23\/zeljeznicar-kaznjen-zbog-potpore-ratnom-zlocincu-mahmuljinu\/"]}]},{"@type":"ImageObject","inLanguage":"hr","@id":"https:\/\/radioljubuski.ba\/index.php\/2022\/05\/23\/zeljeznicar-kaznjen-zbog-potpore-ratnom-zlocincu-mahmuljinu\/#primaryimage","url":"https:\/\/radioljubuski.ba\/wp-content\/uploads\/2022\/05\/spX623hq_fkzeljeznicar.jpg","contentUrl":"https:\/\/radioljubuski.ba\/wp-content\/uploads\/2022\/05\/spX623hq_fkzeljeznicar.jpg","width":1000,"height":625},{"@type":"BreadcrumbList","@id":"https:\/\/radioljubuski.ba\/index.php\/2022\/05\/23\/zeljeznicar-kaznjen-zbog-potpore-ratnom-zlocincu-mahmuljinu\/#breadcrumb","itemListElement":[{"@type":"ListItem","position":1,"name":"Po\u010detna stranica","item":"https:\/\/radioljubuski.ba\/"},{"@type":"ListItem","position":2,"name":"\u017delje\u017eni\u010dar ka\u017enjen zbog potpore ratnom zlo\u010dincu Mahmuljinu"}]},{"@type":"WebSite","@id":"https:\/\/radioljubuski.ba\/#website","url":"https:\/\/radioljubuski.ba\/","name":"Radio Ljubu\u0161ki","description":"Sun\u010dana frekvencija Hercegovine","publisher":{"@id":"https:\/\/radioljubuski.ba\/#organization"},"potentialAction":[{"@type":"SearchAction","target":{"@type":"EntryPoint","urlTemplate":"https:\/\/radioljubuski.ba\/?s={search_term_string}"},"query-input":{"@type":"PropertyValueSpecification","valueRequired":true,"valueName":"search_term_string"}}],"inLanguage":"hr"},{"@type":"Organization","@id":"https:\/\/radioljubuski.ba\/#organization","name":"Radio Ljubu\u0161ki","url":"https:\/\/radioljubuski.ba\/","logo":{"@type":"ImageObject","inLanguage":"hr","@id":"https:\/\/radioljubuski.ba\/#\/schema\/logo\/image\/","url":"https:\/\/radioljubuski.ba\/wp-content\/uploads\/2021\/02\/cropped-Radio_Ljubuski_logo1.jpg","contentUrl":"https:\/\/radioljubuski.ba\/wp-content\/uploads\/2021\/02\/cropped-Radio_Ljubuski_logo1.jpg","width":512,"height":512,"caption":"Radio Ljubu\u0161ki"},"image":{"@id":"https:\/\/radioljubuski.ba\/#\/schema\/logo\/image\/"},"sameAs":["https:\/\/www.facebook.com\/Radiio-Ljubuski-1490835324566332","https:\/\/x.com\/radioljubuski","https:\/\/hr.linkedin.com\/company\/radio-ljubuski","https:\/\/www.youtube.com\/channel\/UCHYaeO_n0Db3tjNGudGpXyw"]},{"@type":"Person","@id":"https:\/\/radioljubuski.ba\/#\/schema\/person\/19fc700381a780f69665d7956c469e3b","name":"Radio Ljubu\u0161ki"}]}},"_links":{"self":[{"href":"https:\/\/radioljubuski.ba\/index.php\/wp-json\/wp\/v2\/posts\/143255","targetHints":{"allow":["GET"]}}],"collection":[{"href":"https:\/\/radioljubuski.ba\/index.php\/wp-json\/wp\/v2\/posts"}],"about":[{"href":"https:\/\/radioljubuski.ba\/index.php\/wp-json\/wp\/v2\/types\/post"}],"author":[{"embeddable":true,"href":"https:\/\/radioljubuski.ba\/index.php\/wp-json\/wp\/v2\/users\/2"}],"replies":[{"embeddable":true,"href":"https:\/\/radioljubuski.ba\/index.php\/wp-json\/wp\/v2\/comments?post=143255"}],"version-history":[{"count":1,"href":"https:\/\/radioljubuski.ba\/index.php\/wp-json\/wp\/v2\/posts\/143255\/revisions"}],"predecessor-version":[{"id":143257,"href":"https:\/\/radioljubuski.ba\/index.php\/wp-json\/wp\/v2\/posts\/143255\/revisions\/143257"}],"wp:featuredmedia":[{"embeddable":true,"href":"https:\/\/radioljubuski.ba\/index.php\/wp-json\/wp\/v2\/media\/143256"}],"wp:attachment":[{"href":"https:\/\/radioljubuski.ba\/index.php\/wp-json\/wp\/v2\/media?parent=143255"}],"wp:term":[{"taxonomy":"category","embeddable":true,"href":"https:\/\/radioljubuski.ba\/index.php\/wp-json\/wp\/v2\/categories?post=143255"},{"taxonomy":"post_tag","embeddable":true,"href":"https:\/\/radioljubuski.ba\/index.php\/wp-json\/wp\/v2\/tags?post=143255"}],"curies":[{"name":"wp","href":"https:\/\/api.w.org\/{rel}","templated":true}]}}