{"id":143277,"date":"2022-05-23T10:30:40","date_gmt":"2022-05-23T09:30:40","guid":{"rendered":"https:\/\/radioljubuski.ba\/?p=143277"},"modified":"2022-05-23T10:30:41","modified_gmt":"2022-05-23T09:30:41","slug":"milan-osvojio-talijansko-prvenstvo-nakon-11-godina","status":"publish","type":"post","link":"https:\/\/radioljubuski.ba\/index.php\/2022\/05\/23\/milan-osvojio-talijansko-prvenstvo-nakon-11-godina\/","title":{"rendered":"Milan osvojio talijansko prvenstvo nakon 11 godina"},"content":{"rendered":"\n<p>Nogometa\u0161i Milana nisu napravili krivi korak u posljednjem 38. kolu Serie A. Slavio je Milan u gostima kod Sassuola 3-0 te je proslavio 19. naslov prvaka u svojoj povijesti.<\/p>\n\n\n\n<p>Izjedna\u010dio se Milan time s gradskim rivalom Interom (po 19 naslova) te ujedno ba\u0161 naslijedio taj klub na vrhu Serie A. Ina\u010de, Inter je bio jedini konkurent Milanu uo\u010di posljednjeg kola.<\/p>\n\n\n\n<p>Milan je imao dva boda prednosti i za slavlje mu je bio dovoljan remi kod Sassuola. No, furiozno je Milan odradio prvo poluvrijeme u kojem je konstantno napadao, ujedno zabio tri gola i time odagnao bilo kakvu neizvjesnost. Briljirao je Rafael Leao s tri asistencije, dva pogotka je postigao Olivier Giroud, a jedan Kessie.<\/p>\n\n\n\n<p>Milan je osvojio prvi naslov prvaka nakon sezone 2010.\/11. Izjedna\u010dio se s Interom na vje\u010dnoj ljestvici, dok je debelo ispred njih Juventus koji je 36 puta bio talijanski prvak.<\/p>\n\n\n\n<p>Hrvatski nogometa\u0161 Ante Rebi\u0107, koji je zabio dva liga\u0161ka gola ove sezone, nije nastupio u ovom slavljeni\u010dkom susretu svog kluba.<\/p>\n\n\n\n<p>S druge strane Inter je \u010dekao, ali nije do\u010dekao kiks Milana. Svoj dio posla Inter je protiv Sampdorije obavio u drugom poluvremenu doma\u0107e utakmice te je pobijedio 3-0. Seriju pogodaka otvorio je hrvatski nogometa\u0161 Ivan Peri\u0161i\u0107 koji je u 49. minuti dao gol za 1-0. Lijepo je Peri\u0161i\u0107 pratio akciju te iskosa pogodio suprotni kut za svoj osmi liga\u0161ki pogodak u sezoni. Kasnije je Corrrea zabio jo\u0161 dva za pirovu pobjedu sada ve\u0107 biv\u0161eg prvaka.<\/p>\n\n\n\n<p>Peri\u0161i\u0107 je iza\u0161ao iz igre nakon sat vremena igre, dok je Marcelo Brozovi\u0107 odigrao cijelu utakmicu za Inter.<\/p>\n\n\n\n<p>U ve\u010dernjem terminu \u0107e se razrije\u0161iti i pitanje tko ispada u Serie B. Na sigurnom putu prema drugoliga\u0161kom okru\u017eenju ve\u0107 su od ranije Venezia i Genoa, a ostaje upitno tko \u0107e biti tre\u0107i nesretnik, Cagliari ili Salernitana.<\/p>\n\n\n\n<p>Serie A, 38. kolo:<\/p>\n\n\n\n<p>Spezia &#8211; Napoli 0-3 (Politano 4, Zielinski 25, Demme 36) &nbsp;&nbsp;<\/p>\n\n\n\n<p>Inter &#8211; Sampdoria 3-0 (Peri\u0161i\u0107 49, Correa 55, 57)<\/p>\n\n\n\n<p>Sassuolo &#8211; Milan 0-3 (Giroud 17, 32, Kessie 36)<\/p>\n\n\n\n<p>Salernitana &#8211; Udinese (21 sat)&nbsp;<\/p>\n\n\n\n<p>Venezia &#8211; Cagliari (21 sat)<\/p>\n\n\n\n<p>Petak:<\/p>\n\n\n\n<p>Torino &#8211; Roma 0-3 (Abraham 33, 42-11, Pellegrini 78-11m)<\/p>\n\n\n\n<p>Subota:<\/p>\n\n\n\n<p>Genoa &#8211; Bologna 0-1 (Barrow 66)<\/p>\n\n\n\n<p>Atalanta &#8211; Empoli 0-1 (\u0160tulac 79)<\/p>\n\n\n\n<p>Fiorentina &#8211; Juventus 2-0 (Duncan 45+1, Gonzalez 90+2-11m)<\/p>\n\n\n\n<p>Lazio &#8211; Verona 3-3 (Cabral 16, Felipe Anderson 29, Pedro 62 \/ Simeone 6, Lasagna 14, Hongla 76)<\/p>\n\n\n\n<p>Izvor:pogled.ba<\/p>\n","protected":false},"excerpt":{"rendered":"<p>Nogometa\u0161i Milana nisu napravili krivi korak u posljednjem 38. kolu Serie A. Slavio je Milan u gostima kod Sassuola 3-0 te je proslavio 19. naslov prvaka u svojoj povijesti. Izjedna\u010dio se Milan time s gradskim rivalom Interom (po 19 naslova) te ujedno ba\u0161 naslijedio taj klub na vrhu Serie A. Ina\u010de, Inter je bio jedini [&hellip;]<\/p>\n","protected":false},"author":2,"featured_media":143278,"comment_status":"closed","ping_status":"closed","sticky":false,"template":"","format":"standard","meta":{"h5ap_radio_sources":[],"footnotes":""},"categories":[7],"tags":[],"class_list":["post-143277","post","type-post","status-publish","format-standard","has-post-thumbnail","hentry","category-sport"],"yoast_head":"<!-- This site is optimized with the Yoast SEO plugin v27.5 - https:\/\/yoast.com\/product\/yoast-seo-wordpress\/ -->\n<title>Milan osvojio talijansko prvenstvo nakon 11 godina - RADIO LJUBU\u0160KI<\/title>\n<meta name=\"robots\" content=\"index, follow, max-snippet:-1, max-image-preview:large, max-video-preview:-1\" \/>\n<link rel=\"canonical\" href=\"https:\/\/radioljubuski.ba\/index.php\/2022\/05\/23\/milan-osvojio-talijansko-prvenstvo-nakon-11-godina\/\" \/>\n<meta property=\"og:locale\" content=\"hr_HR\" \/>\n<meta property=\"og:type\" content=\"article\" \/>\n<meta property=\"og:title\" content=\"Milan osvojio talijansko prvenstvo nakon 11 godina - RADIO LJUBU\u0160KI\" \/>\n<meta property=\"og:description\" content=\"Nogometa\u0161i Milana nisu napravili krivi korak u posljednjem 38. kolu Serie A. Slavio je Milan u gostima kod Sassuola 3-0 te je proslavio 19. naslov prvaka u svojoj povijesti. Izjedna\u010dio se Milan time s gradskim rivalom Interom (po 19 naslova) te ujedno ba\u0161 naslijedio taj klub na vrhu Serie A. Ina\u010de, Inter je bio jedini [&hellip;]\" \/>\n<meta property=\"og:url\" content=\"https:\/\/radioljubuski.ba\/index.php\/2022\/05\/23\/milan-osvojio-talijansko-prvenstvo-nakon-11-godina\/\" \/>\n<meta property=\"og:site_name\" content=\"RADIO LJUBU\u0160KI\" \/>\n<meta property=\"article:publisher\" content=\"https:\/\/www.facebook.com\/Radiio-Ljubuski-1490835324566332\" \/>\n<meta property=\"article:published_time\" content=\"2022-05-23T09:30:40+00:00\" \/>\n<meta property=\"article:modified_time\" content=\"2022-05-23T09:30:41+00:00\" \/>\n<meta property=\"og:image\" content=\"https:\/\/radioljubuski.ba\/wp-content\/uploads\/2022\/05\/8-2022-05-22-20-02-34-milan.jpg\" \/>\n\t<meta property=\"og:image:width\" content=\"1000\" \/>\n\t<meta property=\"og:image:height\" content=\"625\" \/>\n\t<meta property=\"og:image:type\" content=\"image\/jpeg\" \/>\n<meta name=\"author\" content=\"Radio Ljubu\u0161ki\" \/>\n<meta name=\"twitter:card\" content=\"summary_large_image\" \/>\n<meta name=\"twitter:creator\" content=\"@radioljubuski\" \/>\n<meta name=\"twitter:site\" content=\"@radioljubuski\" \/>\n<meta name=\"twitter:label1\" content=\"Napisao\/la\" \/>\n\t<meta name=\"twitter:data1\" content=\"Radio Ljubu\u0161ki\" \/>\n\t<meta name=\"twitter:label2\" content=\"Procijenjeno vrijeme \u010ditanja\" \/>\n\t<meta name=\"twitter:data2\" content=\"2 minute\" \/>\n<script type=\"application\/ld+json\" class=\"yoast-schema-graph\">{\"@context\":\"https:\\\/\\\/schema.org\",\"@graph\":[{\"@type\":\"Article\",\"@id\":\"https:\\\/\\\/radioljubuski.ba\\\/index.php\\\/2022\\\/05\\\/23\\\/milan-osvojio-talijansko-prvenstvo-nakon-11-godina\\\/#article\",\"isPartOf\":{\"@id\":\"https:\\\/\\\/radioljubuski.ba\\\/index.php\\\/2022\\\/05\\\/23\\\/milan-osvojio-talijansko-prvenstvo-nakon-11-godina\\\/\"},\"author\":{\"name\":\"Radio Ljubu\u0161ki\",\"@id\":\"https:\\\/\\\/radioljubuski.ba\\\/#\\\/schema\\\/person\\\/19fc700381a780f69665d7956c469e3b\"},\"headline\":\"Milan osvojio talijansko prvenstvo nakon 11 godina\",\"datePublished\":\"2022-05-23T09:30:40+00:00\",\"dateModified\":\"2022-05-23T09:30:41+00:00\",\"mainEntityOfPage\":{\"@id\":\"https:\\\/\\\/radioljubuski.ba\\\/index.php\\\/2022\\\/05\\\/23\\\/milan-osvojio-talijansko-prvenstvo-nakon-11-godina\\\/\"},\"wordCount\":391,\"publisher\":{\"@id\":\"https:\\\/\\\/radioljubuski.ba\\\/#organization\"},\"image\":{\"@id\":\"https:\\\/\\\/radioljubuski.ba\\\/index.php\\\/2022\\\/05\\\/23\\\/milan-osvojio-talijansko-prvenstvo-nakon-11-godina\\\/#primaryimage\"},\"thumbnailUrl\":\"https:\\\/\\\/radioljubuski.ba\\\/wp-content\\\/uploads\\\/2022\\\/05\\\/8-2022-05-22-20-02-34-milan.jpg\",\"articleSection\":[\"\u0160port\"],\"inLanguage\":\"hr\"},{\"@type\":\"WebPage\",\"@id\":\"https:\\\/\\\/radioljubuski.ba\\\/index.php\\\/2022\\\/05\\\/23\\\/milan-osvojio-talijansko-prvenstvo-nakon-11-godina\\\/\",\"url\":\"https:\\\/\\\/radioljubuski.ba\\\/index.php\\\/2022\\\/05\\\/23\\\/milan-osvojio-talijansko-prvenstvo-nakon-11-godina\\\/\",\"name\":\"Milan osvojio talijansko prvenstvo nakon 11 godina - RADIO LJUBU\u0160KI\",\"isPartOf\":{\"@id\":\"https:\\\/\\\/radioljubuski.ba\\\/#website\"},\"primaryImageOfPage\":{\"@id\":\"https:\\\/\\\/radioljubuski.ba\\\/index.php\\\/2022\\\/05\\\/23\\\/milan-osvojio-talijansko-prvenstvo-nakon-11-godina\\\/#primaryimage\"},\"image\":{\"@id\":\"https:\\\/\\\/radioljubuski.ba\\\/index.php\\\/2022\\\/05\\\/23\\\/milan-osvojio-talijansko-prvenstvo-nakon-11-godina\\\/#primaryimage\"},\"thumbnailUrl\":\"https:\\\/\\\/radioljubuski.ba\\\/wp-content\\\/uploads\\\/2022\\\/05\\\/8-2022-05-22-20-02-34-milan.jpg\",\"datePublished\":\"2022-05-23T09:30:40+00:00\",\"dateModified\":\"2022-05-23T09:30:41+00:00\",\"breadcrumb\":{\"@id\":\"https:\\\/\\\/radioljubuski.ba\\\/index.php\\\/2022\\\/05\\\/23\\\/milan-osvojio-talijansko-prvenstvo-nakon-11-godina\\\/#breadcrumb\"},\"inLanguage\":\"hr\",\"potentialAction\":[{\"@type\":\"ReadAction\",\"target\":[\"https:\\\/\\\/radioljubuski.ba\\\/index.php\\\/2022\\\/05\\\/23\\\/milan-osvojio-talijansko-prvenstvo-nakon-11-godina\\\/\"]}]},{\"@type\":\"ImageObject\",\"inLanguage\":\"hr\",\"@id\":\"https:\\\/\\\/radioljubuski.ba\\\/index.php\\\/2022\\\/05\\\/23\\\/milan-osvojio-talijansko-prvenstvo-nakon-11-godina\\\/#primaryimage\",\"url\":\"https:\\\/\\\/radioljubuski.ba\\\/wp-content\\\/uploads\\\/2022\\\/05\\\/8-2022-05-22-20-02-34-milan.jpg\",\"contentUrl\":\"https:\\\/\\\/radioljubuski.ba\\\/wp-content\\\/uploads\\\/2022\\\/05\\\/8-2022-05-22-20-02-34-milan.jpg\",\"width\":1000,\"height\":625},{\"@type\":\"BreadcrumbList\",\"@id\":\"https:\\\/\\\/radioljubuski.ba\\\/index.php\\\/2022\\\/05\\\/23\\\/milan-osvojio-talijansko-prvenstvo-nakon-11-godina\\\/#breadcrumb\",\"itemListElement\":[{\"@type\":\"ListItem\",\"position\":1,\"name\":\"Po\u010detna stranica\",\"item\":\"https:\\\/\\\/radioljubuski.ba\\\/\"},{\"@type\":\"ListItem\",\"position\":2,\"name\":\"Milan osvojio talijansko prvenstvo nakon 11 godina\"}]},{\"@type\":\"WebSite\",\"@id\":\"https:\\\/\\\/radioljubuski.ba\\\/#website\",\"url\":\"https:\\\/\\\/radioljubuski.ba\\\/\",\"name\":\"Radio Ljubu\u0161ki\",\"description\":\"Sun\u010dana frekvencija Hercegovine\",\"publisher\":{\"@id\":\"https:\\\/\\\/radioljubuski.ba\\\/#organization\"},\"potentialAction\":[{\"@type\":\"SearchAction\",\"target\":{\"@type\":\"EntryPoint\",\"urlTemplate\":\"https:\\\/\\\/radioljubuski.ba\\\/?s={search_term_string}\"},\"query-input\":{\"@type\":\"PropertyValueSpecification\",\"valueRequired\":true,\"valueName\":\"search_term_string\"}}],\"inLanguage\":\"hr\"},{\"@type\":\"Organization\",\"@id\":\"https:\\\/\\\/radioljubuski.ba\\\/#organization\",\"name\":\"Radio Ljubu\u0161ki\",\"url\":\"https:\\\/\\\/radioljubuski.ba\\\/\",\"logo\":{\"@type\":\"ImageObject\",\"inLanguage\":\"hr\",\"@id\":\"https:\\\/\\\/radioljubuski.ba\\\/#\\\/schema\\\/logo\\\/image\\\/\",\"url\":\"https:\\\/\\\/radioljubuski.ba\\\/wp-content\\\/uploads\\\/2021\\\/02\\\/cropped-Radio_Ljubuski_logo1.jpg\",\"contentUrl\":\"https:\\\/\\\/radioljubuski.ba\\\/wp-content\\\/uploads\\\/2021\\\/02\\\/cropped-Radio_Ljubuski_logo1.jpg\",\"width\":512,\"height\":512,\"caption\":\"Radio Ljubu\u0161ki\"},\"image\":{\"@id\":\"https:\\\/\\\/radioljubuski.ba\\\/#\\\/schema\\\/logo\\\/image\\\/\"},\"sameAs\":[\"https:\\\/\\\/www.facebook.com\\\/Radiio-Ljubuski-1490835324566332\",\"https:\\\/\\\/x.com\\\/radioljubuski\",\"https:\\\/\\\/hr.linkedin.com\\\/company\\\/radio-ljubuski\",\"https:\\\/\\\/www.youtube.com\\\/channel\\\/UCHYaeO_n0Db3tjNGudGpXyw\"]},{\"@type\":\"Person\",\"@id\":\"https:\\\/\\\/radioljubuski.ba\\\/#\\\/schema\\\/person\\\/19fc700381a780f69665d7956c469e3b\",\"name\":\"Radio Ljubu\u0161ki\"}]}<\/script>\n<!-- \/ Yoast SEO plugin. -->","yoast_head_json":{"title":"Milan osvojio talijansko prvenstvo nakon 11 godina - RADIO LJUBU\u0160KI","robots":{"index":"index","follow":"follow","max-snippet":"max-snippet:-1","max-image-preview":"max-image-preview:large","max-video-preview":"max-video-preview:-1"},"canonical":"https:\/\/radioljubuski.ba\/index.php\/2022\/05\/23\/milan-osvojio-talijansko-prvenstvo-nakon-11-godina\/","og_locale":"hr_HR","og_type":"article","og_title":"Milan osvojio talijansko prvenstvo nakon 11 godina - RADIO LJUBU\u0160KI","og_description":"Nogometa\u0161i Milana nisu napravili krivi korak u posljednjem 38. kolu Serie A. Slavio je Milan u gostima kod Sassuola 3-0 te je proslavio 19. naslov prvaka u svojoj povijesti. Izjedna\u010dio se Milan time s gradskim rivalom Interom (po 19 naslova) te ujedno ba\u0161 naslijedio taj klub na vrhu Serie A. Ina\u010de, Inter je bio jedini [&hellip;]","og_url":"https:\/\/radioljubuski.ba\/index.php\/2022\/05\/23\/milan-osvojio-talijansko-prvenstvo-nakon-11-godina\/","og_site_name":"RADIO LJUBU\u0160KI","article_publisher":"https:\/\/www.facebook.com\/Radiio-Ljubuski-1490835324566332","article_published_time":"2022-05-23T09:30:40+00:00","article_modified_time":"2022-05-23T09:30:41+00:00","og_image":[{"width":1000,"height":625,"url":"https:\/\/radioljubuski.ba\/wp-content\/uploads\/2022\/05\/8-2022-05-22-20-02-34-milan.jpg","type":"image\/jpeg"}],"author":"Radio Ljubu\u0161ki","twitter_card":"summary_large_image","twitter_creator":"@radioljubuski","twitter_site":"@radioljubuski","twitter_misc":{"Napisao\/la":"Radio Ljubu\u0161ki","Procijenjeno vrijeme \u010ditanja":"2 minute"},"schema":{"@context":"https:\/\/schema.org","@graph":[{"@type":"Article","@id":"https:\/\/radioljubuski.ba\/index.php\/2022\/05\/23\/milan-osvojio-talijansko-prvenstvo-nakon-11-godina\/#article","isPartOf":{"@id":"https:\/\/radioljubuski.ba\/index.php\/2022\/05\/23\/milan-osvojio-talijansko-prvenstvo-nakon-11-godina\/"},"author":{"name":"Radio Ljubu\u0161ki","@id":"https:\/\/radioljubuski.ba\/#\/schema\/person\/19fc700381a780f69665d7956c469e3b"},"headline":"Milan osvojio talijansko prvenstvo nakon 11 godina","datePublished":"2022-05-23T09:30:40+00:00","dateModified":"2022-05-23T09:30:41+00:00","mainEntityOfPage":{"@id":"https:\/\/radioljubuski.ba\/index.php\/2022\/05\/23\/milan-osvojio-talijansko-prvenstvo-nakon-11-godina\/"},"wordCount":391,"publisher":{"@id":"https:\/\/radioljubuski.ba\/#organization"},"image":{"@id":"https:\/\/radioljubuski.ba\/index.php\/2022\/05\/23\/milan-osvojio-talijansko-prvenstvo-nakon-11-godina\/#primaryimage"},"thumbnailUrl":"https:\/\/radioljubuski.ba\/wp-content\/uploads\/2022\/05\/8-2022-05-22-20-02-34-milan.jpg","articleSection":["\u0160port"],"inLanguage":"hr"},{"@type":"WebPage","@id":"https:\/\/radioljubuski.ba\/index.php\/2022\/05\/23\/milan-osvojio-talijansko-prvenstvo-nakon-11-godina\/","url":"https:\/\/radioljubuski.ba\/index.php\/2022\/05\/23\/milan-osvojio-talijansko-prvenstvo-nakon-11-godina\/","name":"Milan osvojio talijansko prvenstvo nakon 11 godina - RADIO LJUBU\u0160KI","isPartOf":{"@id":"https:\/\/radioljubuski.ba\/#website"},"primaryImageOfPage":{"@id":"https:\/\/radioljubuski.ba\/index.php\/2022\/05\/23\/milan-osvojio-talijansko-prvenstvo-nakon-11-godina\/#primaryimage"},"image":{"@id":"https:\/\/radioljubuski.ba\/index.php\/2022\/05\/23\/milan-osvojio-talijansko-prvenstvo-nakon-11-godina\/#primaryimage"},"thumbnailUrl":"https:\/\/radioljubuski.ba\/wp-content\/uploads\/2022\/05\/8-2022-05-22-20-02-34-milan.jpg","datePublished":"2022-05-23T09:30:40+00:00","dateModified":"2022-05-23T09:30:41+00:00","breadcrumb":{"@id":"https:\/\/radioljubuski.ba\/index.php\/2022\/05\/23\/milan-osvojio-talijansko-prvenstvo-nakon-11-godina\/#breadcrumb"},"inLanguage":"hr","potentialAction":[{"@type":"ReadAction","target":["https:\/\/radioljubuski.ba\/index.php\/2022\/05\/23\/milan-osvojio-talijansko-prvenstvo-nakon-11-godina\/"]}]},{"@type":"ImageObject","inLanguage":"hr","@id":"https:\/\/radioljubuski.ba\/index.php\/2022\/05\/23\/milan-osvojio-talijansko-prvenstvo-nakon-11-godina\/#primaryimage","url":"https:\/\/radioljubuski.ba\/wp-content\/uploads\/2022\/05\/8-2022-05-22-20-02-34-milan.jpg","contentUrl":"https:\/\/radioljubuski.ba\/wp-content\/uploads\/2022\/05\/8-2022-05-22-20-02-34-milan.jpg","width":1000,"height":625},{"@type":"BreadcrumbList","@id":"https:\/\/radioljubuski.ba\/index.php\/2022\/05\/23\/milan-osvojio-talijansko-prvenstvo-nakon-11-godina\/#breadcrumb","itemListElement":[{"@type":"ListItem","position":1,"name":"Po\u010detna stranica","item":"https:\/\/radioljubuski.ba\/"},{"@type":"ListItem","position":2,"name":"Milan osvojio talijansko prvenstvo nakon 11 godina"}]},{"@type":"WebSite","@id":"https:\/\/radioljubuski.ba\/#website","url":"https:\/\/radioljubuski.ba\/","name":"Radio Ljubu\u0161ki","description":"Sun\u010dana frekvencija Hercegovine","publisher":{"@id":"https:\/\/radioljubuski.ba\/#organization"},"potentialAction":[{"@type":"SearchAction","target":{"@type":"EntryPoint","urlTemplate":"https:\/\/radioljubuski.ba\/?s={search_term_string}"},"query-input":{"@type":"PropertyValueSpecification","valueRequired":true,"valueName":"search_term_string"}}],"inLanguage":"hr"},{"@type":"Organization","@id":"https:\/\/radioljubuski.ba\/#organization","name":"Radio Ljubu\u0161ki","url":"https:\/\/radioljubuski.ba\/","logo":{"@type":"ImageObject","inLanguage":"hr","@id":"https:\/\/radioljubuski.ba\/#\/schema\/logo\/image\/","url":"https:\/\/radioljubuski.ba\/wp-content\/uploads\/2021\/02\/cropped-Radio_Ljubuski_logo1.jpg","contentUrl":"https:\/\/radioljubuski.ba\/wp-content\/uploads\/2021\/02\/cropped-Radio_Ljubuski_logo1.jpg","width":512,"height":512,"caption":"Radio Ljubu\u0161ki"},"image":{"@id":"https:\/\/radioljubuski.ba\/#\/schema\/logo\/image\/"},"sameAs":["https:\/\/www.facebook.com\/Radiio-Ljubuski-1490835324566332","https:\/\/x.com\/radioljubuski","https:\/\/hr.linkedin.com\/company\/radio-ljubuski","https:\/\/www.youtube.com\/channel\/UCHYaeO_n0Db3tjNGudGpXyw"]},{"@type":"Person","@id":"https:\/\/radioljubuski.ba\/#\/schema\/person\/19fc700381a780f69665d7956c469e3b","name":"Radio Ljubu\u0161ki"}]}},"_links":{"self":[{"href":"https:\/\/radioljubuski.ba\/index.php\/wp-json\/wp\/v2\/posts\/143277","targetHints":{"allow":["GET"]}}],"collection":[{"href":"https:\/\/radioljubuski.ba\/index.php\/wp-json\/wp\/v2\/posts"}],"about":[{"href":"https:\/\/radioljubuski.ba\/index.php\/wp-json\/wp\/v2\/types\/post"}],"author":[{"embeddable":true,"href":"https:\/\/radioljubuski.ba\/index.php\/wp-json\/wp\/v2\/users\/2"}],"replies":[{"embeddable":true,"href":"https:\/\/radioljubuski.ba\/index.php\/wp-json\/wp\/v2\/comments?post=143277"}],"version-history":[{"count":1,"href":"https:\/\/radioljubuski.ba\/index.php\/wp-json\/wp\/v2\/posts\/143277\/revisions"}],"predecessor-version":[{"id":143279,"href":"https:\/\/radioljubuski.ba\/index.php\/wp-json\/wp\/v2\/posts\/143277\/revisions\/143279"}],"wp:featuredmedia":[{"embeddable":true,"href":"https:\/\/radioljubuski.ba\/index.php\/wp-json\/wp\/v2\/media\/143278"}],"wp:attachment":[{"href":"https:\/\/radioljubuski.ba\/index.php\/wp-json\/wp\/v2\/media?parent=143277"}],"wp:term":[{"taxonomy":"category","embeddable":true,"href":"https:\/\/radioljubuski.ba\/index.php\/wp-json\/wp\/v2\/categories?post=143277"},{"taxonomy":"post_tag","embeddable":true,"href":"https:\/\/radioljubuski.ba\/index.php\/wp-json\/wp\/v2\/tags?post=143277"}],"curies":[{"name":"wp","href":"https:\/\/api.w.org\/{rel}","templated":true}]}}