{"id":143283,"date":"2022-05-23T10:32:45","date_gmt":"2022-05-23T09:32:45","guid":{"rendered":"https:\/\/radioljubuski.ba\/?p=143283"},"modified":"2022-05-23T10:32:47","modified_gmt":"2022-05-23T09:32:47","slug":"cadiz-se-spasio-granada-seli-u-nizi-rang","status":"publish","type":"post","link":"https:\/\/radioljubuski.ba\/index.php\/2022\/05\/23\/cadiz-se-spasio-granada-seli-u-nizi-rang\/","title":{"rendered":"Cadiz se spasio, Granada seli u ni\u017ei rang"},"content":{"rendered":"\n<p>U posljednjem kolu \u0161panjolskog nogometnog prvenstva razrije\u0161ena je i dvojba tko \u0107e uz Alaves i Levente preseliti u ni\u017ei rang natjecanja. To je Granada, dok su se Cadiz i Mallorca spasili.<\/p>\n\n\n\n<p>Granada je u zadnjem kolu sama ovisila o sebi, pobjedom protiv Espanyola osigurala bi ostanak u prvoliga\u0161kom dru\u0161tvu. No, susret je zavr\u0161io bez golova, a tragi\u010dar utakmice postao je Jorge Molina koji je u 73. minuti proma\u0161io jedanaesterac. Pucao je pored lijeve stative.<\/p>\n\n\n\n<p>Granadi su odmogle i gostuju\u0107e pobjede Cadiza i Mallorce. Cadiz je protiv otpisanog Alavesa slavio s 1-0, dok je Mallorca na gostovanju pobijedila Osasunu s 2-0.<\/p>\n\n\n\n<p>Pogodak spasa za Cadiz zabio je Anthony Lozano u 76. minuti. Mallorca je izborila pobjedu golovima Angela (47) i Clementa Greniera (83). Za Osasunu je cijeli susret odigrao Ante Budimir.<\/p>\n\n\n\n<p>Villarreal je na gostovanju pobijedio Barcelonu s 2-0, a golove su zabili Alfonso (41) i Moi Gomez (55).<\/p>\n\n\n\n<p>Sezonu je gostuju\u0107om pobjedom zaklju\u010dio i Atletico Madrid poraziv\u0161i Real Sociedad s 2-1. Rodrigo de Paul (50) i Angel Correa (69) su zabili za madridsku mom\u010dad, a poraz Sociedada je ubla\u017eio Jon Guridi (90+3).<\/p>\n\n\n\n<p>Sevilla je kod ku\u0107e pobijedila Athletic Bilbao s 1-0, a gol odluke zabio je Rafa Mir (68). Ivan Rakiti\u0107 je za Sevillu igrao od 82. minute.<\/p>\n\n\n\n<p>Prvak Real Madrid je jo\u0161 u petak odigrao 0-0 protiv Real Betisa i sada se mo\u017ee posvetiti pripremama za finale Lige prvaka protiv Liverpoola 28. svibnja.<\/p>\n\n\n\n<p>Barcelona, Atletico Madrid i Sevilla idu u Ligu prvaka, Betis i Real Sociedad u Europsku ligu, a Villarreal u Konferencijsku ligu.<\/p>\n\n\n\n<p>Izvor:pogled.ba<\/p>\n","protected":false},"excerpt":{"rendered":"<p>U posljednjem kolu \u0161panjolskog nogometnog prvenstva razrije\u0161ena je i dvojba tko \u0107e uz Alaves i Levente preseliti u ni\u017ei rang natjecanja. To je Granada, dok su se Cadiz i Mallorca spasili. Granada je u zadnjem kolu sama ovisila o sebi, pobjedom protiv Espanyola osigurala bi ostanak u prvoliga\u0161kom dru\u0161tvu. No, susret je zavr\u0161io bez golova, [&hellip;]<\/p>\n","protected":false},"author":2,"featured_media":143284,"comment_status":"closed","ping_status":"closed","sticky":false,"template":"","format":"standard","meta":{"h5ap_radio_sources":[],"footnotes":""},"categories":[7],"tags":[],"class_list":["post-143283","post","type-post","status-publish","format-standard","has-post-thumbnail","hentry","category-sport"],"yoast_head":"<!-- This site is optimized with the Yoast SEO plugin v27.5 - https:\/\/yoast.com\/product\/yoast-seo-wordpress\/ -->\n<title>Cadiz se spasio, Granada seli u ni\u017ei rang - RADIO LJUBU\u0160KI<\/title>\n<meta name=\"robots\" content=\"index, follow, max-snippet:-1, max-image-preview:large, max-video-preview:-1\" \/>\n<link rel=\"canonical\" href=\"https:\/\/radioljubuski.ba\/index.php\/2022\/05\/23\/cadiz-se-spasio-granada-seli-u-nizi-rang\/\" \/>\n<meta property=\"og:locale\" content=\"hr_HR\" \/>\n<meta property=\"og:type\" content=\"article\" \/>\n<meta property=\"og:title\" content=\"Cadiz se spasio, Granada seli u ni\u017ei rang - RADIO LJUBU\u0160KI\" \/>\n<meta property=\"og:description\" content=\"U posljednjem kolu \u0161panjolskog nogometnog prvenstva razrije\u0161ena je i dvojba tko \u0107e uz Alaves i Levente preseliti u ni\u017ei rang natjecanja. To je Granada, dok su se Cadiz i Mallorca spasili. Granada je u zadnjem kolu sama ovisila o sebi, pobjedom protiv Espanyola osigurala bi ostanak u prvoliga\u0161kom dru\u0161tvu. No, susret je zavr\u0161io bez golova, [&hellip;]\" \/>\n<meta property=\"og:url\" content=\"https:\/\/radioljubuski.ba\/index.php\/2022\/05\/23\/cadiz-se-spasio-granada-seli-u-nizi-rang\/\" \/>\n<meta property=\"og:site_name\" content=\"RADIO LJUBU\u0160KI\" \/>\n<meta property=\"article:publisher\" content=\"https:\/\/www.facebook.com\/Radiio-Ljubuski-1490835324566332\" \/>\n<meta property=\"article:published_time\" content=\"2022-05-23T09:32:45+00:00\" \/>\n<meta property=\"article:modified_time\" content=\"2022-05-23T09:32:47+00:00\" \/>\n<meta property=\"og:image\" content=\"https:\/\/radioljubuski.ba\/wp-content\/uploads\/2022\/05\/7NGXH9My_lopta.jpg\" \/>\n\t<meta property=\"og:image:width\" content=\"1000\" \/>\n\t<meta property=\"og:image:height\" content=\"625\" \/>\n\t<meta property=\"og:image:type\" content=\"image\/jpeg\" \/>\n<meta name=\"author\" content=\"Radio Ljubu\u0161ki\" \/>\n<meta name=\"twitter:card\" content=\"summary_large_image\" \/>\n<meta name=\"twitter:creator\" content=\"@radioljubuski\" \/>\n<meta name=\"twitter:site\" content=\"@radioljubuski\" \/>\n<meta name=\"twitter:label1\" content=\"Napisao\/la\" \/>\n\t<meta name=\"twitter:data1\" content=\"Radio Ljubu\u0161ki\" \/>\n\t<meta name=\"twitter:label2\" content=\"Procijenjeno vrijeme \u010ditanja\" \/>\n\t<meta name=\"twitter:data2\" content=\"2 minute\" \/>\n<script type=\"application\/ld+json\" class=\"yoast-schema-graph\">{\"@context\":\"https:\\\/\\\/schema.org\",\"@graph\":[{\"@type\":\"Article\",\"@id\":\"https:\\\/\\\/radioljubuski.ba\\\/index.php\\\/2022\\\/05\\\/23\\\/cadiz-se-spasio-granada-seli-u-nizi-rang\\\/#article\",\"isPartOf\":{\"@id\":\"https:\\\/\\\/radioljubuski.ba\\\/index.php\\\/2022\\\/05\\\/23\\\/cadiz-se-spasio-granada-seli-u-nizi-rang\\\/\"},\"author\":{\"name\":\"Radio Ljubu\u0161ki\",\"@id\":\"https:\\\/\\\/radioljubuski.ba\\\/#\\\/schema\\\/person\\\/19fc700381a780f69665d7956c469e3b\"},\"headline\":\"Cadiz se spasio, Granada seli u ni\u017ei rang\",\"datePublished\":\"2022-05-23T09:32:45+00:00\",\"dateModified\":\"2022-05-23T09:32:47+00:00\",\"mainEntityOfPage\":{\"@id\":\"https:\\\/\\\/radioljubuski.ba\\\/index.php\\\/2022\\\/05\\\/23\\\/cadiz-se-spasio-granada-seli-u-nizi-rang\\\/\"},\"wordCount\":270,\"publisher\":{\"@id\":\"https:\\\/\\\/radioljubuski.ba\\\/#organization\"},\"image\":{\"@id\":\"https:\\\/\\\/radioljubuski.ba\\\/index.php\\\/2022\\\/05\\\/23\\\/cadiz-se-spasio-granada-seli-u-nizi-rang\\\/#primaryimage\"},\"thumbnailUrl\":\"https:\\\/\\\/radioljubuski.ba\\\/wp-content\\\/uploads\\\/2022\\\/05\\\/7NGXH9My_lopta.jpg\",\"articleSection\":[\"\u0160port\"],\"inLanguage\":\"hr\"},{\"@type\":\"WebPage\",\"@id\":\"https:\\\/\\\/radioljubuski.ba\\\/index.php\\\/2022\\\/05\\\/23\\\/cadiz-se-spasio-granada-seli-u-nizi-rang\\\/\",\"url\":\"https:\\\/\\\/radioljubuski.ba\\\/index.php\\\/2022\\\/05\\\/23\\\/cadiz-se-spasio-granada-seli-u-nizi-rang\\\/\",\"name\":\"Cadiz se spasio, Granada seli u ni\u017ei rang - RADIO LJUBU\u0160KI\",\"isPartOf\":{\"@id\":\"https:\\\/\\\/radioljubuski.ba\\\/#website\"},\"primaryImageOfPage\":{\"@id\":\"https:\\\/\\\/radioljubuski.ba\\\/index.php\\\/2022\\\/05\\\/23\\\/cadiz-se-spasio-granada-seli-u-nizi-rang\\\/#primaryimage\"},\"image\":{\"@id\":\"https:\\\/\\\/radioljubuski.ba\\\/index.php\\\/2022\\\/05\\\/23\\\/cadiz-se-spasio-granada-seli-u-nizi-rang\\\/#primaryimage\"},\"thumbnailUrl\":\"https:\\\/\\\/radioljubuski.ba\\\/wp-content\\\/uploads\\\/2022\\\/05\\\/7NGXH9My_lopta.jpg\",\"datePublished\":\"2022-05-23T09:32:45+00:00\",\"dateModified\":\"2022-05-23T09:32:47+00:00\",\"breadcrumb\":{\"@id\":\"https:\\\/\\\/radioljubuski.ba\\\/index.php\\\/2022\\\/05\\\/23\\\/cadiz-se-spasio-granada-seli-u-nizi-rang\\\/#breadcrumb\"},\"inLanguage\":\"hr\",\"potentialAction\":[{\"@type\":\"ReadAction\",\"target\":[\"https:\\\/\\\/radioljubuski.ba\\\/index.php\\\/2022\\\/05\\\/23\\\/cadiz-se-spasio-granada-seli-u-nizi-rang\\\/\"]}]},{\"@type\":\"ImageObject\",\"inLanguage\":\"hr\",\"@id\":\"https:\\\/\\\/radioljubuski.ba\\\/index.php\\\/2022\\\/05\\\/23\\\/cadiz-se-spasio-granada-seli-u-nizi-rang\\\/#primaryimage\",\"url\":\"https:\\\/\\\/radioljubuski.ba\\\/wp-content\\\/uploads\\\/2022\\\/05\\\/7NGXH9My_lopta.jpg\",\"contentUrl\":\"https:\\\/\\\/radioljubuski.ba\\\/wp-content\\\/uploads\\\/2022\\\/05\\\/7NGXH9My_lopta.jpg\",\"width\":1000,\"height\":625},{\"@type\":\"BreadcrumbList\",\"@id\":\"https:\\\/\\\/radioljubuski.ba\\\/index.php\\\/2022\\\/05\\\/23\\\/cadiz-se-spasio-granada-seli-u-nizi-rang\\\/#breadcrumb\",\"itemListElement\":[{\"@type\":\"ListItem\",\"position\":1,\"name\":\"Po\u010detna stranica\",\"item\":\"https:\\\/\\\/radioljubuski.ba\\\/\"},{\"@type\":\"ListItem\",\"position\":2,\"name\":\"Cadiz se spasio, Granada seli u ni\u017ei rang\"}]},{\"@type\":\"WebSite\",\"@id\":\"https:\\\/\\\/radioljubuski.ba\\\/#website\",\"url\":\"https:\\\/\\\/radioljubuski.ba\\\/\",\"name\":\"Radio Ljubu\u0161ki\",\"description\":\"Sun\u010dana frekvencija Hercegovine\",\"publisher\":{\"@id\":\"https:\\\/\\\/radioljubuski.ba\\\/#organization\"},\"potentialAction\":[{\"@type\":\"SearchAction\",\"target\":{\"@type\":\"EntryPoint\",\"urlTemplate\":\"https:\\\/\\\/radioljubuski.ba\\\/?s={search_term_string}\"},\"query-input\":{\"@type\":\"PropertyValueSpecification\",\"valueRequired\":true,\"valueName\":\"search_term_string\"}}],\"inLanguage\":\"hr\"},{\"@type\":\"Organization\",\"@id\":\"https:\\\/\\\/radioljubuski.ba\\\/#organization\",\"name\":\"Radio Ljubu\u0161ki\",\"url\":\"https:\\\/\\\/radioljubuski.ba\\\/\",\"logo\":{\"@type\":\"ImageObject\",\"inLanguage\":\"hr\",\"@id\":\"https:\\\/\\\/radioljubuski.ba\\\/#\\\/schema\\\/logo\\\/image\\\/\",\"url\":\"https:\\\/\\\/radioljubuski.ba\\\/wp-content\\\/uploads\\\/2021\\\/02\\\/cropped-Radio_Ljubuski_logo1.jpg\",\"contentUrl\":\"https:\\\/\\\/radioljubuski.ba\\\/wp-content\\\/uploads\\\/2021\\\/02\\\/cropped-Radio_Ljubuski_logo1.jpg\",\"width\":512,\"height\":512,\"caption\":\"Radio Ljubu\u0161ki\"},\"image\":{\"@id\":\"https:\\\/\\\/radioljubuski.ba\\\/#\\\/schema\\\/logo\\\/image\\\/\"},\"sameAs\":[\"https:\\\/\\\/www.facebook.com\\\/Radiio-Ljubuski-1490835324566332\",\"https:\\\/\\\/x.com\\\/radioljubuski\",\"https:\\\/\\\/hr.linkedin.com\\\/company\\\/radio-ljubuski\",\"https:\\\/\\\/www.youtube.com\\\/channel\\\/UCHYaeO_n0Db3tjNGudGpXyw\"]},{\"@type\":\"Person\",\"@id\":\"https:\\\/\\\/radioljubuski.ba\\\/#\\\/schema\\\/person\\\/19fc700381a780f69665d7956c469e3b\",\"name\":\"Radio Ljubu\u0161ki\"}]}<\/script>\n<!-- \/ Yoast SEO plugin. -->","yoast_head_json":{"title":"Cadiz se spasio, Granada seli u ni\u017ei rang - RADIO LJUBU\u0160KI","robots":{"index":"index","follow":"follow","max-snippet":"max-snippet:-1","max-image-preview":"max-image-preview:large","max-video-preview":"max-video-preview:-1"},"canonical":"https:\/\/radioljubuski.ba\/index.php\/2022\/05\/23\/cadiz-se-spasio-granada-seli-u-nizi-rang\/","og_locale":"hr_HR","og_type":"article","og_title":"Cadiz se spasio, Granada seli u ni\u017ei rang - RADIO LJUBU\u0160KI","og_description":"U posljednjem kolu \u0161panjolskog nogometnog prvenstva razrije\u0161ena je i dvojba tko \u0107e uz Alaves i Levente preseliti u ni\u017ei rang natjecanja. To je Granada, dok su se Cadiz i Mallorca spasili. Granada je u zadnjem kolu sama ovisila o sebi, pobjedom protiv Espanyola osigurala bi ostanak u prvoliga\u0161kom dru\u0161tvu. No, susret je zavr\u0161io bez golova, [&hellip;]","og_url":"https:\/\/radioljubuski.ba\/index.php\/2022\/05\/23\/cadiz-se-spasio-granada-seli-u-nizi-rang\/","og_site_name":"RADIO LJUBU\u0160KI","article_publisher":"https:\/\/www.facebook.com\/Radiio-Ljubuski-1490835324566332","article_published_time":"2022-05-23T09:32:45+00:00","article_modified_time":"2022-05-23T09:32:47+00:00","og_image":[{"width":1000,"height":625,"url":"https:\/\/radioljubuski.ba\/wp-content\/uploads\/2022\/05\/7NGXH9My_lopta.jpg","type":"image\/jpeg"}],"author":"Radio Ljubu\u0161ki","twitter_card":"summary_large_image","twitter_creator":"@radioljubuski","twitter_site":"@radioljubuski","twitter_misc":{"Napisao\/la":"Radio Ljubu\u0161ki","Procijenjeno vrijeme \u010ditanja":"2 minute"},"schema":{"@context":"https:\/\/schema.org","@graph":[{"@type":"Article","@id":"https:\/\/radioljubuski.ba\/index.php\/2022\/05\/23\/cadiz-se-spasio-granada-seli-u-nizi-rang\/#article","isPartOf":{"@id":"https:\/\/radioljubuski.ba\/index.php\/2022\/05\/23\/cadiz-se-spasio-granada-seli-u-nizi-rang\/"},"author":{"name":"Radio Ljubu\u0161ki","@id":"https:\/\/radioljubuski.ba\/#\/schema\/person\/19fc700381a780f69665d7956c469e3b"},"headline":"Cadiz se spasio, Granada seli u ni\u017ei rang","datePublished":"2022-05-23T09:32:45+00:00","dateModified":"2022-05-23T09:32:47+00:00","mainEntityOfPage":{"@id":"https:\/\/radioljubuski.ba\/index.php\/2022\/05\/23\/cadiz-se-spasio-granada-seli-u-nizi-rang\/"},"wordCount":270,"publisher":{"@id":"https:\/\/radioljubuski.ba\/#organization"},"image":{"@id":"https:\/\/radioljubuski.ba\/index.php\/2022\/05\/23\/cadiz-se-spasio-granada-seli-u-nizi-rang\/#primaryimage"},"thumbnailUrl":"https:\/\/radioljubuski.ba\/wp-content\/uploads\/2022\/05\/7NGXH9My_lopta.jpg","articleSection":["\u0160port"],"inLanguage":"hr"},{"@type":"WebPage","@id":"https:\/\/radioljubuski.ba\/index.php\/2022\/05\/23\/cadiz-se-spasio-granada-seli-u-nizi-rang\/","url":"https:\/\/radioljubuski.ba\/index.php\/2022\/05\/23\/cadiz-se-spasio-granada-seli-u-nizi-rang\/","name":"Cadiz se spasio, Granada seli u ni\u017ei rang - RADIO LJUBU\u0160KI","isPartOf":{"@id":"https:\/\/radioljubuski.ba\/#website"},"primaryImageOfPage":{"@id":"https:\/\/radioljubuski.ba\/index.php\/2022\/05\/23\/cadiz-se-spasio-granada-seli-u-nizi-rang\/#primaryimage"},"image":{"@id":"https:\/\/radioljubuski.ba\/index.php\/2022\/05\/23\/cadiz-se-spasio-granada-seli-u-nizi-rang\/#primaryimage"},"thumbnailUrl":"https:\/\/radioljubuski.ba\/wp-content\/uploads\/2022\/05\/7NGXH9My_lopta.jpg","datePublished":"2022-05-23T09:32:45+00:00","dateModified":"2022-05-23T09:32:47+00:00","breadcrumb":{"@id":"https:\/\/radioljubuski.ba\/index.php\/2022\/05\/23\/cadiz-se-spasio-granada-seli-u-nizi-rang\/#breadcrumb"},"inLanguage":"hr","potentialAction":[{"@type":"ReadAction","target":["https:\/\/radioljubuski.ba\/index.php\/2022\/05\/23\/cadiz-se-spasio-granada-seli-u-nizi-rang\/"]}]},{"@type":"ImageObject","inLanguage":"hr","@id":"https:\/\/radioljubuski.ba\/index.php\/2022\/05\/23\/cadiz-se-spasio-granada-seli-u-nizi-rang\/#primaryimage","url":"https:\/\/radioljubuski.ba\/wp-content\/uploads\/2022\/05\/7NGXH9My_lopta.jpg","contentUrl":"https:\/\/radioljubuski.ba\/wp-content\/uploads\/2022\/05\/7NGXH9My_lopta.jpg","width":1000,"height":625},{"@type":"BreadcrumbList","@id":"https:\/\/radioljubuski.ba\/index.php\/2022\/05\/23\/cadiz-se-spasio-granada-seli-u-nizi-rang\/#breadcrumb","itemListElement":[{"@type":"ListItem","position":1,"name":"Po\u010detna stranica","item":"https:\/\/radioljubuski.ba\/"},{"@type":"ListItem","position":2,"name":"Cadiz se spasio, Granada seli u ni\u017ei rang"}]},{"@type":"WebSite","@id":"https:\/\/radioljubuski.ba\/#website","url":"https:\/\/radioljubuski.ba\/","name":"Radio Ljubu\u0161ki","description":"Sun\u010dana frekvencija Hercegovine","publisher":{"@id":"https:\/\/radioljubuski.ba\/#organization"},"potentialAction":[{"@type":"SearchAction","target":{"@type":"EntryPoint","urlTemplate":"https:\/\/radioljubuski.ba\/?s={search_term_string}"},"query-input":{"@type":"PropertyValueSpecification","valueRequired":true,"valueName":"search_term_string"}}],"inLanguage":"hr"},{"@type":"Organization","@id":"https:\/\/radioljubuski.ba\/#organization","name":"Radio Ljubu\u0161ki","url":"https:\/\/radioljubuski.ba\/","logo":{"@type":"ImageObject","inLanguage":"hr","@id":"https:\/\/radioljubuski.ba\/#\/schema\/logo\/image\/","url":"https:\/\/radioljubuski.ba\/wp-content\/uploads\/2021\/02\/cropped-Radio_Ljubuski_logo1.jpg","contentUrl":"https:\/\/radioljubuski.ba\/wp-content\/uploads\/2021\/02\/cropped-Radio_Ljubuski_logo1.jpg","width":512,"height":512,"caption":"Radio Ljubu\u0161ki"},"image":{"@id":"https:\/\/radioljubuski.ba\/#\/schema\/logo\/image\/"},"sameAs":["https:\/\/www.facebook.com\/Radiio-Ljubuski-1490835324566332","https:\/\/x.com\/radioljubuski","https:\/\/hr.linkedin.com\/company\/radio-ljubuski","https:\/\/www.youtube.com\/channel\/UCHYaeO_n0Db3tjNGudGpXyw"]},{"@type":"Person","@id":"https:\/\/radioljubuski.ba\/#\/schema\/person\/19fc700381a780f69665d7956c469e3b","name":"Radio Ljubu\u0161ki"}]}},"_links":{"self":[{"href":"https:\/\/radioljubuski.ba\/index.php\/wp-json\/wp\/v2\/posts\/143283","targetHints":{"allow":["GET"]}}],"collection":[{"href":"https:\/\/radioljubuski.ba\/index.php\/wp-json\/wp\/v2\/posts"}],"about":[{"href":"https:\/\/radioljubuski.ba\/index.php\/wp-json\/wp\/v2\/types\/post"}],"author":[{"embeddable":true,"href":"https:\/\/radioljubuski.ba\/index.php\/wp-json\/wp\/v2\/users\/2"}],"replies":[{"embeddable":true,"href":"https:\/\/radioljubuski.ba\/index.php\/wp-json\/wp\/v2\/comments?post=143283"}],"version-history":[{"count":1,"href":"https:\/\/radioljubuski.ba\/index.php\/wp-json\/wp\/v2\/posts\/143283\/revisions"}],"predecessor-version":[{"id":143285,"href":"https:\/\/radioljubuski.ba\/index.php\/wp-json\/wp\/v2\/posts\/143283\/revisions\/143285"}],"wp:featuredmedia":[{"embeddable":true,"href":"https:\/\/radioljubuski.ba\/index.php\/wp-json\/wp\/v2\/media\/143284"}],"wp:attachment":[{"href":"https:\/\/radioljubuski.ba\/index.php\/wp-json\/wp\/v2\/media?parent=143283"}],"wp:term":[{"taxonomy":"category","embeddable":true,"href":"https:\/\/radioljubuski.ba\/index.php\/wp-json\/wp\/v2\/categories?post=143283"},{"taxonomy":"post_tag","embeddable":true,"href":"https:\/\/radioljubuski.ba\/index.php\/wp-json\/wp\/v2\/tags?post=143283"}],"curies":[{"name":"wp","href":"https:\/\/api.w.org\/{rel}","templated":true}]}}