{"id":14329,"date":"2021-04-19T11:02:33","date_gmt":"2021-04-19T10:02:33","guid":{"rendered":"https:\/\/radioljubuski.ba\/?p=14329"},"modified":"2021-04-19T11:02:35","modified_gmt":"2021-04-19T10:02:35","slug":"sve-vise-osnovaca-u-hnz-u-ide-na-instrukcije","status":"publish","type":"post","link":"https:\/\/radioljubuski.ba\/index.php\/2021\/04\/19\/sve-vise-osnovaca-u-hnz-u-ide-na-instrukcije\/","title":{"rendered":"Sve vi\u0161e osnovaca u HN\u017d-u ide na instrukcije"},"content":{"rendered":"\n<p>U Hercegova\u010dko-neretvanskoj \u017eupaniji sve vi\u0161e osnovaca ide na instrukcije, najvi\u0161e iz matematike i stranih jezika, \u010dija je prosje\u010dna cijena&nbsp;po satu 15 maraka zbog \u010dega su mnogi roditelji ogor\u010deni te se s pravom pitaju \u0161to im djeca rade u \u0161kolama.<\/p>\n\n\n\n<p>Predsjednik Sindikata u\u010ditelja HN\u017d-a Slavko Lau\u0161 smatra kako su u pandemiji koronavirusa na povr\u0161inu isplivali svi nedostatci obrazovnog sustava.<\/p>\n\n\n\n<p>&nbsp;&#8211; U ovoj godini dana, pandemija je izbacila na povr\u0161inu sve \u0161to ne valja u obrazovnom sustavu.&nbsp;To nam je sada do\u0161lo na naplatu&nbsp;i jednostavno smo primorani davati instrukcije djeci jer ne vidimo drugog na\u010dina da stignemo s gradivom i nau\u010dimo djecu osnove stvari &#8211; pojasnio je Lau\u0161 u izjavi za Fenu.<\/p>\n\n\n\n<p>Napominje da im dodatno odma\u017ee i trajanje nastavnoga sata od 30 minuta.<\/p>\n\n\n\n<p>&#8211; Za to vrijeme ne mo\u017eemo dobit ni dje\u010dju pa\u017enja, a kamoli da im prenesemo znanje &#8211; tvrdi Lau\u0161.<\/p>\n\n\n\n<p>Iz Federalnog ministarstva obrazovanja isti\u010du kako nema nesposobne, samo obeshrabrene djece.<\/p>\n\n\n\n<p>Napominju kako je odvijanje nastavno-obrazovnog procesa u pandemiji ote\u017eano te da ni\u0161ta ne mo\u017ee nadomjestiti interakciju izme\u0111u nastavnika i u\u010denika u u\u010dionici.<\/p>\n\n\n\n<p>&#8211; Uz adekvatan izbor nastavne metode u razredu te organiziranje dopunske i dodatne nastave,&nbsp;djeca mogu dose\u0107i zadovoljavaju\u0107a obrazovna postignu\u0107a, bez organiziranja instruktivne nastave za koju roditelji moraju izdvajati financijska sredstva &#8211; istaknula je pomo\u0107nica federalnog ministra za pred\u0161kolsko, osnovno i srednje obrazovanje Nadija Bandi\u0107.<\/p>\n\n\n\n<p>Navodi kako je u specifi\u010dnim, pandemijskim uvjetima odvijanje nastavno-obrazovnog procesa i primjena razli\u010ditih strategija diferenciranog pou\u010davanja dodatno ote\u017eana jer ni\u0161ta, smatra, ne mo\u017ee nadomjestiti interakciju izme\u0111u nastavnika i u\u010denika u u\u010dionici.<\/p>\n\n\n\n<p>Stoga se, ka\u017ee, javlja potreba za organiziranjem besplatne dopunske nastave.<\/p>\n\n\n\n<p>Dopunska nastava se kao oblik pomo\u0107i djeci u osnovnim \u0161kolama odavno ne nudi&nbsp;<\/p>\n\n\n\n<p>&#8211; \u0160to se ti\u010de dodatne i dopunske nastave nisam upoznata da se one &#8216;slu\u017ebeno&#8217; obra\u0111uju, no sa sigurno\u0161\u0107u tvrdim da je svo nastavno osoblje, barem u mom okru\u017eenju, svakodnevno dostupno za dodatna poja\u0161njenja u\u010denicima &#8211; isti\u010de nastavnica engleskog jezika koja radi u jednoj mostarskoj \u0161koli te povremeno dr\u017ei instrukcije.<\/p>\n\n\n\n<p>Smatra kako su nastavni planovi i programi obimni.&nbsp;<\/p>\n\n\n\n<p>&#8211; Problem jesu i odluke resornoga ministarstva, a jedna od njih je i ta da se gradivo ne prilago\u0111ava. Pod tim se podrazumijeva da nastavnici sami odre\u0111uju najbitnije dijelove lekcija. No, kako iz bilo koje lekcije jezika odvojiti bitno od nebitnog?- pita se ova nastavnica.<\/p>\n\n\n\n<p>Tako\u0111er, tvrdi kako te odluke u pandemiji dodatno ote\u017eavaju njihov posao, jer u uvjetima u kojima sati traju samo po 30 minuta, treba objasniti gradivo koje je pisano i predvi\u0111eno za nastavni sat od 45 minuta.<\/p>\n\n\n\n<p>Napominje kako je \u017eiva rije\u010d ono \u0161to u\u010denike dr\u017ei budnima i pritom postavlja pitanje: &#8220;Koliko je za razli\u010dite tipove u\u010denika online nastava efektivna&#8221;?<\/p>\n\n\n\n<p>Prema pri\u010danju roditelja, razo\u010daravaju\u0107e je da djeca po znanje moraju na instrukcije, a uzimaju ih, vele,&nbsp;svi povremeno ili redovito<\/p>\n\n\n\n<p>Rije\u010d je, naravno, o sivoj zoni, nereguliranom tr\u017ei\u0161tu, zbog \u010dega niz sugovornika pristaje iznositi svoje iskustvo isklju\u010divo anonimno.<\/p>\n\n\n\n<p>&#8211; Moje dijete uzima instrukcije iz matematike. U\u010diteljica ide br\u017ee s gradivom nego \u0161to djeca uop\u0107e usvoje prethodno. Rije\u010d je o tekstualnim zadatcima i postavkama sa zagradama. Sama se zamislim \u010desto nad zadatkom pa sam primorana potra\u017eit pomo\u0107 &#8220;u\u010diteljice instruktorice&#8221; &#8211; pri\u010da Branka, majka u\u010denice drugog razreda osnovne \u0161kole u Mostaru.<\/p>\n\n\n\n<p>&nbsp;Majka u\u010denika i u\u010denice devetog razreda osnovne i drugog razreda srednje \u0161kole isti\u010de kako joj sin ide na instrukcije iz matematike i iz njema\u010dkog jezika, a k\u0107erka iz matematike i hrvatskog jezika.<\/p>\n\n\n\n<p>&#8211; Zbog obimnog gradiva i slabog obja\u0161njavanja nastavnika ve\u0107 du\u017ei niz godina pla\u0107am djeci minimum, dva puta tjedno instrukcije &#8211; obja\u0161njava ova majka. Istodobno, napominje kako su to velika financijska izdvajanja kada je rije\u010d o jednom, a kamoli dvoje djece. Ka\u017ee kako je najni\u017ea cijena jednog sata instrukcija 10 maraka. &nbsp;<\/p>\n\n\n\n<p>Jedna majka, \u010dija djeca tako\u0111er koriste instrukcije, tvrdi, pak, kako ni one nisu uvijek od pomo\u0107i jer joj i nakon njih, dijete dobije slabu ocjenu. Razlog za to vidi u tome \u0161to ni svi nastavnici, kako ka\u017ee, nisu kvalificirani, odnosno nemaju potrebno znanja.<\/p>\n\n\n\n<p>&#8211; Pojedini nastavni kadar je nekvalificiran i nije za rad u \u0161kolama. Nastavnica koja im predaje hrvatski jezik ne posjeduje znanje iz tog predmeta i ne mo\u017ee ga onda ni prenijeti. Instruktorica kod koje mi ide&nbsp;dijete obja\u0161njava druga\u010dije pa kad upitamo njegovu predmetnu nastavnicu o tome, ona ka\u017ee da se taj dan (kada se u\u010dilo novo gradivo) mo\u017eda zbunila &#8211; \u017eali se majka u\u010denika sedmog razreda osnovne \u0161kole u Mostaru.<\/p>\n\n\n\n<p>&nbsp;U svakom slu\u010daju svi sugovornici se sla\u017eu u jednom, a to je da u\u010denicima treba ostaviti prostora i gradivo prilagoditi, vratiti dopunsku nastavu i sat na 45 minuta.<\/p>\n\n\n\n<p>Koliko je manjkav obrazovni sustav u BiH pokazuje i \u010dinjenica da je na\u0161a zemlja zauzela 62. mjesto me\u0111u 79 zemalja u obrazovnom istra\u017eivanju PISA-e, a svaki drugi petnaestogodi\u0161njak u BiH je &#8216;funkcionalno nepismen&#8217;.<\/p>\n\n\n\n<p>To zna\u010di da svaki drugi petnaestogodi\u0161njak u BiH ne mo\u017ee funkcionirati u oblasti matematike, prirodnih znanosti i \u010ditanja ni u \u0161kolskom sustavu, niti u privatnom okru\u017eenju, kao ni u nastavku \u0161kolovanja.<\/p>\n\n\n\n<p>Izvor:pogled.ba<\/p>\n","protected":false},"excerpt":{"rendered":"<p>U Hercegova\u010dko-neretvanskoj \u017eupaniji sve vi\u0161e osnovaca ide na instrukcije, najvi\u0161e iz matematike i stranih jezika, \u010dija je prosje\u010dna cijena&nbsp;po satu 15 maraka zbog \u010dega su mnogi roditelji ogor\u010deni te se s pravom pitaju \u0161to im djeca rade u \u0161kolama. Predsjednik Sindikata u\u010ditelja HN\u017d-a Slavko Lau\u0161 smatra kako su u pandemiji koronavirusa na povr\u0161inu isplivali svi [&hellip;]<\/p>\n","protected":false},"author":2,"featured_media":14330,"comment_status":"closed","ping_status":"closed","sticky":false,"template":"","format":"standard","meta":{"h5ap_radio_sources":[],"footnotes":""},"categories":[1],"tags":[],"class_list":["post-14329","post","type-post","status-publish","format-standard","has-post-thumbnail","hentry","category-bihiregija"],"yoast_head":"<!-- This site is optimized with the Yoast SEO plugin v27.5 - https:\/\/yoast.com\/product\/yoast-seo-wordpress\/ -->\n<title>Sve vi\u0161e osnovaca u HN\u017d-u ide na instrukcije - RADIO LJUBU\u0160KI<\/title>\n<meta name=\"robots\" content=\"index, follow, max-snippet:-1, max-image-preview:large, max-video-preview:-1\" \/>\n<link rel=\"canonical\" href=\"https:\/\/radioljubuski.ba\/index.php\/2021\/04\/19\/sve-vise-osnovaca-u-hnz-u-ide-na-instrukcije\/\" \/>\n<meta property=\"og:locale\" content=\"hr_HR\" \/>\n<meta property=\"og:type\" content=\"article\" \/>\n<meta property=\"og:title\" content=\"Sve vi\u0161e osnovaca u HN\u017d-u ide na instrukcije - RADIO LJUBU\u0160KI\" \/>\n<meta property=\"og:description\" content=\"U Hercegova\u010dko-neretvanskoj \u017eupaniji sve vi\u0161e osnovaca ide na instrukcije, najvi\u0161e iz matematike i stranih jezika, \u010dija je prosje\u010dna cijena&nbsp;po satu 15 maraka zbog \u010dega su mnogi roditelji ogor\u010deni te se s pravom pitaju \u0161to im djeca rade u \u0161kolama. Predsjednik Sindikata u\u010ditelja HN\u017d-a Slavko Lau\u0161 smatra kako su u pandemiji koronavirusa na povr\u0161inu isplivali svi [&hellip;]\" \/>\n<meta property=\"og:url\" content=\"https:\/\/radioljubuski.ba\/index.php\/2021\/04\/19\/sve-vise-osnovaca-u-hnz-u-ide-na-instrukcije\/\" \/>\n<meta property=\"og:site_name\" content=\"RADIO LJUBU\u0160KI\" \/>\n<meta property=\"article:publisher\" content=\"https:\/\/www.facebook.com\/Radiio-Ljubuski-1490835324566332\" \/>\n<meta property=\"article:published_time\" content=\"2021-04-19T10:02:33+00:00\" \/>\n<meta property=\"article:modified_time\" content=\"2021-04-19T10:02:35+00:00\" \/>\n<meta property=\"og:image\" content=\"https:\/\/radioljubuski.ba\/wp-content\/uploads\/2021\/04\/zDyCtQ6S_laus.jpg\" \/>\n\t<meta property=\"og:image:width\" content=\"1000\" \/>\n\t<meta property=\"og:image:height\" content=\"625\" \/>\n\t<meta property=\"og:image:type\" content=\"image\/jpeg\" \/>\n<meta name=\"author\" content=\"Radio Ljubu\u0161ki\" \/>\n<meta name=\"twitter:card\" content=\"summary_large_image\" \/>\n<meta name=\"twitter:creator\" content=\"@radioljubuski\" \/>\n<meta name=\"twitter:site\" content=\"@radioljubuski\" \/>\n<meta name=\"twitter:label1\" content=\"Napisao\/la\" \/>\n\t<meta name=\"twitter:data1\" content=\"Radio Ljubu\u0161ki\" \/>\n\t<meta name=\"twitter:label2\" content=\"Procijenjeno vrijeme \u010ditanja\" \/>\n\t<meta name=\"twitter:data2\" content=\"5 minuta\" \/>\n<script type=\"application\/ld+json\" class=\"yoast-schema-graph\">{\"@context\":\"https:\\\/\\\/schema.org\",\"@graph\":[{\"@type\":\"Article\",\"@id\":\"https:\\\/\\\/radioljubuski.ba\\\/index.php\\\/2021\\\/04\\\/19\\\/sve-vise-osnovaca-u-hnz-u-ide-na-instrukcije\\\/#article\",\"isPartOf\":{\"@id\":\"https:\\\/\\\/radioljubuski.ba\\\/index.php\\\/2021\\\/04\\\/19\\\/sve-vise-osnovaca-u-hnz-u-ide-na-instrukcije\\\/\"},\"author\":{\"name\":\"Radio Ljubu\u0161ki\",\"@id\":\"https:\\\/\\\/radioljubuski.ba\\\/#\\\/schema\\\/person\\\/19fc700381a780f69665d7956c469e3b\"},\"headline\":\"Sve vi\u0161e osnovaca u HN\u017d-u ide na instrukcije\",\"datePublished\":\"2021-04-19T10:02:33+00:00\",\"dateModified\":\"2021-04-19T10:02:35+00:00\",\"mainEntityOfPage\":{\"@id\":\"https:\\\/\\\/radioljubuski.ba\\\/index.php\\\/2021\\\/04\\\/19\\\/sve-vise-osnovaca-u-hnz-u-ide-na-instrukcije\\\/\"},\"wordCount\":933,\"publisher\":{\"@id\":\"https:\\\/\\\/radioljubuski.ba\\\/#organization\"},\"image\":{\"@id\":\"https:\\\/\\\/radioljubuski.ba\\\/index.php\\\/2021\\\/04\\\/19\\\/sve-vise-osnovaca-u-hnz-u-ide-na-instrukcije\\\/#primaryimage\"},\"thumbnailUrl\":\"https:\\\/\\\/radioljubuski.ba\\\/wp-content\\\/uploads\\\/2021\\\/04\\\/zDyCtQ6S_laus.jpg\",\"articleSection\":[\"BIH i regija\"],\"inLanguage\":\"hr\"},{\"@type\":\"WebPage\",\"@id\":\"https:\\\/\\\/radioljubuski.ba\\\/index.php\\\/2021\\\/04\\\/19\\\/sve-vise-osnovaca-u-hnz-u-ide-na-instrukcije\\\/\",\"url\":\"https:\\\/\\\/radioljubuski.ba\\\/index.php\\\/2021\\\/04\\\/19\\\/sve-vise-osnovaca-u-hnz-u-ide-na-instrukcije\\\/\",\"name\":\"Sve vi\u0161e osnovaca u HN\u017d-u ide na instrukcije - RADIO LJUBU\u0160KI\",\"isPartOf\":{\"@id\":\"https:\\\/\\\/radioljubuski.ba\\\/#website\"},\"primaryImageOfPage\":{\"@id\":\"https:\\\/\\\/radioljubuski.ba\\\/index.php\\\/2021\\\/04\\\/19\\\/sve-vise-osnovaca-u-hnz-u-ide-na-instrukcije\\\/#primaryimage\"},\"image\":{\"@id\":\"https:\\\/\\\/radioljubuski.ba\\\/index.php\\\/2021\\\/04\\\/19\\\/sve-vise-osnovaca-u-hnz-u-ide-na-instrukcije\\\/#primaryimage\"},\"thumbnailUrl\":\"https:\\\/\\\/radioljubuski.ba\\\/wp-content\\\/uploads\\\/2021\\\/04\\\/zDyCtQ6S_laus.jpg\",\"datePublished\":\"2021-04-19T10:02:33+00:00\",\"dateModified\":\"2021-04-19T10:02:35+00:00\",\"breadcrumb\":{\"@id\":\"https:\\\/\\\/radioljubuski.ba\\\/index.php\\\/2021\\\/04\\\/19\\\/sve-vise-osnovaca-u-hnz-u-ide-na-instrukcije\\\/#breadcrumb\"},\"inLanguage\":\"hr\",\"potentialAction\":[{\"@type\":\"ReadAction\",\"target\":[\"https:\\\/\\\/radioljubuski.ba\\\/index.php\\\/2021\\\/04\\\/19\\\/sve-vise-osnovaca-u-hnz-u-ide-na-instrukcije\\\/\"]}]},{\"@type\":\"ImageObject\",\"inLanguage\":\"hr\",\"@id\":\"https:\\\/\\\/radioljubuski.ba\\\/index.php\\\/2021\\\/04\\\/19\\\/sve-vise-osnovaca-u-hnz-u-ide-na-instrukcije\\\/#primaryimage\",\"url\":\"https:\\\/\\\/radioljubuski.ba\\\/wp-content\\\/uploads\\\/2021\\\/04\\\/zDyCtQ6S_laus.jpg\",\"contentUrl\":\"https:\\\/\\\/radioljubuski.ba\\\/wp-content\\\/uploads\\\/2021\\\/04\\\/zDyCtQ6S_laus.jpg\",\"width\":1000,\"height\":625},{\"@type\":\"BreadcrumbList\",\"@id\":\"https:\\\/\\\/radioljubuski.ba\\\/index.php\\\/2021\\\/04\\\/19\\\/sve-vise-osnovaca-u-hnz-u-ide-na-instrukcije\\\/#breadcrumb\",\"itemListElement\":[{\"@type\":\"ListItem\",\"position\":1,\"name\":\"Po\u010detna stranica\",\"item\":\"https:\\\/\\\/radioljubuski.ba\\\/\"},{\"@type\":\"ListItem\",\"position\":2,\"name\":\"Sve vi\u0161e osnovaca u HN\u017d-u ide na instrukcije\"}]},{\"@type\":\"WebSite\",\"@id\":\"https:\\\/\\\/radioljubuski.ba\\\/#website\",\"url\":\"https:\\\/\\\/radioljubuski.ba\\\/\",\"name\":\"Radio Ljubu\u0161ki\",\"description\":\"Sun\u010dana frekvencija Hercegovine\",\"publisher\":{\"@id\":\"https:\\\/\\\/radioljubuski.ba\\\/#organization\"},\"potentialAction\":[{\"@type\":\"SearchAction\",\"target\":{\"@type\":\"EntryPoint\",\"urlTemplate\":\"https:\\\/\\\/radioljubuski.ba\\\/?s={search_term_string}\"},\"query-input\":{\"@type\":\"PropertyValueSpecification\",\"valueRequired\":true,\"valueName\":\"search_term_string\"}}],\"inLanguage\":\"hr\"},{\"@type\":\"Organization\",\"@id\":\"https:\\\/\\\/radioljubuski.ba\\\/#organization\",\"name\":\"Radio Ljubu\u0161ki\",\"url\":\"https:\\\/\\\/radioljubuski.ba\\\/\",\"logo\":{\"@type\":\"ImageObject\",\"inLanguage\":\"hr\",\"@id\":\"https:\\\/\\\/radioljubuski.ba\\\/#\\\/schema\\\/logo\\\/image\\\/\",\"url\":\"https:\\\/\\\/radioljubuski.ba\\\/wp-content\\\/uploads\\\/2021\\\/02\\\/cropped-Radio_Ljubuski_logo1.jpg\",\"contentUrl\":\"https:\\\/\\\/radioljubuski.ba\\\/wp-content\\\/uploads\\\/2021\\\/02\\\/cropped-Radio_Ljubuski_logo1.jpg\",\"width\":512,\"height\":512,\"caption\":\"Radio Ljubu\u0161ki\"},\"image\":{\"@id\":\"https:\\\/\\\/radioljubuski.ba\\\/#\\\/schema\\\/logo\\\/image\\\/\"},\"sameAs\":[\"https:\\\/\\\/www.facebook.com\\\/Radiio-Ljubuski-1490835324566332\",\"https:\\\/\\\/x.com\\\/radioljubuski\",\"https:\\\/\\\/hr.linkedin.com\\\/company\\\/radio-ljubuski\",\"https:\\\/\\\/www.youtube.com\\\/channel\\\/UCHYaeO_n0Db3tjNGudGpXyw\"]},{\"@type\":\"Person\",\"@id\":\"https:\\\/\\\/radioljubuski.ba\\\/#\\\/schema\\\/person\\\/19fc700381a780f69665d7956c469e3b\",\"name\":\"Radio Ljubu\u0161ki\"}]}<\/script>\n<!-- \/ Yoast SEO plugin. -->","yoast_head_json":{"title":"Sve vi\u0161e osnovaca u HN\u017d-u ide na instrukcije - RADIO LJUBU\u0160KI","robots":{"index":"index","follow":"follow","max-snippet":"max-snippet:-1","max-image-preview":"max-image-preview:large","max-video-preview":"max-video-preview:-1"},"canonical":"https:\/\/radioljubuski.ba\/index.php\/2021\/04\/19\/sve-vise-osnovaca-u-hnz-u-ide-na-instrukcije\/","og_locale":"hr_HR","og_type":"article","og_title":"Sve vi\u0161e osnovaca u HN\u017d-u ide na instrukcije - RADIO LJUBU\u0160KI","og_description":"U Hercegova\u010dko-neretvanskoj \u017eupaniji sve vi\u0161e osnovaca ide na instrukcije, najvi\u0161e iz matematike i stranih jezika, \u010dija je prosje\u010dna cijena&nbsp;po satu 15 maraka zbog \u010dega su mnogi roditelji ogor\u010deni te se s pravom pitaju \u0161to im djeca rade u \u0161kolama. Predsjednik Sindikata u\u010ditelja HN\u017d-a Slavko Lau\u0161 smatra kako su u pandemiji koronavirusa na povr\u0161inu isplivali svi [&hellip;]","og_url":"https:\/\/radioljubuski.ba\/index.php\/2021\/04\/19\/sve-vise-osnovaca-u-hnz-u-ide-na-instrukcije\/","og_site_name":"RADIO LJUBU\u0160KI","article_publisher":"https:\/\/www.facebook.com\/Radiio-Ljubuski-1490835324566332","article_published_time":"2021-04-19T10:02:33+00:00","article_modified_time":"2021-04-19T10:02:35+00:00","og_image":[{"width":1000,"height":625,"url":"https:\/\/radioljubuski.ba\/wp-content\/uploads\/2021\/04\/zDyCtQ6S_laus.jpg","type":"image\/jpeg"}],"author":"Radio Ljubu\u0161ki","twitter_card":"summary_large_image","twitter_creator":"@radioljubuski","twitter_site":"@radioljubuski","twitter_misc":{"Napisao\/la":"Radio Ljubu\u0161ki","Procijenjeno vrijeme \u010ditanja":"5 minuta"},"schema":{"@context":"https:\/\/schema.org","@graph":[{"@type":"Article","@id":"https:\/\/radioljubuski.ba\/index.php\/2021\/04\/19\/sve-vise-osnovaca-u-hnz-u-ide-na-instrukcije\/#article","isPartOf":{"@id":"https:\/\/radioljubuski.ba\/index.php\/2021\/04\/19\/sve-vise-osnovaca-u-hnz-u-ide-na-instrukcije\/"},"author":{"name":"Radio Ljubu\u0161ki","@id":"https:\/\/radioljubuski.ba\/#\/schema\/person\/19fc700381a780f69665d7956c469e3b"},"headline":"Sve vi\u0161e osnovaca u HN\u017d-u ide na instrukcije","datePublished":"2021-04-19T10:02:33+00:00","dateModified":"2021-04-19T10:02:35+00:00","mainEntityOfPage":{"@id":"https:\/\/radioljubuski.ba\/index.php\/2021\/04\/19\/sve-vise-osnovaca-u-hnz-u-ide-na-instrukcije\/"},"wordCount":933,"publisher":{"@id":"https:\/\/radioljubuski.ba\/#organization"},"image":{"@id":"https:\/\/radioljubuski.ba\/index.php\/2021\/04\/19\/sve-vise-osnovaca-u-hnz-u-ide-na-instrukcije\/#primaryimage"},"thumbnailUrl":"https:\/\/radioljubuski.ba\/wp-content\/uploads\/2021\/04\/zDyCtQ6S_laus.jpg","articleSection":["BIH i regija"],"inLanguage":"hr"},{"@type":"WebPage","@id":"https:\/\/radioljubuski.ba\/index.php\/2021\/04\/19\/sve-vise-osnovaca-u-hnz-u-ide-na-instrukcije\/","url":"https:\/\/radioljubuski.ba\/index.php\/2021\/04\/19\/sve-vise-osnovaca-u-hnz-u-ide-na-instrukcije\/","name":"Sve vi\u0161e osnovaca u HN\u017d-u ide na instrukcije - RADIO LJUBU\u0160KI","isPartOf":{"@id":"https:\/\/radioljubuski.ba\/#website"},"primaryImageOfPage":{"@id":"https:\/\/radioljubuski.ba\/index.php\/2021\/04\/19\/sve-vise-osnovaca-u-hnz-u-ide-na-instrukcije\/#primaryimage"},"image":{"@id":"https:\/\/radioljubuski.ba\/index.php\/2021\/04\/19\/sve-vise-osnovaca-u-hnz-u-ide-na-instrukcije\/#primaryimage"},"thumbnailUrl":"https:\/\/radioljubuski.ba\/wp-content\/uploads\/2021\/04\/zDyCtQ6S_laus.jpg","datePublished":"2021-04-19T10:02:33+00:00","dateModified":"2021-04-19T10:02:35+00:00","breadcrumb":{"@id":"https:\/\/radioljubuski.ba\/index.php\/2021\/04\/19\/sve-vise-osnovaca-u-hnz-u-ide-na-instrukcije\/#breadcrumb"},"inLanguage":"hr","potentialAction":[{"@type":"ReadAction","target":["https:\/\/radioljubuski.ba\/index.php\/2021\/04\/19\/sve-vise-osnovaca-u-hnz-u-ide-na-instrukcije\/"]}]},{"@type":"ImageObject","inLanguage":"hr","@id":"https:\/\/radioljubuski.ba\/index.php\/2021\/04\/19\/sve-vise-osnovaca-u-hnz-u-ide-na-instrukcije\/#primaryimage","url":"https:\/\/radioljubuski.ba\/wp-content\/uploads\/2021\/04\/zDyCtQ6S_laus.jpg","contentUrl":"https:\/\/radioljubuski.ba\/wp-content\/uploads\/2021\/04\/zDyCtQ6S_laus.jpg","width":1000,"height":625},{"@type":"BreadcrumbList","@id":"https:\/\/radioljubuski.ba\/index.php\/2021\/04\/19\/sve-vise-osnovaca-u-hnz-u-ide-na-instrukcije\/#breadcrumb","itemListElement":[{"@type":"ListItem","position":1,"name":"Po\u010detna stranica","item":"https:\/\/radioljubuski.ba\/"},{"@type":"ListItem","position":2,"name":"Sve vi\u0161e osnovaca u HN\u017d-u ide na instrukcije"}]},{"@type":"WebSite","@id":"https:\/\/radioljubuski.ba\/#website","url":"https:\/\/radioljubuski.ba\/","name":"Radio Ljubu\u0161ki","description":"Sun\u010dana frekvencija Hercegovine","publisher":{"@id":"https:\/\/radioljubuski.ba\/#organization"},"potentialAction":[{"@type":"SearchAction","target":{"@type":"EntryPoint","urlTemplate":"https:\/\/radioljubuski.ba\/?s={search_term_string}"},"query-input":{"@type":"PropertyValueSpecification","valueRequired":true,"valueName":"search_term_string"}}],"inLanguage":"hr"},{"@type":"Organization","@id":"https:\/\/radioljubuski.ba\/#organization","name":"Radio Ljubu\u0161ki","url":"https:\/\/radioljubuski.ba\/","logo":{"@type":"ImageObject","inLanguage":"hr","@id":"https:\/\/radioljubuski.ba\/#\/schema\/logo\/image\/","url":"https:\/\/radioljubuski.ba\/wp-content\/uploads\/2021\/02\/cropped-Radio_Ljubuski_logo1.jpg","contentUrl":"https:\/\/radioljubuski.ba\/wp-content\/uploads\/2021\/02\/cropped-Radio_Ljubuski_logo1.jpg","width":512,"height":512,"caption":"Radio Ljubu\u0161ki"},"image":{"@id":"https:\/\/radioljubuski.ba\/#\/schema\/logo\/image\/"},"sameAs":["https:\/\/www.facebook.com\/Radiio-Ljubuski-1490835324566332","https:\/\/x.com\/radioljubuski","https:\/\/hr.linkedin.com\/company\/radio-ljubuski","https:\/\/www.youtube.com\/channel\/UCHYaeO_n0Db3tjNGudGpXyw"]},{"@type":"Person","@id":"https:\/\/radioljubuski.ba\/#\/schema\/person\/19fc700381a780f69665d7956c469e3b","name":"Radio Ljubu\u0161ki"}]}},"_links":{"self":[{"href":"https:\/\/radioljubuski.ba\/index.php\/wp-json\/wp\/v2\/posts\/14329","targetHints":{"allow":["GET"]}}],"collection":[{"href":"https:\/\/radioljubuski.ba\/index.php\/wp-json\/wp\/v2\/posts"}],"about":[{"href":"https:\/\/radioljubuski.ba\/index.php\/wp-json\/wp\/v2\/types\/post"}],"author":[{"embeddable":true,"href":"https:\/\/radioljubuski.ba\/index.php\/wp-json\/wp\/v2\/users\/2"}],"replies":[{"embeddable":true,"href":"https:\/\/radioljubuski.ba\/index.php\/wp-json\/wp\/v2\/comments?post=14329"}],"version-history":[{"count":1,"href":"https:\/\/radioljubuski.ba\/index.php\/wp-json\/wp\/v2\/posts\/14329\/revisions"}],"predecessor-version":[{"id":14331,"href":"https:\/\/radioljubuski.ba\/index.php\/wp-json\/wp\/v2\/posts\/14329\/revisions\/14331"}],"wp:featuredmedia":[{"embeddable":true,"href":"https:\/\/radioljubuski.ba\/index.php\/wp-json\/wp\/v2\/media\/14330"}],"wp:attachment":[{"href":"https:\/\/radioljubuski.ba\/index.php\/wp-json\/wp\/v2\/media?parent=14329"}],"wp:term":[{"taxonomy":"category","embeddable":true,"href":"https:\/\/radioljubuski.ba\/index.php\/wp-json\/wp\/v2\/categories?post=14329"},{"taxonomy":"post_tag","embeddable":true,"href":"https:\/\/radioljubuski.ba\/index.php\/wp-json\/wp\/v2\/tags?post=14329"}],"curies":[{"name":"wp","href":"https:\/\/api.w.org\/{rel}","templated":true}]}}