{"id":143298,"date":"2022-05-23T10:39:11","date_gmt":"2022-05-23T09:39:11","guid":{"rendered":"https:\/\/radioljubuski.ba\/?p=143298"},"modified":"2022-05-23T10:39:12","modified_gmt":"2022-05-23T09:39:12","slug":"apple-priprema-savitljivi-telefon-no-ima-i-jedno-iznenadenje","status":"publish","type":"post","link":"https:\/\/radioljubuski.ba\/index.php\/2022\/05\/23\/apple-priprema-savitljivi-telefon-no-ima-i-jedno-iznenadenje\/","title":{"rendered":"Apple priprema savitljivi telefon, no ima i jedno iznena\u0111enje"},"content":{"rendered":"\n<p>Glasine o Appleovom savitljivim telefonu ve\u0107 su kru\u017eile&nbsp;mre\u017eom&nbsp;proteklih godinu-dvije, a da Cookova tvrtka zaista radi na takvom ure\u0111aju, potvrdio je i poznati analiti\u010dar Ming-Chi Kuo.<\/p>\n\n\n\n<p>No njegovi izvori govore kako \u0107e Apple u borbu za osvajanje tog tr\u017ei\u0161ta krenuti s prili\u010dno&nbsp;druk\u010dijom taktikom&nbsp;u odnosu na konkurente.<\/p>\n\n\n\n<p>Njihov iPhone Foldable (ili kako \u0107e se ve\u0107 zvati), pored klasi\u010dnog glavnog ekrana koji \u0107e se mo\u0107i savijati, imat \u0107e i&nbsp;dodatni ekran, ali ne LCD ili OLED, ve\u0107 \u2013&nbsp;E ink ekran.<\/p>\n\n\n\n<p>Rije\u010d je o vrsti ekrana na kojoj je prikaz&nbsp;sli\u010dan prikazu na novinskom papiru&nbsp;i takav ekran koristi Amazon na svojim \u010dita\u010dima e-knjiga Kindle. Dok&nbsp;Kindle&nbsp;koristi crno-bijeli ekran, iPhone bi trebao koristiti E Ink ekran u boji. Takvi su ekrani, nagla\u0161avaju na&nbsp;The Vergeu, u odnosu na klasi\u010dne ekrane slabije responzivni i prikazuju manje boja, no&nbsp;ono \u0161to je va\u017eno jest da su \u2013 \u0161tedljiviji. Upravo je to razlog zbog kojeg je Apple, \u010dini se, spreman na kompromis s takvim ekranom.<\/p>\n\n\n\n<p>U kompaniji vjeruju&nbsp;kako \u0107e korisnici ionako za sve va\u017ene stvari na tom ure\u0111aju koristiti veliki savitljivi ekran, dok \u0107e im vanjski ekran ionako koristiti za&nbsp;prikaz nekakvih obavijesti&nbsp;i manje va\u017enih stvari za koje kvaliteta samog ekrana nije toliko bitna.<\/p>\n\n\n\n<p>Upravo zbog toga Kuo vjeruje da su E Ink ekrani&nbsp;idealni kao sekundarni ekrani&nbsp;savitljivih telefona tako da Cookova kompanija s ovim novitetom mo\u017eda pokrene novi trend na tr\u017ei\u0161tu, prenosi Zimo.hr.<\/p>\n\n\n\n<p>Kada \u0107emo&nbsp;mo\u0107i vidjeti&nbsp;kakav ure\u0111aj Apple priprema, nije poznato, no \u010dini se da to ne\u0107e biti tako skoro. Prema nekim prija\u0161njim podacima, Appleov savitljivi ure\u0111aj dijagonale ekrana oko 9 in\u010da&nbsp;ne treba o\u010dekivati&nbsp;prije&nbsp;2025. godine, a navodno pripremaju i jo\u0161 jedan ve\u0107i ure\u0111aj dijagonale ekrana 20 in\u010da kada se otvori. Takav ure\u0111aj na tr\u017ei\u0161tu bi se pojavio&nbsp;2026. ili&nbsp;kasnije.<\/p>\n\n\n\n<p>Izvor:pogled.ba<\/p>\n","protected":false},"excerpt":{"rendered":"<p>Glasine o Appleovom savitljivim telefonu ve\u0107 su kru\u017eile&nbsp;mre\u017eom&nbsp;proteklih godinu-dvije, a da Cookova tvrtka zaista radi na takvom ure\u0111aju, potvrdio je i poznati analiti\u010dar Ming-Chi Kuo. No njegovi izvori govore kako \u0107e Apple u borbu za osvajanje tog tr\u017ei\u0161ta krenuti s prili\u010dno&nbsp;druk\u010dijom taktikom&nbsp;u odnosu na konkurente. Njihov iPhone Foldable (ili kako \u0107e se ve\u0107 zvati), pored [&hellip;]<\/p>\n","protected":false},"author":2,"featured_media":143299,"comment_status":"closed","ping_status":"closed","sticky":false,"template":"","format":"standard","meta":{"h5ap_radio_sources":[],"footnotes":""},"categories":[1],"tags":[],"class_list":["post-143298","post","type-post","status-publish","format-standard","has-post-thumbnail","hentry","category-bihiregija"],"yoast_head":"<!-- This site is optimized with the Yoast SEO plugin v27.5 - https:\/\/yoast.com\/product\/yoast-seo-wordpress\/ -->\n<title>Apple priprema savitljivi telefon, no ima i jedno iznena\u0111enje - RADIO LJUBU\u0160KI<\/title>\n<meta name=\"robots\" content=\"index, follow, max-snippet:-1, max-image-preview:large, max-video-preview:-1\" \/>\n<link rel=\"canonical\" href=\"https:\/\/radioljubuski.ba\/index.php\/2022\/05\/23\/apple-priprema-savitljivi-telefon-no-ima-i-jedno-iznenadenje\/\" \/>\n<meta property=\"og:locale\" content=\"hr_HR\" \/>\n<meta property=\"og:type\" content=\"article\" \/>\n<meta property=\"og:title\" content=\"Apple priprema savitljivi telefon, no ima i jedno iznena\u0111enje - RADIO LJUBU\u0160KI\" \/>\n<meta property=\"og:description\" content=\"Glasine o Appleovom savitljivim telefonu ve\u0107 su kru\u017eile&nbsp;mre\u017eom&nbsp;proteklih godinu-dvije, a da Cookova tvrtka zaista radi na takvom ure\u0111aju, potvrdio je i poznati analiti\u010dar Ming-Chi Kuo. No njegovi izvori govore kako \u0107e Apple u borbu za osvajanje tog tr\u017ei\u0161ta krenuti s prili\u010dno&nbsp;druk\u010dijom taktikom&nbsp;u odnosu na konkurente. Njihov iPhone Foldable (ili kako \u0107e se ve\u0107 zvati), pored [&hellip;]\" \/>\n<meta property=\"og:url\" content=\"https:\/\/radioljubuski.ba\/index.php\/2022\/05\/23\/apple-priprema-savitljivi-telefon-no-ima-i-jedno-iznenadenje\/\" \/>\n<meta property=\"og:site_name\" content=\"RADIO LJUBU\u0160KI\" \/>\n<meta property=\"article:publisher\" content=\"https:\/\/www.facebook.com\/Radiio-Ljubuski-1490835324566332\" \/>\n<meta property=\"article:published_time\" content=\"2022-05-23T09:39:11+00:00\" \/>\n<meta property=\"article:modified_time\" content=\"2022-05-23T09:39:12+00:00\" \/>\n<meta property=\"og:image\" content=\"https:\/\/radioljubuski.ba\/wp-content\/uploads\/2022\/05\/10-2022-05-17-19-43-50-Snimka-zaslona-2022-05-17-194142.jpg\" \/>\n\t<meta property=\"og:image:width\" content=\"1000\" \/>\n\t<meta property=\"og:image:height\" content=\"625\" \/>\n\t<meta property=\"og:image:type\" content=\"image\/jpeg\" \/>\n<meta name=\"author\" content=\"Radio Ljubu\u0161ki\" \/>\n<meta name=\"twitter:card\" content=\"summary_large_image\" \/>\n<meta name=\"twitter:creator\" content=\"@radioljubuski\" \/>\n<meta name=\"twitter:site\" content=\"@radioljubuski\" \/>\n<meta name=\"twitter:label1\" content=\"Napisao\/la\" \/>\n\t<meta name=\"twitter:data1\" content=\"Radio Ljubu\u0161ki\" \/>\n\t<meta name=\"twitter:label2\" content=\"Procijenjeno vrijeme \u010ditanja\" \/>\n\t<meta name=\"twitter:data2\" content=\"2 minute\" \/>\n<script type=\"application\/ld+json\" class=\"yoast-schema-graph\">{\"@context\":\"https:\\\/\\\/schema.org\",\"@graph\":[{\"@type\":\"Article\",\"@id\":\"https:\\\/\\\/radioljubuski.ba\\\/index.php\\\/2022\\\/05\\\/23\\\/apple-priprema-savitljivi-telefon-no-ima-i-jedno-iznenadenje\\\/#article\",\"isPartOf\":{\"@id\":\"https:\\\/\\\/radioljubuski.ba\\\/index.php\\\/2022\\\/05\\\/23\\\/apple-priprema-savitljivi-telefon-no-ima-i-jedno-iznenadenje\\\/\"},\"author\":{\"name\":\"Radio Ljubu\u0161ki\",\"@id\":\"https:\\\/\\\/radioljubuski.ba\\\/#\\\/schema\\\/person\\\/19fc700381a780f69665d7956c469e3b\"},\"headline\":\"Apple priprema savitljivi telefon, no ima i jedno iznena\u0111enje\",\"datePublished\":\"2022-05-23T09:39:11+00:00\",\"dateModified\":\"2022-05-23T09:39:12+00:00\",\"mainEntityOfPage\":{\"@id\":\"https:\\\/\\\/radioljubuski.ba\\\/index.php\\\/2022\\\/05\\\/23\\\/apple-priprema-savitljivi-telefon-no-ima-i-jedno-iznenadenje\\\/\"},\"wordCount\":364,\"publisher\":{\"@id\":\"https:\\\/\\\/radioljubuski.ba\\\/#organization\"},\"image\":{\"@id\":\"https:\\\/\\\/radioljubuski.ba\\\/index.php\\\/2022\\\/05\\\/23\\\/apple-priprema-savitljivi-telefon-no-ima-i-jedno-iznenadenje\\\/#primaryimage\"},\"thumbnailUrl\":\"https:\\\/\\\/radioljubuski.ba\\\/wp-content\\\/uploads\\\/2022\\\/05\\\/10-2022-05-17-19-43-50-Snimka-zaslona-2022-05-17-194142.jpg\",\"articleSection\":[\"BIH i regija\"],\"inLanguage\":\"hr\"},{\"@type\":\"WebPage\",\"@id\":\"https:\\\/\\\/radioljubuski.ba\\\/index.php\\\/2022\\\/05\\\/23\\\/apple-priprema-savitljivi-telefon-no-ima-i-jedno-iznenadenje\\\/\",\"url\":\"https:\\\/\\\/radioljubuski.ba\\\/index.php\\\/2022\\\/05\\\/23\\\/apple-priprema-savitljivi-telefon-no-ima-i-jedno-iznenadenje\\\/\",\"name\":\"Apple priprema savitljivi telefon, no ima i jedno iznena\u0111enje - RADIO LJUBU\u0160KI\",\"isPartOf\":{\"@id\":\"https:\\\/\\\/radioljubuski.ba\\\/#website\"},\"primaryImageOfPage\":{\"@id\":\"https:\\\/\\\/radioljubuski.ba\\\/index.php\\\/2022\\\/05\\\/23\\\/apple-priprema-savitljivi-telefon-no-ima-i-jedno-iznenadenje\\\/#primaryimage\"},\"image\":{\"@id\":\"https:\\\/\\\/radioljubuski.ba\\\/index.php\\\/2022\\\/05\\\/23\\\/apple-priprema-savitljivi-telefon-no-ima-i-jedno-iznenadenje\\\/#primaryimage\"},\"thumbnailUrl\":\"https:\\\/\\\/radioljubuski.ba\\\/wp-content\\\/uploads\\\/2022\\\/05\\\/10-2022-05-17-19-43-50-Snimka-zaslona-2022-05-17-194142.jpg\",\"datePublished\":\"2022-05-23T09:39:11+00:00\",\"dateModified\":\"2022-05-23T09:39:12+00:00\",\"breadcrumb\":{\"@id\":\"https:\\\/\\\/radioljubuski.ba\\\/index.php\\\/2022\\\/05\\\/23\\\/apple-priprema-savitljivi-telefon-no-ima-i-jedno-iznenadenje\\\/#breadcrumb\"},\"inLanguage\":\"hr\",\"potentialAction\":[{\"@type\":\"ReadAction\",\"target\":[\"https:\\\/\\\/radioljubuski.ba\\\/index.php\\\/2022\\\/05\\\/23\\\/apple-priprema-savitljivi-telefon-no-ima-i-jedno-iznenadenje\\\/\"]}]},{\"@type\":\"ImageObject\",\"inLanguage\":\"hr\",\"@id\":\"https:\\\/\\\/radioljubuski.ba\\\/index.php\\\/2022\\\/05\\\/23\\\/apple-priprema-savitljivi-telefon-no-ima-i-jedno-iznenadenje\\\/#primaryimage\",\"url\":\"https:\\\/\\\/radioljubuski.ba\\\/wp-content\\\/uploads\\\/2022\\\/05\\\/10-2022-05-17-19-43-50-Snimka-zaslona-2022-05-17-194142.jpg\",\"contentUrl\":\"https:\\\/\\\/radioljubuski.ba\\\/wp-content\\\/uploads\\\/2022\\\/05\\\/10-2022-05-17-19-43-50-Snimka-zaslona-2022-05-17-194142.jpg\",\"width\":1000,\"height\":625},{\"@type\":\"BreadcrumbList\",\"@id\":\"https:\\\/\\\/radioljubuski.ba\\\/index.php\\\/2022\\\/05\\\/23\\\/apple-priprema-savitljivi-telefon-no-ima-i-jedno-iznenadenje\\\/#breadcrumb\",\"itemListElement\":[{\"@type\":\"ListItem\",\"position\":1,\"name\":\"Po\u010detna stranica\",\"item\":\"https:\\\/\\\/radioljubuski.ba\\\/\"},{\"@type\":\"ListItem\",\"position\":2,\"name\":\"Apple priprema savitljivi telefon, no ima i jedno iznena\u0111enje\"}]},{\"@type\":\"WebSite\",\"@id\":\"https:\\\/\\\/radioljubuski.ba\\\/#website\",\"url\":\"https:\\\/\\\/radioljubuski.ba\\\/\",\"name\":\"Radio Ljubu\u0161ki\",\"description\":\"Sun\u010dana frekvencija Hercegovine\",\"publisher\":{\"@id\":\"https:\\\/\\\/radioljubuski.ba\\\/#organization\"},\"potentialAction\":[{\"@type\":\"SearchAction\",\"target\":{\"@type\":\"EntryPoint\",\"urlTemplate\":\"https:\\\/\\\/radioljubuski.ba\\\/?s={search_term_string}\"},\"query-input\":{\"@type\":\"PropertyValueSpecification\",\"valueRequired\":true,\"valueName\":\"search_term_string\"}}],\"inLanguage\":\"hr\"},{\"@type\":\"Organization\",\"@id\":\"https:\\\/\\\/radioljubuski.ba\\\/#organization\",\"name\":\"Radio Ljubu\u0161ki\",\"url\":\"https:\\\/\\\/radioljubuski.ba\\\/\",\"logo\":{\"@type\":\"ImageObject\",\"inLanguage\":\"hr\",\"@id\":\"https:\\\/\\\/radioljubuski.ba\\\/#\\\/schema\\\/logo\\\/image\\\/\",\"url\":\"https:\\\/\\\/radioljubuski.ba\\\/wp-content\\\/uploads\\\/2021\\\/02\\\/cropped-Radio_Ljubuski_logo1.jpg\",\"contentUrl\":\"https:\\\/\\\/radioljubuski.ba\\\/wp-content\\\/uploads\\\/2021\\\/02\\\/cropped-Radio_Ljubuski_logo1.jpg\",\"width\":512,\"height\":512,\"caption\":\"Radio Ljubu\u0161ki\"},\"image\":{\"@id\":\"https:\\\/\\\/radioljubuski.ba\\\/#\\\/schema\\\/logo\\\/image\\\/\"},\"sameAs\":[\"https:\\\/\\\/www.facebook.com\\\/Radiio-Ljubuski-1490835324566332\",\"https:\\\/\\\/x.com\\\/radioljubuski\",\"https:\\\/\\\/hr.linkedin.com\\\/company\\\/radio-ljubuski\",\"https:\\\/\\\/www.youtube.com\\\/channel\\\/UCHYaeO_n0Db3tjNGudGpXyw\"]},{\"@type\":\"Person\",\"@id\":\"https:\\\/\\\/radioljubuski.ba\\\/#\\\/schema\\\/person\\\/19fc700381a780f69665d7956c469e3b\",\"name\":\"Radio Ljubu\u0161ki\"}]}<\/script>\n<!-- \/ Yoast SEO plugin. -->","yoast_head_json":{"title":"Apple priprema savitljivi telefon, no ima i jedno iznena\u0111enje - RADIO LJUBU\u0160KI","robots":{"index":"index","follow":"follow","max-snippet":"max-snippet:-1","max-image-preview":"max-image-preview:large","max-video-preview":"max-video-preview:-1"},"canonical":"https:\/\/radioljubuski.ba\/index.php\/2022\/05\/23\/apple-priprema-savitljivi-telefon-no-ima-i-jedno-iznenadenje\/","og_locale":"hr_HR","og_type":"article","og_title":"Apple priprema savitljivi telefon, no ima i jedno iznena\u0111enje - RADIO LJUBU\u0160KI","og_description":"Glasine o Appleovom savitljivim telefonu ve\u0107 su kru\u017eile&nbsp;mre\u017eom&nbsp;proteklih godinu-dvije, a da Cookova tvrtka zaista radi na takvom ure\u0111aju, potvrdio je i poznati analiti\u010dar Ming-Chi Kuo. No njegovi izvori govore kako \u0107e Apple u borbu za osvajanje tog tr\u017ei\u0161ta krenuti s prili\u010dno&nbsp;druk\u010dijom taktikom&nbsp;u odnosu na konkurente. Njihov iPhone Foldable (ili kako \u0107e se ve\u0107 zvati), pored [&hellip;]","og_url":"https:\/\/radioljubuski.ba\/index.php\/2022\/05\/23\/apple-priprema-savitljivi-telefon-no-ima-i-jedno-iznenadenje\/","og_site_name":"RADIO LJUBU\u0160KI","article_publisher":"https:\/\/www.facebook.com\/Radiio-Ljubuski-1490835324566332","article_published_time":"2022-05-23T09:39:11+00:00","article_modified_time":"2022-05-23T09:39:12+00:00","og_image":[{"width":1000,"height":625,"url":"https:\/\/radioljubuski.ba\/wp-content\/uploads\/2022\/05\/10-2022-05-17-19-43-50-Snimka-zaslona-2022-05-17-194142.jpg","type":"image\/jpeg"}],"author":"Radio Ljubu\u0161ki","twitter_card":"summary_large_image","twitter_creator":"@radioljubuski","twitter_site":"@radioljubuski","twitter_misc":{"Napisao\/la":"Radio Ljubu\u0161ki","Procijenjeno vrijeme \u010ditanja":"2 minute"},"schema":{"@context":"https:\/\/schema.org","@graph":[{"@type":"Article","@id":"https:\/\/radioljubuski.ba\/index.php\/2022\/05\/23\/apple-priprema-savitljivi-telefon-no-ima-i-jedno-iznenadenje\/#article","isPartOf":{"@id":"https:\/\/radioljubuski.ba\/index.php\/2022\/05\/23\/apple-priprema-savitljivi-telefon-no-ima-i-jedno-iznenadenje\/"},"author":{"name":"Radio Ljubu\u0161ki","@id":"https:\/\/radioljubuski.ba\/#\/schema\/person\/19fc700381a780f69665d7956c469e3b"},"headline":"Apple priprema savitljivi telefon, no ima i jedno iznena\u0111enje","datePublished":"2022-05-23T09:39:11+00:00","dateModified":"2022-05-23T09:39:12+00:00","mainEntityOfPage":{"@id":"https:\/\/radioljubuski.ba\/index.php\/2022\/05\/23\/apple-priprema-savitljivi-telefon-no-ima-i-jedno-iznenadenje\/"},"wordCount":364,"publisher":{"@id":"https:\/\/radioljubuski.ba\/#organization"},"image":{"@id":"https:\/\/radioljubuski.ba\/index.php\/2022\/05\/23\/apple-priprema-savitljivi-telefon-no-ima-i-jedno-iznenadenje\/#primaryimage"},"thumbnailUrl":"https:\/\/radioljubuski.ba\/wp-content\/uploads\/2022\/05\/10-2022-05-17-19-43-50-Snimka-zaslona-2022-05-17-194142.jpg","articleSection":["BIH i regija"],"inLanguage":"hr"},{"@type":"WebPage","@id":"https:\/\/radioljubuski.ba\/index.php\/2022\/05\/23\/apple-priprema-savitljivi-telefon-no-ima-i-jedno-iznenadenje\/","url":"https:\/\/radioljubuski.ba\/index.php\/2022\/05\/23\/apple-priprema-savitljivi-telefon-no-ima-i-jedno-iznenadenje\/","name":"Apple priprema savitljivi telefon, no ima i jedno iznena\u0111enje - RADIO LJUBU\u0160KI","isPartOf":{"@id":"https:\/\/radioljubuski.ba\/#website"},"primaryImageOfPage":{"@id":"https:\/\/radioljubuski.ba\/index.php\/2022\/05\/23\/apple-priprema-savitljivi-telefon-no-ima-i-jedno-iznenadenje\/#primaryimage"},"image":{"@id":"https:\/\/radioljubuski.ba\/index.php\/2022\/05\/23\/apple-priprema-savitljivi-telefon-no-ima-i-jedno-iznenadenje\/#primaryimage"},"thumbnailUrl":"https:\/\/radioljubuski.ba\/wp-content\/uploads\/2022\/05\/10-2022-05-17-19-43-50-Snimka-zaslona-2022-05-17-194142.jpg","datePublished":"2022-05-23T09:39:11+00:00","dateModified":"2022-05-23T09:39:12+00:00","breadcrumb":{"@id":"https:\/\/radioljubuski.ba\/index.php\/2022\/05\/23\/apple-priprema-savitljivi-telefon-no-ima-i-jedno-iznenadenje\/#breadcrumb"},"inLanguage":"hr","potentialAction":[{"@type":"ReadAction","target":["https:\/\/radioljubuski.ba\/index.php\/2022\/05\/23\/apple-priprema-savitljivi-telefon-no-ima-i-jedno-iznenadenje\/"]}]},{"@type":"ImageObject","inLanguage":"hr","@id":"https:\/\/radioljubuski.ba\/index.php\/2022\/05\/23\/apple-priprema-savitljivi-telefon-no-ima-i-jedno-iznenadenje\/#primaryimage","url":"https:\/\/radioljubuski.ba\/wp-content\/uploads\/2022\/05\/10-2022-05-17-19-43-50-Snimka-zaslona-2022-05-17-194142.jpg","contentUrl":"https:\/\/radioljubuski.ba\/wp-content\/uploads\/2022\/05\/10-2022-05-17-19-43-50-Snimka-zaslona-2022-05-17-194142.jpg","width":1000,"height":625},{"@type":"BreadcrumbList","@id":"https:\/\/radioljubuski.ba\/index.php\/2022\/05\/23\/apple-priprema-savitljivi-telefon-no-ima-i-jedno-iznenadenje\/#breadcrumb","itemListElement":[{"@type":"ListItem","position":1,"name":"Po\u010detna stranica","item":"https:\/\/radioljubuski.ba\/"},{"@type":"ListItem","position":2,"name":"Apple priprema savitljivi telefon, no ima i jedno iznena\u0111enje"}]},{"@type":"WebSite","@id":"https:\/\/radioljubuski.ba\/#website","url":"https:\/\/radioljubuski.ba\/","name":"Radio Ljubu\u0161ki","description":"Sun\u010dana frekvencija Hercegovine","publisher":{"@id":"https:\/\/radioljubuski.ba\/#organization"},"potentialAction":[{"@type":"SearchAction","target":{"@type":"EntryPoint","urlTemplate":"https:\/\/radioljubuski.ba\/?s={search_term_string}"},"query-input":{"@type":"PropertyValueSpecification","valueRequired":true,"valueName":"search_term_string"}}],"inLanguage":"hr"},{"@type":"Organization","@id":"https:\/\/radioljubuski.ba\/#organization","name":"Radio Ljubu\u0161ki","url":"https:\/\/radioljubuski.ba\/","logo":{"@type":"ImageObject","inLanguage":"hr","@id":"https:\/\/radioljubuski.ba\/#\/schema\/logo\/image\/","url":"https:\/\/radioljubuski.ba\/wp-content\/uploads\/2021\/02\/cropped-Radio_Ljubuski_logo1.jpg","contentUrl":"https:\/\/radioljubuski.ba\/wp-content\/uploads\/2021\/02\/cropped-Radio_Ljubuski_logo1.jpg","width":512,"height":512,"caption":"Radio Ljubu\u0161ki"},"image":{"@id":"https:\/\/radioljubuski.ba\/#\/schema\/logo\/image\/"},"sameAs":["https:\/\/www.facebook.com\/Radiio-Ljubuski-1490835324566332","https:\/\/x.com\/radioljubuski","https:\/\/hr.linkedin.com\/company\/radio-ljubuski","https:\/\/www.youtube.com\/channel\/UCHYaeO_n0Db3tjNGudGpXyw"]},{"@type":"Person","@id":"https:\/\/radioljubuski.ba\/#\/schema\/person\/19fc700381a780f69665d7956c469e3b","name":"Radio Ljubu\u0161ki"}]}},"_links":{"self":[{"href":"https:\/\/radioljubuski.ba\/index.php\/wp-json\/wp\/v2\/posts\/143298","targetHints":{"allow":["GET"]}}],"collection":[{"href":"https:\/\/radioljubuski.ba\/index.php\/wp-json\/wp\/v2\/posts"}],"about":[{"href":"https:\/\/radioljubuski.ba\/index.php\/wp-json\/wp\/v2\/types\/post"}],"author":[{"embeddable":true,"href":"https:\/\/radioljubuski.ba\/index.php\/wp-json\/wp\/v2\/users\/2"}],"replies":[{"embeddable":true,"href":"https:\/\/radioljubuski.ba\/index.php\/wp-json\/wp\/v2\/comments?post=143298"}],"version-history":[{"count":1,"href":"https:\/\/radioljubuski.ba\/index.php\/wp-json\/wp\/v2\/posts\/143298\/revisions"}],"predecessor-version":[{"id":143300,"href":"https:\/\/radioljubuski.ba\/index.php\/wp-json\/wp\/v2\/posts\/143298\/revisions\/143300"}],"wp:featuredmedia":[{"embeddable":true,"href":"https:\/\/radioljubuski.ba\/index.php\/wp-json\/wp\/v2\/media\/143299"}],"wp:attachment":[{"href":"https:\/\/radioljubuski.ba\/index.php\/wp-json\/wp\/v2\/media?parent=143298"}],"wp:term":[{"taxonomy":"category","embeddable":true,"href":"https:\/\/radioljubuski.ba\/index.php\/wp-json\/wp\/v2\/categories?post=143298"},{"taxonomy":"post_tag","embeddable":true,"href":"https:\/\/radioljubuski.ba\/index.php\/wp-json\/wp\/v2\/tags?post=143298"}],"curies":[{"name":"wp","href":"https:\/\/api.w.org\/{rel}","templated":true}]}}