{"id":143307,"date":"2022-05-23T10:46:58","date_gmt":"2022-05-23T09:46:58","guid":{"rendered":"https:\/\/radioljubuski.ba\/?p=143307"},"modified":"2022-05-23T10:47:00","modified_gmt":"2022-05-23T09:47:00","slug":"njemacka-muskarac-iz-bih-izbo-33-godisnjaka-pa-pobjegao-uhicen-na-granici","status":"publish","type":"post","link":"https:\/\/radioljubuski.ba\/index.php\/2022\/05\/23\/njemacka-muskarac-iz-bih-izbo-33-godisnjaka-pa-pobjegao-uhicen-na-granici\/","title":{"rendered":"Njema\u010dka: Mu\u0161karac iz BiH izbo 33-godi\u0161njaka pa pobjegao, uhi\u0107en na granici"},"content":{"rendered":"\n<p>Tijekom nasilne sva\u0111e u M\u00fcnchenu, mu\u0161karac iz BiH je no\u017eem izbo mu\u0161karca (33) za kojeg policija ne navodni nacionalnost.Ozlije\u0111eni 33-godi\u0161njak je zadobio nekoliko uboda u gornjem dijelu tijela, priop\u0107ila je policija u utorak (17. svibnja).<\/p>\n\n\n\n<p>Ubrzo nakon napada, identificiran je osumnji\u010deni. Rije\u010d je o 29-godi\u0161njaku iz Bosne i Hercegovine, precizira policija u priop\u0107enju za javnost.<\/p>\n\n\n\n<p>Uhi\u0107en je u utorak na grani\u010dnom prijelazu Obre\u017eje u Sloveniji. Sada se nalazi u zatvoru u Ljubljani na temelju europskog uhidbenog naloga; izru\u010denje \u0107e se obaviti uskoro. \u201cMotiv i pozadina zlo\u010dina trenutno su jo\u0161 uvijek predmet istrage\u201d, priop\u0107ila je policija.<\/p>\n\n\n\n<p>Prema pisanju medija, 33- godi\u0161nji mu\u0161karac u ponedjeljak nave\u010der se posva\u0111ao s jo\u0161 nekoliko ljudi u gradskoj \u010detvrti Oberf\u00f6hring, a sva\u0111a je eskalirala.<\/p>\n\n\n\n<p>\u201cMje\u0161tanin koji je \u010duo sva\u0111u pozvao je policiju\u201d, navodi se u izvje\u0161\u0107u istra\u017eitelja. Nakon hitne operacije, ozlije\u0111ena osoba je izvan \u017eivotne opasnosti, pi\u0161e <a href=\"https:\/\/fenix-magazin.de\/drama-u-munchenu-muskarac-iz-bih-izbo-33-godisnjaka-pa-pobjegao-uhicen-na-granici\/\" target=\"_blank\" rel=\"noreferrer noopener\">Fenix-magazin.<\/a><\/p>\n\n\n\n<p>Izvor:fenix-magazin.de<\/p>\n","protected":false},"excerpt":{"rendered":"<p>Tijekom nasilne sva\u0111e u M\u00fcnchenu, mu\u0161karac iz BiH je no\u017eem izbo mu\u0161karca (33) za kojeg policija ne navodni nacionalnost.Ozlije\u0111eni 33-godi\u0161njak je zadobio nekoliko uboda u gornjem dijelu tijela, priop\u0107ila je policija u utorak (17. svibnja). Ubrzo nakon napada, identificiran je osumnji\u010deni. Rije\u010d je o 29-godi\u0161njaku iz Bosne i Hercegovine, precizira policija u priop\u0107enju za javnost. [&hellip;]<\/p>\n","protected":false},"author":2,"featured_media":72518,"comment_status":"closed","ping_status":"closed","sticky":false,"template":"","format":"standard","meta":{"h5ap_radio_sources":[],"footnotes":""},"categories":[1],"tags":[],"class_list":["post-143307","post","type-post","status-publish","format-standard","has-post-thumbnail","hentry","category-bihiregija"],"yoast_head":"<!-- This site is optimized with the Yoast SEO plugin v27.5 - https:\/\/yoast.com\/product\/yoast-seo-wordpress\/ -->\n<title>Njema\u010dka: Mu\u0161karac iz BiH izbo 33-godi\u0161njaka pa pobjegao, uhi\u0107en na granici - RADIO LJUBU\u0160KI<\/title>\n<meta name=\"robots\" content=\"index, follow, max-snippet:-1, max-image-preview:large, max-video-preview:-1\" \/>\n<link rel=\"canonical\" href=\"https:\/\/radioljubuski.ba\/index.php\/2022\/05\/23\/njemacka-muskarac-iz-bih-izbo-33-godisnjaka-pa-pobjegao-uhicen-na-granici\/\" \/>\n<meta property=\"og:locale\" content=\"hr_HR\" \/>\n<meta property=\"og:type\" content=\"article\" \/>\n<meta property=\"og:title\" content=\"Njema\u010dka: Mu\u0161karac iz BiH izbo 33-godi\u0161njaka pa pobjegao, uhi\u0107en na granici - RADIO LJUBU\u0160KI\" \/>\n<meta property=\"og:description\" content=\"Tijekom nasilne sva\u0111e u M\u00fcnchenu, mu\u0161karac iz BiH je no\u017eem izbo mu\u0161karca (33) za kojeg policija ne navodni nacionalnost.Ozlije\u0111eni 33-godi\u0161njak je zadobio nekoliko uboda u gornjem dijelu tijela, priop\u0107ila je policija u utorak (17. svibnja). Ubrzo nakon napada, identificiran je osumnji\u010deni. Rije\u010d je o 29-godi\u0161njaku iz Bosne i Hercegovine, precizira policija u priop\u0107enju za javnost. [&hellip;]\" \/>\n<meta property=\"og:url\" content=\"https:\/\/radioljubuski.ba\/index.php\/2022\/05\/23\/njemacka-muskarac-iz-bih-izbo-33-godisnjaka-pa-pobjegao-uhicen-na-granici\/\" \/>\n<meta property=\"og:site_name\" content=\"RADIO LJUBU\u0160KI\" \/>\n<meta property=\"article:publisher\" content=\"https:\/\/www.facebook.com\/Radiio-Ljubuski-1490835324566332\" \/>\n<meta property=\"article:published_time\" content=\"2022-05-23T09:46:58+00:00\" \/>\n<meta property=\"article:modified_time\" content=\"2022-05-23T09:47:00+00:00\" \/>\n<meta property=\"og:image\" content=\"https:\/\/radioljubuski.ba\/wp-content\/uploads\/2021\/10\/8-2021-09-15-20-52-54-Njemacka_policija_juli2021_TW.jpg\" \/>\n\t<meta property=\"og:image:width\" content=\"1000\" \/>\n\t<meta property=\"og:image:height\" content=\"625\" \/>\n\t<meta property=\"og:image:type\" content=\"image\/jpeg\" \/>\n<meta name=\"author\" content=\"Radio Ljubu\u0161ki\" \/>\n<meta name=\"twitter:card\" content=\"summary_large_image\" \/>\n<meta name=\"twitter:creator\" content=\"@radioljubuski\" \/>\n<meta name=\"twitter:site\" content=\"@radioljubuski\" \/>\n<meta name=\"twitter:label1\" content=\"Napisao\/la\" \/>\n\t<meta name=\"twitter:data1\" content=\"Radio Ljubu\u0161ki\" \/>\n\t<meta name=\"twitter:label2\" content=\"Procijenjeno vrijeme \u010ditanja\" \/>\n\t<meta name=\"twitter:data2\" content=\"1 minuta\" \/>\n<script type=\"application\/ld+json\" class=\"yoast-schema-graph\">{\"@context\":\"https:\\\/\\\/schema.org\",\"@graph\":[{\"@type\":\"Article\",\"@id\":\"https:\\\/\\\/radioljubuski.ba\\\/index.php\\\/2022\\\/05\\\/23\\\/njemacka-muskarac-iz-bih-izbo-33-godisnjaka-pa-pobjegao-uhicen-na-granici\\\/#article\",\"isPartOf\":{\"@id\":\"https:\\\/\\\/radioljubuski.ba\\\/index.php\\\/2022\\\/05\\\/23\\\/njemacka-muskarac-iz-bih-izbo-33-godisnjaka-pa-pobjegao-uhicen-na-granici\\\/\"},\"author\":{\"name\":\"Radio Ljubu\u0161ki\",\"@id\":\"https:\\\/\\\/radioljubuski.ba\\\/#\\\/schema\\\/person\\\/19fc700381a780f69665d7956c469e3b\"},\"headline\":\"Njema\u010dka: Mu\u0161karac iz BiH izbo 33-godi\u0161njaka pa pobjegao, uhi\u0107en na granici\",\"datePublished\":\"2022-05-23T09:46:58+00:00\",\"dateModified\":\"2022-05-23T09:47:00+00:00\",\"mainEntityOfPage\":{\"@id\":\"https:\\\/\\\/radioljubuski.ba\\\/index.php\\\/2022\\\/05\\\/23\\\/njemacka-muskarac-iz-bih-izbo-33-godisnjaka-pa-pobjegao-uhicen-na-granici\\\/\"},\"wordCount\":188,\"publisher\":{\"@id\":\"https:\\\/\\\/radioljubuski.ba\\\/#organization\"},\"image\":{\"@id\":\"https:\\\/\\\/radioljubuski.ba\\\/index.php\\\/2022\\\/05\\\/23\\\/njemacka-muskarac-iz-bih-izbo-33-godisnjaka-pa-pobjegao-uhicen-na-granici\\\/#primaryimage\"},\"thumbnailUrl\":\"https:\\\/\\\/radioljubuski.ba\\\/wp-content\\\/uploads\\\/2021\\\/10\\\/8-2021-09-15-20-52-54-Njemacka_policija_juli2021_TW.jpg\",\"articleSection\":[\"BIH i regija\"],\"inLanguage\":\"hr\"},{\"@type\":\"WebPage\",\"@id\":\"https:\\\/\\\/radioljubuski.ba\\\/index.php\\\/2022\\\/05\\\/23\\\/njemacka-muskarac-iz-bih-izbo-33-godisnjaka-pa-pobjegao-uhicen-na-granici\\\/\",\"url\":\"https:\\\/\\\/radioljubuski.ba\\\/index.php\\\/2022\\\/05\\\/23\\\/njemacka-muskarac-iz-bih-izbo-33-godisnjaka-pa-pobjegao-uhicen-na-granici\\\/\",\"name\":\"Njema\u010dka: Mu\u0161karac iz BiH izbo 33-godi\u0161njaka pa pobjegao, uhi\u0107en na granici - RADIO LJUBU\u0160KI\",\"isPartOf\":{\"@id\":\"https:\\\/\\\/radioljubuski.ba\\\/#website\"},\"primaryImageOfPage\":{\"@id\":\"https:\\\/\\\/radioljubuski.ba\\\/index.php\\\/2022\\\/05\\\/23\\\/njemacka-muskarac-iz-bih-izbo-33-godisnjaka-pa-pobjegao-uhicen-na-granici\\\/#primaryimage\"},\"image\":{\"@id\":\"https:\\\/\\\/radioljubuski.ba\\\/index.php\\\/2022\\\/05\\\/23\\\/njemacka-muskarac-iz-bih-izbo-33-godisnjaka-pa-pobjegao-uhicen-na-granici\\\/#primaryimage\"},\"thumbnailUrl\":\"https:\\\/\\\/radioljubuski.ba\\\/wp-content\\\/uploads\\\/2021\\\/10\\\/8-2021-09-15-20-52-54-Njemacka_policija_juli2021_TW.jpg\",\"datePublished\":\"2022-05-23T09:46:58+00:00\",\"dateModified\":\"2022-05-23T09:47:00+00:00\",\"breadcrumb\":{\"@id\":\"https:\\\/\\\/radioljubuski.ba\\\/index.php\\\/2022\\\/05\\\/23\\\/njemacka-muskarac-iz-bih-izbo-33-godisnjaka-pa-pobjegao-uhicen-na-granici\\\/#breadcrumb\"},\"inLanguage\":\"hr\",\"potentialAction\":[{\"@type\":\"ReadAction\",\"target\":[\"https:\\\/\\\/radioljubuski.ba\\\/index.php\\\/2022\\\/05\\\/23\\\/njemacka-muskarac-iz-bih-izbo-33-godisnjaka-pa-pobjegao-uhicen-na-granici\\\/\"]}]},{\"@type\":\"ImageObject\",\"inLanguage\":\"hr\",\"@id\":\"https:\\\/\\\/radioljubuski.ba\\\/index.php\\\/2022\\\/05\\\/23\\\/njemacka-muskarac-iz-bih-izbo-33-godisnjaka-pa-pobjegao-uhicen-na-granici\\\/#primaryimage\",\"url\":\"https:\\\/\\\/radioljubuski.ba\\\/wp-content\\\/uploads\\\/2021\\\/10\\\/8-2021-09-15-20-52-54-Njemacka_policija_juli2021_TW.jpg\",\"contentUrl\":\"https:\\\/\\\/radioljubuski.ba\\\/wp-content\\\/uploads\\\/2021\\\/10\\\/8-2021-09-15-20-52-54-Njemacka_policija_juli2021_TW.jpg\",\"width\":1000,\"height\":625},{\"@type\":\"BreadcrumbList\",\"@id\":\"https:\\\/\\\/radioljubuski.ba\\\/index.php\\\/2022\\\/05\\\/23\\\/njemacka-muskarac-iz-bih-izbo-33-godisnjaka-pa-pobjegao-uhicen-na-granici\\\/#breadcrumb\",\"itemListElement\":[{\"@type\":\"ListItem\",\"position\":1,\"name\":\"Po\u010detna stranica\",\"item\":\"https:\\\/\\\/radioljubuski.ba\\\/\"},{\"@type\":\"ListItem\",\"position\":2,\"name\":\"Njema\u010dka: Mu\u0161karac iz BiH izbo 33-godi\u0161njaka pa pobjegao, uhi\u0107en na granici\"}]},{\"@type\":\"WebSite\",\"@id\":\"https:\\\/\\\/radioljubuski.ba\\\/#website\",\"url\":\"https:\\\/\\\/radioljubuski.ba\\\/\",\"name\":\"Radio Ljubu\u0161ki\",\"description\":\"Sun\u010dana frekvencija Hercegovine\",\"publisher\":{\"@id\":\"https:\\\/\\\/radioljubuski.ba\\\/#organization\"},\"potentialAction\":[{\"@type\":\"SearchAction\",\"target\":{\"@type\":\"EntryPoint\",\"urlTemplate\":\"https:\\\/\\\/radioljubuski.ba\\\/?s={search_term_string}\"},\"query-input\":{\"@type\":\"PropertyValueSpecification\",\"valueRequired\":true,\"valueName\":\"search_term_string\"}}],\"inLanguage\":\"hr\"},{\"@type\":\"Organization\",\"@id\":\"https:\\\/\\\/radioljubuski.ba\\\/#organization\",\"name\":\"Radio Ljubu\u0161ki\",\"url\":\"https:\\\/\\\/radioljubuski.ba\\\/\",\"logo\":{\"@type\":\"ImageObject\",\"inLanguage\":\"hr\",\"@id\":\"https:\\\/\\\/radioljubuski.ba\\\/#\\\/schema\\\/logo\\\/image\\\/\",\"url\":\"https:\\\/\\\/radioljubuski.ba\\\/wp-content\\\/uploads\\\/2021\\\/02\\\/cropped-Radio_Ljubuski_logo1.jpg\",\"contentUrl\":\"https:\\\/\\\/radioljubuski.ba\\\/wp-content\\\/uploads\\\/2021\\\/02\\\/cropped-Radio_Ljubuski_logo1.jpg\",\"width\":512,\"height\":512,\"caption\":\"Radio Ljubu\u0161ki\"},\"image\":{\"@id\":\"https:\\\/\\\/radioljubuski.ba\\\/#\\\/schema\\\/logo\\\/image\\\/\"},\"sameAs\":[\"https:\\\/\\\/www.facebook.com\\\/Radiio-Ljubuski-1490835324566332\",\"https:\\\/\\\/x.com\\\/radioljubuski\",\"https:\\\/\\\/hr.linkedin.com\\\/company\\\/radio-ljubuski\",\"https:\\\/\\\/www.youtube.com\\\/channel\\\/UCHYaeO_n0Db3tjNGudGpXyw\"]},{\"@type\":\"Person\",\"@id\":\"https:\\\/\\\/radioljubuski.ba\\\/#\\\/schema\\\/person\\\/19fc700381a780f69665d7956c469e3b\",\"name\":\"Radio Ljubu\u0161ki\"}]}<\/script>\n<!-- \/ Yoast SEO plugin. -->","yoast_head_json":{"title":"Njema\u010dka: Mu\u0161karac iz BiH izbo 33-godi\u0161njaka pa pobjegao, uhi\u0107en na granici - RADIO LJUBU\u0160KI","robots":{"index":"index","follow":"follow","max-snippet":"max-snippet:-1","max-image-preview":"max-image-preview:large","max-video-preview":"max-video-preview:-1"},"canonical":"https:\/\/radioljubuski.ba\/index.php\/2022\/05\/23\/njemacka-muskarac-iz-bih-izbo-33-godisnjaka-pa-pobjegao-uhicen-na-granici\/","og_locale":"hr_HR","og_type":"article","og_title":"Njema\u010dka: Mu\u0161karac iz BiH izbo 33-godi\u0161njaka pa pobjegao, uhi\u0107en na granici - RADIO LJUBU\u0160KI","og_description":"Tijekom nasilne sva\u0111e u M\u00fcnchenu, mu\u0161karac iz BiH je no\u017eem izbo mu\u0161karca (33) za kojeg policija ne navodni nacionalnost.Ozlije\u0111eni 33-godi\u0161njak je zadobio nekoliko uboda u gornjem dijelu tijela, priop\u0107ila je policija u utorak (17. svibnja). Ubrzo nakon napada, identificiran je osumnji\u010deni. Rije\u010d je o 29-godi\u0161njaku iz Bosne i Hercegovine, precizira policija u priop\u0107enju za javnost. [&hellip;]","og_url":"https:\/\/radioljubuski.ba\/index.php\/2022\/05\/23\/njemacka-muskarac-iz-bih-izbo-33-godisnjaka-pa-pobjegao-uhicen-na-granici\/","og_site_name":"RADIO LJUBU\u0160KI","article_publisher":"https:\/\/www.facebook.com\/Radiio-Ljubuski-1490835324566332","article_published_time":"2022-05-23T09:46:58+00:00","article_modified_time":"2022-05-23T09:47:00+00:00","og_image":[{"width":1000,"height":625,"url":"https:\/\/radioljubuski.ba\/wp-content\/uploads\/2021\/10\/8-2021-09-15-20-52-54-Njemacka_policija_juli2021_TW.jpg","type":"image\/jpeg"}],"author":"Radio Ljubu\u0161ki","twitter_card":"summary_large_image","twitter_creator":"@radioljubuski","twitter_site":"@radioljubuski","twitter_misc":{"Napisao\/la":"Radio Ljubu\u0161ki","Procijenjeno vrijeme \u010ditanja":"1 minuta"},"schema":{"@context":"https:\/\/schema.org","@graph":[{"@type":"Article","@id":"https:\/\/radioljubuski.ba\/index.php\/2022\/05\/23\/njemacka-muskarac-iz-bih-izbo-33-godisnjaka-pa-pobjegao-uhicen-na-granici\/#article","isPartOf":{"@id":"https:\/\/radioljubuski.ba\/index.php\/2022\/05\/23\/njemacka-muskarac-iz-bih-izbo-33-godisnjaka-pa-pobjegao-uhicen-na-granici\/"},"author":{"name":"Radio Ljubu\u0161ki","@id":"https:\/\/radioljubuski.ba\/#\/schema\/person\/19fc700381a780f69665d7956c469e3b"},"headline":"Njema\u010dka: Mu\u0161karac iz BiH izbo 33-godi\u0161njaka pa pobjegao, uhi\u0107en na granici","datePublished":"2022-05-23T09:46:58+00:00","dateModified":"2022-05-23T09:47:00+00:00","mainEntityOfPage":{"@id":"https:\/\/radioljubuski.ba\/index.php\/2022\/05\/23\/njemacka-muskarac-iz-bih-izbo-33-godisnjaka-pa-pobjegao-uhicen-na-granici\/"},"wordCount":188,"publisher":{"@id":"https:\/\/radioljubuski.ba\/#organization"},"image":{"@id":"https:\/\/radioljubuski.ba\/index.php\/2022\/05\/23\/njemacka-muskarac-iz-bih-izbo-33-godisnjaka-pa-pobjegao-uhicen-na-granici\/#primaryimage"},"thumbnailUrl":"https:\/\/radioljubuski.ba\/wp-content\/uploads\/2021\/10\/8-2021-09-15-20-52-54-Njemacka_policija_juli2021_TW.jpg","articleSection":["BIH i regija"],"inLanguage":"hr"},{"@type":"WebPage","@id":"https:\/\/radioljubuski.ba\/index.php\/2022\/05\/23\/njemacka-muskarac-iz-bih-izbo-33-godisnjaka-pa-pobjegao-uhicen-na-granici\/","url":"https:\/\/radioljubuski.ba\/index.php\/2022\/05\/23\/njemacka-muskarac-iz-bih-izbo-33-godisnjaka-pa-pobjegao-uhicen-na-granici\/","name":"Njema\u010dka: Mu\u0161karac iz BiH izbo 33-godi\u0161njaka pa pobjegao, uhi\u0107en na granici - RADIO LJUBU\u0160KI","isPartOf":{"@id":"https:\/\/radioljubuski.ba\/#website"},"primaryImageOfPage":{"@id":"https:\/\/radioljubuski.ba\/index.php\/2022\/05\/23\/njemacka-muskarac-iz-bih-izbo-33-godisnjaka-pa-pobjegao-uhicen-na-granici\/#primaryimage"},"image":{"@id":"https:\/\/radioljubuski.ba\/index.php\/2022\/05\/23\/njemacka-muskarac-iz-bih-izbo-33-godisnjaka-pa-pobjegao-uhicen-na-granici\/#primaryimage"},"thumbnailUrl":"https:\/\/radioljubuski.ba\/wp-content\/uploads\/2021\/10\/8-2021-09-15-20-52-54-Njemacka_policija_juli2021_TW.jpg","datePublished":"2022-05-23T09:46:58+00:00","dateModified":"2022-05-23T09:47:00+00:00","breadcrumb":{"@id":"https:\/\/radioljubuski.ba\/index.php\/2022\/05\/23\/njemacka-muskarac-iz-bih-izbo-33-godisnjaka-pa-pobjegao-uhicen-na-granici\/#breadcrumb"},"inLanguage":"hr","potentialAction":[{"@type":"ReadAction","target":["https:\/\/radioljubuski.ba\/index.php\/2022\/05\/23\/njemacka-muskarac-iz-bih-izbo-33-godisnjaka-pa-pobjegao-uhicen-na-granici\/"]}]},{"@type":"ImageObject","inLanguage":"hr","@id":"https:\/\/radioljubuski.ba\/index.php\/2022\/05\/23\/njemacka-muskarac-iz-bih-izbo-33-godisnjaka-pa-pobjegao-uhicen-na-granici\/#primaryimage","url":"https:\/\/radioljubuski.ba\/wp-content\/uploads\/2021\/10\/8-2021-09-15-20-52-54-Njemacka_policija_juli2021_TW.jpg","contentUrl":"https:\/\/radioljubuski.ba\/wp-content\/uploads\/2021\/10\/8-2021-09-15-20-52-54-Njemacka_policija_juli2021_TW.jpg","width":1000,"height":625},{"@type":"BreadcrumbList","@id":"https:\/\/radioljubuski.ba\/index.php\/2022\/05\/23\/njemacka-muskarac-iz-bih-izbo-33-godisnjaka-pa-pobjegao-uhicen-na-granici\/#breadcrumb","itemListElement":[{"@type":"ListItem","position":1,"name":"Po\u010detna stranica","item":"https:\/\/radioljubuski.ba\/"},{"@type":"ListItem","position":2,"name":"Njema\u010dka: Mu\u0161karac iz BiH izbo 33-godi\u0161njaka pa pobjegao, uhi\u0107en na granici"}]},{"@type":"WebSite","@id":"https:\/\/radioljubuski.ba\/#website","url":"https:\/\/radioljubuski.ba\/","name":"Radio Ljubu\u0161ki","description":"Sun\u010dana frekvencija Hercegovine","publisher":{"@id":"https:\/\/radioljubuski.ba\/#organization"},"potentialAction":[{"@type":"SearchAction","target":{"@type":"EntryPoint","urlTemplate":"https:\/\/radioljubuski.ba\/?s={search_term_string}"},"query-input":{"@type":"PropertyValueSpecification","valueRequired":true,"valueName":"search_term_string"}}],"inLanguage":"hr"},{"@type":"Organization","@id":"https:\/\/radioljubuski.ba\/#organization","name":"Radio Ljubu\u0161ki","url":"https:\/\/radioljubuski.ba\/","logo":{"@type":"ImageObject","inLanguage":"hr","@id":"https:\/\/radioljubuski.ba\/#\/schema\/logo\/image\/","url":"https:\/\/radioljubuski.ba\/wp-content\/uploads\/2021\/02\/cropped-Radio_Ljubuski_logo1.jpg","contentUrl":"https:\/\/radioljubuski.ba\/wp-content\/uploads\/2021\/02\/cropped-Radio_Ljubuski_logo1.jpg","width":512,"height":512,"caption":"Radio Ljubu\u0161ki"},"image":{"@id":"https:\/\/radioljubuski.ba\/#\/schema\/logo\/image\/"},"sameAs":["https:\/\/www.facebook.com\/Radiio-Ljubuski-1490835324566332","https:\/\/x.com\/radioljubuski","https:\/\/hr.linkedin.com\/company\/radio-ljubuski","https:\/\/www.youtube.com\/channel\/UCHYaeO_n0Db3tjNGudGpXyw"]},{"@type":"Person","@id":"https:\/\/radioljubuski.ba\/#\/schema\/person\/19fc700381a780f69665d7956c469e3b","name":"Radio Ljubu\u0161ki"}]}},"_links":{"self":[{"href":"https:\/\/radioljubuski.ba\/index.php\/wp-json\/wp\/v2\/posts\/143307","targetHints":{"allow":["GET"]}}],"collection":[{"href":"https:\/\/radioljubuski.ba\/index.php\/wp-json\/wp\/v2\/posts"}],"about":[{"href":"https:\/\/radioljubuski.ba\/index.php\/wp-json\/wp\/v2\/types\/post"}],"author":[{"embeddable":true,"href":"https:\/\/radioljubuski.ba\/index.php\/wp-json\/wp\/v2\/users\/2"}],"replies":[{"embeddable":true,"href":"https:\/\/radioljubuski.ba\/index.php\/wp-json\/wp\/v2\/comments?post=143307"}],"version-history":[{"count":1,"href":"https:\/\/radioljubuski.ba\/index.php\/wp-json\/wp\/v2\/posts\/143307\/revisions"}],"predecessor-version":[{"id":143308,"href":"https:\/\/radioljubuski.ba\/index.php\/wp-json\/wp\/v2\/posts\/143307\/revisions\/143308"}],"wp:featuredmedia":[{"embeddable":true,"href":"https:\/\/radioljubuski.ba\/index.php\/wp-json\/wp\/v2\/media\/72518"}],"wp:attachment":[{"href":"https:\/\/radioljubuski.ba\/index.php\/wp-json\/wp\/v2\/media?parent=143307"}],"wp:term":[{"taxonomy":"category","embeddable":true,"href":"https:\/\/radioljubuski.ba\/index.php\/wp-json\/wp\/v2\/categories?post=143307"},{"taxonomy":"post_tag","embeddable":true,"href":"https:\/\/radioljubuski.ba\/index.php\/wp-json\/wp\/v2\/tags?post=143307"}],"curies":[{"name":"wp","href":"https:\/\/api.w.org\/{rel}","templated":true}]}}