{"id":143309,"date":"2022-05-23T10:48:14","date_gmt":"2022-05-23T09:48:14","guid":{"rendered":"https:\/\/radioljubuski.ba\/?p=143309"},"modified":"2022-05-23T10:48:15","modified_gmt":"2022-05-23T09:48:15","slug":"smrtonosna-nesreca-u-austriji-radnik-iz-bih-se-poskliznuo-i-pao-niz-strminu-duboku-30-metara","status":"publish","type":"post","link":"https:\/\/radioljubuski.ba\/index.php\/2022\/05\/23\/smrtonosna-nesreca-u-austriji-radnik-iz-bih-se-poskliznuo-i-pao-niz-strminu-duboku-30-metara\/","title":{"rendered":"Smrtonosna nesre\u0107a u Austriji: Radnik iz BiH se poskliznuo i pao niz strminu duboku 30 metara"},"content":{"rendered":"\n<p>U subotu se dogodila smrtonosna nesre\u0107a na \u0161umskoj parceli u W\u00f6llatalu (austrijski okrug Spittal\/Drau u Koru\u0161koj).<\/p>\n\n\n\n<p>Kako je izvijestila policija iz Koru\u0161ke, 60-godi\u0161nji mu\u0161karac iz BiH je u subotu ujutro oko 9 sati bio zauzet sje\u010dom drva.<\/p>\n\n\n\n<p>Kako je priop\u0107ila policija, prilikom obaranja stabla poskliznuo se i pao niz strminu duboku 30 metara, prenosi <a href=\"https:\/\/fenix-magazin.de\/nesreca-u-austriji-radnik-iz-bih-se-poskliznuo-i-pao-niz-strminu-duboku-30-metara-preminuo-na-licu-mjesta\/\" target=\"_blank\" rel=\"noreferrer noopener\">Fenix<\/a><\/p>\n\n\n\n<p>Zadobio je ozljede glave i preminuo na mjestu nesre\u0107e.<\/p>\n\n\n\n<p>Izvor:fenix-magazin.de<\/p>\n","protected":false},"excerpt":{"rendered":"<p>U subotu se dogodila smrtonosna nesre\u0107a na \u0161umskoj parceli u W\u00f6llatalu (austrijski okrug Spittal\/Drau u Koru\u0161koj). Kako je izvijestila policija iz Koru\u0161ke, 60-godi\u0161nji mu\u0161karac iz BiH je u subotu ujutro oko 9 sati bio zauzet sje\u010dom drva. Kako je priop\u0107ila policija, prilikom obaranja stabla poskliznuo se i pao niz strminu duboku 30 metara, prenosi Fenix [&hellip;]<\/p>\n","protected":false},"author":2,"featured_media":0,"comment_status":"closed","ping_status":"closed","sticky":false,"template":"","format":"standard","meta":{"h5ap_radio_sources":[],"footnotes":""},"categories":[1],"tags":[],"class_list":["post-143309","post","type-post","status-publish","format-standard","hentry","category-bihiregija"],"yoast_head":"<!-- This site is optimized with the Yoast SEO plugin v27.5 - https:\/\/yoast.com\/product\/yoast-seo-wordpress\/ -->\n<title>Smrtonosna nesre\u0107a u Austriji: Radnik iz BiH se poskliznuo i pao niz strminu duboku 30 metara - RADIO LJUBU\u0160KI<\/title>\n<meta name=\"robots\" content=\"index, follow, max-snippet:-1, max-image-preview:large, max-video-preview:-1\" \/>\n<link rel=\"canonical\" href=\"https:\/\/radioljubuski.ba\/index.php\/2022\/05\/23\/smrtonosna-nesreca-u-austriji-radnik-iz-bih-se-poskliznuo-i-pao-niz-strminu-duboku-30-metara\/\" \/>\n<meta property=\"og:locale\" content=\"hr_HR\" \/>\n<meta property=\"og:type\" content=\"article\" \/>\n<meta property=\"og:title\" content=\"Smrtonosna nesre\u0107a u Austriji: Radnik iz BiH se poskliznuo i pao niz strminu duboku 30 metara - RADIO LJUBU\u0160KI\" \/>\n<meta property=\"og:description\" content=\"U subotu se dogodila smrtonosna nesre\u0107a na \u0161umskoj parceli u W\u00f6llatalu (austrijski okrug Spittal\/Drau u Koru\u0161koj). Kako je izvijestila policija iz Koru\u0161ke, 60-godi\u0161nji mu\u0161karac iz BiH je u subotu ujutro oko 9 sati bio zauzet sje\u010dom drva. Kako je priop\u0107ila policija, prilikom obaranja stabla poskliznuo se i pao niz strminu duboku 30 metara, prenosi Fenix [&hellip;]\" \/>\n<meta property=\"og:url\" content=\"https:\/\/radioljubuski.ba\/index.php\/2022\/05\/23\/smrtonosna-nesreca-u-austriji-radnik-iz-bih-se-poskliznuo-i-pao-niz-strminu-duboku-30-metara\/\" \/>\n<meta property=\"og:site_name\" content=\"RADIO LJUBU\u0160KI\" \/>\n<meta property=\"article:publisher\" content=\"https:\/\/www.facebook.com\/Radiio-Ljubuski-1490835324566332\" \/>\n<meta property=\"article:published_time\" content=\"2022-05-23T09:48:14+00:00\" \/>\n<meta property=\"article:modified_time\" content=\"2022-05-23T09:48:15+00:00\" \/>\n<meta property=\"og:image\" content=\"https:\/\/radioljubuski.ba\/wp-content\/uploads\/2022\/05\/8-2022-05-22-16-25-26-austrija_nesreca_perg.jpg\" \/>\n\t<meta property=\"og:image:width\" content=\"1000\" \/>\n\t<meta property=\"og:image:height\" content=\"625\" \/>\n\t<meta property=\"og:image:type\" content=\"image\/jpeg\" \/>\n<meta name=\"author\" content=\"Radio Ljubu\u0161ki\" \/>\n<meta name=\"twitter:card\" content=\"summary_large_image\" \/>\n<meta name=\"twitter:creator\" content=\"@radioljubuski\" \/>\n<meta name=\"twitter:site\" content=\"@radioljubuski\" \/>\n<meta name=\"twitter:label1\" content=\"Napisao\/la\" \/>\n\t<meta name=\"twitter:data1\" content=\"Radio Ljubu\u0161ki\" \/>\n\t<meta name=\"twitter:label2\" content=\"Procijenjeno vrijeme \u010ditanja\" \/>\n\t<meta name=\"twitter:data2\" content=\"1 minuta\" \/>\n<script type=\"application\/ld+json\" class=\"yoast-schema-graph\">{\"@context\":\"https:\\\/\\\/schema.org\",\"@graph\":[{\"@type\":\"Article\",\"@id\":\"https:\\\/\\\/radioljubuski.ba\\\/index.php\\\/2022\\\/05\\\/23\\\/smrtonosna-nesreca-u-austriji-radnik-iz-bih-se-poskliznuo-i-pao-niz-strminu-duboku-30-metara\\\/#article\",\"isPartOf\":{\"@id\":\"https:\\\/\\\/radioljubuski.ba\\\/index.php\\\/2022\\\/05\\\/23\\\/smrtonosna-nesreca-u-austriji-radnik-iz-bih-se-poskliznuo-i-pao-niz-strminu-duboku-30-metara\\\/\"},\"author\":{\"name\":\"Radio Ljubu\u0161ki\",\"@id\":\"https:\\\/\\\/radioljubuski.ba\\\/#\\\/schema\\\/person\\\/19fc700381a780f69665d7956c469e3b\"},\"headline\":\"Smrtonosna nesre\u0107a u Austriji: Radnik iz BiH se poskliznuo i pao niz strminu duboku 30 metara\",\"datePublished\":\"2022-05-23T09:48:14+00:00\",\"dateModified\":\"2022-05-23T09:48:15+00:00\",\"mainEntityOfPage\":{\"@id\":\"https:\\\/\\\/radioljubuski.ba\\\/index.php\\\/2022\\\/05\\\/23\\\/smrtonosna-nesreca-u-austriji-radnik-iz-bih-se-poskliznuo-i-pao-niz-strminu-duboku-30-metara\\\/\"},\"wordCount\":91,\"publisher\":{\"@id\":\"https:\\\/\\\/radioljubuski.ba\\\/#organization\"},\"articleSection\":[\"BIH i regija\"],\"inLanguage\":\"hr\"},{\"@type\":\"WebPage\",\"@id\":\"https:\\\/\\\/radioljubuski.ba\\\/index.php\\\/2022\\\/05\\\/23\\\/smrtonosna-nesreca-u-austriji-radnik-iz-bih-se-poskliznuo-i-pao-niz-strminu-duboku-30-metara\\\/\",\"url\":\"https:\\\/\\\/radioljubuski.ba\\\/index.php\\\/2022\\\/05\\\/23\\\/smrtonosna-nesreca-u-austriji-radnik-iz-bih-se-poskliznuo-i-pao-niz-strminu-duboku-30-metara\\\/\",\"name\":\"Smrtonosna nesre\u0107a u Austriji: Radnik iz BiH se poskliznuo i pao niz strminu duboku 30 metara - RADIO LJUBU\u0160KI\",\"isPartOf\":{\"@id\":\"https:\\\/\\\/radioljubuski.ba\\\/#website\"},\"datePublished\":\"2022-05-23T09:48:14+00:00\",\"dateModified\":\"2022-05-23T09:48:15+00:00\",\"breadcrumb\":{\"@id\":\"https:\\\/\\\/radioljubuski.ba\\\/index.php\\\/2022\\\/05\\\/23\\\/smrtonosna-nesreca-u-austriji-radnik-iz-bih-se-poskliznuo-i-pao-niz-strminu-duboku-30-metara\\\/#breadcrumb\"},\"inLanguage\":\"hr\",\"potentialAction\":[{\"@type\":\"ReadAction\",\"target\":[\"https:\\\/\\\/radioljubuski.ba\\\/index.php\\\/2022\\\/05\\\/23\\\/smrtonosna-nesreca-u-austriji-radnik-iz-bih-se-poskliznuo-i-pao-niz-strminu-duboku-30-metara\\\/\"]}]},{\"@type\":\"BreadcrumbList\",\"@id\":\"https:\\\/\\\/radioljubuski.ba\\\/index.php\\\/2022\\\/05\\\/23\\\/smrtonosna-nesreca-u-austriji-radnik-iz-bih-se-poskliznuo-i-pao-niz-strminu-duboku-30-metara\\\/#breadcrumb\",\"itemListElement\":[{\"@type\":\"ListItem\",\"position\":1,\"name\":\"Po\u010detna stranica\",\"item\":\"https:\\\/\\\/radioljubuski.ba\\\/\"},{\"@type\":\"ListItem\",\"position\":2,\"name\":\"Smrtonosna nesre\u0107a u Austriji: Radnik iz BiH se poskliznuo i pao niz strminu duboku 30 metara\"}]},{\"@type\":\"WebSite\",\"@id\":\"https:\\\/\\\/radioljubuski.ba\\\/#website\",\"url\":\"https:\\\/\\\/radioljubuski.ba\\\/\",\"name\":\"Radio Ljubu\u0161ki\",\"description\":\"Sun\u010dana frekvencija Hercegovine\",\"publisher\":{\"@id\":\"https:\\\/\\\/radioljubuski.ba\\\/#organization\"},\"potentialAction\":[{\"@type\":\"SearchAction\",\"target\":{\"@type\":\"EntryPoint\",\"urlTemplate\":\"https:\\\/\\\/radioljubuski.ba\\\/?s={search_term_string}\"},\"query-input\":{\"@type\":\"PropertyValueSpecification\",\"valueRequired\":true,\"valueName\":\"search_term_string\"}}],\"inLanguage\":\"hr\"},{\"@type\":\"Organization\",\"@id\":\"https:\\\/\\\/radioljubuski.ba\\\/#organization\",\"name\":\"Radio Ljubu\u0161ki\",\"url\":\"https:\\\/\\\/radioljubuski.ba\\\/\",\"logo\":{\"@type\":\"ImageObject\",\"inLanguage\":\"hr\",\"@id\":\"https:\\\/\\\/radioljubuski.ba\\\/#\\\/schema\\\/logo\\\/image\\\/\",\"url\":\"https:\\\/\\\/radioljubuski.ba\\\/wp-content\\\/uploads\\\/2021\\\/02\\\/cropped-Radio_Ljubuski_logo1.jpg\",\"contentUrl\":\"https:\\\/\\\/radioljubuski.ba\\\/wp-content\\\/uploads\\\/2021\\\/02\\\/cropped-Radio_Ljubuski_logo1.jpg\",\"width\":512,\"height\":512,\"caption\":\"Radio Ljubu\u0161ki\"},\"image\":{\"@id\":\"https:\\\/\\\/radioljubuski.ba\\\/#\\\/schema\\\/logo\\\/image\\\/\"},\"sameAs\":[\"https:\\\/\\\/www.facebook.com\\\/Radiio-Ljubuski-1490835324566332\",\"https:\\\/\\\/x.com\\\/radioljubuski\",\"https:\\\/\\\/hr.linkedin.com\\\/company\\\/radio-ljubuski\",\"https:\\\/\\\/www.youtube.com\\\/channel\\\/UCHYaeO_n0Db3tjNGudGpXyw\"]},{\"@type\":\"Person\",\"@id\":\"https:\\\/\\\/radioljubuski.ba\\\/#\\\/schema\\\/person\\\/19fc700381a780f69665d7956c469e3b\",\"name\":\"Radio Ljubu\u0161ki\"}]}<\/script>\n<!-- \/ Yoast SEO plugin. -->","yoast_head_json":{"title":"Smrtonosna nesre\u0107a u Austriji: Radnik iz BiH se poskliznuo i pao niz strminu duboku 30 metara - RADIO LJUBU\u0160KI","robots":{"index":"index","follow":"follow","max-snippet":"max-snippet:-1","max-image-preview":"max-image-preview:large","max-video-preview":"max-video-preview:-1"},"canonical":"https:\/\/radioljubuski.ba\/index.php\/2022\/05\/23\/smrtonosna-nesreca-u-austriji-radnik-iz-bih-se-poskliznuo-i-pao-niz-strminu-duboku-30-metara\/","og_locale":"hr_HR","og_type":"article","og_title":"Smrtonosna nesre\u0107a u Austriji: Radnik iz BiH se poskliznuo i pao niz strminu duboku 30 metara - RADIO LJUBU\u0160KI","og_description":"U subotu se dogodila smrtonosna nesre\u0107a na \u0161umskoj parceli u W\u00f6llatalu (austrijski okrug Spittal\/Drau u Koru\u0161koj). Kako je izvijestila policija iz Koru\u0161ke, 60-godi\u0161nji mu\u0161karac iz BiH je u subotu ujutro oko 9 sati bio zauzet sje\u010dom drva. Kako je priop\u0107ila policija, prilikom obaranja stabla poskliznuo se i pao niz strminu duboku 30 metara, prenosi Fenix [&hellip;]","og_url":"https:\/\/radioljubuski.ba\/index.php\/2022\/05\/23\/smrtonosna-nesreca-u-austriji-radnik-iz-bih-se-poskliznuo-i-pao-niz-strminu-duboku-30-metara\/","og_site_name":"RADIO LJUBU\u0160KI","article_publisher":"https:\/\/www.facebook.com\/Radiio-Ljubuski-1490835324566332","article_published_time":"2022-05-23T09:48:14+00:00","article_modified_time":"2022-05-23T09:48:15+00:00","og_image":[{"width":1000,"height":625,"url":"https:\/\/radioljubuski.ba\/wp-content\/uploads\/2022\/05\/8-2022-05-22-16-25-26-austrija_nesreca_perg.jpg","type":"image\/jpeg"}],"author":"Radio Ljubu\u0161ki","twitter_card":"summary_large_image","twitter_creator":"@radioljubuski","twitter_site":"@radioljubuski","twitter_misc":{"Napisao\/la":"Radio Ljubu\u0161ki","Procijenjeno vrijeme \u010ditanja":"1 minuta"},"schema":{"@context":"https:\/\/schema.org","@graph":[{"@type":"Article","@id":"https:\/\/radioljubuski.ba\/index.php\/2022\/05\/23\/smrtonosna-nesreca-u-austriji-radnik-iz-bih-se-poskliznuo-i-pao-niz-strminu-duboku-30-metara\/#article","isPartOf":{"@id":"https:\/\/radioljubuski.ba\/index.php\/2022\/05\/23\/smrtonosna-nesreca-u-austriji-radnik-iz-bih-se-poskliznuo-i-pao-niz-strminu-duboku-30-metara\/"},"author":{"name":"Radio Ljubu\u0161ki","@id":"https:\/\/radioljubuski.ba\/#\/schema\/person\/19fc700381a780f69665d7956c469e3b"},"headline":"Smrtonosna nesre\u0107a u Austriji: Radnik iz BiH se poskliznuo i pao niz strminu duboku 30 metara","datePublished":"2022-05-23T09:48:14+00:00","dateModified":"2022-05-23T09:48:15+00:00","mainEntityOfPage":{"@id":"https:\/\/radioljubuski.ba\/index.php\/2022\/05\/23\/smrtonosna-nesreca-u-austriji-radnik-iz-bih-se-poskliznuo-i-pao-niz-strminu-duboku-30-metara\/"},"wordCount":91,"publisher":{"@id":"https:\/\/radioljubuski.ba\/#organization"},"articleSection":["BIH i regija"],"inLanguage":"hr"},{"@type":"WebPage","@id":"https:\/\/radioljubuski.ba\/index.php\/2022\/05\/23\/smrtonosna-nesreca-u-austriji-radnik-iz-bih-se-poskliznuo-i-pao-niz-strminu-duboku-30-metara\/","url":"https:\/\/radioljubuski.ba\/index.php\/2022\/05\/23\/smrtonosna-nesreca-u-austriji-radnik-iz-bih-se-poskliznuo-i-pao-niz-strminu-duboku-30-metara\/","name":"Smrtonosna nesre\u0107a u Austriji: Radnik iz BiH se poskliznuo i pao niz strminu duboku 30 metara - RADIO LJUBU\u0160KI","isPartOf":{"@id":"https:\/\/radioljubuski.ba\/#website"},"datePublished":"2022-05-23T09:48:14+00:00","dateModified":"2022-05-23T09:48:15+00:00","breadcrumb":{"@id":"https:\/\/radioljubuski.ba\/index.php\/2022\/05\/23\/smrtonosna-nesreca-u-austriji-radnik-iz-bih-se-poskliznuo-i-pao-niz-strminu-duboku-30-metara\/#breadcrumb"},"inLanguage":"hr","potentialAction":[{"@type":"ReadAction","target":["https:\/\/radioljubuski.ba\/index.php\/2022\/05\/23\/smrtonosna-nesreca-u-austriji-radnik-iz-bih-se-poskliznuo-i-pao-niz-strminu-duboku-30-metara\/"]}]},{"@type":"BreadcrumbList","@id":"https:\/\/radioljubuski.ba\/index.php\/2022\/05\/23\/smrtonosna-nesreca-u-austriji-radnik-iz-bih-se-poskliznuo-i-pao-niz-strminu-duboku-30-metara\/#breadcrumb","itemListElement":[{"@type":"ListItem","position":1,"name":"Po\u010detna stranica","item":"https:\/\/radioljubuski.ba\/"},{"@type":"ListItem","position":2,"name":"Smrtonosna nesre\u0107a u Austriji: Radnik iz BiH se poskliznuo i pao niz strminu duboku 30 metara"}]},{"@type":"WebSite","@id":"https:\/\/radioljubuski.ba\/#website","url":"https:\/\/radioljubuski.ba\/","name":"Radio Ljubu\u0161ki","description":"Sun\u010dana frekvencija Hercegovine","publisher":{"@id":"https:\/\/radioljubuski.ba\/#organization"},"potentialAction":[{"@type":"SearchAction","target":{"@type":"EntryPoint","urlTemplate":"https:\/\/radioljubuski.ba\/?s={search_term_string}"},"query-input":{"@type":"PropertyValueSpecification","valueRequired":true,"valueName":"search_term_string"}}],"inLanguage":"hr"},{"@type":"Organization","@id":"https:\/\/radioljubuski.ba\/#organization","name":"Radio Ljubu\u0161ki","url":"https:\/\/radioljubuski.ba\/","logo":{"@type":"ImageObject","inLanguage":"hr","@id":"https:\/\/radioljubuski.ba\/#\/schema\/logo\/image\/","url":"https:\/\/radioljubuski.ba\/wp-content\/uploads\/2021\/02\/cropped-Radio_Ljubuski_logo1.jpg","contentUrl":"https:\/\/radioljubuski.ba\/wp-content\/uploads\/2021\/02\/cropped-Radio_Ljubuski_logo1.jpg","width":512,"height":512,"caption":"Radio Ljubu\u0161ki"},"image":{"@id":"https:\/\/radioljubuski.ba\/#\/schema\/logo\/image\/"},"sameAs":["https:\/\/www.facebook.com\/Radiio-Ljubuski-1490835324566332","https:\/\/x.com\/radioljubuski","https:\/\/hr.linkedin.com\/company\/radio-ljubuski","https:\/\/www.youtube.com\/channel\/UCHYaeO_n0Db3tjNGudGpXyw"]},{"@type":"Person","@id":"https:\/\/radioljubuski.ba\/#\/schema\/person\/19fc700381a780f69665d7956c469e3b","name":"Radio Ljubu\u0161ki"}]}},"_links":{"self":[{"href":"https:\/\/radioljubuski.ba\/index.php\/wp-json\/wp\/v2\/posts\/143309","targetHints":{"allow":["GET"]}}],"collection":[{"href":"https:\/\/radioljubuski.ba\/index.php\/wp-json\/wp\/v2\/posts"}],"about":[{"href":"https:\/\/radioljubuski.ba\/index.php\/wp-json\/wp\/v2\/types\/post"}],"author":[{"embeddable":true,"href":"https:\/\/radioljubuski.ba\/index.php\/wp-json\/wp\/v2\/users\/2"}],"replies":[{"embeddable":true,"href":"https:\/\/radioljubuski.ba\/index.php\/wp-json\/wp\/v2\/comments?post=143309"}],"version-history":[{"count":1,"href":"https:\/\/radioljubuski.ba\/index.php\/wp-json\/wp\/v2\/posts\/143309\/revisions"}],"predecessor-version":[{"id":143311,"href":"https:\/\/radioljubuski.ba\/index.php\/wp-json\/wp\/v2\/posts\/143309\/revisions\/143311"}],"wp:attachment":[{"href":"https:\/\/radioljubuski.ba\/index.php\/wp-json\/wp\/v2\/media?parent=143309"}],"wp:term":[{"taxonomy":"category","embeddable":true,"href":"https:\/\/radioljubuski.ba\/index.php\/wp-json\/wp\/v2\/categories?post=143309"},{"taxonomy":"post_tag","embeddable":true,"href":"https:\/\/radioljubuski.ba\/index.php\/wp-json\/wp\/v2\/tags?post=143309"}],"curies":[{"name":"wp","href":"https:\/\/api.w.org\/{rel}","templated":true}]}}