{"id":143316,"date":"2022-05-23T10:51:59","date_gmt":"2022-05-23T09:51:59","guid":{"rendered":"https:\/\/radioljubuski.ba\/?p=143316"},"modified":"2022-05-23T10:52:00","modified_gmt":"2022-05-23T09:52:00","slug":"otac-dvoje-djece-u-dom-primio-ukrajinku-koja-je-pobjegla-od-rata-pa-napustio-obitelj-zbog-nje","status":"publish","type":"post","link":"https:\/\/radioljubuski.ba\/index.php\/2022\/05\/23\/otac-dvoje-djece-u-dom-primio-ukrajinku-koja-je-pobjegla-od-rata-pa-napustio-obitelj-zbog-nje\/","title":{"rendered":"Otac dvoje djece u dom primio Ukrajinku koja je pobjegla od rata pa napustio obitelj zbog nje"},"content":{"rendered":"\n<p>Britanski otac dvoje djece ostavio je svoju suprugu nakon \u0161to se zaljubio u 22-godi\u0161nju ukrajinsku izbjeglicu koja je do\u0161la \u017eivjeti s njima da bi pobjegla od rata. Tony Garnett (29) i njegova partnerica Lorna (28) primili su Sofiiu Karkadim po\u010detkom svibnja, ali samo 10 dana kasnije njihov naizgled sretan brak raspao se kada je pobjegao s izbjeglicom. Za\u0161titar, koji \u017eivi u Bradfordu u zapadnom Yorkshireu, ka\u017ee da se zaljubio u 22-godi\u0161njakinju i da s njom \u017eeli provesti ostatak \u017eivota, pi\u0161e The Sun<\/p>\n\n\n\n<p>Sofiia, koja je pobjegla iz Lavova u zapadnoj Ukrajini, rekla je da joj se Tony svidio \u010dim ga je vidjela i da par \u017eivi svoju vlastitu ljubavnu pri\u010du. Obitelj je prihvatila Sofiju u poku\u0161aju da u\u010dini dobro djelo, a Tony je za The Sun rekao da je \u017eelio u\u010diniti pravu stvar i da je ona prva osoba koja se javila na Facebook stranici gdje je ponudio smje\u0161taj izbjeglice.<\/p>\n\n\n\n<p>Sofiia, koja radi kao IT menad\u017eerica, doletjela je u Manchester 4. svibnja nakon \u0161to je tjednima \u010dekala u Berlinu da joj se odobri viza za Ujedinjeno Kraljevstvo. Tony je rekao da su on i Sofija brzo razvili vezu. Tony, koji govori slova\u010dki, razgovarao bi sa svojom budu\u0107om ljubavnicom dok bi ona govorila ukrajinski, jer su ta dva jezika me\u0111usobno razumljiva. Me\u0111utim, zbog toga njegova supruga nije razumjela o \u010demu govore. Kako su dani prolazili, Sofija bi se pridru\u017eila Tonyju u teretani i razgovarali bi u njegovom autu, dok su se kod ku\u0107e fizi\u010dki zbli\u017eili.<\/p>\n\n\n\n<p>&#8211; Kod ku\u0107e sam shvatio da pronalazimo isprike da se dodirujemo i zapinjemo jedno o drugo, flertali, ali ni\u0161ta vi\u0161e od toga se nije dogodilo u toj fazi &#8211; rekao je.<\/p>\n\n\n\n<p>&#8211; Iako je bilo prili\u010dno nevino, izazivalo je sva\u0111e. Mogu to razumjeti. Kad bih u\u0161ao nave\u010der, Sofija bi bila ta koja bi mi pripremila obrok da probam. Kako se par sve vi\u0161e zbli\u017eavao, Lorna je postala vrlo ljubomorna i po\u010dela se pitati za\u0161to me Sofiia cijelo vrijeme prati &#8211; ispri\u010dao je Tony. &#8211; Atmosfera je postajala jako lo\u0161a i Sofija mi je rekla da ne zna mo\u017ee li nastaviti \u017eivjeti s nama pod ovim okolnostima &#8211; rekao je. Stvari su se zahuktale nakon \u0161to je eksplozivna sva\u0111a izme\u0111u \u017eena ostavila Sofiju u suzama. Ukrajinka je rekla da se vi\u0161e ne osje\u0107a kao da mo\u017ee \u017eivjeti u istoj ku\u0107i s Lornom. &#8220;Ako ona ide, idem ja&#8221;, poru\u010dio je tada Tony svojoj \u017eeni. Par je potom spakirao kofere i preselio se kod Tonyjevih roditelja, iako tra\u017ee nekretnine u koje \u0107e se useliti. Toy i Lorna bili su zajedno deset godina, a u svega deset dana veza im je zavr\u0161ila. Tony ka\u017ee da se osje\u0107a lo\u0161e i da Lorna nije kriva. &#8211; Jako mi je \u017eao zbog onoga \u0161to Lorna prolazi, to nije bila njezina gre\u0161ka i nije se radilo o ne\u010demu \u0161to je pogrije\u0161ila. Nikad to nismo namjeravali u\u010diniti, nije bilo planirano i nismo htjeli nikoga povrijediti &#8211; napomenuo je Tony.<\/p>\n\n\n\n<p>Izvor:pogled.ba<\/p>\n","protected":false},"excerpt":{"rendered":"<p>Britanski otac dvoje djece ostavio je svoju suprugu nakon \u0161to se zaljubio u 22-godi\u0161nju ukrajinsku izbjeglicu koja je do\u0161la \u017eivjeti s njima da bi pobjegla od rata. Tony Garnett (29) i njegova partnerica Lorna (28) primili su Sofiiu Karkadim po\u010detkom svibnja, ali samo 10 dana kasnije njihov naizgled sretan brak raspao se kada je pobjegao [&hellip;]<\/p>\n","protected":false},"author":2,"featured_media":143317,"comment_status":"closed","ping_status":"closed","sticky":false,"template":"","format":"standard","meta":{"h5ap_radio_sources":[],"footnotes":""},"categories":[1],"tags":[],"class_list":["post-143316","post","type-post","status-publish","format-standard","has-post-thumbnail","hentry","category-bihiregija"],"yoast_head":"<!-- This site is optimized with the Yoast SEO plugin v27.5 - https:\/\/yoast.com\/product\/yoast-seo-wordpress\/ -->\n<title>Otac dvoje djece u dom primio Ukrajinku koja je pobjegla od rata pa napustio obitelj zbog nje - RADIO LJUBU\u0160KI<\/title>\n<meta name=\"robots\" content=\"index, follow, max-snippet:-1, max-image-preview:large, max-video-preview:-1\" \/>\n<link rel=\"canonical\" href=\"https:\/\/radioljubuski.ba\/index.php\/2022\/05\/23\/otac-dvoje-djece-u-dom-primio-ukrajinku-koja-je-pobjegla-od-rata-pa-napustio-obitelj-zbog-nje\/\" \/>\n<meta property=\"og:locale\" content=\"hr_HR\" \/>\n<meta property=\"og:type\" content=\"article\" \/>\n<meta property=\"og:title\" content=\"Otac dvoje djece u dom primio Ukrajinku koja je pobjegla od rata pa napustio obitelj zbog nje - RADIO LJUBU\u0160KI\" \/>\n<meta property=\"og:description\" content=\"Britanski otac dvoje djece ostavio je svoju suprugu nakon \u0161to se zaljubio u 22-godi\u0161nju ukrajinsku izbjeglicu koja je do\u0161la \u017eivjeti s njima da bi pobjegla od rata. Tony Garnett (29) i njegova partnerica Lorna (28) primili su Sofiiu Karkadim po\u010detkom svibnja, ali samo 10 dana kasnije njihov naizgled sretan brak raspao se kada je pobjegao [&hellip;]\" \/>\n<meta property=\"og:url\" content=\"https:\/\/radioljubuski.ba\/index.php\/2022\/05\/23\/otac-dvoje-djece-u-dom-primio-ukrajinku-koja-je-pobjegla-od-rata-pa-napustio-obitelj-zbog-nje\/\" \/>\n<meta property=\"og:site_name\" content=\"RADIO LJUBU\u0160KI\" \/>\n<meta property=\"article:publisher\" content=\"https:\/\/www.facebook.com\/Radiio-Ljubuski-1490835324566332\" \/>\n<meta property=\"article:published_time\" content=\"2022-05-23T09:51:59+00:00\" \/>\n<meta property=\"article:modified_time\" content=\"2022-05-23T09:52:00+00:00\" \/>\n<meta property=\"og:image\" content=\"https:\/\/radioljubuski.ba\/wp-content\/uploads\/2022\/05\/2-2022-05-21-18-12-06-ukrajinka.jpg\" \/>\n\t<meta property=\"og:image:width\" content=\"1000\" \/>\n\t<meta property=\"og:image:height\" content=\"625\" \/>\n\t<meta property=\"og:image:type\" content=\"image\/jpeg\" \/>\n<meta name=\"author\" content=\"Radio Ljubu\u0161ki\" \/>\n<meta name=\"twitter:card\" content=\"summary_large_image\" \/>\n<meta name=\"twitter:creator\" content=\"@radioljubuski\" \/>\n<meta name=\"twitter:site\" content=\"@radioljubuski\" \/>\n<meta name=\"twitter:label1\" content=\"Napisao\/la\" \/>\n\t<meta name=\"twitter:data1\" content=\"Radio Ljubu\u0161ki\" \/>\n\t<meta name=\"twitter:label2\" content=\"Procijenjeno vrijeme \u010ditanja\" \/>\n\t<meta name=\"twitter:data2\" content=\"3 minute\" \/>\n<script type=\"application\/ld+json\" class=\"yoast-schema-graph\">{\"@context\":\"https:\\\/\\\/schema.org\",\"@graph\":[{\"@type\":\"Article\",\"@id\":\"https:\\\/\\\/radioljubuski.ba\\\/index.php\\\/2022\\\/05\\\/23\\\/otac-dvoje-djece-u-dom-primio-ukrajinku-koja-je-pobjegla-od-rata-pa-napustio-obitelj-zbog-nje\\\/#article\",\"isPartOf\":{\"@id\":\"https:\\\/\\\/radioljubuski.ba\\\/index.php\\\/2022\\\/05\\\/23\\\/otac-dvoje-djece-u-dom-primio-ukrajinku-koja-je-pobjegla-od-rata-pa-napustio-obitelj-zbog-nje\\\/\"},\"author\":{\"name\":\"Radio Ljubu\u0161ki\",\"@id\":\"https:\\\/\\\/radioljubuski.ba\\\/#\\\/schema\\\/person\\\/19fc700381a780f69665d7956c469e3b\"},\"headline\":\"Otac dvoje djece u dom primio Ukrajinku koja je pobjegla od rata pa napustio obitelj zbog nje\",\"datePublished\":\"2022-05-23T09:51:59+00:00\",\"dateModified\":\"2022-05-23T09:52:00+00:00\",\"mainEntityOfPage\":{\"@id\":\"https:\\\/\\\/radioljubuski.ba\\\/index.php\\\/2022\\\/05\\\/23\\\/otac-dvoje-djece-u-dom-primio-ukrajinku-koja-je-pobjegla-od-rata-pa-napustio-obitelj-zbog-nje\\\/\"},\"wordCount\":551,\"publisher\":{\"@id\":\"https:\\\/\\\/radioljubuski.ba\\\/#organization\"},\"image\":{\"@id\":\"https:\\\/\\\/radioljubuski.ba\\\/index.php\\\/2022\\\/05\\\/23\\\/otac-dvoje-djece-u-dom-primio-ukrajinku-koja-je-pobjegla-od-rata-pa-napustio-obitelj-zbog-nje\\\/#primaryimage\"},\"thumbnailUrl\":\"https:\\\/\\\/radioljubuski.ba\\\/wp-content\\\/uploads\\\/2022\\\/05\\\/2-2022-05-21-18-12-06-ukrajinka.jpg\",\"articleSection\":[\"BIH i regija\"],\"inLanguage\":\"hr\"},{\"@type\":\"WebPage\",\"@id\":\"https:\\\/\\\/radioljubuski.ba\\\/index.php\\\/2022\\\/05\\\/23\\\/otac-dvoje-djece-u-dom-primio-ukrajinku-koja-je-pobjegla-od-rata-pa-napustio-obitelj-zbog-nje\\\/\",\"url\":\"https:\\\/\\\/radioljubuski.ba\\\/index.php\\\/2022\\\/05\\\/23\\\/otac-dvoje-djece-u-dom-primio-ukrajinku-koja-je-pobjegla-od-rata-pa-napustio-obitelj-zbog-nje\\\/\",\"name\":\"Otac dvoje djece u dom primio Ukrajinku koja je pobjegla od rata pa napustio obitelj zbog nje - RADIO LJUBU\u0160KI\",\"isPartOf\":{\"@id\":\"https:\\\/\\\/radioljubuski.ba\\\/#website\"},\"primaryImageOfPage\":{\"@id\":\"https:\\\/\\\/radioljubuski.ba\\\/index.php\\\/2022\\\/05\\\/23\\\/otac-dvoje-djece-u-dom-primio-ukrajinku-koja-je-pobjegla-od-rata-pa-napustio-obitelj-zbog-nje\\\/#primaryimage\"},\"image\":{\"@id\":\"https:\\\/\\\/radioljubuski.ba\\\/index.php\\\/2022\\\/05\\\/23\\\/otac-dvoje-djece-u-dom-primio-ukrajinku-koja-je-pobjegla-od-rata-pa-napustio-obitelj-zbog-nje\\\/#primaryimage\"},\"thumbnailUrl\":\"https:\\\/\\\/radioljubuski.ba\\\/wp-content\\\/uploads\\\/2022\\\/05\\\/2-2022-05-21-18-12-06-ukrajinka.jpg\",\"datePublished\":\"2022-05-23T09:51:59+00:00\",\"dateModified\":\"2022-05-23T09:52:00+00:00\",\"breadcrumb\":{\"@id\":\"https:\\\/\\\/radioljubuski.ba\\\/index.php\\\/2022\\\/05\\\/23\\\/otac-dvoje-djece-u-dom-primio-ukrajinku-koja-je-pobjegla-od-rata-pa-napustio-obitelj-zbog-nje\\\/#breadcrumb\"},\"inLanguage\":\"hr\",\"potentialAction\":[{\"@type\":\"ReadAction\",\"target\":[\"https:\\\/\\\/radioljubuski.ba\\\/index.php\\\/2022\\\/05\\\/23\\\/otac-dvoje-djece-u-dom-primio-ukrajinku-koja-je-pobjegla-od-rata-pa-napustio-obitelj-zbog-nje\\\/\"]}]},{\"@type\":\"ImageObject\",\"inLanguage\":\"hr\",\"@id\":\"https:\\\/\\\/radioljubuski.ba\\\/index.php\\\/2022\\\/05\\\/23\\\/otac-dvoje-djece-u-dom-primio-ukrajinku-koja-je-pobjegla-od-rata-pa-napustio-obitelj-zbog-nje\\\/#primaryimage\",\"url\":\"https:\\\/\\\/radioljubuski.ba\\\/wp-content\\\/uploads\\\/2022\\\/05\\\/2-2022-05-21-18-12-06-ukrajinka.jpg\",\"contentUrl\":\"https:\\\/\\\/radioljubuski.ba\\\/wp-content\\\/uploads\\\/2022\\\/05\\\/2-2022-05-21-18-12-06-ukrajinka.jpg\",\"width\":1000,\"height\":625},{\"@type\":\"BreadcrumbList\",\"@id\":\"https:\\\/\\\/radioljubuski.ba\\\/index.php\\\/2022\\\/05\\\/23\\\/otac-dvoje-djece-u-dom-primio-ukrajinku-koja-je-pobjegla-od-rata-pa-napustio-obitelj-zbog-nje\\\/#breadcrumb\",\"itemListElement\":[{\"@type\":\"ListItem\",\"position\":1,\"name\":\"Po\u010detna stranica\",\"item\":\"https:\\\/\\\/radioljubuski.ba\\\/\"},{\"@type\":\"ListItem\",\"position\":2,\"name\":\"Otac dvoje djece u dom primio Ukrajinku koja je pobjegla od rata pa napustio obitelj zbog nje\"}]},{\"@type\":\"WebSite\",\"@id\":\"https:\\\/\\\/radioljubuski.ba\\\/#website\",\"url\":\"https:\\\/\\\/radioljubuski.ba\\\/\",\"name\":\"Radio Ljubu\u0161ki\",\"description\":\"Sun\u010dana frekvencija Hercegovine\",\"publisher\":{\"@id\":\"https:\\\/\\\/radioljubuski.ba\\\/#organization\"},\"potentialAction\":[{\"@type\":\"SearchAction\",\"target\":{\"@type\":\"EntryPoint\",\"urlTemplate\":\"https:\\\/\\\/radioljubuski.ba\\\/?s={search_term_string}\"},\"query-input\":{\"@type\":\"PropertyValueSpecification\",\"valueRequired\":true,\"valueName\":\"search_term_string\"}}],\"inLanguage\":\"hr\"},{\"@type\":\"Organization\",\"@id\":\"https:\\\/\\\/radioljubuski.ba\\\/#organization\",\"name\":\"Radio Ljubu\u0161ki\",\"url\":\"https:\\\/\\\/radioljubuski.ba\\\/\",\"logo\":{\"@type\":\"ImageObject\",\"inLanguage\":\"hr\",\"@id\":\"https:\\\/\\\/radioljubuski.ba\\\/#\\\/schema\\\/logo\\\/image\\\/\",\"url\":\"https:\\\/\\\/radioljubuski.ba\\\/wp-content\\\/uploads\\\/2021\\\/02\\\/cropped-Radio_Ljubuski_logo1.jpg\",\"contentUrl\":\"https:\\\/\\\/radioljubuski.ba\\\/wp-content\\\/uploads\\\/2021\\\/02\\\/cropped-Radio_Ljubuski_logo1.jpg\",\"width\":512,\"height\":512,\"caption\":\"Radio Ljubu\u0161ki\"},\"image\":{\"@id\":\"https:\\\/\\\/radioljubuski.ba\\\/#\\\/schema\\\/logo\\\/image\\\/\"},\"sameAs\":[\"https:\\\/\\\/www.facebook.com\\\/Radiio-Ljubuski-1490835324566332\",\"https:\\\/\\\/x.com\\\/radioljubuski\",\"https:\\\/\\\/hr.linkedin.com\\\/company\\\/radio-ljubuski\",\"https:\\\/\\\/www.youtube.com\\\/channel\\\/UCHYaeO_n0Db3tjNGudGpXyw\"]},{\"@type\":\"Person\",\"@id\":\"https:\\\/\\\/radioljubuski.ba\\\/#\\\/schema\\\/person\\\/19fc700381a780f69665d7956c469e3b\",\"name\":\"Radio Ljubu\u0161ki\"}]}<\/script>\n<!-- \/ Yoast SEO plugin. -->","yoast_head_json":{"title":"Otac dvoje djece u dom primio Ukrajinku koja je pobjegla od rata pa napustio obitelj zbog nje - RADIO LJUBU\u0160KI","robots":{"index":"index","follow":"follow","max-snippet":"max-snippet:-1","max-image-preview":"max-image-preview:large","max-video-preview":"max-video-preview:-1"},"canonical":"https:\/\/radioljubuski.ba\/index.php\/2022\/05\/23\/otac-dvoje-djece-u-dom-primio-ukrajinku-koja-je-pobjegla-od-rata-pa-napustio-obitelj-zbog-nje\/","og_locale":"hr_HR","og_type":"article","og_title":"Otac dvoje djece u dom primio Ukrajinku koja je pobjegla od rata pa napustio obitelj zbog nje - RADIO LJUBU\u0160KI","og_description":"Britanski otac dvoje djece ostavio je svoju suprugu nakon \u0161to se zaljubio u 22-godi\u0161nju ukrajinsku izbjeglicu koja je do\u0161la \u017eivjeti s njima da bi pobjegla od rata. Tony Garnett (29) i njegova partnerica Lorna (28) primili su Sofiiu Karkadim po\u010detkom svibnja, ali samo 10 dana kasnije njihov naizgled sretan brak raspao se kada je pobjegao [&hellip;]","og_url":"https:\/\/radioljubuski.ba\/index.php\/2022\/05\/23\/otac-dvoje-djece-u-dom-primio-ukrajinku-koja-je-pobjegla-od-rata-pa-napustio-obitelj-zbog-nje\/","og_site_name":"RADIO LJUBU\u0160KI","article_publisher":"https:\/\/www.facebook.com\/Radiio-Ljubuski-1490835324566332","article_published_time":"2022-05-23T09:51:59+00:00","article_modified_time":"2022-05-23T09:52:00+00:00","og_image":[{"width":1000,"height":625,"url":"https:\/\/radioljubuski.ba\/wp-content\/uploads\/2022\/05\/2-2022-05-21-18-12-06-ukrajinka.jpg","type":"image\/jpeg"}],"author":"Radio Ljubu\u0161ki","twitter_card":"summary_large_image","twitter_creator":"@radioljubuski","twitter_site":"@radioljubuski","twitter_misc":{"Napisao\/la":"Radio Ljubu\u0161ki","Procijenjeno vrijeme \u010ditanja":"3 minute"},"schema":{"@context":"https:\/\/schema.org","@graph":[{"@type":"Article","@id":"https:\/\/radioljubuski.ba\/index.php\/2022\/05\/23\/otac-dvoje-djece-u-dom-primio-ukrajinku-koja-je-pobjegla-od-rata-pa-napustio-obitelj-zbog-nje\/#article","isPartOf":{"@id":"https:\/\/radioljubuski.ba\/index.php\/2022\/05\/23\/otac-dvoje-djece-u-dom-primio-ukrajinku-koja-je-pobjegla-od-rata-pa-napustio-obitelj-zbog-nje\/"},"author":{"name":"Radio Ljubu\u0161ki","@id":"https:\/\/radioljubuski.ba\/#\/schema\/person\/19fc700381a780f69665d7956c469e3b"},"headline":"Otac dvoje djece u dom primio Ukrajinku koja je pobjegla od rata pa napustio obitelj zbog nje","datePublished":"2022-05-23T09:51:59+00:00","dateModified":"2022-05-23T09:52:00+00:00","mainEntityOfPage":{"@id":"https:\/\/radioljubuski.ba\/index.php\/2022\/05\/23\/otac-dvoje-djece-u-dom-primio-ukrajinku-koja-je-pobjegla-od-rata-pa-napustio-obitelj-zbog-nje\/"},"wordCount":551,"publisher":{"@id":"https:\/\/radioljubuski.ba\/#organization"},"image":{"@id":"https:\/\/radioljubuski.ba\/index.php\/2022\/05\/23\/otac-dvoje-djece-u-dom-primio-ukrajinku-koja-je-pobjegla-od-rata-pa-napustio-obitelj-zbog-nje\/#primaryimage"},"thumbnailUrl":"https:\/\/radioljubuski.ba\/wp-content\/uploads\/2022\/05\/2-2022-05-21-18-12-06-ukrajinka.jpg","articleSection":["BIH i regija"],"inLanguage":"hr"},{"@type":"WebPage","@id":"https:\/\/radioljubuski.ba\/index.php\/2022\/05\/23\/otac-dvoje-djece-u-dom-primio-ukrajinku-koja-je-pobjegla-od-rata-pa-napustio-obitelj-zbog-nje\/","url":"https:\/\/radioljubuski.ba\/index.php\/2022\/05\/23\/otac-dvoje-djece-u-dom-primio-ukrajinku-koja-je-pobjegla-od-rata-pa-napustio-obitelj-zbog-nje\/","name":"Otac dvoje djece u dom primio Ukrajinku koja je pobjegla od rata pa napustio obitelj zbog nje - RADIO LJUBU\u0160KI","isPartOf":{"@id":"https:\/\/radioljubuski.ba\/#website"},"primaryImageOfPage":{"@id":"https:\/\/radioljubuski.ba\/index.php\/2022\/05\/23\/otac-dvoje-djece-u-dom-primio-ukrajinku-koja-je-pobjegla-od-rata-pa-napustio-obitelj-zbog-nje\/#primaryimage"},"image":{"@id":"https:\/\/radioljubuski.ba\/index.php\/2022\/05\/23\/otac-dvoje-djece-u-dom-primio-ukrajinku-koja-je-pobjegla-od-rata-pa-napustio-obitelj-zbog-nje\/#primaryimage"},"thumbnailUrl":"https:\/\/radioljubuski.ba\/wp-content\/uploads\/2022\/05\/2-2022-05-21-18-12-06-ukrajinka.jpg","datePublished":"2022-05-23T09:51:59+00:00","dateModified":"2022-05-23T09:52:00+00:00","breadcrumb":{"@id":"https:\/\/radioljubuski.ba\/index.php\/2022\/05\/23\/otac-dvoje-djece-u-dom-primio-ukrajinku-koja-je-pobjegla-od-rata-pa-napustio-obitelj-zbog-nje\/#breadcrumb"},"inLanguage":"hr","potentialAction":[{"@type":"ReadAction","target":["https:\/\/radioljubuski.ba\/index.php\/2022\/05\/23\/otac-dvoje-djece-u-dom-primio-ukrajinku-koja-je-pobjegla-od-rata-pa-napustio-obitelj-zbog-nje\/"]}]},{"@type":"ImageObject","inLanguage":"hr","@id":"https:\/\/radioljubuski.ba\/index.php\/2022\/05\/23\/otac-dvoje-djece-u-dom-primio-ukrajinku-koja-je-pobjegla-od-rata-pa-napustio-obitelj-zbog-nje\/#primaryimage","url":"https:\/\/radioljubuski.ba\/wp-content\/uploads\/2022\/05\/2-2022-05-21-18-12-06-ukrajinka.jpg","contentUrl":"https:\/\/radioljubuski.ba\/wp-content\/uploads\/2022\/05\/2-2022-05-21-18-12-06-ukrajinka.jpg","width":1000,"height":625},{"@type":"BreadcrumbList","@id":"https:\/\/radioljubuski.ba\/index.php\/2022\/05\/23\/otac-dvoje-djece-u-dom-primio-ukrajinku-koja-je-pobjegla-od-rata-pa-napustio-obitelj-zbog-nje\/#breadcrumb","itemListElement":[{"@type":"ListItem","position":1,"name":"Po\u010detna stranica","item":"https:\/\/radioljubuski.ba\/"},{"@type":"ListItem","position":2,"name":"Otac dvoje djece u dom primio Ukrajinku koja je pobjegla od rata pa napustio obitelj zbog nje"}]},{"@type":"WebSite","@id":"https:\/\/radioljubuski.ba\/#website","url":"https:\/\/radioljubuski.ba\/","name":"Radio Ljubu\u0161ki","description":"Sun\u010dana frekvencija Hercegovine","publisher":{"@id":"https:\/\/radioljubuski.ba\/#organization"},"potentialAction":[{"@type":"SearchAction","target":{"@type":"EntryPoint","urlTemplate":"https:\/\/radioljubuski.ba\/?s={search_term_string}"},"query-input":{"@type":"PropertyValueSpecification","valueRequired":true,"valueName":"search_term_string"}}],"inLanguage":"hr"},{"@type":"Organization","@id":"https:\/\/radioljubuski.ba\/#organization","name":"Radio Ljubu\u0161ki","url":"https:\/\/radioljubuski.ba\/","logo":{"@type":"ImageObject","inLanguage":"hr","@id":"https:\/\/radioljubuski.ba\/#\/schema\/logo\/image\/","url":"https:\/\/radioljubuski.ba\/wp-content\/uploads\/2021\/02\/cropped-Radio_Ljubuski_logo1.jpg","contentUrl":"https:\/\/radioljubuski.ba\/wp-content\/uploads\/2021\/02\/cropped-Radio_Ljubuski_logo1.jpg","width":512,"height":512,"caption":"Radio Ljubu\u0161ki"},"image":{"@id":"https:\/\/radioljubuski.ba\/#\/schema\/logo\/image\/"},"sameAs":["https:\/\/www.facebook.com\/Radiio-Ljubuski-1490835324566332","https:\/\/x.com\/radioljubuski","https:\/\/hr.linkedin.com\/company\/radio-ljubuski","https:\/\/www.youtube.com\/channel\/UCHYaeO_n0Db3tjNGudGpXyw"]},{"@type":"Person","@id":"https:\/\/radioljubuski.ba\/#\/schema\/person\/19fc700381a780f69665d7956c469e3b","name":"Radio Ljubu\u0161ki"}]}},"_links":{"self":[{"href":"https:\/\/radioljubuski.ba\/index.php\/wp-json\/wp\/v2\/posts\/143316","targetHints":{"allow":["GET"]}}],"collection":[{"href":"https:\/\/radioljubuski.ba\/index.php\/wp-json\/wp\/v2\/posts"}],"about":[{"href":"https:\/\/radioljubuski.ba\/index.php\/wp-json\/wp\/v2\/types\/post"}],"author":[{"embeddable":true,"href":"https:\/\/radioljubuski.ba\/index.php\/wp-json\/wp\/v2\/users\/2"}],"replies":[{"embeddable":true,"href":"https:\/\/radioljubuski.ba\/index.php\/wp-json\/wp\/v2\/comments?post=143316"}],"version-history":[{"count":1,"href":"https:\/\/radioljubuski.ba\/index.php\/wp-json\/wp\/v2\/posts\/143316\/revisions"}],"predecessor-version":[{"id":143318,"href":"https:\/\/radioljubuski.ba\/index.php\/wp-json\/wp\/v2\/posts\/143316\/revisions\/143318"}],"wp:featuredmedia":[{"embeddable":true,"href":"https:\/\/radioljubuski.ba\/index.php\/wp-json\/wp\/v2\/media\/143317"}],"wp:attachment":[{"href":"https:\/\/radioljubuski.ba\/index.php\/wp-json\/wp\/v2\/media?parent=143316"}],"wp:term":[{"taxonomy":"category","embeddable":true,"href":"https:\/\/radioljubuski.ba\/index.php\/wp-json\/wp\/v2\/categories?post=143316"},{"taxonomy":"post_tag","embeddable":true,"href":"https:\/\/radioljubuski.ba\/index.php\/wp-json\/wp\/v2\/tags?post=143316"}],"curies":[{"name":"wp","href":"https:\/\/api.w.org\/{rel}","templated":true}]}}