{"id":143319,"date":"2022-05-23T10:53:12","date_gmt":"2022-05-23T09:53:12","guid":{"rendered":"https:\/\/radioljubuski.ba\/?p=143319"},"modified":"2022-05-23T10:53:13","modified_gmt":"2022-05-23T09:53:13","slug":"grdovic-zateturao-i-pao-na-bini-u-sloveniji-publika-fuckala-a-on-povikao-pivan-ja-i-dalje","status":"publish","type":"post","link":"https:\/\/radioljubuski.ba\/index.php\/2022\/05\/23\/grdovic-zateturao-i-pao-na-bini-u-sloveniji-publika-fuckala-a-on-povikao-pivan-ja-i-dalje\/","title":{"rendered":"Grdovi\u0107 zateturao i pao na bini u Sloveniji, publika fu\u0107kala, a on povikao: &#8216;Pivan ja i dalje!&#8217;"},"content":{"rendered":"\n<p>Mladen Grdovi\u0107 (63) u petak je imao koncert povodom Dana vinogradara u Sloveniji. &#8216;Pengula sam bio ja&#8217;, orilo se se na bini samo trenutak prije nego \u0161to se pjeva\u010d okrenuo prema bendu, zateturao i pao.&nbsp;<\/p>\n\n\n\n<p>Sude\u0107i prema snimci koja se \u0161iri dru\u0161tvenim mre\u017eama, pjeva\u010d nije imao nikakvu kontrolu nad svojim tijelom. Nakon \u0161to je pao na pod, vi\u0161e se nije mogao ustati. Stala je i glazba, a publika je po\u010dela negodovati.&nbsp;<\/p>\n\n\n\n<p>&#8211; Buu, katastrofa &#8211; vikali su i fu\u0107kali pjeva\u010du iz publike, koji je le\u017ee\u0107i na podu poku\u0161avao skinuti mikrofon sa stativa. Nakon podu\u017ee borbe, uspio ga je skinuti pa poru\u010dio:&nbsp;<\/p>\n\n\n\n<p>&#8211; Pivan ja i dalje.<\/p>\n\n\n\n<p>Po\u010deo je pjevati, no po njega su na binu do\u0161li za\u0161titari i odveli ga s pozornice.&nbsp;<\/p>\n\n\n\n<p>Podsjetimo, zadarski pjeva\u010d i ranije je imao problema s alkoholom, a nakon &#8216;\u010da\u0161ice vi\u0161e&#8217; znao je i kr\u0161iti zakone. Unazad nekoliko godina uhi\u0107en je zbog vo\u017enje u pijanom stanju, ali i zbog obiteljskog nasilja.&nbsp;<\/p>\n\n\n\n<p>Na slu\u017ebenoj Facebook stranici pjeva\u010da stoji objava na kojoj su najavljena 24 koncerta, ovaj u Sloveniji, na kojemu se dogodio incident, tek je peti koncert koji je Grdovi\u0107 trebao odraditi.&nbsp;<\/p>\n\n\n\n<p>Izvor:pogled.ba<\/p>\n","protected":false},"excerpt":{"rendered":"<p>Mladen Grdovi\u0107 (63) u petak je imao koncert povodom Dana vinogradara u Sloveniji. &#8216;Pengula sam bio ja&#8217;, orilo se se na bini samo trenutak prije nego \u0161to se pjeva\u010d okrenuo prema bendu, zateturao i pao.&nbsp; Sude\u0107i prema snimci koja se \u0161iri dru\u0161tvenim mre\u017eama, pjeva\u010d nije imao nikakvu kontrolu nad svojim tijelom. Nakon \u0161to je pao [&hellip;]<\/p>\n","protected":false},"author":2,"featured_media":143320,"comment_status":"closed","ping_status":"closed","sticky":false,"template":"","format":"standard","meta":{"h5ap_radio_sources":[],"footnotes":""},"categories":[1],"tags":[],"class_list":["post-143319","post","type-post","status-publish","format-standard","has-post-thumbnail","hentry","category-bihiregija"],"yoast_head":"<!-- This site is optimized with the Yoast SEO plugin v27.5 - https:\/\/yoast.com\/product\/yoast-seo-wordpress\/ -->\n<title>Grdovi\u0107 zateturao i pao na bini u Sloveniji, publika fu\u0107kala, a on povikao: &#039;Pivan ja i dalje!&#039; - RADIO LJUBU\u0160KI<\/title>\n<meta name=\"robots\" content=\"index, follow, max-snippet:-1, max-image-preview:large, max-video-preview:-1\" \/>\n<link rel=\"canonical\" href=\"https:\/\/radioljubuski.ba\/index.php\/2022\/05\/23\/grdovic-zateturao-i-pao-na-bini-u-sloveniji-publika-fuckala-a-on-povikao-pivan-ja-i-dalje\/\" \/>\n<meta property=\"og:locale\" content=\"hr_HR\" \/>\n<meta property=\"og:type\" content=\"article\" \/>\n<meta property=\"og:title\" content=\"Grdovi\u0107 zateturao i pao na bini u Sloveniji, publika fu\u0107kala, a on povikao: &#039;Pivan ja i dalje!&#039; - RADIO LJUBU\u0160KI\" \/>\n<meta property=\"og:description\" content=\"Mladen Grdovi\u0107 (63) u petak je imao koncert povodom Dana vinogradara u Sloveniji. &#8216;Pengula sam bio ja&#8217;, orilo se se na bini samo trenutak prije nego \u0161to se pjeva\u010d okrenuo prema bendu, zateturao i pao.&nbsp; Sude\u0107i prema snimci koja se \u0161iri dru\u0161tvenim mre\u017eama, pjeva\u010d nije imao nikakvu kontrolu nad svojim tijelom. Nakon \u0161to je pao [&hellip;]\" \/>\n<meta property=\"og:url\" content=\"https:\/\/radioljubuski.ba\/index.php\/2022\/05\/23\/grdovic-zateturao-i-pao-na-bini-u-sloveniji-publika-fuckala-a-on-povikao-pivan-ja-i-dalje\/\" \/>\n<meta property=\"og:site_name\" content=\"RADIO LJUBU\u0160KI\" \/>\n<meta property=\"article:publisher\" content=\"https:\/\/www.facebook.com\/Radiio-Ljubuski-1490835324566332\" \/>\n<meta property=\"article:published_time\" content=\"2022-05-23T09:53:12+00:00\" \/>\n<meta property=\"article:modified_time\" content=\"2022-05-23T09:53:13+00:00\" \/>\n<meta property=\"og:image\" content=\"https:\/\/radioljubuski.ba\/wp-content\/uploads\/2022\/05\/2-2022-05-22-11-32-12-grdovic.jpg\" \/>\n\t<meta property=\"og:image:width\" content=\"1000\" \/>\n\t<meta property=\"og:image:height\" content=\"625\" \/>\n\t<meta property=\"og:image:type\" content=\"image\/jpeg\" \/>\n<meta name=\"author\" content=\"Radio Ljubu\u0161ki\" \/>\n<meta name=\"twitter:card\" content=\"summary_large_image\" \/>\n<meta name=\"twitter:creator\" content=\"@radioljubuski\" \/>\n<meta name=\"twitter:site\" content=\"@radioljubuski\" \/>\n<meta name=\"twitter:label1\" content=\"Napisao\/la\" \/>\n\t<meta name=\"twitter:data1\" content=\"Radio Ljubu\u0161ki\" \/>\n\t<meta name=\"twitter:label2\" content=\"Procijenjeno vrijeme \u010ditanja\" \/>\n\t<meta name=\"twitter:data2\" content=\"1 minuta\" \/>\n<script type=\"application\/ld+json\" class=\"yoast-schema-graph\">{\"@context\":\"https:\\\/\\\/schema.org\",\"@graph\":[{\"@type\":\"Article\",\"@id\":\"https:\\\/\\\/radioljubuski.ba\\\/index.php\\\/2022\\\/05\\\/23\\\/grdovic-zateturao-i-pao-na-bini-u-sloveniji-publika-fuckala-a-on-povikao-pivan-ja-i-dalje\\\/#article\",\"isPartOf\":{\"@id\":\"https:\\\/\\\/radioljubuski.ba\\\/index.php\\\/2022\\\/05\\\/23\\\/grdovic-zateturao-i-pao-na-bini-u-sloveniji-publika-fuckala-a-on-povikao-pivan-ja-i-dalje\\\/\"},\"author\":{\"name\":\"Radio Ljubu\u0161ki\",\"@id\":\"https:\\\/\\\/radioljubuski.ba\\\/#\\\/schema\\\/person\\\/19fc700381a780f69665d7956c469e3b\"},\"headline\":\"Grdovi\u0107 zateturao i pao na bini u Sloveniji, publika fu\u0107kala, a on povikao: &#8216;Pivan ja i dalje!&#8217;\",\"datePublished\":\"2022-05-23T09:53:12+00:00\",\"dateModified\":\"2022-05-23T09:53:13+00:00\",\"mainEntityOfPage\":{\"@id\":\"https:\\\/\\\/radioljubuski.ba\\\/index.php\\\/2022\\\/05\\\/23\\\/grdovic-zateturao-i-pao-na-bini-u-sloveniji-publika-fuckala-a-on-povikao-pivan-ja-i-dalje\\\/\"},\"wordCount\":233,\"publisher\":{\"@id\":\"https:\\\/\\\/radioljubuski.ba\\\/#organization\"},\"image\":{\"@id\":\"https:\\\/\\\/radioljubuski.ba\\\/index.php\\\/2022\\\/05\\\/23\\\/grdovic-zateturao-i-pao-na-bini-u-sloveniji-publika-fuckala-a-on-povikao-pivan-ja-i-dalje\\\/#primaryimage\"},\"thumbnailUrl\":\"https:\\\/\\\/radioljubuski.ba\\\/wp-content\\\/uploads\\\/2022\\\/05\\\/2-2022-05-22-11-32-12-grdovic.jpg\",\"articleSection\":[\"BIH i regija\"],\"inLanguage\":\"hr\"},{\"@type\":\"WebPage\",\"@id\":\"https:\\\/\\\/radioljubuski.ba\\\/index.php\\\/2022\\\/05\\\/23\\\/grdovic-zateturao-i-pao-na-bini-u-sloveniji-publika-fuckala-a-on-povikao-pivan-ja-i-dalje\\\/\",\"url\":\"https:\\\/\\\/radioljubuski.ba\\\/index.php\\\/2022\\\/05\\\/23\\\/grdovic-zateturao-i-pao-na-bini-u-sloveniji-publika-fuckala-a-on-povikao-pivan-ja-i-dalje\\\/\",\"name\":\"Grdovi\u0107 zateturao i pao na bini u Sloveniji, publika fu\u0107kala, a on povikao: 'Pivan ja i dalje!' - RADIO LJUBU\u0160KI\",\"isPartOf\":{\"@id\":\"https:\\\/\\\/radioljubuski.ba\\\/#website\"},\"primaryImageOfPage\":{\"@id\":\"https:\\\/\\\/radioljubuski.ba\\\/index.php\\\/2022\\\/05\\\/23\\\/grdovic-zateturao-i-pao-na-bini-u-sloveniji-publika-fuckala-a-on-povikao-pivan-ja-i-dalje\\\/#primaryimage\"},\"image\":{\"@id\":\"https:\\\/\\\/radioljubuski.ba\\\/index.php\\\/2022\\\/05\\\/23\\\/grdovic-zateturao-i-pao-na-bini-u-sloveniji-publika-fuckala-a-on-povikao-pivan-ja-i-dalje\\\/#primaryimage\"},\"thumbnailUrl\":\"https:\\\/\\\/radioljubuski.ba\\\/wp-content\\\/uploads\\\/2022\\\/05\\\/2-2022-05-22-11-32-12-grdovic.jpg\",\"datePublished\":\"2022-05-23T09:53:12+00:00\",\"dateModified\":\"2022-05-23T09:53:13+00:00\",\"breadcrumb\":{\"@id\":\"https:\\\/\\\/radioljubuski.ba\\\/index.php\\\/2022\\\/05\\\/23\\\/grdovic-zateturao-i-pao-na-bini-u-sloveniji-publika-fuckala-a-on-povikao-pivan-ja-i-dalje\\\/#breadcrumb\"},\"inLanguage\":\"hr\",\"potentialAction\":[{\"@type\":\"ReadAction\",\"target\":[\"https:\\\/\\\/radioljubuski.ba\\\/index.php\\\/2022\\\/05\\\/23\\\/grdovic-zateturao-i-pao-na-bini-u-sloveniji-publika-fuckala-a-on-povikao-pivan-ja-i-dalje\\\/\"]}]},{\"@type\":\"ImageObject\",\"inLanguage\":\"hr\",\"@id\":\"https:\\\/\\\/radioljubuski.ba\\\/index.php\\\/2022\\\/05\\\/23\\\/grdovic-zateturao-i-pao-na-bini-u-sloveniji-publika-fuckala-a-on-povikao-pivan-ja-i-dalje\\\/#primaryimage\",\"url\":\"https:\\\/\\\/radioljubuski.ba\\\/wp-content\\\/uploads\\\/2022\\\/05\\\/2-2022-05-22-11-32-12-grdovic.jpg\",\"contentUrl\":\"https:\\\/\\\/radioljubuski.ba\\\/wp-content\\\/uploads\\\/2022\\\/05\\\/2-2022-05-22-11-32-12-grdovic.jpg\",\"width\":1000,\"height\":625},{\"@type\":\"BreadcrumbList\",\"@id\":\"https:\\\/\\\/radioljubuski.ba\\\/index.php\\\/2022\\\/05\\\/23\\\/grdovic-zateturao-i-pao-na-bini-u-sloveniji-publika-fuckala-a-on-povikao-pivan-ja-i-dalje\\\/#breadcrumb\",\"itemListElement\":[{\"@type\":\"ListItem\",\"position\":1,\"name\":\"Po\u010detna stranica\",\"item\":\"https:\\\/\\\/radioljubuski.ba\\\/\"},{\"@type\":\"ListItem\",\"position\":2,\"name\":\"Grdovi\u0107 zateturao i pao na bini u Sloveniji, publika fu\u0107kala, a on povikao: &#8216;Pivan ja i dalje!&#8217;\"}]},{\"@type\":\"WebSite\",\"@id\":\"https:\\\/\\\/radioljubuski.ba\\\/#website\",\"url\":\"https:\\\/\\\/radioljubuski.ba\\\/\",\"name\":\"Radio Ljubu\u0161ki\",\"description\":\"Sun\u010dana frekvencija Hercegovine\",\"publisher\":{\"@id\":\"https:\\\/\\\/radioljubuski.ba\\\/#organization\"},\"potentialAction\":[{\"@type\":\"SearchAction\",\"target\":{\"@type\":\"EntryPoint\",\"urlTemplate\":\"https:\\\/\\\/radioljubuski.ba\\\/?s={search_term_string}\"},\"query-input\":{\"@type\":\"PropertyValueSpecification\",\"valueRequired\":true,\"valueName\":\"search_term_string\"}}],\"inLanguage\":\"hr\"},{\"@type\":\"Organization\",\"@id\":\"https:\\\/\\\/radioljubuski.ba\\\/#organization\",\"name\":\"Radio Ljubu\u0161ki\",\"url\":\"https:\\\/\\\/radioljubuski.ba\\\/\",\"logo\":{\"@type\":\"ImageObject\",\"inLanguage\":\"hr\",\"@id\":\"https:\\\/\\\/radioljubuski.ba\\\/#\\\/schema\\\/logo\\\/image\\\/\",\"url\":\"https:\\\/\\\/radioljubuski.ba\\\/wp-content\\\/uploads\\\/2021\\\/02\\\/cropped-Radio_Ljubuski_logo1.jpg\",\"contentUrl\":\"https:\\\/\\\/radioljubuski.ba\\\/wp-content\\\/uploads\\\/2021\\\/02\\\/cropped-Radio_Ljubuski_logo1.jpg\",\"width\":512,\"height\":512,\"caption\":\"Radio Ljubu\u0161ki\"},\"image\":{\"@id\":\"https:\\\/\\\/radioljubuski.ba\\\/#\\\/schema\\\/logo\\\/image\\\/\"},\"sameAs\":[\"https:\\\/\\\/www.facebook.com\\\/Radiio-Ljubuski-1490835324566332\",\"https:\\\/\\\/x.com\\\/radioljubuski\",\"https:\\\/\\\/hr.linkedin.com\\\/company\\\/radio-ljubuski\",\"https:\\\/\\\/www.youtube.com\\\/channel\\\/UCHYaeO_n0Db3tjNGudGpXyw\"]},{\"@type\":\"Person\",\"@id\":\"https:\\\/\\\/radioljubuski.ba\\\/#\\\/schema\\\/person\\\/19fc700381a780f69665d7956c469e3b\",\"name\":\"Radio Ljubu\u0161ki\"}]}<\/script>\n<!-- \/ Yoast SEO plugin. -->","yoast_head_json":{"title":"Grdovi\u0107 zateturao i pao na bini u Sloveniji, publika fu\u0107kala, a on povikao: 'Pivan ja i dalje!' - RADIO LJUBU\u0160KI","robots":{"index":"index","follow":"follow","max-snippet":"max-snippet:-1","max-image-preview":"max-image-preview:large","max-video-preview":"max-video-preview:-1"},"canonical":"https:\/\/radioljubuski.ba\/index.php\/2022\/05\/23\/grdovic-zateturao-i-pao-na-bini-u-sloveniji-publika-fuckala-a-on-povikao-pivan-ja-i-dalje\/","og_locale":"hr_HR","og_type":"article","og_title":"Grdovi\u0107 zateturao i pao na bini u Sloveniji, publika fu\u0107kala, a on povikao: 'Pivan ja i dalje!' - RADIO LJUBU\u0160KI","og_description":"Mladen Grdovi\u0107 (63) u petak je imao koncert povodom Dana vinogradara u Sloveniji. &#8216;Pengula sam bio ja&#8217;, orilo se se na bini samo trenutak prije nego \u0161to se pjeva\u010d okrenuo prema bendu, zateturao i pao.&nbsp; Sude\u0107i prema snimci koja se \u0161iri dru\u0161tvenim mre\u017eama, pjeva\u010d nije imao nikakvu kontrolu nad svojim tijelom. Nakon \u0161to je pao [&hellip;]","og_url":"https:\/\/radioljubuski.ba\/index.php\/2022\/05\/23\/grdovic-zateturao-i-pao-na-bini-u-sloveniji-publika-fuckala-a-on-povikao-pivan-ja-i-dalje\/","og_site_name":"RADIO LJUBU\u0160KI","article_publisher":"https:\/\/www.facebook.com\/Radiio-Ljubuski-1490835324566332","article_published_time":"2022-05-23T09:53:12+00:00","article_modified_time":"2022-05-23T09:53:13+00:00","og_image":[{"width":1000,"height":625,"url":"https:\/\/radioljubuski.ba\/wp-content\/uploads\/2022\/05\/2-2022-05-22-11-32-12-grdovic.jpg","type":"image\/jpeg"}],"author":"Radio Ljubu\u0161ki","twitter_card":"summary_large_image","twitter_creator":"@radioljubuski","twitter_site":"@radioljubuski","twitter_misc":{"Napisao\/la":"Radio Ljubu\u0161ki","Procijenjeno vrijeme \u010ditanja":"1 minuta"},"schema":{"@context":"https:\/\/schema.org","@graph":[{"@type":"Article","@id":"https:\/\/radioljubuski.ba\/index.php\/2022\/05\/23\/grdovic-zateturao-i-pao-na-bini-u-sloveniji-publika-fuckala-a-on-povikao-pivan-ja-i-dalje\/#article","isPartOf":{"@id":"https:\/\/radioljubuski.ba\/index.php\/2022\/05\/23\/grdovic-zateturao-i-pao-na-bini-u-sloveniji-publika-fuckala-a-on-povikao-pivan-ja-i-dalje\/"},"author":{"name":"Radio Ljubu\u0161ki","@id":"https:\/\/radioljubuski.ba\/#\/schema\/person\/19fc700381a780f69665d7956c469e3b"},"headline":"Grdovi\u0107 zateturao i pao na bini u Sloveniji, publika fu\u0107kala, a on povikao: &#8216;Pivan ja i dalje!&#8217;","datePublished":"2022-05-23T09:53:12+00:00","dateModified":"2022-05-23T09:53:13+00:00","mainEntityOfPage":{"@id":"https:\/\/radioljubuski.ba\/index.php\/2022\/05\/23\/grdovic-zateturao-i-pao-na-bini-u-sloveniji-publika-fuckala-a-on-povikao-pivan-ja-i-dalje\/"},"wordCount":233,"publisher":{"@id":"https:\/\/radioljubuski.ba\/#organization"},"image":{"@id":"https:\/\/radioljubuski.ba\/index.php\/2022\/05\/23\/grdovic-zateturao-i-pao-na-bini-u-sloveniji-publika-fuckala-a-on-povikao-pivan-ja-i-dalje\/#primaryimage"},"thumbnailUrl":"https:\/\/radioljubuski.ba\/wp-content\/uploads\/2022\/05\/2-2022-05-22-11-32-12-grdovic.jpg","articleSection":["BIH i regija"],"inLanguage":"hr"},{"@type":"WebPage","@id":"https:\/\/radioljubuski.ba\/index.php\/2022\/05\/23\/grdovic-zateturao-i-pao-na-bini-u-sloveniji-publika-fuckala-a-on-povikao-pivan-ja-i-dalje\/","url":"https:\/\/radioljubuski.ba\/index.php\/2022\/05\/23\/grdovic-zateturao-i-pao-na-bini-u-sloveniji-publika-fuckala-a-on-povikao-pivan-ja-i-dalje\/","name":"Grdovi\u0107 zateturao i pao na bini u Sloveniji, publika fu\u0107kala, a on povikao: 'Pivan ja i dalje!' - RADIO LJUBU\u0160KI","isPartOf":{"@id":"https:\/\/radioljubuski.ba\/#website"},"primaryImageOfPage":{"@id":"https:\/\/radioljubuski.ba\/index.php\/2022\/05\/23\/grdovic-zateturao-i-pao-na-bini-u-sloveniji-publika-fuckala-a-on-povikao-pivan-ja-i-dalje\/#primaryimage"},"image":{"@id":"https:\/\/radioljubuski.ba\/index.php\/2022\/05\/23\/grdovic-zateturao-i-pao-na-bini-u-sloveniji-publika-fuckala-a-on-povikao-pivan-ja-i-dalje\/#primaryimage"},"thumbnailUrl":"https:\/\/radioljubuski.ba\/wp-content\/uploads\/2022\/05\/2-2022-05-22-11-32-12-grdovic.jpg","datePublished":"2022-05-23T09:53:12+00:00","dateModified":"2022-05-23T09:53:13+00:00","breadcrumb":{"@id":"https:\/\/radioljubuski.ba\/index.php\/2022\/05\/23\/grdovic-zateturao-i-pao-na-bini-u-sloveniji-publika-fuckala-a-on-povikao-pivan-ja-i-dalje\/#breadcrumb"},"inLanguage":"hr","potentialAction":[{"@type":"ReadAction","target":["https:\/\/radioljubuski.ba\/index.php\/2022\/05\/23\/grdovic-zateturao-i-pao-na-bini-u-sloveniji-publika-fuckala-a-on-povikao-pivan-ja-i-dalje\/"]}]},{"@type":"ImageObject","inLanguage":"hr","@id":"https:\/\/radioljubuski.ba\/index.php\/2022\/05\/23\/grdovic-zateturao-i-pao-na-bini-u-sloveniji-publika-fuckala-a-on-povikao-pivan-ja-i-dalje\/#primaryimage","url":"https:\/\/radioljubuski.ba\/wp-content\/uploads\/2022\/05\/2-2022-05-22-11-32-12-grdovic.jpg","contentUrl":"https:\/\/radioljubuski.ba\/wp-content\/uploads\/2022\/05\/2-2022-05-22-11-32-12-grdovic.jpg","width":1000,"height":625},{"@type":"BreadcrumbList","@id":"https:\/\/radioljubuski.ba\/index.php\/2022\/05\/23\/grdovic-zateturao-i-pao-na-bini-u-sloveniji-publika-fuckala-a-on-povikao-pivan-ja-i-dalje\/#breadcrumb","itemListElement":[{"@type":"ListItem","position":1,"name":"Po\u010detna stranica","item":"https:\/\/radioljubuski.ba\/"},{"@type":"ListItem","position":2,"name":"Grdovi\u0107 zateturao i pao na bini u Sloveniji, publika fu\u0107kala, a on povikao: &#8216;Pivan ja i dalje!&#8217;"}]},{"@type":"WebSite","@id":"https:\/\/radioljubuski.ba\/#website","url":"https:\/\/radioljubuski.ba\/","name":"Radio Ljubu\u0161ki","description":"Sun\u010dana frekvencija Hercegovine","publisher":{"@id":"https:\/\/radioljubuski.ba\/#organization"},"potentialAction":[{"@type":"SearchAction","target":{"@type":"EntryPoint","urlTemplate":"https:\/\/radioljubuski.ba\/?s={search_term_string}"},"query-input":{"@type":"PropertyValueSpecification","valueRequired":true,"valueName":"search_term_string"}}],"inLanguage":"hr"},{"@type":"Organization","@id":"https:\/\/radioljubuski.ba\/#organization","name":"Radio Ljubu\u0161ki","url":"https:\/\/radioljubuski.ba\/","logo":{"@type":"ImageObject","inLanguage":"hr","@id":"https:\/\/radioljubuski.ba\/#\/schema\/logo\/image\/","url":"https:\/\/radioljubuski.ba\/wp-content\/uploads\/2021\/02\/cropped-Radio_Ljubuski_logo1.jpg","contentUrl":"https:\/\/radioljubuski.ba\/wp-content\/uploads\/2021\/02\/cropped-Radio_Ljubuski_logo1.jpg","width":512,"height":512,"caption":"Radio Ljubu\u0161ki"},"image":{"@id":"https:\/\/radioljubuski.ba\/#\/schema\/logo\/image\/"},"sameAs":["https:\/\/www.facebook.com\/Radiio-Ljubuski-1490835324566332","https:\/\/x.com\/radioljubuski","https:\/\/hr.linkedin.com\/company\/radio-ljubuski","https:\/\/www.youtube.com\/channel\/UCHYaeO_n0Db3tjNGudGpXyw"]},{"@type":"Person","@id":"https:\/\/radioljubuski.ba\/#\/schema\/person\/19fc700381a780f69665d7956c469e3b","name":"Radio Ljubu\u0161ki"}]}},"_links":{"self":[{"href":"https:\/\/radioljubuski.ba\/index.php\/wp-json\/wp\/v2\/posts\/143319","targetHints":{"allow":["GET"]}}],"collection":[{"href":"https:\/\/radioljubuski.ba\/index.php\/wp-json\/wp\/v2\/posts"}],"about":[{"href":"https:\/\/radioljubuski.ba\/index.php\/wp-json\/wp\/v2\/types\/post"}],"author":[{"embeddable":true,"href":"https:\/\/radioljubuski.ba\/index.php\/wp-json\/wp\/v2\/users\/2"}],"replies":[{"embeddable":true,"href":"https:\/\/radioljubuski.ba\/index.php\/wp-json\/wp\/v2\/comments?post=143319"}],"version-history":[{"count":1,"href":"https:\/\/radioljubuski.ba\/index.php\/wp-json\/wp\/v2\/posts\/143319\/revisions"}],"predecessor-version":[{"id":143321,"href":"https:\/\/radioljubuski.ba\/index.php\/wp-json\/wp\/v2\/posts\/143319\/revisions\/143321"}],"wp:featuredmedia":[{"embeddable":true,"href":"https:\/\/radioljubuski.ba\/index.php\/wp-json\/wp\/v2\/media\/143320"}],"wp:attachment":[{"href":"https:\/\/radioljubuski.ba\/index.php\/wp-json\/wp\/v2\/media?parent=143319"}],"wp:term":[{"taxonomy":"category","embeddable":true,"href":"https:\/\/radioljubuski.ba\/index.php\/wp-json\/wp\/v2\/categories?post=143319"},{"taxonomy":"post_tag","embeddable":true,"href":"https:\/\/radioljubuski.ba\/index.php\/wp-json\/wp\/v2\/tags?post=143319"}],"curies":[{"name":"wp","href":"https:\/\/api.w.org\/{rel}","templated":true}]}}