{"id":143322,"date":"2022-05-23T10:54:30","date_gmt":"2022-05-23T09:54:30","guid":{"rendered":"https:\/\/radioljubuski.ba\/?p=143322"},"modified":"2022-05-23T10:54:31","modified_gmt":"2022-05-23T09:54:31","slug":"gradani-njemackog-grada-moraju-tri-mjeseca-macke-drzati-iskljucivo-u-kuci","status":"publish","type":"post","link":"https:\/\/radioljubuski.ba\/index.php\/2022\/05\/23\/gradani-njemackog-grada-moraju-tri-mjeseca-macke-drzati-iskljucivo-u-kuci\/","title":{"rendered":"Gra\u0111ani njema\u010dkog grada moraju tri mjeseca ma\u010dke dr\u017eati isklju\u010divo u ku\u0107i"},"content":{"rendered":"\n<p>Vlasnici ma\u010daka u njema\u010dkom gradu Walldorfu obavezani su da do kraja kolovoza svoje ljubimce dr\u017ee isklju\u010divo u ku\u0107i kako bi se tijekom sezone razmno\u017eavanja za\u0161titila rijetka vrsta ptice &#8211; \u0161eva.<\/p>\n\n\n\n<p><br>Rije\u010d je o vrsti koja gnijezdo pravi na tlu, pa je zbog toga vrlo lak plijen za ma\u010dke. Prema pisanju Euronewsa, populacija ptica u zapadnoj Europi posljednjih nekoliko desetlje\u0107a se znatno smanjuje. Me\u0111unarodni savez za konzervaciju prirode (IUCN) je neke od njih istakao kao one za koje treba biti zabrinut, jer ih je sve manje.<\/p>\n\n\n\n<p>Vlasti Walldorfa su poru\u010dile da je svaka mjera bitna za opstanak \u0161eva. Tromjese\u010dna zabrana koja se odnosi na ma\u010dke primjenjivat \u0107e se u ju\u017enim dijelovima grada.<\/p>\n\n\n\n<p>Vlasnici ma\u010daka, koji budu kr\u0161ili ovu zabranu, bit \u0107e nov\u010dano ka\u017enjeni. Ako ljubimca puste izvan doma, bit \u0107e ka\u017enjeni s 500 eura. Ako ma\u010dka usmrti pticu, bit \u0107e ka\u017enjeni s 50.000 eura.<\/p>\n\n\n\n<p>Me\u0111utim, iz najve\u0107e njema\u010dke organizacije za za\u0161titu \u017eivotinja Deutscher Tierschutzbund upozorili su da onemogu\u0107avanje ma\u010daka da izlaze vani kod njih uzrokuje stres. Odluku lokalnih vlasti ocijenili su kao kontroverznom.<\/p>\n\n\n\n<p>Pojedine druge organizacije pozdravile su odluku da se za\u0161titi spomenuta vrsta ptice, ali smatraju da to ne smije biti na \u0161tetu drugih \u017eivotinja. Ukazuju da je \u010dovjek isklju\u010divo krivac za to \u0161to je ta ptica ugro\u017eena. Prema pojedinim studijama, vlasni\u010dke ma\u010dke usmrte manji broj ptica, prenosi Euronews.<\/p>\n\n\n\n<p>Izvor:pogled.ba<\/p>\n","protected":false},"excerpt":{"rendered":"<p>Vlasnici ma\u010daka u njema\u010dkom gradu Walldorfu obavezani su da do kraja kolovoza svoje ljubimce dr\u017ee isklju\u010divo u ku\u0107i kako bi se tijekom sezone razmno\u017eavanja za\u0161titila rijetka vrsta ptice &#8211; \u0161eva. Rije\u010d je o vrsti koja gnijezdo pravi na tlu, pa je zbog toga vrlo lak plijen za ma\u010dke. Prema pisanju Euronewsa, populacija ptica u zapadnoj [&hellip;]<\/p>\n","protected":false},"author":2,"featured_media":143323,"comment_status":"closed","ping_status":"closed","sticky":false,"template":"","format":"standard","meta":{"h5ap_radio_sources":[],"footnotes":""},"categories":[1],"tags":[],"class_list":["post-143322","post","type-post","status-publish","format-standard","has-post-thumbnail","hentry","category-bihiregija"],"yoast_head":"<!-- This site is optimized with the Yoast SEO plugin v27.5 - https:\/\/yoast.com\/product\/yoast-seo-wordpress\/ -->\n<title>Gra\u0111ani njema\u010dkog grada moraju tri mjeseca ma\u010dke dr\u017eati isklju\u010divo u ku\u0107i - RADIO LJUBU\u0160KI<\/title>\n<meta name=\"robots\" content=\"index, follow, max-snippet:-1, max-image-preview:large, max-video-preview:-1\" \/>\n<link rel=\"canonical\" href=\"https:\/\/radioljubuski.ba\/index.php\/2022\/05\/23\/gradani-njemackog-grada-moraju-tri-mjeseca-macke-drzati-iskljucivo-u-kuci\/\" \/>\n<meta property=\"og:locale\" content=\"hr_HR\" \/>\n<meta property=\"og:type\" content=\"article\" \/>\n<meta property=\"og:title\" content=\"Gra\u0111ani njema\u010dkog grada moraju tri mjeseca ma\u010dke dr\u017eati isklju\u010divo u ku\u0107i - RADIO LJUBU\u0160KI\" \/>\n<meta property=\"og:description\" content=\"Vlasnici ma\u010daka u njema\u010dkom gradu Walldorfu obavezani su da do kraja kolovoza svoje ljubimce dr\u017ee isklju\u010divo u ku\u0107i kako bi se tijekom sezone razmno\u017eavanja za\u0161titila rijetka vrsta ptice &#8211; \u0161eva. Rije\u010d je o vrsti koja gnijezdo pravi na tlu, pa je zbog toga vrlo lak plijen za ma\u010dke. Prema pisanju Euronewsa, populacija ptica u zapadnoj [&hellip;]\" \/>\n<meta property=\"og:url\" content=\"https:\/\/radioljubuski.ba\/index.php\/2022\/05\/23\/gradani-njemackog-grada-moraju-tri-mjeseca-macke-drzati-iskljucivo-u-kuci\/\" \/>\n<meta property=\"og:site_name\" content=\"RADIO LJUBU\u0160KI\" \/>\n<meta property=\"article:publisher\" content=\"https:\/\/www.facebook.com\/Radiio-Ljubuski-1490835324566332\" \/>\n<meta property=\"article:published_time\" content=\"2022-05-23T09:54:30+00:00\" \/>\n<meta property=\"article:modified_time\" content=\"2022-05-23T09:54:31+00:00\" \/>\n<meta property=\"og:image\" content=\"https:\/\/radioljubuski.ba\/wp-content\/uploads\/2022\/05\/8-2022-05-22-17-42-36-622136c90d7da-Macka.jpg\" \/>\n\t<meta property=\"og:image:width\" content=\"1000\" \/>\n\t<meta property=\"og:image:height\" content=\"625\" \/>\n\t<meta property=\"og:image:type\" content=\"image\/jpeg\" \/>\n<meta name=\"author\" content=\"Radio Ljubu\u0161ki\" \/>\n<meta name=\"twitter:card\" content=\"summary_large_image\" \/>\n<meta name=\"twitter:creator\" content=\"@radioljubuski\" \/>\n<meta name=\"twitter:site\" content=\"@radioljubuski\" \/>\n<meta name=\"twitter:label1\" content=\"Napisao\/la\" \/>\n\t<meta name=\"twitter:data1\" content=\"Radio Ljubu\u0161ki\" \/>\n\t<meta name=\"twitter:label2\" content=\"Procijenjeno vrijeme \u010ditanja\" \/>\n\t<meta name=\"twitter:data2\" content=\"1 minuta\" \/>\n<script type=\"application\/ld+json\" class=\"yoast-schema-graph\">{\"@context\":\"https:\\\/\\\/schema.org\",\"@graph\":[{\"@type\":\"Article\",\"@id\":\"https:\\\/\\\/radioljubuski.ba\\\/index.php\\\/2022\\\/05\\\/23\\\/gradani-njemackog-grada-moraju-tri-mjeseca-macke-drzati-iskljucivo-u-kuci\\\/#article\",\"isPartOf\":{\"@id\":\"https:\\\/\\\/radioljubuski.ba\\\/index.php\\\/2022\\\/05\\\/23\\\/gradani-njemackog-grada-moraju-tri-mjeseca-macke-drzati-iskljucivo-u-kuci\\\/\"},\"author\":{\"name\":\"Radio Ljubu\u0161ki\",\"@id\":\"https:\\\/\\\/radioljubuski.ba\\\/#\\\/schema\\\/person\\\/19fc700381a780f69665d7956c469e3b\"},\"headline\":\"Gra\u0111ani njema\u010dkog grada moraju tri mjeseca ma\u010dke dr\u017eati isklju\u010divo u ku\u0107i\",\"datePublished\":\"2022-05-23T09:54:30+00:00\",\"dateModified\":\"2022-05-23T09:54:31+00:00\",\"mainEntityOfPage\":{\"@id\":\"https:\\\/\\\/radioljubuski.ba\\\/index.php\\\/2022\\\/05\\\/23\\\/gradani-njemackog-grada-moraju-tri-mjeseca-macke-drzati-iskljucivo-u-kuci\\\/\"},\"wordCount\":269,\"publisher\":{\"@id\":\"https:\\\/\\\/radioljubuski.ba\\\/#organization\"},\"image\":{\"@id\":\"https:\\\/\\\/radioljubuski.ba\\\/index.php\\\/2022\\\/05\\\/23\\\/gradani-njemackog-grada-moraju-tri-mjeseca-macke-drzati-iskljucivo-u-kuci\\\/#primaryimage\"},\"thumbnailUrl\":\"https:\\\/\\\/radioljubuski.ba\\\/wp-content\\\/uploads\\\/2022\\\/05\\\/8-2022-05-22-17-42-36-622136c90d7da-Macka.jpg\",\"articleSection\":[\"BIH i regija\"],\"inLanguage\":\"hr\"},{\"@type\":\"WebPage\",\"@id\":\"https:\\\/\\\/radioljubuski.ba\\\/index.php\\\/2022\\\/05\\\/23\\\/gradani-njemackog-grada-moraju-tri-mjeseca-macke-drzati-iskljucivo-u-kuci\\\/\",\"url\":\"https:\\\/\\\/radioljubuski.ba\\\/index.php\\\/2022\\\/05\\\/23\\\/gradani-njemackog-grada-moraju-tri-mjeseca-macke-drzati-iskljucivo-u-kuci\\\/\",\"name\":\"Gra\u0111ani njema\u010dkog grada moraju tri mjeseca ma\u010dke dr\u017eati isklju\u010divo u ku\u0107i - RADIO LJUBU\u0160KI\",\"isPartOf\":{\"@id\":\"https:\\\/\\\/radioljubuski.ba\\\/#website\"},\"primaryImageOfPage\":{\"@id\":\"https:\\\/\\\/radioljubuski.ba\\\/index.php\\\/2022\\\/05\\\/23\\\/gradani-njemackog-grada-moraju-tri-mjeseca-macke-drzati-iskljucivo-u-kuci\\\/#primaryimage\"},\"image\":{\"@id\":\"https:\\\/\\\/radioljubuski.ba\\\/index.php\\\/2022\\\/05\\\/23\\\/gradani-njemackog-grada-moraju-tri-mjeseca-macke-drzati-iskljucivo-u-kuci\\\/#primaryimage\"},\"thumbnailUrl\":\"https:\\\/\\\/radioljubuski.ba\\\/wp-content\\\/uploads\\\/2022\\\/05\\\/8-2022-05-22-17-42-36-622136c90d7da-Macka.jpg\",\"datePublished\":\"2022-05-23T09:54:30+00:00\",\"dateModified\":\"2022-05-23T09:54:31+00:00\",\"breadcrumb\":{\"@id\":\"https:\\\/\\\/radioljubuski.ba\\\/index.php\\\/2022\\\/05\\\/23\\\/gradani-njemackog-grada-moraju-tri-mjeseca-macke-drzati-iskljucivo-u-kuci\\\/#breadcrumb\"},\"inLanguage\":\"hr\",\"potentialAction\":[{\"@type\":\"ReadAction\",\"target\":[\"https:\\\/\\\/radioljubuski.ba\\\/index.php\\\/2022\\\/05\\\/23\\\/gradani-njemackog-grada-moraju-tri-mjeseca-macke-drzati-iskljucivo-u-kuci\\\/\"]}]},{\"@type\":\"ImageObject\",\"inLanguage\":\"hr\",\"@id\":\"https:\\\/\\\/radioljubuski.ba\\\/index.php\\\/2022\\\/05\\\/23\\\/gradani-njemackog-grada-moraju-tri-mjeseca-macke-drzati-iskljucivo-u-kuci\\\/#primaryimage\",\"url\":\"https:\\\/\\\/radioljubuski.ba\\\/wp-content\\\/uploads\\\/2022\\\/05\\\/8-2022-05-22-17-42-36-622136c90d7da-Macka.jpg\",\"contentUrl\":\"https:\\\/\\\/radioljubuski.ba\\\/wp-content\\\/uploads\\\/2022\\\/05\\\/8-2022-05-22-17-42-36-622136c90d7da-Macka.jpg\",\"width\":1000,\"height\":625},{\"@type\":\"BreadcrumbList\",\"@id\":\"https:\\\/\\\/radioljubuski.ba\\\/index.php\\\/2022\\\/05\\\/23\\\/gradani-njemackog-grada-moraju-tri-mjeseca-macke-drzati-iskljucivo-u-kuci\\\/#breadcrumb\",\"itemListElement\":[{\"@type\":\"ListItem\",\"position\":1,\"name\":\"Po\u010detna stranica\",\"item\":\"https:\\\/\\\/radioljubuski.ba\\\/\"},{\"@type\":\"ListItem\",\"position\":2,\"name\":\"Gra\u0111ani njema\u010dkog grada moraju tri mjeseca ma\u010dke dr\u017eati isklju\u010divo u ku\u0107i\"}]},{\"@type\":\"WebSite\",\"@id\":\"https:\\\/\\\/radioljubuski.ba\\\/#website\",\"url\":\"https:\\\/\\\/radioljubuski.ba\\\/\",\"name\":\"Radio Ljubu\u0161ki\",\"description\":\"Sun\u010dana frekvencija Hercegovine\",\"publisher\":{\"@id\":\"https:\\\/\\\/radioljubuski.ba\\\/#organization\"},\"potentialAction\":[{\"@type\":\"SearchAction\",\"target\":{\"@type\":\"EntryPoint\",\"urlTemplate\":\"https:\\\/\\\/radioljubuski.ba\\\/?s={search_term_string}\"},\"query-input\":{\"@type\":\"PropertyValueSpecification\",\"valueRequired\":true,\"valueName\":\"search_term_string\"}}],\"inLanguage\":\"hr\"},{\"@type\":\"Organization\",\"@id\":\"https:\\\/\\\/radioljubuski.ba\\\/#organization\",\"name\":\"Radio Ljubu\u0161ki\",\"url\":\"https:\\\/\\\/radioljubuski.ba\\\/\",\"logo\":{\"@type\":\"ImageObject\",\"inLanguage\":\"hr\",\"@id\":\"https:\\\/\\\/radioljubuski.ba\\\/#\\\/schema\\\/logo\\\/image\\\/\",\"url\":\"https:\\\/\\\/radioljubuski.ba\\\/wp-content\\\/uploads\\\/2021\\\/02\\\/cropped-Radio_Ljubuski_logo1.jpg\",\"contentUrl\":\"https:\\\/\\\/radioljubuski.ba\\\/wp-content\\\/uploads\\\/2021\\\/02\\\/cropped-Radio_Ljubuski_logo1.jpg\",\"width\":512,\"height\":512,\"caption\":\"Radio Ljubu\u0161ki\"},\"image\":{\"@id\":\"https:\\\/\\\/radioljubuski.ba\\\/#\\\/schema\\\/logo\\\/image\\\/\"},\"sameAs\":[\"https:\\\/\\\/www.facebook.com\\\/Radiio-Ljubuski-1490835324566332\",\"https:\\\/\\\/x.com\\\/radioljubuski\",\"https:\\\/\\\/hr.linkedin.com\\\/company\\\/radio-ljubuski\",\"https:\\\/\\\/www.youtube.com\\\/channel\\\/UCHYaeO_n0Db3tjNGudGpXyw\"]},{\"@type\":\"Person\",\"@id\":\"https:\\\/\\\/radioljubuski.ba\\\/#\\\/schema\\\/person\\\/19fc700381a780f69665d7956c469e3b\",\"name\":\"Radio Ljubu\u0161ki\"}]}<\/script>\n<!-- \/ Yoast SEO plugin. -->","yoast_head_json":{"title":"Gra\u0111ani njema\u010dkog grada moraju tri mjeseca ma\u010dke dr\u017eati isklju\u010divo u ku\u0107i - RADIO LJUBU\u0160KI","robots":{"index":"index","follow":"follow","max-snippet":"max-snippet:-1","max-image-preview":"max-image-preview:large","max-video-preview":"max-video-preview:-1"},"canonical":"https:\/\/radioljubuski.ba\/index.php\/2022\/05\/23\/gradani-njemackog-grada-moraju-tri-mjeseca-macke-drzati-iskljucivo-u-kuci\/","og_locale":"hr_HR","og_type":"article","og_title":"Gra\u0111ani njema\u010dkog grada moraju tri mjeseca ma\u010dke dr\u017eati isklju\u010divo u ku\u0107i - RADIO LJUBU\u0160KI","og_description":"Vlasnici ma\u010daka u njema\u010dkom gradu Walldorfu obavezani su da do kraja kolovoza svoje ljubimce dr\u017ee isklju\u010divo u ku\u0107i kako bi se tijekom sezone razmno\u017eavanja za\u0161titila rijetka vrsta ptice &#8211; \u0161eva. Rije\u010d je o vrsti koja gnijezdo pravi na tlu, pa je zbog toga vrlo lak plijen za ma\u010dke. Prema pisanju Euronewsa, populacija ptica u zapadnoj [&hellip;]","og_url":"https:\/\/radioljubuski.ba\/index.php\/2022\/05\/23\/gradani-njemackog-grada-moraju-tri-mjeseca-macke-drzati-iskljucivo-u-kuci\/","og_site_name":"RADIO LJUBU\u0160KI","article_publisher":"https:\/\/www.facebook.com\/Radiio-Ljubuski-1490835324566332","article_published_time":"2022-05-23T09:54:30+00:00","article_modified_time":"2022-05-23T09:54:31+00:00","og_image":[{"width":1000,"height":625,"url":"https:\/\/radioljubuski.ba\/wp-content\/uploads\/2022\/05\/8-2022-05-22-17-42-36-622136c90d7da-Macka.jpg","type":"image\/jpeg"}],"author":"Radio Ljubu\u0161ki","twitter_card":"summary_large_image","twitter_creator":"@radioljubuski","twitter_site":"@radioljubuski","twitter_misc":{"Napisao\/la":"Radio Ljubu\u0161ki","Procijenjeno vrijeme \u010ditanja":"1 minuta"},"schema":{"@context":"https:\/\/schema.org","@graph":[{"@type":"Article","@id":"https:\/\/radioljubuski.ba\/index.php\/2022\/05\/23\/gradani-njemackog-grada-moraju-tri-mjeseca-macke-drzati-iskljucivo-u-kuci\/#article","isPartOf":{"@id":"https:\/\/radioljubuski.ba\/index.php\/2022\/05\/23\/gradani-njemackog-grada-moraju-tri-mjeseca-macke-drzati-iskljucivo-u-kuci\/"},"author":{"name":"Radio Ljubu\u0161ki","@id":"https:\/\/radioljubuski.ba\/#\/schema\/person\/19fc700381a780f69665d7956c469e3b"},"headline":"Gra\u0111ani njema\u010dkog grada moraju tri mjeseca ma\u010dke dr\u017eati isklju\u010divo u ku\u0107i","datePublished":"2022-05-23T09:54:30+00:00","dateModified":"2022-05-23T09:54:31+00:00","mainEntityOfPage":{"@id":"https:\/\/radioljubuski.ba\/index.php\/2022\/05\/23\/gradani-njemackog-grada-moraju-tri-mjeseca-macke-drzati-iskljucivo-u-kuci\/"},"wordCount":269,"publisher":{"@id":"https:\/\/radioljubuski.ba\/#organization"},"image":{"@id":"https:\/\/radioljubuski.ba\/index.php\/2022\/05\/23\/gradani-njemackog-grada-moraju-tri-mjeseca-macke-drzati-iskljucivo-u-kuci\/#primaryimage"},"thumbnailUrl":"https:\/\/radioljubuski.ba\/wp-content\/uploads\/2022\/05\/8-2022-05-22-17-42-36-622136c90d7da-Macka.jpg","articleSection":["BIH i regija"],"inLanguage":"hr"},{"@type":"WebPage","@id":"https:\/\/radioljubuski.ba\/index.php\/2022\/05\/23\/gradani-njemackog-grada-moraju-tri-mjeseca-macke-drzati-iskljucivo-u-kuci\/","url":"https:\/\/radioljubuski.ba\/index.php\/2022\/05\/23\/gradani-njemackog-grada-moraju-tri-mjeseca-macke-drzati-iskljucivo-u-kuci\/","name":"Gra\u0111ani njema\u010dkog grada moraju tri mjeseca ma\u010dke dr\u017eati isklju\u010divo u ku\u0107i - RADIO LJUBU\u0160KI","isPartOf":{"@id":"https:\/\/radioljubuski.ba\/#website"},"primaryImageOfPage":{"@id":"https:\/\/radioljubuski.ba\/index.php\/2022\/05\/23\/gradani-njemackog-grada-moraju-tri-mjeseca-macke-drzati-iskljucivo-u-kuci\/#primaryimage"},"image":{"@id":"https:\/\/radioljubuski.ba\/index.php\/2022\/05\/23\/gradani-njemackog-grada-moraju-tri-mjeseca-macke-drzati-iskljucivo-u-kuci\/#primaryimage"},"thumbnailUrl":"https:\/\/radioljubuski.ba\/wp-content\/uploads\/2022\/05\/8-2022-05-22-17-42-36-622136c90d7da-Macka.jpg","datePublished":"2022-05-23T09:54:30+00:00","dateModified":"2022-05-23T09:54:31+00:00","breadcrumb":{"@id":"https:\/\/radioljubuski.ba\/index.php\/2022\/05\/23\/gradani-njemackog-grada-moraju-tri-mjeseca-macke-drzati-iskljucivo-u-kuci\/#breadcrumb"},"inLanguage":"hr","potentialAction":[{"@type":"ReadAction","target":["https:\/\/radioljubuski.ba\/index.php\/2022\/05\/23\/gradani-njemackog-grada-moraju-tri-mjeseca-macke-drzati-iskljucivo-u-kuci\/"]}]},{"@type":"ImageObject","inLanguage":"hr","@id":"https:\/\/radioljubuski.ba\/index.php\/2022\/05\/23\/gradani-njemackog-grada-moraju-tri-mjeseca-macke-drzati-iskljucivo-u-kuci\/#primaryimage","url":"https:\/\/radioljubuski.ba\/wp-content\/uploads\/2022\/05\/8-2022-05-22-17-42-36-622136c90d7da-Macka.jpg","contentUrl":"https:\/\/radioljubuski.ba\/wp-content\/uploads\/2022\/05\/8-2022-05-22-17-42-36-622136c90d7da-Macka.jpg","width":1000,"height":625},{"@type":"BreadcrumbList","@id":"https:\/\/radioljubuski.ba\/index.php\/2022\/05\/23\/gradani-njemackog-grada-moraju-tri-mjeseca-macke-drzati-iskljucivo-u-kuci\/#breadcrumb","itemListElement":[{"@type":"ListItem","position":1,"name":"Po\u010detna stranica","item":"https:\/\/radioljubuski.ba\/"},{"@type":"ListItem","position":2,"name":"Gra\u0111ani njema\u010dkog grada moraju tri mjeseca ma\u010dke dr\u017eati isklju\u010divo u ku\u0107i"}]},{"@type":"WebSite","@id":"https:\/\/radioljubuski.ba\/#website","url":"https:\/\/radioljubuski.ba\/","name":"Radio Ljubu\u0161ki","description":"Sun\u010dana frekvencija Hercegovine","publisher":{"@id":"https:\/\/radioljubuski.ba\/#organization"},"potentialAction":[{"@type":"SearchAction","target":{"@type":"EntryPoint","urlTemplate":"https:\/\/radioljubuski.ba\/?s={search_term_string}"},"query-input":{"@type":"PropertyValueSpecification","valueRequired":true,"valueName":"search_term_string"}}],"inLanguage":"hr"},{"@type":"Organization","@id":"https:\/\/radioljubuski.ba\/#organization","name":"Radio Ljubu\u0161ki","url":"https:\/\/radioljubuski.ba\/","logo":{"@type":"ImageObject","inLanguage":"hr","@id":"https:\/\/radioljubuski.ba\/#\/schema\/logo\/image\/","url":"https:\/\/radioljubuski.ba\/wp-content\/uploads\/2021\/02\/cropped-Radio_Ljubuski_logo1.jpg","contentUrl":"https:\/\/radioljubuski.ba\/wp-content\/uploads\/2021\/02\/cropped-Radio_Ljubuski_logo1.jpg","width":512,"height":512,"caption":"Radio Ljubu\u0161ki"},"image":{"@id":"https:\/\/radioljubuski.ba\/#\/schema\/logo\/image\/"},"sameAs":["https:\/\/www.facebook.com\/Radiio-Ljubuski-1490835324566332","https:\/\/x.com\/radioljubuski","https:\/\/hr.linkedin.com\/company\/radio-ljubuski","https:\/\/www.youtube.com\/channel\/UCHYaeO_n0Db3tjNGudGpXyw"]},{"@type":"Person","@id":"https:\/\/radioljubuski.ba\/#\/schema\/person\/19fc700381a780f69665d7956c469e3b","name":"Radio Ljubu\u0161ki"}]}},"_links":{"self":[{"href":"https:\/\/radioljubuski.ba\/index.php\/wp-json\/wp\/v2\/posts\/143322","targetHints":{"allow":["GET"]}}],"collection":[{"href":"https:\/\/radioljubuski.ba\/index.php\/wp-json\/wp\/v2\/posts"}],"about":[{"href":"https:\/\/radioljubuski.ba\/index.php\/wp-json\/wp\/v2\/types\/post"}],"author":[{"embeddable":true,"href":"https:\/\/radioljubuski.ba\/index.php\/wp-json\/wp\/v2\/users\/2"}],"replies":[{"embeddable":true,"href":"https:\/\/radioljubuski.ba\/index.php\/wp-json\/wp\/v2\/comments?post=143322"}],"version-history":[{"count":1,"href":"https:\/\/radioljubuski.ba\/index.php\/wp-json\/wp\/v2\/posts\/143322\/revisions"}],"predecessor-version":[{"id":143324,"href":"https:\/\/radioljubuski.ba\/index.php\/wp-json\/wp\/v2\/posts\/143322\/revisions\/143324"}],"wp:featuredmedia":[{"embeddable":true,"href":"https:\/\/radioljubuski.ba\/index.php\/wp-json\/wp\/v2\/media\/143323"}],"wp:attachment":[{"href":"https:\/\/radioljubuski.ba\/index.php\/wp-json\/wp\/v2\/media?parent=143322"}],"wp:term":[{"taxonomy":"category","embeddable":true,"href":"https:\/\/radioljubuski.ba\/index.php\/wp-json\/wp\/v2\/categories?post=143322"},{"taxonomy":"post_tag","embeddable":true,"href":"https:\/\/radioljubuski.ba\/index.php\/wp-json\/wp\/v2\/tags?post=143322"}],"curies":[{"name":"wp","href":"https:\/\/api.w.org\/{rel}","templated":true}]}}