{"id":143334,"date":"2022-05-23T11:04:12","date_gmt":"2022-05-23T10:04:12","guid":{"rendered":"https:\/\/radioljubuski.ba\/?p=143334"},"modified":"2022-05-23T11:06:42","modified_gmt":"2022-05-23T10:06:42","slug":"banja-luka-odradio-generalnu-probu-svoje-sahrane-video","status":"publish","type":"post","link":"https:\/\/radioljubuski.ba\/index.php\/2022\/05\/23\/banja-luka-odradio-generalnu-probu-svoje-sahrane-video\/","title":{"rendered":"Banja Luka: Odradio generalnu probu svoje sahrane &#8211; video"},"content":{"rendered":"\n<p><strong>Banjalu\u010danin Miladin Jeli\u0107 postao je hit na dru\u0161tvenim mre\u017eama. Naime, on je odlu\u010dio da sebi napravi grobnicu dok je \u017eiv, a o\u010dito se \u017eelio uvjeriti kako bi to izgledalo, pa je napravio \u201cgeneralnu probu\u201d vlastite sahrane.<\/strong><\/p>\n\n\n\n<p>On je poznat, kako ka\u017eu njegovi poznanici, po tome \u0161to od svega napravi \u0161ou, pa ih tako ni \u201cgeneralna proba\u201d vlastite sahrane nije iznenadila. Na dru\u0161tvenim mre\u017eama je objavljen video na kojem Jeli\u0107 isprobava grobnicu, a dvojica radnika nari\u010du za njim, pi\u0161u Livnovine.com.<\/p>\n\n\n\n<p>Kako je rekao za BL portal, nakon zavr\u0161etka radova napravili su malu \u0161alu, a kazao je da je radnicima dao po 100 KM da kukaju za njim. Ina\u010de, Miladin Jeli\u0107 je poznat kao Maza, vlasnik je istoimenog kafi\u0107a u Banjoj Luci. Ka\u017ee da mu dolaze i estradne zvijezde, poput Sa\u0161e Mati\u0107a, jer se tu dobro osje\u0107aju.<\/p>\n\n\n\n<blockquote class=\"twitter-tweet\"><p dir=\"ltr\" lang=\"und\">Hit snimak iz Banjaluke: Kako je Maza organizovao \u201cgeneralnu probu\u201d svoje sahrane VIDEO<br><br>Vi\u0161e informacija na <a href=\"https:\/\/t.co\/5UQaDLoAOw\">https:\/\/t.co\/5UQaDLoAOw<\/a> <a href=\"https:\/\/t.co\/MAplaXMd5J\">pic.twitter.com\/MAplaXMd5J<\/a><\/p>\u2014 BL Portal (@bl_portal) <a href=\"https:\/\/twitter.com\/bl_portal\/status\/1527282469195509761?ref_src=twsrc%5Etfw\">May 19, 2022<\/a><\/blockquote> <script async=\"\" src=\"https:\/\/platform.twitter.com\/widgets.js\" charset=\"utf-8\"><\/script>\n\n\n\n<p>\/HMS\/<\/p>\n","protected":false},"excerpt":{"rendered":"<p>Banjalu\u010danin Miladin Jeli\u0107 postao je hit na dru\u0161tvenim mre\u017eama. Naime, on je odlu\u010dio da sebi napravi grobnicu dok je \u017eiv, a o\u010dito se \u017eelio uvjeriti kako bi to izgledalo, pa je napravio \u201cgeneralnu probu\u201d vlastite sahrane. On je poznat, kako ka\u017eu njegovi poznanici, po tome \u0161to od svega napravi \u0161ou, pa ih tako ni \u201cgeneralna [&hellip;]<\/p>\n","protected":false},"author":2,"featured_media":143335,"comment_status":"closed","ping_status":"closed","sticky":false,"template":"","format":"standard","meta":{"h5ap_radio_sources":[],"footnotes":""},"categories":[1],"tags":[],"class_list":["post-143334","post","type-post","status-publish","format-standard","has-post-thumbnail","hentry","category-bihiregija"],"yoast_head":"<!-- This site is optimized with the Yoast SEO plugin v27.5 - https:\/\/yoast.com\/product\/yoast-seo-wordpress\/ -->\n<title>Banja Luka: Odradio generalnu probu svoje sahrane - video - RADIO LJUBU\u0160KI<\/title>\n<meta name=\"robots\" content=\"index, follow, max-snippet:-1, max-image-preview:large, max-video-preview:-1\" \/>\n<link rel=\"canonical\" href=\"https:\/\/radioljubuski.ba\/index.php\/2022\/05\/23\/banja-luka-odradio-generalnu-probu-svoje-sahrane-video\/\" \/>\n<meta property=\"og:locale\" content=\"hr_HR\" \/>\n<meta property=\"og:type\" content=\"article\" \/>\n<meta property=\"og:title\" content=\"Banja Luka: Odradio generalnu probu svoje sahrane - video - RADIO LJUBU\u0160KI\" \/>\n<meta property=\"og:description\" content=\"Banjalu\u010danin Miladin Jeli\u0107 postao je hit na dru\u0161tvenim mre\u017eama. Naime, on je odlu\u010dio da sebi napravi grobnicu dok je \u017eiv, a o\u010dito se \u017eelio uvjeriti kako bi to izgledalo, pa je napravio \u201cgeneralnu probu\u201d vlastite sahrane. On je poznat, kako ka\u017eu njegovi poznanici, po tome \u0161to od svega napravi \u0161ou, pa ih tako ni \u201cgeneralna [&hellip;]\" \/>\n<meta property=\"og:url\" content=\"https:\/\/radioljubuski.ba\/index.php\/2022\/05\/23\/banja-luka-odradio-generalnu-probu-svoje-sahrane-video\/\" \/>\n<meta property=\"og:site_name\" content=\"RADIO LJUBU\u0160KI\" \/>\n<meta property=\"article:publisher\" content=\"https:\/\/www.facebook.com\/Radiio-Ljubuski-1490835324566332\" \/>\n<meta property=\"article:published_time\" content=\"2022-05-23T10:04:12+00:00\" \/>\n<meta property=\"article:modified_time\" content=\"2022-05-23T10:06:42+00:00\" \/>\n<meta property=\"og:image\" content=\"https:\/\/radioljubuski.ba\/wp-content\/uploads\/2022\/05\/Untitled-1.png\" \/>\n\t<meta property=\"og:image:width\" content=\"640\" \/>\n\t<meta property=\"og:image:height\" content=\"336\" \/>\n\t<meta property=\"og:image:type\" content=\"image\/png\" \/>\n<meta name=\"author\" content=\"Radio Ljubu\u0161ki\" \/>\n<meta name=\"twitter:card\" content=\"summary_large_image\" \/>\n<meta name=\"twitter:creator\" content=\"@radioljubuski\" \/>\n<meta name=\"twitter:site\" content=\"@radioljubuski\" \/>\n<meta name=\"twitter:label1\" content=\"Napisao\/la\" \/>\n\t<meta name=\"twitter:data1\" content=\"Radio Ljubu\u0161ki\" \/>\n\t<meta name=\"twitter:label2\" content=\"Procijenjeno vrijeme \u010ditanja\" \/>\n\t<meta name=\"twitter:data2\" content=\"1 minuta\" \/>\n<script type=\"application\/ld+json\" class=\"yoast-schema-graph\">{\"@context\":\"https:\\\/\\\/schema.org\",\"@graph\":[{\"@type\":\"Article\",\"@id\":\"https:\\\/\\\/radioljubuski.ba\\\/index.php\\\/2022\\\/05\\\/23\\\/banja-luka-odradio-generalnu-probu-svoje-sahrane-video\\\/#article\",\"isPartOf\":{\"@id\":\"https:\\\/\\\/radioljubuski.ba\\\/index.php\\\/2022\\\/05\\\/23\\\/banja-luka-odradio-generalnu-probu-svoje-sahrane-video\\\/\"},\"author\":{\"name\":\"Radio Ljubu\u0161ki\",\"@id\":\"https:\\\/\\\/radioljubuski.ba\\\/#\\\/schema\\\/person\\\/19fc700381a780f69665d7956c469e3b\"},\"headline\":\"Banja Luka: Odradio generalnu probu svoje sahrane &#8211; video\",\"datePublished\":\"2022-05-23T10:04:12+00:00\",\"dateModified\":\"2022-05-23T10:06:42+00:00\",\"mainEntityOfPage\":{\"@id\":\"https:\\\/\\\/radioljubuski.ba\\\/index.php\\\/2022\\\/05\\\/23\\\/banja-luka-odradio-generalnu-probu-svoje-sahrane-video\\\/\"},\"wordCount\":193,\"publisher\":{\"@id\":\"https:\\\/\\\/radioljubuski.ba\\\/#organization\"},\"image\":{\"@id\":\"https:\\\/\\\/radioljubuski.ba\\\/index.php\\\/2022\\\/05\\\/23\\\/banja-luka-odradio-generalnu-probu-svoje-sahrane-video\\\/#primaryimage\"},\"thumbnailUrl\":\"https:\\\/\\\/radioljubuski.ba\\\/wp-content\\\/uploads\\\/2022\\\/05\\\/Untitled-1.png\",\"articleSection\":[\"BIH i regija\"],\"inLanguage\":\"hr\"},{\"@type\":\"WebPage\",\"@id\":\"https:\\\/\\\/radioljubuski.ba\\\/index.php\\\/2022\\\/05\\\/23\\\/banja-luka-odradio-generalnu-probu-svoje-sahrane-video\\\/\",\"url\":\"https:\\\/\\\/radioljubuski.ba\\\/index.php\\\/2022\\\/05\\\/23\\\/banja-luka-odradio-generalnu-probu-svoje-sahrane-video\\\/\",\"name\":\"Banja Luka: Odradio generalnu probu svoje sahrane - video - RADIO LJUBU\u0160KI\",\"isPartOf\":{\"@id\":\"https:\\\/\\\/radioljubuski.ba\\\/#website\"},\"primaryImageOfPage\":{\"@id\":\"https:\\\/\\\/radioljubuski.ba\\\/index.php\\\/2022\\\/05\\\/23\\\/banja-luka-odradio-generalnu-probu-svoje-sahrane-video\\\/#primaryimage\"},\"image\":{\"@id\":\"https:\\\/\\\/radioljubuski.ba\\\/index.php\\\/2022\\\/05\\\/23\\\/banja-luka-odradio-generalnu-probu-svoje-sahrane-video\\\/#primaryimage\"},\"thumbnailUrl\":\"https:\\\/\\\/radioljubuski.ba\\\/wp-content\\\/uploads\\\/2022\\\/05\\\/Untitled-1.png\",\"datePublished\":\"2022-05-23T10:04:12+00:00\",\"dateModified\":\"2022-05-23T10:06:42+00:00\",\"breadcrumb\":{\"@id\":\"https:\\\/\\\/radioljubuski.ba\\\/index.php\\\/2022\\\/05\\\/23\\\/banja-luka-odradio-generalnu-probu-svoje-sahrane-video\\\/#breadcrumb\"},\"inLanguage\":\"hr\",\"potentialAction\":[{\"@type\":\"ReadAction\",\"target\":[\"https:\\\/\\\/radioljubuski.ba\\\/index.php\\\/2022\\\/05\\\/23\\\/banja-luka-odradio-generalnu-probu-svoje-sahrane-video\\\/\"]}]},{\"@type\":\"ImageObject\",\"inLanguage\":\"hr\",\"@id\":\"https:\\\/\\\/radioljubuski.ba\\\/index.php\\\/2022\\\/05\\\/23\\\/banja-luka-odradio-generalnu-probu-svoje-sahrane-video\\\/#primaryimage\",\"url\":\"https:\\\/\\\/radioljubuski.ba\\\/wp-content\\\/uploads\\\/2022\\\/05\\\/Untitled-1.png\",\"contentUrl\":\"https:\\\/\\\/radioljubuski.ba\\\/wp-content\\\/uploads\\\/2022\\\/05\\\/Untitled-1.png\",\"width\":640,\"height\":336},{\"@type\":\"BreadcrumbList\",\"@id\":\"https:\\\/\\\/radioljubuski.ba\\\/index.php\\\/2022\\\/05\\\/23\\\/banja-luka-odradio-generalnu-probu-svoje-sahrane-video\\\/#breadcrumb\",\"itemListElement\":[{\"@type\":\"ListItem\",\"position\":1,\"name\":\"Po\u010detna stranica\",\"item\":\"https:\\\/\\\/radioljubuski.ba\\\/\"},{\"@type\":\"ListItem\",\"position\":2,\"name\":\"Banja Luka: Odradio generalnu probu svoje sahrane &#8211; video\"}]},{\"@type\":\"WebSite\",\"@id\":\"https:\\\/\\\/radioljubuski.ba\\\/#website\",\"url\":\"https:\\\/\\\/radioljubuski.ba\\\/\",\"name\":\"Radio Ljubu\u0161ki\",\"description\":\"Sun\u010dana frekvencija Hercegovine\",\"publisher\":{\"@id\":\"https:\\\/\\\/radioljubuski.ba\\\/#organization\"},\"potentialAction\":[{\"@type\":\"SearchAction\",\"target\":{\"@type\":\"EntryPoint\",\"urlTemplate\":\"https:\\\/\\\/radioljubuski.ba\\\/?s={search_term_string}\"},\"query-input\":{\"@type\":\"PropertyValueSpecification\",\"valueRequired\":true,\"valueName\":\"search_term_string\"}}],\"inLanguage\":\"hr\"},{\"@type\":\"Organization\",\"@id\":\"https:\\\/\\\/radioljubuski.ba\\\/#organization\",\"name\":\"Radio Ljubu\u0161ki\",\"url\":\"https:\\\/\\\/radioljubuski.ba\\\/\",\"logo\":{\"@type\":\"ImageObject\",\"inLanguage\":\"hr\",\"@id\":\"https:\\\/\\\/radioljubuski.ba\\\/#\\\/schema\\\/logo\\\/image\\\/\",\"url\":\"https:\\\/\\\/radioljubuski.ba\\\/wp-content\\\/uploads\\\/2021\\\/02\\\/cropped-Radio_Ljubuski_logo1.jpg\",\"contentUrl\":\"https:\\\/\\\/radioljubuski.ba\\\/wp-content\\\/uploads\\\/2021\\\/02\\\/cropped-Radio_Ljubuski_logo1.jpg\",\"width\":512,\"height\":512,\"caption\":\"Radio Ljubu\u0161ki\"},\"image\":{\"@id\":\"https:\\\/\\\/radioljubuski.ba\\\/#\\\/schema\\\/logo\\\/image\\\/\"},\"sameAs\":[\"https:\\\/\\\/www.facebook.com\\\/Radiio-Ljubuski-1490835324566332\",\"https:\\\/\\\/x.com\\\/radioljubuski\",\"https:\\\/\\\/hr.linkedin.com\\\/company\\\/radio-ljubuski\",\"https:\\\/\\\/www.youtube.com\\\/channel\\\/UCHYaeO_n0Db3tjNGudGpXyw\"]},{\"@type\":\"Person\",\"@id\":\"https:\\\/\\\/radioljubuski.ba\\\/#\\\/schema\\\/person\\\/19fc700381a780f69665d7956c469e3b\",\"name\":\"Radio Ljubu\u0161ki\"}]}<\/script>\n<!-- \/ Yoast SEO plugin. -->","yoast_head_json":{"title":"Banja Luka: Odradio generalnu probu svoje sahrane - video - RADIO LJUBU\u0160KI","robots":{"index":"index","follow":"follow","max-snippet":"max-snippet:-1","max-image-preview":"max-image-preview:large","max-video-preview":"max-video-preview:-1"},"canonical":"https:\/\/radioljubuski.ba\/index.php\/2022\/05\/23\/banja-luka-odradio-generalnu-probu-svoje-sahrane-video\/","og_locale":"hr_HR","og_type":"article","og_title":"Banja Luka: Odradio generalnu probu svoje sahrane - video - RADIO LJUBU\u0160KI","og_description":"Banjalu\u010danin Miladin Jeli\u0107 postao je hit na dru\u0161tvenim mre\u017eama. Naime, on je odlu\u010dio da sebi napravi grobnicu dok je \u017eiv, a o\u010dito se \u017eelio uvjeriti kako bi to izgledalo, pa je napravio \u201cgeneralnu probu\u201d vlastite sahrane. On je poznat, kako ka\u017eu njegovi poznanici, po tome \u0161to od svega napravi \u0161ou, pa ih tako ni \u201cgeneralna [&hellip;]","og_url":"https:\/\/radioljubuski.ba\/index.php\/2022\/05\/23\/banja-luka-odradio-generalnu-probu-svoje-sahrane-video\/","og_site_name":"RADIO LJUBU\u0160KI","article_publisher":"https:\/\/www.facebook.com\/Radiio-Ljubuski-1490835324566332","article_published_time":"2022-05-23T10:04:12+00:00","article_modified_time":"2022-05-23T10:06:42+00:00","og_image":[{"width":640,"height":336,"url":"https:\/\/radioljubuski.ba\/wp-content\/uploads\/2022\/05\/Untitled-1.png","type":"image\/png"}],"author":"Radio Ljubu\u0161ki","twitter_card":"summary_large_image","twitter_creator":"@radioljubuski","twitter_site":"@radioljubuski","twitter_misc":{"Napisao\/la":"Radio Ljubu\u0161ki","Procijenjeno vrijeme \u010ditanja":"1 minuta"},"schema":{"@context":"https:\/\/schema.org","@graph":[{"@type":"Article","@id":"https:\/\/radioljubuski.ba\/index.php\/2022\/05\/23\/banja-luka-odradio-generalnu-probu-svoje-sahrane-video\/#article","isPartOf":{"@id":"https:\/\/radioljubuski.ba\/index.php\/2022\/05\/23\/banja-luka-odradio-generalnu-probu-svoje-sahrane-video\/"},"author":{"name":"Radio Ljubu\u0161ki","@id":"https:\/\/radioljubuski.ba\/#\/schema\/person\/19fc700381a780f69665d7956c469e3b"},"headline":"Banja Luka: Odradio generalnu probu svoje sahrane &#8211; video","datePublished":"2022-05-23T10:04:12+00:00","dateModified":"2022-05-23T10:06:42+00:00","mainEntityOfPage":{"@id":"https:\/\/radioljubuski.ba\/index.php\/2022\/05\/23\/banja-luka-odradio-generalnu-probu-svoje-sahrane-video\/"},"wordCount":193,"publisher":{"@id":"https:\/\/radioljubuski.ba\/#organization"},"image":{"@id":"https:\/\/radioljubuski.ba\/index.php\/2022\/05\/23\/banja-luka-odradio-generalnu-probu-svoje-sahrane-video\/#primaryimage"},"thumbnailUrl":"https:\/\/radioljubuski.ba\/wp-content\/uploads\/2022\/05\/Untitled-1.png","articleSection":["BIH i regija"],"inLanguage":"hr"},{"@type":"WebPage","@id":"https:\/\/radioljubuski.ba\/index.php\/2022\/05\/23\/banja-luka-odradio-generalnu-probu-svoje-sahrane-video\/","url":"https:\/\/radioljubuski.ba\/index.php\/2022\/05\/23\/banja-luka-odradio-generalnu-probu-svoje-sahrane-video\/","name":"Banja Luka: Odradio generalnu probu svoje sahrane - video - RADIO LJUBU\u0160KI","isPartOf":{"@id":"https:\/\/radioljubuski.ba\/#website"},"primaryImageOfPage":{"@id":"https:\/\/radioljubuski.ba\/index.php\/2022\/05\/23\/banja-luka-odradio-generalnu-probu-svoje-sahrane-video\/#primaryimage"},"image":{"@id":"https:\/\/radioljubuski.ba\/index.php\/2022\/05\/23\/banja-luka-odradio-generalnu-probu-svoje-sahrane-video\/#primaryimage"},"thumbnailUrl":"https:\/\/radioljubuski.ba\/wp-content\/uploads\/2022\/05\/Untitled-1.png","datePublished":"2022-05-23T10:04:12+00:00","dateModified":"2022-05-23T10:06:42+00:00","breadcrumb":{"@id":"https:\/\/radioljubuski.ba\/index.php\/2022\/05\/23\/banja-luka-odradio-generalnu-probu-svoje-sahrane-video\/#breadcrumb"},"inLanguage":"hr","potentialAction":[{"@type":"ReadAction","target":["https:\/\/radioljubuski.ba\/index.php\/2022\/05\/23\/banja-luka-odradio-generalnu-probu-svoje-sahrane-video\/"]}]},{"@type":"ImageObject","inLanguage":"hr","@id":"https:\/\/radioljubuski.ba\/index.php\/2022\/05\/23\/banja-luka-odradio-generalnu-probu-svoje-sahrane-video\/#primaryimage","url":"https:\/\/radioljubuski.ba\/wp-content\/uploads\/2022\/05\/Untitled-1.png","contentUrl":"https:\/\/radioljubuski.ba\/wp-content\/uploads\/2022\/05\/Untitled-1.png","width":640,"height":336},{"@type":"BreadcrumbList","@id":"https:\/\/radioljubuski.ba\/index.php\/2022\/05\/23\/banja-luka-odradio-generalnu-probu-svoje-sahrane-video\/#breadcrumb","itemListElement":[{"@type":"ListItem","position":1,"name":"Po\u010detna stranica","item":"https:\/\/radioljubuski.ba\/"},{"@type":"ListItem","position":2,"name":"Banja Luka: Odradio generalnu probu svoje sahrane &#8211; video"}]},{"@type":"WebSite","@id":"https:\/\/radioljubuski.ba\/#website","url":"https:\/\/radioljubuski.ba\/","name":"Radio Ljubu\u0161ki","description":"Sun\u010dana frekvencija Hercegovine","publisher":{"@id":"https:\/\/radioljubuski.ba\/#organization"},"potentialAction":[{"@type":"SearchAction","target":{"@type":"EntryPoint","urlTemplate":"https:\/\/radioljubuski.ba\/?s={search_term_string}"},"query-input":{"@type":"PropertyValueSpecification","valueRequired":true,"valueName":"search_term_string"}}],"inLanguage":"hr"},{"@type":"Organization","@id":"https:\/\/radioljubuski.ba\/#organization","name":"Radio Ljubu\u0161ki","url":"https:\/\/radioljubuski.ba\/","logo":{"@type":"ImageObject","inLanguage":"hr","@id":"https:\/\/radioljubuski.ba\/#\/schema\/logo\/image\/","url":"https:\/\/radioljubuski.ba\/wp-content\/uploads\/2021\/02\/cropped-Radio_Ljubuski_logo1.jpg","contentUrl":"https:\/\/radioljubuski.ba\/wp-content\/uploads\/2021\/02\/cropped-Radio_Ljubuski_logo1.jpg","width":512,"height":512,"caption":"Radio Ljubu\u0161ki"},"image":{"@id":"https:\/\/radioljubuski.ba\/#\/schema\/logo\/image\/"},"sameAs":["https:\/\/www.facebook.com\/Radiio-Ljubuski-1490835324566332","https:\/\/x.com\/radioljubuski","https:\/\/hr.linkedin.com\/company\/radio-ljubuski","https:\/\/www.youtube.com\/channel\/UCHYaeO_n0Db3tjNGudGpXyw"]},{"@type":"Person","@id":"https:\/\/radioljubuski.ba\/#\/schema\/person\/19fc700381a780f69665d7956c469e3b","name":"Radio Ljubu\u0161ki"}]}},"_links":{"self":[{"href":"https:\/\/radioljubuski.ba\/index.php\/wp-json\/wp\/v2\/posts\/143334","targetHints":{"allow":["GET"]}}],"collection":[{"href":"https:\/\/radioljubuski.ba\/index.php\/wp-json\/wp\/v2\/posts"}],"about":[{"href":"https:\/\/radioljubuski.ba\/index.php\/wp-json\/wp\/v2\/types\/post"}],"author":[{"embeddable":true,"href":"https:\/\/radioljubuski.ba\/index.php\/wp-json\/wp\/v2\/users\/2"}],"replies":[{"embeddable":true,"href":"https:\/\/radioljubuski.ba\/index.php\/wp-json\/wp\/v2\/comments?post=143334"}],"version-history":[{"count":2,"href":"https:\/\/radioljubuski.ba\/index.php\/wp-json\/wp\/v2\/posts\/143334\/revisions"}],"predecessor-version":[{"id":143341,"href":"https:\/\/radioljubuski.ba\/index.php\/wp-json\/wp\/v2\/posts\/143334\/revisions\/143341"}],"wp:featuredmedia":[{"embeddable":true,"href":"https:\/\/radioljubuski.ba\/index.php\/wp-json\/wp\/v2\/media\/143335"}],"wp:attachment":[{"href":"https:\/\/radioljubuski.ba\/index.php\/wp-json\/wp\/v2\/media?parent=143334"}],"wp:term":[{"taxonomy":"category","embeddable":true,"href":"https:\/\/radioljubuski.ba\/index.php\/wp-json\/wp\/v2\/categories?post=143334"},{"taxonomy":"post_tag","embeddable":true,"href":"https:\/\/radioljubuski.ba\/index.php\/wp-json\/wp\/v2\/tags?post=143334"}],"curies":[{"name":"wp","href":"https:\/\/api.w.org\/{rel}","templated":true}]}}