{"id":143352,"date":"2022-05-23T12:11:37","date_gmt":"2022-05-23T11:11:37","guid":{"rendered":"https:\/\/radioljubuski.ba\/?p=143352"},"modified":"2022-05-23T12:11:39","modified_gmt":"2022-05-23T11:11:39","slug":"najveci-most-na-koridoru-vc-kod-pocitelja-pred-pocetkom-povezivanja-gigantskih-stupova","status":"publish","type":"post","link":"https:\/\/radioljubuski.ba\/index.php\/2022\/05\/23\/najveci-most-na-koridoru-vc-kod-pocitelja-pred-pocetkom-povezivanja-gigantskih-stupova\/","title":{"rendered":"Najve\u0107i most na Koridoru Vc kod Po\u010ditelja pred po\u010detkom povezivanja gigantskih stupova"},"content":{"rendered":"\n<p><strong>Najve\u0107i most na koridoru Vc iznad Neretve kod Po\u010ditelja je dobio svoju gigantsku visinu i u pogledu promatra\u010da s magistralnog puta iz smjera \u010capljine prema Mostaru ve\u0107 oslikava impozantnu gra\u0111evinu koja \u0107e povezivati hercegova\u010dki autoput za mre\u017eom europskih prometnica.<\/strong><\/p>\n\n\n\n<iframe loading=\"lazy\" title=\"Napredak radova na mostu Po\u010ditelj, najve\u0107em na koridoru 5C\" width=\"640\" height=\"360\" src=\"https:\/\/www.youtube.com\/embed\/heChVoEXApQ?feature=oembed\" frameborder=\"0\" allow=\"accelerometer; autoplay; clipboard-write; encrypted-media; gyroscope; picture-in-picture; web-share\" referrerpolicy=\"strict-origin-when-cross-origin\" allowfullscreen><\/iframe>\n\n\n\n<p>Na gradili\u0161tu se ozbiljno radi na rasponskoj konstrukciji i povezivanju gigantskih stupova visokih do 100 metara.<\/p>\n\n\n\n<p>Spajanje prvog raspona izme\u0111u stupova S3 visokog 92 metra i S4 koji je za jedan metar ni\u017ei, o\u010dekuje se u narednih nekoliko dana, \u0161to \u0107e ozna\u010diti va\u017ean pomak na izgradnji impozantne i veoma zahtjevne gra\u0111evine na hercegova\u010dkom autoputu, pi\u0161e Klix.ba.<\/p>\n\n\n\n<p>Most Po\u010ditelj se nalazi u okviru poddionice Po\u010ditelj \u2013 Zvirovi\u0107i na Koridoru Vc, a radovi koji su prema prvim planovima trebali biti zavr\u0161eni do kraja 2021. godine su prolongirani zbog okolnosti prouzro\u010dene pandemijom koronavirusa i geolo\u0161kih uvjeta tijekom samih radova.<\/p>\n\n\n\n<p>Ovaj most \u0107e biti du\u017eine 980 metara s visinom stupova 92, 97, 92, 91, 88 i 66 metara, \u010dime je i najve\u0107i i najzahtjevniji projekt na izgradnji autoputa kroz Hercegovinu.<\/p>\n\n\n\n<p>To je kontinuirani prednapeti armiranobetonski most sandu\u010dastog popre\u010dnog presjeka, gra\u0111en tehnologijom slobodne konzolne gradnje.<\/p>\n\n\n\n<p>Rasponska konstrukcija je sandu\u010dastog popre\u010dnog presjeka oslonjena na jedne stubove, \u0161to zna\u010di da je na jednom stupu jedan i drugi pravac autoputa, a ukupna \u0161irina popre\u010dnog presjeka mosta je 21,92 metra.<\/p>\n\n\n\n<p>Zbog toga je, kako su objasnili stru\u010dnjaci, po prvi put kod nas primijenjeno to rje\u0161enje, a zbog same veli\u010dine konzola, koja je neuobi\u010dajeno velikog raspona od 4,9 metara, bilo je potrebno popre\u010dno prednaprezanje mosta.<\/p>\n\n\n\n<p>Tijekom izgradnje i tijekom eksploatacije vr\u0161i se oskultacija samog mosta, odnosno osmatranje sa mikrotiangulacijskih stupova, koji su postavljeni na okolnim brdima i mjere precizni nivelvan, tako da se stalno provjerava i tijekom izgradnje i tijekom eksploatacija sigurnost i stabilnost mosta, jer je impozantnih i dimenzija i raspona.<\/p>\n\n\n\n<p>Izvo\u0111a\u010d radova je konzorcij, koji \u010dine Azvirt Limited Liability Company (Azerbejd\u017ean), Sinohydro Corporation Limited (Kina) i Powerchina Roadbridge Group Co. Ltd. (Kina), a podizvo\u0111a\u010d radova je Hering iz \u0160irokog Brijega, dok je ukupna vrijednost radova za izgradnju mosta Po\u010ditelj 28.114.889 eura bez PDV-a.<\/p>\n\n\n\n<p>Most Po\u010ditelj gradi se u sklopu poddionice Po\u010ditelj \u2013 Zvirovi\u0107i na Koridoru Vc, a financira se iz sredstava Europske investicijske banke (EIB) u visini od 100 milijuna eura i bespovratnim sredstvima Europske unije u visini od pet milijuna eura, koja su osigurana u okviru Agende za povezivanje preko Investicijskog okvira za Zapadni Balkan (WBIF).<\/p>\n\n\n\n<p>\/HMS\/<\/p>\n","protected":false},"excerpt":{"rendered":"<p>Najve\u0107i most na koridoru Vc iznad Neretve kod Po\u010ditelja je dobio svoju gigantsku visinu i u pogledu promatra\u010da s magistralnog puta iz smjera \u010capljine prema Mostaru ve\u0107 oslikava impozantnu gra\u0111evinu koja \u0107e povezivati hercegova\u010dki autoput za mre\u017eom europskih prometnica. Na gradili\u0161tu se ozbiljno radi na rasponskoj konstrukciji i povezivanju gigantskih stupova visokih do 100 metara. [&hellip;]<\/p>\n","protected":false},"author":2,"featured_media":143353,"comment_status":"closed","ping_status":"closed","sticky":false,"template":"","format":"standard","meta":{"h5ap_radio_sources":[],"footnotes":""},"categories":[1],"tags":[],"class_list":["post-143352","post","type-post","status-publish","format-standard","has-post-thumbnail","hentry","category-bihiregija"],"yoast_head":"<!-- This site is optimized with the Yoast SEO plugin v27.5 - https:\/\/yoast.com\/product\/yoast-seo-wordpress\/ -->\n<title>Najve\u0107i most na Koridoru Vc kod Po\u010ditelja pred po\u010detkom povezivanja gigantskih stupova - RADIO LJUBU\u0160KI<\/title>\n<meta name=\"robots\" content=\"index, follow, max-snippet:-1, max-image-preview:large, max-video-preview:-1\" \/>\n<link rel=\"canonical\" href=\"https:\/\/radioljubuski.ba\/index.php\/2022\/05\/23\/najveci-most-na-koridoru-vc-kod-pocitelja-pred-pocetkom-povezivanja-gigantskih-stupova\/\" \/>\n<meta property=\"og:locale\" content=\"hr_HR\" \/>\n<meta property=\"og:type\" content=\"article\" \/>\n<meta property=\"og:title\" content=\"Najve\u0107i most na Koridoru Vc kod Po\u010ditelja pred po\u010detkom povezivanja gigantskih stupova - RADIO LJUBU\u0160KI\" \/>\n<meta property=\"og:description\" content=\"Najve\u0107i most na koridoru Vc iznad Neretve kod Po\u010ditelja je dobio svoju gigantsku visinu i u pogledu promatra\u010da s magistralnog puta iz smjera \u010capljine prema Mostaru ve\u0107 oslikava impozantnu gra\u0111evinu koja \u0107e povezivati hercegova\u010dki autoput za mre\u017eom europskih prometnica. Na gradili\u0161tu se ozbiljno radi na rasponskoj konstrukciji i povezivanju gigantskih stupova visokih do 100 metara. [&hellip;]\" \/>\n<meta property=\"og:url\" content=\"https:\/\/radioljubuski.ba\/index.php\/2022\/05\/23\/najveci-most-na-koridoru-vc-kod-pocitelja-pred-pocetkom-povezivanja-gigantskih-stupova\/\" \/>\n<meta property=\"og:site_name\" content=\"RADIO LJUBU\u0160KI\" \/>\n<meta property=\"article:publisher\" content=\"https:\/\/www.facebook.com\/Radiio-Ljubuski-1490835324566332\" \/>\n<meta property=\"article:published_time\" content=\"2022-05-23T11:11:37+00:00\" \/>\n<meta property=\"article:modified_time\" content=\"2022-05-23T11:11:39+00:00\" \/>\n<meta property=\"og:image\" content=\"https:\/\/radioljubuski.ba\/wp-content\/uploads\/2022\/05\/indeksiraj-3.jpg\" \/>\n\t<meta property=\"og:image:width\" content=\"287\" \/>\n\t<meta property=\"og:image:height\" content=\"176\" \/>\n\t<meta property=\"og:image:type\" content=\"image\/jpeg\" \/>\n<meta name=\"author\" content=\"Radio Ljubu\u0161ki\" \/>\n<meta name=\"twitter:card\" content=\"summary_large_image\" \/>\n<meta name=\"twitter:creator\" content=\"@radioljubuski\" \/>\n<meta name=\"twitter:site\" content=\"@radioljubuski\" \/>\n<meta name=\"twitter:label1\" content=\"Napisao\/la\" \/>\n\t<meta name=\"twitter:data1\" content=\"Radio Ljubu\u0161ki\" \/>\n\t<meta name=\"twitter:label2\" content=\"Procijenjeno vrijeme \u010ditanja\" \/>\n\t<meta name=\"twitter:data2\" content=\"2 minute\" \/>\n<script type=\"application\/ld+json\" class=\"yoast-schema-graph\">{\"@context\":\"https:\\\/\\\/schema.org\",\"@graph\":[{\"@type\":\"Article\",\"@id\":\"https:\\\/\\\/radioljubuski.ba\\\/index.php\\\/2022\\\/05\\\/23\\\/najveci-most-na-koridoru-vc-kod-pocitelja-pred-pocetkom-povezivanja-gigantskih-stupova\\\/#article\",\"isPartOf\":{\"@id\":\"https:\\\/\\\/radioljubuski.ba\\\/index.php\\\/2022\\\/05\\\/23\\\/najveci-most-na-koridoru-vc-kod-pocitelja-pred-pocetkom-povezivanja-gigantskih-stupova\\\/\"},\"author\":{\"name\":\"Radio Ljubu\u0161ki\",\"@id\":\"https:\\\/\\\/radioljubuski.ba\\\/#\\\/schema\\\/person\\\/19fc700381a780f69665d7956c469e3b\"},\"headline\":\"Najve\u0107i most na Koridoru Vc kod Po\u010ditelja pred po\u010detkom povezivanja gigantskih stupova\",\"datePublished\":\"2022-05-23T11:11:37+00:00\",\"dateModified\":\"2022-05-23T11:11:39+00:00\",\"mainEntityOfPage\":{\"@id\":\"https:\\\/\\\/radioljubuski.ba\\\/index.php\\\/2022\\\/05\\\/23\\\/najveci-most-na-koridoru-vc-kod-pocitelja-pred-pocetkom-povezivanja-gigantskih-stupova\\\/\"},\"wordCount\":439,\"publisher\":{\"@id\":\"https:\\\/\\\/radioljubuski.ba\\\/#organization\"},\"image\":{\"@id\":\"https:\\\/\\\/radioljubuski.ba\\\/index.php\\\/2022\\\/05\\\/23\\\/najveci-most-na-koridoru-vc-kod-pocitelja-pred-pocetkom-povezivanja-gigantskih-stupova\\\/#primaryimage\"},\"thumbnailUrl\":\"https:\\\/\\\/radioljubuski.ba\\\/wp-content\\\/uploads\\\/2022\\\/05\\\/indeksiraj-3.jpg\",\"articleSection\":[\"BIH i regija\"],\"inLanguage\":\"hr\"},{\"@type\":\"WebPage\",\"@id\":\"https:\\\/\\\/radioljubuski.ba\\\/index.php\\\/2022\\\/05\\\/23\\\/najveci-most-na-koridoru-vc-kod-pocitelja-pred-pocetkom-povezivanja-gigantskih-stupova\\\/\",\"url\":\"https:\\\/\\\/radioljubuski.ba\\\/index.php\\\/2022\\\/05\\\/23\\\/najveci-most-na-koridoru-vc-kod-pocitelja-pred-pocetkom-povezivanja-gigantskih-stupova\\\/\",\"name\":\"Najve\u0107i most na Koridoru Vc kod Po\u010ditelja pred po\u010detkom povezivanja gigantskih stupova - RADIO LJUBU\u0160KI\",\"isPartOf\":{\"@id\":\"https:\\\/\\\/radioljubuski.ba\\\/#website\"},\"primaryImageOfPage\":{\"@id\":\"https:\\\/\\\/radioljubuski.ba\\\/index.php\\\/2022\\\/05\\\/23\\\/najveci-most-na-koridoru-vc-kod-pocitelja-pred-pocetkom-povezivanja-gigantskih-stupova\\\/#primaryimage\"},\"image\":{\"@id\":\"https:\\\/\\\/radioljubuski.ba\\\/index.php\\\/2022\\\/05\\\/23\\\/najveci-most-na-koridoru-vc-kod-pocitelja-pred-pocetkom-povezivanja-gigantskih-stupova\\\/#primaryimage\"},\"thumbnailUrl\":\"https:\\\/\\\/radioljubuski.ba\\\/wp-content\\\/uploads\\\/2022\\\/05\\\/indeksiraj-3.jpg\",\"datePublished\":\"2022-05-23T11:11:37+00:00\",\"dateModified\":\"2022-05-23T11:11:39+00:00\",\"breadcrumb\":{\"@id\":\"https:\\\/\\\/radioljubuski.ba\\\/index.php\\\/2022\\\/05\\\/23\\\/najveci-most-na-koridoru-vc-kod-pocitelja-pred-pocetkom-povezivanja-gigantskih-stupova\\\/#breadcrumb\"},\"inLanguage\":\"hr\",\"potentialAction\":[{\"@type\":\"ReadAction\",\"target\":[\"https:\\\/\\\/radioljubuski.ba\\\/index.php\\\/2022\\\/05\\\/23\\\/najveci-most-na-koridoru-vc-kod-pocitelja-pred-pocetkom-povezivanja-gigantskih-stupova\\\/\"]}]},{\"@type\":\"ImageObject\",\"inLanguage\":\"hr\",\"@id\":\"https:\\\/\\\/radioljubuski.ba\\\/index.php\\\/2022\\\/05\\\/23\\\/najveci-most-na-koridoru-vc-kod-pocitelja-pred-pocetkom-povezivanja-gigantskih-stupova\\\/#primaryimage\",\"url\":\"https:\\\/\\\/radioljubuski.ba\\\/wp-content\\\/uploads\\\/2022\\\/05\\\/indeksiraj-3.jpg\",\"contentUrl\":\"https:\\\/\\\/radioljubuski.ba\\\/wp-content\\\/uploads\\\/2022\\\/05\\\/indeksiraj-3.jpg\",\"width\":287,\"height\":176},{\"@type\":\"BreadcrumbList\",\"@id\":\"https:\\\/\\\/radioljubuski.ba\\\/index.php\\\/2022\\\/05\\\/23\\\/najveci-most-na-koridoru-vc-kod-pocitelja-pred-pocetkom-povezivanja-gigantskih-stupova\\\/#breadcrumb\",\"itemListElement\":[{\"@type\":\"ListItem\",\"position\":1,\"name\":\"Po\u010detna stranica\",\"item\":\"https:\\\/\\\/radioljubuski.ba\\\/\"},{\"@type\":\"ListItem\",\"position\":2,\"name\":\"Najve\u0107i most na Koridoru Vc kod Po\u010ditelja pred po\u010detkom povezivanja gigantskih stupova\"}]},{\"@type\":\"WebSite\",\"@id\":\"https:\\\/\\\/radioljubuski.ba\\\/#website\",\"url\":\"https:\\\/\\\/radioljubuski.ba\\\/\",\"name\":\"Radio Ljubu\u0161ki\",\"description\":\"Sun\u010dana frekvencija Hercegovine\",\"publisher\":{\"@id\":\"https:\\\/\\\/radioljubuski.ba\\\/#organization\"},\"potentialAction\":[{\"@type\":\"SearchAction\",\"target\":{\"@type\":\"EntryPoint\",\"urlTemplate\":\"https:\\\/\\\/radioljubuski.ba\\\/?s={search_term_string}\"},\"query-input\":{\"@type\":\"PropertyValueSpecification\",\"valueRequired\":true,\"valueName\":\"search_term_string\"}}],\"inLanguage\":\"hr\"},{\"@type\":\"Organization\",\"@id\":\"https:\\\/\\\/radioljubuski.ba\\\/#organization\",\"name\":\"Radio Ljubu\u0161ki\",\"url\":\"https:\\\/\\\/radioljubuski.ba\\\/\",\"logo\":{\"@type\":\"ImageObject\",\"inLanguage\":\"hr\",\"@id\":\"https:\\\/\\\/radioljubuski.ba\\\/#\\\/schema\\\/logo\\\/image\\\/\",\"url\":\"https:\\\/\\\/radioljubuski.ba\\\/wp-content\\\/uploads\\\/2021\\\/02\\\/cropped-Radio_Ljubuski_logo1.jpg\",\"contentUrl\":\"https:\\\/\\\/radioljubuski.ba\\\/wp-content\\\/uploads\\\/2021\\\/02\\\/cropped-Radio_Ljubuski_logo1.jpg\",\"width\":512,\"height\":512,\"caption\":\"Radio Ljubu\u0161ki\"},\"image\":{\"@id\":\"https:\\\/\\\/radioljubuski.ba\\\/#\\\/schema\\\/logo\\\/image\\\/\"},\"sameAs\":[\"https:\\\/\\\/www.facebook.com\\\/Radiio-Ljubuski-1490835324566332\",\"https:\\\/\\\/x.com\\\/radioljubuski\",\"https:\\\/\\\/hr.linkedin.com\\\/company\\\/radio-ljubuski\",\"https:\\\/\\\/www.youtube.com\\\/channel\\\/UCHYaeO_n0Db3tjNGudGpXyw\"]},{\"@type\":\"Person\",\"@id\":\"https:\\\/\\\/radioljubuski.ba\\\/#\\\/schema\\\/person\\\/19fc700381a780f69665d7956c469e3b\",\"name\":\"Radio Ljubu\u0161ki\"}]}<\/script>\n<!-- \/ Yoast SEO plugin. -->","yoast_head_json":{"title":"Najve\u0107i most na Koridoru Vc kod Po\u010ditelja pred po\u010detkom povezivanja gigantskih stupova - RADIO LJUBU\u0160KI","robots":{"index":"index","follow":"follow","max-snippet":"max-snippet:-1","max-image-preview":"max-image-preview:large","max-video-preview":"max-video-preview:-1"},"canonical":"https:\/\/radioljubuski.ba\/index.php\/2022\/05\/23\/najveci-most-na-koridoru-vc-kod-pocitelja-pred-pocetkom-povezivanja-gigantskih-stupova\/","og_locale":"hr_HR","og_type":"article","og_title":"Najve\u0107i most na Koridoru Vc kod Po\u010ditelja pred po\u010detkom povezivanja gigantskih stupova - RADIO LJUBU\u0160KI","og_description":"Najve\u0107i most na koridoru Vc iznad Neretve kod Po\u010ditelja je dobio svoju gigantsku visinu i u pogledu promatra\u010da s magistralnog puta iz smjera \u010capljine prema Mostaru ve\u0107 oslikava impozantnu gra\u0111evinu koja \u0107e povezivati hercegova\u010dki autoput za mre\u017eom europskih prometnica. Na gradili\u0161tu se ozbiljno radi na rasponskoj konstrukciji i povezivanju gigantskih stupova visokih do 100 metara. [&hellip;]","og_url":"https:\/\/radioljubuski.ba\/index.php\/2022\/05\/23\/najveci-most-na-koridoru-vc-kod-pocitelja-pred-pocetkom-povezivanja-gigantskih-stupova\/","og_site_name":"RADIO LJUBU\u0160KI","article_publisher":"https:\/\/www.facebook.com\/Radiio-Ljubuski-1490835324566332","article_published_time":"2022-05-23T11:11:37+00:00","article_modified_time":"2022-05-23T11:11:39+00:00","og_image":[{"width":287,"height":176,"url":"https:\/\/radioljubuski.ba\/wp-content\/uploads\/2022\/05\/indeksiraj-3.jpg","type":"image\/jpeg"}],"author":"Radio Ljubu\u0161ki","twitter_card":"summary_large_image","twitter_creator":"@radioljubuski","twitter_site":"@radioljubuski","twitter_misc":{"Napisao\/la":"Radio Ljubu\u0161ki","Procijenjeno vrijeme \u010ditanja":"2 minute"},"schema":{"@context":"https:\/\/schema.org","@graph":[{"@type":"Article","@id":"https:\/\/radioljubuski.ba\/index.php\/2022\/05\/23\/najveci-most-na-koridoru-vc-kod-pocitelja-pred-pocetkom-povezivanja-gigantskih-stupova\/#article","isPartOf":{"@id":"https:\/\/radioljubuski.ba\/index.php\/2022\/05\/23\/najveci-most-na-koridoru-vc-kod-pocitelja-pred-pocetkom-povezivanja-gigantskih-stupova\/"},"author":{"name":"Radio Ljubu\u0161ki","@id":"https:\/\/radioljubuski.ba\/#\/schema\/person\/19fc700381a780f69665d7956c469e3b"},"headline":"Najve\u0107i most na Koridoru Vc kod Po\u010ditelja pred po\u010detkom povezivanja gigantskih stupova","datePublished":"2022-05-23T11:11:37+00:00","dateModified":"2022-05-23T11:11:39+00:00","mainEntityOfPage":{"@id":"https:\/\/radioljubuski.ba\/index.php\/2022\/05\/23\/najveci-most-na-koridoru-vc-kod-pocitelja-pred-pocetkom-povezivanja-gigantskih-stupova\/"},"wordCount":439,"publisher":{"@id":"https:\/\/radioljubuski.ba\/#organization"},"image":{"@id":"https:\/\/radioljubuski.ba\/index.php\/2022\/05\/23\/najveci-most-na-koridoru-vc-kod-pocitelja-pred-pocetkom-povezivanja-gigantskih-stupova\/#primaryimage"},"thumbnailUrl":"https:\/\/radioljubuski.ba\/wp-content\/uploads\/2022\/05\/indeksiraj-3.jpg","articleSection":["BIH i regija"],"inLanguage":"hr"},{"@type":"WebPage","@id":"https:\/\/radioljubuski.ba\/index.php\/2022\/05\/23\/najveci-most-na-koridoru-vc-kod-pocitelja-pred-pocetkom-povezivanja-gigantskih-stupova\/","url":"https:\/\/radioljubuski.ba\/index.php\/2022\/05\/23\/najveci-most-na-koridoru-vc-kod-pocitelja-pred-pocetkom-povezivanja-gigantskih-stupova\/","name":"Najve\u0107i most na Koridoru Vc kod Po\u010ditelja pred po\u010detkom povezivanja gigantskih stupova - RADIO LJUBU\u0160KI","isPartOf":{"@id":"https:\/\/radioljubuski.ba\/#website"},"primaryImageOfPage":{"@id":"https:\/\/radioljubuski.ba\/index.php\/2022\/05\/23\/najveci-most-na-koridoru-vc-kod-pocitelja-pred-pocetkom-povezivanja-gigantskih-stupova\/#primaryimage"},"image":{"@id":"https:\/\/radioljubuski.ba\/index.php\/2022\/05\/23\/najveci-most-na-koridoru-vc-kod-pocitelja-pred-pocetkom-povezivanja-gigantskih-stupova\/#primaryimage"},"thumbnailUrl":"https:\/\/radioljubuski.ba\/wp-content\/uploads\/2022\/05\/indeksiraj-3.jpg","datePublished":"2022-05-23T11:11:37+00:00","dateModified":"2022-05-23T11:11:39+00:00","breadcrumb":{"@id":"https:\/\/radioljubuski.ba\/index.php\/2022\/05\/23\/najveci-most-na-koridoru-vc-kod-pocitelja-pred-pocetkom-povezivanja-gigantskih-stupova\/#breadcrumb"},"inLanguage":"hr","potentialAction":[{"@type":"ReadAction","target":["https:\/\/radioljubuski.ba\/index.php\/2022\/05\/23\/najveci-most-na-koridoru-vc-kod-pocitelja-pred-pocetkom-povezivanja-gigantskih-stupova\/"]}]},{"@type":"ImageObject","inLanguage":"hr","@id":"https:\/\/radioljubuski.ba\/index.php\/2022\/05\/23\/najveci-most-na-koridoru-vc-kod-pocitelja-pred-pocetkom-povezivanja-gigantskih-stupova\/#primaryimage","url":"https:\/\/radioljubuski.ba\/wp-content\/uploads\/2022\/05\/indeksiraj-3.jpg","contentUrl":"https:\/\/radioljubuski.ba\/wp-content\/uploads\/2022\/05\/indeksiraj-3.jpg","width":287,"height":176},{"@type":"BreadcrumbList","@id":"https:\/\/radioljubuski.ba\/index.php\/2022\/05\/23\/najveci-most-na-koridoru-vc-kod-pocitelja-pred-pocetkom-povezivanja-gigantskih-stupova\/#breadcrumb","itemListElement":[{"@type":"ListItem","position":1,"name":"Po\u010detna stranica","item":"https:\/\/radioljubuski.ba\/"},{"@type":"ListItem","position":2,"name":"Najve\u0107i most na Koridoru Vc kod Po\u010ditelja pred po\u010detkom povezivanja gigantskih stupova"}]},{"@type":"WebSite","@id":"https:\/\/radioljubuski.ba\/#website","url":"https:\/\/radioljubuski.ba\/","name":"Radio Ljubu\u0161ki","description":"Sun\u010dana frekvencija Hercegovine","publisher":{"@id":"https:\/\/radioljubuski.ba\/#organization"},"potentialAction":[{"@type":"SearchAction","target":{"@type":"EntryPoint","urlTemplate":"https:\/\/radioljubuski.ba\/?s={search_term_string}"},"query-input":{"@type":"PropertyValueSpecification","valueRequired":true,"valueName":"search_term_string"}}],"inLanguage":"hr"},{"@type":"Organization","@id":"https:\/\/radioljubuski.ba\/#organization","name":"Radio Ljubu\u0161ki","url":"https:\/\/radioljubuski.ba\/","logo":{"@type":"ImageObject","inLanguage":"hr","@id":"https:\/\/radioljubuski.ba\/#\/schema\/logo\/image\/","url":"https:\/\/radioljubuski.ba\/wp-content\/uploads\/2021\/02\/cropped-Radio_Ljubuski_logo1.jpg","contentUrl":"https:\/\/radioljubuski.ba\/wp-content\/uploads\/2021\/02\/cropped-Radio_Ljubuski_logo1.jpg","width":512,"height":512,"caption":"Radio Ljubu\u0161ki"},"image":{"@id":"https:\/\/radioljubuski.ba\/#\/schema\/logo\/image\/"},"sameAs":["https:\/\/www.facebook.com\/Radiio-Ljubuski-1490835324566332","https:\/\/x.com\/radioljubuski","https:\/\/hr.linkedin.com\/company\/radio-ljubuski","https:\/\/www.youtube.com\/channel\/UCHYaeO_n0Db3tjNGudGpXyw"]},{"@type":"Person","@id":"https:\/\/radioljubuski.ba\/#\/schema\/person\/19fc700381a780f69665d7956c469e3b","name":"Radio Ljubu\u0161ki"}]}},"_links":{"self":[{"href":"https:\/\/radioljubuski.ba\/index.php\/wp-json\/wp\/v2\/posts\/143352","targetHints":{"allow":["GET"]}}],"collection":[{"href":"https:\/\/radioljubuski.ba\/index.php\/wp-json\/wp\/v2\/posts"}],"about":[{"href":"https:\/\/radioljubuski.ba\/index.php\/wp-json\/wp\/v2\/types\/post"}],"author":[{"embeddable":true,"href":"https:\/\/radioljubuski.ba\/index.php\/wp-json\/wp\/v2\/users\/2"}],"replies":[{"embeddable":true,"href":"https:\/\/radioljubuski.ba\/index.php\/wp-json\/wp\/v2\/comments?post=143352"}],"version-history":[{"count":1,"href":"https:\/\/radioljubuski.ba\/index.php\/wp-json\/wp\/v2\/posts\/143352\/revisions"}],"predecessor-version":[{"id":143354,"href":"https:\/\/radioljubuski.ba\/index.php\/wp-json\/wp\/v2\/posts\/143352\/revisions\/143354"}],"wp:featuredmedia":[{"embeddable":true,"href":"https:\/\/radioljubuski.ba\/index.php\/wp-json\/wp\/v2\/media\/143353"}],"wp:attachment":[{"href":"https:\/\/radioljubuski.ba\/index.php\/wp-json\/wp\/v2\/media?parent=143352"}],"wp:term":[{"taxonomy":"category","embeddable":true,"href":"https:\/\/radioljubuski.ba\/index.php\/wp-json\/wp\/v2\/categories?post=143352"},{"taxonomy":"post_tag","embeddable":true,"href":"https:\/\/radioljubuski.ba\/index.php\/wp-json\/wp\/v2\/tags?post=143352"}],"curies":[{"name":"wp","href":"https:\/\/api.w.org\/{rel}","templated":true}]}}