{"id":143355,"date":"2022-05-23T12:12:57","date_gmt":"2022-05-23T11:12:57","guid":{"rendered":"https:\/\/radioljubuski.ba\/?p=143355"},"modified":"2022-05-23T12:12:59","modified_gmt":"2022-05-23T11:12:59","slug":"brkic-u-tirani-sve-veci-broj-zemalja-se-interesira-za-stanje-u-bih-razumiju-poziciju-hrvata","status":"publish","type":"post","link":"https:\/\/radioljubuski.ba\/index.php\/2022\/05\/23\/brkic-u-tirani-sve-veci-broj-zemalja-se-interesira-za-stanje-u-bih-razumiju-poziciju-hrvata\/","title":{"rendered":"Brki\u0107 u Tirani: Sve ve\u0107i broj zemalja se interesira za stanje u BiH. Razumiju poziciju Hrvata"},"content":{"rendered":"\n<p><strong>Zamjenik ministrice vanjskih poslova BiH Josip Brki\u0107, koji je sudjelovao na Jadransko-jonskom forumu u Tirani, rekao je za Hinu da se sve vi\u0161e zemalja interesira za situaciju u BiH i inzistiranje Hrvata na promjeni izbornog zakona.<\/strong><\/p>\n\n\n\n<p>\u201cSve ve\u0107i broj zemalja se interesira za stanje u BiH. Znaju i razumiju poziciju ne samo Hrvata u BiH nego razumiju da formula koja je prije 27 godina bila temelj o\u010duvanja mira u BiH mora ponovo biti oja\u010dana\u201d, rekao je Brki\u0107 u hotelu gdje se odr\u017eavao forum deset zemalja.<\/p>\n\n\n\n<p>\u201cA ta formula je tri konstitutivna naroda, i ostali koji \u017eive ondje, u dva entiteta i jednoj dr\u017eavi\u201d, dodao je.<\/p>\n\n\n\n<p>Hrvatski predsjednik Zoran Milanovi\u0107 tjednima govori da Hrvatska treba uvjetovati ulazak Finske i \u0160vedske u vojni NATO savez dok se ne promijeni izborni zakon u BiH \u201ckako bi se zaustavilo preglasavanje Hrvata na izborima od brojnijih Bo\u0161njaka\u201d.<\/p>\n\n\n\n<p>\u201cHrvatska i BiH dijele preko 1.000 kilometara kopnene granice. Da ni jedan Hrvat ne \u017eivi u BiH i onda bi bilo logi\u010dno da Hrvatska ima pove\u0107ani interes za ono \u0161to se doga\u0111a u BiH\u201d, rekao je Brki\u0107.<\/p>\n\n\n\n<p>\u201c\u010cinjenica je da su Hrvati u BiH konstitutivni narod, a \u010dinjenica je isto tako da Hrvati kao konstitutivni narod nemaju jednak pristup pravima kao ostala dva konstitutivna naroda. Da im je to na jedan grub politi\u010dki na\u010din oduzeto. Oduzeto im je pravo biranja svojih politi\u010dkih predstavnika\u201d, dodao je.<\/p>\n\n\n\n<p>U Tirani su se okupili mahom dr\u017eavni tajnici iz Hrvatske, Italije, Gr\u010dke, Slovenije, BiH, Srbije, Crne Gore, Sjeverne Makedonije, Albanije i San Marina u sklopu Strategije EU-a za jadransko-jonsku regiju (EUSAIR). Taj forum je pokrenula Europska komisija, izvr\u0161no tijelo EU-a, 2014., kao na\u010din pribli\u017eavanja zemalja kandidata i potencijalnih kandidata Europskoj uniji.<\/p>\n\n\n\n<p>Brki\u0107 ka\u017ee da na zatvorenom sastanku nije bilo rije\u010di o izbornom zakonu u BiH.<\/p>\n\n\n\n<p>\u201cAli nije bilo niti jednog kolege na toj ministarskoj razini, a da se nije zainteresirao za pitanje i situaciju u BiH\u201d, napomenuo je.<\/p>\n\n\n\n<p>\u201cSvima je to na agendi interesa, tako da sve kolege jadransko-jonske regije pomno prate \u0161to se to doga\u0111a u BiH. Svi pri\u017eeljkuju stabilnost, odr\u017eanje mira, povratak u institucije BiH i njihovo puno funkcioniranje\u201d, rekao je.<\/p>\n\n\n\n<p><strong>BiH predsjeda Strategijom EU za Jadransko-jonsku regiju<\/strong><\/p>\n\n\n\n<p>\u201cA isto tako imaju razumijevanja da BiH ostaje i opstaje kao zajednica tri konstitutivna naroda, dva entiteta i da ta dr\u017eava kao takva u svojoj teritorijalnoj cjelini i integritetu apsolutno nije upitna\u201d, izjavio je Brki\u0107.<\/p>\n\n\n\n<p>BiH je od Albanije preuzela predsjedanje Strategijom EU-a za jadransko-jonsku regiju, pa \u0107e idu\u0107ih godinu dana organizirati doga\u0111aje putem kojih se regionalne i lokalne vlasti, sveu\u010dili\u0161ta i kompanije iz deset navedenih zemalja mogu zajedni\u010dki prijavljivati za novac iz EU fondova u projektima prometa, za\u0161tite okoli\u0161a i turizma.<\/p>\n\n\n\n<p>Brki\u0107 ka\u017ee da se i \u0161ire, me\u0111u 27 dr\u017eava EU-a, sve vi\u0161e govori o BiH.<\/p>\n\n\n\n<p>\u201cSve to se sada zajedno dovelo na jednu razinu da se unutar EU-a i s partnerom SAD-om, o tome razgovara. Velika je stvar \u0161to se u jednom strate\u0161kom dokumentu o budu\u0107nosti EU-a, u Strate\u0161kom kompasu, spominje konstitutivnost kao element BiH, da je to podcrtano\u201d, rekao je.<\/p>\n\n\n\n<p>Krajem lipnja se u Madridu odr\u017eava samit NATO-a gdje bi na dnevnom redu trebalo biti potencijalno pristupanje Finske i \u0160vedske tom vojnom savezu. Milanovi\u0107 je u petak rekao da Hrvatska mora blokirati finsko i \u0161vedsko pristupanje dok se ne ostvari ravnopravnost Hrvata u BiH.<\/p>\n\n\n\n<p>\u201cUnutar EU-a, i Finska i \u0160vedska su kao njezine punopravne \u010dlanice, kada se razgovaralo o strate\u0161kom dokumentu, o Strate\u0161kom kompasu, podr\u017eale konstitutivnost naroda u BiH. To je svakako u prvom redu ono \u0161to govori da \u0107e se EU \u0161iriti na BiH, da \u0107e BiH postati dio EU-a\u201d, rekao je Brki\u0107.<\/p>\n\n\n\n<p>Izbori u BiH odr\u017eavaju se 2. listopada a hrvatski ministar vanjskih poslova Gordan Grli\u0107-Radman izjavio je u subotu da se do tada te\u0161ko mo\u017ee izmijeniti izborni zakon u toj zemlji.<\/p>\n\n\n\n<p>Brki\u0107 se nada da \u0107e se ipak ne\u0161to promijeniti u budu\u0107nosti.<\/p>\n\n\n\n<p>\u201cGdje ima volje ima i na\u010dina da se vratimo, odnosno da pobolj\u0161amo te postavke Daytonskog mirovnog sporazuma kako bi sva tri konstitutivna naroda u punini u\u017eivala jednakopravnost u BiH. Danas to nije slu\u010daj\u201d, zaklju\u010dio je.<\/p>\n\n\n\n<p>Godine 1995. su se u ameri\u010dkom gradu Daytonu predsjednici Hrvatske, BiH i Srbije usuglasili o ure\u0111enju Bosne i Hercegovine nakon rata nastalog raspadom Jugoslavije.<\/p>\n\n\n\n<p>Deset zemalja jadransko-jonskog prostora zatra\u017eile su pro\u0161li tjedan od Europske unije da \u201c\u0161to je mogu\u0107e prije dodijeli status kandidata BiH\u201d za ulazak u EU.<\/p>\n\n\n\n<p>\u201cSvi znaju da je BiH na svom europskom putu posebna, specifi\u010dna, ali da ovaj \u2018set up\u2019 3 (konstitutivna naroda) \u2013 2 (entiteta) \u2013 1 (dr\u017eava) nije nikakva zapreka za nastavak europskih i euroatlantskih integracija\u201d, zaklju\u010dio je Brki\u0107.<\/p>\n\n\n\n<p>\/HMS\/<\/p>\n","protected":false},"excerpt":{"rendered":"<p>Zamjenik ministrice vanjskih poslova BiH Josip Brki\u0107, koji je sudjelovao na Jadransko-jonskom forumu u Tirani, rekao je za Hinu da se sve vi\u0161e zemalja interesira za situaciju u BiH i inzistiranje Hrvata na promjeni izbornog zakona. \u201cSve ve\u0107i broj zemalja se interesira za stanje u BiH. Znaju i razumiju poziciju ne samo Hrvata u BiH [&hellip;]<\/p>\n","protected":false},"author":2,"featured_media":143356,"comment_status":"closed","ping_status":"closed","sticky":false,"template":"","format":"standard","meta":{"h5ap_radio_sources":[],"footnotes":""},"categories":[1],"tags":[],"class_list":["post-143355","post","type-post","status-publish","format-standard","has-post-thumbnail","hentry","category-bihiregija"],"yoast_head":"<!-- This site is optimized with the Yoast SEO plugin v27.5 - https:\/\/yoast.com\/product\/yoast-seo-wordpress\/ -->\n<title>Brki\u0107 u Tirani: Sve ve\u0107i broj zemalja se interesira za stanje u BiH. Razumiju poziciju Hrvata - RADIO LJUBU\u0160KI<\/title>\n<meta name=\"robots\" content=\"index, follow, max-snippet:-1, max-image-preview:large, max-video-preview:-1\" \/>\n<link rel=\"canonical\" href=\"https:\/\/radioljubuski.ba\/index.php\/2022\/05\/23\/brkic-u-tirani-sve-veci-broj-zemalja-se-interesira-za-stanje-u-bih-razumiju-poziciju-hrvata\/\" \/>\n<meta property=\"og:locale\" content=\"hr_HR\" \/>\n<meta property=\"og:type\" content=\"article\" \/>\n<meta property=\"og:title\" content=\"Brki\u0107 u Tirani: Sve ve\u0107i broj zemalja se interesira za stanje u BiH. Razumiju poziciju Hrvata - RADIO LJUBU\u0160KI\" \/>\n<meta property=\"og:description\" content=\"Zamjenik ministrice vanjskih poslova BiH Josip Brki\u0107, koji je sudjelovao na Jadransko-jonskom forumu u Tirani, rekao je za Hinu da se sve vi\u0161e zemalja interesira za situaciju u BiH i inzistiranje Hrvata na promjeni izbornog zakona. \u201cSve ve\u0107i broj zemalja se interesira za stanje u BiH. Znaju i razumiju poziciju ne samo Hrvata u BiH [&hellip;]\" \/>\n<meta property=\"og:url\" content=\"https:\/\/radioljubuski.ba\/index.php\/2022\/05\/23\/brkic-u-tirani-sve-veci-broj-zemalja-se-interesira-za-stanje-u-bih-razumiju-poziciju-hrvata\/\" \/>\n<meta property=\"og:site_name\" content=\"RADIO LJUBU\u0160KI\" \/>\n<meta property=\"article:publisher\" content=\"https:\/\/www.facebook.com\/Radiio-Ljubuski-1490835324566332\" \/>\n<meta property=\"article:published_time\" content=\"2022-05-23T11:12:57+00:00\" \/>\n<meta property=\"article:modified_time\" content=\"2022-05-23T11:12:59+00:00\" \/>\n<meta property=\"og:image\" content=\"https:\/\/radioljubuski.ba\/wp-content\/uploads\/2022\/05\/josip-brkic-zamjenika-ministra-vanjskih-poslova-810x540-702x336-1.jpg\" \/>\n\t<meta property=\"og:image:width\" content=\"702\" \/>\n\t<meta property=\"og:image:height\" content=\"336\" \/>\n\t<meta property=\"og:image:type\" content=\"image\/jpeg\" \/>\n<meta name=\"author\" content=\"Radio Ljubu\u0161ki\" \/>\n<meta name=\"twitter:card\" content=\"summary_large_image\" \/>\n<meta name=\"twitter:creator\" content=\"@radioljubuski\" \/>\n<meta name=\"twitter:site\" content=\"@radioljubuski\" \/>\n<meta name=\"twitter:label1\" content=\"Napisao\/la\" \/>\n\t<meta name=\"twitter:data1\" content=\"Radio Ljubu\u0161ki\" \/>\n\t<meta name=\"twitter:label2\" content=\"Procijenjeno vrijeme \u010ditanja\" \/>\n\t<meta name=\"twitter:data2\" content=\"4 minute\" \/>\n<script type=\"application\/ld+json\" class=\"yoast-schema-graph\">{\"@context\":\"https:\\\/\\\/schema.org\",\"@graph\":[{\"@type\":\"Article\",\"@id\":\"https:\\\/\\\/radioljubuski.ba\\\/index.php\\\/2022\\\/05\\\/23\\\/brkic-u-tirani-sve-veci-broj-zemalja-se-interesira-za-stanje-u-bih-razumiju-poziciju-hrvata\\\/#article\",\"isPartOf\":{\"@id\":\"https:\\\/\\\/radioljubuski.ba\\\/index.php\\\/2022\\\/05\\\/23\\\/brkic-u-tirani-sve-veci-broj-zemalja-se-interesira-za-stanje-u-bih-razumiju-poziciju-hrvata\\\/\"},\"author\":{\"name\":\"Radio Ljubu\u0161ki\",\"@id\":\"https:\\\/\\\/radioljubuski.ba\\\/#\\\/schema\\\/person\\\/19fc700381a780f69665d7956c469e3b\"},\"headline\":\"Brki\u0107 u Tirani: Sve ve\u0107i broj zemalja se interesira za stanje u BiH. Razumiju poziciju Hrvata\",\"datePublished\":\"2022-05-23T11:12:57+00:00\",\"dateModified\":\"2022-05-23T11:12:59+00:00\",\"mainEntityOfPage\":{\"@id\":\"https:\\\/\\\/radioljubuski.ba\\\/index.php\\\/2022\\\/05\\\/23\\\/brkic-u-tirani-sve-veci-broj-zemalja-se-interesira-za-stanje-u-bih-razumiju-poziciju-hrvata\\\/\"},\"wordCount\":823,\"publisher\":{\"@id\":\"https:\\\/\\\/radioljubuski.ba\\\/#organization\"},\"image\":{\"@id\":\"https:\\\/\\\/radioljubuski.ba\\\/index.php\\\/2022\\\/05\\\/23\\\/brkic-u-tirani-sve-veci-broj-zemalja-se-interesira-za-stanje-u-bih-razumiju-poziciju-hrvata\\\/#primaryimage\"},\"thumbnailUrl\":\"https:\\\/\\\/radioljubuski.ba\\\/wp-content\\\/uploads\\\/2022\\\/05\\\/josip-brkic-zamjenika-ministra-vanjskih-poslova-810x540-702x336-1.jpg\",\"articleSection\":[\"BIH i regija\"],\"inLanguage\":\"hr\"},{\"@type\":\"WebPage\",\"@id\":\"https:\\\/\\\/radioljubuski.ba\\\/index.php\\\/2022\\\/05\\\/23\\\/brkic-u-tirani-sve-veci-broj-zemalja-se-interesira-za-stanje-u-bih-razumiju-poziciju-hrvata\\\/\",\"url\":\"https:\\\/\\\/radioljubuski.ba\\\/index.php\\\/2022\\\/05\\\/23\\\/brkic-u-tirani-sve-veci-broj-zemalja-se-interesira-za-stanje-u-bih-razumiju-poziciju-hrvata\\\/\",\"name\":\"Brki\u0107 u Tirani: Sve ve\u0107i broj zemalja se interesira za stanje u BiH. Razumiju poziciju Hrvata - RADIO LJUBU\u0160KI\",\"isPartOf\":{\"@id\":\"https:\\\/\\\/radioljubuski.ba\\\/#website\"},\"primaryImageOfPage\":{\"@id\":\"https:\\\/\\\/radioljubuski.ba\\\/index.php\\\/2022\\\/05\\\/23\\\/brkic-u-tirani-sve-veci-broj-zemalja-se-interesira-za-stanje-u-bih-razumiju-poziciju-hrvata\\\/#primaryimage\"},\"image\":{\"@id\":\"https:\\\/\\\/radioljubuski.ba\\\/index.php\\\/2022\\\/05\\\/23\\\/brkic-u-tirani-sve-veci-broj-zemalja-se-interesira-za-stanje-u-bih-razumiju-poziciju-hrvata\\\/#primaryimage\"},\"thumbnailUrl\":\"https:\\\/\\\/radioljubuski.ba\\\/wp-content\\\/uploads\\\/2022\\\/05\\\/josip-brkic-zamjenika-ministra-vanjskih-poslova-810x540-702x336-1.jpg\",\"datePublished\":\"2022-05-23T11:12:57+00:00\",\"dateModified\":\"2022-05-23T11:12:59+00:00\",\"breadcrumb\":{\"@id\":\"https:\\\/\\\/radioljubuski.ba\\\/index.php\\\/2022\\\/05\\\/23\\\/brkic-u-tirani-sve-veci-broj-zemalja-se-interesira-za-stanje-u-bih-razumiju-poziciju-hrvata\\\/#breadcrumb\"},\"inLanguage\":\"hr\",\"potentialAction\":[{\"@type\":\"ReadAction\",\"target\":[\"https:\\\/\\\/radioljubuski.ba\\\/index.php\\\/2022\\\/05\\\/23\\\/brkic-u-tirani-sve-veci-broj-zemalja-se-interesira-za-stanje-u-bih-razumiju-poziciju-hrvata\\\/\"]}]},{\"@type\":\"ImageObject\",\"inLanguage\":\"hr\",\"@id\":\"https:\\\/\\\/radioljubuski.ba\\\/index.php\\\/2022\\\/05\\\/23\\\/brkic-u-tirani-sve-veci-broj-zemalja-se-interesira-za-stanje-u-bih-razumiju-poziciju-hrvata\\\/#primaryimage\",\"url\":\"https:\\\/\\\/radioljubuski.ba\\\/wp-content\\\/uploads\\\/2022\\\/05\\\/josip-brkic-zamjenika-ministra-vanjskih-poslova-810x540-702x336-1.jpg\",\"contentUrl\":\"https:\\\/\\\/radioljubuski.ba\\\/wp-content\\\/uploads\\\/2022\\\/05\\\/josip-brkic-zamjenika-ministra-vanjskih-poslova-810x540-702x336-1.jpg\",\"width\":702,\"height\":336},{\"@type\":\"BreadcrumbList\",\"@id\":\"https:\\\/\\\/radioljubuski.ba\\\/index.php\\\/2022\\\/05\\\/23\\\/brkic-u-tirani-sve-veci-broj-zemalja-se-interesira-za-stanje-u-bih-razumiju-poziciju-hrvata\\\/#breadcrumb\",\"itemListElement\":[{\"@type\":\"ListItem\",\"position\":1,\"name\":\"Po\u010detna stranica\",\"item\":\"https:\\\/\\\/radioljubuski.ba\\\/\"},{\"@type\":\"ListItem\",\"position\":2,\"name\":\"Brki\u0107 u Tirani: Sve ve\u0107i broj zemalja se interesira za stanje u BiH. Razumiju poziciju Hrvata\"}]},{\"@type\":\"WebSite\",\"@id\":\"https:\\\/\\\/radioljubuski.ba\\\/#website\",\"url\":\"https:\\\/\\\/radioljubuski.ba\\\/\",\"name\":\"Radio Ljubu\u0161ki\",\"description\":\"Sun\u010dana frekvencija Hercegovine\",\"publisher\":{\"@id\":\"https:\\\/\\\/radioljubuski.ba\\\/#organization\"},\"potentialAction\":[{\"@type\":\"SearchAction\",\"target\":{\"@type\":\"EntryPoint\",\"urlTemplate\":\"https:\\\/\\\/radioljubuski.ba\\\/?s={search_term_string}\"},\"query-input\":{\"@type\":\"PropertyValueSpecification\",\"valueRequired\":true,\"valueName\":\"search_term_string\"}}],\"inLanguage\":\"hr\"},{\"@type\":\"Organization\",\"@id\":\"https:\\\/\\\/radioljubuski.ba\\\/#organization\",\"name\":\"Radio Ljubu\u0161ki\",\"url\":\"https:\\\/\\\/radioljubuski.ba\\\/\",\"logo\":{\"@type\":\"ImageObject\",\"inLanguage\":\"hr\",\"@id\":\"https:\\\/\\\/radioljubuski.ba\\\/#\\\/schema\\\/logo\\\/image\\\/\",\"url\":\"https:\\\/\\\/radioljubuski.ba\\\/wp-content\\\/uploads\\\/2021\\\/02\\\/cropped-Radio_Ljubuski_logo1.jpg\",\"contentUrl\":\"https:\\\/\\\/radioljubuski.ba\\\/wp-content\\\/uploads\\\/2021\\\/02\\\/cropped-Radio_Ljubuski_logo1.jpg\",\"width\":512,\"height\":512,\"caption\":\"Radio Ljubu\u0161ki\"},\"image\":{\"@id\":\"https:\\\/\\\/radioljubuski.ba\\\/#\\\/schema\\\/logo\\\/image\\\/\"},\"sameAs\":[\"https:\\\/\\\/www.facebook.com\\\/Radiio-Ljubuski-1490835324566332\",\"https:\\\/\\\/x.com\\\/radioljubuski\",\"https:\\\/\\\/hr.linkedin.com\\\/company\\\/radio-ljubuski\",\"https:\\\/\\\/www.youtube.com\\\/channel\\\/UCHYaeO_n0Db3tjNGudGpXyw\"]},{\"@type\":\"Person\",\"@id\":\"https:\\\/\\\/radioljubuski.ba\\\/#\\\/schema\\\/person\\\/19fc700381a780f69665d7956c469e3b\",\"name\":\"Radio Ljubu\u0161ki\"}]}<\/script>\n<!-- \/ Yoast SEO plugin. -->","yoast_head_json":{"title":"Brki\u0107 u Tirani: Sve ve\u0107i broj zemalja se interesira za stanje u BiH. Razumiju poziciju Hrvata - RADIO LJUBU\u0160KI","robots":{"index":"index","follow":"follow","max-snippet":"max-snippet:-1","max-image-preview":"max-image-preview:large","max-video-preview":"max-video-preview:-1"},"canonical":"https:\/\/radioljubuski.ba\/index.php\/2022\/05\/23\/brkic-u-tirani-sve-veci-broj-zemalja-se-interesira-za-stanje-u-bih-razumiju-poziciju-hrvata\/","og_locale":"hr_HR","og_type":"article","og_title":"Brki\u0107 u Tirani: Sve ve\u0107i broj zemalja se interesira za stanje u BiH. Razumiju poziciju Hrvata - RADIO LJUBU\u0160KI","og_description":"Zamjenik ministrice vanjskih poslova BiH Josip Brki\u0107, koji je sudjelovao na Jadransko-jonskom forumu u Tirani, rekao je za Hinu da se sve vi\u0161e zemalja interesira za situaciju u BiH i inzistiranje Hrvata na promjeni izbornog zakona. \u201cSve ve\u0107i broj zemalja se interesira za stanje u BiH. Znaju i razumiju poziciju ne samo Hrvata u BiH [&hellip;]","og_url":"https:\/\/radioljubuski.ba\/index.php\/2022\/05\/23\/brkic-u-tirani-sve-veci-broj-zemalja-se-interesira-za-stanje-u-bih-razumiju-poziciju-hrvata\/","og_site_name":"RADIO LJUBU\u0160KI","article_publisher":"https:\/\/www.facebook.com\/Radiio-Ljubuski-1490835324566332","article_published_time":"2022-05-23T11:12:57+00:00","article_modified_time":"2022-05-23T11:12:59+00:00","og_image":[{"width":702,"height":336,"url":"https:\/\/radioljubuski.ba\/wp-content\/uploads\/2022\/05\/josip-brkic-zamjenika-ministra-vanjskih-poslova-810x540-702x336-1.jpg","type":"image\/jpeg"}],"author":"Radio Ljubu\u0161ki","twitter_card":"summary_large_image","twitter_creator":"@radioljubuski","twitter_site":"@radioljubuski","twitter_misc":{"Napisao\/la":"Radio Ljubu\u0161ki","Procijenjeno vrijeme \u010ditanja":"4 minute"},"schema":{"@context":"https:\/\/schema.org","@graph":[{"@type":"Article","@id":"https:\/\/radioljubuski.ba\/index.php\/2022\/05\/23\/brkic-u-tirani-sve-veci-broj-zemalja-se-interesira-za-stanje-u-bih-razumiju-poziciju-hrvata\/#article","isPartOf":{"@id":"https:\/\/radioljubuski.ba\/index.php\/2022\/05\/23\/brkic-u-tirani-sve-veci-broj-zemalja-se-interesira-za-stanje-u-bih-razumiju-poziciju-hrvata\/"},"author":{"name":"Radio Ljubu\u0161ki","@id":"https:\/\/radioljubuski.ba\/#\/schema\/person\/19fc700381a780f69665d7956c469e3b"},"headline":"Brki\u0107 u Tirani: Sve ve\u0107i broj zemalja se interesira za stanje u BiH. Razumiju poziciju Hrvata","datePublished":"2022-05-23T11:12:57+00:00","dateModified":"2022-05-23T11:12:59+00:00","mainEntityOfPage":{"@id":"https:\/\/radioljubuski.ba\/index.php\/2022\/05\/23\/brkic-u-tirani-sve-veci-broj-zemalja-se-interesira-za-stanje-u-bih-razumiju-poziciju-hrvata\/"},"wordCount":823,"publisher":{"@id":"https:\/\/radioljubuski.ba\/#organization"},"image":{"@id":"https:\/\/radioljubuski.ba\/index.php\/2022\/05\/23\/brkic-u-tirani-sve-veci-broj-zemalja-se-interesira-za-stanje-u-bih-razumiju-poziciju-hrvata\/#primaryimage"},"thumbnailUrl":"https:\/\/radioljubuski.ba\/wp-content\/uploads\/2022\/05\/josip-brkic-zamjenika-ministra-vanjskih-poslova-810x540-702x336-1.jpg","articleSection":["BIH i regija"],"inLanguage":"hr"},{"@type":"WebPage","@id":"https:\/\/radioljubuski.ba\/index.php\/2022\/05\/23\/brkic-u-tirani-sve-veci-broj-zemalja-se-interesira-za-stanje-u-bih-razumiju-poziciju-hrvata\/","url":"https:\/\/radioljubuski.ba\/index.php\/2022\/05\/23\/brkic-u-tirani-sve-veci-broj-zemalja-se-interesira-za-stanje-u-bih-razumiju-poziciju-hrvata\/","name":"Brki\u0107 u Tirani: Sve ve\u0107i broj zemalja se interesira za stanje u BiH. Razumiju poziciju Hrvata - RADIO LJUBU\u0160KI","isPartOf":{"@id":"https:\/\/radioljubuski.ba\/#website"},"primaryImageOfPage":{"@id":"https:\/\/radioljubuski.ba\/index.php\/2022\/05\/23\/brkic-u-tirani-sve-veci-broj-zemalja-se-interesira-za-stanje-u-bih-razumiju-poziciju-hrvata\/#primaryimage"},"image":{"@id":"https:\/\/radioljubuski.ba\/index.php\/2022\/05\/23\/brkic-u-tirani-sve-veci-broj-zemalja-se-interesira-za-stanje-u-bih-razumiju-poziciju-hrvata\/#primaryimage"},"thumbnailUrl":"https:\/\/radioljubuski.ba\/wp-content\/uploads\/2022\/05\/josip-brkic-zamjenika-ministra-vanjskih-poslova-810x540-702x336-1.jpg","datePublished":"2022-05-23T11:12:57+00:00","dateModified":"2022-05-23T11:12:59+00:00","breadcrumb":{"@id":"https:\/\/radioljubuski.ba\/index.php\/2022\/05\/23\/brkic-u-tirani-sve-veci-broj-zemalja-se-interesira-za-stanje-u-bih-razumiju-poziciju-hrvata\/#breadcrumb"},"inLanguage":"hr","potentialAction":[{"@type":"ReadAction","target":["https:\/\/radioljubuski.ba\/index.php\/2022\/05\/23\/brkic-u-tirani-sve-veci-broj-zemalja-se-interesira-za-stanje-u-bih-razumiju-poziciju-hrvata\/"]}]},{"@type":"ImageObject","inLanguage":"hr","@id":"https:\/\/radioljubuski.ba\/index.php\/2022\/05\/23\/brkic-u-tirani-sve-veci-broj-zemalja-se-interesira-za-stanje-u-bih-razumiju-poziciju-hrvata\/#primaryimage","url":"https:\/\/radioljubuski.ba\/wp-content\/uploads\/2022\/05\/josip-brkic-zamjenika-ministra-vanjskih-poslova-810x540-702x336-1.jpg","contentUrl":"https:\/\/radioljubuski.ba\/wp-content\/uploads\/2022\/05\/josip-brkic-zamjenika-ministra-vanjskih-poslova-810x540-702x336-1.jpg","width":702,"height":336},{"@type":"BreadcrumbList","@id":"https:\/\/radioljubuski.ba\/index.php\/2022\/05\/23\/brkic-u-tirani-sve-veci-broj-zemalja-se-interesira-za-stanje-u-bih-razumiju-poziciju-hrvata\/#breadcrumb","itemListElement":[{"@type":"ListItem","position":1,"name":"Po\u010detna stranica","item":"https:\/\/radioljubuski.ba\/"},{"@type":"ListItem","position":2,"name":"Brki\u0107 u Tirani: Sve ve\u0107i broj zemalja se interesira za stanje u BiH. Razumiju poziciju Hrvata"}]},{"@type":"WebSite","@id":"https:\/\/radioljubuski.ba\/#website","url":"https:\/\/radioljubuski.ba\/","name":"Radio Ljubu\u0161ki","description":"Sun\u010dana frekvencija Hercegovine","publisher":{"@id":"https:\/\/radioljubuski.ba\/#organization"},"potentialAction":[{"@type":"SearchAction","target":{"@type":"EntryPoint","urlTemplate":"https:\/\/radioljubuski.ba\/?s={search_term_string}"},"query-input":{"@type":"PropertyValueSpecification","valueRequired":true,"valueName":"search_term_string"}}],"inLanguage":"hr"},{"@type":"Organization","@id":"https:\/\/radioljubuski.ba\/#organization","name":"Radio Ljubu\u0161ki","url":"https:\/\/radioljubuski.ba\/","logo":{"@type":"ImageObject","inLanguage":"hr","@id":"https:\/\/radioljubuski.ba\/#\/schema\/logo\/image\/","url":"https:\/\/radioljubuski.ba\/wp-content\/uploads\/2021\/02\/cropped-Radio_Ljubuski_logo1.jpg","contentUrl":"https:\/\/radioljubuski.ba\/wp-content\/uploads\/2021\/02\/cropped-Radio_Ljubuski_logo1.jpg","width":512,"height":512,"caption":"Radio Ljubu\u0161ki"},"image":{"@id":"https:\/\/radioljubuski.ba\/#\/schema\/logo\/image\/"},"sameAs":["https:\/\/www.facebook.com\/Radiio-Ljubuski-1490835324566332","https:\/\/x.com\/radioljubuski","https:\/\/hr.linkedin.com\/company\/radio-ljubuski","https:\/\/www.youtube.com\/channel\/UCHYaeO_n0Db3tjNGudGpXyw"]},{"@type":"Person","@id":"https:\/\/radioljubuski.ba\/#\/schema\/person\/19fc700381a780f69665d7956c469e3b","name":"Radio Ljubu\u0161ki"}]}},"_links":{"self":[{"href":"https:\/\/radioljubuski.ba\/index.php\/wp-json\/wp\/v2\/posts\/143355","targetHints":{"allow":["GET"]}}],"collection":[{"href":"https:\/\/radioljubuski.ba\/index.php\/wp-json\/wp\/v2\/posts"}],"about":[{"href":"https:\/\/radioljubuski.ba\/index.php\/wp-json\/wp\/v2\/types\/post"}],"author":[{"embeddable":true,"href":"https:\/\/radioljubuski.ba\/index.php\/wp-json\/wp\/v2\/users\/2"}],"replies":[{"embeddable":true,"href":"https:\/\/radioljubuski.ba\/index.php\/wp-json\/wp\/v2\/comments?post=143355"}],"version-history":[{"count":1,"href":"https:\/\/radioljubuski.ba\/index.php\/wp-json\/wp\/v2\/posts\/143355\/revisions"}],"predecessor-version":[{"id":143357,"href":"https:\/\/radioljubuski.ba\/index.php\/wp-json\/wp\/v2\/posts\/143355\/revisions\/143357"}],"wp:featuredmedia":[{"embeddable":true,"href":"https:\/\/radioljubuski.ba\/index.php\/wp-json\/wp\/v2\/media\/143356"}],"wp:attachment":[{"href":"https:\/\/radioljubuski.ba\/index.php\/wp-json\/wp\/v2\/media?parent=143355"}],"wp:term":[{"taxonomy":"category","embeddable":true,"href":"https:\/\/radioljubuski.ba\/index.php\/wp-json\/wp\/v2\/categories?post=143355"},{"taxonomy":"post_tag","embeddable":true,"href":"https:\/\/radioljubuski.ba\/index.php\/wp-json\/wp\/v2\/tags?post=143355"}],"curies":[{"name":"wp","href":"https:\/\/api.w.org\/{rel}","templated":true}]}}