{"id":143358,"date":"2022-05-23T12:14:01","date_gmt":"2022-05-23T11:14:01","guid":{"rendered":"https:\/\/radioljubuski.ba\/?p=143358"},"modified":"2022-05-23T12:14:02","modified_gmt":"2022-05-23T11:14:02","slug":"bosnjaci-sazivaju-sjednicu-doma-naroda-sip-bih-donio-odluku-u-prekovremenom-radu-jer-nemaju-novca-za-zaposljavanje-novih-kadrova","status":"publish","type":"post","link":"https:\/\/radioljubuski.ba\/index.php\/2022\/05\/23\/bosnjaci-sazivaju-sjednicu-doma-naroda-sip-bih-donio-odluku-u-prekovremenom-radu-jer-nemaju-novca-za-zaposljavanje-novih-kadrova\/","title":{"rendered":"Bo\u0161njaci sazivaju sjednicu Doma naroda, SIP BIH donio odluku u prekovremenom radu jer nemaju novca za zapo\u0161ljavanje novih kadrova"},"content":{"rendered":"\n<p>Za danas je zakazana hitna sjednica Doma naroda Parlamentarne skup\u0161tine BiH na zahtjev bo\u0161nja\u010dkih izaslanika kako bi se osigurala nov\u010dana sredstva za op\u0107e izbore u BiH 2. listopada, najavljeno je iz parlamenta BiH.<\/p>\n\n\n\n<p>Svih pet izaslanika Kluba Bo\u0161njaka u Domu naroda potpisali su i 16. svibnja dostavili Kolegiju Doma naroda zahtjev za sazivanje hitne sjednice kako bi bila osigurana nov\u010dana sredstava za op\u0107e izbore.<\/p>\n\n\n\n<p>Prijedlogom zaklju\u010dka koji je u sklopu zahtjeva za odr\u017eavanje hitne sjednice predvi\u0111a se da Dom naroda nalo\u017ei Vije\u0107u ministara dono\u0161enje odluke o odobravanju i raspodjeli sredstava u iznosu od 12,5 milijuna KM na ime rashoda Sredi\u0161njeg izbornog povjerenstva BiH za odr\u017eavanje ovogodi\u0161njih op\u0107ih izbora.<\/p>\n\n\n\n<p>Zatra\u017eeno je da sjednici, osim predsjedavaju\u0107eg Vije\u0107a ministara Zorana Tegeltije i ministra financija i trezora u Vije\u0107u ministara Vjekoslava Bevande, nazo\u010di i predsjednik SIP-a BiH Suad Arnautovi\u0107.<\/p>\n\n\n\n<p>Zamjenik predsjedavaju\u0107eg Doma naroda Nikola \u0160piri\u0107 izjavio je ranije Srni da je besmisleno odr\u017eavati hitnu sjednicu koju je tra\u017eio Klub bo\u0161nja\u010dkog naroda nakon neuspjelog poku\u0161aja Vije\u0107a ministara da do\u0111e do odluke o financiranju izbora, jer je Ministarstvo financija i trezora u Vije\u0107u ministara upozorilo da se radi o nezakonitoj odluci.<\/p>\n\n\n\n<p>Tako\u0111er, kada su Hrvati poku\u0161ali nedavno sazvati sjednicu i rije\u0161iti pitanje izbornog zakona, Bo\u0161njaci su odbili zasjedati i rije\u0161iti problem. Danas na sve na\u010dine poku\u0161avaju rije\u0161iti pitanje izbora na kojima bi birali predstavnike Hrvata i jedan konstitutivni narod u\u010dili politi\u010dki nebitnim.<\/p>\n\n\n\n<p>SIP BIH je u me\u0111uvremenu poru\u010dio kako moraju raditi prekovremeno jer nemaju novca da zaposle nove kadrove i stignu obaviti sve poslove oko pripreme izbora.<\/p>\n\n\n\n<p>\/HMS\/<\/p>\n","protected":false},"excerpt":{"rendered":"<p>Za danas je zakazana hitna sjednica Doma naroda Parlamentarne skup\u0161tine BiH na zahtjev bo\u0161nja\u010dkih izaslanika kako bi se osigurala nov\u010dana sredstva za op\u0107e izbore u BiH 2. listopada, najavljeno je iz parlamenta BiH. Svih pet izaslanika Kluba Bo\u0161njaka u Domu naroda potpisali su i 16. svibnja dostavili Kolegiju Doma naroda zahtjev za sazivanje hitne sjednice [&hellip;]<\/p>\n","protected":false},"author":2,"featured_media":140436,"comment_status":"closed","ping_status":"closed","sticky":false,"template":"","format":"standard","meta":{"h5ap_radio_sources":[],"footnotes":""},"categories":[1],"tags":[],"class_list":["post-143358","post","type-post","status-publish","format-standard","has-post-thumbnail","hentry","category-bihiregija"],"yoast_head":"<!-- This site is optimized with the Yoast SEO plugin v27.5 - https:\/\/yoast.com\/product\/yoast-seo-wordpress\/ -->\n<title>Bo\u0161njaci sazivaju sjednicu Doma naroda, SIP BIH donio odluku u prekovremenom radu jer nemaju novca za zapo\u0161ljavanje novih kadrova - RADIO LJUBU\u0160KI<\/title>\n<meta name=\"robots\" content=\"index, follow, max-snippet:-1, max-image-preview:large, max-video-preview:-1\" \/>\n<link rel=\"canonical\" href=\"https:\/\/radioljubuski.ba\/index.php\/2022\/05\/23\/bosnjaci-sazivaju-sjednicu-doma-naroda-sip-bih-donio-odluku-u-prekovremenom-radu-jer-nemaju-novca-za-zaposljavanje-novih-kadrova\/\" \/>\n<meta property=\"og:locale\" content=\"hr_HR\" \/>\n<meta property=\"og:type\" content=\"article\" \/>\n<meta property=\"og:title\" content=\"Bo\u0161njaci sazivaju sjednicu Doma naroda, SIP BIH donio odluku u prekovremenom radu jer nemaju novca za zapo\u0161ljavanje novih kadrova - RADIO LJUBU\u0160KI\" \/>\n<meta property=\"og:description\" content=\"Za danas je zakazana hitna sjednica Doma naroda Parlamentarne skup\u0161tine BiH na zahtjev bo\u0161nja\u010dkih izaslanika kako bi se osigurala nov\u010dana sredstva za op\u0107e izbore u BiH 2. listopada, najavljeno je iz parlamenta BiH. Svih pet izaslanika Kluba Bo\u0161njaka u Domu naroda potpisali su i 16. svibnja dostavili Kolegiju Doma naroda zahtjev za sazivanje hitne sjednice [&hellip;]\" \/>\n<meta property=\"og:url\" content=\"https:\/\/radioljubuski.ba\/index.php\/2022\/05\/23\/bosnjaci-sazivaju-sjednicu-doma-naroda-sip-bih-donio-odluku-u-prekovremenom-radu-jer-nemaju-novca-za-zaposljavanje-novih-kadrova\/\" \/>\n<meta property=\"og:site_name\" content=\"RADIO LJUBU\u0160KI\" \/>\n<meta property=\"article:publisher\" content=\"https:\/\/www.facebook.com\/Radiio-Ljubuski-1490835324566332\" \/>\n<meta property=\"article:published_time\" content=\"2022-05-23T11:14:01+00:00\" \/>\n<meta property=\"article:modified_time\" content=\"2022-05-23T11:14:02+00:00\" \/>\n<meta property=\"og:image\" content=\"https:\/\/radioljubuski.ba\/wp-content\/uploads\/2022\/05\/8-2022-03-16-14-52-28-dom-naroda.jpg\" \/>\n\t<meta property=\"og:image:width\" content=\"1000\" \/>\n\t<meta property=\"og:image:height\" content=\"625\" \/>\n\t<meta property=\"og:image:type\" content=\"image\/jpeg\" \/>\n<meta name=\"author\" content=\"Radio Ljubu\u0161ki\" \/>\n<meta name=\"twitter:card\" content=\"summary_large_image\" \/>\n<meta name=\"twitter:creator\" content=\"@radioljubuski\" \/>\n<meta name=\"twitter:site\" content=\"@radioljubuski\" \/>\n<meta name=\"twitter:label1\" content=\"Napisao\/la\" \/>\n\t<meta name=\"twitter:data1\" content=\"Radio Ljubu\u0161ki\" \/>\n\t<meta name=\"twitter:label2\" content=\"Procijenjeno vrijeme \u010ditanja\" \/>\n\t<meta name=\"twitter:data2\" content=\"2 minute\" \/>\n<script type=\"application\/ld+json\" class=\"yoast-schema-graph\">{\"@context\":\"https:\\\/\\\/schema.org\",\"@graph\":[{\"@type\":\"Article\",\"@id\":\"https:\\\/\\\/radioljubuski.ba\\\/index.php\\\/2022\\\/05\\\/23\\\/bosnjaci-sazivaju-sjednicu-doma-naroda-sip-bih-donio-odluku-u-prekovremenom-radu-jer-nemaju-novca-za-zaposljavanje-novih-kadrova\\\/#article\",\"isPartOf\":{\"@id\":\"https:\\\/\\\/radioljubuski.ba\\\/index.php\\\/2022\\\/05\\\/23\\\/bosnjaci-sazivaju-sjednicu-doma-naroda-sip-bih-donio-odluku-u-prekovremenom-radu-jer-nemaju-novca-za-zaposljavanje-novih-kadrova\\\/\"},\"author\":{\"name\":\"Radio Ljubu\u0161ki\",\"@id\":\"https:\\\/\\\/radioljubuski.ba\\\/#\\\/schema\\\/person\\\/19fc700381a780f69665d7956c469e3b\"},\"headline\":\"Bo\u0161njaci sazivaju sjednicu Doma naroda, SIP BIH donio odluku u prekovremenom radu jer nemaju novca za zapo\u0161ljavanje novih kadrova\",\"datePublished\":\"2022-05-23T11:14:01+00:00\",\"dateModified\":\"2022-05-23T11:14:02+00:00\",\"mainEntityOfPage\":{\"@id\":\"https:\\\/\\\/radioljubuski.ba\\\/index.php\\\/2022\\\/05\\\/23\\\/bosnjaci-sazivaju-sjednicu-doma-naroda-sip-bih-donio-odluku-u-prekovremenom-radu-jer-nemaju-novca-za-zaposljavanje-novih-kadrova\\\/\"},\"wordCount\":314,\"publisher\":{\"@id\":\"https:\\\/\\\/radioljubuski.ba\\\/#organization\"},\"image\":{\"@id\":\"https:\\\/\\\/radioljubuski.ba\\\/index.php\\\/2022\\\/05\\\/23\\\/bosnjaci-sazivaju-sjednicu-doma-naroda-sip-bih-donio-odluku-u-prekovremenom-radu-jer-nemaju-novca-za-zaposljavanje-novih-kadrova\\\/#primaryimage\"},\"thumbnailUrl\":\"https:\\\/\\\/radioljubuski.ba\\\/wp-content\\\/uploads\\\/2022\\\/05\\\/8-2022-03-16-14-52-28-dom-naroda.jpg\",\"articleSection\":[\"BIH i regija\"],\"inLanguage\":\"hr\"},{\"@type\":\"WebPage\",\"@id\":\"https:\\\/\\\/radioljubuski.ba\\\/index.php\\\/2022\\\/05\\\/23\\\/bosnjaci-sazivaju-sjednicu-doma-naroda-sip-bih-donio-odluku-u-prekovremenom-radu-jer-nemaju-novca-za-zaposljavanje-novih-kadrova\\\/\",\"url\":\"https:\\\/\\\/radioljubuski.ba\\\/index.php\\\/2022\\\/05\\\/23\\\/bosnjaci-sazivaju-sjednicu-doma-naroda-sip-bih-donio-odluku-u-prekovremenom-radu-jer-nemaju-novca-za-zaposljavanje-novih-kadrova\\\/\",\"name\":\"Bo\u0161njaci sazivaju sjednicu Doma naroda, SIP BIH donio odluku u prekovremenom radu jer nemaju novca za zapo\u0161ljavanje novih kadrova - RADIO LJUBU\u0160KI\",\"isPartOf\":{\"@id\":\"https:\\\/\\\/radioljubuski.ba\\\/#website\"},\"primaryImageOfPage\":{\"@id\":\"https:\\\/\\\/radioljubuski.ba\\\/index.php\\\/2022\\\/05\\\/23\\\/bosnjaci-sazivaju-sjednicu-doma-naroda-sip-bih-donio-odluku-u-prekovremenom-radu-jer-nemaju-novca-za-zaposljavanje-novih-kadrova\\\/#primaryimage\"},\"image\":{\"@id\":\"https:\\\/\\\/radioljubuski.ba\\\/index.php\\\/2022\\\/05\\\/23\\\/bosnjaci-sazivaju-sjednicu-doma-naroda-sip-bih-donio-odluku-u-prekovremenom-radu-jer-nemaju-novca-za-zaposljavanje-novih-kadrova\\\/#primaryimage\"},\"thumbnailUrl\":\"https:\\\/\\\/radioljubuski.ba\\\/wp-content\\\/uploads\\\/2022\\\/05\\\/8-2022-03-16-14-52-28-dom-naroda.jpg\",\"datePublished\":\"2022-05-23T11:14:01+00:00\",\"dateModified\":\"2022-05-23T11:14:02+00:00\",\"breadcrumb\":{\"@id\":\"https:\\\/\\\/radioljubuski.ba\\\/index.php\\\/2022\\\/05\\\/23\\\/bosnjaci-sazivaju-sjednicu-doma-naroda-sip-bih-donio-odluku-u-prekovremenom-radu-jer-nemaju-novca-za-zaposljavanje-novih-kadrova\\\/#breadcrumb\"},\"inLanguage\":\"hr\",\"potentialAction\":[{\"@type\":\"ReadAction\",\"target\":[\"https:\\\/\\\/radioljubuski.ba\\\/index.php\\\/2022\\\/05\\\/23\\\/bosnjaci-sazivaju-sjednicu-doma-naroda-sip-bih-donio-odluku-u-prekovremenom-radu-jer-nemaju-novca-za-zaposljavanje-novih-kadrova\\\/\"]}]},{\"@type\":\"ImageObject\",\"inLanguage\":\"hr\",\"@id\":\"https:\\\/\\\/radioljubuski.ba\\\/index.php\\\/2022\\\/05\\\/23\\\/bosnjaci-sazivaju-sjednicu-doma-naroda-sip-bih-donio-odluku-u-prekovremenom-radu-jer-nemaju-novca-za-zaposljavanje-novih-kadrova\\\/#primaryimage\",\"url\":\"https:\\\/\\\/radioljubuski.ba\\\/wp-content\\\/uploads\\\/2022\\\/05\\\/8-2022-03-16-14-52-28-dom-naroda.jpg\",\"contentUrl\":\"https:\\\/\\\/radioljubuski.ba\\\/wp-content\\\/uploads\\\/2022\\\/05\\\/8-2022-03-16-14-52-28-dom-naroda.jpg\",\"width\":1000,\"height\":625},{\"@type\":\"BreadcrumbList\",\"@id\":\"https:\\\/\\\/radioljubuski.ba\\\/index.php\\\/2022\\\/05\\\/23\\\/bosnjaci-sazivaju-sjednicu-doma-naroda-sip-bih-donio-odluku-u-prekovremenom-radu-jer-nemaju-novca-za-zaposljavanje-novih-kadrova\\\/#breadcrumb\",\"itemListElement\":[{\"@type\":\"ListItem\",\"position\":1,\"name\":\"Po\u010detna stranica\",\"item\":\"https:\\\/\\\/radioljubuski.ba\\\/\"},{\"@type\":\"ListItem\",\"position\":2,\"name\":\"Bo\u0161njaci sazivaju sjednicu Doma naroda, SIP BIH donio odluku u prekovremenom radu jer nemaju novca za zapo\u0161ljavanje novih kadrova\"}]},{\"@type\":\"WebSite\",\"@id\":\"https:\\\/\\\/radioljubuski.ba\\\/#website\",\"url\":\"https:\\\/\\\/radioljubuski.ba\\\/\",\"name\":\"Radio Ljubu\u0161ki\",\"description\":\"Sun\u010dana frekvencija Hercegovine\",\"publisher\":{\"@id\":\"https:\\\/\\\/radioljubuski.ba\\\/#organization\"},\"potentialAction\":[{\"@type\":\"SearchAction\",\"target\":{\"@type\":\"EntryPoint\",\"urlTemplate\":\"https:\\\/\\\/radioljubuski.ba\\\/?s={search_term_string}\"},\"query-input\":{\"@type\":\"PropertyValueSpecification\",\"valueRequired\":true,\"valueName\":\"search_term_string\"}}],\"inLanguage\":\"hr\"},{\"@type\":\"Organization\",\"@id\":\"https:\\\/\\\/radioljubuski.ba\\\/#organization\",\"name\":\"Radio Ljubu\u0161ki\",\"url\":\"https:\\\/\\\/radioljubuski.ba\\\/\",\"logo\":{\"@type\":\"ImageObject\",\"inLanguage\":\"hr\",\"@id\":\"https:\\\/\\\/radioljubuski.ba\\\/#\\\/schema\\\/logo\\\/image\\\/\",\"url\":\"https:\\\/\\\/radioljubuski.ba\\\/wp-content\\\/uploads\\\/2021\\\/02\\\/cropped-Radio_Ljubuski_logo1.jpg\",\"contentUrl\":\"https:\\\/\\\/radioljubuski.ba\\\/wp-content\\\/uploads\\\/2021\\\/02\\\/cropped-Radio_Ljubuski_logo1.jpg\",\"width\":512,\"height\":512,\"caption\":\"Radio Ljubu\u0161ki\"},\"image\":{\"@id\":\"https:\\\/\\\/radioljubuski.ba\\\/#\\\/schema\\\/logo\\\/image\\\/\"},\"sameAs\":[\"https:\\\/\\\/www.facebook.com\\\/Radiio-Ljubuski-1490835324566332\",\"https:\\\/\\\/x.com\\\/radioljubuski\",\"https:\\\/\\\/hr.linkedin.com\\\/company\\\/radio-ljubuski\",\"https:\\\/\\\/www.youtube.com\\\/channel\\\/UCHYaeO_n0Db3tjNGudGpXyw\"]},{\"@type\":\"Person\",\"@id\":\"https:\\\/\\\/radioljubuski.ba\\\/#\\\/schema\\\/person\\\/19fc700381a780f69665d7956c469e3b\",\"name\":\"Radio Ljubu\u0161ki\"}]}<\/script>\n<!-- \/ Yoast SEO plugin. -->","yoast_head_json":{"title":"Bo\u0161njaci sazivaju sjednicu Doma naroda, SIP BIH donio odluku u prekovremenom radu jer nemaju novca za zapo\u0161ljavanje novih kadrova - RADIO LJUBU\u0160KI","robots":{"index":"index","follow":"follow","max-snippet":"max-snippet:-1","max-image-preview":"max-image-preview:large","max-video-preview":"max-video-preview:-1"},"canonical":"https:\/\/radioljubuski.ba\/index.php\/2022\/05\/23\/bosnjaci-sazivaju-sjednicu-doma-naroda-sip-bih-donio-odluku-u-prekovremenom-radu-jer-nemaju-novca-za-zaposljavanje-novih-kadrova\/","og_locale":"hr_HR","og_type":"article","og_title":"Bo\u0161njaci sazivaju sjednicu Doma naroda, SIP BIH donio odluku u prekovremenom radu jer nemaju novca za zapo\u0161ljavanje novih kadrova - RADIO LJUBU\u0160KI","og_description":"Za danas je zakazana hitna sjednica Doma naroda Parlamentarne skup\u0161tine BiH na zahtjev bo\u0161nja\u010dkih izaslanika kako bi se osigurala nov\u010dana sredstva za op\u0107e izbore u BiH 2. listopada, najavljeno je iz parlamenta BiH. Svih pet izaslanika Kluba Bo\u0161njaka u Domu naroda potpisali su i 16. svibnja dostavili Kolegiju Doma naroda zahtjev za sazivanje hitne sjednice [&hellip;]","og_url":"https:\/\/radioljubuski.ba\/index.php\/2022\/05\/23\/bosnjaci-sazivaju-sjednicu-doma-naroda-sip-bih-donio-odluku-u-prekovremenom-radu-jer-nemaju-novca-za-zaposljavanje-novih-kadrova\/","og_site_name":"RADIO LJUBU\u0160KI","article_publisher":"https:\/\/www.facebook.com\/Radiio-Ljubuski-1490835324566332","article_published_time":"2022-05-23T11:14:01+00:00","article_modified_time":"2022-05-23T11:14:02+00:00","og_image":[{"width":1000,"height":625,"url":"https:\/\/radioljubuski.ba\/wp-content\/uploads\/2022\/05\/8-2022-03-16-14-52-28-dom-naroda.jpg","type":"image\/jpeg"}],"author":"Radio Ljubu\u0161ki","twitter_card":"summary_large_image","twitter_creator":"@radioljubuski","twitter_site":"@radioljubuski","twitter_misc":{"Napisao\/la":"Radio Ljubu\u0161ki","Procijenjeno vrijeme \u010ditanja":"2 minute"},"schema":{"@context":"https:\/\/schema.org","@graph":[{"@type":"Article","@id":"https:\/\/radioljubuski.ba\/index.php\/2022\/05\/23\/bosnjaci-sazivaju-sjednicu-doma-naroda-sip-bih-donio-odluku-u-prekovremenom-radu-jer-nemaju-novca-za-zaposljavanje-novih-kadrova\/#article","isPartOf":{"@id":"https:\/\/radioljubuski.ba\/index.php\/2022\/05\/23\/bosnjaci-sazivaju-sjednicu-doma-naroda-sip-bih-donio-odluku-u-prekovremenom-radu-jer-nemaju-novca-za-zaposljavanje-novih-kadrova\/"},"author":{"name":"Radio Ljubu\u0161ki","@id":"https:\/\/radioljubuski.ba\/#\/schema\/person\/19fc700381a780f69665d7956c469e3b"},"headline":"Bo\u0161njaci sazivaju sjednicu Doma naroda, SIP BIH donio odluku u prekovremenom radu jer nemaju novca za zapo\u0161ljavanje novih kadrova","datePublished":"2022-05-23T11:14:01+00:00","dateModified":"2022-05-23T11:14:02+00:00","mainEntityOfPage":{"@id":"https:\/\/radioljubuski.ba\/index.php\/2022\/05\/23\/bosnjaci-sazivaju-sjednicu-doma-naroda-sip-bih-donio-odluku-u-prekovremenom-radu-jer-nemaju-novca-za-zaposljavanje-novih-kadrova\/"},"wordCount":314,"publisher":{"@id":"https:\/\/radioljubuski.ba\/#organization"},"image":{"@id":"https:\/\/radioljubuski.ba\/index.php\/2022\/05\/23\/bosnjaci-sazivaju-sjednicu-doma-naroda-sip-bih-donio-odluku-u-prekovremenom-radu-jer-nemaju-novca-za-zaposljavanje-novih-kadrova\/#primaryimage"},"thumbnailUrl":"https:\/\/radioljubuski.ba\/wp-content\/uploads\/2022\/05\/8-2022-03-16-14-52-28-dom-naroda.jpg","articleSection":["BIH i regija"],"inLanguage":"hr"},{"@type":"WebPage","@id":"https:\/\/radioljubuski.ba\/index.php\/2022\/05\/23\/bosnjaci-sazivaju-sjednicu-doma-naroda-sip-bih-donio-odluku-u-prekovremenom-radu-jer-nemaju-novca-za-zaposljavanje-novih-kadrova\/","url":"https:\/\/radioljubuski.ba\/index.php\/2022\/05\/23\/bosnjaci-sazivaju-sjednicu-doma-naroda-sip-bih-donio-odluku-u-prekovremenom-radu-jer-nemaju-novca-za-zaposljavanje-novih-kadrova\/","name":"Bo\u0161njaci sazivaju sjednicu Doma naroda, SIP BIH donio odluku u prekovremenom radu jer nemaju novca za zapo\u0161ljavanje novih kadrova - RADIO LJUBU\u0160KI","isPartOf":{"@id":"https:\/\/radioljubuski.ba\/#website"},"primaryImageOfPage":{"@id":"https:\/\/radioljubuski.ba\/index.php\/2022\/05\/23\/bosnjaci-sazivaju-sjednicu-doma-naroda-sip-bih-donio-odluku-u-prekovremenom-radu-jer-nemaju-novca-za-zaposljavanje-novih-kadrova\/#primaryimage"},"image":{"@id":"https:\/\/radioljubuski.ba\/index.php\/2022\/05\/23\/bosnjaci-sazivaju-sjednicu-doma-naroda-sip-bih-donio-odluku-u-prekovremenom-radu-jer-nemaju-novca-za-zaposljavanje-novih-kadrova\/#primaryimage"},"thumbnailUrl":"https:\/\/radioljubuski.ba\/wp-content\/uploads\/2022\/05\/8-2022-03-16-14-52-28-dom-naroda.jpg","datePublished":"2022-05-23T11:14:01+00:00","dateModified":"2022-05-23T11:14:02+00:00","breadcrumb":{"@id":"https:\/\/radioljubuski.ba\/index.php\/2022\/05\/23\/bosnjaci-sazivaju-sjednicu-doma-naroda-sip-bih-donio-odluku-u-prekovremenom-radu-jer-nemaju-novca-za-zaposljavanje-novih-kadrova\/#breadcrumb"},"inLanguage":"hr","potentialAction":[{"@type":"ReadAction","target":["https:\/\/radioljubuski.ba\/index.php\/2022\/05\/23\/bosnjaci-sazivaju-sjednicu-doma-naroda-sip-bih-donio-odluku-u-prekovremenom-radu-jer-nemaju-novca-za-zaposljavanje-novih-kadrova\/"]}]},{"@type":"ImageObject","inLanguage":"hr","@id":"https:\/\/radioljubuski.ba\/index.php\/2022\/05\/23\/bosnjaci-sazivaju-sjednicu-doma-naroda-sip-bih-donio-odluku-u-prekovremenom-radu-jer-nemaju-novca-za-zaposljavanje-novih-kadrova\/#primaryimage","url":"https:\/\/radioljubuski.ba\/wp-content\/uploads\/2022\/05\/8-2022-03-16-14-52-28-dom-naroda.jpg","contentUrl":"https:\/\/radioljubuski.ba\/wp-content\/uploads\/2022\/05\/8-2022-03-16-14-52-28-dom-naroda.jpg","width":1000,"height":625},{"@type":"BreadcrumbList","@id":"https:\/\/radioljubuski.ba\/index.php\/2022\/05\/23\/bosnjaci-sazivaju-sjednicu-doma-naroda-sip-bih-donio-odluku-u-prekovremenom-radu-jer-nemaju-novca-za-zaposljavanje-novih-kadrova\/#breadcrumb","itemListElement":[{"@type":"ListItem","position":1,"name":"Po\u010detna stranica","item":"https:\/\/radioljubuski.ba\/"},{"@type":"ListItem","position":2,"name":"Bo\u0161njaci sazivaju sjednicu Doma naroda, SIP BIH donio odluku u prekovremenom radu jer nemaju novca za zapo\u0161ljavanje novih kadrova"}]},{"@type":"WebSite","@id":"https:\/\/radioljubuski.ba\/#website","url":"https:\/\/radioljubuski.ba\/","name":"Radio Ljubu\u0161ki","description":"Sun\u010dana frekvencija Hercegovine","publisher":{"@id":"https:\/\/radioljubuski.ba\/#organization"},"potentialAction":[{"@type":"SearchAction","target":{"@type":"EntryPoint","urlTemplate":"https:\/\/radioljubuski.ba\/?s={search_term_string}"},"query-input":{"@type":"PropertyValueSpecification","valueRequired":true,"valueName":"search_term_string"}}],"inLanguage":"hr"},{"@type":"Organization","@id":"https:\/\/radioljubuski.ba\/#organization","name":"Radio Ljubu\u0161ki","url":"https:\/\/radioljubuski.ba\/","logo":{"@type":"ImageObject","inLanguage":"hr","@id":"https:\/\/radioljubuski.ba\/#\/schema\/logo\/image\/","url":"https:\/\/radioljubuski.ba\/wp-content\/uploads\/2021\/02\/cropped-Radio_Ljubuski_logo1.jpg","contentUrl":"https:\/\/radioljubuski.ba\/wp-content\/uploads\/2021\/02\/cropped-Radio_Ljubuski_logo1.jpg","width":512,"height":512,"caption":"Radio Ljubu\u0161ki"},"image":{"@id":"https:\/\/radioljubuski.ba\/#\/schema\/logo\/image\/"},"sameAs":["https:\/\/www.facebook.com\/Radiio-Ljubuski-1490835324566332","https:\/\/x.com\/radioljubuski","https:\/\/hr.linkedin.com\/company\/radio-ljubuski","https:\/\/www.youtube.com\/channel\/UCHYaeO_n0Db3tjNGudGpXyw"]},{"@type":"Person","@id":"https:\/\/radioljubuski.ba\/#\/schema\/person\/19fc700381a780f69665d7956c469e3b","name":"Radio Ljubu\u0161ki"}]}},"_links":{"self":[{"href":"https:\/\/radioljubuski.ba\/index.php\/wp-json\/wp\/v2\/posts\/143358","targetHints":{"allow":["GET"]}}],"collection":[{"href":"https:\/\/radioljubuski.ba\/index.php\/wp-json\/wp\/v2\/posts"}],"about":[{"href":"https:\/\/radioljubuski.ba\/index.php\/wp-json\/wp\/v2\/types\/post"}],"author":[{"embeddable":true,"href":"https:\/\/radioljubuski.ba\/index.php\/wp-json\/wp\/v2\/users\/2"}],"replies":[{"embeddable":true,"href":"https:\/\/radioljubuski.ba\/index.php\/wp-json\/wp\/v2\/comments?post=143358"}],"version-history":[{"count":1,"href":"https:\/\/radioljubuski.ba\/index.php\/wp-json\/wp\/v2\/posts\/143358\/revisions"}],"predecessor-version":[{"id":143359,"href":"https:\/\/radioljubuski.ba\/index.php\/wp-json\/wp\/v2\/posts\/143358\/revisions\/143359"}],"wp:featuredmedia":[{"embeddable":true,"href":"https:\/\/radioljubuski.ba\/index.php\/wp-json\/wp\/v2\/media\/140436"}],"wp:attachment":[{"href":"https:\/\/radioljubuski.ba\/index.php\/wp-json\/wp\/v2\/media?parent=143358"}],"wp:term":[{"taxonomy":"category","embeddable":true,"href":"https:\/\/radioljubuski.ba\/index.php\/wp-json\/wp\/v2\/categories?post=143358"},{"taxonomy":"post_tag","embeddable":true,"href":"https:\/\/radioljubuski.ba\/index.php\/wp-json\/wp\/v2\/tags?post=143358"}],"curies":[{"name":"wp","href":"https:\/\/api.w.org\/{rel}","templated":true}]}}