{"id":143360,"date":"2022-05-23T12:15:02","date_gmt":"2022-05-23T11:15:02","guid":{"rendered":"https:\/\/radioljubuski.ba\/?p=143360"},"modified":"2022-05-23T12:15:03","modified_gmt":"2022-05-23T11:15:03","slug":"treba-sprijeciti-mogucnost-da-lazni-hrvati-mogu-preuzeti-pozicije-u-vlasti","status":"publish","type":"post","link":"https:\/\/radioljubuski.ba\/index.php\/2022\/05\/23\/treba-sprijeciti-mogucnost-da-lazni-hrvati-mogu-preuzeti-pozicije-u-vlasti\/","title":{"rendered":"Treba sprije\u010diti mogu\u0107nost da la\u017eni Hrvati mogu preuzeti pozicije u vlasti"},"content":{"rendered":"\n<p><strong>Gostuju\u0107i u emisiji HTV-a u nedjelju, \u017deljko Kom\u0161i\u0107, koji je na poziciju hrvatskog \u010dlana Predsjedni\u0161tva BiH stigao preglasavanjem ovoga naroda od \u010detiri puta brojnijih Bo\u0161njaka, posvjedo\u010dio je kako je odmah nakon rata poku\u0161ao do\u0107i do domovnice Republike Hrvatske, ali je nije uspio dobiti jer, kako tvrdi, nije \u201cdokazao da je Hrvat\u201d, pi\u0161e <a href=\"https:\/\/m.vecernji.ba\/vijesti\/treba-sprijeciti-mogucnost-da-lazni-hrvati-mogu-preuzeti-pozicije-u-vlasti-1588621\">Ve\u010dernji list BiH<\/a>.<\/strong><\/p>\n\n\n\n<p>To ponovno otvara potrebu reguliranja pitanja nacionalnog izja\u0161njavanja politi\u010dara za pozicije koje su nacionalno predodre\u0111ene kako bi se sprije\u010dila mogu\u0107nost manipulacija i zloporaba. Naime, kako bi osoba iz BiH dobila domovnicu RH 1996. godine, podnositelj je trebao dostaviti dokaz da se on, ako je punoljetan, ili netko od njegovih \u010dlanova obitelji izja\u0161njavao kao Hrvat do trenutka kada se prekidaju ustavno-pravne veze republika iz biv\u0161e Jugoslavije.<\/p>\n\n\n\n<p><strong>Upisivanje podataka<\/strong><\/p>\n\n\n\n<p>To pitanje poku\u0161ao je nedavno, uz prijeporno rje\u0161enje, potaknuti zastupnik HDZ-a BiH Nikola Lovrinovi\u0107 tra\u017ee\u0107i da se u osobnu iskaznicu upisuje podatak o nacionalnoj pripadnosti osobe. Taj su prijedlog odreda odbacili predstavnici gra\u0111anskih stranaka, no ne zbog toga \u0161to je rije\u010d o potencijalnoj diskriminaciji, nego zbog toga \u0161to su shvatili kako bi se upravo mogao dodatno rasvijetliti sustav prijevara oko nacionalnog izja\u0161njavanja u BiH \u0161to se koristi u svrhu osobnog boga\u0107enja dijela pojedinaca, ali i ostvarenja projekta ve\u0107eg dijela bo\u0161nja\u010dkih stranaka \u010diji je cilj posve politi\u010dki istrijebiti, a zatim i nacionalno eliminirati Hrvate u Bosni i Hercegovini.<\/p>\n\n\n\n<p>Vi\u0161e je slu\u010dajeva klasi\u010dnih prijevara s nacionalnim izja\u0161njavanjem, \u010dija je zloporaba slu\u017eila upravo i za ostvarenje hegemonisti\u010dkih planova potpunog odstranjivanja Hrvata. U aktualnome sazivu hrvatskoga Kluba Doma naroda Parlamenta FBiH iz Gora\u017eda sjedi Edim Fejzi\u0107, presu\u0111eni kriminalac koji je kupovao glasove na izborima te koji je \u010dak i javno isticao kako nema zakonske zapreke da se on, kao Bo\u0161njak, na izborima izjasni kao Hrvat.<\/p>\n\n\n\n<p>U tom klubu je i njegov sunarodnjak Anel \u0160ahinovi\u0107 koji se prije ne\u0161to vi\u0161e od tri godine na\u0161ao u Klubu Hrvata nakon \u0161to je bio sretniji u \u201cdvoboju\u201d izvla\u010denja iz \u0161e\u0161ira s Razimom Halki\u0107em iz Unsko-sanske \u017eupanije. Razim je zahvaljuju\u0107i svom \u201chrvatstvu\u201d dobio poziciju predsjednika Skup\u0161tine Unsko-sanske \u017eupanije. U nekoliko navrata u javnosti je isticano i kako se Zlatko Mileti\u0107 iz dr\u017eavnog Doma naroda la\u017eno nacionalno izja\u0161njava kao Hrvat jer mu je, navodno, otac Srbin, a majka Bo\u0161njakinja.<\/p>\n\n\n\n<p>No, Mileti\u0107 je tvrdio da je on Hrvat te da tu \u010dinjenicu \u010dak mo\u017ee i dokazati. U Klubu ostalih, odnosno manjina, samo jedan aktualni izaslanik dolazi iz reda Roma, dok su ostali izaslanici uglavnom Bo\u0161njaci koji se druk\u010dije izja\u0161njavaju. Zbog svega toga, a osobito masovne najave \u201cpohrva\u0107ivanja\u201d zastupnika u \u017eupanijskim skup\u0161tinama kako bi se do\u0161lo do broja \u0161est u Klubu Hrvata, HDZ-ov zastupnik Lovrinovi\u0107 i pokrenuo je inicijativu da se poku\u0161a sprije\u010diti takva pojava upisivanjem nacionalnosti u osobnu iskaznicu.<\/p>\n\n\n\n<p>No, takvo \u0161to nije europski standard ni praksa. Me\u0111utim, u Belgiji postoji ne\u0161to druk\u010dije ure\u0111en sustav koji bi u su\u0161tini mogao pomo\u0107i rje\u0161avanju prijepora oko la\u017enog izja\u0161njavanja, ostvarenja prava glasa i biranja kandidata.<\/p>\n\n\n\n<p><strong>Ustavni sud BiH potvrdio<\/strong><\/p>\n\n\n\n<p>Naime, osobne iskaznice u Belgiji vezane su uz frankofono, flandrijsko ili germansko jezi\u010dno opredjeljenje. U tamo\u0161njem izbornome sustavu pripadnost odre\u0111enoj etni\u010dko-jezi\u010dnoj skupini mo\u017ee se mijenjati svakih deset godina, a na izborima su na uvid prigodom glasovanja dostupni podaci s posljednjeg popisa pu\u010danstva. U BiH ta oblast nije definirana. Naveo je to i Ustavni sud BiH koji je utvrdio manipulacije prigodom nacionalnog opredjeljivanja kandidata.<\/p>\n\n\n\n<p>\u2013 Manipulacije kandidata promjenom nacionalnog opredjeljenja predstavljaju zloporabu prava i onemogu\u0107avaju konstitutivne narode u ostvarivanju svojih prava, a kandidati koji su sankcionirani zbog promjene pripadnosti narodu ne mogu se smatrati \u017ertvama diskriminacije \u2013 naveo je Ustavni sud BiH u predmetu pod brojem AP-66\/15 od 10. velja\u010de 2015. godine. Kazneni zakon ne definira jasno to pitanje.<\/p>\n\n\n\n<p>\/HMS\/<\/p>\n","protected":false},"excerpt":{"rendered":"<p>Gostuju\u0107i u emisiji HTV-a u nedjelju, \u017deljko Kom\u0161i\u0107, koji je na poziciju hrvatskog \u010dlana Predsjedni\u0161tva BiH stigao preglasavanjem ovoga naroda od \u010detiri puta brojnijih Bo\u0161njaka, posvjedo\u010dio je kako je odmah nakon rata poku\u0161ao do\u0107i do domovnice Republike Hrvatske, ali je nije uspio dobiti jer, kako tvrdi, nije \u201cdokazao da je Hrvat\u201d, pi\u0161e Ve\u010dernji list BiH. [&hellip;]<\/p>\n","protected":false},"author":2,"featured_media":101185,"comment_status":"closed","ping_status":"closed","sticky":false,"template":"","format":"standard","meta":{"h5ap_radio_sources":[],"footnotes":""},"categories":[1],"tags":[],"class_list":["post-143360","post","type-post","status-publish","format-standard","has-post-thumbnail","hentry","category-bihiregija"],"yoast_head":"<!-- This site is optimized with the Yoast SEO plugin v27.5 - https:\/\/yoast.com\/product\/yoast-seo-wordpress\/ -->\n<title>Treba sprije\u010diti mogu\u0107nost da la\u017eni Hrvati mogu preuzeti pozicije u vlasti - RADIO LJUBU\u0160KI<\/title>\n<meta name=\"robots\" content=\"index, follow, max-snippet:-1, max-image-preview:large, max-video-preview:-1\" \/>\n<link rel=\"canonical\" href=\"https:\/\/radioljubuski.ba\/index.php\/2022\/05\/23\/treba-sprijeciti-mogucnost-da-lazni-hrvati-mogu-preuzeti-pozicije-u-vlasti\/\" \/>\n<meta property=\"og:locale\" content=\"hr_HR\" \/>\n<meta property=\"og:type\" content=\"article\" \/>\n<meta property=\"og:title\" content=\"Treba sprije\u010diti mogu\u0107nost da la\u017eni Hrvati mogu preuzeti pozicije u vlasti - RADIO LJUBU\u0160KI\" \/>\n<meta property=\"og:description\" content=\"Gostuju\u0107i u emisiji HTV-a u nedjelju, \u017deljko Kom\u0161i\u0107, koji je na poziciju hrvatskog \u010dlana Predsjedni\u0161tva BiH stigao preglasavanjem ovoga naroda od \u010detiri puta brojnijih Bo\u0161njaka, posvjedo\u010dio je kako je odmah nakon rata poku\u0161ao do\u0107i do domovnice Republike Hrvatske, ali je nije uspio dobiti jer, kako tvrdi, nije \u201cdokazao da je Hrvat\u201d, pi\u0161e Ve\u010dernji list BiH. [&hellip;]\" \/>\n<meta property=\"og:url\" content=\"https:\/\/radioljubuski.ba\/index.php\/2022\/05\/23\/treba-sprijeciti-mogucnost-da-lazni-hrvati-mogu-preuzeti-pozicije-u-vlasti\/\" \/>\n<meta property=\"og:site_name\" content=\"RADIO LJUBU\u0160KI\" \/>\n<meta property=\"article:publisher\" content=\"https:\/\/www.facebook.com\/Radiio-Ljubuski-1490835324566332\" \/>\n<meta property=\"article:published_time\" content=\"2022-05-23T11:15:02+00:00\" \/>\n<meta property=\"article:modified_time\" content=\"2022-05-23T11:15:03+00:00\" \/>\n<meta property=\"og:image\" content=\"https:\/\/radioljubuski.ba\/wp-content\/uploads\/2021\/12\/uLJGQ7gZ_izbori_lo.jpg\" \/>\n\t<meta property=\"og:image:width\" content=\"1000\" \/>\n\t<meta property=\"og:image:height\" content=\"625\" \/>\n\t<meta property=\"og:image:type\" content=\"image\/jpeg\" \/>\n<meta name=\"author\" content=\"Radio Ljubu\u0161ki\" \/>\n<meta name=\"twitter:card\" content=\"summary_large_image\" \/>\n<meta name=\"twitter:creator\" content=\"@radioljubuski\" \/>\n<meta name=\"twitter:site\" content=\"@radioljubuski\" \/>\n<meta name=\"twitter:label1\" content=\"Napisao\/la\" \/>\n\t<meta name=\"twitter:data1\" content=\"Radio Ljubu\u0161ki\" \/>\n\t<meta name=\"twitter:label2\" content=\"Procijenjeno vrijeme \u010ditanja\" \/>\n\t<meta name=\"twitter:data2\" content=\"3 minute\" \/>\n<script type=\"application\/ld+json\" class=\"yoast-schema-graph\">{\"@context\":\"https:\\\/\\\/schema.org\",\"@graph\":[{\"@type\":\"Article\",\"@id\":\"https:\\\/\\\/radioljubuski.ba\\\/index.php\\\/2022\\\/05\\\/23\\\/treba-sprijeciti-mogucnost-da-lazni-hrvati-mogu-preuzeti-pozicije-u-vlasti\\\/#article\",\"isPartOf\":{\"@id\":\"https:\\\/\\\/radioljubuski.ba\\\/index.php\\\/2022\\\/05\\\/23\\\/treba-sprijeciti-mogucnost-da-lazni-hrvati-mogu-preuzeti-pozicije-u-vlasti\\\/\"},\"author\":{\"name\":\"Radio Ljubu\u0161ki\",\"@id\":\"https:\\\/\\\/radioljubuski.ba\\\/#\\\/schema\\\/person\\\/19fc700381a780f69665d7956c469e3b\"},\"headline\":\"Treba sprije\u010diti mogu\u0107nost da la\u017eni Hrvati mogu preuzeti pozicije u vlasti\",\"datePublished\":\"2022-05-23T11:15:02+00:00\",\"dateModified\":\"2022-05-23T11:15:03+00:00\",\"mainEntityOfPage\":{\"@id\":\"https:\\\/\\\/radioljubuski.ba\\\/index.php\\\/2022\\\/05\\\/23\\\/treba-sprijeciti-mogucnost-da-lazni-hrvati-mogu-preuzeti-pozicije-u-vlasti\\\/\"},\"wordCount\":680,\"publisher\":{\"@id\":\"https:\\\/\\\/radioljubuski.ba\\\/#organization\"},\"image\":{\"@id\":\"https:\\\/\\\/radioljubuski.ba\\\/index.php\\\/2022\\\/05\\\/23\\\/treba-sprijeciti-mogucnost-da-lazni-hrvati-mogu-preuzeti-pozicije-u-vlasti\\\/#primaryimage\"},\"thumbnailUrl\":\"https:\\\/\\\/radioljubuski.ba\\\/wp-content\\\/uploads\\\/2021\\\/12\\\/uLJGQ7gZ_izbori_lo.jpg\",\"articleSection\":[\"BIH i regija\"],\"inLanguage\":\"hr\"},{\"@type\":\"WebPage\",\"@id\":\"https:\\\/\\\/radioljubuski.ba\\\/index.php\\\/2022\\\/05\\\/23\\\/treba-sprijeciti-mogucnost-da-lazni-hrvati-mogu-preuzeti-pozicije-u-vlasti\\\/\",\"url\":\"https:\\\/\\\/radioljubuski.ba\\\/index.php\\\/2022\\\/05\\\/23\\\/treba-sprijeciti-mogucnost-da-lazni-hrvati-mogu-preuzeti-pozicije-u-vlasti\\\/\",\"name\":\"Treba sprije\u010diti mogu\u0107nost da la\u017eni Hrvati mogu preuzeti pozicije u vlasti - RADIO LJUBU\u0160KI\",\"isPartOf\":{\"@id\":\"https:\\\/\\\/radioljubuski.ba\\\/#website\"},\"primaryImageOfPage\":{\"@id\":\"https:\\\/\\\/radioljubuski.ba\\\/index.php\\\/2022\\\/05\\\/23\\\/treba-sprijeciti-mogucnost-da-lazni-hrvati-mogu-preuzeti-pozicije-u-vlasti\\\/#primaryimage\"},\"image\":{\"@id\":\"https:\\\/\\\/radioljubuski.ba\\\/index.php\\\/2022\\\/05\\\/23\\\/treba-sprijeciti-mogucnost-da-lazni-hrvati-mogu-preuzeti-pozicije-u-vlasti\\\/#primaryimage\"},\"thumbnailUrl\":\"https:\\\/\\\/radioljubuski.ba\\\/wp-content\\\/uploads\\\/2021\\\/12\\\/uLJGQ7gZ_izbori_lo.jpg\",\"datePublished\":\"2022-05-23T11:15:02+00:00\",\"dateModified\":\"2022-05-23T11:15:03+00:00\",\"breadcrumb\":{\"@id\":\"https:\\\/\\\/radioljubuski.ba\\\/index.php\\\/2022\\\/05\\\/23\\\/treba-sprijeciti-mogucnost-da-lazni-hrvati-mogu-preuzeti-pozicije-u-vlasti\\\/#breadcrumb\"},\"inLanguage\":\"hr\",\"potentialAction\":[{\"@type\":\"ReadAction\",\"target\":[\"https:\\\/\\\/radioljubuski.ba\\\/index.php\\\/2022\\\/05\\\/23\\\/treba-sprijeciti-mogucnost-da-lazni-hrvati-mogu-preuzeti-pozicije-u-vlasti\\\/\"]}]},{\"@type\":\"ImageObject\",\"inLanguage\":\"hr\",\"@id\":\"https:\\\/\\\/radioljubuski.ba\\\/index.php\\\/2022\\\/05\\\/23\\\/treba-sprijeciti-mogucnost-da-lazni-hrvati-mogu-preuzeti-pozicije-u-vlasti\\\/#primaryimage\",\"url\":\"https:\\\/\\\/radioljubuski.ba\\\/wp-content\\\/uploads\\\/2021\\\/12\\\/uLJGQ7gZ_izbori_lo.jpg\",\"contentUrl\":\"https:\\\/\\\/radioljubuski.ba\\\/wp-content\\\/uploads\\\/2021\\\/12\\\/uLJGQ7gZ_izbori_lo.jpg\",\"width\":1000,\"height\":625},{\"@type\":\"BreadcrumbList\",\"@id\":\"https:\\\/\\\/radioljubuski.ba\\\/index.php\\\/2022\\\/05\\\/23\\\/treba-sprijeciti-mogucnost-da-lazni-hrvati-mogu-preuzeti-pozicije-u-vlasti\\\/#breadcrumb\",\"itemListElement\":[{\"@type\":\"ListItem\",\"position\":1,\"name\":\"Po\u010detna stranica\",\"item\":\"https:\\\/\\\/radioljubuski.ba\\\/\"},{\"@type\":\"ListItem\",\"position\":2,\"name\":\"Treba sprije\u010diti mogu\u0107nost da la\u017eni Hrvati mogu preuzeti pozicije u vlasti\"}]},{\"@type\":\"WebSite\",\"@id\":\"https:\\\/\\\/radioljubuski.ba\\\/#website\",\"url\":\"https:\\\/\\\/radioljubuski.ba\\\/\",\"name\":\"Radio Ljubu\u0161ki\",\"description\":\"Sun\u010dana frekvencija Hercegovine\",\"publisher\":{\"@id\":\"https:\\\/\\\/radioljubuski.ba\\\/#organization\"},\"potentialAction\":[{\"@type\":\"SearchAction\",\"target\":{\"@type\":\"EntryPoint\",\"urlTemplate\":\"https:\\\/\\\/radioljubuski.ba\\\/?s={search_term_string}\"},\"query-input\":{\"@type\":\"PropertyValueSpecification\",\"valueRequired\":true,\"valueName\":\"search_term_string\"}}],\"inLanguage\":\"hr\"},{\"@type\":\"Organization\",\"@id\":\"https:\\\/\\\/radioljubuski.ba\\\/#organization\",\"name\":\"Radio Ljubu\u0161ki\",\"url\":\"https:\\\/\\\/radioljubuski.ba\\\/\",\"logo\":{\"@type\":\"ImageObject\",\"inLanguage\":\"hr\",\"@id\":\"https:\\\/\\\/radioljubuski.ba\\\/#\\\/schema\\\/logo\\\/image\\\/\",\"url\":\"https:\\\/\\\/radioljubuski.ba\\\/wp-content\\\/uploads\\\/2021\\\/02\\\/cropped-Radio_Ljubuski_logo1.jpg\",\"contentUrl\":\"https:\\\/\\\/radioljubuski.ba\\\/wp-content\\\/uploads\\\/2021\\\/02\\\/cropped-Radio_Ljubuski_logo1.jpg\",\"width\":512,\"height\":512,\"caption\":\"Radio Ljubu\u0161ki\"},\"image\":{\"@id\":\"https:\\\/\\\/radioljubuski.ba\\\/#\\\/schema\\\/logo\\\/image\\\/\"},\"sameAs\":[\"https:\\\/\\\/www.facebook.com\\\/Radiio-Ljubuski-1490835324566332\",\"https:\\\/\\\/x.com\\\/radioljubuski\",\"https:\\\/\\\/hr.linkedin.com\\\/company\\\/radio-ljubuski\",\"https:\\\/\\\/www.youtube.com\\\/channel\\\/UCHYaeO_n0Db3tjNGudGpXyw\"]},{\"@type\":\"Person\",\"@id\":\"https:\\\/\\\/radioljubuski.ba\\\/#\\\/schema\\\/person\\\/19fc700381a780f69665d7956c469e3b\",\"name\":\"Radio Ljubu\u0161ki\"}]}<\/script>\n<!-- \/ Yoast SEO plugin. -->","yoast_head_json":{"title":"Treba sprije\u010diti mogu\u0107nost da la\u017eni Hrvati mogu preuzeti pozicije u vlasti - RADIO LJUBU\u0160KI","robots":{"index":"index","follow":"follow","max-snippet":"max-snippet:-1","max-image-preview":"max-image-preview:large","max-video-preview":"max-video-preview:-1"},"canonical":"https:\/\/radioljubuski.ba\/index.php\/2022\/05\/23\/treba-sprijeciti-mogucnost-da-lazni-hrvati-mogu-preuzeti-pozicije-u-vlasti\/","og_locale":"hr_HR","og_type":"article","og_title":"Treba sprije\u010diti mogu\u0107nost da la\u017eni Hrvati mogu preuzeti pozicije u vlasti - RADIO LJUBU\u0160KI","og_description":"Gostuju\u0107i u emisiji HTV-a u nedjelju, \u017deljko Kom\u0161i\u0107, koji je na poziciju hrvatskog \u010dlana Predsjedni\u0161tva BiH stigao preglasavanjem ovoga naroda od \u010detiri puta brojnijih Bo\u0161njaka, posvjedo\u010dio je kako je odmah nakon rata poku\u0161ao do\u0107i do domovnice Republike Hrvatske, ali je nije uspio dobiti jer, kako tvrdi, nije \u201cdokazao da je Hrvat\u201d, pi\u0161e Ve\u010dernji list BiH. [&hellip;]","og_url":"https:\/\/radioljubuski.ba\/index.php\/2022\/05\/23\/treba-sprijeciti-mogucnost-da-lazni-hrvati-mogu-preuzeti-pozicije-u-vlasti\/","og_site_name":"RADIO LJUBU\u0160KI","article_publisher":"https:\/\/www.facebook.com\/Radiio-Ljubuski-1490835324566332","article_published_time":"2022-05-23T11:15:02+00:00","article_modified_time":"2022-05-23T11:15:03+00:00","og_image":[{"width":1000,"height":625,"url":"https:\/\/radioljubuski.ba\/wp-content\/uploads\/2021\/12\/uLJGQ7gZ_izbori_lo.jpg","type":"image\/jpeg"}],"author":"Radio Ljubu\u0161ki","twitter_card":"summary_large_image","twitter_creator":"@radioljubuski","twitter_site":"@radioljubuski","twitter_misc":{"Napisao\/la":"Radio Ljubu\u0161ki","Procijenjeno vrijeme \u010ditanja":"3 minute"},"schema":{"@context":"https:\/\/schema.org","@graph":[{"@type":"Article","@id":"https:\/\/radioljubuski.ba\/index.php\/2022\/05\/23\/treba-sprijeciti-mogucnost-da-lazni-hrvati-mogu-preuzeti-pozicije-u-vlasti\/#article","isPartOf":{"@id":"https:\/\/radioljubuski.ba\/index.php\/2022\/05\/23\/treba-sprijeciti-mogucnost-da-lazni-hrvati-mogu-preuzeti-pozicije-u-vlasti\/"},"author":{"name":"Radio Ljubu\u0161ki","@id":"https:\/\/radioljubuski.ba\/#\/schema\/person\/19fc700381a780f69665d7956c469e3b"},"headline":"Treba sprije\u010diti mogu\u0107nost da la\u017eni Hrvati mogu preuzeti pozicije u vlasti","datePublished":"2022-05-23T11:15:02+00:00","dateModified":"2022-05-23T11:15:03+00:00","mainEntityOfPage":{"@id":"https:\/\/radioljubuski.ba\/index.php\/2022\/05\/23\/treba-sprijeciti-mogucnost-da-lazni-hrvati-mogu-preuzeti-pozicije-u-vlasti\/"},"wordCount":680,"publisher":{"@id":"https:\/\/radioljubuski.ba\/#organization"},"image":{"@id":"https:\/\/radioljubuski.ba\/index.php\/2022\/05\/23\/treba-sprijeciti-mogucnost-da-lazni-hrvati-mogu-preuzeti-pozicije-u-vlasti\/#primaryimage"},"thumbnailUrl":"https:\/\/radioljubuski.ba\/wp-content\/uploads\/2021\/12\/uLJGQ7gZ_izbori_lo.jpg","articleSection":["BIH i regija"],"inLanguage":"hr"},{"@type":"WebPage","@id":"https:\/\/radioljubuski.ba\/index.php\/2022\/05\/23\/treba-sprijeciti-mogucnost-da-lazni-hrvati-mogu-preuzeti-pozicije-u-vlasti\/","url":"https:\/\/radioljubuski.ba\/index.php\/2022\/05\/23\/treba-sprijeciti-mogucnost-da-lazni-hrvati-mogu-preuzeti-pozicije-u-vlasti\/","name":"Treba sprije\u010diti mogu\u0107nost da la\u017eni Hrvati mogu preuzeti pozicije u vlasti - RADIO LJUBU\u0160KI","isPartOf":{"@id":"https:\/\/radioljubuski.ba\/#website"},"primaryImageOfPage":{"@id":"https:\/\/radioljubuski.ba\/index.php\/2022\/05\/23\/treba-sprijeciti-mogucnost-da-lazni-hrvati-mogu-preuzeti-pozicije-u-vlasti\/#primaryimage"},"image":{"@id":"https:\/\/radioljubuski.ba\/index.php\/2022\/05\/23\/treba-sprijeciti-mogucnost-da-lazni-hrvati-mogu-preuzeti-pozicije-u-vlasti\/#primaryimage"},"thumbnailUrl":"https:\/\/radioljubuski.ba\/wp-content\/uploads\/2021\/12\/uLJGQ7gZ_izbori_lo.jpg","datePublished":"2022-05-23T11:15:02+00:00","dateModified":"2022-05-23T11:15:03+00:00","breadcrumb":{"@id":"https:\/\/radioljubuski.ba\/index.php\/2022\/05\/23\/treba-sprijeciti-mogucnost-da-lazni-hrvati-mogu-preuzeti-pozicije-u-vlasti\/#breadcrumb"},"inLanguage":"hr","potentialAction":[{"@type":"ReadAction","target":["https:\/\/radioljubuski.ba\/index.php\/2022\/05\/23\/treba-sprijeciti-mogucnost-da-lazni-hrvati-mogu-preuzeti-pozicije-u-vlasti\/"]}]},{"@type":"ImageObject","inLanguage":"hr","@id":"https:\/\/radioljubuski.ba\/index.php\/2022\/05\/23\/treba-sprijeciti-mogucnost-da-lazni-hrvati-mogu-preuzeti-pozicije-u-vlasti\/#primaryimage","url":"https:\/\/radioljubuski.ba\/wp-content\/uploads\/2021\/12\/uLJGQ7gZ_izbori_lo.jpg","contentUrl":"https:\/\/radioljubuski.ba\/wp-content\/uploads\/2021\/12\/uLJGQ7gZ_izbori_lo.jpg","width":1000,"height":625},{"@type":"BreadcrumbList","@id":"https:\/\/radioljubuski.ba\/index.php\/2022\/05\/23\/treba-sprijeciti-mogucnost-da-lazni-hrvati-mogu-preuzeti-pozicije-u-vlasti\/#breadcrumb","itemListElement":[{"@type":"ListItem","position":1,"name":"Po\u010detna stranica","item":"https:\/\/radioljubuski.ba\/"},{"@type":"ListItem","position":2,"name":"Treba sprije\u010diti mogu\u0107nost da la\u017eni Hrvati mogu preuzeti pozicije u vlasti"}]},{"@type":"WebSite","@id":"https:\/\/radioljubuski.ba\/#website","url":"https:\/\/radioljubuski.ba\/","name":"Radio Ljubu\u0161ki","description":"Sun\u010dana frekvencija Hercegovine","publisher":{"@id":"https:\/\/radioljubuski.ba\/#organization"},"potentialAction":[{"@type":"SearchAction","target":{"@type":"EntryPoint","urlTemplate":"https:\/\/radioljubuski.ba\/?s={search_term_string}"},"query-input":{"@type":"PropertyValueSpecification","valueRequired":true,"valueName":"search_term_string"}}],"inLanguage":"hr"},{"@type":"Organization","@id":"https:\/\/radioljubuski.ba\/#organization","name":"Radio Ljubu\u0161ki","url":"https:\/\/radioljubuski.ba\/","logo":{"@type":"ImageObject","inLanguage":"hr","@id":"https:\/\/radioljubuski.ba\/#\/schema\/logo\/image\/","url":"https:\/\/radioljubuski.ba\/wp-content\/uploads\/2021\/02\/cropped-Radio_Ljubuski_logo1.jpg","contentUrl":"https:\/\/radioljubuski.ba\/wp-content\/uploads\/2021\/02\/cropped-Radio_Ljubuski_logo1.jpg","width":512,"height":512,"caption":"Radio Ljubu\u0161ki"},"image":{"@id":"https:\/\/radioljubuski.ba\/#\/schema\/logo\/image\/"},"sameAs":["https:\/\/www.facebook.com\/Radiio-Ljubuski-1490835324566332","https:\/\/x.com\/radioljubuski","https:\/\/hr.linkedin.com\/company\/radio-ljubuski","https:\/\/www.youtube.com\/channel\/UCHYaeO_n0Db3tjNGudGpXyw"]},{"@type":"Person","@id":"https:\/\/radioljubuski.ba\/#\/schema\/person\/19fc700381a780f69665d7956c469e3b","name":"Radio Ljubu\u0161ki"}]}},"_links":{"self":[{"href":"https:\/\/radioljubuski.ba\/index.php\/wp-json\/wp\/v2\/posts\/143360","targetHints":{"allow":["GET"]}}],"collection":[{"href":"https:\/\/radioljubuski.ba\/index.php\/wp-json\/wp\/v2\/posts"}],"about":[{"href":"https:\/\/radioljubuski.ba\/index.php\/wp-json\/wp\/v2\/types\/post"}],"author":[{"embeddable":true,"href":"https:\/\/radioljubuski.ba\/index.php\/wp-json\/wp\/v2\/users\/2"}],"replies":[{"embeddable":true,"href":"https:\/\/radioljubuski.ba\/index.php\/wp-json\/wp\/v2\/comments?post=143360"}],"version-history":[{"count":1,"href":"https:\/\/radioljubuski.ba\/index.php\/wp-json\/wp\/v2\/posts\/143360\/revisions"}],"predecessor-version":[{"id":143361,"href":"https:\/\/radioljubuski.ba\/index.php\/wp-json\/wp\/v2\/posts\/143360\/revisions\/143361"}],"wp:featuredmedia":[{"embeddable":true,"href":"https:\/\/radioljubuski.ba\/index.php\/wp-json\/wp\/v2\/media\/101185"}],"wp:attachment":[{"href":"https:\/\/radioljubuski.ba\/index.php\/wp-json\/wp\/v2\/media?parent=143360"}],"wp:term":[{"taxonomy":"category","embeddable":true,"href":"https:\/\/radioljubuski.ba\/index.php\/wp-json\/wp\/v2\/categories?post=143360"},{"taxonomy":"post_tag","embeddable":true,"href":"https:\/\/radioljubuski.ba\/index.php\/wp-json\/wp\/v2\/tags?post=143360"}],"curies":[{"name":"wp","href":"https:\/\/api.w.org\/{rel}","templated":true}]}}