{"id":143373,"date":"2022-05-23T13:22:25","date_gmt":"2022-05-23T12:22:25","guid":{"rendered":"https:\/\/radioljubuski.ba\/?p=143373"},"modified":"2022-05-23T13:22:26","modified_gmt":"2022-05-23T12:22:26","slug":"murphy-sad-su-privrzene-demokratskoj-i-prosperitetnoj-buducnosti-konstitutivnih-naroda-i-gradana","status":"publish","type":"post","link":"https:\/\/radioljubuski.ba\/index.php\/2022\/05\/23\/murphy-sad-su-privrzene-demokratskoj-i-prosperitetnoj-buducnosti-konstitutivnih-naroda-i-gradana\/","title":{"rendered":"Murphy: SAD su privr\u017eene demokratskoj i prosperitetnoj budu\u0107nosti konstitutivnih naroda i gra\u0111ana"},"content":{"rendered":"\n<p><strong>Sredi\u0161nje izborno povjerenstvo Bosne i Hercegovine (SIP BiH) ugostilo je danas veleposlanika Sjedinjenih Ameri\u010dkih Dr\u017eava u BiH Michaela Murphyja i \u0161eficu misije OESS-a u BiH Kathleen Kavalec u prostorijama ove institucije, a tema razgovora bilo je odr\u017eavanje slobodnih, pravovremenih, korektnih i fer izbora, \u0161to je neizvodivo s obzirom da Izborni zakon nije izmjenjen.<\/strong><\/p>\n\n\n\n<p>Murphy je, kako prenosi N1 kazao da takvi izbori predstavljaju osnov demokracije, a da su za gra\u0111ane oni pravo sadr\u017eano u Ustavu BiH.<\/p>\n\n\n\n<p>\u201cBilo bi neustavno pa i antidejtonski ako bi netko gra\u0111anima ove zemlje uskratio pravo na slobodne i pravi\u010dne izbore. SAD su privr\u017eene demokratskoj i prosperitetnoj budu\u0107nosti konstitutivnih naroda i gra\u0111ana ove zemlje u okviru euroatlantskih institucija. Stoga, zajedno s OESS-om i SIP-om radimo na ja\u010danju izbornog procesa u BiH i njegovoj za\u0161titi od onih koji ga nastoje degradirati radi osobnih ili strana\u010dkih ciljeva. Bira\u010di moraju imati povjerenje u integritet izbornog procesa\u201d, naglasio je Murphy.<\/p>\n\n\n\n<p>Dalje isti\u010de da \u0107e u gra\u0111ani u listopadu imati priliku oblikovati budu\u0107nost BiH, izabrati politi\u010dke predstavnike koji \u0107e ih voditi u naredne \u010detiri godine, ali i pozvati ih na odgovornost za sve ono \u0161to su postigli ili nisu za vrijeme svog mandata.<\/p>\n\n\n\n<p>\u201cJesu li ovi politi\u010dari ispunili obe\u0107anja koje su dali prije \u010detiri godine, jesu li se vodili vlastitim ili interesima svojih bira\u010da. Je li situacija bolja sada u dr\u017eavi nego prije \u010detiri godine. Ovo su pitanja koja gra\u0111ani u svakoj demokraciji postave sebi prije nego ispune glasa\u010dki listi\u0107. Ako su odgovori na ova pitanja ne, onda su gra\u0111ani ti koji mogu ne\u0161to promijeniti. Me\u0111unarodna zajednica ne mo\u017ee dati odgovore na ova pitanja umjesto bira\u010da u BiH, ali mo\u017eemo pomo\u0107i da se odgovori koji \u0107e dati bira\u010di uzmu u obzir\u201d, naglasio je Murphy.<\/p>\n\n\n\n<p>Kavalec je jo\u0161 jednom ponovila da je odr\u017eavanje izbora od krucijalnog zna\u010daja te upozorila da je zbog nedostatka financija ugro\u017een niz procesa u vezi s pripremama izbora.<\/p>\n\n\n\n<p>\u201cMoglo bi biti ugro\u017eeno zapo\u0161ljavanje, tiskanje i pakiranje glasa\u010dkih listi\u0107a. Uskra\u0107ivanje sredstava za izbore je ozbiljna stvar. U proteklih nekoliko mjeseci tra\u017eili smo od Predsjedni\u0161tva BiH, Vije\u0107a ministara BiH i Kolegija Parlamentarne skup\u0161tine BiH da poduzmu hitne mjere kako bi osigurali sredstva za odr\u017eavanje izbora\u201d, poru\u010dila je Kavalec.<\/p>\n\n\n\n<p>Veleposlanici su dodali i to da je va\u017eno da SIP ostane nepristrasan i da svojim potezima ne ugrozi izbore.<\/p>\n\n\n\n<p>Prvi \u010dovjek SIP-a Suad Arnautovi\u0107 kazao je da \u010dini sve kako bi izbori bili na vrijeme. Podsjetio je da su pojedini tenderi poni\u0161teni zbog nedostatka novca, ali i da su zaposleni u SIP-u anga\u017eirani prekovremeno kako bi posao zavr\u0161ili na vrijeme.<\/p>\n\n\n\n<p>\/HMS\/<\/p>\n","protected":false},"excerpt":{"rendered":"<p>Sredi\u0161nje izborno povjerenstvo Bosne i Hercegovine (SIP BiH) ugostilo je danas veleposlanika Sjedinjenih Ameri\u010dkih Dr\u017eava u BiH Michaela Murphyja i \u0161eficu misije OESS-a u BiH Kathleen Kavalec u prostorijama ove institucije, a tema razgovora bilo je odr\u017eavanje slobodnih, pravovremenih, korektnih i fer izbora, \u0161to je neizvodivo s obzirom da Izborni zakon nije izmjenjen. Murphy je, [&hellip;]<\/p>\n","protected":false},"author":2,"featured_media":143374,"comment_status":"closed","ping_status":"closed","sticky":false,"template":"","format":"standard","meta":{"h5ap_radio_sources":[],"footnotes":""},"categories":[1],"tags":[],"class_list":["post-143373","post","type-post","status-publish","format-standard","has-post-thumbnail","hentry","category-bihiregija"],"yoast_head":"<!-- This site is optimized with the Yoast SEO plugin v27.5 - https:\/\/yoast.com\/product\/yoast-seo-wordpress\/ -->\n<title>Murphy: SAD su privr\u017eene demokratskoj i prosperitetnoj budu\u0107nosti konstitutivnih naroda i gra\u0111ana - RADIO LJUBU\u0160KI<\/title>\n<meta name=\"robots\" content=\"index, follow, max-snippet:-1, max-image-preview:large, max-video-preview:-1\" \/>\n<link rel=\"canonical\" href=\"https:\/\/radioljubuski.ba\/index.php\/2022\/05\/23\/murphy-sad-su-privrzene-demokratskoj-i-prosperitetnoj-buducnosti-konstitutivnih-naroda-i-gradana\/\" \/>\n<meta property=\"og:locale\" content=\"hr_HR\" \/>\n<meta property=\"og:type\" content=\"article\" \/>\n<meta property=\"og:title\" content=\"Murphy: SAD su privr\u017eene demokratskoj i prosperitetnoj budu\u0107nosti konstitutivnih naroda i gra\u0111ana - RADIO LJUBU\u0160KI\" \/>\n<meta property=\"og:description\" content=\"Sredi\u0161nje izborno povjerenstvo Bosne i Hercegovine (SIP BiH) ugostilo je danas veleposlanika Sjedinjenih Ameri\u010dkih Dr\u017eava u BiH Michaela Murphyja i \u0161eficu misije OESS-a u BiH Kathleen Kavalec u prostorijama ove institucije, a tema razgovora bilo je odr\u017eavanje slobodnih, pravovremenih, korektnih i fer izbora, \u0161to je neizvodivo s obzirom da Izborni zakon nije izmjenjen. Murphy je, [&hellip;]\" \/>\n<meta property=\"og:url\" content=\"https:\/\/radioljubuski.ba\/index.php\/2022\/05\/23\/murphy-sad-su-privrzene-demokratskoj-i-prosperitetnoj-buducnosti-konstitutivnih-naroda-i-gradana\/\" \/>\n<meta property=\"og:site_name\" content=\"RADIO LJUBU\u0160KI\" \/>\n<meta property=\"article:publisher\" content=\"https:\/\/www.facebook.com\/Radiio-Ljubuski-1490835324566332\" \/>\n<meta property=\"article:published_time\" content=\"2022-05-23T12:22:25+00:00\" \/>\n<meta property=\"article:modified_time\" content=\"2022-05-23T12:22:26+00:00\" \/>\n<meta property=\"og:image\" content=\"https:\/\/radioljubuski.ba\/wp-content\/uploads\/2022\/05\/sip-murphy-kavalec-1068x601-1.jpg\" \/>\n\t<meta property=\"og:image:width\" content=\"1068\" \/>\n\t<meta property=\"og:image:height\" content=\"601\" \/>\n\t<meta property=\"og:image:type\" content=\"image\/jpeg\" \/>\n<meta name=\"author\" content=\"Radio Ljubu\u0161ki\" \/>\n<meta name=\"twitter:card\" content=\"summary_large_image\" \/>\n<meta name=\"twitter:creator\" content=\"@radioljubuski\" \/>\n<meta name=\"twitter:site\" content=\"@radioljubuski\" \/>\n<meta name=\"twitter:label1\" content=\"Napisao\/la\" \/>\n\t<meta name=\"twitter:data1\" content=\"Radio Ljubu\u0161ki\" \/>\n\t<meta name=\"twitter:label2\" content=\"Procijenjeno vrijeme \u010ditanja\" \/>\n\t<meta name=\"twitter:data2\" content=\"2 minute\" \/>\n<script type=\"application\/ld+json\" class=\"yoast-schema-graph\">{\"@context\":\"https:\\\/\\\/schema.org\",\"@graph\":[{\"@type\":\"Article\",\"@id\":\"https:\\\/\\\/radioljubuski.ba\\\/index.php\\\/2022\\\/05\\\/23\\\/murphy-sad-su-privrzene-demokratskoj-i-prosperitetnoj-buducnosti-konstitutivnih-naroda-i-gradana\\\/#article\",\"isPartOf\":{\"@id\":\"https:\\\/\\\/radioljubuski.ba\\\/index.php\\\/2022\\\/05\\\/23\\\/murphy-sad-su-privrzene-demokratskoj-i-prosperitetnoj-buducnosti-konstitutivnih-naroda-i-gradana\\\/\"},\"author\":{\"name\":\"Radio Ljubu\u0161ki\",\"@id\":\"https:\\\/\\\/radioljubuski.ba\\\/#\\\/schema\\\/person\\\/19fc700381a780f69665d7956c469e3b\"},\"headline\":\"Murphy: SAD su privr\u017eene demokratskoj i prosperitetnoj budu\u0107nosti konstitutivnih naroda i gra\u0111ana\",\"datePublished\":\"2022-05-23T12:22:25+00:00\",\"dateModified\":\"2022-05-23T12:22:26+00:00\",\"mainEntityOfPage\":{\"@id\":\"https:\\\/\\\/radioljubuski.ba\\\/index.php\\\/2022\\\/05\\\/23\\\/murphy-sad-su-privrzene-demokratskoj-i-prosperitetnoj-buducnosti-konstitutivnih-naroda-i-gradana\\\/\"},\"wordCount\":485,\"publisher\":{\"@id\":\"https:\\\/\\\/radioljubuski.ba\\\/#organization\"},\"image\":{\"@id\":\"https:\\\/\\\/radioljubuski.ba\\\/index.php\\\/2022\\\/05\\\/23\\\/murphy-sad-su-privrzene-demokratskoj-i-prosperitetnoj-buducnosti-konstitutivnih-naroda-i-gradana\\\/#primaryimage\"},\"thumbnailUrl\":\"https:\\\/\\\/radioljubuski.ba\\\/wp-content\\\/uploads\\\/2022\\\/05\\\/sip-murphy-kavalec-1068x601-1.jpg\",\"articleSection\":[\"BIH i regija\"],\"inLanguage\":\"hr\"},{\"@type\":\"WebPage\",\"@id\":\"https:\\\/\\\/radioljubuski.ba\\\/index.php\\\/2022\\\/05\\\/23\\\/murphy-sad-su-privrzene-demokratskoj-i-prosperitetnoj-buducnosti-konstitutivnih-naroda-i-gradana\\\/\",\"url\":\"https:\\\/\\\/radioljubuski.ba\\\/index.php\\\/2022\\\/05\\\/23\\\/murphy-sad-su-privrzene-demokratskoj-i-prosperitetnoj-buducnosti-konstitutivnih-naroda-i-gradana\\\/\",\"name\":\"Murphy: SAD su privr\u017eene demokratskoj i prosperitetnoj budu\u0107nosti konstitutivnih naroda i gra\u0111ana - RADIO LJUBU\u0160KI\",\"isPartOf\":{\"@id\":\"https:\\\/\\\/radioljubuski.ba\\\/#website\"},\"primaryImageOfPage\":{\"@id\":\"https:\\\/\\\/radioljubuski.ba\\\/index.php\\\/2022\\\/05\\\/23\\\/murphy-sad-su-privrzene-demokratskoj-i-prosperitetnoj-buducnosti-konstitutivnih-naroda-i-gradana\\\/#primaryimage\"},\"image\":{\"@id\":\"https:\\\/\\\/radioljubuski.ba\\\/index.php\\\/2022\\\/05\\\/23\\\/murphy-sad-su-privrzene-demokratskoj-i-prosperitetnoj-buducnosti-konstitutivnih-naroda-i-gradana\\\/#primaryimage\"},\"thumbnailUrl\":\"https:\\\/\\\/radioljubuski.ba\\\/wp-content\\\/uploads\\\/2022\\\/05\\\/sip-murphy-kavalec-1068x601-1.jpg\",\"datePublished\":\"2022-05-23T12:22:25+00:00\",\"dateModified\":\"2022-05-23T12:22:26+00:00\",\"breadcrumb\":{\"@id\":\"https:\\\/\\\/radioljubuski.ba\\\/index.php\\\/2022\\\/05\\\/23\\\/murphy-sad-su-privrzene-demokratskoj-i-prosperitetnoj-buducnosti-konstitutivnih-naroda-i-gradana\\\/#breadcrumb\"},\"inLanguage\":\"hr\",\"potentialAction\":[{\"@type\":\"ReadAction\",\"target\":[\"https:\\\/\\\/radioljubuski.ba\\\/index.php\\\/2022\\\/05\\\/23\\\/murphy-sad-su-privrzene-demokratskoj-i-prosperitetnoj-buducnosti-konstitutivnih-naroda-i-gradana\\\/\"]}]},{\"@type\":\"ImageObject\",\"inLanguage\":\"hr\",\"@id\":\"https:\\\/\\\/radioljubuski.ba\\\/index.php\\\/2022\\\/05\\\/23\\\/murphy-sad-su-privrzene-demokratskoj-i-prosperitetnoj-buducnosti-konstitutivnih-naroda-i-gradana\\\/#primaryimage\",\"url\":\"https:\\\/\\\/radioljubuski.ba\\\/wp-content\\\/uploads\\\/2022\\\/05\\\/sip-murphy-kavalec-1068x601-1.jpg\",\"contentUrl\":\"https:\\\/\\\/radioljubuski.ba\\\/wp-content\\\/uploads\\\/2022\\\/05\\\/sip-murphy-kavalec-1068x601-1.jpg\",\"width\":1068,\"height\":601},{\"@type\":\"BreadcrumbList\",\"@id\":\"https:\\\/\\\/radioljubuski.ba\\\/index.php\\\/2022\\\/05\\\/23\\\/murphy-sad-su-privrzene-demokratskoj-i-prosperitetnoj-buducnosti-konstitutivnih-naroda-i-gradana\\\/#breadcrumb\",\"itemListElement\":[{\"@type\":\"ListItem\",\"position\":1,\"name\":\"Po\u010detna stranica\",\"item\":\"https:\\\/\\\/radioljubuski.ba\\\/\"},{\"@type\":\"ListItem\",\"position\":2,\"name\":\"Murphy: SAD su privr\u017eene demokratskoj i prosperitetnoj budu\u0107nosti konstitutivnih naroda i gra\u0111ana\"}]},{\"@type\":\"WebSite\",\"@id\":\"https:\\\/\\\/radioljubuski.ba\\\/#website\",\"url\":\"https:\\\/\\\/radioljubuski.ba\\\/\",\"name\":\"Radio Ljubu\u0161ki\",\"description\":\"Sun\u010dana frekvencija Hercegovine\",\"publisher\":{\"@id\":\"https:\\\/\\\/radioljubuski.ba\\\/#organization\"},\"potentialAction\":[{\"@type\":\"SearchAction\",\"target\":{\"@type\":\"EntryPoint\",\"urlTemplate\":\"https:\\\/\\\/radioljubuski.ba\\\/?s={search_term_string}\"},\"query-input\":{\"@type\":\"PropertyValueSpecification\",\"valueRequired\":true,\"valueName\":\"search_term_string\"}}],\"inLanguage\":\"hr\"},{\"@type\":\"Organization\",\"@id\":\"https:\\\/\\\/radioljubuski.ba\\\/#organization\",\"name\":\"Radio Ljubu\u0161ki\",\"url\":\"https:\\\/\\\/radioljubuski.ba\\\/\",\"logo\":{\"@type\":\"ImageObject\",\"inLanguage\":\"hr\",\"@id\":\"https:\\\/\\\/radioljubuski.ba\\\/#\\\/schema\\\/logo\\\/image\\\/\",\"url\":\"https:\\\/\\\/radioljubuski.ba\\\/wp-content\\\/uploads\\\/2021\\\/02\\\/cropped-Radio_Ljubuski_logo1.jpg\",\"contentUrl\":\"https:\\\/\\\/radioljubuski.ba\\\/wp-content\\\/uploads\\\/2021\\\/02\\\/cropped-Radio_Ljubuski_logo1.jpg\",\"width\":512,\"height\":512,\"caption\":\"Radio Ljubu\u0161ki\"},\"image\":{\"@id\":\"https:\\\/\\\/radioljubuski.ba\\\/#\\\/schema\\\/logo\\\/image\\\/\"},\"sameAs\":[\"https:\\\/\\\/www.facebook.com\\\/Radiio-Ljubuski-1490835324566332\",\"https:\\\/\\\/x.com\\\/radioljubuski\",\"https:\\\/\\\/hr.linkedin.com\\\/company\\\/radio-ljubuski\",\"https:\\\/\\\/www.youtube.com\\\/channel\\\/UCHYaeO_n0Db3tjNGudGpXyw\"]},{\"@type\":\"Person\",\"@id\":\"https:\\\/\\\/radioljubuski.ba\\\/#\\\/schema\\\/person\\\/19fc700381a780f69665d7956c469e3b\",\"name\":\"Radio Ljubu\u0161ki\"}]}<\/script>\n<!-- \/ Yoast SEO plugin. -->","yoast_head_json":{"title":"Murphy: SAD su privr\u017eene demokratskoj i prosperitetnoj budu\u0107nosti konstitutivnih naroda i gra\u0111ana - RADIO LJUBU\u0160KI","robots":{"index":"index","follow":"follow","max-snippet":"max-snippet:-1","max-image-preview":"max-image-preview:large","max-video-preview":"max-video-preview:-1"},"canonical":"https:\/\/radioljubuski.ba\/index.php\/2022\/05\/23\/murphy-sad-su-privrzene-demokratskoj-i-prosperitetnoj-buducnosti-konstitutivnih-naroda-i-gradana\/","og_locale":"hr_HR","og_type":"article","og_title":"Murphy: SAD su privr\u017eene demokratskoj i prosperitetnoj budu\u0107nosti konstitutivnih naroda i gra\u0111ana - RADIO LJUBU\u0160KI","og_description":"Sredi\u0161nje izborno povjerenstvo Bosne i Hercegovine (SIP BiH) ugostilo je danas veleposlanika Sjedinjenih Ameri\u010dkih Dr\u017eava u BiH Michaela Murphyja i \u0161eficu misije OESS-a u BiH Kathleen Kavalec u prostorijama ove institucije, a tema razgovora bilo je odr\u017eavanje slobodnih, pravovremenih, korektnih i fer izbora, \u0161to je neizvodivo s obzirom da Izborni zakon nije izmjenjen. Murphy je, [&hellip;]","og_url":"https:\/\/radioljubuski.ba\/index.php\/2022\/05\/23\/murphy-sad-su-privrzene-demokratskoj-i-prosperitetnoj-buducnosti-konstitutivnih-naroda-i-gradana\/","og_site_name":"RADIO LJUBU\u0160KI","article_publisher":"https:\/\/www.facebook.com\/Radiio-Ljubuski-1490835324566332","article_published_time":"2022-05-23T12:22:25+00:00","article_modified_time":"2022-05-23T12:22:26+00:00","og_image":[{"width":1068,"height":601,"url":"https:\/\/radioljubuski.ba\/wp-content\/uploads\/2022\/05\/sip-murphy-kavalec-1068x601-1.jpg","type":"image\/jpeg"}],"author":"Radio Ljubu\u0161ki","twitter_card":"summary_large_image","twitter_creator":"@radioljubuski","twitter_site":"@radioljubuski","twitter_misc":{"Napisao\/la":"Radio Ljubu\u0161ki","Procijenjeno vrijeme \u010ditanja":"2 minute"},"schema":{"@context":"https:\/\/schema.org","@graph":[{"@type":"Article","@id":"https:\/\/radioljubuski.ba\/index.php\/2022\/05\/23\/murphy-sad-su-privrzene-demokratskoj-i-prosperitetnoj-buducnosti-konstitutivnih-naroda-i-gradana\/#article","isPartOf":{"@id":"https:\/\/radioljubuski.ba\/index.php\/2022\/05\/23\/murphy-sad-su-privrzene-demokratskoj-i-prosperitetnoj-buducnosti-konstitutivnih-naroda-i-gradana\/"},"author":{"name":"Radio Ljubu\u0161ki","@id":"https:\/\/radioljubuski.ba\/#\/schema\/person\/19fc700381a780f69665d7956c469e3b"},"headline":"Murphy: SAD su privr\u017eene demokratskoj i prosperitetnoj budu\u0107nosti konstitutivnih naroda i gra\u0111ana","datePublished":"2022-05-23T12:22:25+00:00","dateModified":"2022-05-23T12:22:26+00:00","mainEntityOfPage":{"@id":"https:\/\/radioljubuski.ba\/index.php\/2022\/05\/23\/murphy-sad-su-privrzene-demokratskoj-i-prosperitetnoj-buducnosti-konstitutivnih-naroda-i-gradana\/"},"wordCount":485,"publisher":{"@id":"https:\/\/radioljubuski.ba\/#organization"},"image":{"@id":"https:\/\/radioljubuski.ba\/index.php\/2022\/05\/23\/murphy-sad-su-privrzene-demokratskoj-i-prosperitetnoj-buducnosti-konstitutivnih-naroda-i-gradana\/#primaryimage"},"thumbnailUrl":"https:\/\/radioljubuski.ba\/wp-content\/uploads\/2022\/05\/sip-murphy-kavalec-1068x601-1.jpg","articleSection":["BIH i regija"],"inLanguage":"hr"},{"@type":"WebPage","@id":"https:\/\/radioljubuski.ba\/index.php\/2022\/05\/23\/murphy-sad-su-privrzene-demokratskoj-i-prosperitetnoj-buducnosti-konstitutivnih-naroda-i-gradana\/","url":"https:\/\/radioljubuski.ba\/index.php\/2022\/05\/23\/murphy-sad-su-privrzene-demokratskoj-i-prosperitetnoj-buducnosti-konstitutivnih-naroda-i-gradana\/","name":"Murphy: SAD su privr\u017eene demokratskoj i prosperitetnoj budu\u0107nosti konstitutivnih naroda i gra\u0111ana - RADIO LJUBU\u0160KI","isPartOf":{"@id":"https:\/\/radioljubuski.ba\/#website"},"primaryImageOfPage":{"@id":"https:\/\/radioljubuski.ba\/index.php\/2022\/05\/23\/murphy-sad-su-privrzene-demokratskoj-i-prosperitetnoj-buducnosti-konstitutivnih-naroda-i-gradana\/#primaryimage"},"image":{"@id":"https:\/\/radioljubuski.ba\/index.php\/2022\/05\/23\/murphy-sad-su-privrzene-demokratskoj-i-prosperitetnoj-buducnosti-konstitutivnih-naroda-i-gradana\/#primaryimage"},"thumbnailUrl":"https:\/\/radioljubuski.ba\/wp-content\/uploads\/2022\/05\/sip-murphy-kavalec-1068x601-1.jpg","datePublished":"2022-05-23T12:22:25+00:00","dateModified":"2022-05-23T12:22:26+00:00","breadcrumb":{"@id":"https:\/\/radioljubuski.ba\/index.php\/2022\/05\/23\/murphy-sad-su-privrzene-demokratskoj-i-prosperitetnoj-buducnosti-konstitutivnih-naroda-i-gradana\/#breadcrumb"},"inLanguage":"hr","potentialAction":[{"@type":"ReadAction","target":["https:\/\/radioljubuski.ba\/index.php\/2022\/05\/23\/murphy-sad-su-privrzene-demokratskoj-i-prosperitetnoj-buducnosti-konstitutivnih-naroda-i-gradana\/"]}]},{"@type":"ImageObject","inLanguage":"hr","@id":"https:\/\/radioljubuski.ba\/index.php\/2022\/05\/23\/murphy-sad-su-privrzene-demokratskoj-i-prosperitetnoj-buducnosti-konstitutivnih-naroda-i-gradana\/#primaryimage","url":"https:\/\/radioljubuski.ba\/wp-content\/uploads\/2022\/05\/sip-murphy-kavalec-1068x601-1.jpg","contentUrl":"https:\/\/radioljubuski.ba\/wp-content\/uploads\/2022\/05\/sip-murphy-kavalec-1068x601-1.jpg","width":1068,"height":601},{"@type":"BreadcrumbList","@id":"https:\/\/radioljubuski.ba\/index.php\/2022\/05\/23\/murphy-sad-su-privrzene-demokratskoj-i-prosperitetnoj-buducnosti-konstitutivnih-naroda-i-gradana\/#breadcrumb","itemListElement":[{"@type":"ListItem","position":1,"name":"Po\u010detna stranica","item":"https:\/\/radioljubuski.ba\/"},{"@type":"ListItem","position":2,"name":"Murphy: SAD su privr\u017eene demokratskoj i prosperitetnoj budu\u0107nosti konstitutivnih naroda i gra\u0111ana"}]},{"@type":"WebSite","@id":"https:\/\/radioljubuski.ba\/#website","url":"https:\/\/radioljubuski.ba\/","name":"Radio Ljubu\u0161ki","description":"Sun\u010dana frekvencija Hercegovine","publisher":{"@id":"https:\/\/radioljubuski.ba\/#organization"},"potentialAction":[{"@type":"SearchAction","target":{"@type":"EntryPoint","urlTemplate":"https:\/\/radioljubuski.ba\/?s={search_term_string}"},"query-input":{"@type":"PropertyValueSpecification","valueRequired":true,"valueName":"search_term_string"}}],"inLanguage":"hr"},{"@type":"Organization","@id":"https:\/\/radioljubuski.ba\/#organization","name":"Radio Ljubu\u0161ki","url":"https:\/\/radioljubuski.ba\/","logo":{"@type":"ImageObject","inLanguage":"hr","@id":"https:\/\/radioljubuski.ba\/#\/schema\/logo\/image\/","url":"https:\/\/radioljubuski.ba\/wp-content\/uploads\/2021\/02\/cropped-Radio_Ljubuski_logo1.jpg","contentUrl":"https:\/\/radioljubuski.ba\/wp-content\/uploads\/2021\/02\/cropped-Radio_Ljubuski_logo1.jpg","width":512,"height":512,"caption":"Radio Ljubu\u0161ki"},"image":{"@id":"https:\/\/radioljubuski.ba\/#\/schema\/logo\/image\/"},"sameAs":["https:\/\/www.facebook.com\/Radiio-Ljubuski-1490835324566332","https:\/\/x.com\/radioljubuski","https:\/\/hr.linkedin.com\/company\/radio-ljubuski","https:\/\/www.youtube.com\/channel\/UCHYaeO_n0Db3tjNGudGpXyw"]},{"@type":"Person","@id":"https:\/\/radioljubuski.ba\/#\/schema\/person\/19fc700381a780f69665d7956c469e3b","name":"Radio Ljubu\u0161ki"}]}},"_links":{"self":[{"href":"https:\/\/radioljubuski.ba\/index.php\/wp-json\/wp\/v2\/posts\/143373","targetHints":{"allow":["GET"]}}],"collection":[{"href":"https:\/\/radioljubuski.ba\/index.php\/wp-json\/wp\/v2\/posts"}],"about":[{"href":"https:\/\/radioljubuski.ba\/index.php\/wp-json\/wp\/v2\/types\/post"}],"author":[{"embeddable":true,"href":"https:\/\/radioljubuski.ba\/index.php\/wp-json\/wp\/v2\/users\/2"}],"replies":[{"embeddable":true,"href":"https:\/\/radioljubuski.ba\/index.php\/wp-json\/wp\/v2\/comments?post=143373"}],"version-history":[{"count":1,"href":"https:\/\/radioljubuski.ba\/index.php\/wp-json\/wp\/v2\/posts\/143373\/revisions"}],"predecessor-version":[{"id":143375,"href":"https:\/\/radioljubuski.ba\/index.php\/wp-json\/wp\/v2\/posts\/143373\/revisions\/143375"}],"wp:featuredmedia":[{"embeddable":true,"href":"https:\/\/radioljubuski.ba\/index.php\/wp-json\/wp\/v2\/media\/143374"}],"wp:attachment":[{"href":"https:\/\/radioljubuski.ba\/index.php\/wp-json\/wp\/v2\/media?parent=143373"}],"wp:term":[{"taxonomy":"category","embeddable":true,"href":"https:\/\/radioljubuski.ba\/index.php\/wp-json\/wp\/v2\/categories?post=143373"},{"taxonomy":"post_tag","embeddable":true,"href":"https:\/\/radioljubuski.ba\/index.php\/wp-json\/wp\/v2\/tags?post=143373"}],"curies":[{"name":"wp","href":"https:\/\/api.w.org\/{rel}","templated":true}]}}