{"id":143376,"date":"2022-05-23T13:23:30","date_gmt":"2022-05-23T12:23:30","guid":{"rendered":"https:\/\/radioljubuski.ba\/?p=143376"},"modified":"2022-05-23T13:23:31","modified_gmt":"2022-05-23T12:23:31","slug":"klub-bosnjaka-trazi-novac-za-izbore-u-roku-od-48-sati","status":"publish","type":"post","link":"https:\/\/radioljubuski.ba\/index.php\/2022\/05\/23\/klub-bosnjaka-trazi-novac-za-izbore-u-roku-od-48-sati\/","title":{"rendered":"Klub Bo\u0161njaka tra\u017ei novac za izbore u roku od 48 sati"},"content":{"rendered":"\n<p><strong>Klub Bo\u0161njaka u Domu naroda Parlamentarne skup\u0161tine BiH predlo\u017eio je zaklju\u010dak na hitnoj sjednici Doma naroda parlamenta BiH da Vjekoslav Bevanda, ministar financija i riznice BiH sa\u010dini prijedlog odluke o dodjeli sredstava Sredi\u0161njem izbornom povjerenstvu za provo\u0111enje op\u0107ih izbora u iznosu od 12,5 milijuna KM i Vije\u0107u ministra BiH da navedenu odluku usvoji u roku od 48 sati.<\/strong><\/p>\n\n\n\n<p>Du\u0161anka Majki\u0107, izaslanica iz Kluba Srba u Domu naroda Parlamenta BiH rekla je da je pitanje mo\u017ee li Dom naroda Parlamenta BiH narediti Vije\u0107u ministara BiH da donese takvu odluku, istovremeno nagla\u0161avaju\u0107i da poku\u0161ava sama sebi objasniti za\u0161to se danas odr\u017eava hitna sjednica Doma naroda parlamenta BIH, prenose Nezavisne novine.<\/p>\n\n\n\n<p>\u201cDa je ovolika koncentracija bila da se donese prora\u010dun BiH, mi bismo ga danas imali\u201d, rekla je Majki\u0107, dodaju\u0107i da su se u prethodnom periodu Bo\u0161njaci fokusirali na Izborni zakon BiH, odnosno da se on ne promijeni te da sada sve dolazi na naplatu.<\/p>\n\n\n\n<p>Tako\u0111er, istaknula je da je klju\u010dno donijeti prora\u010dun i da je to jedini redovni postupak, istovremeno nagla\u0161avaju\u0107i da SIP tra\u017ei 12,5 milijuna KM, ali da se ne zna struktura tro\u0161kova svega toga.<\/p>\n\n\n\n<p>\u201cNikada ni mnogo manje stavke nisu mogle pro\u0107i da se odrede onako od ruke. Struktura bi morala biti negdje predstavljena\u201d, rekla je Majki\u0107.<\/p>\n\n\n\n<p>Ona je istaknula i da dva od tri naroda ne vjeruje SIP-u BiH, navode\u0107i da to ne treba \u010duditi jer Suad Arnautovi\u0107, predsjednik SIP-a, iza\u0111e i ka\u017ee da \u0107e zabraniti kandidiranje Miloradu Dodiku i Draganu \u010covi\u0107u, predsjednicima SNSD-a i HDZ-a.<\/p>\n\n\n\n<p>Bakir Izetbegovi\u0107, zamjenik predsjedavaju\u0107eg Doma naroda Parlamenta BiH i lider SDA rekao je da sve \u0161to se radi u BiH u posljednje \u010detiri godine kreirano je u kuhinji dvije stranke.<\/p>\n\n\n\n<p>\u201cNe\u0107e se posti\u0107i ciljevi. Nisu Bo\u0161njaci krivi. Krivi smo zato \u0161to nismo podr\u017eali Izborni zakon koji je predlo\u017ei HDZ, a podr\u017eao ga SNSD, a koji je protuustavan i protuzakonit\u201d, rekao je Izetbegovi\u0107.<\/p>\n\n\n\n<p>S druge strane Dragan \u010covi\u0107, lider HDZ-a rekao je da Izetbegovi\u0107 izlazi s pamfletima o krivcima te da razumije da je kampanja po\u010dela ali da ne mo\u017ee kriviti neko \u201cdvoje\u201d za opstrukcije, istovremeno nagla\u0161avaju\u0107i da ako itko radi opstrukcije u BiH to je stranka Izetbegovi\u0107a, odnosno SDA.<\/p>\n\n\n\n<p>\u201cNe koristite govornicu za kampanju koja je po\u010dela\u201d, rekao je \u010covi\u0107.<\/p>\n\n\n\n<p>\/HMS\/<\/p>\n","protected":false},"excerpt":{"rendered":"<p>Klub Bo\u0161njaka u Domu naroda Parlamentarne skup\u0161tine BiH predlo\u017eio je zaklju\u010dak na hitnoj sjednici Doma naroda parlamenta BiH da Vjekoslav Bevanda, ministar financija i riznice BiH sa\u010dini prijedlog odluke o dodjeli sredstava Sredi\u0161njem izbornom povjerenstvu za provo\u0111enje op\u0107ih izbora u iznosu od 12,5 milijuna KM i Vije\u0107u ministra BiH da navedenu odluku usvoji u roku [&hellip;]<\/p>\n","protected":false},"author":2,"featured_media":127880,"comment_status":"closed","ping_status":"closed","sticky":false,"template":"","format":"standard","meta":{"h5ap_radio_sources":[],"footnotes":""},"categories":[1],"tags":[],"class_list":["post-143376","post","type-post","status-publish","format-standard","has-post-thumbnail","hentry","category-bihiregija"],"yoast_head":"<!-- This site is optimized with the Yoast SEO plugin v27.5 - https:\/\/yoast.com\/product\/yoast-seo-wordpress\/ -->\n<title>Klub Bo\u0161njaka tra\u017ei novac za izbore u roku od 48 sati - RADIO LJUBU\u0160KI<\/title>\n<meta name=\"robots\" content=\"index, follow, max-snippet:-1, max-image-preview:large, max-video-preview:-1\" \/>\n<link rel=\"canonical\" href=\"https:\/\/radioljubuski.ba\/index.php\/2022\/05\/23\/klub-bosnjaka-trazi-novac-za-izbore-u-roku-od-48-sati\/\" \/>\n<meta property=\"og:locale\" content=\"hr_HR\" \/>\n<meta property=\"og:type\" content=\"article\" \/>\n<meta property=\"og:title\" content=\"Klub Bo\u0161njaka tra\u017ei novac za izbore u roku od 48 sati - RADIO LJUBU\u0160KI\" \/>\n<meta property=\"og:description\" content=\"Klub Bo\u0161njaka u Domu naroda Parlamentarne skup\u0161tine BiH predlo\u017eio je zaklju\u010dak na hitnoj sjednici Doma naroda parlamenta BiH da Vjekoslav Bevanda, ministar financija i riznice BiH sa\u010dini prijedlog odluke o dodjeli sredstava Sredi\u0161njem izbornom povjerenstvu za provo\u0111enje op\u0107ih izbora u iznosu od 12,5 milijuna KM i Vije\u0107u ministra BiH da navedenu odluku usvoji u roku [&hellip;]\" \/>\n<meta property=\"og:url\" content=\"https:\/\/radioljubuski.ba\/index.php\/2022\/05\/23\/klub-bosnjaka-trazi-novac-za-izbore-u-roku-od-48-sati\/\" \/>\n<meta property=\"og:site_name\" content=\"RADIO LJUBU\u0160KI\" \/>\n<meta property=\"article:publisher\" content=\"https:\/\/www.facebook.com\/Radiio-Ljubuski-1490835324566332\" \/>\n<meta property=\"article:published_time\" content=\"2022-05-23T12:23:30+00:00\" \/>\n<meta property=\"article:modified_time\" content=\"2022-05-23T12:23:31+00:00\" \/>\n<meta property=\"og:image\" content=\"https:\/\/radioljubuski.ba\/wp-content\/uploads\/2022\/04\/dom-naroda.jpg\" \/>\n\t<meta property=\"og:image:width\" content=\"1024\" \/>\n\t<meta property=\"og:image:height\" content=\"577\" \/>\n\t<meta property=\"og:image:type\" content=\"image\/jpeg\" \/>\n<meta name=\"author\" content=\"Radio Ljubu\u0161ki\" \/>\n<meta name=\"twitter:card\" content=\"summary_large_image\" \/>\n<meta name=\"twitter:creator\" content=\"@radioljubuski\" \/>\n<meta name=\"twitter:site\" content=\"@radioljubuski\" \/>\n<meta name=\"twitter:label1\" content=\"Napisao\/la\" \/>\n\t<meta name=\"twitter:data1\" content=\"Radio Ljubu\u0161ki\" \/>\n\t<meta name=\"twitter:label2\" content=\"Procijenjeno vrijeme \u010ditanja\" \/>\n\t<meta name=\"twitter:data2\" content=\"2 minute\" \/>\n<script type=\"application\/ld+json\" class=\"yoast-schema-graph\">{\"@context\":\"https:\\\/\\\/schema.org\",\"@graph\":[{\"@type\":\"Article\",\"@id\":\"https:\\\/\\\/radioljubuski.ba\\\/index.php\\\/2022\\\/05\\\/23\\\/klub-bosnjaka-trazi-novac-za-izbore-u-roku-od-48-sati\\\/#article\",\"isPartOf\":{\"@id\":\"https:\\\/\\\/radioljubuski.ba\\\/index.php\\\/2022\\\/05\\\/23\\\/klub-bosnjaka-trazi-novac-za-izbore-u-roku-od-48-sati\\\/\"},\"author\":{\"name\":\"Radio Ljubu\u0161ki\",\"@id\":\"https:\\\/\\\/radioljubuski.ba\\\/#\\\/schema\\\/person\\\/19fc700381a780f69665d7956c469e3b\"},\"headline\":\"Klub Bo\u0161njaka tra\u017ei novac za izbore u roku od 48 sati\",\"datePublished\":\"2022-05-23T12:23:30+00:00\",\"dateModified\":\"2022-05-23T12:23:31+00:00\",\"mainEntityOfPage\":{\"@id\":\"https:\\\/\\\/radioljubuski.ba\\\/index.php\\\/2022\\\/05\\\/23\\\/klub-bosnjaka-trazi-novac-za-izbore-u-roku-od-48-sati\\\/\"},\"wordCount\":422,\"publisher\":{\"@id\":\"https:\\\/\\\/radioljubuski.ba\\\/#organization\"},\"image\":{\"@id\":\"https:\\\/\\\/radioljubuski.ba\\\/index.php\\\/2022\\\/05\\\/23\\\/klub-bosnjaka-trazi-novac-za-izbore-u-roku-od-48-sati\\\/#primaryimage\"},\"thumbnailUrl\":\"https:\\\/\\\/radioljubuski.ba\\\/wp-content\\\/uploads\\\/2022\\\/04\\\/dom-naroda.jpg\",\"articleSection\":[\"BIH i regija\"],\"inLanguage\":\"hr\"},{\"@type\":\"WebPage\",\"@id\":\"https:\\\/\\\/radioljubuski.ba\\\/index.php\\\/2022\\\/05\\\/23\\\/klub-bosnjaka-trazi-novac-za-izbore-u-roku-od-48-sati\\\/\",\"url\":\"https:\\\/\\\/radioljubuski.ba\\\/index.php\\\/2022\\\/05\\\/23\\\/klub-bosnjaka-trazi-novac-za-izbore-u-roku-od-48-sati\\\/\",\"name\":\"Klub Bo\u0161njaka tra\u017ei novac za izbore u roku od 48 sati - RADIO LJUBU\u0160KI\",\"isPartOf\":{\"@id\":\"https:\\\/\\\/radioljubuski.ba\\\/#website\"},\"primaryImageOfPage\":{\"@id\":\"https:\\\/\\\/radioljubuski.ba\\\/index.php\\\/2022\\\/05\\\/23\\\/klub-bosnjaka-trazi-novac-za-izbore-u-roku-od-48-sati\\\/#primaryimage\"},\"image\":{\"@id\":\"https:\\\/\\\/radioljubuski.ba\\\/index.php\\\/2022\\\/05\\\/23\\\/klub-bosnjaka-trazi-novac-za-izbore-u-roku-od-48-sati\\\/#primaryimage\"},\"thumbnailUrl\":\"https:\\\/\\\/radioljubuski.ba\\\/wp-content\\\/uploads\\\/2022\\\/04\\\/dom-naroda.jpg\",\"datePublished\":\"2022-05-23T12:23:30+00:00\",\"dateModified\":\"2022-05-23T12:23:31+00:00\",\"breadcrumb\":{\"@id\":\"https:\\\/\\\/radioljubuski.ba\\\/index.php\\\/2022\\\/05\\\/23\\\/klub-bosnjaka-trazi-novac-za-izbore-u-roku-od-48-sati\\\/#breadcrumb\"},\"inLanguage\":\"hr\",\"potentialAction\":[{\"@type\":\"ReadAction\",\"target\":[\"https:\\\/\\\/radioljubuski.ba\\\/index.php\\\/2022\\\/05\\\/23\\\/klub-bosnjaka-trazi-novac-za-izbore-u-roku-od-48-sati\\\/\"]}]},{\"@type\":\"ImageObject\",\"inLanguage\":\"hr\",\"@id\":\"https:\\\/\\\/radioljubuski.ba\\\/index.php\\\/2022\\\/05\\\/23\\\/klub-bosnjaka-trazi-novac-za-izbore-u-roku-od-48-sati\\\/#primaryimage\",\"url\":\"https:\\\/\\\/radioljubuski.ba\\\/wp-content\\\/uploads\\\/2022\\\/04\\\/dom-naroda.jpg\",\"contentUrl\":\"https:\\\/\\\/radioljubuski.ba\\\/wp-content\\\/uploads\\\/2022\\\/04\\\/dom-naroda.jpg\",\"width\":1024,\"height\":577},{\"@type\":\"BreadcrumbList\",\"@id\":\"https:\\\/\\\/radioljubuski.ba\\\/index.php\\\/2022\\\/05\\\/23\\\/klub-bosnjaka-trazi-novac-za-izbore-u-roku-od-48-sati\\\/#breadcrumb\",\"itemListElement\":[{\"@type\":\"ListItem\",\"position\":1,\"name\":\"Po\u010detna stranica\",\"item\":\"https:\\\/\\\/radioljubuski.ba\\\/\"},{\"@type\":\"ListItem\",\"position\":2,\"name\":\"Klub Bo\u0161njaka tra\u017ei novac za izbore u roku od 48 sati\"}]},{\"@type\":\"WebSite\",\"@id\":\"https:\\\/\\\/radioljubuski.ba\\\/#website\",\"url\":\"https:\\\/\\\/radioljubuski.ba\\\/\",\"name\":\"Radio Ljubu\u0161ki\",\"description\":\"Sun\u010dana frekvencija Hercegovine\",\"publisher\":{\"@id\":\"https:\\\/\\\/radioljubuski.ba\\\/#organization\"},\"potentialAction\":[{\"@type\":\"SearchAction\",\"target\":{\"@type\":\"EntryPoint\",\"urlTemplate\":\"https:\\\/\\\/radioljubuski.ba\\\/?s={search_term_string}\"},\"query-input\":{\"@type\":\"PropertyValueSpecification\",\"valueRequired\":true,\"valueName\":\"search_term_string\"}}],\"inLanguage\":\"hr\"},{\"@type\":\"Organization\",\"@id\":\"https:\\\/\\\/radioljubuski.ba\\\/#organization\",\"name\":\"Radio Ljubu\u0161ki\",\"url\":\"https:\\\/\\\/radioljubuski.ba\\\/\",\"logo\":{\"@type\":\"ImageObject\",\"inLanguage\":\"hr\",\"@id\":\"https:\\\/\\\/radioljubuski.ba\\\/#\\\/schema\\\/logo\\\/image\\\/\",\"url\":\"https:\\\/\\\/radioljubuski.ba\\\/wp-content\\\/uploads\\\/2021\\\/02\\\/cropped-Radio_Ljubuski_logo1.jpg\",\"contentUrl\":\"https:\\\/\\\/radioljubuski.ba\\\/wp-content\\\/uploads\\\/2021\\\/02\\\/cropped-Radio_Ljubuski_logo1.jpg\",\"width\":512,\"height\":512,\"caption\":\"Radio Ljubu\u0161ki\"},\"image\":{\"@id\":\"https:\\\/\\\/radioljubuski.ba\\\/#\\\/schema\\\/logo\\\/image\\\/\"},\"sameAs\":[\"https:\\\/\\\/www.facebook.com\\\/Radiio-Ljubuski-1490835324566332\",\"https:\\\/\\\/x.com\\\/radioljubuski\",\"https:\\\/\\\/hr.linkedin.com\\\/company\\\/radio-ljubuski\",\"https:\\\/\\\/www.youtube.com\\\/channel\\\/UCHYaeO_n0Db3tjNGudGpXyw\"]},{\"@type\":\"Person\",\"@id\":\"https:\\\/\\\/radioljubuski.ba\\\/#\\\/schema\\\/person\\\/19fc700381a780f69665d7956c469e3b\",\"name\":\"Radio Ljubu\u0161ki\"}]}<\/script>\n<!-- \/ Yoast SEO plugin. -->","yoast_head_json":{"title":"Klub Bo\u0161njaka tra\u017ei novac za izbore u roku od 48 sati - RADIO LJUBU\u0160KI","robots":{"index":"index","follow":"follow","max-snippet":"max-snippet:-1","max-image-preview":"max-image-preview:large","max-video-preview":"max-video-preview:-1"},"canonical":"https:\/\/radioljubuski.ba\/index.php\/2022\/05\/23\/klub-bosnjaka-trazi-novac-za-izbore-u-roku-od-48-sati\/","og_locale":"hr_HR","og_type":"article","og_title":"Klub Bo\u0161njaka tra\u017ei novac za izbore u roku od 48 sati - RADIO LJUBU\u0160KI","og_description":"Klub Bo\u0161njaka u Domu naroda Parlamentarne skup\u0161tine BiH predlo\u017eio je zaklju\u010dak na hitnoj sjednici Doma naroda parlamenta BiH da Vjekoslav Bevanda, ministar financija i riznice BiH sa\u010dini prijedlog odluke o dodjeli sredstava Sredi\u0161njem izbornom povjerenstvu za provo\u0111enje op\u0107ih izbora u iznosu od 12,5 milijuna KM i Vije\u0107u ministra BiH da navedenu odluku usvoji u roku [&hellip;]","og_url":"https:\/\/radioljubuski.ba\/index.php\/2022\/05\/23\/klub-bosnjaka-trazi-novac-za-izbore-u-roku-od-48-sati\/","og_site_name":"RADIO LJUBU\u0160KI","article_publisher":"https:\/\/www.facebook.com\/Radiio-Ljubuski-1490835324566332","article_published_time":"2022-05-23T12:23:30+00:00","article_modified_time":"2022-05-23T12:23:31+00:00","og_image":[{"width":1024,"height":577,"url":"https:\/\/radioljubuski.ba\/wp-content\/uploads\/2022\/04\/dom-naroda.jpg","type":"image\/jpeg"}],"author":"Radio Ljubu\u0161ki","twitter_card":"summary_large_image","twitter_creator":"@radioljubuski","twitter_site":"@radioljubuski","twitter_misc":{"Napisao\/la":"Radio Ljubu\u0161ki","Procijenjeno vrijeme \u010ditanja":"2 minute"},"schema":{"@context":"https:\/\/schema.org","@graph":[{"@type":"Article","@id":"https:\/\/radioljubuski.ba\/index.php\/2022\/05\/23\/klub-bosnjaka-trazi-novac-za-izbore-u-roku-od-48-sati\/#article","isPartOf":{"@id":"https:\/\/radioljubuski.ba\/index.php\/2022\/05\/23\/klub-bosnjaka-trazi-novac-za-izbore-u-roku-od-48-sati\/"},"author":{"name":"Radio Ljubu\u0161ki","@id":"https:\/\/radioljubuski.ba\/#\/schema\/person\/19fc700381a780f69665d7956c469e3b"},"headline":"Klub Bo\u0161njaka tra\u017ei novac za izbore u roku od 48 sati","datePublished":"2022-05-23T12:23:30+00:00","dateModified":"2022-05-23T12:23:31+00:00","mainEntityOfPage":{"@id":"https:\/\/radioljubuski.ba\/index.php\/2022\/05\/23\/klub-bosnjaka-trazi-novac-za-izbore-u-roku-od-48-sati\/"},"wordCount":422,"publisher":{"@id":"https:\/\/radioljubuski.ba\/#organization"},"image":{"@id":"https:\/\/radioljubuski.ba\/index.php\/2022\/05\/23\/klub-bosnjaka-trazi-novac-za-izbore-u-roku-od-48-sati\/#primaryimage"},"thumbnailUrl":"https:\/\/radioljubuski.ba\/wp-content\/uploads\/2022\/04\/dom-naroda.jpg","articleSection":["BIH i regija"],"inLanguage":"hr"},{"@type":"WebPage","@id":"https:\/\/radioljubuski.ba\/index.php\/2022\/05\/23\/klub-bosnjaka-trazi-novac-za-izbore-u-roku-od-48-sati\/","url":"https:\/\/radioljubuski.ba\/index.php\/2022\/05\/23\/klub-bosnjaka-trazi-novac-za-izbore-u-roku-od-48-sati\/","name":"Klub Bo\u0161njaka tra\u017ei novac za izbore u roku od 48 sati - RADIO LJUBU\u0160KI","isPartOf":{"@id":"https:\/\/radioljubuski.ba\/#website"},"primaryImageOfPage":{"@id":"https:\/\/radioljubuski.ba\/index.php\/2022\/05\/23\/klub-bosnjaka-trazi-novac-za-izbore-u-roku-od-48-sati\/#primaryimage"},"image":{"@id":"https:\/\/radioljubuski.ba\/index.php\/2022\/05\/23\/klub-bosnjaka-trazi-novac-za-izbore-u-roku-od-48-sati\/#primaryimage"},"thumbnailUrl":"https:\/\/radioljubuski.ba\/wp-content\/uploads\/2022\/04\/dom-naroda.jpg","datePublished":"2022-05-23T12:23:30+00:00","dateModified":"2022-05-23T12:23:31+00:00","breadcrumb":{"@id":"https:\/\/radioljubuski.ba\/index.php\/2022\/05\/23\/klub-bosnjaka-trazi-novac-za-izbore-u-roku-od-48-sati\/#breadcrumb"},"inLanguage":"hr","potentialAction":[{"@type":"ReadAction","target":["https:\/\/radioljubuski.ba\/index.php\/2022\/05\/23\/klub-bosnjaka-trazi-novac-za-izbore-u-roku-od-48-sati\/"]}]},{"@type":"ImageObject","inLanguage":"hr","@id":"https:\/\/radioljubuski.ba\/index.php\/2022\/05\/23\/klub-bosnjaka-trazi-novac-za-izbore-u-roku-od-48-sati\/#primaryimage","url":"https:\/\/radioljubuski.ba\/wp-content\/uploads\/2022\/04\/dom-naroda.jpg","contentUrl":"https:\/\/radioljubuski.ba\/wp-content\/uploads\/2022\/04\/dom-naroda.jpg","width":1024,"height":577},{"@type":"BreadcrumbList","@id":"https:\/\/radioljubuski.ba\/index.php\/2022\/05\/23\/klub-bosnjaka-trazi-novac-za-izbore-u-roku-od-48-sati\/#breadcrumb","itemListElement":[{"@type":"ListItem","position":1,"name":"Po\u010detna stranica","item":"https:\/\/radioljubuski.ba\/"},{"@type":"ListItem","position":2,"name":"Klub Bo\u0161njaka tra\u017ei novac za izbore u roku od 48 sati"}]},{"@type":"WebSite","@id":"https:\/\/radioljubuski.ba\/#website","url":"https:\/\/radioljubuski.ba\/","name":"Radio Ljubu\u0161ki","description":"Sun\u010dana frekvencija Hercegovine","publisher":{"@id":"https:\/\/radioljubuski.ba\/#organization"},"potentialAction":[{"@type":"SearchAction","target":{"@type":"EntryPoint","urlTemplate":"https:\/\/radioljubuski.ba\/?s={search_term_string}"},"query-input":{"@type":"PropertyValueSpecification","valueRequired":true,"valueName":"search_term_string"}}],"inLanguage":"hr"},{"@type":"Organization","@id":"https:\/\/radioljubuski.ba\/#organization","name":"Radio Ljubu\u0161ki","url":"https:\/\/radioljubuski.ba\/","logo":{"@type":"ImageObject","inLanguage":"hr","@id":"https:\/\/radioljubuski.ba\/#\/schema\/logo\/image\/","url":"https:\/\/radioljubuski.ba\/wp-content\/uploads\/2021\/02\/cropped-Radio_Ljubuski_logo1.jpg","contentUrl":"https:\/\/radioljubuski.ba\/wp-content\/uploads\/2021\/02\/cropped-Radio_Ljubuski_logo1.jpg","width":512,"height":512,"caption":"Radio Ljubu\u0161ki"},"image":{"@id":"https:\/\/radioljubuski.ba\/#\/schema\/logo\/image\/"},"sameAs":["https:\/\/www.facebook.com\/Radiio-Ljubuski-1490835324566332","https:\/\/x.com\/radioljubuski","https:\/\/hr.linkedin.com\/company\/radio-ljubuski","https:\/\/www.youtube.com\/channel\/UCHYaeO_n0Db3tjNGudGpXyw"]},{"@type":"Person","@id":"https:\/\/radioljubuski.ba\/#\/schema\/person\/19fc700381a780f69665d7956c469e3b","name":"Radio Ljubu\u0161ki"}]}},"_links":{"self":[{"href":"https:\/\/radioljubuski.ba\/index.php\/wp-json\/wp\/v2\/posts\/143376","targetHints":{"allow":["GET"]}}],"collection":[{"href":"https:\/\/radioljubuski.ba\/index.php\/wp-json\/wp\/v2\/posts"}],"about":[{"href":"https:\/\/radioljubuski.ba\/index.php\/wp-json\/wp\/v2\/types\/post"}],"author":[{"embeddable":true,"href":"https:\/\/radioljubuski.ba\/index.php\/wp-json\/wp\/v2\/users\/2"}],"replies":[{"embeddable":true,"href":"https:\/\/radioljubuski.ba\/index.php\/wp-json\/wp\/v2\/comments?post=143376"}],"version-history":[{"count":1,"href":"https:\/\/radioljubuski.ba\/index.php\/wp-json\/wp\/v2\/posts\/143376\/revisions"}],"predecessor-version":[{"id":143377,"href":"https:\/\/radioljubuski.ba\/index.php\/wp-json\/wp\/v2\/posts\/143376\/revisions\/143377"}],"wp:featuredmedia":[{"embeddable":true,"href":"https:\/\/radioljubuski.ba\/index.php\/wp-json\/wp\/v2\/media\/127880"}],"wp:attachment":[{"href":"https:\/\/radioljubuski.ba\/index.php\/wp-json\/wp\/v2\/media?parent=143376"}],"wp:term":[{"taxonomy":"category","embeddable":true,"href":"https:\/\/radioljubuski.ba\/index.php\/wp-json\/wp\/v2\/categories?post=143376"},{"taxonomy":"post_tag","embeddable":true,"href":"https:\/\/radioljubuski.ba\/index.php\/wp-json\/wp\/v2\/tags?post=143376"}],"curies":[{"name":"wp","href":"https:\/\/api.w.org\/{rel}","templated":true}]}}