{"id":143381,"date":"2022-05-23T13:25:44","date_gmt":"2022-05-23T12:25:44","guid":{"rendered":"https:\/\/radioljubuski.ba\/?p=143381"},"modified":"2022-05-23T13:25:45","modified_gmt":"2022-05-23T12:25:45","slug":"predsezona-u-medugorju-zadovoljavajuca-tek-se-ocekuju-pravi-dolasci","status":"publish","type":"post","link":"https:\/\/radioljubuski.ba\/index.php\/2022\/05\/23\/predsezona-u-medugorju-zadovoljavajuca-tek-se-ocekuju-pravi-dolasci\/","title":{"rendered":"Predsezona u Me\u0111ugorju zadovoljavaju\u0107a, tek se o\u010dekuju pravi dolasci"},"content":{"rendered":"\n<p><strong>Me\u0111ugorje u predsezoni bilje\u017ei ve\u0107i broj gostiju nego 2021. godine, a s odmakom turisti\u010dke sezone nadaju se i ve\u0107im brojkama.<\/strong><\/p>\n\n\n\n<p>U Me\u0111ugorju su relativno zadovoljni predsezonom i brojem gostiju, rekao je u razgovoru za Fenu voditelj Ureda Turisti\u010dke zajednice (TZ) Me\u0111ugorje \u017deljko Vasilj.<\/p>\n\n\n\n<p>\u2013 Za ovaj dio godine zadovoljni smo brojem gostiju. Ve\u0107 od uskr\u0161njih blagdana, a imamo kontinuiran broj gostiju u Me\u0111ugorju svaki dan. U prosjeku su to gosti iz 10 i 15 stranih zemalja, koji se registriraju u \u017eupnom uredu \u2013 rekao je Vasilj.<\/p>\n\n\n\n<p>Vasilj je izjavio kako trenuta\u010dno u Me\u0111ugorju boravi poprili\u010dan broj gostiju iz prekooceanskih zemalja, \u0161to im daje nadu da \u0107e sezona biti dobra.<\/p>\n\n\n\n<p>\u2013 Prisutni su gosti iz Sjeverne, Srednje i Ju\u017ene Amerike pa sve do Ju\u017ene Koreje, \u0161to nam daje jo\u0161 vi\u0161e optimizma da \u0107emo i s europskim gostima imati bolju sezonu \u2013 smatra voditelj TZ u Me\u0111ugorju.<\/p>\n\n\n\n<p>Vasilj navodi kako je u predsezoni va\u017ean kontinuiran rast gostiju.<\/p>\n\n\n\n<p>\u2013 Na dnevnoj bazi imamo kontinuiranu brojku od dvije tisu\u0107e turista. Prednja\u010de Poljaci, Irci, Talijani, \u0160panjolci dolaze u ve\u0107em broju, ima i Amerikanaca. Vikend dani su jo\u0161 bolji jer do\u0111e veliki broj hodo\u010dasnika iz Hrvatske, koji onda poja\u010daju ukupnu brojku \u2013 isti\u010de Vasilj.<\/p>\n\n\n\n<p>Kako ka\u017ee, sezona ide u dobrom smjeru, ali trebat \u0107e jo\u0161 vremena da se dostignu brojke iz 2019. godine.<\/p>\n\n\n\n<p>\u2013 Ova godina \u0107e sigurno biti bolja od proteklih. Mi 2020. godinu prakti\u010dki i ne ra\u010dunamo jer nije bilo ni\u010dega. Pro\u0161la, 2021. godina, je startala krajem lipnja za samu obljetnicu me\u0111ugorskih ukazanja i dala je nekog rezultata, ali je to bila tre\u0107ina u pore\u0111enju s 2019. godinom. Vjerujem da \u0107e stabilizacijom situacije tr\u017ei\u0161ta biti bolja sezona, ali \u0107e to opet biti ispod pretpandemijske 2019. godine \u2013 misli Vasilj.<\/p>\n\n\n\n<p>Poru\u010dio je da \u0107e trebati izvjesno vrijeme kako bi se dostigle brojke iz 2019., ali vjeruje kako ve\u0107 ove godine ide pobolj\u0161anje jer su granice otvorene i ljudi mogu putovati.<\/p>\n\n\n\n<p>Vasilj isti\u010de da glavni dio sezone u Me\u0111ugorju po\u010dinje Mladifestom, krajem kolovoza, te se nastavlja kroz rujan i listopad.<\/p>\n\n\n\n<p>\u2013 Tek o\u010dekujemo prave dolaske u Me\u0111ugorje. S odmakom sezone broj hodo\u010dasnika u Me\u0111ugorju \u0107e sigurno rasti \u2013 nadodao je Vasilj.<\/p>\n\n\n\n<p>Vasilj se osvrnuo i na broj hodo\u010dasnika koji dolaze iz ratom pogo\u0111ene Ukrajine.<\/p>\n\n\n\n<p>\u2013 \u0160to se ti\u010de Ukrajine, logi\u010dno je da tu stvar ovisi od doga\u0111anja u njihovoj zemlji. \u010cak smo prijatno iznena\u0111eni brojem hodo\u010dasnika iz Ukrajine u Me\u0111ugorju kojih nekada ima po par stotina. Uglavnom su \u017eene i djeca, a ve\u0107inom dolaze iz zapadnog dijela Ukrajine koji je manje pogo\u0111en ratom \u2013 rekao je Vasilj.<\/p>\n\n\n\n<p>Vasilj tvrdi kako situacija u Ukrajini pretjerano ne utje\u010de na broj dolazaka hodo\u010dasnika iz Poljske i ostalih zemalja srednje Europe.<\/p>\n\n\n\n<p>\u2013 Gosti iz Poljske su tu i \u010dim do\u0111e ljeto oni \u0107e pristizati u sve ve\u0107im brojkama. Tu se situacije ne\u0107e promijeniti, a o\u010dekujemo uobi\u010dajen ritam dolazaka i hodo\u010dasnika iz zemalja srednje Europe poput Ma\u0111arske, \u010ce\u0161ke, Slova\u010dke \u2013 zaklju\u010dio je Vasilj.<\/p>\n\n\n\n<p>\/HMS\/<\/p>\n","protected":false},"excerpt":{"rendered":"<p>Me\u0111ugorje u predsezoni bilje\u017ei ve\u0107i broj gostiju nego 2021. godine, a s odmakom turisti\u010dke sezone nadaju se i ve\u0107im brojkama. U Me\u0111ugorju su relativno zadovoljni predsezonom i brojem gostiju, rekao je u razgovoru za Fenu voditelj Ureda Turisti\u010dke zajednice (TZ) Me\u0111ugorje \u017deljko Vasilj. \u2013 Za ovaj dio godine zadovoljni smo brojem gostiju. Ve\u0107 od uskr\u0161njih [&hellip;]<\/p>\n","protected":false},"author":2,"featured_media":119134,"comment_status":"closed","ping_status":"closed","sticky":false,"template":"","format":"standard","meta":{"h5ap_radio_sources":[],"footnotes":""},"categories":[1],"tags":[],"class_list":["post-143381","post","type-post","status-publish","format-standard","has-post-thumbnail","hentry","category-bihiregija"],"yoast_head":"<!-- This site is optimized with the Yoast SEO plugin v27.5 - https:\/\/yoast.com\/product\/yoast-seo-wordpress\/ -->\n<title>Predsezona u Me\u0111ugorju zadovoljavaju\u0107a, tek se o\u010dekuju pravi dolasci - RADIO LJUBU\u0160KI<\/title>\n<meta name=\"robots\" content=\"index, follow, max-snippet:-1, max-image-preview:large, max-video-preview:-1\" \/>\n<link rel=\"canonical\" href=\"https:\/\/radioljubuski.ba\/index.php\/2022\/05\/23\/predsezona-u-medugorju-zadovoljavajuca-tek-se-ocekuju-pravi-dolasci\/\" \/>\n<meta property=\"og:locale\" content=\"hr_HR\" \/>\n<meta property=\"og:type\" content=\"article\" \/>\n<meta property=\"og:title\" content=\"Predsezona u Me\u0111ugorju zadovoljavaju\u0107a, tek se o\u010dekuju pravi dolasci - RADIO LJUBU\u0160KI\" \/>\n<meta property=\"og:description\" content=\"Me\u0111ugorje u predsezoni bilje\u017ei ve\u0107i broj gostiju nego 2021. godine, a s odmakom turisti\u010dke sezone nadaju se i ve\u0107im brojkama. U Me\u0111ugorju su relativno zadovoljni predsezonom i brojem gostiju, rekao je u razgovoru za Fenu voditelj Ureda Turisti\u010dke zajednice (TZ) Me\u0111ugorje \u017deljko Vasilj. \u2013 Za ovaj dio godine zadovoljni smo brojem gostiju. Ve\u0107 od uskr\u0161njih [&hellip;]\" \/>\n<meta property=\"og:url\" content=\"https:\/\/radioljubuski.ba\/index.php\/2022\/05\/23\/predsezona-u-medugorju-zadovoljavajuca-tek-se-ocekuju-pravi-dolasci\/\" \/>\n<meta property=\"og:site_name\" content=\"RADIO LJUBU\u0160KI\" \/>\n<meta property=\"article:publisher\" content=\"https:\/\/www.facebook.com\/Radiio-Ljubuski-1490835324566332\" \/>\n<meta property=\"article:published_time\" content=\"2022-05-23T12:25:44+00:00\" \/>\n<meta property=\"article:modified_time\" content=\"2022-05-23T12:25:45+00:00\" \/>\n<meta property=\"og:image\" content=\"https:\/\/radioljubuski.ba\/wp-content\/uploads\/2022\/03\/fLKHdu1v_medjugorje.jpg\" \/>\n\t<meta property=\"og:image:width\" content=\"1000\" \/>\n\t<meta property=\"og:image:height\" content=\"625\" \/>\n\t<meta property=\"og:image:type\" content=\"image\/jpeg\" \/>\n<meta name=\"author\" content=\"Radio Ljubu\u0161ki\" \/>\n<meta name=\"twitter:card\" content=\"summary_large_image\" \/>\n<meta name=\"twitter:creator\" content=\"@radioljubuski\" \/>\n<meta name=\"twitter:site\" content=\"@radioljubuski\" \/>\n<meta name=\"twitter:label1\" content=\"Napisao\/la\" \/>\n\t<meta name=\"twitter:data1\" content=\"Radio Ljubu\u0161ki\" \/>\n\t<meta name=\"twitter:label2\" content=\"Procijenjeno vrijeme \u010ditanja\" \/>\n\t<meta name=\"twitter:data2\" content=\"3 minute\" \/>\n<script type=\"application\/ld+json\" class=\"yoast-schema-graph\">{\"@context\":\"https:\\\/\\\/schema.org\",\"@graph\":[{\"@type\":\"Article\",\"@id\":\"https:\\\/\\\/radioljubuski.ba\\\/index.php\\\/2022\\\/05\\\/23\\\/predsezona-u-medugorju-zadovoljavajuca-tek-se-ocekuju-pravi-dolasci\\\/#article\",\"isPartOf\":{\"@id\":\"https:\\\/\\\/radioljubuski.ba\\\/index.php\\\/2022\\\/05\\\/23\\\/predsezona-u-medugorju-zadovoljavajuca-tek-se-ocekuju-pravi-dolasci\\\/\"},\"author\":{\"name\":\"Radio Ljubu\u0161ki\",\"@id\":\"https:\\\/\\\/radioljubuski.ba\\\/#\\\/schema\\\/person\\\/19fc700381a780f69665d7956c469e3b\"},\"headline\":\"Predsezona u Me\u0111ugorju zadovoljavaju\u0107a, tek se o\u010dekuju pravi dolasci\",\"datePublished\":\"2022-05-23T12:25:44+00:00\",\"dateModified\":\"2022-05-23T12:25:45+00:00\",\"mainEntityOfPage\":{\"@id\":\"https:\\\/\\\/radioljubuski.ba\\\/index.php\\\/2022\\\/05\\\/23\\\/predsezona-u-medugorju-zadovoljavajuca-tek-se-ocekuju-pravi-dolasci\\\/\"},\"wordCount\":538,\"publisher\":{\"@id\":\"https:\\\/\\\/radioljubuski.ba\\\/#organization\"},\"image\":{\"@id\":\"https:\\\/\\\/radioljubuski.ba\\\/index.php\\\/2022\\\/05\\\/23\\\/predsezona-u-medugorju-zadovoljavajuca-tek-se-ocekuju-pravi-dolasci\\\/#primaryimage\"},\"thumbnailUrl\":\"https:\\\/\\\/radioljubuski.ba\\\/wp-content\\\/uploads\\\/2022\\\/03\\\/fLKHdu1v_medjugorje.jpg\",\"articleSection\":[\"BIH i regija\"],\"inLanguage\":\"hr\"},{\"@type\":\"WebPage\",\"@id\":\"https:\\\/\\\/radioljubuski.ba\\\/index.php\\\/2022\\\/05\\\/23\\\/predsezona-u-medugorju-zadovoljavajuca-tek-se-ocekuju-pravi-dolasci\\\/\",\"url\":\"https:\\\/\\\/radioljubuski.ba\\\/index.php\\\/2022\\\/05\\\/23\\\/predsezona-u-medugorju-zadovoljavajuca-tek-se-ocekuju-pravi-dolasci\\\/\",\"name\":\"Predsezona u Me\u0111ugorju zadovoljavaju\u0107a, tek se o\u010dekuju pravi dolasci - RADIO LJUBU\u0160KI\",\"isPartOf\":{\"@id\":\"https:\\\/\\\/radioljubuski.ba\\\/#website\"},\"primaryImageOfPage\":{\"@id\":\"https:\\\/\\\/radioljubuski.ba\\\/index.php\\\/2022\\\/05\\\/23\\\/predsezona-u-medugorju-zadovoljavajuca-tek-se-ocekuju-pravi-dolasci\\\/#primaryimage\"},\"image\":{\"@id\":\"https:\\\/\\\/radioljubuski.ba\\\/index.php\\\/2022\\\/05\\\/23\\\/predsezona-u-medugorju-zadovoljavajuca-tek-se-ocekuju-pravi-dolasci\\\/#primaryimage\"},\"thumbnailUrl\":\"https:\\\/\\\/radioljubuski.ba\\\/wp-content\\\/uploads\\\/2022\\\/03\\\/fLKHdu1v_medjugorje.jpg\",\"datePublished\":\"2022-05-23T12:25:44+00:00\",\"dateModified\":\"2022-05-23T12:25:45+00:00\",\"breadcrumb\":{\"@id\":\"https:\\\/\\\/radioljubuski.ba\\\/index.php\\\/2022\\\/05\\\/23\\\/predsezona-u-medugorju-zadovoljavajuca-tek-se-ocekuju-pravi-dolasci\\\/#breadcrumb\"},\"inLanguage\":\"hr\",\"potentialAction\":[{\"@type\":\"ReadAction\",\"target\":[\"https:\\\/\\\/radioljubuski.ba\\\/index.php\\\/2022\\\/05\\\/23\\\/predsezona-u-medugorju-zadovoljavajuca-tek-se-ocekuju-pravi-dolasci\\\/\"]}]},{\"@type\":\"ImageObject\",\"inLanguage\":\"hr\",\"@id\":\"https:\\\/\\\/radioljubuski.ba\\\/index.php\\\/2022\\\/05\\\/23\\\/predsezona-u-medugorju-zadovoljavajuca-tek-se-ocekuju-pravi-dolasci\\\/#primaryimage\",\"url\":\"https:\\\/\\\/radioljubuski.ba\\\/wp-content\\\/uploads\\\/2022\\\/03\\\/fLKHdu1v_medjugorje.jpg\",\"contentUrl\":\"https:\\\/\\\/radioljubuski.ba\\\/wp-content\\\/uploads\\\/2022\\\/03\\\/fLKHdu1v_medjugorje.jpg\",\"width\":1000,\"height\":625},{\"@type\":\"BreadcrumbList\",\"@id\":\"https:\\\/\\\/radioljubuski.ba\\\/index.php\\\/2022\\\/05\\\/23\\\/predsezona-u-medugorju-zadovoljavajuca-tek-se-ocekuju-pravi-dolasci\\\/#breadcrumb\",\"itemListElement\":[{\"@type\":\"ListItem\",\"position\":1,\"name\":\"Po\u010detna stranica\",\"item\":\"https:\\\/\\\/radioljubuski.ba\\\/\"},{\"@type\":\"ListItem\",\"position\":2,\"name\":\"Predsezona u Me\u0111ugorju zadovoljavaju\u0107a, tek se o\u010dekuju pravi dolasci\"}]},{\"@type\":\"WebSite\",\"@id\":\"https:\\\/\\\/radioljubuski.ba\\\/#website\",\"url\":\"https:\\\/\\\/radioljubuski.ba\\\/\",\"name\":\"Radio Ljubu\u0161ki\",\"description\":\"Sun\u010dana frekvencija Hercegovine\",\"publisher\":{\"@id\":\"https:\\\/\\\/radioljubuski.ba\\\/#organization\"},\"potentialAction\":[{\"@type\":\"SearchAction\",\"target\":{\"@type\":\"EntryPoint\",\"urlTemplate\":\"https:\\\/\\\/radioljubuski.ba\\\/?s={search_term_string}\"},\"query-input\":{\"@type\":\"PropertyValueSpecification\",\"valueRequired\":true,\"valueName\":\"search_term_string\"}}],\"inLanguage\":\"hr\"},{\"@type\":\"Organization\",\"@id\":\"https:\\\/\\\/radioljubuski.ba\\\/#organization\",\"name\":\"Radio Ljubu\u0161ki\",\"url\":\"https:\\\/\\\/radioljubuski.ba\\\/\",\"logo\":{\"@type\":\"ImageObject\",\"inLanguage\":\"hr\",\"@id\":\"https:\\\/\\\/radioljubuski.ba\\\/#\\\/schema\\\/logo\\\/image\\\/\",\"url\":\"https:\\\/\\\/radioljubuski.ba\\\/wp-content\\\/uploads\\\/2021\\\/02\\\/cropped-Radio_Ljubuski_logo1.jpg\",\"contentUrl\":\"https:\\\/\\\/radioljubuski.ba\\\/wp-content\\\/uploads\\\/2021\\\/02\\\/cropped-Radio_Ljubuski_logo1.jpg\",\"width\":512,\"height\":512,\"caption\":\"Radio Ljubu\u0161ki\"},\"image\":{\"@id\":\"https:\\\/\\\/radioljubuski.ba\\\/#\\\/schema\\\/logo\\\/image\\\/\"},\"sameAs\":[\"https:\\\/\\\/www.facebook.com\\\/Radiio-Ljubuski-1490835324566332\",\"https:\\\/\\\/x.com\\\/radioljubuski\",\"https:\\\/\\\/hr.linkedin.com\\\/company\\\/radio-ljubuski\",\"https:\\\/\\\/www.youtube.com\\\/channel\\\/UCHYaeO_n0Db3tjNGudGpXyw\"]},{\"@type\":\"Person\",\"@id\":\"https:\\\/\\\/radioljubuski.ba\\\/#\\\/schema\\\/person\\\/19fc700381a780f69665d7956c469e3b\",\"name\":\"Radio Ljubu\u0161ki\"}]}<\/script>\n<!-- \/ Yoast SEO plugin. -->","yoast_head_json":{"title":"Predsezona u Me\u0111ugorju zadovoljavaju\u0107a, tek se o\u010dekuju pravi dolasci - RADIO LJUBU\u0160KI","robots":{"index":"index","follow":"follow","max-snippet":"max-snippet:-1","max-image-preview":"max-image-preview:large","max-video-preview":"max-video-preview:-1"},"canonical":"https:\/\/radioljubuski.ba\/index.php\/2022\/05\/23\/predsezona-u-medugorju-zadovoljavajuca-tek-se-ocekuju-pravi-dolasci\/","og_locale":"hr_HR","og_type":"article","og_title":"Predsezona u Me\u0111ugorju zadovoljavaju\u0107a, tek se o\u010dekuju pravi dolasci - RADIO LJUBU\u0160KI","og_description":"Me\u0111ugorje u predsezoni bilje\u017ei ve\u0107i broj gostiju nego 2021. godine, a s odmakom turisti\u010dke sezone nadaju se i ve\u0107im brojkama. U Me\u0111ugorju su relativno zadovoljni predsezonom i brojem gostiju, rekao je u razgovoru za Fenu voditelj Ureda Turisti\u010dke zajednice (TZ) Me\u0111ugorje \u017deljko Vasilj. \u2013 Za ovaj dio godine zadovoljni smo brojem gostiju. Ve\u0107 od uskr\u0161njih [&hellip;]","og_url":"https:\/\/radioljubuski.ba\/index.php\/2022\/05\/23\/predsezona-u-medugorju-zadovoljavajuca-tek-se-ocekuju-pravi-dolasci\/","og_site_name":"RADIO LJUBU\u0160KI","article_publisher":"https:\/\/www.facebook.com\/Radiio-Ljubuski-1490835324566332","article_published_time":"2022-05-23T12:25:44+00:00","article_modified_time":"2022-05-23T12:25:45+00:00","og_image":[{"width":1000,"height":625,"url":"https:\/\/radioljubuski.ba\/wp-content\/uploads\/2022\/03\/fLKHdu1v_medjugorje.jpg","type":"image\/jpeg"}],"author":"Radio Ljubu\u0161ki","twitter_card":"summary_large_image","twitter_creator":"@radioljubuski","twitter_site":"@radioljubuski","twitter_misc":{"Napisao\/la":"Radio Ljubu\u0161ki","Procijenjeno vrijeme \u010ditanja":"3 minute"},"schema":{"@context":"https:\/\/schema.org","@graph":[{"@type":"Article","@id":"https:\/\/radioljubuski.ba\/index.php\/2022\/05\/23\/predsezona-u-medugorju-zadovoljavajuca-tek-se-ocekuju-pravi-dolasci\/#article","isPartOf":{"@id":"https:\/\/radioljubuski.ba\/index.php\/2022\/05\/23\/predsezona-u-medugorju-zadovoljavajuca-tek-se-ocekuju-pravi-dolasci\/"},"author":{"name":"Radio Ljubu\u0161ki","@id":"https:\/\/radioljubuski.ba\/#\/schema\/person\/19fc700381a780f69665d7956c469e3b"},"headline":"Predsezona u Me\u0111ugorju zadovoljavaju\u0107a, tek se o\u010dekuju pravi dolasci","datePublished":"2022-05-23T12:25:44+00:00","dateModified":"2022-05-23T12:25:45+00:00","mainEntityOfPage":{"@id":"https:\/\/radioljubuski.ba\/index.php\/2022\/05\/23\/predsezona-u-medugorju-zadovoljavajuca-tek-se-ocekuju-pravi-dolasci\/"},"wordCount":538,"publisher":{"@id":"https:\/\/radioljubuski.ba\/#organization"},"image":{"@id":"https:\/\/radioljubuski.ba\/index.php\/2022\/05\/23\/predsezona-u-medugorju-zadovoljavajuca-tek-se-ocekuju-pravi-dolasci\/#primaryimage"},"thumbnailUrl":"https:\/\/radioljubuski.ba\/wp-content\/uploads\/2022\/03\/fLKHdu1v_medjugorje.jpg","articleSection":["BIH i regija"],"inLanguage":"hr"},{"@type":"WebPage","@id":"https:\/\/radioljubuski.ba\/index.php\/2022\/05\/23\/predsezona-u-medugorju-zadovoljavajuca-tek-se-ocekuju-pravi-dolasci\/","url":"https:\/\/radioljubuski.ba\/index.php\/2022\/05\/23\/predsezona-u-medugorju-zadovoljavajuca-tek-se-ocekuju-pravi-dolasci\/","name":"Predsezona u Me\u0111ugorju zadovoljavaju\u0107a, tek se o\u010dekuju pravi dolasci - RADIO LJUBU\u0160KI","isPartOf":{"@id":"https:\/\/radioljubuski.ba\/#website"},"primaryImageOfPage":{"@id":"https:\/\/radioljubuski.ba\/index.php\/2022\/05\/23\/predsezona-u-medugorju-zadovoljavajuca-tek-se-ocekuju-pravi-dolasci\/#primaryimage"},"image":{"@id":"https:\/\/radioljubuski.ba\/index.php\/2022\/05\/23\/predsezona-u-medugorju-zadovoljavajuca-tek-se-ocekuju-pravi-dolasci\/#primaryimage"},"thumbnailUrl":"https:\/\/radioljubuski.ba\/wp-content\/uploads\/2022\/03\/fLKHdu1v_medjugorje.jpg","datePublished":"2022-05-23T12:25:44+00:00","dateModified":"2022-05-23T12:25:45+00:00","breadcrumb":{"@id":"https:\/\/radioljubuski.ba\/index.php\/2022\/05\/23\/predsezona-u-medugorju-zadovoljavajuca-tek-se-ocekuju-pravi-dolasci\/#breadcrumb"},"inLanguage":"hr","potentialAction":[{"@type":"ReadAction","target":["https:\/\/radioljubuski.ba\/index.php\/2022\/05\/23\/predsezona-u-medugorju-zadovoljavajuca-tek-se-ocekuju-pravi-dolasci\/"]}]},{"@type":"ImageObject","inLanguage":"hr","@id":"https:\/\/radioljubuski.ba\/index.php\/2022\/05\/23\/predsezona-u-medugorju-zadovoljavajuca-tek-se-ocekuju-pravi-dolasci\/#primaryimage","url":"https:\/\/radioljubuski.ba\/wp-content\/uploads\/2022\/03\/fLKHdu1v_medjugorje.jpg","contentUrl":"https:\/\/radioljubuski.ba\/wp-content\/uploads\/2022\/03\/fLKHdu1v_medjugorje.jpg","width":1000,"height":625},{"@type":"BreadcrumbList","@id":"https:\/\/radioljubuski.ba\/index.php\/2022\/05\/23\/predsezona-u-medugorju-zadovoljavajuca-tek-se-ocekuju-pravi-dolasci\/#breadcrumb","itemListElement":[{"@type":"ListItem","position":1,"name":"Po\u010detna stranica","item":"https:\/\/radioljubuski.ba\/"},{"@type":"ListItem","position":2,"name":"Predsezona u Me\u0111ugorju zadovoljavaju\u0107a, tek se o\u010dekuju pravi dolasci"}]},{"@type":"WebSite","@id":"https:\/\/radioljubuski.ba\/#website","url":"https:\/\/radioljubuski.ba\/","name":"Radio Ljubu\u0161ki","description":"Sun\u010dana frekvencija Hercegovine","publisher":{"@id":"https:\/\/radioljubuski.ba\/#organization"},"potentialAction":[{"@type":"SearchAction","target":{"@type":"EntryPoint","urlTemplate":"https:\/\/radioljubuski.ba\/?s={search_term_string}"},"query-input":{"@type":"PropertyValueSpecification","valueRequired":true,"valueName":"search_term_string"}}],"inLanguage":"hr"},{"@type":"Organization","@id":"https:\/\/radioljubuski.ba\/#organization","name":"Radio Ljubu\u0161ki","url":"https:\/\/radioljubuski.ba\/","logo":{"@type":"ImageObject","inLanguage":"hr","@id":"https:\/\/radioljubuski.ba\/#\/schema\/logo\/image\/","url":"https:\/\/radioljubuski.ba\/wp-content\/uploads\/2021\/02\/cropped-Radio_Ljubuski_logo1.jpg","contentUrl":"https:\/\/radioljubuski.ba\/wp-content\/uploads\/2021\/02\/cropped-Radio_Ljubuski_logo1.jpg","width":512,"height":512,"caption":"Radio Ljubu\u0161ki"},"image":{"@id":"https:\/\/radioljubuski.ba\/#\/schema\/logo\/image\/"},"sameAs":["https:\/\/www.facebook.com\/Radiio-Ljubuski-1490835324566332","https:\/\/x.com\/radioljubuski","https:\/\/hr.linkedin.com\/company\/radio-ljubuski","https:\/\/www.youtube.com\/channel\/UCHYaeO_n0Db3tjNGudGpXyw"]},{"@type":"Person","@id":"https:\/\/radioljubuski.ba\/#\/schema\/person\/19fc700381a780f69665d7956c469e3b","name":"Radio Ljubu\u0161ki"}]}},"_links":{"self":[{"href":"https:\/\/radioljubuski.ba\/index.php\/wp-json\/wp\/v2\/posts\/143381","targetHints":{"allow":["GET"]}}],"collection":[{"href":"https:\/\/radioljubuski.ba\/index.php\/wp-json\/wp\/v2\/posts"}],"about":[{"href":"https:\/\/radioljubuski.ba\/index.php\/wp-json\/wp\/v2\/types\/post"}],"author":[{"embeddable":true,"href":"https:\/\/radioljubuski.ba\/index.php\/wp-json\/wp\/v2\/users\/2"}],"replies":[{"embeddable":true,"href":"https:\/\/radioljubuski.ba\/index.php\/wp-json\/wp\/v2\/comments?post=143381"}],"version-history":[{"count":1,"href":"https:\/\/radioljubuski.ba\/index.php\/wp-json\/wp\/v2\/posts\/143381\/revisions"}],"predecessor-version":[{"id":143382,"href":"https:\/\/radioljubuski.ba\/index.php\/wp-json\/wp\/v2\/posts\/143381\/revisions\/143382"}],"wp:featuredmedia":[{"embeddable":true,"href":"https:\/\/radioljubuski.ba\/index.php\/wp-json\/wp\/v2\/media\/119134"}],"wp:attachment":[{"href":"https:\/\/radioljubuski.ba\/index.php\/wp-json\/wp\/v2\/media?parent=143381"}],"wp:term":[{"taxonomy":"category","embeddable":true,"href":"https:\/\/radioljubuski.ba\/index.php\/wp-json\/wp\/v2\/categories?post=143381"},{"taxonomy":"post_tag","embeddable":true,"href":"https:\/\/radioljubuski.ba\/index.php\/wp-json\/wp\/v2\/tags?post=143381"}],"curies":[{"name":"wp","href":"https:\/\/api.w.org\/{rel}","templated":true}]}}