{"id":143400,"date":"2022-05-23T13:56:10","date_gmt":"2022-05-23T12:56:10","guid":{"rendered":"https:\/\/radioljubuski.ba\/?p=143400"},"modified":"2022-05-23T13:56:12","modified_gmt":"2022-05-23T12:56:12","slug":"23-svibnja-1823-roden-ante-starcevic-sto-je-hrvatski-velikan-govorio-o-uvijek-aktualnim-drustvenim-temama","status":"publish","type":"post","link":"https:\/\/radioljubuski.ba\/index.php\/2022\/05\/23\/23-svibnja-1823-roden-ante-starcevic-sto-je-hrvatski-velikan-govorio-o-uvijek-aktualnim-drustvenim-temama\/","title":{"rendered":"23. svibnja 1823. ro\u0111en Ante Star\u010devi\u0107 \u2013 \u0161to je hrvatski velikan govorio o uvijek aktualnim dru\u0161tvenim temama?"},"content":{"rendered":"\n<p><strong>Slobodna, samostalna i nezavisna hrvatska dr\u017eava za Star\u010devi\u0107a je conditio sine qua non opstanka hrvatskog naroda. Danas postoje politi\u010dke snage u EU i Hrvatskoj, pod krinkom demokr\u0161\u0107anstva i socijaldemokracije, koji domoljublje i dr\u017eavnu samobitnost progla\u0161avaju \u2018nacionalizmom opasnim za opstanak EU\u2019. To je poru\u010dila nedavno Angela Merkel na HDZ-ovom predizbornom skupu u Zagrebu, uz \u0161utnju ili odobravanje prisutnih, ali i to poru\u010duju mnoge politi\u010dke snage u Hrvatskoj danas.<\/strong><\/p>\n\n\n\n<p>Dr. Ante Star\u010devi\u0107 (23. svibnja 1823. \u2013 28. velja\u010de 1896.), \u201cOtac domovine\u201d, politi\u010dar, knji\u017eevnik i utemeljitelj Stranke prava, bez ikakve je dvojbe najzna\u010dajniji hrvatski politi\u010dar devetnaestog stolje\u0107a, te uop\u0107e jedan od najzna\u010dajnijih politi\u010dara u suvremenoj hrvatskoj povijesti. Iako radi realnih povijesno-politi\u010dkih okolnosti Hrvatsku nije uspio li\u0161iti okova Be\u010da i Budimpe\u0161te, te stvoriti samostalnu i nezavisnu hrvatsku dr\u017eavu, Star\u010devi\u0107 je postavio neuni\u0161tive temelje kasnijega hrvatskog osamostaljenja i dr\u017eavne nezavisnosti, pi\u0161e <a href=\"https:\/\/www.hkv.hr\/izdvojeno\/komentari\/d-dijanovi\/10931-ante-starevi-otac-hrvatskog-nacionalizma.html\">hkv.hr<\/a><\/p>\n\n\n\n<h3 class=\"wp-block-heading\"><strong>Star\u010devi\u0107 je postavio putokaz kojim se mo\u017ee do\u0107i do narodne i dr\u017eavne nezavisnosti<\/strong><\/h3>\n\n\n\n<p>U do tada mo\u017eda i najkriti\u010dnijem razdoblju hrvatske povijesti, kad je ozbiljno zaprijetila opasnost da Hrvati nestanu kao narodna individualnost i posebnost te se pretope u ne\u0161to drugo,&nbsp;Star\u010devi\u0107 je probudio uspavanu nacionalnu svijest i <strong>hrvatski narod priveo duhovnome jedinstvu.<\/strong> Rije\u010d je o prvome suvremenom hrvatskom politi\u010daru \u2013 a u tome i le\u017ei Star\u010devi\u0107eva veli\u010dina \u2013 koji je, znaju\u0107i da <strong>\u201ejedino uz samostalnost mogu cvasti narodi, zemlje i gradovi\u201d<\/strong> jasno istaknuo zahtjev za stvaranjem samostalne hrvatske dr\u017eave, temelje\u0107i ga na prirodnom i povijesnom hrvatskome dr\u017eavnom pravu. Slobodna, samostalna i nezavisna hrvatska dr\u017eava za Star\u010devi\u0107a je conditio sine qua non opstanka hrvatskog naroda. \u201eU istinu, bez samostalnosti i neodvisnosti narod ne mo\u017ee biti narodom nego je samo puk, mno\u017eina \u010deljadi\u201d \u2013 kazao je tako jednom prilikom.<\/p>\n\n\n\n<p>Raskrinkav\u0161i pak unutarnje i izvanjske neprijatelje hrvatske slobode i samostalnosti \u2013 \u201eSlavoserbe\u201d te Be\u010d, Budimpe\u0161tu i Beograd \u2013 Star\u010devi\u0107 je postavio putokaz kojim se mo\u017ee do\u0107i do narodne i dr\u017eavne nezavisnosti, slobode, sre\u0107e i blagostanja hrvatskog naroda.<\/p>\n\n\n\n<p>I danas bi dr. Ante Star\u010devi\u0107 ostao na svojim pozicijama, kada se kroz ideje nasilne multikulturalnosti ili stvaranja nad-nacionalne EU, poku\u0161ava hrvatskom narodu i drugim narodima Europe nametnuti ideologije nu\u017enosti \u2018ukidanja granica\u2019, \u2018multikulturalnosti\u2019 ili \u2018povjesnom anakronizmu o naciolanim dr\u017eavama\u2019 \u2013 da bi se promijenila slika starog kontinenta po \u017eeljama dru\u0161tveno-politi\u010dkih i odnaro\u0111enih elita, bilo pod krinkom demokr\u0161\u0107anstva ili obmanama moderne socijaldemokracije.<\/p>\n\n\n\n<p>Misao dr. Ante Star\u010devi\u0107a danas je aktualnija \u010dak nego u njegovo vrijeme stvaranja modernih nacija Europe, jer je nakon 200 godina do\u0161lo vrijeme kada se te nacije poku\u0161avaju \u2013 dekontstruirati.<\/p>\n\n\n\n<p>Iz tih i drugih razloga misao dr. Ante Star\u010devi\u0107a, u svojoj biti, ima aktualnost i svje\u017einu ve\u0107u nego ikada ranije!<\/p>\n\n\n\n<h3 class=\"wp-block-heading\"><strong>\u0160to je hrvatski velikan govorio o uvijek aktualnim dru\u0161tvenim temema:<\/strong><\/h3>\n\n\n\n<h4 class=\"wp-block-heading\">1. O su\u017eanjstvu<\/h4>\n\n\n\n<p>Tko i sam sebe smatra za su\u017enja, taj se ne mari \u010duditi ako ga i drugi takovim scene. Tko nije svoj, taj je sva\u010diji, jer od njega ne stoji, \u010diji \u0107e biti. Tko se i hotice za su\u017enja izdaje, taj nema pravo tu\u017eiti se, \u0161to ide od ruke do ruke \u2013 \u0161to menja gospodare.<\/p>\n\n\n\n<h4 class=\"wp-block-heading\">2. O Austriji<\/h4>\n\n\n\n<p>Austrija je vazda jedna te ista, ona niti se mijenjala, niti se mijenja. Ja vam ka\u017eem u ime povjesnice, da se despocije ne popravljaju, nego propadaju.<\/p>\n\n\n\n<h4 class=\"wp-block-heading\">3. O Hrvatima u Bosni<\/h4>\n\n\n\n<p>U Bosni \u017eivi strana na\u0161ega naj\u010di\u0161\u0107ega, najnepokvarenijega naroda, koji lak\u0161e mo\u017ee biti bez nas, negoli mi bez njega. Za nas je njegov \u017eivot znamenitiji negoli pari\u0161kih proletera i njema\u010dkih mudraca, njegovo je naravno stanje za nas korisnije i potrebitije negoli zapadna civilizacija koja smu\u0107uje pamet, truje srce i ubija nam \u017eivot.<\/p>\n\n\n\n<h4 class=\"wp-block-heading\">4. O vo\u0111enju i gonjenju<\/h4>\n\n\n\n<p>Najstra\u0161nie su vam re\u010di, da \u0107ete mene \u2018slediti\u2019. Toga ne bude. Ako trebate gon\u010dina, tra\u017eite si ga drugde. Ja niti koga vodim, niti gonim. To je glavna nesre\u0107a Hervatah, da se der\u017ee ljudih, a ne na\u010delah, a ne programa. S toga je ovaj narod tako \u010desto izdan i prevaren, i vazda mu stvari druga\u010die izpadaju, nego li je on o\u010dekivao. Tko sam za se ne mari, \u010demu da se nada od drugih? Koga nose tu\u0111e noge, neka se ne \u010dudi, ako padne. Gon\u010din \u0107e vas tim ve\u0107ma prezirati, \u010dime mu se ve\u0107ma podate. Nas \u0107e jedan za drugim u zemlju, a program, kako i narod, ima \u017eiveti. Ja ne der\u017eim ni izdaleka do mojih nazorah koliko vi, nego razmi\u0161ljavam kako mogu, pa ka\u017eem izkreno kako mogu. Tako treba da svi radimo. Kad se mnenja pokre\u0161u i izbistre: der\u017eimo se onoga, koje ih je najbolje i najpogodnije po sav narod. Tako \u0107u biti ja s vami kako i vi sa mnom: svi \u0107emo biti jedinac za dobro domovine.<\/p>\n\n\n\n<h4 class=\"wp-block-heading\">5. O hrvatskim manama<\/h4>\n\n\n\n<p>Mi Hrvati imamo dvije narodne mane iz kojih izvire sva na\u0161a nesre\u0107a: mi svakome vjerujemo bez da promi\u0161ljamo i lako zaboravljamo krivice koje nam drugi u\u010dine.<\/p>\n\n\n\n<h4 class=\"wp-block-heading\"><br>6. O \u017eivotu<\/h4>\n\n\n\n<p>Boj se Boga, \u010dini pravo, nikoga se ne pla\u0161i.<\/p>\n\n\n\n<h4 class=\"wp-block-heading\">7. O nezavisnosti<\/h4>\n\n\n\n<p>Ja ne razumim \u0161to ho\u0107e da ka\u017eu oni koji vele da kraljevina Hervatska, kraljevina pet stoletjah prkosiv\u0161i Istoku i Zapadu, ne mo\u017ee o sebi, neodvisna stajati. Ni jedan narod ne mo\u017ee bez drugih narodah obstati, pa itako svako selo mo\u017ee kao neodvisna der\u017eava biti.<\/p>\n\n\n\n<h4 class=\"wp-block-heading\">8. O vjeri<\/h4>\n\n\n\n<p>Stranka prava ima narod podu\u010davati, da je vjera stvar du\u0161evnosti; da se po vjeri ne dieli nijedan narod; da vjera mora biti slobodna tako, da ne smie nitko u ni\u010diju dirati ni svoju drugome name\u0107ati; da narod, razli\u010dan vjerom ni jedan narodno\u0161\u0107u i domovinom, ima biti jedan i u sre\u0107i i u slobodi, i da dosadanja te struke nesloga u Hrvatskoj dobro slu\u017ei samo neprijateljima naroda.<br><strong><br>9. O doma\u0107im izdajicama<\/strong><\/p>\n\n\n\n<p>Dok budemo imali doma\u0107ih izdajica, dotle \u0107emo imati tu\u0111inskih gospodara.<br><strong><br>10. O hrvatskim spomenicima i jeziku<\/strong><\/p>\n\n\n\n<p>Narod hrvatski ima starije spomenike u svome jeziku negoli ijedan njegov slavjanski brat: hrvatski jezik proslavi\u0161e stotine pisaca u ono doba, kad zapadni narodi, danas najizobra\u017eeniji jedva da su znali O\u010de na\u0161 u svome jeziku izbrojiti, pi\u0161e <a href=\"http:\/\/www.hazud.hr\/10-misli-oca-domovine-evo-sto-ante-starcevic-govorio-hrvatima-bosni-domacim-izdajicama-vjeri\/\">HAZUD.<\/a><\/p>\n\n\n\n<p><em>Izvor: narod.hr<\/em><\/p>\n","protected":false},"excerpt":{"rendered":"<p>Slobodna, samostalna i nezavisna hrvatska dr\u017eava za Star\u010devi\u0107a je conditio sine qua non opstanka hrvatskog naroda. Danas postoje politi\u010dke snage u EU i Hrvatskoj, pod krinkom demokr\u0161\u0107anstva i socijaldemokracije, koji domoljublje i dr\u017eavnu samobitnost progla\u0161avaju \u2018nacionalizmom opasnim za opstanak EU\u2019. To je poru\u010dila nedavno Angela Merkel na HDZ-ovom predizbornom skupu u Zagrebu, uz \u0161utnju ili [&hellip;]<\/p>\n","protected":false},"author":2,"featured_media":143401,"comment_status":"closed","ping_status":"closed","sticky":false,"template":"","format":"standard","meta":{"h5ap_radio_sources":[],"footnotes":""},"categories":[1],"tags":[],"class_list":["post-143400","post","type-post","status-publish","format-standard","has-post-thumbnail","hentry","category-bihiregija"],"yoast_head":"<!-- This site is optimized with the Yoast SEO plugin v27.5 - https:\/\/yoast.com\/product\/yoast-seo-wordpress\/ -->\n<title>23. svibnja 1823. ro\u0111en Ante Star\u010devi\u0107 \u2013 \u0161to je hrvatski velikan govorio o uvijek aktualnim dru\u0161tvenim temama? - RADIO LJUBU\u0160KI<\/title>\n<meta name=\"robots\" content=\"index, follow, max-snippet:-1, max-image-preview:large, max-video-preview:-1\" \/>\n<link rel=\"canonical\" href=\"https:\/\/radioljubuski.ba\/index.php\/2022\/05\/23\/23-svibnja-1823-roden-ante-starcevic-sto-je-hrvatski-velikan-govorio-o-uvijek-aktualnim-drustvenim-temama\/\" \/>\n<meta property=\"og:locale\" content=\"hr_HR\" \/>\n<meta property=\"og:type\" content=\"article\" \/>\n<meta property=\"og:title\" content=\"23. svibnja 1823. ro\u0111en Ante Star\u010devi\u0107 \u2013 \u0161to je hrvatski velikan govorio o uvijek aktualnim dru\u0161tvenim temama? - RADIO LJUBU\u0160KI\" \/>\n<meta property=\"og:description\" content=\"Slobodna, samostalna i nezavisna hrvatska dr\u017eava za Star\u010devi\u0107a je conditio sine qua non opstanka hrvatskog naroda. Danas postoje politi\u010dke snage u EU i Hrvatskoj, pod krinkom demokr\u0161\u0107anstva i socijaldemokracije, koji domoljublje i dr\u017eavnu samobitnost progla\u0161avaju \u2018nacionalizmom opasnim za opstanak EU\u2019. To je poru\u010dila nedavno Angela Merkel na HDZ-ovom predizbornom skupu u Zagrebu, uz \u0161utnju ili [&hellip;]\" \/>\n<meta property=\"og:url\" content=\"https:\/\/radioljubuski.ba\/index.php\/2022\/05\/23\/23-svibnja-1823-roden-ante-starcevic-sto-je-hrvatski-velikan-govorio-o-uvijek-aktualnim-drustvenim-temama\/\" \/>\n<meta property=\"og:site_name\" content=\"RADIO LJUBU\u0160KI\" \/>\n<meta property=\"article:publisher\" content=\"https:\/\/www.facebook.com\/Radiio-Ljubuski-1490835324566332\" \/>\n<meta property=\"article:published_time\" content=\"2022-05-23T12:56:10+00:00\" \/>\n<meta property=\"article:modified_time\" content=\"2022-05-23T12:56:12+00:00\" \/>\n<meta property=\"og:image\" content=\"https:\/\/radioljubuski.ba\/wp-content\/uploads\/2022\/05\/Ante-Starcevic-696x522-1.jpg\" \/>\n\t<meta property=\"og:image:width\" content=\"696\" \/>\n\t<meta property=\"og:image:height\" content=\"522\" \/>\n\t<meta property=\"og:image:type\" content=\"image\/jpeg\" \/>\n<meta name=\"author\" content=\"Radio Ljubu\u0161ki\" \/>\n<meta name=\"twitter:card\" content=\"summary_large_image\" \/>\n<meta name=\"twitter:creator\" content=\"@radioljubuski\" \/>\n<meta name=\"twitter:site\" content=\"@radioljubuski\" \/>\n<meta name=\"twitter:label1\" content=\"Napisao\/la\" \/>\n\t<meta name=\"twitter:data1\" content=\"Radio Ljubu\u0161ki\" \/>\n\t<meta name=\"twitter:label2\" content=\"Procijenjeno vrijeme \u010ditanja\" \/>\n\t<meta name=\"twitter:data2\" content=\"5 minuta\" \/>\n<script type=\"application\/ld+json\" class=\"yoast-schema-graph\">{\"@context\":\"https:\\\/\\\/schema.org\",\"@graph\":[{\"@type\":\"Article\",\"@id\":\"https:\\\/\\\/radioljubuski.ba\\\/index.php\\\/2022\\\/05\\\/23\\\/23-svibnja-1823-roden-ante-starcevic-sto-je-hrvatski-velikan-govorio-o-uvijek-aktualnim-drustvenim-temama\\\/#article\",\"isPartOf\":{\"@id\":\"https:\\\/\\\/radioljubuski.ba\\\/index.php\\\/2022\\\/05\\\/23\\\/23-svibnja-1823-roden-ante-starcevic-sto-je-hrvatski-velikan-govorio-o-uvijek-aktualnim-drustvenim-temama\\\/\"},\"author\":{\"name\":\"Radio Ljubu\u0161ki\",\"@id\":\"https:\\\/\\\/radioljubuski.ba\\\/#\\\/schema\\\/person\\\/19fc700381a780f69665d7956c469e3b\"},\"headline\":\"23. svibnja 1823. ro\u0111en Ante Star\u010devi\u0107 \u2013 \u0161to je hrvatski velikan govorio o uvijek aktualnim dru\u0161tvenim temama?\",\"datePublished\":\"2022-05-23T12:56:10+00:00\",\"dateModified\":\"2022-05-23T12:56:12+00:00\",\"mainEntityOfPage\":{\"@id\":\"https:\\\/\\\/radioljubuski.ba\\\/index.php\\\/2022\\\/05\\\/23\\\/23-svibnja-1823-roden-ante-starcevic-sto-je-hrvatski-velikan-govorio-o-uvijek-aktualnim-drustvenim-temama\\\/\"},\"wordCount\":1096,\"publisher\":{\"@id\":\"https:\\\/\\\/radioljubuski.ba\\\/#organization\"},\"image\":{\"@id\":\"https:\\\/\\\/radioljubuski.ba\\\/index.php\\\/2022\\\/05\\\/23\\\/23-svibnja-1823-roden-ante-starcevic-sto-je-hrvatski-velikan-govorio-o-uvijek-aktualnim-drustvenim-temama\\\/#primaryimage\"},\"thumbnailUrl\":\"https:\\\/\\\/radioljubuski.ba\\\/wp-content\\\/uploads\\\/2022\\\/05\\\/Ante-Starcevic-696x522-1.jpg\",\"articleSection\":[\"BIH i regija\"],\"inLanguage\":\"hr\"},{\"@type\":\"WebPage\",\"@id\":\"https:\\\/\\\/radioljubuski.ba\\\/index.php\\\/2022\\\/05\\\/23\\\/23-svibnja-1823-roden-ante-starcevic-sto-je-hrvatski-velikan-govorio-o-uvijek-aktualnim-drustvenim-temama\\\/\",\"url\":\"https:\\\/\\\/radioljubuski.ba\\\/index.php\\\/2022\\\/05\\\/23\\\/23-svibnja-1823-roden-ante-starcevic-sto-je-hrvatski-velikan-govorio-o-uvijek-aktualnim-drustvenim-temama\\\/\",\"name\":\"23. svibnja 1823. ro\u0111en Ante Star\u010devi\u0107 \u2013 \u0161to je hrvatski velikan govorio o uvijek aktualnim dru\u0161tvenim temama? - RADIO LJUBU\u0160KI\",\"isPartOf\":{\"@id\":\"https:\\\/\\\/radioljubuski.ba\\\/#website\"},\"primaryImageOfPage\":{\"@id\":\"https:\\\/\\\/radioljubuski.ba\\\/index.php\\\/2022\\\/05\\\/23\\\/23-svibnja-1823-roden-ante-starcevic-sto-je-hrvatski-velikan-govorio-o-uvijek-aktualnim-drustvenim-temama\\\/#primaryimage\"},\"image\":{\"@id\":\"https:\\\/\\\/radioljubuski.ba\\\/index.php\\\/2022\\\/05\\\/23\\\/23-svibnja-1823-roden-ante-starcevic-sto-je-hrvatski-velikan-govorio-o-uvijek-aktualnim-drustvenim-temama\\\/#primaryimage\"},\"thumbnailUrl\":\"https:\\\/\\\/radioljubuski.ba\\\/wp-content\\\/uploads\\\/2022\\\/05\\\/Ante-Starcevic-696x522-1.jpg\",\"datePublished\":\"2022-05-23T12:56:10+00:00\",\"dateModified\":\"2022-05-23T12:56:12+00:00\",\"breadcrumb\":{\"@id\":\"https:\\\/\\\/radioljubuski.ba\\\/index.php\\\/2022\\\/05\\\/23\\\/23-svibnja-1823-roden-ante-starcevic-sto-je-hrvatski-velikan-govorio-o-uvijek-aktualnim-drustvenim-temama\\\/#breadcrumb\"},\"inLanguage\":\"hr\",\"potentialAction\":[{\"@type\":\"ReadAction\",\"target\":[\"https:\\\/\\\/radioljubuski.ba\\\/index.php\\\/2022\\\/05\\\/23\\\/23-svibnja-1823-roden-ante-starcevic-sto-je-hrvatski-velikan-govorio-o-uvijek-aktualnim-drustvenim-temama\\\/\"]}]},{\"@type\":\"ImageObject\",\"inLanguage\":\"hr\",\"@id\":\"https:\\\/\\\/radioljubuski.ba\\\/index.php\\\/2022\\\/05\\\/23\\\/23-svibnja-1823-roden-ante-starcevic-sto-je-hrvatski-velikan-govorio-o-uvijek-aktualnim-drustvenim-temama\\\/#primaryimage\",\"url\":\"https:\\\/\\\/radioljubuski.ba\\\/wp-content\\\/uploads\\\/2022\\\/05\\\/Ante-Starcevic-696x522-1.jpg\",\"contentUrl\":\"https:\\\/\\\/radioljubuski.ba\\\/wp-content\\\/uploads\\\/2022\\\/05\\\/Ante-Starcevic-696x522-1.jpg\",\"width\":696,\"height\":522},{\"@type\":\"BreadcrumbList\",\"@id\":\"https:\\\/\\\/radioljubuski.ba\\\/index.php\\\/2022\\\/05\\\/23\\\/23-svibnja-1823-roden-ante-starcevic-sto-je-hrvatski-velikan-govorio-o-uvijek-aktualnim-drustvenim-temama\\\/#breadcrumb\",\"itemListElement\":[{\"@type\":\"ListItem\",\"position\":1,\"name\":\"Po\u010detna stranica\",\"item\":\"https:\\\/\\\/radioljubuski.ba\\\/\"},{\"@type\":\"ListItem\",\"position\":2,\"name\":\"23. svibnja 1823. ro\u0111en Ante Star\u010devi\u0107 \u2013 \u0161to je hrvatski velikan govorio o uvijek aktualnim dru\u0161tvenim temama?\"}]},{\"@type\":\"WebSite\",\"@id\":\"https:\\\/\\\/radioljubuski.ba\\\/#website\",\"url\":\"https:\\\/\\\/radioljubuski.ba\\\/\",\"name\":\"Radio Ljubu\u0161ki\",\"description\":\"Sun\u010dana frekvencija Hercegovine\",\"publisher\":{\"@id\":\"https:\\\/\\\/radioljubuski.ba\\\/#organization\"},\"potentialAction\":[{\"@type\":\"SearchAction\",\"target\":{\"@type\":\"EntryPoint\",\"urlTemplate\":\"https:\\\/\\\/radioljubuski.ba\\\/?s={search_term_string}\"},\"query-input\":{\"@type\":\"PropertyValueSpecification\",\"valueRequired\":true,\"valueName\":\"search_term_string\"}}],\"inLanguage\":\"hr\"},{\"@type\":\"Organization\",\"@id\":\"https:\\\/\\\/radioljubuski.ba\\\/#organization\",\"name\":\"Radio Ljubu\u0161ki\",\"url\":\"https:\\\/\\\/radioljubuski.ba\\\/\",\"logo\":{\"@type\":\"ImageObject\",\"inLanguage\":\"hr\",\"@id\":\"https:\\\/\\\/radioljubuski.ba\\\/#\\\/schema\\\/logo\\\/image\\\/\",\"url\":\"https:\\\/\\\/radioljubuski.ba\\\/wp-content\\\/uploads\\\/2021\\\/02\\\/cropped-Radio_Ljubuski_logo1.jpg\",\"contentUrl\":\"https:\\\/\\\/radioljubuski.ba\\\/wp-content\\\/uploads\\\/2021\\\/02\\\/cropped-Radio_Ljubuski_logo1.jpg\",\"width\":512,\"height\":512,\"caption\":\"Radio Ljubu\u0161ki\"},\"image\":{\"@id\":\"https:\\\/\\\/radioljubuski.ba\\\/#\\\/schema\\\/logo\\\/image\\\/\"},\"sameAs\":[\"https:\\\/\\\/www.facebook.com\\\/Radiio-Ljubuski-1490835324566332\",\"https:\\\/\\\/x.com\\\/radioljubuski\",\"https:\\\/\\\/hr.linkedin.com\\\/company\\\/radio-ljubuski\",\"https:\\\/\\\/www.youtube.com\\\/channel\\\/UCHYaeO_n0Db3tjNGudGpXyw\"]},{\"@type\":\"Person\",\"@id\":\"https:\\\/\\\/radioljubuski.ba\\\/#\\\/schema\\\/person\\\/19fc700381a780f69665d7956c469e3b\",\"name\":\"Radio Ljubu\u0161ki\"}]}<\/script>\n<!-- \/ Yoast SEO plugin. -->","yoast_head_json":{"title":"23. svibnja 1823. ro\u0111en Ante Star\u010devi\u0107 \u2013 \u0161to je hrvatski velikan govorio o uvijek aktualnim dru\u0161tvenim temama? - RADIO LJUBU\u0160KI","robots":{"index":"index","follow":"follow","max-snippet":"max-snippet:-1","max-image-preview":"max-image-preview:large","max-video-preview":"max-video-preview:-1"},"canonical":"https:\/\/radioljubuski.ba\/index.php\/2022\/05\/23\/23-svibnja-1823-roden-ante-starcevic-sto-je-hrvatski-velikan-govorio-o-uvijek-aktualnim-drustvenim-temama\/","og_locale":"hr_HR","og_type":"article","og_title":"23. svibnja 1823. ro\u0111en Ante Star\u010devi\u0107 \u2013 \u0161to je hrvatski velikan govorio o uvijek aktualnim dru\u0161tvenim temama? - RADIO LJUBU\u0160KI","og_description":"Slobodna, samostalna i nezavisna hrvatska dr\u017eava za Star\u010devi\u0107a je conditio sine qua non opstanka hrvatskog naroda. Danas postoje politi\u010dke snage u EU i Hrvatskoj, pod krinkom demokr\u0161\u0107anstva i socijaldemokracije, koji domoljublje i dr\u017eavnu samobitnost progla\u0161avaju \u2018nacionalizmom opasnim za opstanak EU\u2019. To je poru\u010dila nedavno Angela Merkel na HDZ-ovom predizbornom skupu u Zagrebu, uz \u0161utnju ili [&hellip;]","og_url":"https:\/\/radioljubuski.ba\/index.php\/2022\/05\/23\/23-svibnja-1823-roden-ante-starcevic-sto-je-hrvatski-velikan-govorio-o-uvijek-aktualnim-drustvenim-temama\/","og_site_name":"RADIO LJUBU\u0160KI","article_publisher":"https:\/\/www.facebook.com\/Radiio-Ljubuski-1490835324566332","article_published_time":"2022-05-23T12:56:10+00:00","article_modified_time":"2022-05-23T12:56:12+00:00","og_image":[{"width":696,"height":522,"url":"https:\/\/radioljubuski.ba\/wp-content\/uploads\/2022\/05\/Ante-Starcevic-696x522-1.jpg","type":"image\/jpeg"}],"author":"Radio Ljubu\u0161ki","twitter_card":"summary_large_image","twitter_creator":"@radioljubuski","twitter_site":"@radioljubuski","twitter_misc":{"Napisao\/la":"Radio Ljubu\u0161ki","Procijenjeno vrijeme \u010ditanja":"5 minuta"},"schema":{"@context":"https:\/\/schema.org","@graph":[{"@type":"Article","@id":"https:\/\/radioljubuski.ba\/index.php\/2022\/05\/23\/23-svibnja-1823-roden-ante-starcevic-sto-je-hrvatski-velikan-govorio-o-uvijek-aktualnim-drustvenim-temama\/#article","isPartOf":{"@id":"https:\/\/radioljubuski.ba\/index.php\/2022\/05\/23\/23-svibnja-1823-roden-ante-starcevic-sto-je-hrvatski-velikan-govorio-o-uvijek-aktualnim-drustvenim-temama\/"},"author":{"name":"Radio Ljubu\u0161ki","@id":"https:\/\/radioljubuski.ba\/#\/schema\/person\/19fc700381a780f69665d7956c469e3b"},"headline":"23. svibnja 1823. ro\u0111en Ante Star\u010devi\u0107 \u2013 \u0161to je hrvatski velikan govorio o uvijek aktualnim dru\u0161tvenim temama?","datePublished":"2022-05-23T12:56:10+00:00","dateModified":"2022-05-23T12:56:12+00:00","mainEntityOfPage":{"@id":"https:\/\/radioljubuski.ba\/index.php\/2022\/05\/23\/23-svibnja-1823-roden-ante-starcevic-sto-je-hrvatski-velikan-govorio-o-uvijek-aktualnim-drustvenim-temama\/"},"wordCount":1096,"publisher":{"@id":"https:\/\/radioljubuski.ba\/#organization"},"image":{"@id":"https:\/\/radioljubuski.ba\/index.php\/2022\/05\/23\/23-svibnja-1823-roden-ante-starcevic-sto-je-hrvatski-velikan-govorio-o-uvijek-aktualnim-drustvenim-temama\/#primaryimage"},"thumbnailUrl":"https:\/\/radioljubuski.ba\/wp-content\/uploads\/2022\/05\/Ante-Starcevic-696x522-1.jpg","articleSection":["BIH i regija"],"inLanguage":"hr"},{"@type":"WebPage","@id":"https:\/\/radioljubuski.ba\/index.php\/2022\/05\/23\/23-svibnja-1823-roden-ante-starcevic-sto-je-hrvatski-velikan-govorio-o-uvijek-aktualnim-drustvenim-temama\/","url":"https:\/\/radioljubuski.ba\/index.php\/2022\/05\/23\/23-svibnja-1823-roden-ante-starcevic-sto-je-hrvatski-velikan-govorio-o-uvijek-aktualnim-drustvenim-temama\/","name":"23. svibnja 1823. ro\u0111en Ante Star\u010devi\u0107 \u2013 \u0161to je hrvatski velikan govorio o uvijek aktualnim dru\u0161tvenim temama? - RADIO LJUBU\u0160KI","isPartOf":{"@id":"https:\/\/radioljubuski.ba\/#website"},"primaryImageOfPage":{"@id":"https:\/\/radioljubuski.ba\/index.php\/2022\/05\/23\/23-svibnja-1823-roden-ante-starcevic-sto-je-hrvatski-velikan-govorio-o-uvijek-aktualnim-drustvenim-temama\/#primaryimage"},"image":{"@id":"https:\/\/radioljubuski.ba\/index.php\/2022\/05\/23\/23-svibnja-1823-roden-ante-starcevic-sto-je-hrvatski-velikan-govorio-o-uvijek-aktualnim-drustvenim-temama\/#primaryimage"},"thumbnailUrl":"https:\/\/radioljubuski.ba\/wp-content\/uploads\/2022\/05\/Ante-Starcevic-696x522-1.jpg","datePublished":"2022-05-23T12:56:10+00:00","dateModified":"2022-05-23T12:56:12+00:00","breadcrumb":{"@id":"https:\/\/radioljubuski.ba\/index.php\/2022\/05\/23\/23-svibnja-1823-roden-ante-starcevic-sto-je-hrvatski-velikan-govorio-o-uvijek-aktualnim-drustvenim-temama\/#breadcrumb"},"inLanguage":"hr","potentialAction":[{"@type":"ReadAction","target":["https:\/\/radioljubuski.ba\/index.php\/2022\/05\/23\/23-svibnja-1823-roden-ante-starcevic-sto-je-hrvatski-velikan-govorio-o-uvijek-aktualnim-drustvenim-temama\/"]}]},{"@type":"ImageObject","inLanguage":"hr","@id":"https:\/\/radioljubuski.ba\/index.php\/2022\/05\/23\/23-svibnja-1823-roden-ante-starcevic-sto-je-hrvatski-velikan-govorio-o-uvijek-aktualnim-drustvenim-temama\/#primaryimage","url":"https:\/\/radioljubuski.ba\/wp-content\/uploads\/2022\/05\/Ante-Starcevic-696x522-1.jpg","contentUrl":"https:\/\/radioljubuski.ba\/wp-content\/uploads\/2022\/05\/Ante-Starcevic-696x522-1.jpg","width":696,"height":522},{"@type":"BreadcrumbList","@id":"https:\/\/radioljubuski.ba\/index.php\/2022\/05\/23\/23-svibnja-1823-roden-ante-starcevic-sto-je-hrvatski-velikan-govorio-o-uvijek-aktualnim-drustvenim-temama\/#breadcrumb","itemListElement":[{"@type":"ListItem","position":1,"name":"Po\u010detna stranica","item":"https:\/\/radioljubuski.ba\/"},{"@type":"ListItem","position":2,"name":"23. svibnja 1823. ro\u0111en Ante Star\u010devi\u0107 \u2013 \u0161to je hrvatski velikan govorio o uvijek aktualnim dru\u0161tvenim temama?"}]},{"@type":"WebSite","@id":"https:\/\/radioljubuski.ba\/#website","url":"https:\/\/radioljubuski.ba\/","name":"Radio Ljubu\u0161ki","description":"Sun\u010dana frekvencija Hercegovine","publisher":{"@id":"https:\/\/radioljubuski.ba\/#organization"},"potentialAction":[{"@type":"SearchAction","target":{"@type":"EntryPoint","urlTemplate":"https:\/\/radioljubuski.ba\/?s={search_term_string}"},"query-input":{"@type":"PropertyValueSpecification","valueRequired":true,"valueName":"search_term_string"}}],"inLanguage":"hr"},{"@type":"Organization","@id":"https:\/\/radioljubuski.ba\/#organization","name":"Radio Ljubu\u0161ki","url":"https:\/\/radioljubuski.ba\/","logo":{"@type":"ImageObject","inLanguage":"hr","@id":"https:\/\/radioljubuski.ba\/#\/schema\/logo\/image\/","url":"https:\/\/radioljubuski.ba\/wp-content\/uploads\/2021\/02\/cropped-Radio_Ljubuski_logo1.jpg","contentUrl":"https:\/\/radioljubuski.ba\/wp-content\/uploads\/2021\/02\/cropped-Radio_Ljubuski_logo1.jpg","width":512,"height":512,"caption":"Radio Ljubu\u0161ki"},"image":{"@id":"https:\/\/radioljubuski.ba\/#\/schema\/logo\/image\/"},"sameAs":["https:\/\/www.facebook.com\/Radiio-Ljubuski-1490835324566332","https:\/\/x.com\/radioljubuski","https:\/\/hr.linkedin.com\/company\/radio-ljubuski","https:\/\/www.youtube.com\/channel\/UCHYaeO_n0Db3tjNGudGpXyw"]},{"@type":"Person","@id":"https:\/\/radioljubuski.ba\/#\/schema\/person\/19fc700381a780f69665d7956c469e3b","name":"Radio Ljubu\u0161ki"}]}},"_links":{"self":[{"href":"https:\/\/radioljubuski.ba\/index.php\/wp-json\/wp\/v2\/posts\/143400","targetHints":{"allow":["GET"]}}],"collection":[{"href":"https:\/\/radioljubuski.ba\/index.php\/wp-json\/wp\/v2\/posts"}],"about":[{"href":"https:\/\/radioljubuski.ba\/index.php\/wp-json\/wp\/v2\/types\/post"}],"author":[{"embeddable":true,"href":"https:\/\/radioljubuski.ba\/index.php\/wp-json\/wp\/v2\/users\/2"}],"replies":[{"embeddable":true,"href":"https:\/\/radioljubuski.ba\/index.php\/wp-json\/wp\/v2\/comments?post=143400"}],"version-history":[{"count":1,"href":"https:\/\/radioljubuski.ba\/index.php\/wp-json\/wp\/v2\/posts\/143400\/revisions"}],"predecessor-version":[{"id":143402,"href":"https:\/\/radioljubuski.ba\/index.php\/wp-json\/wp\/v2\/posts\/143400\/revisions\/143402"}],"wp:featuredmedia":[{"embeddable":true,"href":"https:\/\/radioljubuski.ba\/index.php\/wp-json\/wp\/v2\/media\/143401"}],"wp:attachment":[{"href":"https:\/\/radioljubuski.ba\/index.php\/wp-json\/wp\/v2\/media?parent=143400"}],"wp:term":[{"taxonomy":"category","embeddable":true,"href":"https:\/\/radioljubuski.ba\/index.php\/wp-json\/wp\/v2\/categories?post=143400"},{"taxonomy":"post_tag","embeddable":true,"href":"https:\/\/radioljubuski.ba\/index.php\/wp-json\/wp\/v2\/tags?post=143400"}],"curies":[{"name":"wp","href":"https:\/\/api.w.org\/{rel}","templated":true}]}}