{"id":143406,"date":"2022-05-23T14:00:54","date_gmt":"2022-05-23T13:00:54","guid":{"rendered":"https:\/\/radioljubuski.ba\/?p=143406"},"modified":"2022-05-23T14:00:55","modified_gmt":"2022-05-23T13:00:55","slug":"sindikat-policije-klubovi-moraju-ukloniti-ekstreme","status":"publish","type":"post","link":"https:\/\/radioljubuski.ba\/index.php\/2022\/05\/23\/sindikat-policije-klubovi-moraju-ukloniti-ekstreme\/","title":{"rendered":"Sindikat policije: \u2018Klubovi moraju ukloniti ekstreme\u2019"},"content":{"rendered":"\n<p>Benzinska postaja na kojoj se preksino\u0107 dogodio masovni sukob navija\u010da Hajduka s policijom normalno radi. Navode Torcide koja prstom upire i optu\u017euje policiju za njihove postupke za <a href=\"https:\/\/vijesti.hrt.hr\/hrvatska\/jagic-klubovi-moraju-ukloniti-ekstreme-upotreba-oruzja-opravdana-7515957\">HTV<\/a> je komentirao predsjednik Sindikata policije Dubravko Jagi\u0107.<\/p>\n\n\n\n<p>\u2013 Uvijek postoje prozivke i s jedne i druge strane. Stav sindikata je da nogomet mora biti plemeniti sport i da svi klubovi moraju ukloniti ekstreme iz svojih redova. Osobama s nasilnim pona\u0161anjem nije mjesto na ovakvim doga\u0111anjima. One ugro\u017eavaju sebe i druge i nanose \u0161tetu klubovima. Nogomet da, navija\u010di da, ovakvo pona\u0161anje \u2013 nikako, kazao je Dubravko Jagi\u0107.<\/p>\n\n\n\n<p>Na pitanje je li policija mogla predvidjeti ovakve doga\u0111aje budu\u0107i da je 2 tisu\u0107e navija\u010da ostavljeno na sparini odgovorio je kako je policija doga\u0111aj dobro organizirala, ali \u201cda postoje neki drugi ciljevi, nekih drugih ljudi te da \u201cnije du\u017enost policije da nosi vodu i hranu navija\u010dima\u201d.<\/p>\n\n\n\n<p>\u2013 \u0160to se ti\u010de uporabe vatrenog oru\u017eja, naravno da je bila opravdana. Za to su bili ispunjeni svi zakonski uvjeti. Policajci su morali obraniti svoj \u017eivot, naglasio je Jagi\u0107. Dodao je kako je ovo najve\u0107i sukob s navija\u010dima do sada. Izrazio je nadu i apelirao na klubove i policiju da se \u201covakvo \u0161to ne nikada vi\u0161e ne ponovi\u201d, \u201czbog \u0161a\u010dice huligana koja ru\u0161i ugled klubova i op\u0107enito sporta\u201d.<\/p>\n\n\n\n<p>Rezime divlja\u0161tva je \u2013 20 ozlije\u0111enih policajaca, jo\u0161 toliko pripadnika Torcide i vi\u0161e od 40 uhi\u0107enih. Svi ozlije\u0111eni izvan su \u017eivotne opasnosti. A zbog kaosa koji su izgrednici izazvali \u2013 autocesta je bila zatvorena 12 sati.<\/p>\n\n\n\n<p><em>Izvor: narod.hr\/HRT<\/em><\/p>\n","protected":false},"excerpt":{"rendered":"<p>Benzinska postaja na kojoj se preksino\u0107 dogodio masovni sukob navija\u010da Hajduka s policijom normalno radi. Navode Torcide koja prstom upire i optu\u017euje policiju za njihove postupke za HTV je komentirao predsjednik Sindikata policije Dubravko Jagi\u0107. \u2013 Uvijek postoje prozivke i s jedne i druge strane. Stav sindikata je da nogomet mora biti plemeniti sport i [&hellip;]<\/p>\n","protected":false},"author":2,"featured_media":143407,"comment_status":"closed","ping_status":"closed","sticky":false,"template":"","format":"standard","meta":{"h5ap_radio_sources":[],"footnotes":""},"categories":[1],"tags":[],"class_list":["post-143406","post","type-post","status-publish","format-standard","has-post-thumbnail","hentry","category-bihiregija"],"yoast_head":"<!-- This site is optimized with the Yoast SEO plugin v27.5 - https:\/\/yoast.com\/product\/yoast-seo-wordpress\/ -->\n<title>Sindikat policije: \u2018Klubovi moraju ukloniti ekstreme\u2019 - RADIO LJUBU\u0160KI<\/title>\n<meta name=\"robots\" content=\"index, follow, max-snippet:-1, max-image-preview:large, max-video-preview:-1\" \/>\n<link rel=\"canonical\" href=\"https:\/\/radioljubuski.ba\/index.php\/2022\/05\/23\/sindikat-policije-klubovi-moraju-ukloniti-ekstreme\/\" \/>\n<meta property=\"og:locale\" content=\"hr_HR\" \/>\n<meta property=\"og:type\" content=\"article\" \/>\n<meta property=\"og:title\" content=\"Sindikat policije: \u2018Klubovi moraju ukloniti ekstreme\u2019 - RADIO LJUBU\u0160KI\" \/>\n<meta property=\"og:description\" content=\"Benzinska postaja na kojoj se preksino\u0107 dogodio masovni sukob navija\u010da Hajduka s policijom normalno radi. Navode Torcide koja prstom upire i optu\u017euje policiju za njihove postupke za HTV je komentirao predsjednik Sindikata policije Dubravko Jagi\u0107. \u2013 Uvijek postoje prozivke i s jedne i druge strane. Stav sindikata je da nogomet mora biti plemeniti sport i [&hellip;]\" \/>\n<meta property=\"og:url\" content=\"https:\/\/radioljubuski.ba\/index.php\/2022\/05\/23\/sindikat-policije-klubovi-moraju-ukloniti-ekstreme\/\" \/>\n<meta property=\"og:site_name\" content=\"RADIO LJUBU\u0160KI\" \/>\n<meta property=\"article:publisher\" content=\"https:\/\/www.facebook.com\/Radiio-Ljubuski-1490835324566332\" \/>\n<meta property=\"article:published_time\" content=\"2022-05-23T13:00:54+00:00\" \/>\n<meta property=\"article:modified_time\" content=\"2022-05-23T13:00:55+00:00\" \/>\n<meta property=\"og:image\" content=\"https:\/\/radioljubuski.ba\/wp-content\/uploads\/2022\/05\/sindikat-policije-navijaci-696x364-1.png\" \/>\n\t<meta property=\"og:image:width\" content=\"696\" \/>\n\t<meta property=\"og:image:height\" content=\"364\" \/>\n\t<meta property=\"og:image:type\" content=\"image\/png\" \/>\n<meta name=\"author\" content=\"Radio Ljubu\u0161ki\" \/>\n<meta name=\"twitter:card\" content=\"summary_large_image\" \/>\n<meta name=\"twitter:creator\" content=\"@radioljubuski\" \/>\n<meta name=\"twitter:site\" content=\"@radioljubuski\" \/>\n<meta name=\"twitter:label1\" content=\"Napisao\/la\" \/>\n\t<meta name=\"twitter:data1\" content=\"Radio Ljubu\u0161ki\" \/>\n\t<meta name=\"twitter:label2\" content=\"Procijenjeno vrijeme \u010ditanja\" \/>\n\t<meta name=\"twitter:data2\" content=\"2 minute\" \/>\n<script type=\"application\/ld+json\" class=\"yoast-schema-graph\">{\"@context\":\"https:\\\/\\\/schema.org\",\"@graph\":[{\"@type\":\"Article\",\"@id\":\"https:\\\/\\\/radioljubuski.ba\\\/index.php\\\/2022\\\/05\\\/23\\\/sindikat-policije-klubovi-moraju-ukloniti-ekstreme\\\/#article\",\"isPartOf\":{\"@id\":\"https:\\\/\\\/radioljubuski.ba\\\/index.php\\\/2022\\\/05\\\/23\\\/sindikat-policije-klubovi-moraju-ukloniti-ekstreme\\\/\"},\"author\":{\"name\":\"Radio Ljubu\u0161ki\",\"@id\":\"https:\\\/\\\/radioljubuski.ba\\\/#\\\/schema\\\/person\\\/19fc700381a780f69665d7956c469e3b\"},\"headline\":\"Sindikat policije: \u2018Klubovi moraju ukloniti ekstreme\u2019\",\"datePublished\":\"2022-05-23T13:00:54+00:00\",\"dateModified\":\"2022-05-23T13:00:55+00:00\",\"mainEntityOfPage\":{\"@id\":\"https:\\\/\\\/radioljubuski.ba\\\/index.php\\\/2022\\\/05\\\/23\\\/sindikat-policije-klubovi-moraju-ukloniti-ekstreme\\\/\"},\"wordCount\":272,\"publisher\":{\"@id\":\"https:\\\/\\\/radioljubuski.ba\\\/#organization\"},\"image\":{\"@id\":\"https:\\\/\\\/radioljubuski.ba\\\/index.php\\\/2022\\\/05\\\/23\\\/sindikat-policije-klubovi-moraju-ukloniti-ekstreme\\\/#primaryimage\"},\"thumbnailUrl\":\"https:\\\/\\\/radioljubuski.ba\\\/wp-content\\\/uploads\\\/2022\\\/05\\\/sindikat-policije-navijaci-696x364-1.png\",\"articleSection\":[\"BIH i regija\"],\"inLanguage\":\"hr\"},{\"@type\":\"WebPage\",\"@id\":\"https:\\\/\\\/radioljubuski.ba\\\/index.php\\\/2022\\\/05\\\/23\\\/sindikat-policije-klubovi-moraju-ukloniti-ekstreme\\\/\",\"url\":\"https:\\\/\\\/radioljubuski.ba\\\/index.php\\\/2022\\\/05\\\/23\\\/sindikat-policije-klubovi-moraju-ukloniti-ekstreme\\\/\",\"name\":\"Sindikat policije: \u2018Klubovi moraju ukloniti ekstreme\u2019 - RADIO LJUBU\u0160KI\",\"isPartOf\":{\"@id\":\"https:\\\/\\\/radioljubuski.ba\\\/#website\"},\"primaryImageOfPage\":{\"@id\":\"https:\\\/\\\/radioljubuski.ba\\\/index.php\\\/2022\\\/05\\\/23\\\/sindikat-policije-klubovi-moraju-ukloniti-ekstreme\\\/#primaryimage\"},\"image\":{\"@id\":\"https:\\\/\\\/radioljubuski.ba\\\/index.php\\\/2022\\\/05\\\/23\\\/sindikat-policije-klubovi-moraju-ukloniti-ekstreme\\\/#primaryimage\"},\"thumbnailUrl\":\"https:\\\/\\\/radioljubuski.ba\\\/wp-content\\\/uploads\\\/2022\\\/05\\\/sindikat-policije-navijaci-696x364-1.png\",\"datePublished\":\"2022-05-23T13:00:54+00:00\",\"dateModified\":\"2022-05-23T13:00:55+00:00\",\"breadcrumb\":{\"@id\":\"https:\\\/\\\/radioljubuski.ba\\\/index.php\\\/2022\\\/05\\\/23\\\/sindikat-policije-klubovi-moraju-ukloniti-ekstreme\\\/#breadcrumb\"},\"inLanguage\":\"hr\",\"potentialAction\":[{\"@type\":\"ReadAction\",\"target\":[\"https:\\\/\\\/radioljubuski.ba\\\/index.php\\\/2022\\\/05\\\/23\\\/sindikat-policije-klubovi-moraju-ukloniti-ekstreme\\\/\"]}]},{\"@type\":\"ImageObject\",\"inLanguage\":\"hr\",\"@id\":\"https:\\\/\\\/radioljubuski.ba\\\/index.php\\\/2022\\\/05\\\/23\\\/sindikat-policije-klubovi-moraju-ukloniti-ekstreme\\\/#primaryimage\",\"url\":\"https:\\\/\\\/radioljubuski.ba\\\/wp-content\\\/uploads\\\/2022\\\/05\\\/sindikat-policije-navijaci-696x364-1.png\",\"contentUrl\":\"https:\\\/\\\/radioljubuski.ba\\\/wp-content\\\/uploads\\\/2022\\\/05\\\/sindikat-policije-navijaci-696x364-1.png\",\"width\":696,\"height\":364},{\"@type\":\"BreadcrumbList\",\"@id\":\"https:\\\/\\\/radioljubuski.ba\\\/index.php\\\/2022\\\/05\\\/23\\\/sindikat-policije-klubovi-moraju-ukloniti-ekstreme\\\/#breadcrumb\",\"itemListElement\":[{\"@type\":\"ListItem\",\"position\":1,\"name\":\"Po\u010detna stranica\",\"item\":\"https:\\\/\\\/radioljubuski.ba\\\/\"},{\"@type\":\"ListItem\",\"position\":2,\"name\":\"Sindikat policije: \u2018Klubovi moraju ukloniti ekstreme\u2019\"}]},{\"@type\":\"WebSite\",\"@id\":\"https:\\\/\\\/radioljubuski.ba\\\/#website\",\"url\":\"https:\\\/\\\/radioljubuski.ba\\\/\",\"name\":\"Radio Ljubu\u0161ki\",\"description\":\"Sun\u010dana frekvencija Hercegovine\",\"publisher\":{\"@id\":\"https:\\\/\\\/radioljubuski.ba\\\/#organization\"},\"potentialAction\":[{\"@type\":\"SearchAction\",\"target\":{\"@type\":\"EntryPoint\",\"urlTemplate\":\"https:\\\/\\\/radioljubuski.ba\\\/?s={search_term_string}\"},\"query-input\":{\"@type\":\"PropertyValueSpecification\",\"valueRequired\":true,\"valueName\":\"search_term_string\"}}],\"inLanguage\":\"hr\"},{\"@type\":\"Organization\",\"@id\":\"https:\\\/\\\/radioljubuski.ba\\\/#organization\",\"name\":\"Radio Ljubu\u0161ki\",\"url\":\"https:\\\/\\\/radioljubuski.ba\\\/\",\"logo\":{\"@type\":\"ImageObject\",\"inLanguage\":\"hr\",\"@id\":\"https:\\\/\\\/radioljubuski.ba\\\/#\\\/schema\\\/logo\\\/image\\\/\",\"url\":\"https:\\\/\\\/radioljubuski.ba\\\/wp-content\\\/uploads\\\/2021\\\/02\\\/cropped-Radio_Ljubuski_logo1.jpg\",\"contentUrl\":\"https:\\\/\\\/radioljubuski.ba\\\/wp-content\\\/uploads\\\/2021\\\/02\\\/cropped-Radio_Ljubuski_logo1.jpg\",\"width\":512,\"height\":512,\"caption\":\"Radio Ljubu\u0161ki\"},\"image\":{\"@id\":\"https:\\\/\\\/radioljubuski.ba\\\/#\\\/schema\\\/logo\\\/image\\\/\"},\"sameAs\":[\"https:\\\/\\\/www.facebook.com\\\/Radiio-Ljubuski-1490835324566332\",\"https:\\\/\\\/x.com\\\/radioljubuski\",\"https:\\\/\\\/hr.linkedin.com\\\/company\\\/radio-ljubuski\",\"https:\\\/\\\/www.youtube.com\\\/channel\\\/UCHYaeO_n0Db3tjNGudGpXyw\"]},{\"@type\":\"Person\",\"@id\":\"https:\\\/\\\/radioljubuski.ba\\\/#\\\/schema\\\/person\\\/19fc700381a780f69665d7956c469e3b\",\"name\":\"Radio Ljubu\u0161ki\"}]}<\/script>\n<!-- \/ Yoast SEO plugin. -->","yoast_head_json":{"title":"Sindikat policije: \u2018Klubovi moraju ukloniti ekstreme\u2019 - RADIO LJUBU\u0160KI","robots":{"index":"index","follow":"follow","max-snippet":"max-snippet:-1","max-image-preview":"max-image-preview:large","max-video-preview":"max-video-preview:-1"},"canonical":"https:\/\/radioljubuski.ba\/index.php\/2022\/05\/23\/sindikat-policije-klubovi-moraju-ukloniti-ekstreme\/","og_locale":"hr_HR","og_type":"article","og_title":"Sindikat policije: \u2018Klubovi moraju ukloniti ekstreme\u2019 - RADIO LJUBU\u0160KI","og_description":"Benzinska postaja na kojoj se preksino\u0107 dogodio masovni sukob navija\u010da Hajduka s policijom normalno radi. Navode Torcide koja prstom upire i optu\u017euje policiju za njihove postupke za HTV je komentirao predsjednik Sindikata policije Dubravko Jagi\u0107. \u2013 Uvijek postoje prozivke i s jedne i druge strane. Stav sindikata je da nogomet mora biti plemeniti sport i [&hellip;]","og_url":"https:\/\/radioljubuski.ba\/index.php\/2022\/05\/23\/sindikat-policije-klubovi-moraju-ukloniti-ekstreme\/","og_site_name":"RADIO LJUBU\u0160KI","article_publisher":"https:\/\/www.facebook.com\/Radiio-Ljubuski-1490835324566332","article_published_time":"2022-05-23T13:00:54+00:00","article_modified_time":"2022-05-23T13:00:55+00:00","og_image":[{"width":696,"height":364,"url":"https:\/\/radioljubuski.ba\/wp-content\/uploads\/2022\/05\/sindikat-policije-navijaci-696x364-1.png","type":"image\/png"}],"author":"Radio Ljubu\u0161ki","twitter_card":"summary_large_image","twitter_creator":"@radioljubuski","twitter_site":"@radioljubuski","twitter_misc":{"Napisao\/la":"Radio Ljubu\u0161ki","Procijenjeno vrijeme \u010ditanja":"2 minute"},"schema":{"@context":"https:\/\/schema.org","@graph":[{"@type":"Article","@id":"https:\/\/radioljubuski.ba\/index.php\/2022\/05\/23\/sindikat-policije-klubovi-moraju-ukloniti-ekstreme\/#article","isPartOf":{"@id":"https:\/\/radioljubuski.ba\/index.php\/2022\/05\/23\/sindikat-policije-klubovi-moraju-ukloniti-ekstreme\/"},"author":{"name":"Radio Ljubu\u0161ki","@id":"https:\/\/radioljubuski.ba\/#\/schema\/person\/19fc700381a780f69665d7956c469e3b"},"headline":"Sindikat policije: \u2018Klubovi moraju ukloniti ekstreme\u2019","datePublished":"2022-05-23T13:00:54+00:00","dateModified":"2022-05-23T13:00:55+00:00","mainEntityOfPage":{"@id":"https:\/\/radioljubuski.ba\/index.php\/2022\/05\/23\/sindikat-policije-klubovi-moraju-ukloniti-ekstreme\/"},"wordCount":272,"publisher":{"@id":"https:\/\/radioljubuski.ba\/#organization"},"image":{"@id":"https:\/\/radioljubuski.ba\/index.php\/2022\/05\/23\/sindikat-policije-klubovi-moraju-ukloniti-ekstreme\/#primaryimage"},"thumbnailUrl":"https:\/\/radioljubuski.ba\/wp-content\/uploads\/2022\/05\/sindikat-policije-navijaci-696x364-1.png","articleSection":["BIH i regija"],"inLanguage":"hr"},{"@type":"WebPage","@id":"https:\/\/radioljubuski.ba\/index.php\/2022\/05\/23\/sindikat-policije-klubovi-moraju-ukloniti-ekstreme\/","url":"https:\/\/radioljubuski.ba\/index.php\/2022\/05\/23\/sindikat-policije-klubovi-moraju-ukloniti-ekstreme\/","name":"Sindikat policije: \u2018Klubovi moraju ukloniti ekstreme\u2019 - RADIO LJUBU\u0160KI","isPartOf":{"@id":"https:\/\/radioljubuski.ba\/#website"},"primaryImageOfPage":{"@id":"https:\/\/radioljubuski.ba\/index.php\/2022\/05\/23\/sindikat-policije-klubovi-moraju-ukloniti-ekstreme\/#primaryimage"},"image":{"@id":"https:\/\/radioljubuski.ba\/index.php\/2022\/05\/23\/sindikat-policije-klubovi-moraju-ukloniti-ekstreme\/#primaryimage"},"thumbnailUrl":"https:\/\/radioljubuski.ba\/wp-content\/uploads\/2022\/05\/sindikat-policije-navijaci-696x364-1.png","datePublished":"2022-05-23T13:00:54+00:00","dateModified":"2022-05-23T13:00:55+00:00","breadcrumb":{"@id":"https:\/\/radioljubuski.ba\/index.php\/2022\/05\/23\/sindikat-policije-klubovi-moraju-ukloniti-ekstreme\/#breadcrumb"},"inLanguage":"hr","potentialAction":[{"@type":"ReadAction","target":["https:\/\/radioljubuski.ba\/index.php\/2022\/05\/23\/sindikat-policije-klubovi-moraju-ukloniti-ekstreme\/"]}]},{"@type":"ImageObject","inLanguage":"hr","@id":"https:\/\/radioljubuski.ba\/index.php\/2022\/05\/23\/sindikat-policije-klubovi-moraju-ukloniti-ekstreme\/#primaryimage","url":"https:\/\/radioljubuski.ba\/wp-content\/uploads\/2022\/05\/sindikat-policije-navijaci-696x364-1.png","contentUrl":"https:\/\/radioljubuski.ba\/wp-content\/uploads\/2022\/05\/sindikat-policije-navijaci-696x364-1.png","width":696,"height":364},{"@type":"BreadcrumbList","@id":"https:\/\/radioljubuski.ba\/index.php\/2022\/05\/23\/sindikat-policije-klubovi-moraju-ukloniti-ekstreme\/#breadcrumb","itemListElement":[{"@type":"ListItem","position":1,"name":"Po\u010detna stranica","item":"https:\/\/radioljubuski.ba\/"},{"@type":"ListItem","position":2,"name":"Sindikat policije: \u2018Klubovi moraju ukloniti ekstreme\u2019"}]},{"@type":"WebSite","@id":"https:\/\/radioljubuski.ba\/#website","url":"https:\/\/radioljubuski.ba\/","name":"Radio Ljubu\u0161ki","description":"Sun\u010dana frekvencija Hercegovine","publisher":{"@id":"https:\/\/radioljubuski.ba\/#organization"},"potentialAction":[{"@type":"SearchAction","target":{"@type":"EntryPoint","urlTemplate":"https:\/\/radioljubuski.ba\/?s={search_term_string}"},"query-input":{"@type":"PropertyValueSpecification","valueRequired":true,"valueName":"search_term_string"}}],"inLanguage":"hr"},{"@type":"Organization","@id":"https:\/\/radioljubuski.ba\/#organization","name":"Radio Ljubu\u0161ki","url":"https:\/\/radioljubuski.ba\/","logo":{"@type":"ImageObject","inLanguage":"hr","@id":"https:\/\/radioljubuski.ba\/#\/schema\/logo\/image\/","url":"https:\/\/radioljubuski.ba\/wp-content\/uploads\/2021\/02\/cropped-Radio_Ljubuski_logo1.jpg","contentUrl":"https:\/\/radioljubuski.ba\/wp-content\/uploads\/2021\/02\/cropped-Radio_Ljubuski_logo1.jpg","width":512,"height":512,"caption":"Radio Ljubu\u0161ki"},"image":{"@id":"https:\/\/radioljubuski.ba\/#\/schema\/logo\/image\/"},"sameAs":["https:\/\/www.facebook.com\/Radiio-Ljubuski-1490835324566332","https:\/\/x.com\/radioljubuski","https:\/\/hr.linkedin.com\/company\/radio-ljubuski","https:\/\/www.youtube.com\/channel\/UCHYaeO_n0Db3tjNGudGpXyw"]},{"@type":"Person","@id":"https:\/\/radioljubuski.ba\/#\/schema\/person\/19fc700381a780f69665d7956c469e3b","name":"Radio Ljubu\u0161ki"}]}},"_links":{"self":[{"href":"https:\/\/radioljubuski.ba\/index.php\/wp-json\/wp\/v2\/posts\/143406","targetHints":{"allow":["GET"]}}],"collection":[{"href":"https:\/\/radioljubuski.ba\/index.php\/wp-json\/wp\/v2\/posts"}],"about":[{"href":"https:\/\/radioljubuski.ba\/index.php\/wp-json\/wp\/v2\/types\/post"}],"author":[{"embeddable":true,"href":"https:\/\/radioljubuski.ba\/index.php\/wp-json\/wp\/v2\/users\/2"}],"replies":[{"embeddable":true,"href":"https:\/\/radioljubuski.ba\/index.php\/wp-json\/wp\/v2\/comments?post=143406"}],"version-history":[{"count":1,"href":"https:\/\/radioljubuski.ba\/index.php\/wp-json\/wp\/v2\/posts\/143406\/revisions"}],"predecessor-version":[{"id":143408,"href":"https:\/\/radioljubuski.ba\/index.php\/wp-json\/wp\/v2\/posts\/143406\/revisions\/143408"}],"wp:featuredmedia":[{"embeddable":true,"href":"https:\/\/radioljubuski.ba\/index.php\/wp-json\/wp\/v2\/media\/143407"}],"wp:attachment":[{"href":"https:\/\/radioljubuski.ba\/index.php\/wp-json\/wp\/v2\/media?parent=143406"}],"wp:term":[{"taxonomy":"category","embeddable":true,"href":"https:\/\/radioljubuski.ba\/index.php\/wp-json\/wp\/v2\/categories?post=143406"},{"taxonomy":"post_tag","embeddable":true,"href":"https:\/\/radioljubuski.ba\/index.php\/wp-json\/wp\/v2\/tags?post=143406"}],"curies":[{"name":"wp","href":"https:\/\/api.w.org\/{rel}","templated":true}]}}