{"id":143409,"date":"2022-05-23T14:03:08","date_gmt":"2022-05-23T13:03:08","guid":{"rendered":"https:\/\/radioljubuski.ba\/?p=143409"},"modified":"2022-05-23T14:03:10","modified_gmt":"2022-05-23T13:03:10","slug":"dodite-na-2-zagrebacki-festival-monodrame-u-organizaciji-teatra-gavran","status":"publish","type":"post","link":"https:\/\/radioljubuski.ba\/index.php\/2022\/05\/23\/dodite-na-2-zagrebacki-festival-monodrame-u-organizaciji-teatra-gavran\/","title":{"rendered":"Do\u0111ite na 2. Zagreba\u010dki festival monodrame u organizaciji Teatra Gavran"},"content":{"rendered":"\n<p>2. Zagreba\u010dki festival monodrame u organizaciji Teatra Gavran otvara se u utorak 24. svibnja u 20 sati.<\/p>\n\n\n\n<p>Tom prigodom bit \u0107e izvedena monodrama \u201dMala \u010duda\u201d u re\u017eiji i izvedbi Sanje Milardovi\u0107, koprodukcija Teatra EXIT i Umjetni\u010dke organizacije TeatruM.<\/p>\n\n\n\n<p>Festival traje od 24. do 31.5. u Urania \u2013 prostor kreacije, Trg Eugena Kvaternika 3\/3, Zagreb.<\/p>\n\n\n\n<p><strong>\u010cETVRTAK, 26.5., 20H<\/strong><br>Martina Mlinarevi\u0107 \u201cBUKA\u010cA\u201d, u re\u017eiji i izvedbi Tee \u0160imi\u0107, produkcija<br>Kazali\u0161ne dru\u017eine EMMA<br><strong>PETAK, 27.5., 20H<\/strong><br>Silvio Vovk \u201cDOBRODO\u0160LI U KLUB\u201d, u re\u017eiji i izvedbi Silvija Vovka,<br>produkcija KOTAR teatra<br><strong>SUBOTA, 28.5., 20H<\/strong><br>Rudolf Erich Raspe\/Gottfried August B\u00fcrger \u201cPUSTOLOVINE BARUNA<br>M\u00dcNCHAUSENA\u201d, u re\u017eiji Aleksandra \u0160vabi\u0107a i izvedbi Marka Herge\u0161i\u0107a,<br>produkcija Gradskog kazali\u0161ta \u017dar ptica<br><strong>NEDJELJA, 29.5., 20H<\/strong><br>Samuel Beckett \u201cPOSLJEDNJA KRAPPOVA VRPCA\u201d, u re\u017eiji i izvedbi<br>Georgija Jolevskog, produkcija Makedonskog narodnog teatra<br><strong>PONEDJELJAK, 30.5., 20H<\/strong><br>Ivan Planini\u0107\/Ivana Vukovi\u0107 \u201cVIC O SIZIFU\u201d, u re\u017eiji Ivana Planini\u0107a i<br>izvedbi Karla Mrk\u0161e, koprodukcija Umjetni\u010dke organizacije Punctum i<br>KunstTeatra<br><strong>UTORAK, 31.5., 11H<\/strong><br>DODJELA NAGRADE \u201cZLATNA KRILA\u201d<\/p>\n\n\n\n<figure class=\"wp-block-image\"><img decoding=\"async\" src=\"https:\/\/narod.hr\/wp-content\/uploads\/2022\/05\/Snimka-zaslona-2022-05-22-122130.jpg\" alt=\"\" class=\"wp-image-1282978\"\/><\/figure>\n\n\n\n<p><em>Izvor: narod.hr<\/em><\/p>\n","protected":false},"excerpt":{"rendered":"<p>2. Zagreba\u010dki festival monodrame u organizaciji Teatra Gavran otvara se u utorak 24. svibnja u 20 sati. Tom prigodom bit \u0107e izvedena monodrama \u201dMala \u010duda\u201d u re\u017eiji i izvedbi Sanje Milardovi\u0107, koprodukcija Teatra EXIT i Umjetni\u010dke organizacije TeatruM. Festival traje od 24. do 31.5. u Urania \u2013 prostor kreacije, Trg Eugena Kvaternika 3\/3, Zagreb. \u010cETVRTAK, [&hellip;]<\/p>\n","protected":false},"author":2,"featured_media":143410,"comment_status":"closed","ping_status":"closed","sticky":false,"template":"","format":"standard","meta":{"h5ap_radio_sources":[],"footnotes":""},"categories":[1],"tags":[],"class_list":["post-143409","post","type-post","status-publish","format-standard","has-post-thumbnail","hentry","category-bihiregija"],"yoast_head":"<!-- This site is optimized with the Yoast SEO plugin v27.5 - https:\/\/yoast.com\/product\/yoast-seo-wordpress\/ -->\n<title>Do\u0111ite na 2. Zagreba\u010dki festival monodrame u organizaciji Teatra Gavran - RADIO LJUBU\u0160KI<\/title>\n<meta name=\"robots\" content=\"index, follow, max-snippet:-1, max-image-preview:large, max-video-preview:-1\" \/>\n<link rel=\"canonical\" href=\"https:\/\/radioljubuski.ba\/index.php\/2022\/05\/23\/dodite-na-2-zagrebacki-festival-monodrame-u-organizaciji-teatra-gavran\/\" \/>\n<meta property=\"og:locale\" content=\"hr_HR\" \/>\n<meta property=\"og:type\" content=\"article\" \/>\n<meta property=\"og:title\" content=\"Do\u0111ite na 2. Zagreba\u010dki festival monodrame u organizaciji Teatra Gavran - RADIO LJUBU\u0160KI\" \/>\n<meta property=\"og:description\" content=\"2. Zagreba\u010dki festival monodrame u organizaciji Teatra Gavran otvara se u utorak 24. svibnja u 20 sati. Tom prigodom bit \u0107e izvedena monodrama \u201dMala \u010duda\u201d u re\u017eiji i izvedbi Sanje Milardovi\u0107, koprodukcija Teatra EXIT i Umjetni\u010dke organizacije TeatruM. Festival traje od 24. do 31.5. u Urania \u2013 prostor kreacije, Trg Eugena Kvaternika 3\/3, Zagreb. \u010cETVRTAK, [&hellip;]\" \/>\n<meta property=\"og:url\" content=\"https:\/\/radioljubuski.ba\/index.php\/2022\/05\/23\/dodite-na-2-zagrebacki-festival-monodrame-u-organizaciji-teatra-gavran\/\" \/>\n<meta property=\"og:site_name\" content=\"RADIO LJUBU\u0160KI\" \/>\n<meta property=\"article:publisher\" content=\"https:\/\/www.facebook.com\/Radiio-Ljubuski-1490835324566332\" \/>\n<meta property=\"article:published_time\" content=\"2022-05-23T13:03:08+00:00\" \/>\n<meta property=\"article:modified_time\" content=\"2022-05-23T13:03:10+00:00\" \/>\n<meta property=\"og:image\" content=\"https:\/\/radioljubuski.ba\/wp-content\/uploads\/2022\/05\/ZGFM_1_800x450_PNG-1-696x392-1.png\" \/>\n\t<meta property=\"og:image:width\" content=\"696\" \/>\n\t<meta property=\"og:image:height\" content=\"392\" \/>\n\t<meta property=\"og:image:type\" content=\"image\/png\" \/>\n<meta name=\"author\" content=\"Radio Ljubu\u0161ki\" \/>\n<meta name=\"twitter:card\" content=\"summary_large_image\" \/>\n<meta name=\"twitter:creator\" content=\"@radioljubuski\" \/>\n<meta name=\"twitter:site\" content=\"@radioljubuski\" \/>\n<meta name=\"twitter:label1\" content=\"Napisao\/la\" \/>\n\t<meta name=\"twitter:data1\" content=\"Radio Ljubu\u0161ki\" \/>\n\t<meta name=\"twitter:label2\" content=\"Procijenjeno vrijeme \u010ditanja\" \/>\n\t<meta name=\"twitter:data2\" content=\"1 minuta\" \/>\n<script type=\"application\/ld+json\" class=\"yoast-schema-graph\">{\"@context\":\"https:\\\/\\\/schema.org\",\"@graph\":[{\"@type\":\"Article\",\"@id\":\"https:\\\/\\\/radioljubuski.ba\\\/index.php\\\/2022\\\/05\\\/23\\\/dodite-na-2-zagrebacki-festival-monodrame-u-organizaciji-teatra-gavran\\\/#article\",\"isPartOf\":{\"@id\":\"https:\\\/\\\/radioljubuski.ba\\\/index.php\\\/2022\\\/05\\\/23\\\/dodite-na-2-zagrebacki-festival-monodrame-u-organizaciji-teatra-gavran\\\/\"},\"author\":{\"name\":\"Radio Ljubu\u0161ki\",\"@id\":\"https:\\\/\\\/radioljubuski.ba\\\/#\\\/schema\\\/person\\\/19fc700381a780f69665d7956c469e3b\"},\"headline\":\"Do\u0111ite na 2. Zagreba\u010dki festival monodrame u organizaciji Teatra Gavran\",\"datePublished\":\"2022-05-23T13:03:08+00:00\",\"dateModified\":\"2022-05-23T13:03:10+00:00\",\"mainEntityOfPage\":{\"@id\":\"https:\\\/\\\/radioljubuski.ba\\\/index.php\\\/2022\\\/05\\\/23\\\/dodite-na-2-zagrebacki-festival-monodrame-u-organizaciji-teatra-gavran\\\/\"},\"wordCount\":178,\"publisher\":{\"@id\":\"https:\\\/\\\/radioljubuski.ba\\\/#organization\"},\"image\":{\"@id\":\"https:\\\/\\\/radioljubuski.ba\\\/index.php\\\/2022\\\/05\\\/23\\\/dodite-na-2-zagrebacki-festival-monodrame-u-organizaciji-teatra-gavran\\\/#primaryimage\"},\"thumbnailUrl\":\"https:\\\/\\\/radioljubuski.ba\\\/wp-content\\\/uploads\\\/2022\\\/05\\\/ZGFM_1_800x450_PNG-1-696x392-1.png\",\"articleSection\":[\"BIH i regija\"],\"inLanguage\":\"hr\"},{\"@type\":\"WebPage\",\"@id\":\"https:\\\/\\\/radioljubuski.ba\\\/index.php\\\/2022\\\/05\\\/23\\\/dodite-na-2-zagrebacki-festival-monodrame-u-organizaciji-teatra-gavran\\\/\",\"url\":\"https:\\\/\\\/radioljubuski.ba\\\/index.php\\\/2022\\\/05\\\/23\\\/dodite-na-2-zagrebacki-festival-monodrame-u-organizaciji-teatra-gavran\\\/\",\"name\":\"Do\u0111ite na 2. Zagreba\u010dki festival monodrame u organizaciji Teatra Gavran - RADIO LJUBU\u0160KI\",\"isPartOf\":{\"@id\":\"https:\\\/\\\/radioljubuski.ba\\\/#website\"},\"primaryImageOfPage\":{\"@id\":\"https:\\\/\\\/radioljubuski.ba\\\/index.php\\\/2022\\\/05\\\/23\\\/dodite-na-2-zagrebacki-festival-monodrame-u-organizaciji-teatra-gavran\\\/#primaryimage\"},\"image\":{\"@id\":\"https:\\\/\\\/radioljubuski.ba\\\/index.php\\\/2022\\\/05\\\/23\\\/dodite-na-2-zagrebacki-festival-monodrame-u-organizaciji-teatra-gavran\\\/#primaryimage\"},\"thumbnailUrl\":\"https:\\\/\\\/radioljubuski.ba\\\/wp-content\\\/uploads\\\/2022\\\/05\\\/ZGFM_1_800x450_PNG-1-696x392-1.png\",\"datePublished\":\"2022-05-23T13:03:08+00:00\",\"dateModified\":\"2022-05-23T13:03:10+00:00\",\"breadcrumb\":{\"@id\":\"https:\\\/\\\/radioljubuski.ba\\\/index.php\\\/2022\\\/05\\\/23\\\/dodite-na-2-zagrebacki-festival-monodrame-u-organizaciji-teatra-gavran\\\/#breadcrumb\"},\"inLanguage\":\"hr\",\"potentialAction\":[{\"@type\":\"ReadAction\",\"target\":[\"https:\\\/\\\/radioljubuski.ba\\\/index.php\\\/2022\\\/05\\\/23\\\/dodite-na-2-zagrebacki-festival-monodrame-u-organizaciji-teatra-gavran\\\/\"]}]},{\"@type\":\"ImageObject\",\"inLanguage\":\"hr\",\"@id\":\"https:\\\/\\\/radioljubuski.ba\\\/index.php\\\/2022\\\/05\\\/23\\\/dodite-na-2-zagrebacki-festival-monodrame-u-organizaciji-teatra-gavran\\\/#primaryimage\",\"url\":\"https:\\\/\\\/radioljubuski.ba\\\/wp-content\\\/uploads\\\/2022\\\/05\\\/ZGFM_1_800x450_PNG-1-696x392-1.png\",\"contentUrl\":\"https:\\\/\\\/radioljubuski.ba\\\/wp-content\\\/uploads\\\/2022\\\/05\\\/ZGFM_1_800x450_PNG-1-696x392-1.png\",\"width\":696,\"height\":392},{\"@type\":\"BreadcrumbList\",\"@id\":\"https:\\\/\\\/radioljubuski.ba\\\/index.php\\\/2022\\\/05\\\/23\\\/dodite-na-2-zagrebacki-festival-monodrame-u-organizaciji-teatra-gavran\\\/#breadcrumb\",\"itemListElement\":[{\"@type\":\"ListItem\",\"position\":1,\"name\":\"Po\u010detna stranica\",\"item\":\"https:\\\/\\\/radioljubuski.ba\\\/\"},{\"@type\":\"ListItem\",\"position\":2,\"name\":\"Do\u0111ite na 2. Zagreba\u010dki festival monodrame u organizaciji Teatra Gavran\"}]},{\"@type\":\"WebSite\",\"@id\":\"https:\\\/\\\/radioljubuski.ba\\\/#website\",\"url\":\"https:\\\/\\\/radioljubuski.ba\\\/\",\"name\":\"Radio Ljubu\u0161ki\",\"description\":\"Sun\u010dana frekvencija Hercegovine\",\"publisher\":{\"@id\":\"https:\\\/\\\/radioljubuski.ba\\\/#organization\"},\"potentialAction\":[{\"@type\":\"SearchAction\",\"target\":{\"@type\":\"EntryPoint\",\"urlTemplate\":\"https:\\\/\\\/radioljubuski.ba\\\/?s={search_term_string}\"},\"query-input\":{\"@type\":\"PropertyValueSpecification\",\"valueRequired\":true,\"valueName\":\"search_term_string\"}}],\"inLanguage\":\"hr\"},{\"@type\":\"Organization\",\"@id\":\"https:\\\/\\\/radioljubuski.ba\\\/#organization\",\"name\":\"Radio Ljubu\u0161ki\",\"url\":\"https:\\\/\\\/radioljubuski.ba\\\/\",\"logo\":{\"@type\":\"ImageObject\",\"inLanguage\":\"hr\",\"@id\":\"https:\\\/\\\/radioljubuski.ba\\\/#\\\/schema\\\/logo\\\/image\\\/\",\"url\":\"https:\\\/\\\/radioljubuski.ba\\\/wp-content\\\/uploads\\\/2021\\\/02\\\/cropped-Radio_Ljubuski_logo1.jpg\",\"contentUrl\":\"https:\\\/\\\/radioljubuski.ba\\\/wp-content\\\/uploads\\\/2021\\\/02\\\/cropped-Radio_Ljubuski_logo1.jpg\",\"width\":512,\"height\":512,\"caption\":\"Radio Ljubu\u0161ki\"},\"image\":{\"@id\":\"https:\\\/\\\/radioljubuski.ba\\\/#\\\/schema\\\/logo\\\/image\\\/\"},\"sameAs\":[\"https:\\\/\\\/www.facebook.com\\\/Radiio-Ljubuski-1490835324566332\",\"https:\\\/\\\/x.com\\\/radioljubuski\",\"https:\\\/\\\/hr.linkedin.com\\\/company\\\/radio-ljubuski\",\"https:\\\/\\\/www.youtube.com\\\/channel\\\/UCHYaeO_n0Db3tjNGudGpXyw\"]},{\"@type\":\"Person\",\"@id\":\"https:\\\/\\\/radioljubuski.ba\\\/#\\\/schema\\\/person\\\/19fc700381a780f69665d7956c469e3b\",\"name\":\"Radio Ljubu\u0161ki\"}]}<\/script>\n<!-- \/ Yoast SEO plugin. -->","yoast_head_json":{"title":"Do\u0111ite na 2. Zagreba\u010dki festival monodrame u organizaciji Teatra Gavran - RADIO LJUBU\u0160KI","robots":{"index":"index","follow":"follow","max-snippet":"max-snippet:-1","max-image-preview":"max-image-preview:large","max-video-preview":"max-video-preview:-1"},"canonical":"https:\/\/radioljubuski.ba\/index.php\/2022\/05\/23\/dodite-na-2-zagrebacki-festival-monodrame-u-organizaciji-teatra-gavran\/","og_locale":"hr_HR","og_type":"article","og_title":"Do\u0111ite na 2. Zagreba\u010dki festival monodrame u organizaciji Teatra Gavran - RADIO LJUBU\u0160KI","og_description":"2. Zagreba\u010dki festival monodrame u organizaciji Teatra Gavran otvara se u utorak 24. svibnja u 20 sati. Tom prigodom bit \u0107e izvedena monodrama \u201dMala \u010duda\u201d u re\u017eiji i izvedbi Sanje Milardovi\u0107, koprodukcija Teatra EXIT i Umjetni\u010dke organizacije TeatruM. Festival traje od 24. do 31.5. u Urania \u2013 prostor kreacije, Trg Eugena Kvaternika 3\/3, Zagreb. \u010cETVRTAK, [&hellip;]","og_url":"https:\/\/radioljubuski.ba\/index.php\/2022\/05\/23\/dodite-na-2-zagrebacki-festival-monodrame-u-organizaciji-teatra-gavran\/","og_site_name":"RADIO LJUBU\u0160KI","article_publisher":"https:\/\/www.facebook.com\/Radiio-Ljubuski-1490835324566332","article_published_time":"2022-05-23T13:03:08+00:00","article_modified_time":"2022-05-23T13:03:10+00:00","og_image":[{"width":696,"height":392,"url":"https:\/\/radioljubuski.ba\/wp-content\/uploads\/2022\/05\/ZGFM_1_800x450_PNG-1-696x392-1.png","type":"image\/png"}],"author":"Radio Ljubu\u0161ki","twitter_card":"summary_large_image","twitter_creator":"@radioljubuski","twitter_site":"@radioljubuski","twitter_misc":{"Napisao\/la":"Radio Ljubu\u0161ki","Procijenjeno vrijeme \u010ditanja":"1 minuta"},"schema":{"@context":"https:\/\/schema.org","@graph":[{"@type":"Article","@id":"https:\/\/radioljubuski.ba\/index.php\/2022\/05\/23\/dodite-na-2-zagrebacki-festival-monodrame-u-organizaciji-teatra-gavran\/#article","isPartOf":{"@id":"https:\/\/radioljubuski.ba\/index.php\/2022\/05\/23\/dodite-na-2-zagrebacki-festival-monodrame-u-organizaciji-teatra-gavran\/"},"author":{"name":"Radio Ljubu\u0161ki","@id":"https:\/\/radioljubuski.ba\/#\/schema\/person\/19fc700381a780f69665d7956c469e3b"},"headline":"Do\u0111ite na 2. Zagreba\u010dki festival monodrame u organizaciji Teatra Gavran","datePublished":"2022-05-23T13:03:08+00:00","dateModified":"2022-05-23T13:03:10+00:00","mainEntityOfPage":{"@id":"https:\/\/radioljubuski.ba\/index.php\/2022\/05\/23\/dodite-na-2-zagrebacki-festival-monodrame-u-organizaciji-teatra-gavran\/"},"wordCount":178,"publisher":{"@id":"https:\/\/radioljubuski.ba\/#organization"},"image":{"@id":"https:\/\/radioljubuski.ba\/index.php\/2022\/05\/23\/dodite-na-2-zagrebacki-festival-monodrame-u-organizaciji-teatra-gavran\/#primaryimage"},"thumbnailUrl":"https:\/\/radioljubuski.ba\/wp-content\/uploads\/2022\/05\/ZGFM_1_800x450_PNG-1-696x392-1.png","articleSection":["BIH i regija"],"inLanguage":"hr"},{"@type":"WebPage","@id":"https:\/\/radioljubuski.ba\/index.php\/2022\/05\/23\/dodite-na-2-zagrebacki-festival-monodrame-u-organizaciji-teatra-gavran\/","url":"https:\/\/radioljubuski.ba\/index.php\/2022\/05\/23\/dodite-na-2-zagrebacki-festival-monodrame-u-organizaciji-teatra-gavran\/","name":"Do\u0111ite na 2. Zagreba\u010dki festival monodrame u organizaciji Teatra Gavran - RADIO LJUBU\u0160KI","isPartOf":{"@id":"https:\/\/radioljubuski.ba\/#website"},"primaryImageOfPage":{"@id":"https:\/\/radioljubuski.ba\/index.php\/2022\/05\/23\/dodite-na-2-zagrebacki-festival-monodrame-u-organizaciji-teatra-gavran\/#primaryimage"},"image":{"@id":"https:\/\/radioljubuski.ba\/index.php\/2022\/05\/23\/dodite-na-2-zagrebacki-festival-monodrame-u-organizaciji-teatra-gavran\/#primaryimage"},"thumbnailUrl":"https:\/\/radioljubuski.ba\/wp-content\/uploads\/2022\/05\/ZGFM_1_800x450_PNG-1-696x392-1.png","datePublished":"2022-05-23T13:03:08+00:00","dateModified":"2022-05-23T13:03:10+00:00","breadcrumb":{"@id":"https:\/\/radioljubuski.ba\/index.php\/2022\/05\/23\/dodite-na-2-zagrebacki-festival-monodrame-u-organizaciji-teatra-gavran\/#breadcrumb"},"inLanguage":"hr","potentialAction":[{"@type":"ReadAction","target":["https:\/\/radioljubuski.ba\/index.php\/2022\/05\/23\/dodite-na-2-zagrebacki-festival-monodrame-u-organizaciji-teatra-gavran\/"]}]},{"@type":"ImageObject","inLanguage":"hr","@id":"https:\/\/radioljubuski.ba\/index.php\/2022\/05\/23\/dodite-na-2-zagrebacki-festival-monodrame-u-organizaciji-teatra-gavran\/#primaryimage","url":"https:\/\/radioljubuski.ba\/wp-content\/uploads\/2022\/05\/ZGFM_1_800x450_PNG-1-696x392-1.png","contentUrl":"https:\/\/radioljubuski.ba\/wp-content\/uploads\/2022\/05\/ZGFM_1_800x450_PNG-1-696x392-1.png","width":696,"height":392},{"@type":"BreadcrumbList","@id":"https:\/\/radioljubuski.ba\/index.php\/2022\/05\/23\/dodite-na-2-zagrebacki-festival-monodrame-u-organizaciji-teatra-gavran\/#breadcrumb","itemListElement":[{"@type":"ListItem","position":1,"name":"Po\u010detna stranica","item":"https:\/\/radioljubuski.ba\/"},{"@type":"ListItem","position":2,"name":"Do\u0111ite na 2. Zagreba\u010dki festival monodrame u organizaciji Teatra Gavran"}]},{"@type":"WebSite","@id":"https:\/\/radioljubuski.ba\/#website","url":"https:\/\/radioljubuski.ba\/","name":"Radio Ljubu\u0161ki","description":"Sun\u010dana frekvencija Hercegovine","publisher":{"@id":"https:\/\/radioljubuski.ba\/#organization"},"potentialAction":[{"@type":"SearchAction","target":{"@type":"EntryPoint","urlTemplate":"https:\/\/radioljubuski.ba\/?s={search_term_string}"},"query-input":{"@type":"PropertyValueSpecification","valueRequired":true,"valueName":"search_term_string"}}],"inLanguage":"hr"},{"@type":"Organization","@id":"https:\/\/radioljubuski.ba\/#organization","name":"Radio Ljubu\u0161ki","url":"https:\/\/radioljubuski.ba\/","logo":{"@type":"ImageObject","inLanguage":"hr","@id":"https:\/\/radioljubuski.ba\/#\/schema\/logo\/image\/","url":"https:\/\/radioljubuski.ba\/wp-content\/uploads\/2021\/02\/cropped-Radio_Ljubuski_logo1.jpg","contentUrl":"https:\/\/radioljubuski.ba\/wp-content\/uploads\/2021\/02\/cropped-Radio_Ljubuski_logo1.jpg","width":512,"height":512,"caption":"Radio Ljubu\u0161ki"},"image":{"@id":"https:\/\/radioljubuski.ba\/#\/schema\/logo\/image\/"},"sameAs":["https:\/\/www.facebook.com\/Radiio-Ljubuski-1490835324566332","https:\/\/x.com\/radioljubuski","https:\/\/hr.linkedin.com\/company\/radio-ljubuski","https:\/\/www.youtube.com\/channel\/UCHYaeO_n0Db3tjNGudGpXyw"]},{"@type":"Person","@id":"https:\/\/radioljubuski.ba\/#\/schema\/person\/19fc700381a780f69665d7956c469e3b","name":"Radio Ljubu\u0161ki"}]}},"_links":{"self":[{"href":"https:\/\/radioljubuski.ba\/index.php\/wp-json\/wp\/v2\/posts\/143409","targetHints":{"allow":["GET"]}}],"collection":[{"href":"https:\/\/radioljubuski.ba\/index.php\/wp-json\/wp\/v2\/posts"}],"about":[{"href":"https:\/\/radioljubuski.ba\/index.php\/wp-json\/wp\/v2\/types\/post"}],"author":[{"embeddable":true,"href":"https:\/\/radioljubuski.ba\/index.php\/wp-json\/wp\/v2\/users\/2"}],"replies":[{"embeddable":true,"href":"https:\/\/radioljubuski.ba\/index.php\/wp-json\/wp\/v2\/comments?post=143409"}],"version-history":[{"count":1,"href":"https:\/\/radioljubuski.ba\/index.php\/wp-json\/wp\/v2\/posts\/143409\/revisions"}],"predecessor-version":[{"id":143411,"href":"https:\/\/radioljubuski.ba\/index.php\/wp-json\/wp\/v2\/posts\/143409\/revisions\/143411"}],"wp:featuredmedia":[{"embeddable":true,"href":"https:\/\/radioljubuski.ba\/index.php\/wp-json\/wp\/v2\/media\/143410"}],"wp:attachment":[{"href":"https:\/\/radioljubuski.ba\/index.php\/wp-json\/wp\/v2\/media?parent=143409"}],"wp:term":[{"taxonomy":"category","embeddable":true,"href":"https:\/\/radioljubuski.ba\/index.php\/wp-json\/wp\/v2\/categories?post=143409"},{"taxonomy":"post_tag","embeddable":true,"href":"https:\/\/radioljubuski.ba\/index.php\/wp-json\/wp\/v2\/tags?post=143409"}],"curies":[{"name":"wp","href":"https:\/\/api.w.org\/{rel}","templated":true}]}}