{"id":143412,"date":"2022-05-23T14:09:24","date_gmt":"2022-05-23T13:09:24","guid":{"rendered":"https:\/\/radioljubuski.ba\/?p=143412"},"modified":"2022-05-23T14:09:26","modified_gmt":"2022-05-23T13:09:26","slug":"tko-je-profesor-s-fakulteta-politickih-znanosti-lalic-koji-tvrdi-da-je-policija-na-stadionima-mamicevska","status":"publish","type":"post","link":"https:\/\/radioljubuski.ba\/index.php\/2022\/05\/23\/tko-je-profesor-s-fakulteta-politickih-znanosti-lalic-koji-tvrdi-da-je-policija-na-stadionima-mamicevska\/","title":{"rendered":"Tko je profesor s Fakulteta politi\u010dkih znanosti Lali\u0107, koji tvrdi da je \u2018policija na stadionima mami\u0107evska\u2019?"},"content":{"rendered":"\n<p>Nevi\u0111eni i brutalni napad na policajce koji su osiguravali kolonu navija\u010da Hajduka na autocesti A1 u kojem je 20-tak policajaca ozlije\u0111eno, a u opasnosti su bili i gra\u0111ani koji su se zatekli na odmori\u0161tu Desinec te je postojala opasnost i za samu benzinsku crpku,&nbsp;<strong>Dra\u017een Lali\u0107<\/strong>, sociolog, profesor s Fakulteta politi\u010dkih znanosti vidi kako incident \u201duvjetovan situacijom\u201d.<\/p>\n\n\n\n<h3 class=\"wp-block-heading\"><strong>Policija je<\/strong><em>&nbsp;Mami\u0107evska<\/em><strong>?!<\/strong><\/h3>\n\n\n\n<p>Lali\u0107 koji predaje mladim studentima, na\u0161ao je razumijevanje za brutalan napad na policiju od strane navija\u010da Hajduka koji pripadaju navija\u010dkoj skupini Torcida jer je, ka\u017ee profesor Lali\u0107 za\u00a0<a href=\"https:\/\/hr.n1info.com\/vijesti\/lalic-za-n1-policija-na-stadionima-je-mamicevska-ali-osudujem-svako-nasilje\/\">N1<\/a>, policija na stadionima\u00a0<em>Mami\u0107evska<\/em>.<\/p>\n\n\n\n<iframe loading=\"lazy\" title=\"Navija\u010di 2 - doga\u0111aj od 22.5.2022.\" width=\"640\" height=\"360\" src=\"https:\/\/www.youtube.com\/embed\/XV9imeNUHBE?feature=oembed\" frameborder=\"0\" allow=\"accelerometer; autoplay; clipboard-write; encrypted-media; gyroscope; picture-in-picture; web-share\" referrerpolicy=\"strict-origin-when-cross-origin\" allowfullscreen><\/iframe>\n\n\n\n<p>U drugoj re\u010denici ipak dodaje da je protiv svakog oblika nasilja. Napomenuo je i da je policija Torcidine navija\u010de zadr\u017eavala i nije ih pu\u0161tala na stadion.\u2019 Ne zna \u0161to se to\u010dno doga\u0111alo, ali ka\u017ee da je lako zamisliti ra\u0111anje frustracije kod mladi\u0107a koji idu na utakmicu, plate put, a onda ih policija zadr\u017ei, ne da im vode i hrane par sati. Uz malo alkohola ili opijata, lako nastane frustracije\u2019, dodaje Lali\u0107.<\/p>\n\n\n\n<p>Ka\u017ee da je \u2018kori\u0161tenje hladnog oru\u017eja, kao i vatrenog, dio folklora policije i navija\u010da\u2019.<\/p>\n\n\n\n<iframe loading=\"lazy\" title=\"Navija\u010di - doga\u0111aj od 21.5.22022.\" width=\"640\" height=\"360\" src=\"https:\/\/www.youtube.com\/embed\/odqZY0NqSSY?feature=oembed\" frameborder=\"0\" allow=\"accelerometer; autoplay; clipboard-write; encrypted-media; gyroscope; picture-in-picture; web-share\" referrerpolicy=\"strict-origin-when-cross-origin\" allowfullscreen><\/iframe>\n\n\n\n<p>Lali\u0107 je ove pau\u0161alne izjave i zaklju\u010dke davao i prije nego li su se oglasile sve nadle\u017ene slu\u017ebe oko ovog doga\u0111aja. \u0160to mu zna\u010di to\u010dno&nbsp;<em>Mami\u0107eva policija<\/em> nije precizirao, a na N1 ga nitko nije to niti tra\u017eio.<\/p>\n\n\n\n<p>U svakom slu\u010daju, opravdanja za sino\u0107nji u\u017eas na autocesti A1, zbog kojeg je i dio autoceste A1 u smjeru mora bio zatvoren od subote od 21:45 sati do nedjelje prijepodne, nema.<\/p>\n\n\n\n<p>Vi\u0161e je o detaljima ali i transparentima koje Lali\u0107 navodi kako razlog nezadovoljstva Torcida\u0161a, na konferenciji za medije u nedjelju popodne otkrila policija.<\/p>\n\n\n\n<iframe loading=\"lazy\" title=\"Navija\u010di 3 - doga\u0111aj od 21.5.2022.\" width=\"640\" height=\"360\" src=\"https:\/\/www.youtube.com\/embed\/csda66vfYb4?start=1&#038;feature=oembed\" frameborder=\"0\" allow=\"accelerometer; autoplay; clipboard-write; encrypted-media; gyroscope; picture-in-picture; web-share\" referrerpolicy=\"strict-origin-when-cross-origin\" allowfullscreen><\/iframe>\n\n\n\n<h3 class=\"wp-block-heading\"><strong>Policija o transparentima i&nbsp;<\/strong><em>Mami\u0107evoj policiji<\/em><\/h3>\n\n\n\n<p>\u2018Iz medija uo\u010davamo da se kao potencijalni problem doga\u0111aja u Desincu navodi nemogu\u0107nost ulaska navija\u010da s&nbsp;<strong>transparentima<\/strong>&nbsp;na stadion. Prije \u010detiri dana je organizator utakmice javio navija\u010dima proceduru ulaska s transparentima. Potrebno je bilo prije utakmice donijeti transparent na pregled, no navija\u010di Hajduka su se na to oglu\u0161ili i htjeli direktno u\u0107i na stadion. Policija je tu samo u ulozi osiguranja i provedbe odluka organizatora, tako da to nema veze s policijom. Nakon neodobravanja ulaska s transparentima svi navija\u010di Hajduka ostali su izvan stadiona i u jednom trenutku izrazili \u017eelju da krenu za Split. Organizirali smo kolonu. Cijela trasa do Splita bila je osigurana, rekao je zamjenik glavnog ravnatelja policije za op\u0107u sigurnost&nbsp;<strong>Damir Bari\u0107.<\/strong><\/p>\n\n\n\n<p>Volio bih jo\u0161 naglasiti, ima razli\u010ditih napisa u medijima, poput onih da je&nbsp;<em>sino\u0107 postupala Mami\u0107eva policija<\/em>. To smatramo krajnje uvredljivim, posebno kad imamo 20-ak ozlije\u0111enih slu\u017ebenika.<\/p>\n\n\n\n<p>Policija je sino\u0107 radila svoj posao u cilju za\u0161tite javnog reda i mira, ali i za\u0161tite \u017eivota svih. Napad je izvr\u0161en i raketama, a znate \u0161to zna\u010di otvoreni plamen na benzinskoj postaji, zamislite da je do\u0161lo do zapaljenja i eksplozije na benzinskoj postaji. Stavite to u prvi plan, to je najva\u017enije, kakva je to bila opasnost za sve u okolici\u2019, zaklju\u010dio je zamjenik glavnog ravnatelja policije za op\u0107u sigurnost Bari\u0107.<\/p>\n\n\n\n<h3 class=\"wp-block-heading\"><strong>Lali\u0107 radio za Sorosa pa pisao za Ve\u010dernji kako Soros nije protivnik hrvatske samostalnosti<\/strong><\/h3>\n\n\n\n<p>Dra\u017een Lali\u0107 je ina\u010de bio \u010dlan Upravnog odbora Instituta otvorenog dru\u0161tva Hrvatska 2004.godine. Zanimljivo, isti je Lali\u0107 2018.&nbsp;godine za&nbsp;<a href=\"https:\/\/www.vecernji.hr\/premium\/politicki-demon-koji-umjesto-plemena-zeli-otvoreno-drustvo-1227356\">Ve\u010dernji list<\/a>&nbsp;napisao nekriti\u010dki tekst u kojem tobo\u017ee obja\u0161njava za\u0161to se Soros na\u0161ao na udaru desnice.<\/p>\n\n\n\n<p>\u201dNeki na\u0161i politi\u010dki akteri su dali, a pojedini i jo\u0161 uvijek daju znatne priloge <strong>antisorosevskoj histeriji<\/strong>. Sredinom i u drugoj polovini 90-ih, kad je aktivnost Instituta Otvoreno dru\u0161tvo u Hrvatskoj bila najintenzivnija, naj\u017ee\u0161\u0107e kritike Sorosu i toj zakladi upu\u0107ivao je predsjednik Republike\u201d, pi\u0161e Lali\u0107 te dodaje kako Tu\u0111manov govor o \u201dcrvenim, zelenim i \u017eutim vragovima\u201d odr\u017ean po povratku s prvoga lije\u010denja iz SAD-a u Zra\u010dnoj luci Pleso 23. studenoga 1996. sadr\u017ei neistine.<\/p>\n\n\n\n<p>Lali\u0107 ide toliko daleko da eksplicitno tvrdi kako \u201dSoros zasigurno<strong>&nbsp;nije protivnik hrvatske slobode<\/strong> i samostalnosti\u201d, no tri godine nakon toga Lali\u0107evih tvrdnji, portal Narod.hr otkriva da je Sorosevo Otvoreno dru\u0161tvo u Hrvatskoj 2000. u svojim strate\u0161kim planovima ustvrdilo kako je <a href=\"https:\/\/narod.hr\/hrvatska\/soroseva-zaklada-2000-iluzija-je-da-je-hrvatska-suverena-nacionalna-drzava-ili-da-ce-to-postati\"><strong>iluzija da je Hrvatska suverena nacionalna dr\u017eava ili da \u0107e to postati<\/strong><\/a>. Uz to, vrijedi podsjetiti da je Toma\u0161evi\u0107evu udrugu Institut za politi\u010dku ekologiju, sna\u017eno financijski i logisti\u010dki&nbsp;<a href=\"https:\/\/narod.hr\/hrvatska\/kako-tomaseviceva-udruga-uz-potporu-sorosevog-otvorenog-drustva-godinama-organizira-program-politickog-obrazovanj\">podr\u017ealo<\/a>&nbsp;upravo Otvoreno dru\u0161tvo, a da je u prostorijama iste te udruge&nbsp;<a href=\"https:\/\/www.nacional.hr\/feljton-kako-je-nastao-pokret-s-kojim-tomasevic-zeli-mijenjati-hrvatsku\/\">dogovoren nastanak<\/a>&nbsp;stranke Zagreb je na\u0161.<\/p>\n\n\n\n<p>Godine 2012. je poku\u0161ao postati \u010dlanom Upravnog odbora Nacionalne zaklade za razvoj civilnoga dru\u0161tva, ali nije uspio. Prilikom kandidature za funkciju u tom tijelu&nbsp;<a href=\"http:\/\/www.h-alter.org\/vijesti\/civilno-drustvo-mora-biti-kriticno-spram-vlasti\">izjavio<\/a> je da \u201dcivilno dru\u0161tvo mora sadr\u017eavati svoju <strong>kontrolnu i konfliktnu dimenziju<\/strong>, i to ponajprije prema vlasti, ina\u010de se gubi njegov smisao nezavisnoga promotora op\u0107eg dobra\u201d.<\/p>\n\n\n\n<h3 class=\"wp-block-heading\"><strong>Sara Lali\u0107 \u2013 \u010dlanica Centra za mirovne studije<\/strong><\/h3>\n\n\n\n<p>Sara Lali\u0107, ina\u010de k\u0107er navodno nepristranog analiti\u010dara Dra\u017eena Lali\u0107a je aktivistica Centra za mirovne studije (CMS) u kojem je su klju\u010dnu ulogu godinama imali Sandra Ben\u010di\u0107 i Gordan Bosanac, danas va\u017eni \u010dlanovi stranke Mo\u017eemo.<\/p>\n\n\n\n<p>Ona je 2014. bila voditeljica programa Borba protiv rasizma, ksenofobije i etni\u010dkog ekskluzivizma, a 2018. je bila u Upravnom odboru CMS-a. Ta nevladina organizacija tako\u0111er je jedan od osniva\u010da Documete Vesne Ter\u0161eli\u010d, a uz Centar za gra\u0111anske inicijative Pore\u010d, Gra\u0111anski odbor za ljudska prava (GOLJP Zorana Pusi\u0107a), Centar za mir, nenasilje i ljudska prava Osijek, Documentu-Centar za suo\u010davanje s pro\u0161lo\u0161\u0107u i udrugu Terra, suosnivali su i zakladu Solidarna.<\/p>\n\n\n\n<p>Ina\u010de, Centar za mirovne studije (CMS) se na\u0161ao u sukobu interesa jer je kao \u010dlan Radne skupine uvrstio svojih 6 aktivnosti u Nacionalni plan za borbu protiv diskriminacije 2016. \u2013 2021., a na to je 2017. upozorio tada\u0161nji ministar vanjskih poslova Davor Ivo Stier na sjednici Odbora za europske poslove.<\/p>\n\n\n\n<p>Na ministrove optu\u017ebe za sukob interesa i netransparentnost, Sara Lali\u0107 tada je tvrdila kako je tih \u0161est do sedam mjera stavljeno u tada\u0161nji Akcijski plan nakon \u0161to je CMS, kao nositelj, 2015. dobio projekt financiran iz REC programa Op\u0107e uprave za pravosu\u0111e Europske komisije. Ipak, nikada nije do kraja obja\u0161njeno kako je mogu\u0107e da projektne aktivnosti, za koji je CMS dobio financijska sredstva, budu uvr\u0161tene u dr\u017eavni dokument o suzbijanju diskriminacije, odnosno kako je mogu\u0107e da je CMS postao instrument dr\u017eave u suzbijanju diskriminacije?<\/p>\n\n\n\n<p>Ina\u010de Domovinski pokret je do sada objavio popis 40 organizacija civilnog dru\u0161tva koje su prema njihovim tvrdnjama, izme\u0111u 2013. i 2020. godine uprihodile preko 500.000.000 kuna. Me\u0111u njima se nalazi i Centar za mirovne studije s upriho\u0111enih 42.624.246 kuna.<\/p>\n\n\n\n<p><em>Izvor: narod.hr<\/em><\/p>\n","protected":false},"excerpt":{"rendered":"<p>Nevi\u0111eni i brutalni napad na policajce koji su osiguravali kolonu navija\u010da Hajduka na autocesti A1 u kojem je 20-tak policajaca ozlije\u0111eno, a u opasnosti su bili i gra\u0111ani koji su se zatekli na odmori\u0161tu Desinec te je postojala opasnost i za samu benzinsku crpku,&nbsp;Dra\u017een Lali\u0107, sociolog, profesor s Fakulteta politi\u010dkih znanosti vidi kako incident \u201duvjetovan [&hellip;]<\/p>\n","protected":false},"author":2,"featured_media":143413,"comment_status":"closed","ping_status":"closed","sticky":false,"template":"","format":"standard","meta":{"h5ap_radio_sources":[],"footnotes":""},"categories":[1],"tags":[],"class_list":["post-143412","post","type-post","status-publish","format-standard","has-post-thumbnail","hentry","category-bihiregija"],"yoast_head":"<!-- This site is optimized with the Yoast SEO plugin v27.5 - https:\/\/yoast.com\/product\/yoast-seo-wordpress\/ -->\n<title>Tko je profesor s Fakulteta politi\u010dkih znanosti Lali\u0107, koji tvrdi da je \u2018policija na stadionima mami\u0107evska\u2019? - RADIO LJUBU\u0160KI<\/title>\n<meta name=\"robots\" content=\"index, follow, max-snippet:-1, max-image-preview:large, max-video-preview:-1\" \/>\n<link rel=\"canonical\" href=\"https:\/\/radioljubuski.ba\/index.php\/2022\/05\/23\/tko-je-profesor-s-fakulteta-politickih-znanosti-lalic-koji-tvrdi-da-je-policija-na-stadionima-mamicevska\/\" \/>\n<meta property=\"og:locale\" content=\"hr_HR\" \/>\n<meta property=\"og:type\" content=\"article\" \/>\n<meta property=\"og:title\" content=\"Tko je profesor s Fakulteta politi\u010dkih znanosti Lali\u0107, koji tvrdi da je \u2018policija na stadionima mami\u0107evska\u2019? - RADIO LJUBU\u0160KI\" \/>\n<meta property=\"og:description\" content=\"Nevi\u0111eni i brutalni napad na policajce koji su osiguravali kolonu navija\u010da Hajduka na autocesti A1 u kojem je 20-tak policajaca ozlije\u0111eno, a u opasnosti su bili i gra\u0111ani koji su se zatekli na odmori\u0161tu Desinec te je postojala opasnost i za samu benzinsku crpku,&nbsp;Dra\u017een Lali\u0107, sociolog, profesor s Fakulteta politi\u010dkih znanosti vidi kako incident \u201duvjetovan [&hellip;]\" \/>\n<meta property=\"og:url\" content=\"https:\/\/radioljubuski.ba\/index.php\/2022\/05\/23\/tko-je-profesor-s-fakulteta-politickih-znanosti-lalic-koji-tvrdi-da-je-policija-na-stadionima-mamicevska\/\" \/>\n<meta property=\"og:site_name\" content=\"RADIO LJUBU\u0160KI\" \/>\n<meta property=\"article:publisher\" content=\"https:\/\/www.facebook.com\/Radiio-Ljubuski-1490835324566332\" \/>\n<meta property=\"article:published_time\" content=\"2022-05-23T13:09:24+00:00\" \/>\n<meta property=\"article:modified_time\" content=\"2022-05-23T13:09:26+00:00\" \/>\n<meta property=\"og:image\" content=\"https:\/\/radioljubuski.ba\/wp-content\/uploads\/2022\/05\/drazen-lalic-696x392-1.jpg\" \/>\n\t<meta property=\"og:image:width\" content=\"696\" \/>\n\t<meta property=\"og:image:height\" content=\"392\" \/>\n\t<meta property=\"og:image:type\" content=\"image\/jpeg\" \/>\n<meta name=\"author\" content=\"Radio Ljubu\u0161ki\" \/>\n<meta name=\"twitter:card\" content=\"summary_large_image\" \/>\n<meta name=\"twitter:creator\" content=\"@radioljubuski\" \/>\n<meta name=\"twitter:site\" content=\"@radioljubuski\" \/>\n<meta name=\"twitter:label1\" content=\"Napisao\/la\" \/>\n\t<meta name=\"twitter:data1\" content=\"Radio Ljubu\u0161ki\" \/>\n\t<meta name=\"twitter:label2\" content=\"Procijenjeno vrijeme \u010ditanja\" \/>\n\t<meta name=\"twitter:data2\" content=\"5 minuta\" \/>\n<script type=\"application\/ld+json\" class=\"yoast-schema-graph\">{\"@context\":\"https:\\\/\\\/schema.org\",\"@graph\":[{\"@type\":\"Article\",\"@id\":\"https:\\\/\\\/radioljubuski.ba\\\/index.php\\\/2022\\\/05\\\/23\\\/tko-je-profesor-s-fakulteta-politickih-znanosti-lalic-koji-tvrdi-da-je-policija-na-stadionima-mamicevska\\\/#article\",\"isPartOf\":{\"@id\":\"https:\\\/\\\/radioljubuski.ba\\\/index.php\\\/2022\\\/05\\\/23\\\/tko-je-profesor-s-fakulteta-politickih-znanosti-lalic-koji-tvrdi-da-je-policija-na-stadionima-mamicevska\\\/\"},\"author\":{\"name\":\"Radio Ljubu\u0161ki\",\"@id\":\"https:\\\/\\\/radioljubuski.ba\\\/#\\\/schema\\\/person\\\/19fc700381a780f69665d7956c469e3b\"},\"headline\":\"Tko je profesor s Fakulteta politi\u010dkih znanosti Lali\u0107, koji tvrdi da je \u2018policija na stadionima mami\u0107evska\u2019?\",\"datePublished\":\"2022-05-23T13:09:24+00:00\",\"dateModified\":\"2022-05-23T13:09:26+00:00\",\"mainEntityOfPage\":{\"@id\":\"https:\\\/\\\/radioljubuski.ba\\\/index.php\\\/2022\\\/05\\\/23\\\/tko-je-profesor-s-fakulteta-politickih-znanosti-lalic-koji-tvrdi-da-je-policija-na-stadionima-mamicevska\\\/\"},\"wordCount\":1215,\"publisher\":{\"@id\":\"https:\\\/\\\/radioljubuski.ba\\\/#organization\"},\"image\":{\"@id\":\"https:\\\/\\\/radioljubuski.ba\\\/index.php\\\/2022\\\/05\\\/23\\\/tko-je-profesor-s-fakulteta-politickih-znanosti-lalic-koji-tvrdi-da-je-policija-na-stadionima-mamicevska\\\/#primaryimage\"},\"thumbnailUrl\":\"https:\\\/\\\/radioljubuski.ba\\\/wp-content\\\/uploads\\\/2022\\\/05\\\/drazen-lalic-696x392-1.jpg\",\"articleSection\":[\"BIH i regija\"],\"inLanguage\":\"hr\"},{\"@type\":\"WebPage\",\"@id\":\"https:\\\/\\\/radioljubuski.ba\\\/index.php\\\/2022\\\/05\\\/23\\\/tko-je-profesor-s-fakulteta-politickih-znanosti-lalic-koji-tvrdi-da-je-policija-na-stadionima-mamicevska\\\/\",\"url\":\"https:\\\/\\\/radioljubuski.ba\\\/index.php\\\/2022\\\/05\\\/23\\\/tko-je-profesor-s-fakulteta-politickih-znanosti-lalic-koji-tvrdi-da-je-policija-na-stadionima-mamicevska\\\/\",\"name\":\"Tko je profesor s Fakulteta politi\u010dkih znanosti Lali\u0107, koji tvrdi da je \u2018policija na stadionima mami\u0107evska\u2019? - RADIO LJUBU\u0160KI\",\"isPartOf\":{\"@id\":\"https:\\\/\\\/radioljubuski.ba\\\/#website\"},\"primaryImageOfPage\":{\"@id\":\"https:\\\/\\\/radioljubuski.ba\\\/index.php\\\/2022\\\/05\\\/23\\\/tko-je-profesor-s-fakulteta-politickih-znanosti-lalic-koji-tvrdi-da-je-policija-na-stadionima-mamicevska\\\/#primaryimage\"},\"image\":{\"@id\":\"https:\\\/\\\/radioljubuski.ba\\\/index.php\\\/2022\\\/05\\\/23\\\/tko-je-profesor-s-fakulteta-politickih-znanosti-lalic-koji-tvrdi-da-je-policija-na-stadionima-mamicevska\\\/#primaryimage\"},\"thumbnailUrl\":\"https:\\\/\\\/radioljubuski.ba\\\/wp-content\\\/uploads\\\/2022\\\/05\\\/drazen-lalic-696x392-1.jpg\",\"datePublished\":\"2022-05-23T13:09:24+00:00\",\"dateModified\":\"2022-05-23T13:09:26+00:00\",\"breadcrumb\":{\"@id\":\"https:\\\/\\\/radioljubuski.ba\\\/index.php\\\/2022\\\/05\\\/23\\\/tko-je-profesor-s-fakulteta-politickih-znanosti-lalic-koji-tvrdi-da-je-policija-na-stadionima-mamicevska\\\/#breadcrumb\"},\"inLanguage\":\"hr\",\"potentialAction\":[{\"@type\":\"ReadAction\",\"target\":[\"https:\\\/\\\/radioljubuski.ba\\\/index.php\\\/2022\\\/05\\\/23\\\/tko-je-profesor-s-fakulteta-politickih-znanosti-lalic-koji-tvrdi-da-je-policija-na-stadionima-mamicevska\\\/\"]}]},{\"@type\":\"ImageObject\",\"inLanguage\":\"hr\",\"@id\":\"https:\\\/\\\/radioljubuski.ba\\\/index.php\\\/2022\\\/05\\\/23\\\/tko-je-profesor-s-fakulteta-politickih-znanosti-lalic-koji-tvrdi-da-je-policija-na-stadionima-mamicevska\\\/#primaryimage\",\"url\":\"https:\\\/\\\/radioljubuski.ba\\\/wp-content\\\/uploads\\\/2022\\\/05\\\/drazen-lalic-696x392-1.jpg\",\"contentUrl\":\"https:\\\/\\\/radioljubuski.ba\\\/wp-content\\\/uploads\\\/2022\\\/05\\\/drazen-lalic-696x392-1.jpg\",\"width\":696,\"height\":392},{\"@type\":\"BreadcrumbList\",\"@id\":\"https:\\\/\\\/radioljubuski.ba\\\/index.php\\\/2022\\\/05\\\/23\\\/tko-je-profesor-s-fakulteta-politickih-znanosti-lalic-koji-tvrdi-da-je-policija-na-stadionima-mamicevska\\\/#breadcrumb\",\"itemListElement\":[{\"@type\":\"ListItem\",\"position\":1,\"name\":\"Po\u010detna stranica\",\"item\":\"https:\\\/\\\/radioljubuski.ba\\\/\"},{\"@type\":\"ListItem\",\"position\":2,\"name\":\"Tko je profesor s Fakulteta politi\u010dkih znanosti Lali\u0107, koji tvrdi da je \u2018policija na stadionima mami\u0107evska\u2019?\"}]},{\"@type\":\"WebSite\",\"@id\":\"https:\\\/\\\/radioljubuski.ba\\\/#website\",\"url\":\"https:\\\/\\\/radioljubuski.ba\\\/\",\"name\":\"Radio Ljubu\u0161ki\",\"description\":\"Sun\u010dana frekvencija Hercegovine\",\"publisher\":{\"@id\":\"https:\\\/\\\/radioljubuski.ba\\\/#organization\"},\"potentialAction\":[{\"@type\":\"SearchAction\",\"target\":{\"@type\":\"EntryPoint\",\"urlTemplate\":\"https:\\\/\\\/radioljubuski.ba\\\/?s={search_term_string}\"},\"query-input\":{\"@type\":\"PropertyValueSpecification\",\"valueRequired\":true,\"valueName\":\"search_term_string\"}}],\"inLanguage\":\"hr\"},{\"@type\":\"Organization\",\"@id\":\"https:\\\/\\\/radioljubuski.ba\\\/#organization\",\"name\":\"Radio Ljubu\u0161ki\",\"url\":\"https:\\\/\\\/radioljubuski.ba\\\/\",\"logo\":{\"@type\":\"ImageObject\",\"inLanguage\":\"hr\",\"@id\":\"https:\\\/\\\/radioljubuski.ba\\\/#\\\/schema\\\/logo\\\/image\\\/\",\"url\":\"https:\\\/\\\/radioljubuski.ba\\\/wp-content\\\/uploads\\\/2021\\\/02\\\/cropped-Radio_Ljubuski_logo1.jpg\",\"contentUrl\":\"https:\\\/\\\/radioljubuski.ba\\\/wp-content\\\/uploads\\\/2021\\\/02\\\/cropped-Radio_Ljubuski_logo1.jpg\",\"width\":512,\"height\":512,\"caption\":\"Radio Ljubu\u0161ki\"},\"image\":{\"@id\":\"https:\\\/\\\/radioljubuski.ba\\\/#\\\/schema\\\/logo\\\/image\\\/\"},\"sameAs\":[\"https:\\\/\\\/www.facebook.com\\\/Radiio-Ljubuski-1490835324566332\",\"https:\\\/\\\/x.com\\\/radioljubuski\",\"https:\\\/\\\/hr.linkedin.com\\\/company\\\/radio-ljubuski\",\"https:\\\/\\\/www.youtube.com\\\/channel\\\/UCHYaeO_n0Db3tjNGudGpXyw\"]},{\"@type\":\"Person\",\"@id\":\"https:\\\/\\\/radioljubuski.ba\\\/#\\\/schema\\\/person\\\/19fc700381a780f69665d7956c469e3b\",\"name\":\"Radio Ljubu\u0161ki\"}]}<\/script>\n<!-- \/ Yoast SEO plugin. -->","yoast_head_json":{"title":"Tko je profesor s Fakulteta politi\u010dkih znanosti Lali\u0107, koji tvrdi da je \u2018policija na stadionima mami\u0107evska\u2019? - RADIO LJUBU\u0160KI","robots":{"index":"index","follow":"follow","max-snippet":"max-snippet:-1","max-image-preview":"max-image-preview:large","max-video-preview":"max-video-preview:-1"},"canonical":"https:\/\/radioljubuski.ba\/index.php\/2022\/05\/23\/tko-je-profesor-s-fakulteta-politickih-znanosti-lalic-koji-tvrdi-da-je-policija-na-stadionima-mamicevska\/","og_locale":"hr_HR","og_type":"article","og_title":"Tko je profesor s Fakulteta politi\u010dkih znanosti Lali\u0107, koji tvrdi da je \u2018policija na stadionima mami\u0107evska\u2019? - RADIO LJUBU\u0160KI","og_description":"Nevi\u0111eni i brutalni napad na policajce koji su osiguravali kolonu navija\u010da Hajduka na autocesti A1 u kojem je 20-tak policajaca ozlije\u0111eno, a u opasnosti su bili i gra\u0111ani koji su se zatekli na odmori\u0161tu Desinec te je postojala opasnost i za samu benzinsku crpku,&nbsp;Dra\u017een Lali\u0107, sociolog, profesor s Fakulteta politi\u010dkih znanosti vidi kako incident \u201duvjetovan [&hellip;]","og_url":"https:\/\/radioljubuski.ba\/index.php\/2022\/05\/23\/tko-je-profesor-s-fakulteta-politickih-znanosti-lalic-koji-tvrdi-da-je-policija-na-stadionima-mamicevska\/","og_site_name":"RADIO LJUBU\u0160KI","article_publisher":"https:\/\/www.facebook.com\/Radiio-Ljubuski-1490835324566332","article_published_time":"2022-05-23T13:09:24+00:00","article_modified_time":"2022-05-23T13:09:26+00:00","og_image":[{"width":696,"height":392,"url":"https:\/\/radioljubuski.ba\/wp-content\/uploads\/2022\/05\/drazen-lalic-696x392-1.jpg","type":"image\/jpeg"}],"author":"Radio Ljubu\u0161ki","twitter_card":"summary_large_image","twitter_creator":"@radioljubuski","twitter_site":"@radioljubuski","twitter_misc":{"Napisao\/la":"Radio Ljubu\u0161ki","Procijenjeno vrijeme \u010ditanja":"5 minuta"},"schema":{"@context":"https:\/\/schema.org","@graph":[{"@type":"Article","@id":"https:\/\/radioljubuski.ba\/index.php\/2022\/05\/23\/tko-je-profesor-s-fakulteta-politickih-znanosti-lalic-koji-tvrdi-da-je-policija-na-stadionima-mamicevska\/#article","isPartOf":{"@id":"https:\/\/radioljubuski.ba\/index.php\/2022\/05\/23\/tko-je-profesor-s-fakulteta-politickih-znanosti-lalic-koji-tvrdi-da-je-policija-na-stadionima-mamicevska\/"},"author":{"name":"Radio Ljubu\u0161ki","@id":"https:\/\/radioljubuski.ba\/#\/schema\/person\/19fc700381a780f69665d7956c469e3b"},"headline":"Tko je profesor s Fakulteta politi\u010dkih znanosti Lali\u0107, koji tvrdi da je \u2018policija na stadionima mami\u0107evska\u2019?","datePublished":"2022-05-23T13:09:24+00:00","dateModified":"2022-05-23T13:09:26+00:00","mainEntityOfPage":{"@id":"https:\/\/radioljubuski.ba\/index.php\/2022\/05\/23\/tko-je-profesor-s-fakulteta-politickih-znanosti-lalic-koji-tvrdi-da-je-policija-na-stadionima-mamicevska\/"},"wordCount":1215,"publisher":{"@id":"https:\/\/radioljubuski.ba\/#organization"},"image":{"@id":"https:\/\/radioljubuski.ba\/index.php\/2022\/05\/23\/tko-je-profesor-s-fakulteta-politickih-znanosti-lalic-koji-tvrdi-da-je-policija-na-stadionima-mamicevska\/#primaryimage"},"thumbnailUrl":"https:\/\/radioljubuski.ba\/wp-content\/uploads\/2022\/05\/drazen-lalic-696x392-1.jpg","articleSection":["BIH i regija"],"inLanguage":"hr"},{"@type":"WebPage","@id":"https:\/\/radioljubuski.ba\/index.php\/2022\/05\/23\/tko-je-profesor-s-fakulteta-politickih-znanosti-lalic-koji-tvrdi-da-je-policija-na-stadionima-mamicevska\/","url":"https:\/\/radioljubuski.ba\/index.php\/2022\/05\/23\/tko-je-profesor-s-fakulteta-politickih-znanosti-lalic-koji-tvrdi-da-je-policija-na-stadionima-mamicevska\/","name":"Tko je profesor s Fakulteta politi\u010dkih znanosti Lali\u0107, koji tvrdi da je \u2018policija na stadionima mami\u0107evska\u2019? - RADIO LJUBU\u0160KI","isPartOf":{"@id":"https:\/\/radioljubuski.ba\/#website"},"primaryImageOfPage":{"@id":"https:\/\/radioljubuski.ba\/index.php\/2022\/05\/23\/tko-je-profesor-s-fakulteta-politickih-znanosti-lalic-koji-tvrdi-da-je-policija-na-stadionima-mamicevska\/#primaryimage"},"image":{"@id":"https:\/\/radioljubuski.ba\/index.php\/2022\/05\/23\/tko-je-profesor-s-fakulteta-politickih-znanosti-lalic-koji-tvrdi-da-je-policija-na-stadionima-mamicevska\/#primaryimage"},"thumbnailUrl":"https:\/\/radioljubuski.ba\/wp-content\/uploads\/2022\/05\/drazen-lalic-696x392-1.jpg","datePublished":"2022-05-23T13:09:24+00:00","dateModified":"2022-05-23T13:09:26+00:00","breadcrumb":{"@id":"https:\/\/radioljubuski.ba\/index.php\/2022\/05\/23\/tko-je-profesor-s-fakulteta-politickih-znanosti-lalic-koji-tvrdi-da-je-policija-na-stadionima-mamicevska\/#breadcrumb"},"inLanguage":"hr","potentialAction":[{"@type":"ReadAction","target":["https:\/\/radioljubuski.ba\/index.php\/2022\/05\/23\/tko-je-profesor-s-fakulteta-politickih-znanosti-lalic-koji-tvrdi-da-je-policija-na-stadionima-mamicevska\/"]}]},{"@type":"ImageObject","inLanguage":"hr","@id":"https:\/\/radioljubuski.ba\/index.php\/2022\/05\/23\/tko-je-profesor-s-fakulteta-politickih-znanosti-lalic-koji-tvrdi-da-je-policija-na-stadionima-mamicevska\/#primaryimage","url":"https:\/\/radioljubuski.ba\/wp-content\/uploads\/2022\/05\/drazen-lalic-696x392-1.jpg","contentUrl":"https:\/\/radioljubuski.ba\/wp-content\/uploads\/2022\/05\/drazen-lalic-696x392-1.jpg","width":696,"height":392},{"@type":"BreadcrumbList","@id":"https:\/\/radioljubuski.ba\/index.php\/2022\/05\/23\/tko-je-profesor-s-fakulteta-politickih-znanosti-lalic-koji-tvrdi-da-je-policija-na-stadionima-mamicevska\/#breadcrumb","itemListElement":[{"@type":"ListItem","position":1,"name":"Po\u010detna stranica","item":"https:\/\/radioljubuski.ba\/"},{"@type":"ListItem","position":2,"name":"Tko je profesor s Fakulteta politi\u010dkih znanosti Lali\u0107, koji tvrdi da je \u2018policija na stadionima mami\u0107evska\u2019?"}]},{"@type":"WebSite","@id":"https:\/\/radioljubuski.ba\/#website","url":"https:\/\/radioljubuski.ba\/","name":"Radio Ljubu\u0161ki","description":"Sun\u010dana frekvencija Hercegovine","publisher":{"@id":"https:\/\/radioljubuski.ba\/#organization"},"potentialAction":[{"@type":"SearchAction","target":{"@type":"EntryPoint","urlTemplate":"https:\/\/radioljubuski.ba\/?s={search_term_string}"},"query-input":{"@type":"PropertyValueSpecification","valueRequired":true,"valueName":"search_term_string"}}],"inLanguage":"hr"},{"@type":"Organization","@id":"https:\/\/radioljubuski.ba\/#organization","name":"Radio Ljubu\u0161ki","url":"https:\/\/radioljubuski.ba\/","logo":{"@type":"ImageObject","inLanguage":"hr","@id":"https:\/\/radioljubuski.ba\/#\/schema\/logo\/image\/","url":"https:\/\/radioljubuski.ba\/wp-content\/uploads\/2021\/02\/cropped-Radio_Ljubuski_logo1.jpg","contentUrl":"https:\/\/radioljubuski.ba\/wp-content\/uploads\/2021\/02\/cropped-Radio_Ljubuski_logo1.jpg","width":512,"height":512,"caption":"Radio Ljubu\u0161ki"},"image":{"@id":"https:\/\/radioljubuski.ba\/#\/schema\/logo\/image\/"},"sameAs":["https:\/\/www.facebook.com\/Radiio-Ljubuski-1490835324566332","https:\/\/x.com\/radioljubuski","https:\/\/hr.linkedin.com\/company\/radio-ljubuski","https:\/\/www.youtube.com\/channel\/UCHYaeO_n0Db3tjNGudGpXyw"]},{"@type":"Person","@id":"https:\/\/radioljubuski.ba\/#\/schema\/person\/19fc700381a780f69665d7956c469e3b","name":"Radio Ljubu\u0161ki"}]}},"_links":{"self":[{"href":"https:\/\/radioljubuski.ba\/index.php\/wp-json\/wp\/v2\/posts\/143412","targetHints":{"allow":["GET"]}}],"collection":[{"href":"https:\/\/radioljubuski.ba\/index.php\/wp-json\/wp\/v2\/posts"}],"about":[{"href":"https:\/\/radioljubuski.ba\/index.php\/wp-json\/wp\/v2\/types\/post"}],"author":[{"embeddable":true,"href":"https:\/\/radioljubuski.ba\/index.php\/wp-json\/wp\/v2\/users\/2"}],"replies":[{"embeddable":true,"href":"https:\/\/radioljubuski.ba\/index.php\/wp-json\/wp\/v2\/comments?post=143412"}],"version-history":[{"count":1,"href":"https:\/\/radioljubuski.ba\/index.php\/wp-json\/wp\/v2\/posts\/143412\/revisions"}],"predecessor-version":[{"id":143414,"href":"https:\/\/radioljubuski.ba\/index.php\/wp-json\/wp\/v2\/posts\/143412\/revisions\/143414"}],"wp:featuredmedia":[{"embeddable":true,"href":"https:\/\/radioljubuski.ba\/index.php\/wp-json\/wp\/v2\/media\/143413"}],"wp:attachment":[{"href":"https:\/\/radioljubuski.ba\/index.php\/wp-json\/wp\/v2\/media?parent=143412"}],"wp:term":[{"taxonomy":"category","embeddable":true,"href":"https:\/\/radioljubuski.ba\/index.php\/wp-json\/wp\/v2\/categories?post=143412"},{"taxonomy":"post_tag","embeddable":true,"href":"https:\/\/radioljubuski.ba\/index.php\/wp-json\/wp\/v2\/tags?post=143412"}],"curies":[{"name":"wp","href":"https:\/\/api.w.org\/{rel}","templated":true}]}}