{"id":143415,"date":"2022-05-23T14:12:16","date_gmt":"2022-05-23T13:12:16","guid":{"rendered":"https:\/\/radioljubuski.ba\/?p=143415"},"modified":"2022-05-23T14:12:17","modified_gmt":"2022-05-23T13:12:17","slug":"uznemirujuce-snimke-u-kutiji-otkriveno-115-mrtvih-beba-od-kojih-je-pet-usmrceno-u-visokom-stupnju-trudnoce","status":"publish","type":"post","link":"https:\/\/radioljubuski.ba\/index.php\/2022\/05\/23\/uznemirujuce-snimke-u-kutiji-otkriveno-115-mrtvih-beba-od-kojih-je-pet-usmrceno-u-visokom-stupnju-trudnoce\/","title":{"rendered":"Uznemiruju\u0107e snimke: U kutiji otkriveno 115 mrtvih beba, od kojih je pet usmr\u0107eno u visokom stupnju trudno\u0107e"},"content":{"rendered":"\n<p>Dok su u Hrvatskoj prosvjedovali tra\u017ee\u0107i da se podr\u017ei feticid djeteta, stra\u0161an slu\u010daj iz SAD-a, o kojem se u toj zemlji pri\u010da od o\u017eujka ove godine, jasno pokazuje svu strahotu tog zahvata.<\/p>\n\n\n\n<p>U nastavku su uznemiruju\u0107e snimke iz Sjedinjenih Dr\u017eava koje pokazuju kako izgledaju mrtva nero\u0111ena djeca na kojima je napravljen feticid, odnosno usmr\u0107ivanje u poodmaklom stupnju trudno\u0107e. Naime, tamo je u kombiju koji je prevozio medicinski otpad, u jednoj kutiji prona\u0111eno 115 nero\u0111enih beba, od toga pet koje su mogle pre\u017eivjeti izvan maternice. Tijela su prevo\u017eena na spaljivanje ili da se koriste za istra\u017eivanja.<\/p>\n\n\n\n<h3 class=\"wp-block-heading\"><strong>Kako je do\u0161lo do ovog otkri\u0107a?<\/strong><\/h3>\n\n\n\n<p>Aktivistice od kojih su neke molile ispred jedne bolnice primijetile su kombi s medicinskim otpadom. Razgovarale su s voza\u010dem, te ga pitale zna li \u0161to prevozi. Zaklju\u010dile su da su zasigurno u nekim kutijama i tijela usmr\u0107enih beba. Upitale su voza\u010da da li bi im htio dati kutiju. On je pitao \u0161to namjeravaju s njome u\u010diniti. Rekle su da \u0107e tijela dostojno pokopati. Tad im je voza\u010d ustupio kutiju. \u017dene su potom oti\u0161le u stan jedne od njih i tu su otkrile koliko je zapravo usmr\u0107ene djece u kutiji. Dio ih je dostojno pokopan. Zbog rana na bebama posumnjale su i u neka druga kaznena djela, te su kontaktirale policiju. Me\u0111utim, u stan jedne od aktivistica upao je FBI, te je uhitio.<\/p>\n\n\n\n<iframe loading=\"lazy\" title=\"EWTN - Emisija Informe ProVida, Patricia Sandoval 6.5.2022.\" width=\"640\" height=\"360\" src=\"https:\/\/www.youtube.com\/embed\/SON9bAKLUHs?feature=oembed\" frameborder=\"0\" allow=\"accelerometer; autoplay; clipboard-write; encrypted-media; gyroscope; picture-in-picture; web-share\" referrerpolicy=\"strict-origin-when-cross-origin\" allowfullscreen><\/iframe>\n\n\n\n<p>Na press konferenciji u Washingtonu odr\u017eana je tiskovna konferencija pro-life grupe koja je sudjelovala u izvla\u010denju tijela petero abortirane djece. Kao \u0161to je <a href=\"https:\/\/www.liveaction.org\/news\/five-babies-killed-dc-abortionist\/\">Live Action News<\/a> ranije izvijestio, pro-life aktivisti iz Progressive Anti-Abortion Uprising (PAAU) bili su uklju\u010deni u otkrivanje dje\u010djih tijela. Grupa je rekla da su kutiju u kojoj su bili ostaci beba dobili od voza\u010da Curtis Bay Energya koji je poslan u ustanovu za poba\u010daje da pokupi medicinski otpad.<\/p>\n\n\n\n<h3 class=\"wp-block-heading\"><strong>\u0160to je rekla aktivistkinja?<\/strong><\/h3>\n\n\n\n<p>\u201cJa sam ateistkinja, ljevi\u010darka i osniva\u010dica sam i izvr\u0161na direktorica PAAU-a\u201d, izjavila je aktivistica Terrisa Bukovinac na po\u010detku press konferencije.<\/p>\n\n\n\n<p>\u201cU petak, 25. o\u017eujka, na Dan nero\u0111enog djeteta, Lauren Handy i ja oti\u0161le smo u Washington Surgicenter kako bismo se anga\u017eirale u zagovaranju protiv poba\u010daja. Po dolasku, vidjele smo kamion ozna\u010den \u2018Curtis Bay Medical Waste Services\u2019 parkiran vani.\u201d<\/p>\n\n\n\n<p>Bukovinac je objasnila da su ona i Handy pri\u0161le voza\u010du jer su vidjele dvije velike kutije ozna\u010dene simbolima biolo\u0161ke opasnosti za utovar. Pitale su voza\u010da zna li \u0161to je u kutijama. Voza\u010d je rekao da ne zna, pa su ga obavijestile da su vjerojatno puni tijela poba\u010denih beba i pitale ga mogu li uzeti jednu od njih.<\/p>\n\n\n\n<h3 class=\"wp-block-heading\"><strong>Stra\u0161no otkri\u0107e<\/strong><\/h3>\n\n\n\n<p>\u201cNakon \u0161to je potvrdio da su kutije iz Washingtona [Surgi-Center], pitala sam ga: \u2018Ho\u0107e\u0161 li upasti u nevolje ako uzmemo jednu od ovih kutija?\u2019\u201d, nastavila je Bukovinac. Upitao nas je: \u2018\u0160to biste u\u010dinili s njima?\u2019 Lauren je rekla da \u0107emo ih pravilno ukopati i sahraniti.\u201d Nakon trenutka, voza\u010d im je rekao da je u redu, pa su kutiju odnijele u stan L. Handy.<\/p>\n\n\n\n<p>Uz nazo\u010dnost katoli\u010dkog \u0111akona, Handy je otvorila kutiju u kojoj je bila crvena plasti\u010dna vre\u0107ica. Unutra su bili posmrtni ostaci 110 djece, uglavnom u prvom tromjese\u010dju. Ispod toga je bila plasti\u010dna vre\u0107ica u kojoj se nalazilo petero djece koja su naizgled bila podvrgnuta kasnim poba\u010dajima, a za koje su stru\u010dnjaci rekli da su vjerojatno bile bebe koje su mogle pre\u017eivjeti izvan maternice.<\/p>\n\n\n\n<p>\u201dMislim da mogu govoriti u ime Lauren i mene, da je ovo bilo najrazornije iskustvo u na\u0161im \u017eivotima\u201d, rekla je Bukovinac. \u201cNi godine zagovaranja protiv poba\u010daja nas nisu mogle pripremiti za taj trenutak. I to je trenutak koji \u0107e za nas \u017eivjeti cijelo vrijeme.\u201d<\/p>\n\n\n\n<p>Tako\u0111er su otkrili jo\u0161 \u010detiri bebe, uklju\u010duju\u0107i netaknutu djevoj\u010dicu kojoj su dali ime Harriet; imala je jedno oko otvoreno i rez na stra\u017enjem dijelu vrata. Dvije druge bebe, obje raskomadane, dobile su imena Angel i Holly. Posljednja beba, cijela i jo\u0161 u amnionskoj vre\u0107ici, dobila je ime Phoenix. Dok neki lije\u010dnici koriste feticid kako bi izazvali zastoj srca i sprije\u010dili da se beba \u017eiva rodi, Cesare Santangelo, vlasnik i aborcionist u Washington Surgi-Centru, priznao je tajnom istra\u017eitelju Live Actiona 2013. da ne koristi feticid.<\/p>\n\n\n\n<h3 class=\"wp-block-heading\"><strong>Kaznena djela?<\/strong><\/h3>\n\n\n\n<p>Bukovinac tvrdi:<\/p>\n\n\n\n<p>\u201cNesporna je vjerojatnost da su neke od ovih beba ro\u0111ene \u017eive. Osim toga, ozljede koje je zadobila Harriet jasno impliciraju da je bila \u017ertva djelomi\u010dnog poba\u010daja.\u201d<\/p>\n\n\n\n<p>Ovu ocjenu podupiru stru\u010dnjaci s kojima je razgovarao Live Action News.<\/p>\n\n\n\n<h3 class=\"wp-block-heading\"><strong>Dostojni pokop<\/strong><\/h3>\n\n\n\n<p>Handy i Bukovinac dogovorile su misu zadu\u0161nicu za svih 115 beba; 110 manje djece (vjerojatno poba\u010denih u prvom tromjese\u010dju) potom je s po\u0161tovanjem pokopano na nepoznatom mjestu.&nbsp; U me\u0111uvremenu, aktivisti su sljede\u0107a tri dana poku\u0161avali prona\u0107i neovisnog patologa kako bi potvrdili svoje sumnje u vezi s pet kasnijih \u017ertava poba\u010daja, te su koordinirali s policijom da se tijela pokupe kako bi se istra\u017eila njihova smrt. Umjesto toga, Handy je 30. o\u017eujka uhitio FBI; policija je stigla tek nekoliko sati kasnije. Ona i devet drugih pro-life aktivista optu\u017eeni su po saveznim optu\u017ebama za navodno kr\u0161enje Zakona o slobodi pristupa ulazima u klinike (FACE) 2020. godine.<\/p>\n\n\n\n<h3 class=\"wp-block-heading\"><strong>Zahtijevaju istragu<\/strong><\/h3>\n\n\n\n<p>\u201cDanas sam solidarna s Lauren i jo\u0161 osmoricom optu\u017eenika, koji su suo\u010deni s strogim zatvorskim kaznama, jer su jednostavno \u017eeljeli za\u0161tititi \u017ertve nasilnog ugnjetavanja u klinici Santangelo\u201d, zaklju\u010dila je Bukovinac.<\/p>\n\n\n\n<p>\u201cI dok se ovi heroji nepravedno procesuiraju, Santangelo nastavlja ubijati bebe i iskori\u0161tavati njihove roditelje za profit, kao \u0161to je to \u010dinio desetlje\u0107ima. Ovo se mora zavr\u0161iti. Zahtijevamo da policija DC-a provede potpunu istragu o smrti ovih beba, uklju\u010duju\u0107i temeljite autopsije. Zahtijevamo da Ministarstvo pravosu\u0111a SAD-a procesuira Santangelo zbog kr\u0161enja Zakona o za\u0161titi \u017eivoro\u0111ene djece i Zakona o djelomi\u010dnom poba\u010daju pri ro\u0111enju. I sada to zahtijevamo. I u nastojanju da odr\u017eimo obe\u0107anje zvi\u017eda\u010du iz zaljeva Curtis, zahtijevamo ispravan pokop za preostale petero djece, nakon obdukcije.<\/p>\n\n\n\n<p>Pro-life Amerikanci ne\u0107e \u0161utjeti pred takvim agresivnim i barbarskim nasiljem, a mi \u0107emo marljivo raditi dok ameri\u010dka industrija za poba\u010daje ne bude potpuno razoru\u017eana i demontirana.\u201d<\/p>\n\n\n\n<p>Tijekom press konferencije, Lauren Handy je dala emotivno svjedo\u010danstvo. \u201cObe\u0107ala sam sprovod i ukop\u201d, rekla je. \u201cMoja je \u017eelja od po\u010detka, od 25. o\u017eujka, osigurati da se dostojanstvo ove djece po\u0161tuje.\u201d Objasnila je da su petero starijih beba, po imenu Phoenix, Harriet, Christopher X, Angel i Holly, bile \u017ertve nasilnih federalnih zlo\u010dina, \u0161to su zaklju\u010dili iz njihovih rana. Dogovorili su da vje\u0161tak pokupi tijela. Zbog sumnje u zlo\u010dine, odlu\u010dile su s javnosti podijeliti fotografije:<\/p>\n\n\n\n<p>\u201cSmatramo da je pravo ovih \u017ertava da se ispri\u010da njihova potpuna pri\u010da. To zna\u010di pokazati stvarnost onoga \u0161to im je poba\u010daj u\u010dinio.\u201d<\/p>\n\n\n\n<h3 class=\"wp-block-heading\"><strong>\u0160to je Curtis Energy namjeravao u\u010diniti s tijelima?<\/strong><\/h3>\n\n\n\n<p>Pro-life aktivistica Missy Smith rekla je da Curtis Bay Energy navodno spaljuje tijela poba\u010denih beba kako bi stvorila toplinsku energiju za Baltimore.<\/p>\n\n\n\n<p>\u201cTo zna\u010di, tragi\u010dno, da oni primaju, prenose i spaljuju le\u0161eve poba\u010denih beba kako bi napravili struju za ku\u0107anstva i tvrtke u podru\u010dju Baltimorea\u201d, rekla je. \u201cAko \u017eivite u podru\u010dju Baltimora, morate znati da su poba\u010dene bebe spaljivane kako biste imali svjetlo i toplu ku\u0107u.&nbsp; Pozivamo Curtis Bay Energy da prekine ovu barbarsku praksu i javno potvr\u0111ujemo da su to u\u010dinili.\u201d<\/p>\n\n\n\n<p>Curtis Bay Energy pori\u010de bilo kakvu umije\u0161anost u transport fetalnih ostataka ili njihovo kori\u0161tenje za proizvodnju struje.<\/p>\n\n\n\n<p>\u201c25. o\u017eujka, zaposlenik Curtis Baya preuzeo je tri paketa iz Washington Surgery Center (Washington Surgi Clinic) i sve ih isporu\u010dio u postrojenje za spaljivanje u Curtis Bayu. Zaposlenik Curtis Baya niti u jednom trenutku nije predao bilo koji od ovih paketa PAAU-u ili drugoj tre\u0107oj strani, a sve druge tvrdnje su la\u017ene\u201d, stoji u priop\u0107enju tvrtke.<\/p>\n\n\n\n<h3 class=\"wp-block-heading\"><strong>Mo\u017eda ne znaju<\/strong><\/h3>\n\n\n\n<p>\u201cKao \u0161to je navedeno u ugovorima s klijentima i u politici tvrtke, klijentima poput Washington Surgi Clinic zabranjeno je odlaganje fetusa i ljudskih ostataka putem usluga Curtis Baya. Curtis Bay svojim klijentima osigurava vre\u0107ice i kutije za medicinski otpad za kori\u0161tenje na na\u010din koji je u skladu s primjenjivim zakonom, ugovorima s klijentima i politikom tvrtke. Curtis Bay nastavlja u potpunosti sura\u0111ivati \u200b\u200bs policijom.\u201d<\/p>\n\n\n\n<p>Na konferenciji za novinare Bukovinac je posebno odgovorila na izjavu Curtis Baya.<\/p>\n\n\n\n<p>\u201cKada smo razgovarali s voza\u010dem, on je rekao da je ve\u0107 skenirao kutije u njima, a to je bilo neposredno prije nego \u0161to je upitao: \u2018\u0160to bi u\u010dinili s njima?\u2019, rekla je. \u201cDakle, nisam sigurna la\u017ee li Curtis Bay. Prema na\u0161em opa\u017eanju, bile su samo dvije kutije, ali mogu\u0107e je da je jednu utovario u kamion prije nego \u0161to smo mi stigli. I definitivno je mogu\u0107e da ne znaju \u0161to se nalazi unutar kutije. Mogu\u0107e je da je Santangelo prekr\u0161io ugovor s Curtis Bayom, stavljaju\u0107i ove bebe u ovu kutiju. Ali jedan od njih je u krivu. Jedan od njih mora odgovarati.\u201d<\/p>\n\n\n\n<h3 class=\"wp-block-heading\"><strong>Slu\u010daj u Hrvatskoj<\/strong><\/h3>\n\n\n\n<p>U Hrvatskoj pak ovih dana medijski prostor puni slu\u010daj Mirele \u010cavajde koja tvrdi da joj je onemogu\u0107en postupak feticida, te da zato mora u Sloveniju.<\/p>\n\n\n\n<p>\u201cPacijentica Mirela \u010cavajda nije odbijena u Petrovoj bolnici ve\u0107 njezina \u017eelja da izvr\u0161i prekid trudno\u0107e na odre\u0111eni na\u010din, koji se u ovom trenutku u Hrvatskoj ne radi\u201d \u2013 rekao je u \u010detvrtak ministar zdravstva Vili Bero\u0161.<\/p>\n\n\n\n<p>Izjavio je to nakon \u0161to su se Mirela \u010cavajda i njena obitelji odlu\u010dili obratiti klini\u010dkoj bolnici u Ljubljani radi feticida. Kako su mediji prenijeli izjavu njene odvjetnice, \u201cMirela \u010cavajda u&nbsp; obratila zagreba\u010dkoj Petrovoj bolnici gdje su joj rekli kako joj nisu u mogu\u0107nosti pru\u017eiti zdravstvenu skrb sukladno odluci drugostupanjske komisije. S obzirom na hitnost situacije u kojoj se nalazi, Mirela i njena obitelj odlu\u010dili su se, radi postupka \u2018prekida trudno\u0107e\u2019, obratiti klini\u010dkoj bolnici u Ljubljani.\u201d<\/p>\n\n\n\n<h3 class=\"wp-block-heading\"><strong>Informirali je specijalisti<\/strong><\/h3>\n\n\n\n<p>Nakon ove izjave, prenosi N1, javili su se iz Klini\u010dkog bolni\u010dkog centra (KBC) Zagreb te objasnili da su trudnicu Mirelu \u010cavajdu, kojoj je drugostupanjska komisija odobrila prekid trudno\u0107e, informirali o na\u010dinu prekida trudno\u0107e koji je mogu\u0107e u\u010diniti u Petrovoj bolnici, no ona je to odbila.<\/p>\n\n\n\n<p>\u201cOd lije\u010dnika, i to specijaliste ginekologije i opstetricije i specijaliste pedijatra s u\u017eom specijalizacijom iz neonatologije, \u010cavajda je dobila informacije vezane uz na\u010din prekida trudno\u0107e koji je mogu\u0107e u\u010diniti u Klinici za \u017eenske bolesti i porode KBC-a Zagreb (indukcija prijevremenog poro\u0111aja) \u0161to je gospo\u0111a \u010cavajda u ovom trenutku odbila\u201d, isti\u010du iz KBC-a Zagreb, javlja N1.<\/p>\n\n\n\n<p>Ministar zdravstva Vili Bero\u0161 rekao je kako pacijentica Mirela \u010cavajda nije odbijena u Petrovoj bolnici ve\u0107 njezina \u017eelja da izvr\u0161i prekid trudno\u0107e na odre\u0111eni na\u010din, koji se u ovom trenutku u Hrvatskoj ne radi.<\/p>\n\n\n\n<p><em>Izvor: narod.hr\/liveaction.org<\/em><\/p>\n","protected":false},"excerpt":{"rendered":"<p>Dok su u Hrvatskoj prosvjedovali tra\u017ee\u0107i da se podr\u017ei feticid djeteta, stra\u0161an slu\u010daj iz SAD-a, o kojem se u toj zemlji pri\u010da od o\u017eujka ove godine, jasno pokazuje svu strahotu tog zahvata. U nastavku su uznemiruju\u0107e snimke iz Sjedinjenih Dr\u017eava koje pokazuju kako izgledaju mrtva nero\u0111ena djeca na kojima je napravljen feticid, odnosno usmr\u0107ivanje u [&hellip;]<\/p>\n","protected":false},"author":2,"featured_media":143416,"comment_status":"closed","ping_status":"closed","sticky":false,"template":"","format":"standard","meta":{"h5ap_radio_sources":[],"footnotes":""},"categories":[1],"tags":[],"class_list":["post-143415","post","type-post","status-publish","format-standard","has-post-thumbnail","hentry","category-bihiregija"],"yoast_head":"<!-- This site is optimized with the Yoast SEO plugin v27.5 - https:\/\/yoast.com\/product\/yoast-seo-wordpress\/ -->\n<title>Uznemiruju\u0107e snimke: U kutiji otkriveno 115 mrtvih beba, od kojih je pet usmr\u0107eno u visokom stupnju trudno\u0107e - RADIO LJUBU\u0160KI<\/title>\n<meta name=\"robots\" content=\"index, follow, max-snippet:-1, max-image-preview:large, max-video-preview:-1\" \/>\n<link rel=\"canonical\" href=\"https:\/\/radioljubuski.ba\/index.php\/2022\/05\/23\/uznemirujuce-snimke-u-kutiji-otkriveno-115-mrtvih-beba-od-kojih-je-pet-usmrceno-u-visokom-stupnju-trudnoce\/\" \/>\n<meta property=\"og:locale\" content=\"hr_HR\" \/>\n<meta property=\"og:type\" content=\"article\" \/>\n<meta property=\"og:title\" content=\"Uznemiruju\u0107e snimke: U kutiji otkriveno 115 mrtvih beba, od kojih je pet usmr\u0107eno u visokom stupnju trudno\u0107e - RADIO LJUBU\u0160KI\" \/>\n<meta property=\"og:description\" content=\"Dok su u Hrvatskoj prosvjedovali tra\u017ee\u0107i da se podr\u017ei feticid djeteta, stra\u0161an slu\u010daj iz SAD-a, o kojem se u toj zemlji pri\u010da od o\u017eujka ove godine, jasno pokazuje svu strahotu tog zahvata. U nastavku su uznemiruju\u0107e snimke iz Sjedinjenih Dr\u017eava koje pokazuju kako izgledaju mrtva nero\u0111ena djeca na kojima je napravljen feticid, odnosno usmr\u0107ivanje u [&hellip;]\" \/>\n<meta property=\"og:url\" content=\"https:\/\/radioljubuski.ba\/index.php\/2022\/05\/23\/uznemirujuce-snimke-u-kutiji-otkriveno-115-mrtvih-beba-od-kojih-je-pet-usmrceno-u-visokom-stupnju-trudnoce\/\" \/>\n<meta property=\"og:site_name\" content=\"RADIO LJUBU\u0160KI\" \/>\n<meta property=\"article:publisher\" content=\"https:\/\/www.facebook.com\/Radiio-Ljubuski-1490835324566332\" \/>\n<meta property=\"article:published_time\" content=\"2022-05-23T13:12:16+00:00\" \/>\n<meta property=\"article:modified_time\" content=\"2022-05-23T13:12:17+00:00\" \/>\n<meta property=\"og:image\" content=\"https:\/\/radioljubuski.ba\/wp-content\/uploads\/2022\/05\/slucaj-u-Americi1-696x329-1.jpg\" \/>\n\t<meta property=\"og:image:width\" content=\"696\" \/>\n\t<meta property=\"og:image:height\" content=\"329\" \/>\n\t<meta property=\"og:image:type\" content=\"image\/jpeg\" \/>\n<meta name=\"author\" content=\"Radio Ljubu\u0161ki\" \/>\n<meta name=\"twitter:card\" content=\"summary_large_image\" \/>\n<meta name=\"twitter:creator\" content=\"@radioljubuski\" \/>\n<meta name=\"twitter:site\" content=\"@radioljubuski\" \/>\n<meta name=\"twitter:label1\" content=\"Napisao\/la\" \/>\n\t<meta name=\"twitter:data1\" content=\"Radio Ljubu\u0161ki\" \/>\n\t<meta name=\"twitter:label2\" content=\"Procijenjeno vrijeme \u010ditanja\" \/>\n\t<meta name=\"twitter:data2\" content=\"8 minuta\" \/>\n<script type=\"application\/ld+json\" class=\"yoast-schema-graph\">{\"@context\":\"https:\\\/\\\/schema.org\",\"@graph\":[{\"@type\":\"Article\",\"@id\":\"https:\\\/\\\/radioljubuski.ba\\\/index.php\\\/2022\\\/05\\\/23\\\/uznemirujuce-snimke-u-kutiji-otkriveno-115-mrtvih-beba-od-kojih-je-pet-usmrceno-u-visokom-stupnju-trudnoce\\\/#article\",\"isPartOf\":{\"@id\":\"https:\\\/\\\/radioljubuski.ba\\\/index.php\\\/2022\\\/05\\\/23\\\/uznemirujuce-snimke-u-kutiji-otkriveno-115-mrtvih-beba-od-kojih-je-pet-usmrceno-u-visokom-stupnju-trudnoce\\\/\"},\"author\":{\"name\":\"Radio Ljubu\u0161ki\",\"@id\":\"https:\\\/\\\/radioljubuski.ba\\\/#\\\/schema\\\/person\\\/19fc700381a780f69665d7956c469e3b\"},\"headline\":\"Uznemiruju\u0107e snimke: U kutiji otkriveno 115 mrtvih beba, od kojih je pet usmr\u0107eno u visokom stupnju trudno\u0107e\",\"datePublished\":\"2022-05-23T13:12:16+00:00\",\"dateModified\":\"2022-05-23T13:12:17+00:00\",\"mainEntityOfPage\":{\"@id\":\"https:\\\/\\\/radioljubuski.ba\\\/index.php\\\/2022\\\/05\\\/23\\\/uznemirujuce-snimke-u-kutiji-otkriveno-115-mrtvih-beba-od-kojih-je-pet-usmrceno-u-visokom-stupnju-trudnoce\\\/\"},\"wordCount\":1900,\"publisher\":{\"@id\":\"https:\\\/\\\/radioljubuski.ba\\\/#organization\"},\"image\":{\"@id\":\"https:\\\/\\\/radioljubuski.ba\\\/index.php\\\/2022\\\/05\\\/23\\\/uznemirujuce-snimke-u-kutiji-otkriveno-115-mrtvih-beba-od-kojih-je-pet-usmrceno-u-visokom-stupnju-trudnoce\\\/#primaryimage\"},\"thumbnailUrl\":\"https:\\\/\\\/radioljubuski.ba\\\/wp-content\\\/uploads\\\/2022\\\/05\\\/slucaj-u-Americi1-696x329-1.jpg\",\"articleSection\":[\"BIH i regija\"],\"inLanguage\":\"hr\"},{\"@type\":\"WebPage\",\"@id\":\"https:\\\/\\\/radioljubuski.ba\\\/index.php\\\/2022\\\/05\\\/23\\\/uznemirujuce-snimke-u-kutiji-otkriveno-115-mrtvih-beba-od-kojih-je-pet-usmrceno-u-visokom-stupnju-trudnoce\\\/\",\"url\":\"https:\\\/\\\/radioljubuski.ba\\\/index.php\\\/2022\\\/05\\\/23\\\/uznemirujuce-snimke-u-kutiji-otkriveno-115-mrtvih-beba-od-kojih-je-pet-usmrceno-u-visokom-stupnju-trudnoce\\\/\",\"name\":\"Uznemiruju\u0107e snimke: U kutiji otkriveno 115 mrtvih beba, od kojih je pet usmr\u0107eno u visokom stupnju trudno\u0107e - RADIO LJUBU\u0160KI\",\"isPartOf\":{\"@id\":\"https:\\\/\\\/radioljubuski.ba\\\/#website\"},\"primaryImageOfPage\":{\"@id\":\"https:\\\/\\\/radioljubuski.ba\\\/index.php\\\/2022\\\/05\\\/23\\\/uznemirujuce-snimke-u-kutiji-otkriveno-115-mrtvih-beba-od-kojih-je-pet-usmrceno-u-visokom-stupnju-trudnoce\\\/#primaryimage\"},\"image\":{\"@id\":\"https:\\\/\\\/radioljubuski.ba\\\/index.php\\\/2022\\\/05\\\/23\\\/uznemirujuce-snimke-u-kutiji-otkriveno-115-mrtvih-beba-od-kojih-je-pet-usmrceno-u-visokom-stupnju-trudnoce\\\/#primaryimage\"},\"thumbnailUrl\":\"https:\\\/\\\/radioljubuski.ba\\\/wp-content\\\/uploads\\\/2022\\\/05\\\/slucaj-u-Americi1-696x329-1.jpg\",\"datePublished\":\"2022-05-23T13:12:16+00:00\",\"dateModified\":\"2022-05-23T13:12:17+00:00\",\"breadcrumb\":{\"@id\":\"https:\\\/\\\/radioljubuski.ba\\\/index.php\\\/2022\\\/05\\\/23\\\/uznemirujuce-snimke-u-kutiji-otkriveno-115-mrtvih-beba-od-kojih-je-pet-usmrceno-u-visokom-stupnju-trudnoce\\\/#breadcrumb\"},\"inLanguage\":\"hr\",\"potentialAction\":[{\"@type\":\"ReadAction\",\"target\":[\"https:\\\/\\\/radioljubuski.ba\\\/index.php\\\/2022\\\/05\\\/23\\\/uznemirujuce-snimke-u-kutiji-otkriveno-115-mrtvih-beba-od-kojih-je-pet-usmrceno-u-visokom-stupnju-trudnoce\\\/\"]}]},{\"@type\":\"ImageObject\",\"inLanguage\":\"hr\",\"@id\":\"https:\\\/\\\/radioljubuski.ba\\\/index.php\\\/2022\\\/05\\\/23\\\/uznemirujuce-snimke-u-kutiji-otkriveno-115-mrtvih-beba-od-kojih-je-pet-usmrceno-u-visokom-stupnju-trudnoce\\\/#primaryimage\",\"url\":\"https:\\\/\\\/radioljubuski.ba\\\/wp-content\\\/uploads\\\/2022\\\/05\\\/slucaj-u-Americi1-696x329-1.jpg\",\"contentUrl\":\"https:\\\/\\\/radioljubuski.ba\\\/wp-content\\\/uploads\\\/2022\\\/05\\\/slucaj-u-Americi1-696x329-1.jpg\",\"width\":696,\"height\":329},{\"@type\":\"BreadcrumbList\",\"@id\":\"https:\\\/\\\/radioljubuski.ba\\\/index.php\\\/2022\\\/05\\\/23\\\/uznemirujuce-snimke-u-kutiji-otkriveno-115-mrtvih-beba-od-kojih-je-pet-usmrceno-u-visokom-stupnju-trudnoce\\\/#breadcrumb\",\"itemListElement\":[{\"@type\":\"ListItem\",\"position\":1,\"name\":\"Po\u010detna stranica\",\"item\":\"https:\\\/\\\/radioljubuski.ba\\\/\"},{\"@type\":\"ListItem\",\"position\":2,\"name\":\"Uznemiruju\u0107e snimke: U kutiji otkriveno 115 mrtvih beba, od kojih je pet usmr\u0107eno u visokom stupnju trudno\u0107e\"}]},{\"@type\":\"WebSite\",\"@id\":\"https:\\\/\\\/radioljubuski.ba\\\/#website\",\"url\":\"https:\\\/\\\/radioljubuski.ba\\\/\",\"name\":\"Radio Ljubu\u0161ki\",\"description\":\"Sun\u010dana frekvencija Hercegovine\",\"publisher\":{\"@id\":\"https:\\\/\\\/radioljubuski.ba\\\/#organization\"},\"potentialAction\":[{\"@type\":\"SearchAction\",\"target\":{\"@type\":\"EntryPoint\",\"urlTemplate\":\"https:\\\/\\\/radioljubuski.ba\\\/?s={search_term_string}\"},\"query-input\":{\"@type\":\"PropertyValueSpecification\",\"valueRequired\":true,\"valueName\":\"search_term_string\"}}],\"inLanguage\":\"hr\"},{\"@type\":\"Organization\",\"@id\":\"https:\\\/\\\/radioljubuski.ba\\\/#organization\",\"name\":\"Radio Ljubu\u0161ki\",\"url\":\"https:\\\/\\\/radioljubuski.ba\\\/\",\"logo\":{\"@type\":\"ImageObject\",\"inLanguage\":\"hr\",\"@id\":\"https:\\\/\\\/radioljubuski.ba\\\/#\\\/schema\\\/logo\\\/image\\\/\",\"url\":\"https:\\\/\\\/radioljubuski.ba\\\/wp-content\\\/uploads\\\/2021\\\/02\\\/cropped-Radio_Ljubuski_logo1.jpg\",\"contentUrl\":\"https:\\\/\\\/radioljubuski.ba\\\/wp-content\\\/uploads\\\/2021\\\/02\\\/cropped-Radio_Ljubuski_logo1.jpg\",\"width\":512,\"height\":512,\"caption\":\"Radio Ljubu\u0161ki\"},\"image\":{\"@id\":\"https:\\\/\\\/radioljubuski.ba\\\/#\\\/schema\\\/logo\\\/image\\\/\"},\"sameAs\":[\"https:\\\/\\\/www.facebook.com\\\/Radiio-Ljubuski-1490835324566332\",\"https:\\\/\\\/x.com\\\/radioljubuski\",\"https:\\\/\\\/hr.linkedin.com\\\/company\\\/radio-ljubuski\",\"https:\\\/\\\/www.youtube.com\\\/channel\\\/UCHYaeO_n0Db3tjNGudGpXyw\"]},{\"@type\":\"Person\",\"@id\":\"https:\\\/\\\/radioljubuski.ba\\\/#\\\/schema\\\/person\\\/19fc700381a780f69665d7956c469e3b\",\"name\":\"Radio Ljubu\u0161ki\"}]}<\/script>\n<!-- \/ Yoast SEO plugin. -->","yoast_head_json":{"title":"Uznemiruju\u0107e snimke: U kutiji otkriveno 115 mrtvih beba, od kojih je pet usmr\u0107eno u visokom stupnju trudno\u0107e - RADIO LJUBU\u0160KI","robots":{"index":"index","follow":"follow","max-snippet":"max-snippet:-1","max-image-preview":"max-image-preview:large","max-video-preview":"max-video-preview:-1"},"canonical":"https:\/\/radioljubuski.ba\/index.php\/2022\/05\/23\/uznemirujuce-snimke-u-kutiji-otkriveno-115-mrtvih-beba-od-kojih-je-pet-usmrceno-u-visokom-stupnju-trudnoce\/","og_locale":"hr_HR","og_type":"article","og_title":"Uznemiruju\u0107e snimke: U kutiji otkriveno 115 mrtvih beba, od kojih je pet usmr\u0107eno u visokom stupnju trudno\u0107e - RADIO LJUBU\u0160KI","og_description":"Dok su u Hrvatskoj prosvjedovali tra\u017ee\u0107i da se podr\u017ei feticid djeteta, stra\u0161an slu\u010daj iz SAD-a, o kojem se u toj zemlji pri\u010da od o\u017eujka ove godine, jasno pokazuje svu strahotu tog zahvata. U nastavku su uznemiruju\u0107e snimke iz Sjedinjenih Dr\u017eava koje pokazuju kako izgledaju mrtva nero\u0111ena djeca na kojima je napravljen feticid, odnosno usmr\u0107ivanje u [&hellip;]","og_url":"https:\/\/radioljubuski.ba\/index.php\/2022\/05\/23\/uznemirujuce-snimke-u-kutiji-otkriveno-115-mrtvih-beba-od-kojih-je-pet-usmrceno-u-visokom-stupnju-trudnoce\/","og_site_name":"RADIO LJUBU\u0160KI","article_publisher":"https:\/\/www.facebook.com\/Radiio-Ljubuski-1490835324566332","article_published_time":"2022-05-23T13:12:16+00:00","article_modified_time":"2022-05-23T13:12:17+00:00","og_image":[{"width":696,"height":329,"url":"https:\/\/radioljubuski.ba\/wp-content\/uploads\/2022\/05\/slucaj-u-Americi1-696x329-1.jpg","type":"image\/jpeg"}],"author":"Radio Ljubu\u0161ki","twitter_card":"summary_large_image","twitter_creator":"@radioljubuski","twitter_site":"@radioljubuski","twitter_misc":{"Napisao\/la":"Radio Ljubu\u0161ki","Procijenjeno vrijeme \u010ditanja":"8 minuta"},"schema":{"@context":"https:\/\/schema.org","@graph":[{"@type":"Article","@id":"https:\/\/radioljubuski.ba\/index.php\/2022\/05\/23\/uznemirujuce-snimke-u-kutiji-otkriveno-115-mrtvih-beba-od-kojih-je-pet-usmrceno-u-visokom-stupnju-trudnoce\/#article","isPartOf":{"@id":"https:\/\/radioljubuski.ba\/index.php\/2022\/05\/23\/uznemirujuce-snimke-u-kutiji-otkriveno-115-mrtvih-beba-od-kojih-je-pet-usmrceno-u-visokom-stupnju-trudnoce\/"},"author":{"name":"Radio Ljubu\u0161ki","@id":"https:\/\/radioljubuski.ba\/#\/schema\/person\/19fc700381a780f69665d7956c469e3b"},"headline":"Uznemiruju\u0107e snimke: U kutiji otkriveno 115 mrtvih beba, od kojih je pet usmr\u0107eno u visokom stupnju trudno\u0107e","datePublished":"2022-05-23T13:12:16+00:00","dateModified":"2022-05-23T13:12:17+00:00","mainEntityOfPage":{"@id":"https:\/\/radioljubuski.ba\/index.php\/2022\/05\/23\/uznemirujuce-snimke-u-kutiji-otkriveno-115-mrtvih-beba-od-kojih-je-pet-usmrceno-u-visokom-stupnju-trudnoce\/"},"wordCount":1900,"publisher":{"@id":"https:\/\/radioljubuski.ba\/#organization"},"image":{"@id":"https:\/\/radioljubuski.ba\/index.php\/2022\/05\/23\/uznemirujuce-snimke-u-kutiji-otkriveno-115-mrtvih-beba-od-kojih-je-pet-usmrceno-u-visokom-stupnju-trudnoce\/#primaryimage"},"thumbnailUrl":"https:\/\/radioljubuski.ba\/wp-content\/uploads\/2022\/05\/slucaj-u-Americi1-696x329-1.jpg","articleSection":["BIH i regija"],"inLanguage":"hr"},{"@type":"WebPage","@id":"https:\/\/radioljubuski.ba\/index.php\/2022\/05\/23\/uznemirujuce-snimke-u-kutiji-otkriveno-115-mrtvih-beba-od-kojih-je-pet-usmrceno-u-visokom-stupnju-trudnoce\/","url":"https:\/\/radioljubuski.ba\/index.php\/2022\/05\/23\/uznemirujuce-snimke-u-kutiji-otkriveno-115-mrtvih-beba-od-kojih-je-pet-usmrceno-u-visokom-stupnju-trudnoce\/","name":"Uznemiruju\u0107e snimke: U kutiji otkriveno 115 mrtvih beba, od kojih je pet usmr\u0107eno u visokom stupnju trudno\u0107e - RADIO LJUBU\u0160KI","isPartOf":{"@id":"https:\/\/radioljubuski.ba\/#website"},"primaryImageOfPage":{"@id":"https:\/\/radioljubuski.ba\/index.php\/2022\/05\/23\/uznemirujuce-snimke-u-kutiji-otkriveno-115-mrtvih-beba-od-kojih-je-pet-usmrceno-u-visokom-stupnju-trudnoce\/#primaryimage"},"image":{"@id":"https:\/\/radioljubuski.ba\/index.php\/2022\/05\/23\/uznemirujuce-snimke-u-kutiji-otkriveno-115-mrtvih-beba-od-kojih-je-pet-usmrceno-u-visokom-stupnju-trudnoce\/#primaryimage"},"thumbnailUrl":"https:\/\/radioljubuski.ba\/wp-content\/uploads\/2022\/05\/slucaj-u-Americi1-696x329-1.jpg","datePublished":"2022-05-23T13:12:16+00:00","dateModified":"2022-05-23T13:12:17+00:00","breadcrumb":{"@id":"https:\/\/radioljubuski.ba\/index.php\/2022\/05\/23\/uznemirujuce-snimke-u-kutiji-otkriveno-115-mrtvih-beba-od-kojih-je-pet-usmrceno-u-visokom-stupnju-trudnoce\/#breadcrumb"},"inLanguage":"hr","potentialAction":[{"@type":"ReadAction","target":["https:\/\/radioljubuski.ba\/index.php\/2022\/05\/23\/uznemirujuce-snimke-u-kutiji-otkriveno-115-mrtvih-beba-od-kojih-je-pet-usmrceno-u-visokom-stupnju-trudnoce\/"]}]},{"@type":"ImageObject","inLanguage":"hr","@id":"https:\/\/radioljubuski.ba\/index.php\/2022\/05\/23\/uznemirujuce-snimke-u-kutiji-otkriveno-115-mrtvih-beba-od-kojih-je-pet-usmrceno-u-visokom-stupnju-trudnoce\/#primaryimage","url":"https:\/\/radioljubuski.ba\/wp-content\/uploads\/2022\/05\/slucaj-u-Americi1-696x329-1.jpg","contentUrl":"https:\/\/radioljubuski.ba\/wp-content\/uploads\/2022\/05\/slucaj-u-Americi1-696x329-1.jpg","width":696,"height":329},{"@type":"BreadcrumbList","@id":"https:\/\/radioljubuski.ba\/index.php\/2022\/05\/23\/uznemirujuce-snimke-u-kutiji-otkriveno-115-mrtvih-beba-od-kojih-je-pet-usmrceno-u-visokom-stupnju-trudnoce\/#breadcrumb","itemListElement":[{"@type":"ListItem","position":1,"name":"Po\u010detna stranica","item":"https:\/\/radioljubuski.ba\/"},{"@type":"ListItem","position":2,"name":"Uznemiruju\u0107e snimke: U kutiji otkriveno 115 mrtvih beba, od kojih je pet usmr\u0107eno u visokom stupnju trudno\u0107e"}]},{"@type":"WebSite","@id":"https:\/\/radioljubuski.ba\/#website","url":"https:\/\/radioljubuski.ba\/","name":"Radio Ljubu\u0161ki","description":"Sun\u010dana frekvencija Hercegovine","publisher":{"@id":"https:\/\/radioljubuski.ba\/#organization"},"potentialAction":[{"@type":"SearchAction","target":{"@type":"EntryPoint","urlTemplate":"https:\/\/radioljubuski.ba\/?s={search_term_string}"},"query-input":{"@type":"PropertyValueSpecification","valueRequired":true,"valueName":"search_term_string"}}],"inLanguage":"hr"},{"@type":"Organization","@id":"https:\/\/radioljubuski.ba\/#organization","name":"Radio Ljubu\u0161ki","url":"https:\/\/radioljubuski.ba\/","logo":{"@type":"ImageObject","inLanguage":"hr","@id":"https:\/\/radioljubuski.ba\/#\/schema\/logo\/image\/","url":"https:\/\/radioljubuski.ba\/wp-content\/uploads\/2021\/02\/cropped-Radio_Ljubuski_logo1.jpg","contentUrl":"https:\/\/radioljubuski.ba\/wp-content\/uploads\/2021\/02\/cropped-Radio_Ljubuski_logo1.jpg","width":512,"height":512,"caption":"Radio Ljubu\u0161ki"},"image":{"@id":"https:\/\/radioljubuski.ba\/#\/schema\/logo\/image\/"},"sameAs":["https:\/\/www.facebook.com\/Radiio-Ljubuski-1490835324566332","https:\/\/x.com\/radioljubuski","https:\/\/hr.linkedin.com\/company\/radio-ljubuski","https:\/\/www.youtube.com\/channel\/UCHYaeO_n0Db3tjNGudGpXyw"]},{"@type":"Person","@id":"https:\/\/radioljubuski.ba\/#\/schema\/person\/19fc700381a780f69665d7956c469e3b","name":"Radio Ljubu\u0161ki"}]}},"_links":{"self":[{"href":"https:\/\/radioljubuski.ba\/index.php\/wp-json\/wp\/v2\/posts\/143415","targetHints":{"allow":["GET"]}}],"collection":[{"href":"https:\/\/radioljubuski.ba\/index.php\/wp-json\/wp\/v2\/posts"}],"about":[{"href":"https:\/\/radioljubuski.ba\/index.php\/wp-json\/wp\/v2\/types\/post"}],"author":[{"embeddable":true,"href":"https:\/\/radioljubuski.ba\/index.php\/wp-json\/wp\/v2\/users\/2"}],"replies":[{"embeddable":true,"href":"https:\/\/radioljubuski.ba\/index.php\/wp-json\/wp\/v2\/comments?post=143415"}],"version-history":[{"count":1,"href":"https:\/\/radioljubuski.ba\/index.php\/wp-json\/wp\/v2\/posts\/143415\/revisions"}],"predecessor-version":[{"id":143417,"href":"https:\/\/radioljubuski.ba\/index.php\/wp-json\/wp\/v2\/posts\/143415\/revisions\/143417"}],"wp:featuredmedia":[{"embeddable":true,"href":"https:\/\/radioljubuski.ba\/index.php\/wp-json\/wp\/v2\/media\/143416"}],"wp:attachment":[{"href":"https:\/\/radioljubuski.ba\/index.php\/wp-json\/wp\/v2\/media?parent=143415"}],"wp:term":[{"taxonomy":"category","embeddable":true,"href":"https:\/\/radioljubuski.ba\/index.php\/wp-json\/wp\/v2\/categories?post=143415"},{"taxonomy":"post_tag","embeddable":true,"href":"https:\/\/radioljubuski.ba\/index.php\/wp-json\/wp\/v2\/tags?post=143415"}],"curies":[{"name":"wp","href":"https:\/\/api.w.org\/{rel}","templated":true}]}}