{"id":143421,"date":"2022-05-23T14:16:01","date_gmt":"2022-05-23T13:16:01","guid":{"rendered":"https:\/\/radioljubuski.ba\/?p=143421"},"modified":"2022-05-23T14:16:03","modified_gmt":"2022-05-23T13:16:03","slug":"prijatelji-mateja-perisa-pripremaju-veliki-oprostaj-zelimo-ga-dostojanstveno-ispratiti","status":"publish","type":"post","link":"https:\/\/radioljubuski.ba\/index.php\/2022\/05\/23\/prijatelji-mateja-perisa-pripremaju-veliki-oprostaj-zelimo-ga-dostojanstveno-ispratiti\/","title":{"rendered":"Prijatelji Mateja Peri\u0161a pripremaju veliki opro\u0161taj: \u2018\u017delimo ga dostojanstveno ispratiti\u2019"},"content":{"rendered":"\n<p>Prijatelji nesretno preminulog Mateja Peri\u0161a (27) u Splitu u ponedjeljak nave\u010der pripremaju veliki opro\u0161taj. Kako su rekli za <a href=\"https:\/\/slobodnadalmacija.hr\/split\/prijatelji-mateja-perisa-sutra-navecer-spremaju-veliki-oprostaj-od-mladica-koji-je-ujedinuo-regiju-splicani-dodite-na-rivu-mateju-u-cast-da-se-na-simbolican-nacin-oprostimo-od-njega-on-bi-to-volio-1194735\">Slobodnu Dalmaciju<\/a>, nakon \u0161to sunce za\u0111e, pripremaju napraviti \u0161palir s brodicama u blizini splitske Trajektne luke. Tako\u0111er i trajekti koji \u0107e se u tom trenutku zate\u0107i u blizini trebali bi zatrubiti u spomen na Mateja, koji je ina\u010de radio kao skiper.<\/p>\n\n\n\n<h3 class=\"wp-block-heading\"><strong>\u201c\u017delimo ga dostojanstveno ispratiti\u201d<\/strong><\/h3>\n\n\n\n<p>\u2013 Osjetili smo da to trebamo napraviti, a sigurni smo da bi i on to volio nakon tisu\u0107a i tisu\u0107a poruka i lijepih rije\u010di koje su mu na dru\u0161tvenim mre\u017eama ostavljali njegovi Spli\u0107ani, kao i gra\u0111ani diljem zemalja regije. Svatko tko \u017eeli neka nave\u010der do\u0111e u grad. \u017delimo ga dostojanstveno ispratiti, u nadi da \u0107e zauvijek biti tu me\u0111u nama i gledati nas s nekog boljeg i ljep\u0161eg mjesta. Hvala mu \u0161to je bio prijatelj kakvog smo samo po\u017eeljeti mogli. Nitko od nas nikad ga ne\u0107e zaboraviti \u2013 rekao je jedan od prijatelja Mateja Peri\u0161a.<\/p>\n\n\n\n<p>Njegov otac Nenad Peri\u0161 zamolio je medije i javnost da se suzdr\u017ee od dolaska na pogreb njihovog voljenog sina i brata.<\/p>\n\n\n\n<p>\u2013 Po\u0161tovani novinari i snimatelji jo\u0161 jednom vam se zahvaljujem na suosje\u0107anju i korektnom pra\u0107enju ovog slu\u010daja, ali vas jo\u0161 jednom molim da se zbog iznimno te\u0161kih trenutaka za mene i moju obitelj suzdr\u017eite od bilo kakve medijske pozornosti sahrane na\u0161eg Mateja, te doga\u0111aja uz sahranu. Znam da \u0107ete shvatiti moju molbu te vam se zbog toga u svoje ime i u ime svoje obitelji zahvaljujem \u2013 rekao je Nenad Peri\u0161.<\/p>\n\n\n\n<p>Spli\u0107anin Matej Peri\u0161 pokopan je u ponedjeljak, 23. svibnja, tijekom jutarnjih sati u svom rodnom Splitu na groblju Lovrinac.<\/p>\n\n\n\n<p>Na Lovrincu je u studenom pro\u0161le godine pokopan i Matejev najbolji prijatelj Ivor Aluni\u0107 koji je izgubio \u017eivot na motoru \u010demu je prisustvovao i pokojni Peri\u0161.<\/p>\n\n\n\n<h3 class=\"wp-block-heading\"><strong>MUP Srbije: DNK analiza potvrdila da je u Dunavu na\u0111eno tijelo Mateja Peri\u0161a<\/strong><\/h3>\n\n\n\n<p>Kako smo pisali, analiza DNK potvrdila je da je u Dunavu na\u0111eno tijelo Spli\u0107anina Mateja Peri\u0161a, priop\u0107io je u \u010detvrtak MUP Srbije poslije obdukcije u Institutu za sudsku medicinu.<\/p>\n\n\n\n<p>Ministarstvo je priop\u0107ilo da je \u201cDNK analizom tijela koje je prona\u0111eno u Dunavu, na Adi Huji, utvr\u0111eno da se radi o hrvatskom dr\u017eavljaninu Mateju Peri\u0161u (1994.) \u010diji je nestanak prijavljen policiji u Beogradu 31. prosinca pro\u0161le godine\u201d.<\/p>\n\n\n\n<p>\u201cPrema preliminarnom nalazu obdukcije smrt je nastupila nenasilnim putem\u201d, navedeno je u priop\u0107enju.<\/p>\n\n\n\n<p>Rezultati toksikolo\u0161ke analize bit \u0107e poznati za otprilike 20-ak dana.<\/p>\n\n\n\n<p>Podsjetimo, 27-godi\u0161njem Spli\u0107aninu, ekonomistu i biv\u0161em vaterpolistu koji je radio kao skiper izgubio se svaki trag u no\u0107i s 30. na 31. prosinca pro\u0161le godine u Beogradu. Tamo je, naime, stigao s prijateljima na novogodi\u0161nji do\u010dek.<\/p>\n\n\n\n<p>U no\u0107i izme\u0111u 30. i 31. prosinca pro\u0161le godine iza\u0161ao je sa svojim prijateljima u no\u0107ni provod. Na\u017ealost, izlazak pretvorio se u no\u0107nu moru, jer je Matej nestao.<\/p>\n\n\n\n<p>Pokrenuta je potraga, srbijanska je policija uz pomo\u0107 videonadzora i razgovora sa svjedocima uspjela otkriti kuda se Matej kretao od kada je iza\u0161ao iz kluba \u201cGotik\u201d, ali \u0161to se dogodilo nakon \u0161to je poslije gotovo 30 minuta tr\u010danja do\u0161ao do rijeke Save, jo\u0161 uvijek nije poznato.<\/p>\n\n\n\n<p><em>Izvor: narod.hr\/Slobodna Dalmacija<\/em><\/p>\n","protected":false},"excerpt":{"rendered":"<p>Prijatelji nesretno preminulog Mateja Peri\u0161a (27) u Splitu u ponedjeljak nave\u010der pripremaju veliki opro\u0161taj. Kako su rekli za Slobodnu Dalmaciju, nakon \u0161to sunce za\u0111e, pripremaju napraviti \u0161palir s brodicama u blizini splitske Trajektne luke. Tako\u0111er i trajekti koji \u0107e se u tom trenutku zate\u0107i u blizini trebali bi zatrubiti u spomen na Mateja, koji je [&hellip;]<\/p>\n","protected":false},"author":2,"featured_media":143422,"comment_status":"closed","ping_status":"closed","sticky":false,"template":"","format":"standard","meta":{"h5ap_radio_sources":[],"footnotes":""},"categories":[1],"tags":[],"class_list":["post-143421","post","type-post","status-publish","format-standard","has-post-thumbnail","hentry","category-bihiregija"],"yoast_head":"<!-- This site is optimized with the Yoast SEO plugin v27.5 - https:\/\/yoast.com\/product\/yoast-seo-wordpress\/ -->\n<title>Prijatelji Mateja Peri\u0161a pripremaju veliki opro\u0161taj: \u2018\u017delimo ga dostojanstveno ispratiti\u2019 - RADIO LJUBU\u0160KI<\/title>\n<meta name=\"robots\" content=\"index, follow, max-snippet:-1, max-image-preview:large, max-video-preview:-1\" \/>\n<link rel=\"canonical\" href=\"https:\/\/radioljubuski.ba\/index.php\/2022\/05\/23\/prijatelji-mateja-perisa-pripremaju-veliki-oprostaj-zelimo-ga-dostojanstveno-ispratiti\/\" \/>\n<meta property=\"og:locale\" content=\"hr_HR\" \/>\n<meta property=\"og:type\" content=\"article\" \/>\n<meta property=\"og:title\" content=\"Prijatelji Mateja Peri\u0161a pripremaju veliki opro\u0161taj: \u2018\u017delimo ga dostojanstveno ispratiti\u2019 - RADIO LJUBU\u0160KI\" \/>\n<meta property=\"og:description\" content=\"Prijatelji nesretno preminulog Mateja Peri\u0161a (27) u Splitu u ponedjeljak nave\u010der pripremaju veliki opro\u0161taj. Kako su rekli za Slobodnu Dalmaciju, nakon \u0161to sunce za\u0111e, pripremaju napraviti \u0161palir s brodicama u blizini splitske Trajektne luke. Tako\u0111er i trajekti koji \u0107e se u tom trenutku zate\u0107i u blizini trebali bi zatrubiti u spomen na Mateja, koji je [&hellip;]\" \/>\n<meta property=\"og:url\" content=\"https:\/\/radioljubuski.ba\/index.php\/2022\/05\/23\/prijatelji-mateja-perisa-pripremaju-veliki-oprostaj-zelimo-ga-dostojanstveno-ispratiti\/\" \/>\n<meta property=\"og:site_name\" content=\"RADIO LJUBU\u0160KI\" \/>\n<meta property=\"article:publisher\" content=\"https:\/\/www.facebook.com\/Radiio-Ljubuski-1490835324566332\" \/>\n<meta property=\"article:published_time\" content=\"2022-05-23T13:16:01+00:00\" \/>\n<meta property=\"article:modified_time\" content=\"2022-05-23T13:16:03+00:00\" \/>\n<meta property=\"og:image\" content=\"https:\/\/radioljubuski.ba\/wp-content\/uploads\/2022\/05\/matej-peris-696x464-1.jpg\" \/>\n\t<meta property=\"og:image:width\" content=\"696\" \/>\n\t<meta property=\"og:image:height\" content=\"464\" \/>\n\t<meta property=\"og:image:type\" content=\"image\/jpeg\" \/>\n<meta name=\"author\" content=\"Radio Ljubu\u0161ki\" \/>\n<meta name=\"twitter:card\" content=\"summary_large_image\" \/>\n<meta name=\"twitter:creator\" content=\"@radioljubuski\" \/>\n<meta name=\"twitter:site\" content=\"@radioljubuski\" \/>\n<meta name=\"twitter:label1\" content=\"Napisao\/la\" \/>\n\t<meta name=\"twitter:data1\" content=\"Radio Ljubu\u0161ki\" \/>\n\t<meta name=\"twitter:label2\" content=\"Procijenjeno vrijeme \u010ditanja\" \/>\n\t<meta name=\"twitter:data2\" content=\"3 minute\" \/>\n<script type=\"application\/ld+json\" class=\"yoast-schema-graph\">{\"@context\":\"https:\\\/\\\/schema.org\",\"@graph\":[{\"@type\":\"Article\",\"@id\":\"https:\\\/\\\/radioljubuski.ba\\\/index.php\\\/2022\\\/05\\\/23\\\/prijatelji-mateja-perisa-pripremaju-veliki-oprostaj-zelimo-ga-dostojanstveno-ispratiti\\\/#article\",\"isPartOf\":{\"@id\":\"https:\\\/\\\/radioljubuski.ba\\\/index.php\\\/2022\\\/05\\\/23\\\/prijatelji-mateja-perisa-pripremaju-veliki-oprostaj-zelimo-ga-dostojanstveno-ispratiti\\\/\"},\"author\":{\"name\":\"Radio Ljubu\u0161ki\",\"@id\":\"https:\\\/\\\/radioljubuski.ba\\\/#\\\/schema\\\/person\\\/19fc700381a780f69665d7956c469e3b\"},\"headline\":\"Prijatelji Mateja Peri\u0161a pripremaju veliki opro\u0161taj: \u2018\u017delimo ga dostojanstveno ispratiti\u2019\",\"datePublished\":\"2022-05-23T13:16:01+00:00\",\"dateModified\":\"2022-05-23T13:16:03+00:00\",\"mainEntityOfPage\":{\"@id\":\"https:\\\/\\\/radioljubuski.ba\\\/index.php\\\/2022\\\/05\\\/23\\\/prijatelji-mateja-perisa-pripremaju-veliki-oprostaj-zelimo-ga-dostojanstveno-ispratiti\\\/\"},\"wordCount\":574,\"publisher\":{\"@id\":\"https:\\\/\\\/radioljubuski.ba\\\/#organization\"},\"image\":{\"@id\":\"https:\\\/\\\/radioljubuski.ba\\\/index.php\\\/2022\\\/05\\\/23\\\/prijatelji-mateja-perisa-pripremaju-veliki-oprostaj-zelimo-ga-dostojanstveno-ispratiti\\\/#primaryimage\"},\"thumbnailUrl\":\"https:\\\/\\\/radioljubuski.ba\\\/wp-content\\\/uploads\\\/2022\\\/05\\\/matej-peris-696x464-1.jpg\",\"articleSection\":[\"BIH i regija\"],\"inLanguage\":\"hr\"},{\"@type\":\"WebPage\",\"@id\":\"https:\\\/\\\/radioljubuski.ba\\\/index.php\\\/2022\\\/05\\\/23\\\/prijatelji-mateja-perisa-pripremaju-veliki-oprostaj-zelimo-ga-dostojanstveno-ispratiti\\\/\",\"url\":\"https:\\\/\\\/radioljubuski.ba\\\/index.php\\\/2022\\\/05\\\/23\\\/prijatelji-mateja-perisa-pripremaju-veliki-oprostaj-zelimo-ga-dostojanstveno-ispratiti\\\/\",\"name\":\"Prijatelji Mateja Peri\u0161a pripremaju veliki opro\u0161taj: \u2018\u017delimo ga dostojanstveno ispratiti\u2019 - RADIO LJUBU\u0160KI\",\"isPartOf\":{\"@id\":\"https:\\\/\\\/radioljubuski.ba\\\/#website\"},\"primaryImageOfPage\":{\"@id\":\"https:\\\/\\\/radioljubuski.ba\\\/index.php\\\/2022\\\/05\\\/23\\\/prijatelji-mateja-perisa-pripremaju-veliki-oprostaj-zelimo-ga-dostojanstveno-ispratiti\\\/#primaryimage\"},\"image\":{\"@id\":\"https:\\\/\\\/radioljubuski.ba\\\/index.php\\\/2022\\\/05\\\/23\\\/prijatelji-mateja-perisa-pripremaju-veliki-oprostaj-zelimo-ga-dostojanstveno-ispratiti\\\/#primaryimage\"},\"thumbnailUrl\":\"https:\\\/\\\/radioljubuski.ba\\\/wp-content\\\/uploads\\\/2022\\\/05\\\/matej-peris-696x464-1.jpg\",\"datePublished\":\"2022-05-23T13:16:01+00:00\",\"dateModified\":\"2022-05-23T13:16:03+00:00\",\"breadcrumb\":{\"@id\":\"https:\\\/\\\/radioljubuski.ba\\\/index.php\\\/2022\\\/05\\\/23\\\/prijatelji-mateja-perisa-pripremaju-veliki-oprostaj-zelimo-ga-dostojanstveno-ispratiti\\\/#breadcrumb\"},\"inLanguage\":\"hr\",\"potentialAction\":[{\"@type\":\"ReadAction\",\"target\":[\"https:\\\/\\\/radioljubuski.ba\\\/index.php\\\/2022\\\/05\\\/23\\\/prijatelji-mateja-perisa-pripremaju-veliki-oprostaj-zelimo-ga-dostojanstveno-ispratiti\\\/\"]}]},{\"@type\":\"ImageObject\",\"inLanguage\":\"hr\",\"@id\":\"https:\\\/\\\/radioljubuski.ba\\\/index.php\\\/2022\\\/05\\\/23\\\/prijatelji-mateja-perisa-pripremaju-veliki-oprostaj-zelimo-ga-dostojanstveno-ispratiti\\\/#primaryimage\",\"url\":\"https:\\\/\\\/radioljubuski.ba\\\/wp-content\\\/uploads\\\/2022\\\/05\\\/matej-peris-696x464-1.jpg\",\"contentUrl\":\"https:\\\/\\\/radioljubuski.ba\\\/wp-content\\\/uploads\\\/2022\\\/05\\\/matej-peris-696x464-1.jpg\",\"width\":696,\"height\":464},{\"@type\":\"BreadcrumbList\",\"@id\":\"https:\\\/\\\/radioljubuski.ba\\\/index.php\\\/2022\\\/05\\\/23\\\/prijatelji-mateja-perisa-pripremaju-veliki-oprostaj-zelimo-ga-dostojanstveno-ispratiti\\\/#breadcrumb\",\"itemListElement\":[{\"@type\":\"ListItem\",\"position\":1,\"name\":\"Po\u010detna stranica\",\"item\":\"https:\\\/\\\/radioljubuski.ba\\\/\"},{\"@type\":\"ListItem\",\"position\":2,\"name\":\"Prijatelji Mateja Peri\u0161a pripremaju veliki opro\u0161taj: \u2018\u017delimo ga dostojanstveno ispratiti\u2019\"}]},{\"@type\":\"WebSite\",\"@id\":\"https:\\\/\\\/radioljubuski.ba\\\/#website\",\"url\":\"https:\\\/\\\/radioljubuski.ba\\\/\",\"name\":\"Radio Ljubu\u0161ki\",\"description\":\"Sun\u010dana frekvencija Hercegovine\",\"publisher\":{\"@id\":\"https:\\\/\\\/radioljubuski.ba\\\/#organization\"},\"potentialAction\":[{\"@type\":\"SearchAction\",\"target\":{\"@type\":\"EntryPoint\",\"urlTemplate\":\"https:\\\/\\\/radioljubuski.ba\\\/?s={search_term_string}\"},\"query-input\":{\"@type\":\"PropertyValueSpecification\",\"valueRequired\":true,\"valueName\":\"search_term_string\"}}],\"inLanguage\":\"hr\"},{\"@type\":\"Organization\",\"@id\":\"https:\\\/\\\/radioljubuski.ba\\\/#organization\",\"name\":\"Radio Ljubu\u0161ki\",\"url\":\"https:\\\/\\\/radioljubuski.ba\\\/\",\"logo\":{\"@type\":\"ImageObject\",\"inLanguage\":\"hr\",\"@id\":\"https:\\\/\\\/radioljubuski.ba\\\/#\\\/schema\\\/logo\\\/image\\\/\",\"url\":\"https:\\\/\\\/radioljubuski.ba\\\/wp-content\\\/uploads\\\/2021\\\/02\\\/cropped-Radio_Ljubuski_logo1.jpg\",\"contentUrl\":\"https:\\\/\\\/radioljubuski.ba\\\/wp-content\\\/uploads\\\/2021\\\/02\\\/cropped-Radio_Ljubuski_logo1.jpg\",\"width\":512,\"height\":512,\"caption\":\"Radio Ljubu\u0161ki\"},\"image\":{\"@id\":\"https:\\\/\\\/radioljubuski.ba\\\/#\\\/schema\\\/logo\\\/image\\\/\"},\"sameAs\":[\"https:\\\/\\\/www.facebook.com\\\/Radiio-Ljubuski-1490835324566332\",\"https:\\\/\\\/x.com\\\/radioljubuski\",\"https:\\\/\\\/hr.linkedin.com\\\/company\\\/radio-ljubuski\",\"https:\\\/\\\/www.youtube.com\\\/channel\\\/UCHYaeO_n0Db3tjNGudGpXyw\"]},{\"@type\":\"Person\",\"@id\":\"https:\\\/\\\/radioljubuski.ba\\\/#\\\/schema\\\/person\\\/19fc700381a780f69665d7956c469e3b\",\"name\":\"Radio Ljubu\u0161ki\"}]}<\/script>\n<!-- \/ Yoast SEO plugin. -->","yoast_head_json":{"title":"Prijatelji Mateja Peri\u0161a pripremaju veliki opro\u0161taj: \u2018\u017delimo ga dostojanstveno ispratiti\u2019 - RADIO LJUBU\u0160KI","robots":{"index":"index","follow":"follow","max-snippet":"max-snippet:-1","max-image-preview":"max-image-preview:large","max-video-preview":"max-video-preview:-1"},"canonical":"https:\/\/radioljubuski.ba\/index.php\/2022\/05\/23\/prijatelji-mateja-perisa-pripremaju-veliki-oprostaj-zelimo-ga-dostojanstveno-ispratiti\/","og_locale":"hr_HR","og_type":"article","og_title":"Prijatelji Mateja Peri\u0161a pripremaju veliki opro\u0161taj: \u2018\u017delimo ga dostojanstveno ispratiti\u2019 - RADIO LJUBU\u0160KI","og_description":"Prijatelji nesretno preminulog Mateja Peri\u0161a (27) u Splitu u ponedjeljak nave\u010der pripremaju veliki opro\u0161taj. Kako su rekli za Slobodnu Dalmaciju, nakon \u0161to sunce za\u0111e, pripremaju napraviti \u0161palir s brodicama u blizini splitske Trajektne luke. Tako\u0111er i trajekti koji \u0107e se u tom trenutku zate\u0107i u blizini trebali bi zatrubiti u spomen na Mateja, koji je [&hellip;]","og_url":"https:\/\/radioljubuski.ba\/index.php\/2022\/05\/23\/prijatelji-mateja-perisa-pripremaju-veliki-oprostaj-zelimo-ga-dostojanstveno-ispratiti\/","og_site_name":"RADIO LJUBU\u0160KI","article_publisher":"https:\/\/www.facebook.com\/Radiio-Ljubuski-1490835324566332","article_published_time":"2022-05-23T13:16:01+00:00","article_modified_time":"2022-05-23T13:16:03+00:00","og_image":[{"width":696,"height":464,"url":"https:\/\/radioljubuski.ba\/wp-content\/uploads\/2022\/05\/matej-peris-696x464-1.jpg","type":"image\/jpeg"}],"author":"Radio Ljubu\u0161ki","twitter_card":"summary_large_image","twitter_creator":"@radioljubuski","twitter_site":"@radioljubuski","twitter_misc":{"Napisao\/la":"Radio Ljubu\u0161ki","Procijenjeno vrijeme \u010ditanja":"3 minute"},"schema":{"@context":"https:\/\/schema.org","@graph":[{"@type":"Article","@id":"https:\/\/radioljubuski.ba\/index.php\/2022\/05\/23\/prijatelji-mateja-perisa-pripremaju-veliki-oprostaj-zelimo-ga-dostojanstveno-ispratiti\/#article","isPartOf":{"@id":"https:\/\/radioljubuski.ba\/index.php\/2022\/05\/23\/prijatelji-mateja-perisa-pripremaju-veliki-oprostaj-zelimo-ga-dostojanstveno-ispratiti\/"},"author":{"name":"Radio Ljubu\u0161ki","@id":"https:\/\/radioljubuski.ba\/#\/schema\/person\/19fc700381a780f69665d7956c469e3b"},"headline":"Prijatelji Mateja Peri\u0161a pripremaju veliki opro\u0161taj: \u2018\u017delimo ga dostojanstveno ispratiti\u2019","datePublished":"2022-05-23T13:16:01+00:00","dateModified":"2022-05-23T13:16:03+00:00","mainEntityOfPage":{"@id":"https:\/\/radioljubuski.ba\/index.php\/2022\/05\/23\/prijatelji-mateja-perisa-pripremaju-veliki-oprostaj-zelimo-ga-dostojanstveno-ispratiti\/"},"wordCount":574,"publisher":{"@id":"https:\/\/radioljubuski.ba\/#organization"},"image":{"@id":"https:\/\/radioljubuski.ba\/index.php\/2022\/05\/23\/prijatelji-mateja-perisa-pripremaju-veliki-oprostaj-zelimo-ga-dostojanstveno-ispratiti\/#primaryimage"},"thumbnailUrl":"https:\/\/radioljubuski.ba\/wp-content\/uploads\/2022\/05\/matej-peris-696x464-1.jpg","articleSection":["BIH i regija"],"inLanguage":"hr"},{"@type":"WebPage","@id":"https:\/\/radioljubuski.ba\/index.php\/2022\/05\/23\/prijatelji-mateja-perisa-pripremaju-veliki-oprostaj-zelimo-ga-dostojanstveno-ispratiti\/","url":"https:\/\/radioljubuski.ba\/index.php\/2022\/05\/23\/prijatelji-mateja-perisa-pripremaju-veliki-oprostaj-zelimo-ga-dostojanstveno-ispratiti\/","name":"Prijatelji Mateja Peri\u0161a pripremaju veliki opro\u0161taj: \u2018\u017delimo ga dostojanstveno ispratiti\u2019 - RADIO LJUBU\u0160KI","isPartOf":{"@id":"https:\/\/radioljubuski.ba\/#website"},"primaryImageOfPage":{"@id":"https:\/\/radioljubuski.ba\/index.php\/2022\/05\/23\/prijatelji-mateja-perisa-pripremaju-veliki-oprostaj-zelimo-ga-dostojanstveno-ispratiti\/#primaryimage"},"image":{"@id":"https:\/\/radioljubuski.ba\/index.php\/2022\/05\/23\/prijatelji-mateja-perisa-pripremaju-veliki-oprostaj-zelimo-ga-dostojanstveno-ispratiti\/#primaryimage"},"thumbnailUrl":"https:\/\/radioljubuski.ba\/wp-content\/uploads\/2022\/05\/matej-peris-696x464-1.jpg","datePublished":"2022-05-23T13:16:01+00:00","dateModified":"2022-05-23T13:16:03+00:00","breadcrumb":{"@id":"https:\/\/radioljubuski.ba\/index.php\/2022\/05\/23\/prijatelji-mateja-perisa-pripremaju-veliki-oprostaj-zelimo-ga-dostojanstveno-ispratiti\/#breadcrumb"},"inLanguage":"hr","potentialAction":[{"@type":"ReadAction","target":["https:\/\/radioljubuski.ba\/index.php\/2022\/05\/23\/prijatelji-mateja-perisa-pripremaju-veliki-oprostaj-zelimo-ga-dostojanstveno-ispratiti\/"]}]},{"@type":"ImageObject","inLanguage":"hr","@id":"https:\/\/radioljubuski.ba\/index.php\/2022\/05\/23\/prijatelji-mateja-perisa-pripremaju-veliki-oprostaj-zelimo-ga-dostojanstveno-ispratiti\/#primaryimage","url":"https:\/\/radioljubuski.ba\/wp-content\/uploads\/2022\/05\/matej-peris-696x464-1.jpg","contentUrl":"https:\/\/radioljubuski.ba\/wp-content\/uploads\/2022\/05\/matej-peris-696x464-1.jpg","width":696,"height":464},{"@type":"BreadcrumbList","@id":"https:\/\/radioljubuski.ba\/index.php\/2022\/05\/23\/prijatelji-mateja-perisa-pripremaju-veliki-oprostaj-zelimo-ga-dostojanstveno-ispratiti\/#breadcrumb","itemListElement":[{"@type":"ListItem","position":1,"name":"Po\u010detna stranica","item":"https:\/\/radioljubuski.ba\/"},{"@type":"ListItem","position":2,"name":"Prijatelji Mateja Peri\u0161a pripremaju veliki opro\u0161taj: \u2018\u017delimo ga dostojanstveno ispratiti\u2019"}]},{"@type":"WebSite","@id":"https:\/\/radioljubuski.ba\/#website","url":"https:\/\/radioljubuski.ba\/","name":"Radio Ljubu\u0161ki","description":"Sun\u010dana frekvencija Hercegovine","publisher":{"@id":"https:\/\/radioljubuski.ba\/#organization"},"potentialAction":[{"@type":"SearchAction","target":{"@type":"EntryPoint","urlTemplate":"https:\/\/radioljubuski.ba\/?s={search_term_string}"},"query-input":{"@type":"PropertyValueSpecification","valueRequired":true,"valueName":"search_term_string"}}],"inLanguage":"hr"},{"@type":"Organization","@id":"https:\/\/radioljubuski.ba\/#organization","name":"Radio Ljubu\u0161ki","url":"https:\/\/radioljubuski.ba\/","logo":{"@type":"ImageObject","inLanguage":"hr","@id":"https:\/\/radioljubuski.ba\/#\/schema\/logo\/image\/","url":"https:\/\/radioljubuski.ba\/wp-content\/uploads\/2021\/02\/cropped-Radio_Ljubuski_logo1.jpg","contentUrl":"https:\/\/radioljubuski.ba\/wp-content\/uploads\/2021\/02\/cropped-Radio_Ljubuski_logo1.jpg","width":512,"height":512,"caption":"Radio Ljubu\u0161ki"},"image":{"@id":"https:\/\/radioljubuski.ba\/#\/schema\/logo\/image\/"},"sameAs":["https:\/\/www.facebook.com\/Radiio-Ljubuski-1490835324566332","https:\/\/x.com\/radioljubuski","https:\/\/hr.linkedin.com\/company\/radio-ljubuski","https:\/\/www.youtube.com\/channel\/UCHYaeO_n0Db3tjNGudGpXyw"]},{"@type":"Person","@id":"https:\/\/radioljubuski.ba\/#\/schema\/person\/19fc700381a780f69665d7956c469e3b","name":"Radio Ljubu\u0161ki"}]}},"_links":{"self":[{"href":"https:\/\/radioljubuski.ba\/index.php\/wp-json\/wp\/v2\/posts\/143421","targetHints":{"allow":["GET"]}}],"collection":[{"href":"https:\/\/radioljubuski.ba\/index.php\/wp-json\/wp\/v2\/posts"}],"about":[{"href":"https:\/\/radioljubuski.ba\/index.php\/wp-json\/wp\/v2\/types\/post"}],"author":[{"embeddable":true,"href":"https:\/\/radioljubuski.ba\/index.php\/wp-json\/wp\/v2\/users\/2"}],"replies":[{"embeddable":true,"href":"https:\/\/radioljubuski.ba\/index.php\/wp-json\/wp\/v2\/comments?post=143421"}],"version-history":[{"count":1,"href":"https:\/\/radioljubuski.ba\/index.php\/wp-json\/wp\/v2\/posts\/143421\/revisions"}],"predecessor-version":[{"id":143423,"href":"https:\/\/radioljubuski.ba\/index.php\/wp-json\/wp\/v2\/posts\/143421\/revisions\/143423"}],"wp:featuredmedia":[{"embeddable":true,"href":"https:\/\/radioljubuski.ba\/index.php\/wp-json\/wp\/v2\/media\/143422"}],"wp:attachment":[{"href":"https:\/\/radioljubuski.ba\/index.php\/wp-json\/wp\/v2\/media?parent=143421"}],"wp:term":[{"taxonomy":"category","embeddable":true,"href":"https:\/\/radioljubuski.ba\/index.php\/wp-json\/wp\/v2\/categories?post=143421"},{"taxonomy":"post_tag","embeddable":true,"href":"https:\/\/radioljubuski.ba\/index.php\/wp-json\/wp\/v2\/tags?post=143421"}],"curies":[{"name":"wp","href":"https:\/\/api.w.org\/{rel}","templated":true}]}}