{"id":143433,"date":"2022-05-23T14:24:13","date_gmt":"2022-05-23T13:24:13","guid":{"rendered":"https:\/\/radioljubuski.ba\/?p=143433"},"modified":"2022-05-23T14:24:15","modified_gmt":"2022-05-23T13:24:15","slug":"visnja-staresina-moskva-planira-suditi-ukrajincima-po-beogradskom-modelu-za-hrvate","status":"publish","type":"post","link":"https:\/\/radioljubuski.ba\/index.php\/2022\/05\/23\/visnja-staresina-moskva-planira-suditi-ukrajincima-po-beogradskom-modelu-za-hrvate\/","title":{"rendered":"Vi\u0161nja Stare\u0161ina: Moskva planira suditi Ukrajincima po beogradskom modelu za Hrvate"},"content":{"rendered":"\n<p>Evakuacija posljednjih branitelja iz kompleksa Azovstal u aran\u017emanu ruske vojske ne podsje\u0107a na evakuaciju posljednjih branitelja Vukovara u aran\u017emanu JNA samo po slikama razru\u0161enoga grada i ispijenih branitelja. Podsje\u0107a, na\u017ealost, i po obrascu postupanja prema protivni\u010dkoj vojsci, koje i tada\u0161nja JNA i dana\u0161nja ruska vojska ba\u0161tine od svoje prethodnice Crvene armije. Ta revolucionarna &#8220;crvena&#8221; ba\u0161tina uklju\u010duje ignoriranje \u017denevskih konvencija, masovne likvidacije ratnih zarobljenika (i civila koje proglase fa\u0161istima), skrivene masovne grobnice, &#8220;nestajanje&#8221; ratnih zarobljenika u logorima na tajnim lokacijama, organiziranje montiranih sudskih procesa\u2026<\/p>\n\n\n\n<h2 class=\"wp-block-heading\">Delegirana odgovornost<\/h2>\n\n\n\n<p>U mnogo\u010demu se u evakuaciji Azovstala mo\u017ee prepoznati srpski obrazac zlo\u010dina u Vukovaru. Za rusku vojsku svi ukrajinski branitelji iz Azovstala su nacisti, kao \u0161to su za JNA svi hrvatski branitelji Vukovara bili usta\u0161e. To su etikete koje su unaprijed pokri\u0107e za mu\u010denja i likvidacije ratnih zarobljenika.<\/p>\n\n\n\n<p>Druga je sli\u010dnost odugovla\u010denje evakuacije kako bi se razli\u010ditim prijevarama i kr\u0161enjima prethodnih sporazuma iz evakuacije isklju\u010dili me\u0111unarodni promatra\u010di ili predstavnici ratnih protivnika. Sljede\u0107a i klju\u010dna sli\u010dnost je u tome \u0161to cijelu operaciju evakuacije, &#8220;trija\u017ee&#8221; zarobljenika (u Mariupolju je zovu &#8220;filtracija&#8221;) koordiniraju i provode oficiri vojne obavje\u0161tajne slu\u017ebe: u Mariupolju je to ruski GRU, u Vukovaru je bio KOS. Apsolutna i potpuna nadle\u017enost Uprave bezbednosti JNA nad sudbinom ratnih zarobljenika u Vukovaru (i drugdje) mogla se vidjeti na su\u0111enjima u Haagu. Ali mogla se vidjeti samo u dokaznim postupcima, ne i u presudama, jer struktura KOS-a nije ni optu\u017eena od strane Haa\u0161kog suda. Naprotiv, tada\u0161nji \u0161ef KOS-a general Aleksandar Vasiljevi\u0107 postao je jedan od klju\u010dnih svjedoka i suradnika tu\u017eiteljstva i s te je pozicije amnestirao zlo\u010dine strukture &#8220;vojne bezbednosti&#8221; i &#8220;pakirao&#8221; optu\u017enice svojim ratnim i politi\u010dkim protivnicima.<\/p>\n\n\n\n<p>Za razliku od Vukovara, u Mariupolju je odmah medijski zabilje\u017eena prisutnost ruske vojne obavje\u0161tajne slu\u017ebe u organizaciji evakuacije. Ali je, kao i u Vukovaru, odgovornost za zarobljenike odmah delegirana na lokalne zapovjednike ruske paravojske u okupiranom Donbasu, koji su zapravo dio ruske vojno-obavje\u0161tajne agenture. U Vukovaru je odgovornost za likvidaciju i &#8220;nestanak&#8221; zarobljenih branitelja grada delegirana \u0161efu lokalne srpske okupacijske vlasti koju je uspostavio KOS, Goranu Had\u017ei\u0107u, agentu KOS-a. Uz amnestiranje od krivnje vertikale ruske vojske i njezine obavje\u0161tajne slu\u017ebe, ovakvo delegiranje nadle\u017enosti za ratne zarobljenike iz Mariupolja na proruske vlasti okupiranog Donbasa ima i svoju pravnu svrhu: prikazati sukob kao unutarnji oru\u017eani sukob u &#8220;ruskom svijetu&#8221;, a branitelje Mariupolja kao teroriste ili pobunjenike, koji nisu za\u0161ti\u0107eni \u017denevskim konvencijama.<\/p>\n\n\n\n<h2 class=\"wp-block-heading\">Srpski zakon<\/h2>\n\n\n\n<p>Koliko se mo\u017ee vidjeti iz trenuta\u010dnog politi\u010dkog razvoja u Moskvi, Rusija planira organizirati su\u0111enja zarobljenim ukrajinskim vojnicima za navodne ratne zlo\u010dine po\u010dinjene na tlu Ukrajine. I tu postoji ve\u0107 proku\u0161ani beogradski uzor. Rije\u010d je o srpskom zakonu kojim si je Srbija dodijelila jurisdikciju za su\u0111enje za sve ratne zlo\u010dine po\u010dinjene na tlu biv\u0161e Jugoslavije. Nakon \u0161to je izgubila rat za stvaranje velike Srbije, po\u010diniv\u0161i pritom najstra\u0161nije zlo\u010dine u Hrvatskoj, BiH i na Kosovu, Srbija je ovlastila sebe da iz pozicije nasljednice Jugoslavije sudi svima koje je napala i od kojih je izgubila rat. Hrvatska je politi\u010dki najpo\u017eeljnija meta.<\/p>\n\n\n\n<p>A optu\u017enica za ratne zlo\u010dine protiv \u010detvorice hrvatskih ratnih pilota &#8211; Danijela Borovi\u0107a, \u017deljka Jeleni\u0107a, Zdenka Radulja i Vladimira Mikca &#8211; koju je ovih dana beogradsko tu\u017eiteljstvo za ratne zlo\u010dine pustilo u medijski prostor, samo je nova epizoda u sustavnom nastojanju srpske dr\u017eave da ratne poraze velikosrpske politike pretvori u sudske pobjede. Da u\u010dvr\u0161\u0107uje &#8220;srpski svet&#8221; u Hrvatskoj izrugivanjem hrvatskoj obrani i izazivanjem nesigurnosti.<\/p>\n\n\n\n<p>Ruske pripreme za su\u0111enje ukrajinskim vojnicima i zapovjednicima, nakon \u0161to je Rusija prakti\u010dki izgubila rat za &#8220;ruski svijet&#8221; u Ukrajini, ujedno su i prilika da Hrvatska me\u0111unarodno razobli\u010di taj model i otkloni stalne ucjene iz Beograda. No, klju\u010dni odgovori za\u0161to se to dogodilo ne nalaze se u Beogradu, ve\u0107 u Zagrebu, u Gajevoj 30a, u DORH-u. Zato \u0161to mu je DORH i \u0161utnjom i djelima asistirao, Beograd je mogao u ti\u0161ini donijeti zakon o univerzalnoj jurisdikciji, po kojem je potom pripremao &#8220;kosovski&#8221; montirane optu\u017enice protiv simbola hrvatske obrane: od pokojne doktorice Vesne Bosanac do ratnog pilota Danijela Borovi\u0107a.<\/p>\n\n\n\n<h2 class=\"wp-block-heading\">Nepostavljena pitanja<\/h2>\n\n\n\n<p>Mladen Baji\u0107 i Dalibor Cvitan vjerojatno znaju za\u0161to su se kao dr\u017eavni odvjetnici RH odrekli istrage zlo\u010dina na Ov\u010dari u korist Haaga i Beograda. Za\u0161to su se ugovorom odrekli nadle\u017enosti za zlo\u010dine nad hrvatskim ratnim zarobljenicima u srpskim logorima na tlu Srbije? Za\u0161to su godinama odbijali vidjeti ulogu KOS-a u tim zlo\u010dinima?<\/p>\n\n\n\n<p>Za\u0161to su srpsku agresiju u Hrvatskoj u optu\u017enicama kvalificirali kao unutarnji sukob? Za\u0161to su hrvatske zapovjednike optu\u017eivali po objektiviziranoj zapovjednoj odgovornosti, a njima nasuprot optu\u017eivali po\u010dinitelje iz srpskih vojski? Ali nitko politi\u010dki relevantan dosad im ta pitanja nije postavio.<\/p>\n\n\n\n<p>Pi\u0161e Vi\u0161nja Stare\u0161ina\/slobodnadalmacija.hr<\/p>\n","protected":false},"excerpt":{"rendered":"<p>Evakuacija posljednjih branitelja iz kompleksa Azovstal u aran\u017emanu ruske vojske ne podsje\u0107a na evakuaciju posljednjih branitelja Vukovara u aran\u017emanu JNA samo po slikama razru\u0161enoga grada i ispijenih branitelja. Podsje\u0107a, na\u017ealost, i po obrascu postupanja prema protivni\u010dkoj vojsci, koje i tada\u0161nja JNA i dana\u0161nja ruska vojska ba\u0161tine od svoje prethodnice Crvene armije. Ta revolucionarna &#8220;crvena&#8221; ba\u0161tina [&hellip;]<\/p>\n","protected":false},"author":2,"featured_media":29544,"comment_status":"closed","ping_status":"closed","sticky":false,"template":"","format":"standard","meta":{"h5ap_radio_sources":[],"footnotes":""},"categories":[1],"tags":[],"class_list":["post-143433","post","type-post","status-publish","format-standard","has-post-thumbnail","hentry","category-bihiregija"],"yoast_head":"<!-- This site is optimized with the Yoast SEO plugin v27.5 - https:\/\/yoast.com\/product\/yoast-seo-wordpress\/ -->\n<title>Vi\u0161nja Stare\u0161ina: Moskva planira suditi Ukrajincima po beogradskom modelu za Hrvate - RADIO LJUBU\u0160KI<\/title>\n<meta name=\"robots\" content=\"index, follow, max-snippet:-1, max-image-preview:large, max-video-preview:-1\" \/>\n<link rel=\"canonical\" href=\"https:\/\/radioljubuski.ba\/index.php\/2022\/05\/23\/visnja-staresina-moskva-planira-suditi-ukrajincima-po-beogradskom-modelu-za-hrvate\/\" \/>\n<meta property=\"og:locale\" content=\"hr_HR\" \/>\n<meta property=\"og:type\" content=\"article\" \/>\n<meta property=\"og:title\" content=\"Vi\u0161nja Stare\u0161ina: Moskva planira suditi Ukrajincima po beogradskom modelu za Hrvate - RADIO LJUBU\u0160KI\" \/>\n<meta property=\"og:description\" content=\"Evakuacija posljednjih branitelja iz kompleksa Azovstal u aran\u017emanu ruske vojske ne podsje\u0107a na evakuaciju posljednjih branitelja Vukovara u aran\u017emanu JNA samo po slikama razru\u0161enoga grada i ispijenih branitelja. Podsje\u0107a, na\u017ealost, i po obrascu postupanja prema protivni\u010dkoj vojsci, koje i tada\u0161nja JNA i dana\u0161nja ruska vojska ba\u0161tine od svoje prethodnice Crvene armije. Ta revolucionarna &#8220;crvena&#8221; ba\u0161tina [&hellip;]\" \/>\n<meta property=\"og:url\" content=\"https:\/\/radioljubuski.ba\/index.php\/2022\/05\/23\/visnja-staresina-moskva-planira-suditi-ukrajincima-po-beogradskom-modelu-za-hrvate\/\" \/>\n<meta property=\"og:site_name\" content=\"RADIO LJUBU\u0160KI\" \/>\n<meta property=\"article:publisher\" content=\"https:\/\/www.facebook.com\/Radiio-Ljubuski-1490835324566332\" \/>\n<meta property=\"article:published_time\" content=\"2022-05-23T13:24:13+00:00\" \/>\n<meta property=\"article:modified_time\" content=\"2022-05-23T13:24:15+00:00\" \/>\n<meta property=\"og:image\" content=\"https:\/\/radioljubuski.ba\/wp-content\/uploads\/2021\/06\/visnja-staresina-735-735x400-1.jpg\" \/>\n\t<meta property=\"og:image:width\" content=\"735\" \/>\n\t<meta property=\"og:image:height\" content=\"400\" \/>\n\t<meta property=\"og:image:type\" content=\"image\/jpeg\" \/>\n<meta name=\"author\" content=\"Radio Ljubu\u0161ki\" \/>\n<meta name=\"twitter:card\" content=\"summary_large_image\" \/>\n<meta name=\"twitter:creator\" content=\"@radioljubuski\" \/>\n<meta name=\"twitter:site\" content=\"@radioljubuski\" \/>\n<meta name=\"twitter:label1\" content=\"Napisao\/la\" \/>\n\t<meta name=\"twitter:data1\" content=\"Radio Ljubu\u0161ki\" \/>\n\t<meta name=\"twitter:label2\" content=\"Procijenjeno vrijeme \u010ditanja\" \/>\n\t<meta name=\"twitter:data2\" content=\"4 minute\" \/>\n<script type=\"application\/ld+json\" class=\"yoast-schema-graph\">{\"@context\":\"https:\\\/\\\/schema.org\",\"@graph\":[{\"@type\":\"Article\",\"@id\":\"https:\\\/\\\/radioljubuski.ba\\\/index.php\\\/2022\\\/05\\\/23\\\/visnja-staresina-moskva-planira-suditi-ukrajincima-po-beogradskom-modelu-za-hrvate\\\/#article\",\"isPartOf\":{\"@id\":\"https:\\\/\\\/radioljubuski.ba\\\/index.php\\\/2022\\\/05\\\/23\\\/visnja-staresina-moskva-planira-suditi-ukrajincima-po-beogradskom-modelu-za-hrvate\\\/\"},\"author\":{\"name\":\"Radio Ljubu\u0161ki\",\"@id\":\"https:\\\/\\\/radioljubuski.ba\\\/#\\\/schema\\\/person\\\/19fc700381a780f69665d7956c469e3b\"},\"headline\":\"Vi\u0161nja Stare\u0161ina: Moskva planira suditi Ukrajincima po beogradskom modelu za Hrvate\",\"datePublished\":\"2022-05-23T13:24:13+00:00\",\"dateModified\":\"2022-05-23T13:24:15+00:00\",\"mainEntityOfPage\":{\"@id\":\"https:\\\/\\\/radioljubuski.ba\\\/index.php\\\/2022\\\/05\\\/23\\\/visnja-staresina-moskva-planira-suditi-ukrajincima-po-beogradskom-modelu-za-hrvate\\\/\"},\"wordCount\":869,\"publisher\":{\"@id\":\"https:\\\/\\\/radioljubuski.ba\\\/#organization\"},\"image\":{\"@id\":\"https:\\\/\\\/radioljubuski.ba\\\/index.php\\\/2022\\\/05\\\/23\\\/visnja-staresina-moskva-planira-suditi-ukrajincima-po-beogradskom-modelu-za-hrvate\\\/#primaryimage\"},\"thumbnailUrl\":\"https:\\\/\\\/radioljubuski.ba\\\/wp-content\\\/uploads\\\/2021\\\/06\\\/visnja-staresina-735-735x400-1.jpg\",\"articleSection\":[\"BIH i regija\"],\"inLanguage\":\"hr\"},{\"@type\":\"WebPage\",\"@id\":\"https:\\\/\\\/radioljubuski.ba\\\/index.php\\\/2022\\\/05\\\/23\\\/visnja-staresina-moskva-planira-suditi-ukrajincima-po-beogradskom-modelu-za-hrvate\\\/\",\"url\":\"https:\\\/\\\/radioljubuski.ba\\\/index.php\\\/2022\\\/05\\\/23\\\/visnja-staresina-moskva-planira-suditi-ukrajincima-po-beogradskom-modelu-za-hrvate\\\/\",\"name\":\"Vi\u0161nja Stare\u0161ina: Moskva planira suditi Ukrajincima po beogradskom modelu za Hrvate - RADIO LJUBU\u0160KI\",\"isPartOf\":{\"@id\":\"https:\\\/\\\/radioljubuski.ba\\\/#website\"},\"primaryImageOfPage\":{\"@id\":\"https:\\\/\\\/radioljubuski.ba\\\/index.php\\\/2022\\\/05\\\/23\\\/visnja-staresina-moskva-planira-suditi-ukrajincima-po-beogradskom-modelu-za-hrvate\\\/#primaryimage\"},\"image\":{\"@id\":\"https:\\\/\\\/radioljubuski.ba\\\/index.php\\\/2022\\\/05\\\/23\\\/visnja-staresina-moskva-planira-suditi-ukrajincima-po-beogradskom-modelu-za-hrvate\\\/#primaryimage\"},\"thumbnailUrl\":\"https:\\\/\\\/radioljubuski.ba\\\/wp-content\\\/uploads\\\/2021\\\/06\\\/visnja-staresina-735-735x400-1.jpg\",\"datePublished\":\"2022-05-23T13:24:13+00:00\",\"dateModified\":\"2022-05-23T13:24:15+00:00\",\"breadcrumb\":{\"@id\":\"https:\\\/\\\/radioljubuski.ba\\\/index.php\\\/2022\\\/05\\\/23\\\/visnja-staresina-moskva-planira-suditi-ukrajincima-po-beogradskom-modelu-za-hrvate\\\/#breadcrumb\"},\"inLanguage\":\"hr\",\"potentialAction\":[{\"@type\":\"ReadAction\",\"target\":[\"https:\\\/\\\/radioljubuski.ba\\\/index.php\\\/2022\\\/05\\\/23\\\/visnja-staresina-moskva-planira-suditi-ukrajincima-po-beogradskom-modelu-za-hrvate\\\/\"]}]},{\"@type\":\"ImageObject\",\"inLanguage\":\"hr\",\"@id\":\"https:\\\/\\\/radioljubuski.ba\\\/index.php\\\/2022\\\/05\\\/23\\\/visnja-staresina-moskva-planira-suditi-ukrajincima-po-beogradskom-modelu-za-hrvate\\\/#primaryimage\",\"url\":\"https:\\\/\\\/radioljubuski.ba\\\/wp-content\\\/uploads\\\/2021\\\/06\\\/visnja-staresina-735-735x400-1.jpg\",\"contentUrl\":\"https:\\\/\\\/radioljubuski.ba\\\/wp-content\\\/uploads\\\/2021\\\/06\\\/visnja-staresina-735-735x400-1.jpg\",\"width\":735,\"height\":400},{\"@type\":\"BreadcrumbList\",\"@id\":\"https:\\\/\\\/radioljubuski.ba\\\/index.php\\\/2022\\\/05\\\/23\\\/visnja-staresina-moskva-planira-suditi-ukrajincima-po-beogradskom-modelu-za-hrvate\\\/#breadcrumb\",\"itemListElement\":[{\"@type\":\"ListItem\",\"position\":1,\"name\":\"Po\u010detna stranica\",\"item\":\"https:\\\/\\\/radioljubuski.ba\\\/\"},{\"@type\":\"ListItem\",\"position\":2,\"name\":\"Vi\u0161nja Stare\u0161ina: Moskva planira suditi Ukrajincima po beogradskom modelu za Hrvate\"}]},{\"@type\":\"WebSite\",\"@id\":\"https:\\\/\\\/radioljubuski.ba\\\/#website\",\"url\":\"https:\\\/\\\/radioljubuski.ba\\\/\",\"name\":\"Radio Ljubu\u0161ki\",\"description\":\"Sun\u010dana frekvencija Hercegovine\",\"publisher\":{\"@id\":\"https:\\\/\\\/radioljubuski.ba\\\/#organization\"},\"potentialAction\":[{\"@type\":\"SearchAction\",\"target\":{\"@type\":\"EntryPoint\",\"urlTemplate\":\"https:\\\/\\\/radioljubuski.ba\\\/?s={search_term_string}\"},\"query-input\":{\"@type\":\"PropertyValueSpecification\",\"valueRequired\":true,\"valueName\":\"search_term_string\"}}],\"inLanguage\":\"hr\"},{\"@type\":\"Organization\",\"@id\":\"https:\\\/\\\/radioljubuski.ba\\\/#organization\",\"name\":\"Radio Ljubu\u0161ki\",\"url\":\"https:\\\/\\\/radioljubuski.ba\\\/\",\"logo\":{\"@type\":\"ImageObject\",\"inLanguage\":\"hr\",\"@id\":\"https:\\\/\\\/radioljubuski.ba\\\/#\\\/schema\\\/logo\\\/image\\\/\",\"url\":\"https:\\\/\\\/radioljubuski.ba\\\/wp-content\\\/uploads\\\/2021\\\/02\\\/cropped-Radio_Ljubuski_logo1.jpg\",\"contentUrl\":\"https:\\\/\\\/radioljubuski.ba\\\/wp-content\\\/uploads\\\/2021\\\/02\\\/cropped-Radio_Ljubuski_logo1.jpg\",\"width\":512,\"height\":512,\"caption\":\"Radio Ljubu\u0161ki\"},\"image\":{\"@id\":\"https:\\\/\\\/radioljubuski.ba\\\/#\\\/schema\\\/logo\\\/image\\\/\"},\"sameAs\":[\"https:\\\/\\\/www.facebook.com\\\/Radiio-Ljubuski-1490835324566332\",\"https:\\\/\\\/x.com\\\/radioljubuski\",\"https:\\\/\\\/hr.linkedin.com\\\/company\\\/radio-ljubuski\",\"https:\\\/\\\/www.youtube.com\\\/channel\\\/UCHYaeO_n0Db3tjNGudGpXyw\"]},{\"@type\":\"Person\",\"@id\":\"https:\\\/\\\/radioljubuski.ba\\\/#\\\/schema\\\/person\\\/19fc700381a780f69665d7956c469e3b\",\"name\":\"Radio Ljubu\u0161ki\"}]}<\/script>\n<!-- \/ Yoast SEO plugin. -->","yoast_head_json":{"title":"Vi\u0161nja Stare\u0161ina: Moskva planira suditi Ukrajincima po beogradskom modelu za Hrvate - RADIO LJUBU\u0160KI","robots":{"index":"index","follow":"follow","max-snippet":"max-snippet:-1","max-image-preview":"max-image-preview:large","max-video-preview":"max-video-preview:-1"},"canonical":"https:\/\/radioljubuski.ba\/index.php\/2022\/05\/23\/visnja-staresina-moskva-planira-suditi-ukrajincima-po-beogradskom-modelu-za-hrvate\/","og_locale":"hr_HR","og_type":"article","og_title":"Vi\u0161nja Stare\u0161ina: Moskva planira suditi Ukrajincima po beogradskom modelu za Hrvate - RADIO LJUBU\u0160KI","og_description":"Evakuacija posljednjih branitelja iz kompleksa Azovstal u aran\u017emanu ruske vojske ne podsje\u0107a na evakuaciju posljednjih branitelja Vukovara u aran\u017emanu JNA samo po slikama razru\u0161enoga grada i ispijenih branitelja. Podsje\u0107a, na\u017ealost, i po obrascu postupanja prema protivni\u010dkoj vojsci, koje i tada\u0161nja JNA i dana\u0161nja ruska vojska ba\u0161tine od svoje prethodnice Crvene armije. Ta revolucionarna &#8220;crvena&#8221; ba\u0161tina [&hellip;]","og_url":"https:\/\/radioljubuski.ba\/index.php\/2022\/05\/23\/visnja-staresina-moskva-planira-suditi-ukrajincima-po-beogradskom-modelu-za-hrvate\/","og_site_name":"RADIO LJUBU\u0160KI","article_publisher":"https:\/\/www.facebook.com\/Radiio-Ljubuski-1490835324566332","article_published_time":"2022-05-23T13:24:13+00:00","article_modified_time":"2022-05-23T13:24:15+00:00","og_image":[{"width":735,"height":400,"url":"https:\/\/radioljubuski.ba\/wp-content\/uploads\/2021\/06\/visnja-staresina-735-735x400-1.jpg","type":"image\/jpeg"}],"author":"Radio Ljubu\u0161ki","twitter_card":"summary_large_image","twitter_creator":"@radioljubuski","twitter_site":"@radioljubuski","twitter_misc":{"Napisao\/la":"Radio Ljubu\u0161ki","Procijenjeno vrijeme \u010ditanja":"4 minute"},"schema":{"@context":"https:\/\/schema.org","@graph":[{"@type":"Article","@id":"https:\/\/radioljubuski.ba\/index.php\/2022\/05\/23\/visnja-staresina-moskva-planira-suditi-ukrajincima-po-beogradskom-modelu-za-hrvate\/#article","isPartOf":{"@id":"https:\/\/radioljubuski.ba\/index.php\/2022\/05\/23\/visnja-staresina-moskva-planira-suditi-ukrajincima-po-beogradskom-modelu-za-hrvate\/"},"author":{"name":"Radio Ljubu\u0161ki","@id":"https:\/\/radioljubuski.ba\/#\/schema\/person\/19fc700381a780f69665d7956c469e3b"},"headline":"Vi\u0161nja Stare\u0161ina: Moskva planira suditi Ukrajincima po beogradskom modelu za Hrvate","datePublished":"2022-05-23T13:24:13+00:00","dateModified":"2022-05-23T13:24:15+00:00","mainEntityOfPage":{"@id":"https:\/\/radioljubuski.ba\/index.php\/2022\/05\/23\/visnja-staresina-moskva-planira-suditi-ukrajincima-po-beogradskom-modelu-za-hrvate\/"},"wordCount":869,"publisher":{"@id":"https:\/\/radioljubuski.ba\/#organization"},"image":{"@id":"https:\/\/radioljubuski.ba\/index.php\/2022\/05\/23\/visnja-staresina-moskva-planira-suditi-ukrajincima-po-beogradskom-modelu-za-hrvate\/#primaryimage"},"thumbnailUrl":"https:\/\/radioljubuski.ba\/wp-content\/uploads\/2021\/06\/visnja-staresina-735-735x400-1.jpg","articleSection":["BIH i regija"],"inLanguage":"hr"},{"@type":"WebPage","@id":"https:\/\/radioljubuski.ba\/index.php\/2022\/05\/23\/visnja-staresina-moskva-planira-suditi-ukrajincima-po-beogradskom-modelu-za-hrvate\/","url":"https:\/\/radioljubuski.ba\/index.php\/2022\/05\/23\/visnja-staresina-moskva-planira-suditi-ukrajincima-po-beogradskom-modelu-za-hrvate\/","name":"Vi\u0161nja Stare\u0161ina: Moskva planira suditi Ukrajincima po beogradskom modelu za Hrvate - RADIO LJUBU\u0160KI","isPartOf":{"@id":"https:\/\/radioljubuski.ba\/#website"},"primaryImageOfPage":{"@id":"https:\/\/radioljubuski.ba\/index.php\/2022\/05\/23\/visnja-staresina-moskva-planira-suditi-ukrajincima-po-beogradskom-modelu-za-hrvate\/#primaryimage"},"image":{"@id":"https:\/\/radioljubuski.ba\/index.php\/2022\/05\/23\/visnja-staresina-moskva-planira-suditi-ukrajincima-po-beogradskom-modelu-za-hrvate\/#primaryimage"},"thumbnailUrl":"https:\/\/radioljubuski.ba\/wp-content\/uploads\/2021\/06\/visnja-staresina-735-735x400-1.jpg","datePublished":"2022-05-23T13:24:13+00:00","dateModified":"2022-05-23T13:24:15+00:00","breadcrumb":{"@id":"https:\/\/radioljubuski.ba\/index.php\/2022\/05\/23\/visnja-staresina-moskva-planira-suditi-ukrajincima-po-beogradskom-modelu-za-hrvate\/#breadcrumb"},"inLanguage":"hr","potentialAction":[{"@type":"ReadAction","target":["https:\/\/radioljubuski.ba\/index.php\/2022\/05\/23\/visnja-staresina-moskva-planira-suditi-ukrajincima-po-beogradskom-modelu-za-hrvate\/"]}]},{"@type":"ImageObject","inLanguage":"hr","@id":"https:\/\/radioljubuski.ba\/index.php\/2022\/05\/23\/visnja-staresina-moskva-planira-suditi-ukrajincima-po-beogradskom-modelu-za-hrvate\/#primaryimage","url":"https:\/\/radioljubuski.ba\/wp-content\/uploads\/2021\/06\/visnja-staresina-735-735x400-1.jpg","contentUrl":"https:\/\/radioljubuski.ba\/wp-content\/uploads\/2021\/06\/visnja-staresina-735-735x400-1.jpg","width":735,"height":400},{"@type":"BreadcrumbList","@id":"https:\/\/radioljubuski.ba\/index.php\/2022\/05\/23\/visnja-staresina-moskva-planira-suditi-ukrajincima-po-beogradskom-modelu-za-hrvate\/#breadcrumb","itemListElement":[{"@type":"ListItem","position":1,"name":"Po\u010detna stranica","item":"https:\/\/radioljubuski.ba\/"},{"@type":"ListItem","position":2,"name":"Vi\u0161nja Stare\u0161ina: Moskva planira suditi Ukrajincima po beogradskom modelu za Hrvate"}]},{"@type":"WebSite","@id":"https:\/\/radioljubuski.ba\/#website","url":"https:\/\/radioljubuski.ba\/","name":"Radio Ljubu\u0161ki","description":"Sun\u010dana frekvencija Hercegovine","publisher":{"@id":"https:\/\/radioljubuski.ba\/#organization"},"potentialAction":[{"@type":"SearchAction","target":{"@type":"EntryPoint","urlTemplate":"https:\/\/radioljubuski.ba\/?s={search_term_string}"},"query-input":{"@type":"PropertyValueSpecification","valueRequired":true,"valueName":"search_term_string"}}],"inLanguage":"hr"},{"@type":"Organization","@id":"https:\/\/radioljubuski.ba\/#organization","name":"Radio Ljubu\u0161ki","url":"https:\/\/radioljubuski.ba\/","logo":{"@type":"ImageObject","inLanguage":"hr","@id":"https:\/\/radioljubuski.ba\/#\/schema\/logo\/image\/","url":"https:\/\/radioljubuski.ba\/wp-content\/uploads\/2021\/02\/cropped-Radio_Ljubuski_logo1.jpg","contentUrl":"https:\/\/radioljubuski.ba\/wp-content\/uploads\/2021\/02\/cropped-Radio_Ljubuski_logo1.jpg","width":512,"height":512,"caption":"Radio Ljubu\u0161ki"},"image":{"@id":"https:\/\/radioljubuski.ba\/#\/schema\/logo\/image\/"},"sameAs":["https:\/\/www.facebook.com\/Radiio-Ljubuski-1490835324566332","https:\/\/x.com\/radioljubuski","https:\/\/hr.linkedin.com\/company\/radio-ljubuski","https:\/\/www.youtube.com\/channel\/UCHYaeO_n0Db3tjNGudGpXyw"]},{"@type":"Person","@id":"https:\/\/radioljubuski.ba\/#\/schema\/person\/19fc700381a780f69665d7956c469e3b","name":"Radio Ljubu\u0161ki"}]}},"_links":{"self":[{"href":"https:\/\/radioljubuski.ba\/index.php\/wp-json\/wp\/v2\/posts\/143433","targetHints":{"allow":["GET"]}}],"collection":[{"href":"https:\/\/radioljubuski.ba\/index.php\/wp-json\/wp\/v2\/posts"}],"about":[{"href":"https:\/\/radioljubuski.ba\/index.php\/wp-json\/wp\/v2\/types\/post"}],"author":[{"embeddable":true,"href":"https:\/\/radioljubuski.ba\/index.php\/wp-json\/wp\/v2\/users\/2"}],"replies":[{"embeddable":true,"href":"https:\/\/radioljubuski.ba\/index.php\/wp-json\/wp\/v2\/comments?post=143433"}],"version-history":[{"count":1,"href":"https:\/\/radioljubuski.ba\/index.php\/wp-json\/wp\/v2\/posts\/143433\/revisions"}],"predecessor-version":[{"id":143434,"href":"https:\/\/radioljubuski.ba\/index.php\/wp-json\/wp\/v2\/posts\/143433\/revisions\/143434"}],"wp:featuredmedia":[{"embeddable":true,"href":"https:\/\/radioljubuski.ba\/index.php\/wp-json\/wp\/v2\/media\/29544"}],"wp:attachment":[{"href":"https:\/\/radioljubuski.ba\/index.php\/wp-json\/wp\/v2\/media?parent=143433"}],"wp:term":[{"taxonomy":"category","embeddable":true,"href":"https:\/\/radioljubuski.ba\/index.php\/wp-json\/wp\/v2\/categories?post=143433"},{"taxonomy":"post_tag","embeddable":true,"href":"https:\/\/radioljubuski.ba\/index.php\/wp-json\/wp\/v2\/tags?post=143433"}],"curies":[{"name":"wp","href":"https:\/\/api.w.org\/{rel}","templated":true}]}}