{"id":143435,"date":"2022-05-23T14:28:06","date_gmt":"2022-05-23T13:28:06","guid":{"rendered":"https:\/\/radioljubuski.ba\/?p=143435"},"modified":"2022-05-23T14:28:08","modified_gmt":"2022-05-23T13:28:08","slug":"hrvati-u-svijetu-nikola-primorac","status":"publish","type":"post","link":"https:\/\/radioljubuski.ba\/index.php\/2022\/05\/23\/hrvati-u-svijetu-nikola-primorac\/","title":{"rendered":"Hrvati u svijetu: Nikola Primorac"},"content":{"rendered":"\n<p>Vijest od 23. travnja 2022. da su dvojica hrvatskih branitelja, dragovoljaca obrambenoga Domovinskoga rata, Verner Ili\u0107 i Martin Cruickshank, za 83 dana sretno preveslali Atlantski ocean podsjetila me je na hrvatskoga pomorca Nikolu Primorca koji je s kolegom u brodici manjoj nego itko ikada prije preplovio Atlantik. Iako se o Nikoli ponekad pisalo, ipak njegovo ime nije prepoznatljivo me\u0111u Hrvatima koliko bi trebalo biti. \u010cak ga ni enciklopedije ni leksikoni ne spominju. Zato, ne \u0107e biti na odmet prisjetiti se Primor\u010deve uspje\u0161ne avanture koja je prije 150 godina zadivila svijet.<\/p>\n\n\n\n<p>Nikola je ro\u0111en u Dubrovniku 28. srpnja 1840. godine, u brojnoj obitelji Ive i Ane, ro\u0111. Nadramija u Brgatu. Budu\u0107i da Nikolu u engleskim izvorima toga vremena oslovljavaju kapetanom, mora da je ve\u0107 kao mlad Dubrov\u010danin bio iskusan mornar. Je li bio kapetan nekoga broda prije svoje prekooceanske plovidbe u brodici <em>City of Ragusa<\/em>, ne znamo. Ka\u017eu da je domovinu napustio kad mu je bilo dvadesetak godina. Spominje se da je imao \u017eenu i djecu, koji su rano umrli. Mo\u017eemo samo naga\u0111ati kako je i za\u0161to Nikola dospio u Englesku, ali je najvjerojatnije i njega u tu\u0111inu potegla \u017eelja za boljim \u017eivotnim prilikama, a i da vidi taj \u201ebijeli svijet\u201d o kojem su pri\u010dali stariji pomorci.<\/p>\n\n\n\n<p>Najpoznatiji dio Nikoline \u017eivotne pri\u010de jest prekooceanska plovidba koju do tada nitko nije poduzeo u tako maloj brodici. On i Irac John Charles Buckley imali su ne samo plovidbeno znanje i iskustvo, nego i za\u010du\u0111uju\u0107u hrabrost otisnuti se na oceansku pu\u010dinu kao na maloj trijesci drveta. Nikola je kupio staru, odba\u010denu i bezimenu brodicu (\u0161est i ne\u0161to metara duga i malo vi\u0161e od metra \u0161iroka), dao ju popraviti, napraviti potrebne izmjene i krstio ju po rodnom gradu <em>City of Ragusa<\/em> \/ Grad Dubrovnik.<\/p>\n\n\n\n<p>Postoji vi\u0161e ina\u010dica pri\u010de kako se Nikola odlu\u010dio na prekooceansku plovidbu u tako maloj i krhkoj brodici. Legenda ka\u017ee, dok je u nekoj liverpoolskoj kr\u010dmi s mornarima pio, Nikola se okladio da \u0107e za 100 funti sterlinga (neki navode \u010dak 1000!) svojom malom jedrilicom uspje\u0161no preploviti od Liverpoola do New Yorka. Navodno je Buckley bio pijan kad se ukrcao na brodicu, da je na\u0161ao sebi zamjenu i na vrijeme se iskrcao. Ali \u010dini se da to nije bila tako hirovita odluka, nego pomno pripremljena plovidba. Premda tada\u0161nji tisak veli\u010da Buckleyjevu ulogu, a Nikolu spominju kao pomo\u0107nika, o\u010dito je da je Nikola, imaju\u0107i duh i tradiciju starih dubrova\u010dkih pomoraca, donio odluku o putovanju, kupio i \u201ekrstio\u201d brodicu i dao napraviti potrebne pripreme. Tako\u0111er, ka\u017ee se da je od habsbur\u0161kih vlasti Primorac zatra\u017eio dopu\u0161tenja da plovi pod barjakom sv. Vlahe, ali mu Be\u010d nije dopustio pa su se britanske boje vijorile na vrhu jarbola. To je bio kapetanski posao, a ne nekoga pomo\u0107nika.<\/p>\n\n\n\n<figure class=\"wp-block-image\"><img decoding=\"async\" src=\"https:\/\/www.hkv.hr\/images\/stories\/slike15\/01\/NPrimorac2.png\" alt=\"NPrimorac2\"\/><\/figure>\n\n\n\n<p><em>City of Ragusa<\/em> je iz Liverpoola isplovila 2. (negdje stoji 3., a negdje 1.) lipnja 1870. godine. Tada\u0161nji londonski \u201eTimes\u201c komentirao je da je to \u201enevjerojatno hrabra i luda avantura koja bi se mogla pretvoriti u tragediju ili trijumf\u201d.<\/p>\n\n\n\n<p>Sre\u0107om, brodica, na\u0161 Nikola i njegov kolega Buckley doplovili su \u017eivi i zdravi, ali ne u New York, nego u Boston, nakon 80 dana (ponegdje stoji 92 dana). Velik je pothvat bilo to \u0161to su sretno doplovili i \u0161to je <em>City of Ragusa<\/em> uspje\u0161no izdr\u017eala neumoljive udare oceanskih valovima, a je li putovanje trajalo koji dan vi\u0161e ili manje, nije va\u017eno.<\/p>\n\n\n\n<p>Odjek toga prekooceanskoga pothvata bio je velik diljem svijeta. Brodica je bila izlo\u017eena na vi\u0161e mjesta u Americi, uklju\u010duju\u0107i i zgradu \u201eMechanics Hall\u201d u Worcesteru, relativno blizu Bostona. City of Ragusa privla\u010dila je pozornost i divljenje, ne samo pomoraca nego i ameri\u010dkih gra\u0111ana. Do\u0161ao ju je vidjeti i ameri\u010dki predsjednik Grant te \u010destito pomorcima na hrabrosti i uspjehu. Iste su godine objavljeni dnevni zapisi plovidbe od Liverpoola do Bostona. (P. Donahoe, <em>The thrilling log; with incidents, hair-breath escapes, &amp;c., &amp;c., of the little boat &#8220;City of Ragusa&#8221;, on her voyage from Liverpool, via Queenstown, to Boston<\/em>. Boston: The Pilot Press, 1870.)<\/p>\n\n\n\n<p>Nikola se sljede\u0107e godine ponovo uputio svojoj brodicom na prekooceansku plovidbu. Ovoga puta od New Yorka do Liverpoola. Zahvaljuju\u0107i povoljnim vjetrovima i morskim strujama, putovanje u Europu bilo je mnogo br\u017ee i bez ve\u0107ih pote\u0161ko\u0107a. U Liverpool je stigao za 30 (negdje stoji 33) dana. Neka izvje\u0161\u0107a vele da je plovio sam, a druga da je s njim bio pomorac Edward T. W. Hayter s Novoga Zelanda. Kraljica Viktorija \u010destitala im je na uspje\u0161noj plovidbi. Navodno ih je i nagradila. Brodica <em>City of Ragusa<\/em> bila je izlo\u017eena na vi\u0161e mjesta, a dospjela je u Muzej u Liverpoolu. Uni\u0161tena je 1941., ali je ostala zapisana u povijesti pomorstva, kao i Nikola Primorac.<\/p>\n\n\n\n<p>Za pomorce morske \u0161irine nisu strah, nego izazov koji ih kao magnet privla\u010di. Hrvatski pomorci prednja\u010dili su u otvaranju novih morskih \u201estaza\u201d diljem svijeta, tra\u017ee\u0107i ne samo bogatstva, nego i nova znanja i spoznaje. Mnogi su pretrpjeli brodolome i izgubili \u017eivote, ali zvukovi morskih sirena uvijek i nanovo o\u010daravaju one koji nemaju straha od mora, kao ni od \u017eivota. Na\u0161 Nikola, izdanak slavne dubrova\u010dke pomorske tradicije, nakon svjetskog pothvata, izdahnu od tuberkuloze 1. o\u017eujka 1886. u Prescotu, Merseyside, nedaleko od Liverpoola. Kako se nije pla\u0161io mora ni \u017eivota, vjerujemo da se nije pla\u0161io ni smrti koju je susreo daleko od svojega rodnoga Dubrovnika.<\/p>\n\n\n\n<p>dr. <strong>A<\/strong>nte <strong>\u010c<\/strong>uvalo<\/p>\n\n\n\n<p>izvor:hkv.hr<\/p>\n","protected":false},"excerpt":{"rendered":"<p>Vijest od 23. travnja 2022. da su dvojica hrvatskih branitelja, dragovoljaca obrambenoga Domovinskoga rata, Verner Ili\u0107 i Martin Cruickshank, za 83 dana sretno preveslali Atlantski ocean podsjetila me je na hrvatskoga pomorca Nikolu Primorca koji je s kolegom u brodici manjoj nego itko ikada prije preplovio Atlantik. Iako se o Nikoli ponekad pisalo, ipak njegovo [&hellip;]<\/p>\n","protected":false},"author":2,"featured_media":143436,"comment_status":"closed","ping_status":"closed","sticky":false,"template":"","format":"standard","meta":{"h5ap_radio_sources":[],"footnotes":""},"categories":[1],"tags":[],"class_list":["post-143435","post","type-post","status-publish","format-standard","has-post-thumbnail","hentry","category-bihiregija"],"yoast_head":"<!-- This site is optimized with the Yoast SEO plugin v27.5 - https:\/\/yoast.com\/product\/yoast-seo-wordpress\/ -->\n<title>Hrvati u svijetu: Nikola Primorac - RADIO LJUBU\u0160KI<\/title>\n<meta name=\"robots\" content=\"index, follow, max-snippet:-1, max-image-preview:large, max-video-preview:-1\" \/>\n<link rel=\"canonical\" href=\"https:\/\/radioljubuski.ba\/index.php\/2022\/05\/23\/hrvati-u-svijetu-nikola-primorac\/\" \/>\n<meta property=\"og:locale\" content=\"hr_HR\" \/>\n<meta property=\"og:type\" content=\"article\" \/>\n<meta property=\"og:title\" content=\"Hrvati u svijetu: Nikola Primorac - RADIO LJUBU\u0160KI\" \/>\n<meta property=\"og:description\" content=\"Vijest od 23. travnja 2022. da su dvojica hrvatskih branitelja, dragovoljaca obrambenoga Domovinskoga rata, Verner Ili\u0107 i Martin Cruickshank, za 83 dana sretno preveslali Atlantski ocean podsjetila me je na hrvatskoga pomorca Nikolu Primorca koji je s kolegom u brodici manjoj nego itko ikada prije preplovio Atlantik. Iako se o Nikoli ponekad pisalo, ipak njegovo [&hellip;]\" \/>\n<meta property=\"og:url\" content=\"https:\/\/radioljubuski.ba\/index.php\/2022\/05\/23\/hrvati-u-svijetu-nikola-primorac\/\" \/>\n<meta property=\"og:site_name\" content=\"RADIO LJUBU\u0160KI\" \/>\n<meta property=\"article:publisher\" content=\"https:\/\/www.facebook.com\/Radiio-Ljubuski-1490835324566332\" \/>\n<meta property=\"article:published_time\" content=\"2022-05-23T13:28:06+00:00\" \/>\n<meta property=\"article:modified_time\" content=\"2022-05-23T13:28:08+00:00\" \/>\n<meta property=\"og:image\" content=\"https:\/\/radioljubuski.ba\/wp-content\/uploads\/2022\/05\/Nikola_Primorac.png\" \/>\n\t<meta property=\"og:image:width\" content=\"310\" \/>\n\t<meta property=\"og:image:height\" content=\"252\" \/>\n\t<meta property=\"og:image:type\" content=\"image\/png\" \/>\n<meta name=\"author\" content=\"Radio Ljubu\u0161ki\" \/>\n<meta name=\"twitter:card\" content=\"summary_large_image\" \/>\n<meta name=\"twitter:creator\" content=\"@radioljubuski\" \/>\n<meta name=\"twitter:site\" content=\"@radioljubuski\" \/>\n<meta name=\"twitter:label1\" content=\"Napisao\/la\" \/>\n\t<meta name=\"twitter:data1\" content=\"Radio Ljubu\u0161ki\" \/>\n\t<meta name=\"twitter:label2\" content=\"Procijenjeno vrijeme \u010ditanja\" \/>\n\t<meta name=\"twitter:data2\" content=\"5 minuta\" \/>\n<script type=\"application\/ld+json\" class=\"yoast-schema-graph\">{\"@context\":\"https:\\\/\\\/schema.org\",\"@graph\":[{\"@type\":\"Article\",\"@id\":\"https:\\\/\\\/radioljubuski.ba\\\/index.php\\\/2022\\\/05\\\/23\\\/hrvati-u-svijetu-nikola-primorac\\\/#article\",\"isPartOf\":{\"@id\":\"https:\\\/\\\/radioljubuski.ba\\\/index.php\\\/2022\\\/05\\\/23\\\/hrvati-u-svijetu-nikola-primorac\\\/\"},\"author\":{\"name\":\"Radio Ljubu\u0161ki\",\"@id\":\"https:\\\/\\\/radioljubuski.ba\\\/#\\\/schema\\\/person\\\/19fc700381a780f69665d7956c469e3b\"},\"headline\":\"Hrvati u svijetu: Nikola Primorac\",\"datePublished\":\"2022-05-23T13:28:06+00:00\",\"dateModified\":\"2022-05-23T13:28:08+00:00\",\"mainEntityOfPage\":{\"@id\":\"https:\\\/\\\/radioljubuski.ba\\\/index.php\\\/2022\\\/05\\\/23\\\/hrvati-u-svijetu-nikola-primorac\\\/\"},\"wordCount\":932,\"publisher\":{\"@id\":\"https:\\\/\\\/radioljubuski.ba\\\/#organization\"},\"image\":{\"@id\":\"https:\\\/\\\/radioljubuski.ba\\\/index.php\\\/2022\\\/05\\\/23\\\/hrvati-u-svijetu-nikola-primorac\\\/#primaryimage\"},\"thumbnailUrl\":\"https:\\\/\\\/radioljubuski.ba\\\/wp-content\\\/uploads\\\/2022\\\/05\\\/Nikola_Primorac.png\",\"articleSection\":[\"BIH i regija\"],\"inLanguage\":\"hr\"},{\"@type\":\"WebPage\",\"@id\":\"https:\\\/\\\/radioljubuski.ba\\\/index.php\\\/2022\\\/05\\\/23\\\/hrvati-u-svijetu-nikola-primorac\\\/\",\"url\":\"https:\\\/\\\/radioljubuski.ba\\\/index.php\\\/2022\\\/05\\\/23\\\/hrvati-u-svijetu-nikola-primorac\\\/\",\"name\":\"Hrvati u svijetu: Nikola Primorac - RADIO LJUBU\u0160KI\",\"isPartOf\":{\"@id\":\"https:\\\/\\\/radioljubuski.ba\\\/#website\"},\"primaryImageOfPage\":{\"@id\":\"https:\\\/\\\/radioljubuski.ba\\\/index.php\\\/2022\\\/05\\\/23\\\/hrvati-u-svijetu-nikola-primorac\\\/#primaryimage\"},\"image\":{\"@id\":\"https:\\\/\\\/radioljubuski.ba\\\/index.php\\\/2022\\\/05\\\/23\\\/hrvati-u-svijetu-nikola-primorac\\\/#primaryimage\"},\"thumbnailUrl\":\"https:\\\/\\\/radioljubuski.ba\\\/wp-content\\\/uploads\\\/2022\\\/05\\\/Nikola_Primorac.png\",\"datePublished\":\"2022-05-23T13:28:06+00:00\",\"dateModified\":\"2022-05-23T13:28:08+00:00\",\"breadcrumb\":{\"@id\":\"https:\\\/\\\/radioljubuski.ba\\\/index.php\\\/2022\\\/05\\\/23\\\/hrvati-u-svijetu-nikola-primorac\\\/#breadcrumb\"},\"inLanguage\":\"hr\",\"potentialAction\":[{\"@type\":\"ReadAction\",\"target\":[\"https:\\\/\\\/radioljubuski.ba\\\/index.php\\\/2022\\\/05\\\/23\\\/hrvati-u-svijetu-nikola-primorac\\\/\"]}]},{\"@type\":\"ImageObject\",\"inLanguage\":\"hr\",\"@id\":\"https:\\\/\\\/radioljubuski.ba\\\/index.php\\\/2022\\\/05\\\/23\\\/hrvati-u-svijetu-nikola-primorac\\\/#primaryimage\",\"url\":\"https:\\\/\\\/radioljubuski.ba\\\/wp-content\\\/uploads\\\/2022\\\/05\\\/Nikola_Primorac.png\",\"contentUrl\":\"https:\\\/\\\/radioljubuski.ba\\\/wp-content\\\/uploads\\\/2022\\\/05\\\/Nikola_Primorac.png\",\"width\":310,\"height\":252},{\"@type\":\"BreadcrumbList\",\"@id\":\"https:\\\/\\\/radioljubuski.ba\\\/index.php\\\/2022\\\/05\\\/23\\\/hrvati-u-svijetu-nikola-primorac\\\/#breadcrumb\",\"itemListElement\":[{\"@type\":\"ListItem\",\"position\":1,\"name\":\"Po\u010detna stranica\",\"item\":\"https:\\\/\\\/radioljubuski.ba\\\/\"},{\"@type\":\"ListItem\",\"position\":2,\"name\":\"Hrvati u svijetu: Nikola Primorac\"}]},{\"@type\":\"WebSite\",\"@id\":\"https:\\\/\\\/radioljubuski.ba\\\/#website\",\"url\":\"https:\\\/\\\/radioljubuski.ba\\\/\",\"name\":\"Radio Ljubu\u0161ki\",\"description\":\"Sun\u010dana frekvencija Hercegovine\",\"publisher\":{\"@id\":\"https:\\\/\\\/radioljubuski.ba\\\/#organization\"},\"potentialAction\":[{\"@type\":\"SearchAction\",\"target\":{\"@type\":\"EntryPoint\",\"urlTemplate\":\"https:\\\/\\\/radioljubuski.ba\\\/?s={search_term_string}\"},\"query-input\":{\"@type\":\"PropertyValueSpecification\",\"valueRequired\":true,\"valueName\":\"search_term_string\"}}],\"inLanguage\":\"hr\"},{\"@type\":\"Organization\",\"@id\":\"https:\\\/\\\/radioljubuski.ba\\\/#organization\",\"name\":\"Radio Ljubu\u0161ki\",\"url\":\"https:\\\/\\\/radioljubuski.ba\\\/\",\"logo\":{\"@type\":\"ImageObject\",\"inLanguage\":\"hr\",\"@id\":\"https:\\\/\\\/radioljubuski.ba\\\/#\\\/schema\\\/logo\\\/image\\\/\",\"url\":\"https:\\\/\\\/radioljubuski.ba\\\/wp-content\\\/uploads\\\/2021\\\/02\\\/cropped-Radio_Ljubuski_logo1.jpg\",\"contentUrl\":\"https:\\\/\\\/radioljubuski.ba\\\/wp-content\\\/uploads\\\/2021\\\/02\\\/cropped-Radio_Ljubuski_logo1.jpg\",\"width\":512,\"height\":512,\"caption\":\"Radio Ljubu\u0161ki\"},\"image\":{\"@id\":\"https:\\\/\\\/radioljubuski.ba\\\/#\\\/schema\\\/logo\\\/image\\\/\"},\"sameAs\":[\"https:\\\/\\\/www.facebook.com\\\/Radiio-Ljubuski-1490835324566332\",\"https:\\\/\\\/x.com\\\/radioljubuski\",\"https:\\\/\\\/hr.linkedin.com\\\/company\\\/radio-ljubuski\",\"https:\\\/\\\/www.youtube.com\\\/channel\\\/UCHYaeO_n0Db3tjNGudGpXyw\"]},{\"@type\":\"Person\",\"@id\":\"https:\\\/\\\/radioljubuski.ba\\\/#\\\/schema\\\/person\\\/19fc700381a780f69665d7956c469e3b\",\"name\":\"Radio Ljubu\u0161ki\"}]}<\/script>\n<!-- \/ Yoast SEO plugin. -->","yoast_head_json":{"title":"Hrvati u svijetu: Nikola Primorac - RADIO LJUBU\u0160KI","robots":{"index":"index","follow":"follow","max-snippet":"max-snippet:-1","max-image-preview":"max-image-preview:large","max-video-preview":"max-video-preview:-1"},"canonical":"https:\/\/radioljubuski.ba\/index.php\/2022\/05\/23\/hrvati-u-svijetu-nikola-primorac\/","og_locale":"hr_HR","og_type":"article","og_title":"Hrvati u svijetu: Nikola Primorac - RADIO LJUBU\u0160KI","og_description":"Vijest od 23. travnja 2022. da su dvojica hrvatskih branitelja, dragovoljaca obrambenoga Domovinskoga rata, Verner Ili\u0107 i Martin Cruickshank, za 83 dana sretno preveslali Atlantski ocean podsjetila me je na hrvatskoga pomorca Nikolu Primorca koji je s kolegom u brodici manjoj nego itko ikada prije preplovio Atlantik. Iako se o Nikoli ponekad pisalo, ipak njegovo [&hellip;]","og_url":"https:\/\/radioljubuski.ba\/index.php\/2022\/05\/23\/hrvati-u-svijetu-nikola-primorac\/","og_site_name":"RADIO LJUBU\u0160KI","article_publisher":"https:\/\/www.facebook.com\/Radiio-Ljubuski-1490835324566332","article_published_time":"2022-05-23T13:28:06+00:00","article_modified_time":"2022-05-23T13:28:08+00:00","og_image":[{"width":310,"height":252,"url":"https:\/\/radioljubuski.ba\/wp-content\/uploads\/2022\/05\/Nikola_Primorac.png","type":"image\/png"}],"author":"Radio Ljubu\u0161ki","twitter_card":"summary_large_image","twitter_creator":"@radioljubuski","twitter_site":"@radioljubuski","twitter_misc":{"Napisao\/la":"Radio Ljubu\u0161ki","Procijenjeno vrijeme \u010ditanja":"5 minuta"},"schema":{"@context":"https:\/\/schema.org","@graph":[{"@type":"Article","@id":"https:\/\/radioljubuski.ba\/index.php\/2022\/05\/23\/hrvati-u-svijetu-nikola-primorac\/#article","isPartOf":{"@id":"https:\/\/radioljubuski.ba\/index.php\/2022\/05\/23\/hrvati-u-svijetu-nikola-primorac\/"},"author":{"name":"Radio Ljubu\u0161ki","@id":"https:\/\/radioljubuski.ba\/#\/schema\/person\/19fc700381a780f69665d7956c469e3b"},"headline":"Hrvati u svijetu: Nikola Primorac","datePublished":"2022-05-23T13:28:06+00:00","dateModified":"2022-05-23T13:28:08+00:00","mainEntityOfPage":{"@id":"https:\/\/radioljubuski.ba\/index.php\/2022\/05\/23\/hrvati-u-svijetu-nikola-primorac\/"},"wordCount":932,"publisher":{"@id":"https:\/\/radioljubuski.ba\/#organization"},"image":{"@id":"https:\/\/radioljubuski.ba\/index.php\/2022\/05\/23\/hrvati-u-svijetu-nikola-primorac\/#primaryimage"},"thumbnailUrl":"https:\/\/radioljubuski.ba\/wp-content\/uploads\/2022\/05\/Nikola_Primorac.png","articleSection":["BIH i regija"],"inLanguage":"hr"},{"@type":"WebPage","@id":"https:\/\/radioljubuski.ba\/index.php\/2022\/05\/23\/hrvati-u-svijetu-nikola-primorac\/","url":"https:\/\/radioljubuski.ba\/index.php\/2022\/05\/23\/hrvati-u-svijetu-nikola-primorac\/","name":"Hrvati u svijetu: Nikola Primorac - RADIO LJUBU\u0160KI","isPartOf":{"@id":"https:\/\/radioljubuski.ba\/#website"},"primaryImageOfPage":{"@id":"https:\/\/radioljubuski.ba\/index.php\/2022\/05\/23\/hrvati-u-svijetu-nikola-primorac\/#primaryimage"},"image":{"@id":"https:\/\/radioljubuski.ba\/index.php\/2022\/05\/23\/hrvati-u-svijetu-nikola-primorac\/#primaryimage"},"thumbnailUrl":"https:\/\/radioljubuski.ba\/wp-content\/uploads\/2022\/05\/Nikola_Primorac.png","datePublished":"2022-05-23T13:28:06+00:00","dateModified":"2022-05-23T13:28:08+00:00","breadcrumb":{"@id":"https:\/\/radioljubuski.ba\/index.php\/2022\/05\/23\/hrvati-u-svijetu-nikola-primorac\/#breadcrumb"},"inLanguage":"hr","potentialAction":[{"@type":"ReadAction","target":["https:\/\/radioljubuski.ba\/index.php\/2022\/05\/23\/hrvati-u-svijetu-nikola-primorac\/"]}]},{"@type":"ImageObject","inLanguage":"hr","@id":"https:\/\/radioljubuski.ba\/index.php\/2022\/05\/23\/hrvati-u-svijetu-nikola-primorac\/#primaryimage","url":"https:\/\/radioljubuski.ba\/wp-content\/uploads\/2022\/05\/Nikola_Primorac.png","contentUrl":"https:\/\/radioljubuski.ba\/wp-content\/uploads\/2022\/05\/Nikola_Primorac.png","width":310,"height":252},{"@type":"BreadcrumbList","@id":"https:\/\/radioljubuski.ba\/index.php\/2022\/05\/23\/hrvati-u-svijetu-nikola-primorac\/#breadcrumb","itemListElement":[{"@type":"ListItem","position":1,"name":"Po\u010detna stranica","item":"https:\/\/radioljubuski.ba\/"},{"@type":"ListItem","position":2,"name":"Hrvati u svijetu: Nikola Primorac"}]},{"@type":"WebSite","@id":"https:\/\/radioljubuski.ba\/#website","url":"https:\/\/radioljubuski.ba\/","name":"Radio Ljubu\u0161ki","description":"Sun\u010dana frekvencija Hercegovine","publisher":{"@id":"https:\/\/radioljubuski.ba\/#organization"},"potentialAction":[{"@type":"SearchAction","target":{"@type":"EntryPoint","urlTemplate":"https:\/\/radioljubuski.ba\/?s={search_term_string}"},"query-input":{"@type":"PropertyValueSpecification","valueRequired":true,"valueName":"search_term_string"}}],"inLanguage":"hr"},{"@type":"Organization","@id":"https:\/\/radioljubuski.ba\/#organization","name":"Radio Ljubu\u0161ki","url":"https:\/\/radioljubuski.ba\/","logo":{"@type":"ImageObject","inLanguage":"hr","@id":"https:\/\/radioljubuski.ba\/#\/schema\/logo\/image\/","url":"https:\/\/radioljubuski.ba\/wp-content\/uploads\/2021\/02\/cropped-Radio_Ljubuski_logo1.jpg","contentUrl":"https:\/\/radioljubuski.ba\/wp-content\/uploads\/2021\/02\/cropped-Radio_Ljubuski_logo1.jpg","width":512,"height":512,"caption":"Radio Ljubu\u0161ki"},"image":{"@id":"https:\/\/radioljubuski.ba\/#\/schema\/logo\/image\/"},"sameAs":["https:\/\/www.facebook.com\/Radiio-Ljubuski-1490835324566332","https:\/\/x.com\/radioljubuski","https:\/\/hr.linkedin.com\/company\/radio-ljubuski","https:\/\/www.youtube.com\/channel\/UCHYaeO_n0Db3tjNGudGpXyw"]},{"@type":"Person","@id":"https:\/\/radioljubuski.ba\/#\/schema\/person\/19fc700381a780f69665d7956c469e3b","name":"Radio Ljubu\u0161ki"}]}},"_links":{"self":[{"href":"https:\/\/radioljubuski.ba\/index.php\/wp-json\/wp\/v2\/posts\/143435","targetHints":{"allow":["GET"]}}],"collection":[{"href":"https:\/\/radioljubuski.ba\/index.php\/wp-json\/wp\/v2\/posts"}],"about":[{"href":"https:\/\/radioljubuski.ba\/index.php\/wp-json\/wp\/v2\/types\/post"}],"author":[{"embeddable":true,"href":"https:\/\/radioljubuski.ba\/index.php\/wp-json\/wp\/v2\/users\/2"}],"replies":[{"embeddable":true,"href":"https:\/\/radioljubuski.ba\/index.php\/wp-json\/wp\/v2\/comments?post=143435"}],"version-history":[{"count":1,"href":"https:\/\/radioljubuski.ba\/index.php\/wp-json\/wp\/v2\/posts\/143435\/revisions"}],"predecessor-version":[{"id":143437,"href":"https:\/\/radioljubuski.ba\/index.php\/wp-json\/wp\/v2\/posts\/143435\/revisions\/143437"}],"wp:featuredmedia":[{"embeddable":true,"href":"https:\/\/radioljubuski.ba\/index.php\/wp-json\/wp\/v2\/media\/143436"}],"wp:attachment":[{"href":"https:\/\/radioljubuski.ba\/index.php\/wp-json\/wp\/v2\/media?parent=143435"}],"wp:term":[{"taxonomy":"category","embeddable":true,"href":"https:\/\/radioljubuski.ba\/index.php\/wp-json\/wp\/v2\/categories?post=143435"},{"taxonomy":"post_tag","embeddable":true,"href":"https:\/\/radioljubuski.ba\/index.php\/wp-json\/wp\/v2\/tags?post=143435"}],"curies":[{"name":"wp","href":"https:\/\/api.w.org\/{rel}","templated":true}]}}