{"id":143438,"date":"2022-05-23T14:30:53","date_gmt":"2022-05-23T13:30:53","guid":{"rendered":"https:\/\/radioljubuski.ba\/?p=143438"},"modified":"2022-05-23T14:30:55","modified_gmt":"2022-05-23T13:30:55","slug":"teska-kriza-u-italiji-se-zatvaraju-gradilista-poskupljenja-od-spanjolske-do-poljske-u-bugarskoj-prosvjedi","status":"publish","type":"post","link":"https:\/\/radioljubuski.ba\/index.php\/2022\/05\/23\/teska-kriza-u-italiji-se-zatvaraju-gradilista-poskupljenja-od-spanjolske-do-poljske-u-bugarskoj-prosvjedi\/","title":{"rendered":"Te\u0161ka kriza: U Italiji se zatvaraju gradili\u0161ta, poskupljenja od \u0160panjolske do Poljske, u Bugarskoj prosvjedi"},"content":{"rendered":"\n<p>Edoardo Ronzoni pregledava gradili\u0161te u blizini Milana koje je zatvorio u o\u017eujku jer su tro\u0161kovi materijala naglo porasli. Ne mo\u017ee dovr\u0161iti poluizgra\u0111eni kru\u017eni tok na raskri\u017eju jer su asfalt, cijevi od lijevanog \u017eeljeza i beton preskupi.<\/p>\n\n\n\n<p>Javni radovi u Italiji se zaustavljaju upravo u trenutku kada Europska unija daje 108 milijardi eura novca za oporavak od pandemije koji bi trebao pokrenuti gra\u0111evinsku industriju.<\/p>\n\n\n\n<p>Ronzoni se \u017eali da je njegova tvrtka ve\u0107 izgubila svoja tri najprometnija mjeseca i o\u010dekuje da je najgore pred nama: \u201eBojimo se da ove godine ne\u0107emo mo\u0107i raditi. Zatvaramo sve na\u0161e radove.\u201d<\/p>\n\n\n\n<p>Rat je ubrzao inflaciju diljem Europe i svijeta, a cijene energije, materijala i hrane rastu po stopama koje nisu zabilje\u017eene desetlje\u0107ima. To izaziva \u0161okove u trgovini, benzinskim pumpama, ra\u010dunima za struju i gradili\u0161tima.<\/p>\n\n\n\n<h3 class=\"wp-block-heading\"><strong>Rastu\u0107e cijene nafte i plina klju\u010dni su pokreta\u010d inflacije<\/strong><\/h3>\n\n\n\n<p>Rastu\u0107e cijene nafte i plina klju\u010dni su pokreta\u010d inflacije u Europi, koja se uvelike oslanja na rusku energiju za proizvodnju elektri\u010dne energije i elektroenergetske industrije. O\u010dekuje se da \u0107e inflacija ove godine dose\u0107i gotovo 7% u 27-\u010dlanoj EU i pridonosi usporavanju predvi\u0111anja rasta, pi\u0161e <a href=\"https:\/\/apnews.com\/article\/russia-ukraine-covid-health-e517e89534a01f87e9be1730b10c6519\">Associated Press<\/a>.<\/p>\n\n\n\n<p>Trgovci ribom i poljoprivrednici prisiljeni su napla\u0107ivati \u200b\u200bcijene za svoj ulov i usjeve koje \u010dak i oni smatraju astronomskima. Visoke cijene goriva prijete paralizom kopnenog transporta robe. Cijene kruha raste od Poljske do Belgije. Prosvjedi zbog pove\u0107anja cijena izbili su u zemljama poput Bugarske. Iako su vlade odgovorile smanjenjem poreza i drugom pomo\u0107i, suo\u010davaju se s ograni\u010denjima u ubla\u017eavanju utjecaja nestabilnih energetskih tr\u017ei\u0161ta.<\/p>\n\n\n\n<p>&gt;Grubi\u0161i\u0107 o nesta\u0161ici proizvoda: \u201cNeke stvari morat \u0107emo tro\u0161iti u manjim koli\u010dinama i morat \u0107emo raditi izbor\u201d<\/p>\n\n\n\n<p>\u201cBila sam pozitivna osoba, ali za sada ne mogu vidjeti svjetlo na kraju tunela\u201d, rekla je Eva Fuchsova, majka troje djece koja \u017eivi u gradu Touskov u zapadnoj \u010ce\u0161koj.<\/p>\n\n\n\n<p>\u201cMoram stegnuti pojas. Kupujem vo\u0107e i povr\u0107e tako da moja djeca imaju sve, ali ga ne diram \u2013 rekla je.<\/p>\n\n\n\n<h3 class=\"wp-block-heading\"><strong>Ekonomisti situaciju nazivaju savr\u0161enom olujom<\/strong><\/h3>\n\n\n\n<p>Ekonomisti to nazivaju savr\u0161enom olujom, koja poga\u0111a dok su zemlje osloba\u0111ale potro\u0161nju kako bi potaknule gospodarski oporavak od pandemije COVID-19. Rastu\u0107a potra\u017enja kupaca preplavila je tvornice, luke i teretna gradili\u0161ta, \u0161to je rezultiralo nesta\u0161icom koja je potaknula dizanje cijena.<\/p>\n\n\n\n<p>Dodajmo tome: rat u Ukrajini blokirao je izvoz sirovina poput \u010delika i minerala koje su odr\u017eavale zapadnu Europu, kao i roba poput \u017eitarica i ulja od sjemenki, s naglaskom na globalnu nesta\u0161icu.<\/p>\n\n\n\n<p>Inflacija je posebno prisutna u zemljama srednje i isto\u010dne Europe koje su najbli\u017ee bojnim poljima Ukrajine. Cijene su u travnju porasle 14,2% u \u010ce\u0161koj, 12,3% u Poljskoj i 10,8% u Gr\u010dkoj. One su se popele na 61% u Turskoj, \u010dija je valuta pro\u0161le godine izgubila 44% vrijednosti u odnosu na dolar.<\/p>\n\n\n\n<p>Radnici u trgovinama od Var\u0161ave do Istanbula ka\u017eu da kupci smanjuju, kupuju jeftinije artikle, odustaju od fino\u0107a poput svje\u017eeg cvije\u0107a i stvari koje mogu odgoditi, poput nove odje\u0107e.<\/p>\n\n\n\n<p>U glavnom gradu Turske, mesar Bayram Koza rekao je da je zabilje\u017eio pad prodaje od 20 posto nakon \u0161to su se cijene gotovo udvostru\u010dile, uglavnom zbog tro\u0161kova hrane za \u017eivotinje. To \u010dini sto\u010darstvo neisplativim, a mnogi poljoprivrednici prodaju sve i sele u grad, rekao je.<\/p>\n\n\n\n<p>\u201c\u010cak i u (imu\u0107noj \u010detvrti) Cankyaya, ljudi vi\u0161e ne kupuju prema svojim potrebama, ve\u0107 prema onome \u0161to si mogu priu\u0161titi. Oni koji su kupovali dvije kile mljevenog mesa sada kupuju najvi\u0161e kilogram\u201d, rekao je.<\/p>\n\n\n\n<h3 class=\"wp-block-heading\"><strong>Cijena jestivog ulja u Gr\u010dkoj se u\u010detverostru\u010dila<\/strong><\/h3>\n\n\n\n<p>Na gr\u010dkom otoku Rodosu, vlasnik ribljeg restorana Paris Parasos ustaje u zoru kako bi oti\u0161ao na pecanje kako bi smanjio tro\u0161kove. No i dalje je morao podi\u0107i cijene u svom restoranu u glavnom gradu na otoku jer su se cijene jestivog ulja u\u010detvorostru\u010dile. Osim toga, trostruko su ve\u0107i ra\u010duni za plin i struju za kuhanje.<\/p>\n\n\n\n<p>\u201cMogao bih sniziti kvalitetu i vi\u0161e koristiti ulje, ali odbijam to u\u010diniti. \u017delimo da se kupci vrate i o\u010dekuju istu kvalitetu\u201d, rekao je Parasos.<\/p>\n\n\n\n<p>U Poljskoj su cijene kruha porasle za 30%, zbog \u010dega se kupci \u0161alju u diskontna mjesta. Pekari u Belgiji otpu\u0161taju radnike jer cijene kruha rastu za 30 centi, na 2,70 eura.<\/p>\n\n\n\n<p>\u201cZnam pekare koji rade 13 ili 14 sati dnevno kako bi se izvukli iz ovoga i isplatili svoje kredite\u201d, rekao je Albert Denoncin, predsjednik pekarske federacije francuskog govornog podru\u010dja, za radio La Premiere. \u201cMo\u017eemo to \u010diniti neko vrijeme, ali kad \u010dujem od uprave Svjetske banke da \u0107e to trajati do 2024., ne\u0107emo uspjeti.\u201d<\/p>\n\n\n\n<p>U \u0160panjolskoj su kamiond\u017eije dobile odre\u0111eno olak\u0161ice u pogledu cijena dizela zahvaljuju\u0107i vladinim hitnim mjerama, uklju\u010duju\u0107i mali rabat i dopu\u0161tenje da na kupce prenesu ve\u0107e tro\u0161kove goriva.<\/p>\n\n\n\n<p>Ipak, teret je velik. \u00d3scar Ba\u00f1os, koji vozi vlastitu teretnu prikolicu iz sredi\u0161njeg \u0161panjolskog grada Palencije, rekao je da su gume porasle sa 400 na 500 eura, da je kabina novog kamiona poskupjela sa 100.000 na 120.000 eura, a da je litra dizela porasla sa 1,20 1,90 eura u pro\u0161loj godini. To je ekvivalent galonu benzina koji raste s 4,80 na 7,60 dolara.<\/p>\n\n\n\n<p>\u201cPostoji mnogo neizvjesnosti, ne samo u na\u0161em sektoru, ve\u0107 i u cijelosti\u201d, rekao je Ba\u00f1os.<\/p>\n\n\n\n<h3 class=\"wp-block-heading\"><strong>Cijene \u017eeljeza porasle su za 170 posto<\/strong><\/h3>\n\n\n\n<p>Europsko tr\u017ei\u0161te automobila tako\u0111er se suo\u010dava s porastom cijena jer zatvaranje tvornica u Ukrajini, sankcije Rusiji i postoje\u0107i globalni nedostatak poluvodi\u010da smanjuju opskrbu komponentama potrebnim za proizvodnju automobila.<\/p>\n\n\n\n<p>Kao rezultat toga, o\u010dekuje se da \u0107e prosje\u010dne cijene novih automobila u Europi porasti od 500 do 2000 dolara ove godine, ka\u017ee Nishant Mishra, pomo\u0107nik direktora investicijskog istra\u017eivanja u Acuity Knowledge Partners.<\/p>\n\n\n\n<p>U Milanu, kru\u017eni tok samo je jedno od pola tuceta lokacija koje je Ronzoni morao zatvoriti posljednjih mjeseci. Smatra da nije u mogu\u0107nosti isporu\u010diti radove po ugovorenim cijenama.<\/p>\n\n\n\n<p>Visoki tro\u0161kovi zna\u010de da se tvrtke ne natje\u010du za preuzimanje javnih radova, uklju\u010duju\u0107i most u Rimu koji je trebao biti prvi projekt izgra\u0111en sredstvima EU za oporavak. Novac namijenjen infrastrukturi, vrijedan gotovo polovice od 220 milijardi eura iz EU-a, u opasnosti je \u2013 zajedno s poslovima koji bi donijeli.<\/p>\n\n\n\n<p>Vlada je najavila 3 milijarde eura za pomo\u0107 u pokrivanju pove\u0107anih cijena, ali graditeljima to nije dovoljno, s tro\u0161kovima u prosjeku 40%, ali ponekad i mnogo vi\u0161ima. Cijene \u017eeljeza, na primjer, porasle su za 170%, rekao je Ronzoni.<\/p>\n\n\n\n<p>\u201cTro\u0161kovi rastu eksponencijalno\u201d, rekao je.<\/p>\n\n\n\n<p><em>Izvor: narod.hr\/AP<\/em><\/p>\n","protected":false},"excerpt":{"rendered":"<p>Edoardo Ronzoni pregledava gradili\u0161te u blizini Milana koje je zatvorio u o\u017eujku jer su tro\u0161kovi materijala naglo porasli. Ne mo\u017ee dovr\u0161iti poluizgra\u0111eni kru\u017eni tok na raskri\u017eju jer su asfalt, cijevi od lijevanog \u017eeljeza i beton preskupi. Javni radovi u Italiji se zaustavljaju upravo u trenutku kada Europska unija daje 108 milijardi eura novca za oporavak [&hellip;]<\/p>\n","protected":false},"author":2,"featured_media":0,"comment_status":"closed","ping_status":"closed","sticky":false,"template":"","format":"standard","meta":{"h5ap_radio_sources":[],"footnotes":""},"categories":[1],"tags":[],"class_list":["post-143438","post","type-post","status-publish","format-standard","hentry","category-bihiregija"],"yoast_head":"<!-- This site is optimized with the Yoast SEO plugin v27.5 - https:\/\/yoast.com\/product\/yoast-seo-wordpress\/ -->\n<title>Te\u0161ka kriza: U Italiji se zatvaraju gradili\u0161ta, poskupljenja od \u0160panjolske do Poljske, u Bugarskoj prosvjedi - RADIO LJUBU\u0160KI<\/title>\n<meta name=\"robots\" content=\"index, follow, max-snippet:-1, max-image-preview:large, max-video-preview:-1\" \/>\n<link rel=\"canonical\" href=\"https:\/\/radioljubuski.ba\/index.php\/2022\/05\/23\/teska-kriza-u-italiji-se-zatvaraju-gradilista-poskupljenja-od-spanjolske-do-poljske-u-bugarskoj-prosvjedi\/\" \/>\n<meta property=\"og:locale\" content=\"hr_HR\" \/>\n<meta property=\"og:type\" content=\"article\" \/>\n<meta property=\"og:title\" content=\"Te\u0161ka kriza: U Italiji se zatvaraju gradili\u0161ta, poskupljenja od \u0160panjolske do Poljske, u Bugarskoj prosvjedi - RADIO LJUBU\u0160KI\" \/>\n<meta property=\"og:description\" content=\"Edoardo Ronzoni pregledava gradili\u0161te u blizini Milana koje je zatvorio u o\u017eujku jer su tro\u0161kovi materijala naglo porasli. Ne mo\u017ee dovr\u0161iti poluizgra\u0111eni kru\u017eni tok na raskri\u017eju jer su asfalt, cijevi od lijevanog \u017eeljeza i beton preskupi. Javni radovi u Italiji se zaustavljaju upravo u trenutku kada Europska unija daje 108 milijardi eura novca za oporavak [&hellip;]\" \/>\n<meta property=\"og:url\" content=\"https:\/\/radioljubuski.ba\/index.php\/2022\/05\/23\/teska-kriza-u-italiji-se-zatvaraju-gradilista-poskupljenja-od-spanjolske-do-poljske-u-bugarskoj-prosvjedi\/\" \/>\n<meta property=\"og:site_name\" content=\"RADIO LJUBU\u0160KI\" \/>\n<meta property=\"article:publisher\" content=\"https:\/\/www.facebook.com\/Radiio-Ljubuski-1490835324566332\" \/>\n<meta property=\"article:published_time\" content=\"2022-05-23T13:30:53+00:00\" \/>\n<meta property=\"article:modified_time\" content=\"2022-05-23T13:30:55+00:00\" \/>\n<meta property=\"og:image\" content=\"https:\/\/radioljubuski.ba\/wp-content\/uploads\/2022\/05\/H20150824001913-e1442237777497-696x514-1.jpg\" \/>\n\t<meta property=\"og:image:width\" content=\"696\" \/>\n\t<meta property=\"og:image:height\" content=\"514\" \/>\n\t<meta property=\"og:image:type\" content=\"image\/jpeg\" \/>\n<meta name=\"author\" content=\"Radio Ljubu\u0161ki\" \/>\n<meta name=\"twitter:card\" content=\"summary_large_image\" \/>\n<meta name=\"twitter:creator\" content=\"@radioljubuski\" \/>\n<meta name=\"twitter:site\" content=\"@radioljubuski\" \/>\n<meta name=\"twitter:label1\" content=\"Napisao\/la\" \/>\n\t<meta name=\"twitter:data1\" content=\"Radio Ljubu\u0161ki\" \/>\n\t<meta name=\"twitter:label2\" content=\"Procijenjeno vrijeme \u010ditanja\" \/>\n\t<meta name=\"twitter:data2\" content=\"5 minuta\" \/>\n<script type=\"application\/ld+json\" class=\"yoast-schema-graph\">{\"@context\":\"https:\\\/\\\/schema.org\",\"@graph\":[{\"@type\":\"Article\",\"@id\":\"https:\\\/\\\/radioljubuski.ba\\\/index.php\\\/2022\\\/05\\\/23\\\/teska-kriza-u-italiji-se-zatvaraju-gradilista-poskupljenja-od-spanjolske-do-poljske-u-bugarskoj-prosvjedi\\\/#article\",\"isPartOf\":{\"@id\":\"https:\\\/\\\/radioljubuski.ba\\\/index.php\\\/2022\\\/05\\\/23\\\/teska-kriza-u-italiji-se-zatvaraju-gradilista-poskupljenja-od-spanjolske-do-poljske-u-bugarskoj-prosvjedi\\\/\"},\"author\":{\"name\":\"Radio Ljubu\u0161ki\",\"@id\":\"https:\\\/\\\/radioljubuski.ba\\\/#\\\/schema\\\/person\\\/19fc700381a780f69665d7956c469e3b\"},\"headline\":\"Te\u0161ka kriza: U Italiji se zatvaraju gradili\u0161ta, poskupljenja od \u0160panjolske do Poljske, u Bugarskoj prosvjedi\",\"datePublished\":\"2022-05-23T13:30:53+00:00\",\"dateModified\":\"2022-05-23T13:30:55+00:00\",\"mainEntityOfPage\":{\"@id\":\"https:\\\/\\\/radioljubuski.ba\\\/index.php\\\/2022\\\/05\\\/23\\\/teska-kriza-u-italiji-se-zatvaraju-gradilista-poskupljenja-od-spanjolske-do-poljske-u-bugarskoj-prosvjedi\\\/\"},\"wordCount\":1127,\"publisher\":{\"@id\":\"https:\\\/\\\/radioljubuski.ba\\\/#organization\"},\"articleSection\":[\"BIH i regija\"],\"inLanguage\":\"hr\"},{\"@type\":\"WebPage\",\"@id\":\"https:\\\/\\\/radioljubuski.ba\\\/index.php\\\/2022\\\/05\\\/23\\\/teska-kriza-u-italiji-se-zatvaraju-gradilista-poskupljenja-od-spanjolske-do-poljske-u-bugarskoj-prosvjedi\\\/\",\"url\":\"https:\\\/\\\/radioljubuski.ba\\\/index.php\\\/2022\\\/05\\\/23\\\/teska-kriza-u-italiji-se-zatvaraju-gradilista-poskupljenja-od-spanjolske-do-poljske-u-bugarskoj-prosvjedi\\\/\",\"name\":\"Te\u0161ka kriza: U Italiji se zatvaraju gradili\u0161ta, poskupljenja od \u0160panjolske do Poljske, u Bugarskoj prosvjedi - RADIO LJUBU\u0160KI\",\"isPartOf\":{\"@id\":\"https:\\\/\\\/radioljubuski.ba\\\/#website\"},\"datePublished\":\"2022-05-23T13:30:53+00:00\",\"dateModified\":\"2022-05-23T13:30:55+00:00\",\"breadcrumb\":{\"@id\":\"https:\\\/\\\/radioljubuski.ba\\\/index.php\\\/2022\\\/05\\\/23\\\/teska-kriza-u-italiji-se-zatvaraju-gradilista-poskupljenja-od-spanjolske-do-poljske-u-bugarskoj-prosvjedi\\\/#breadcrumb\"},\"inLanguage\":\"hr\",\"potentialAction\":[{\"@type\":\"ReadAction\",\"target\":[\"https:\\\/\\\/radioljubuski.ba\\\/index.php\\\/2022\\\/05\\\/23\\\/teska-kriza-u-italiji-se-zatvaraju-gradilista-poskupljenja-od-spanjolske-do-poljske-u-bugarskoj-prosvjedi\\\/\"]}]},{\"@type\":\"BreadcrumbList\",\"@id\":\"https:\\\/\\\/radioljubuski.ba\\\/index.php\\\/2022\\\/05\\\/23\\\/teska-kriza-u-italiji-se-zatvaraju-gradilista-poskupljenja-od-spanjolske-do-poljske-u-bugarskoj-prosvjedi\\\/#breadcrumb\",\"itemListElement\":[{\"@type\":\"ListItem\",\"position\":1,\"name\":\"Po\u010detna stranica\",\"item\":\"https:\\\/\\\/radioljubuski.ba\\\/\"},{\"@type\":\"ListItem\",\"position\":2,\"name\":\"Te\u0161ka kriza: U Italiji se zatvaraju gradili\u0161ta, poskupljenja od \u0160panjolske do Poljske, u Bugarskoj prosvjedi\"}]},{\"@type\":\"WebSite\",\"@id\":\"https:\\\/\\\/radioljubuski.ba\\\/#website\",\"url\":\"https:\\\/\\\/radioljubuski.ba\\\/\",\"name\":\"Radio Ljubu\u0161ki\",\"description\":\"Sun\u010dana frekvencija Hercegovine\",\"publisher\":{\"@id\":\"https:\\\/\\\/radioljubuski.ba\\\/#organization\"},\"potentialAction\":[{\"@type\":\"SearchAction\",\"target\":{\"@type\":\"EntryPoint\",\"urlTemplate\":\"https:\\\/\\\/radioljubuski.ba\\\/?s={search_term_string}\"},\"query-input\":{\"@type\":\"PropertyValueSpecification\",\"valueRequired\":true,\"valueName\":\"search_term_string\"}}],\"inLanguage\":\"hr\"},{\"@type\":\"Organization\",\"@id\":\"https:\\\/\\\/radioljubuski.ba\\\/#organization\",\"name\":\"Radio Ljubu\u0161ki\",\"url\":\"https:\\\/\\\/radioljubuski.ba\\\/\",\"logo\":{\"@type\":\"ImageObject\",\"inLanguage\":\"hr\",\"@id\":\"https:\\\/\\\/radioljubuski.ba\\\/#\\\/schema\\\/logo\\\/image\\\/\",\"url\":\"https:\\\/\\\/radioljubuski.ba\\\/wp-content\\\/uploads\\\/2021\\\/02\\\/cropped-Radio_Ljubuski_logo1.jpg\",\"contentUrl\":\"https:\\\/\\\/radioljubuski.ba\\\/wp-content\\\/uploads\\\/2021\\\/02\\\/cropped-Radio_Ljubuski_logo1.jpg\",\"width\":512,\"height\":512,\"caption\":\"Radio Ljubu\u0161ki\"},\"image\":{\"@id\":\"https:\\\/\\\/radioljubuski.ba\\\/#\\\/schema\\\/logo\\\/image\\\/\"},\"sameAs\":[\"https:\\\/\\\/www.facebook.com\\\/Radiio-Ljubuski-1490835324566332\",\"https:\\\/\\\/x.com\\\/radioljubuski\",\"https:\\\/\\\/hr.linkedin.com\\\/company\\\/radio-ljubuski\",\"https:\\\/\\\/www.youtube.com\\\/channel\\\/UCHYaeO_n0Db3tjNGudGpXyw\"]},{\"@type\":\"Person\",\"@id\":\"https:\\\/\\\/radioljubuski.ba\\\/#\\\/schema\\\/person\\\/19fc700381a780f69665d7956c469e3b\",\"name\":\"Radio Ljubu\u0161ki\"}]}<\/script>\n<!-- \/ Yoast SEO plugin. -->","yoast_head_json":{"title":"Te\u0161ka kriza: U Italiji se zatvaraju gradili\u0161ta, poskupljenja od \u0160panjolske do Poljske, u Bugarskoj prosvjedi - RADIO LJUBU\u0160KI","robots":{"index":"index","follow":"follow","max-snippet":"max-snippet:-1","max-image-preview":"max-image-preview:large","max-video-preview":"max-video-preview:-1"},"canonical":"https:\/\/radioljubuski.ba\/index.php\/2022\/05\/23\/teska-kriza-u-italiji-se-zatvaraju-gradilista-poskupljenja-od-spanjolske-do-poljske-u-bugarskoj-prosvjedi\/","og_locale":"hr_HR","og_type":"article","og_title":"Te\u0161ka kriza: U Italiji se zatvaraju gradili\u0161ta, poskupljenja od \u0160panjolske do Poljske, u Bugarskoj prosvjedi - RADIO LJUBU\u0160KI","og_description":"Edoardo Ronzoni pregledava gradili\u0161te u blizini Milana koje je zatvorio u o\u017eujku jer su tro\u0161kovi materijala naglo porasli. Ne mo\u017ee dovr\u0161iti poluizgra\u0111eni kru\u017eni tok na raskri\u017eju jer su asfalt, cijevi od lijevanog \u017eeljeza i beton preskupi. Javni radovi u Italiji se zaustavljaju upravo u trenutku kada Europska unija daje 108 milijardi eura novca za oporavak [&hellip;]","og_url":"https:\/\/radioljubuski.ba\/index.php\/2022\/05\/23\/teska-kriza-u-italiji-se-zatvaraju-gradilista-poskupljenja-od-spanjolske-do-poljske-u-bugarskoj-prosvjedi\/","og_site_name":"RADIO LJUBU\u0160KI","article_publisher":"https:\/\/www.facebook.com\/Radiio-Ljubuski-1490835324566332","article_published_time":"2022-05-23T13:30:53+00:00","article_modified_time":"2022-05-23T13:30:55+00:00","og_image":[{"width":696,"height":514,"url":"https:\/\/radioljubuski.ba\/wp-content\/uploads\/2022\/05\/H20150824001913-e1442237777497-696x514-1.jpg","type":"image\/jpeg"}],"author":"Radio Ljubu\u0161ki","twitter_card":"summary_large_image","twitter_creator":"@radioljubuski","twitter_site":"@radioljubuski","twitter_misc":{"Napisao\/la":"Radio Ljubu\u0161ki","Procijenjeno vrijeme \u010ditanja":"5 minuta"},"schema":{"@context":"https:\/\/schema.org","@graph":[{"@type":"Article","@id":"https:\/\/radioljubuski.ba\/index.php\/2022\/05\/23\/teska-kriza-u-italiji-se-zatvaraju-gradilista-poskupljenja-od-spanjolske-do-poljske-u-bugarskoj-prosvjedi\/#article","isPartOf":{"@id":"https:\/\/radioljubuski.ba\/index.php\/2022\/05\/23\/teska-kriza-u-italiji-se-zatvaraju-gradilista-poskupljenja-od-spanjolske-do-poljske-u-bugarskoj-prosvjedi\/"},"author":{"name":"Radio Ljubu\u0161ki","@id":"https:\/\/radioljubuski.ba\/#\/schema\/person\/19fc700381a780f69665d7956c469e3b"},"headline":"Te\u0161ka kriza: U Italiji se zatvaraju gradili\u0161ta, poskupljenja od \u0160panjolske do Poljske, u Bugarskoj prosvjedi","datePublished":"2022-05-23T13:30:53+00:00","dateModified":"2022-05-23T13:30:55+00:00","mainEntityOfPage":{"@id":"https:\/\/radioljubuski.ba\/index.php\/2022\/05\/23\/teska-kriza-u-italiji-se-zatvaraju-gradilista-poskupljenja-od-spanjolske-do-poljske-u-bugarskoj-prosvjedi\/"},"wordCount":1127,"publisher":{"@id":"https:\/\/radioljubuski.ba\/#organization"},"articleSection":["BIH i regija"],"inLanguage":"hr"},{"@type":"WebPage","@id":"https:\/\/radioljubuski.ba\/index.php\/2022\/05\/23\/teska-kriza-u-italiji-se-zatvaraju-gradilista-poskupljenja-od-spanjolske-do-poljske-u-bugarskoj-prosvjedi\/","url":"https:\/\/radioljubuski.ba\/index.php\/2022\/05\/23\/teska-kriza-u-italiji-se-zatvaraju-gradilista-poskupljenja-od-spanjolske-do-poljske-u-bugarskoj-prosvjedi\/","name":"Te\u0161ka kriza: U Italiji se zatvaraju gradili\u0161ta, poskupljenja od \u0160panjolske do Poljske, u Bugarskoj prosvjedi - RADIO LJUBU\u0160KI","isPartOf":{"@id":"https:\/\/radioljubuski.ba\/#website"},"datePublished":"2022-05-23T13:30:53+00:00","dateModified":"2022-05-23T13:30:55+00:00","breadcrumb":{"@id":"https:\/\/radioljubuski.ba\/index.php\/2022\/05\/23\/teska-kriza-u-italiji-se-zatvaraju-gradilista-poskupljenja-od-spanjolske-do-poljske-u-bugarskoj-prosvjedi\/#breadcrumb"},"inLanguage":"hr","potentialAction":[{"@type":"ReadAction","target":["https:\/\/radioljubuski.ba\/index.php\/2022\/05\/23\/teska-kriza-u-italiji-se-zatvaraju-gradilista-poskupljenja-od-spanjolske-do-poljske-u-bugarskoj-prosvjedi\/"]}]},{"@type":"BreadcrumbList","@id":"https:\/\/radioljubuski.ba\/index.php\/2022\/05\/23\/teska-kriza-u-italiji-se-zatvaraju-gradilista-poskupljenja-od-spanjolske-do-poljske-u-bugarskoj-prosvjedi\/#breadcrumb","itemListElement":[{"@type":"ListItem","position":1,"name":"Po\u010detna stranica","item":"https:\/\/radioljubuski.ba\/"},{"@type":"ListItem","position":2,"name":"Te\u0161ka kriza: U Italiji se zatvaraju gradili\u0161ta, poskupljenja od \u0160panjolske do Poljske, u Bugarskoj prosvjedi"}]},{"@type":"WebSite","@id":"https:\/\/radioljubuski.ba\/#website","url":"https:\/\/radioljubuski.ba\/","name":"Radio Ljubu\u0161ki","description":"Sun\u010dana frekvencija Hercegovine","publisher":{"@id":"https:\/\/radioljubuski.ba\/#organization"},"potentialAction":[{"@type":"SearchAction","target":{"@type":"EntryPoint","urlTemplate":"https:\/\/radioljubuski.ba\/?s={search_term_string}"},"query-input":{"@type":"PropertyValueSpecification","valueRequired":true,"valueName":"search_term_string"}}],"inLanguage":"hr"},{"@type":"Organization","@id":"https:\/\/radioljubuski.ba\/#organization","name":"Radio Ljubu\u0161ki","url":"https:\/\/radioljubuski.ba\/","logo":{"@type":"ImageObject","inLanguage":"hr","@id":"https:\/\/radioljubuski.ba\/#\/schema\/logo\/image\/","url":"https:\/\/radioljubuski.ba\/wp-content\/uploads\/2021\/02\/cropped-Radio_Ljubuski_logo1.jpg","contentUrl":"https:\/\/radioljubuski.ba\/wp-content\/uploads\/2021\/02\/cropped-Radio_Ljubuski_logo1.jpg","width":512,"height":512,"caption":"Radio Ljubu\u0161ki"},"image":{"@id":"https:\/\/radioljubuski.ba\/#\/schema\/logo\/image\/"},"sameAs":["https:\/\/www.facebook.com\/Radiio-Ljubuski-1490835324566332","https:\/\/x.com\/radioljubuski","https:\/\/hr.linkedin.com\/company\/radio-ljubuski","https:\/\/www.youtube.com\/channel\/UCHYaeO_n0Db3tjNGudGpXyw"]},{"@type":"Person","@id":"https:\/\/radioljubuski.ba\/#\/schema\/person\/19fc700381a780f69665d7956c469e3b","name":"Radio Ljubu\u0161ki"}]}},"_links":{"self":[{"href":"https:\/\/radioljubuski.ba\/index.php\/wp-json\/wp\/v2\/posts\/143438","targetHints":{"allow":["GET"]}}],"collection":[{"href":"https:\/\/radioljubuski.ba\/index.php\/wp-json\/wp\/v2\/posts"}],"about":[{"href":"https:\/\/radioljubuski.ba\/index.php\/wp-json\/wp\/v2\/types\/post"}],"author":[{"embeddable":true,"href":"https:\/\/radioljubuski.ba\/index.php\/wp-json\/wp\/v2\/users\/2"}],"replies":[{"embeddable":true,"href":"https:\/\/radioljubuski.ba\/index.php\/wp-json\/wp\/v2\/comments?post=143438"}],"version-history":[{"count":1,"href":"https:\/\/radioljubuski.ba\/index.php\/wp-json\/wp\/v2\/posts\/143438\/revisions"}],"predecessor-version":[{"id":143440,"href":"https:\/\/radioljubuski.ba\/index.php\/wp-json\/wp\/v2\/posts\/143438\/revisions\/143440"}],"wp:attachment":[{"href":"https:\/\/radioljubuski.ba\/index.php\/wp-json\/wp\/v2\/media?parent=143438"}],"wp:term":[{"taxonomy":"category","embeddable":true,"href":"https:\/\/radioljubuski.ba\/index.php\/wp-json\/wp\/v2\/categories?post=143438"},{"taxonomy":"post_tag","embeddable":true,"href":"https:\/\/radioljubuski.ba\/index.php\/wp-json\/wp\/v2\/tags?post=143438"}],"curies":[{"name":"wp","href":"https:\/\/api.w.org\/{rel}","templated":true}]}}