{"id":143447,"date":"2022-05-23T14:36:14","date_gmt":"2022-05-23T13:36:14","guid":{"rendered":"https:\/\/radioljubuski.ba\/?p=143447"},"modified":"2022-05-23T14:36:14","modified_gmt":"2022-05-23T13:36:14","slug":"muke-po-uvodenju-eura-gdje-ce-hrvatska-smjestiti-12-milijarde-kovanica-kuna-i-lipa","status":"publish","type":"post","link":"https:\/\/radioljubuski.ba\/index.php\/2022\/05\/23\/muke-po-uvodenju-eura-gdje-ce-hrvatska-smjestiti-12-milijarde-kovanica-kuna-i-lipa\/","title":{"rendered":"Muke po uvo\u0111enju eura: Gdje \u0107e Hrvatska smjestiti 1,2 milijarde kovanica kuna i lipa?"},"content":{"rendered":"\n<p>Za malo vi\u0161e od pola godine uvodimo euro. A to zahtijeva logisti\u010dke pripreme koje su ve\u0107 po\u010dele.&nbsp;Zbog uvo\u0111enja eura morat \u0107e se prikupiti oko 1,2 milijarde kovanica kuna i lipa. A ta \u0107e se golema koli\u010dina \u010duvati tri godine.<\/p>\n\n\n\n<p>Skladi\u0161tenje je zahtjevno zbog sigurnosnih razloga, ali i zbog te\u017eine kovanica koje ukupno te\u017ee 5.200 tona, \u0161to je jednako te\u017eini 124 nova zagreba\u010dka tramvaja, javlja <a href=\"https:\/\/vijesti.hrt.hr\/hrvatska\/logisticke-pripreme-za-uvodenje-eura-potrebno-smjestiti-12-milijarde-kovanica-kune-7485530\">HRT<\/a>.<\/p>\n\n\n\n<p>\u2018Hrvatska narodna banka je sklopila s Ministarstvom obrane pro\u0161le godine u 9. mjesecu ugovor o najmu monta\u017enog objekta u vojarni Croatia. U slu\u010daju da se taj objekt na vrijeme ne izgradi ili budu neki izazovi, Ministarstvo obrane osigurat \u0107e zamjenski objekt\u2019, ka\u017ee izvr\u0161ni direktor Sektora za gotov novac HNB-a <strong>Tihomir Mavri\u010dek<\/strong>.<\/p>\n\n\n\n<h3 class=\"wp-block-heading\"><strong>Kasni se sa skladi\u0161tem<\/strong><\/h3>\n\n\n\n<p>Objekt za skladi\u0161tenje, ve\u0107 je odavno jasno, ipak ne\u0107e biti na vrijeme izgra\u0111en. Prije postavljeni rok, 1. srpnja, sigurno \u0107e biti \u2018probijen\u2019. Natje\u010daj Ministarstva obrane se oduljio. Tek je izabran izvo\u0111a\u010d radova, pa bi posao mogao biti gotov najranije u rujnu.<\/p>\n\n\n\n<p>\u2018Odabrana tvrtka za izvo\u0111enje radova je HSB Gradnja, \u010dija je ponuda ekonomski najpovoljnija, a rok izvo\u0111enja radova 100 dana\u2019, isti\u010du iz Ministarstva obrane RH.<\/p>\n\n\n\n<p>Do izgradnje nove hale za kovanice, Ministarstvo obrane ima alternativno privremeno rje\u0161enje u istoj vojarni koje je u pripremi i koje \u0107e biti spremno do 1. srpnja. 2022. za prihvat kovanica u povla\u010denju.<\/p>\n\n\n\n<p>Istodobno s pripremom za skladi\u0161tenje kovanica kuna, priprema se kovanje eura. Nakon \u0161to je na ponovljenom natje\u010daju napokon izabrano rje\u0161enje za motiv kune na jednom euru, Hrvatska kovnica novca priprema se za velik posao.<\/p>\n\n\n\n<h3 class=\"wp-block-heading\"><strong>U lipnju proizvodnja testnih kovanica eura<\/strong><\/h3>\n\n\n\n<p>\u2018Tijekom lipnja se o\u010dekuje proizvodnja testnih kovanica u koli\u010dini od jednog milijuna kovanica po svakom apoenu, i nakon odluke Vije\u0107a Europske unije o uvo\u0111enju eura, o\u010dekuje se po\u010detak masovne proizvodnje euro kovanica\u2019, dodaje Mavri\u010dek.<\/p>\n\n\n\n<p>U rujnu \u0107e po\u010deti predopskrba banaka nov\u010danicama eura koje \u0107emo posuditi od drugih \u010dlanica eurozone, a u listopadu u banke sti\u017eu i kovanice proizvedene u Hrvatskoj kovnici novca. U studenom \u0107e poslovne banke zatim opskrbiti sve poslovne subjekte, od trgovina do po\u0161tanskih ureda. Jer sve bi trebalo biti spremno do 1. sije\u010dnja idu\u0107e godine.<\/p>\n\n\n\n<p><em>Izvor: narod.hr\/HRT<\/em><\/p>\n","protected":false},"excerpt":{"rendered":"<p>Za malo vi\u0161e od pola godine uvodimo euro. A to zahtijeva logisti\u010dke pripreme koje su ve\u0107 po\u010dele.&nbsp;Zbog uvo\u0111enja eura morat \u0107e se prikupiti oko 1,2 milijarde kovanica kuna i lipa. A ta \u0107e se golema koli\u010dina \u010duvati tri godine. Skladi\u0161tenje je zahtjevno zbog sigurnosnih razloga, ali i zbog te\u017eine kovanica koje ukupno te\u017ee 5.200 tona, [&hellip;]<\/p>\n","protected":false},"author":2,"featured_media":143448,"comment_status":"closed","ping_status":"closed","sticky":false,"template":"","format":"standard","meta":{"h5ap_radio_sources":[],"footnotes":""},"categories":[1],"tags":[],"class_list":["post-143447","post","type-post","status-publish","format-standard","has-post-thumbnail","hentry","category-bihiregija"],"yoast_head":"<!-- This site is optimized with the Yoast SEO plugin v27.5 - https:\/\/yoast.com\/product\/yoast-seo-wordpress\/ -->\n<title>Muke po uvo\u0111enju eura: Gdje \u0107e Hrvatska smjestiti 1,2 milijarde kovanica kuna i lipa? - RADIO LJUBU\u0160KI<\/title>\n<meta name=\"robots\" content=\"index, follow, max-snippet:-1, max-image-preview:large, max-video-preview:-1\" \/>\n<link rel=\"canonical\" href=\"https:\/\/radioljubuski.ba\/index.php\/2022\/05\/23\/muke-po-uvodenju-eura-gdje-ce-hrvatska-smjestiti-12-milijarde-kovanica-kuna-i-lipa\/\" \/>\n<meta property=\"og:locale\" content=\"hr_HR\" \/>\n<meta property=\"og:type\" content=\"article\" \/>\n<meta property=\"og:title\" content=\"Muke po uvo\u0111enju eura: Gdje \u0107e Hrvatska smjestiti 1,2 milijarde kovanica kuna i lipa? - RADIO LJUBU\u0160KI\" \/>\n<meta property=\"og:description\" content=\"Za malo vi\u0161e od pola godine uvodimo euro. A to zahtijeva logisti\u010dke pripreme koje su ve\u0107 po\u010dele.&nbsp;Zbog uvo\u0111enja eura morat \u0107e se prikupiti oko 1,2 milijarde kovanica kuna i lipa. A ta \u0107e se golema koli\u010dina \u010duvati tri godine. Skladi\u0161tenje je zahtjevno zbog sigurnosnih razloga, ali i zbog te\u017eine kovanica koje ukupno te\u017ee 5.200 tona, [&hellip;]\" \/>\n<meta property=\"og:url\" content=\"https:\/\/radioljubuski.ba\/index.php\/2022\/05\/23\/muke-po-uvodenju-eura-gdje-ce-hrvatska-smjestiti-12-milijarde-kovanica-kuna-i-lipa\/\" \/>\n<meta property=\"og:site_name\" content=\"RADIO LJUBU\u0160KI\" \/>\n<meta property=\"article:publisher\" content=\"https:\/\/www.facebook.com\/Radiio-Ljubuski-1490835324566332\" \/>\n<meta property=\"article:published_time\" content=\"2022-05-23T13:36:14+00:00\" \/>\n<meta property=\"og:image\" content=\"https:\/\/radioljubuski.ba\/wp-content\/uploads\/2022\/05\/iStock-1316047986-696x463-1.jpg\" \/>\n\t<meta property=\"og:image:width\" content=\"696\" \/>\n\t<meta property=\"og:image:height\" content=\"463\" \/>\n\t<meta property=\"og:image:type\" content=\"image\/jpeg\" \/>\n<meta name=\"author\" content=\"Radio Ljubu\u0161ki\" \/>\n<meta name=\"twitter:card\" content=\"summary_large_image\" \/>\n<meta name=\"twitter:creator\" content=\"@radioljubuski\" \/>\n<meta name=\"twitter:site\" content=\"@radioljubuski\" \/>\n<meta name=\"twitter:label1\" content=\"Napisao\/la\" \/>\n\t<meta name=\"twitter:data1\" content=\"Radio Ljubu\u0161ki\" \/>\n\t<meta name=\"twitter:label2\" content=\"Procijenjeno vrijeme \u010ditanja\" \/>\n\t<meta name=\"twitter:data2\" content=\"2 minute\" \/>\n<script type=\"application\/ld+json\" class=\"yoast-schema-graph\">{\"@context\":\"https:\\\/\\\/schema.org\",\"@graph\":[{\"@type\":\"Article\",\"@id\":\"https:\\\/\\\/radioljubuski.ba\\\/index.php\\\/2022\\\/05\\\/23\\\/muke-po-uvodenju-eura-gdje-ce-hrvatska-smjestiti-12-milijarde-kovanica-kuna-i-lipa\\\/#article\",\"isPartOf\":{\"@id\":\"https:\\\/\\\/radioljubuski.ba\\\/index.php\\\/2022\\\/05\\\/23\\\/muke-po-uvodenju-eura-gdje-ce-hrvatska-smjestiti-12-milijarde-kovanica-kuna-i-lipa\\\/\"},\"author\":{\"name\":\"Radio Ljubu\u0161ki\",\"@id\":\"https:\\\/\\\/radioljubuski.ba\\\/#\\\/schema\\\/person\\\/19fc700381a780f69665d7956c469e3b\"},\"headline\":\"Muke po uvo\u0111enju eura: Gdje \u0107e Hrvatska smjestiti 1,2 milijarde kovanica kuna i lipa?\",\"datePublished\":\"2022-05-23T13:36:14+00:00\",\"mainEntityOfPage\":{\"@id\":\"https:\\\/\\\/radioljubuski.ba\\\/index.php\\\/2022\\\/05\\\/23\\\/muke-po-uvodenju-eura-gdje-ce-hrvatska-smjestiti-12-milijarde-kovanica-kuna-i-lipa\\\/\"},\"wordCount\":400,\"publisher\":{\"@id\":\"https:\\\/\\\/radioljubuski.ba\\\/#organization\"},\"image\":{\"@id\":\"https:\\\/\\\/radioljubuski.ba\\\/index.php\\\/2022\\\/05\\\/23\\\/muke-po-uvodenju-eura-gdje-ce-hrvatska-smjestiti-12-milijarde-kovanica-kuna-i-lipa\\\/#primaryimage\"},\"thumbnailUrl\":\"https:\\\/\\\/radioljubuski.ba\\\/wp-content\\\/uploads\\\/2022\\\/05\\\/iStock-1316047986-696x463-1.jpg\",\"articleSection\":[\"BIH i regija\"],\"inLanguage\":\"hr\"},{\"@type\":\"WebPage\",\"@id\":\"https:\\\/\\\/radioljubuski.ba\\\/index.php\\\/2022\\\/05\\\/23\\\/muke-po-uvodenju-eura-gdje-ce-hrvatska-smjestiti-12-milijarde-kovanica-kuna-i-lipa\\\/\",\"url\":\"https:\\\/\\\/radioljubuski.ba\\\/index.php\\\/2022\\\/05\\\/23\\\/muke-po-uvodenju-eura-gdje-ce-hrvatska-smjestiti-12-milijarde-kovanica-kuna-i-lipa\\\/\",\"name\":\"Muke po uvo\u0111enju eura: Gdje \u0107e Hrvatska smjestiti 1,2 milijarde kovanica kuna i lipa? - RADIO LJUBU\u0160KI\",\"isPartOf\":{\"@id\":\"https:\\\/\\\/radioljubuski.ba\\\/#website\"},\"primaryImageOfPage\":{\"@id\":\"https:\\\/\\\/radioljubuski.ba\\\/index.php\\\/2022\\\/05\\\/23\\\/muke-po-uvodenju-eura-gdje-ce-hrvatska-smjestiti-12-milijarde-kovanica-kuna-i-lipa\\\/#primaryimage\"},\"image\":{\"@id\":\"https:\\\/\\\/radioljubuski.ba\\\/index.php\\\/2022\\\/05\\\/23\\\/muke-po-uvodenju-eura-gdje-ce-hrvatska-smjestiti-12-milijarde-kovanica-kuna-i-lipa\\\/#primaryimage\"},\"thumbnailUrl\":\"https:\\\/\\\/radioljubuski.ba\\\/wp-content\\\/uploads\\\/2022\\\/05\\\/iStock-1316047986-696x463-1.jpg\",\"datePublished\":\"2022-05-23T13:36:14+00:00\",\"breadcrumb\":{\"@id\":\"https:\\\/\\\/radioljubuski.ba\\\/index.php\\\/2022\\\/05\\\/23\\\/muke-po-uvodenju-eura-gdje-ce-hrvatska-smjestiti-12-milijarde-kovanica-kuna-i-lipa\\\/#breadcrumb\"},\"inLanguage\":\"hr\",\"potentialAction\":[{\"@type\":\"ReadAction\",\"target\":[\"https:\\\/\\\/radioljubuski.ba\\\/index.php\\\/2022\\\/05\\\/23\\\/muke-po-uvodenju-eura-gdje-ce-hrvatska-smjestiti-12-milijarde-kovanica-kuna-i-lipa\\\/\"]}]},{\"@type\":\"ImageObject\",\"inLanguage\":\"hr\",\"@id\":\"https:\\\/\\\/radioljubuski.ba\\\/index.php\\\/2022\\\/05\\\/23\\\/muke-po-uvodenju-eura-gdje-ce-hrvatska-smjestiti-12-milijarde-kovanica-kuna-i-lipa\\\/#primaryimage\",\"url\":\"https:\\\/\\\/radioljubuski.ba\\\/wp-content\\\/uploads\\\/2022\\\/05\\\/iStock-1316047986-696x463-1.jpg\",\"contentUrl\":\"https:\\\/\\\/radioljubuski.ba\\\/wp-content\\\/uploads\\\/2022\\\/05\\\/iStock-1316047986-696x463-1.jpg\",\"width\":696,\"height\":463},{\"@type\":\"BreadcrumbList\",\"@id\":\"https:\\\/\\\/radioljubuski.ba\\\/index.php\\\/2022\\\/05\\\/23\\\/muke-po-uvodenju-eura-gdje-ce-hrvatska-smjestiti-12-milijarde-kovanica-kuna-i-lipa\\\/#breadcrumb\",\"itemListElement\":[{\"@type\":\"ListItem\",\"position\":1,\"name\":\"Po\u010detna stranica\",\"item\":\"https:\\\/\\\/radioljubuski.ba\\\/\"},{\"@type\":\"ListItem\",\"position\":2,\"name\":\"Muke po uvo\u0111enju eura: Gdje \u0107e Hrvatska smjestiti 1,2 milijarde kovanica kuna i lipa?\"}]},{\"@type\":\"WebSite\",\"@id\":\"https:\\\/\\\/radioljubuski.ba\\\/#website\",\"url\":\"https:\\\/\\\/radioljubuski.ba\\\/\",\"name\":\"Radio Ljubu\u0161ki\",\"description\":\"Sun\u010dana frekvencija Hercegovine\",\"publisher\":{\"@id\":\"https:\\\/\\\/radioljubuski.ba\\\/#organization\"},\"potentialAction\":[{\"@type\":\"SearchAction\",\"target\":{\"@type\":\"EntryPoint\",\"urlTemplate\":\"https:\\\/\\\/radioljubuski.ba\\\/?s={search_term_string}\"},\"query-input\":{\"@type\":\"PropertyValueSpecification\",\"valueRequired\":true,\"valueName\":\"search_term_string\"}}],\"inLanguage\":\"hr\"},{\"@type\":\"Organization\",\"@id\":\"https:\\\/\\\/radioljubuski.ba\\\/#organization\",\"name\":\"Radio Ljubu\u0161ki\",\"url\":\"https:\\\/\\\/radioljubuski.ba\\\/\",\"logo\":{\"@type\":\"ImageObject\",\"inLanguage\":\"hr\",\"@id\":\"https:\\\/\\\/radioljubuski.ba\\\/#\\\/schema\\\/logo\\\/image\\\/\",\"url\":\"https:\\\/\\\/radioljubuski.ba\\\/wp-content\\\/uploads\\\/2021\\\/02\\\/cropped-Radio_Ljubuski_logo1.jpg\",\"contentUrl\":\"https:\\\/\\\/radioljubuski.ba\\\/wp-content\\\/uploads\\\/2021\\\/02\\\/cropped-Radio_Ljubuski_logo1.jpg\",\"width\":512,\"height\":512,\"caption\":\"Radio Ljubu\u0161ki\"},\"image\":{\"@id\":\"https:\\\/\\\/radioljubuski.ba\\\/#\\\/schema\\\/logo\\\/image\\\/\"},\"sameAs\":[\"https:\\\/\\\/www.facebook.com\\\/Radiio-Ljubuski-1490835324566332\",\"https:\\\/\\\/x.com\\\/radioljubuski\",\"https:\\\/\\\/hr.linkedin.com\\\/company\\\/radio-ljubuski\",\"https:\\\/\\\/www.youtube.com\\\/channel\\\/UCHYaeO_n0Db3tjNGudGpXyw\"]},{\"@type\":\"Person\",\"@id\":\"https:\\\/\\\/radioljubuski.ba\\\/#\\\/schema\\\/person\\\/19fc700381a780f69665d7956c469e3b\",\"name\":\"Radio Ljubu\u0161ki\"}]}<\/script>\n<!-- \/ Yoast SEO plugin. -->","yoast_head_json":{"title":"Muke po uvo\u0111enju eura: Gdje \u0107e Hrvatska smjestiti 1,2 milijarde kovanica kuna i lipa? - RADIO LJUBU\u0160KI","robots":{"index":"index","follow":"follow","max-snippet":"max-snippet:-1","max-image-preview":"max-image-preview:large","max-video-preview":"max-video-preview:-1"},"canonical":"https:\/\/radioljubuski.ba\/index.php\/2022\/05\/23\/muke-po-uvodenju-eura-gdje-ce-hrvatska-smjestiti-12-milijarde-kovanica-kuna-i-lipa\/","og_locale":"hr_HR","og_type":"article","og_title":"Muke po uvo\u0111enju eura: Gdje \u0107e Hrvatska smjestiti 1,2 milijarde kovanica kuna i lipa? - RADIO LJUBU\u0160KI","og_description":"Za malo vi\u0161e od pola godine uvodimo euro. A to zahtijeva logisti\u010dke pripreme koje su ve\u0107 po\u010dele.&nbsp;Zbog uvo\u0111enja eura morat \u0107e se prikupiti oko 1,2 milijarde kovanica kuna i lipa. A ta \u0107e se golema koli\u010dina \u010duvati tri godine. Skladi\u0161tenje je zahtjevno zbog sigurnosnih razloga, ali i zbog te\u017eine kovanica koje ukupno te\u017ee 5.200 tona, [&hellip;]","og_url":"https:\/\/radioljubuski.ba\/index.php\/2022\/05\/23\/muke-po-uvodenju-eura-gdje-ce-hrvatska-smjestiti-12-milijarde-kovanica-kuna-i-lipa\/","og_site_name":"RADIO LJUBU\u0160KI","article_publisher":"https:\/\/www.facebook.com\/Radiio-Ljubuski-1490835324566332","article_published_time":"2022-05-23T13:36:14+00:00","og_image":[{"width":696,"height":463,"url":"https:\/\/radioljubuski.ba\/wp-content\/uploads\/2022\/05\/iStock-1316047986-696x463-1.jpg","type":"image\/jpeg"}],"author":"Radio Ljubu\u0161ki","twitter_card":"summary_large_image","twitter_creator":"@radioljubuski","twitter_site":"@radioljubuski","twitter_misc":{"Napisao\/la":"Radio Ljubu\u0161ki","Procijenjeno vrijeme \u010ditanja":"2 minute"},"schema":{"@context":"https:\/\/schema.org","@graph":[{"@type":"Article","@id":"https:\/\/radioljubuski.ba\/index.php\/2022\/05\/23\/muke-po-uvodenju-eura-gdje-ce-hrvatska-smjestiti-12-milijarde-kovanica-kuna-i-lipa\/#article","isPartOf":{"@id":"https:\/\/radioljubuski.ba\/index.php\/2022\/05\/23\/muke-po-uvodenju-eura-gdje-ce-hrvatska-smjestiti-12-milijarde-kovanica-kuna-i-lipa\/"},"author":{"name":"Radio Ljubu\u0161ki","@id":"https:\/\/radioljubuski.ba\/#\/schema\/person\/19fc700381a780f69665d7956c469e3b"},"headline":"Muke po uvo\u0111enju eura: Gdje \u0107e Hrvatska smjestiti 1,2 milijarde kovanica kuna i lipa?","datePublished":"2022-05-23T13:36:14+00:00","mainEntityOfPage":{"@id":"https:\/\/radioljubuski.ba\/index.php\/2022\/05\/23\/muke-po-uvodenju-eura-gdje-ce-hrvatska-smjestiti-12-milijarde-kovanica-kuna-i-lipa\/"},"wordCount":400,"publisher":{"@id":"https:\/\/radioljubuski.ba\/#organization"},"image":{"@id":"https:\/\/radioljubuski.ba\/index.php\/2022\/05\/23\/muke-po-uvodenju-eura-gdje-ce-hrvatska-smjestiti-12-milijarde-kovanica-kuna-i-lipa\/#primaryimage"},"thumbnailUrl":"https:\/\/radioljubuski.ba\/wp-content\/uploads\/2022\/05\/iStock-1316047986-696x463-1.jpg","articleSection":["BIH i regija"],"inLanguage":"hr"},{"@type":"WebPage","@id":"https:\/\/radioljubuski.ba\/index.php\/2022\/05\/23\/muke-po-uvodenju-eura-gdje-ce-hrvatska-smjestiti-12-milijarde-kovanica-kuna-i-lipa\/","url":"https:\/\/radioljubuski.ba\/index.php\/2022\/05\/23\/muke-po-uvodenju-eura-gdje-ce-hrvatska-smjestiti-12-milijarde-kovanica-kuna-i-lipa\/","name":"Muke po uvo\u0111enju eura: Gdje \u0107e Hrvatska smjestiti 1,2 milijarde kovanica kuna i lipa? - RADIO LJUBU\u0160KI","isPartOf":{"@id":"https:\/\/radioljubuski.ba\/#website"},"primaryImageOfPage":{"@id":"https:\/\/radioljubuski.ba\/index.php\/2022\/05\/23\/muke-po-uvodenju-eura-gdje-ce-hrvatska-smjestiti-12-milijarde-kovanica-kuna-i-lipa\/#primaryimage"},"image":{"@id":"https:\/\/radioljubuski.ba\/index.php\/2022\/05\/23\/muke-po-uvodenju-eura-gdje-ce-hrvatska-smjestiti-12-milijarde-kovanica-kuna-i-lipa\/#primaryimage"},"thumbnailUrl":"https:\/\/radioljubuski.ba\/wp-content\/uploads\/2022\/05\/iStock-1316047986-696x463-1.jpg","datePublished":"2022-05-23T13:36:14+00:00","breadcrumb":{"@id":"https:\/\/radioljubuski.ba\/index.php\/2022\/05\/23\/muke-po-uvodenju-eura-gdje-ce-hrvatska-smjestiti-12-milijarde-kovanica-kuna-i-lipa\/#breadcrumb"},"inLanguage":"hr","potentialAction":[{"@type":"ReadAction","target":["https:\/\/radioljubuski.ba\/index.php\/2022\/05\/23\/muke-po-uvodenju-eura-gdje-ce-hrvatska-smjestiti-12-milijarde-kovanica-kuna-i-lipa\/"]}]},{"@type":"ImageObject","inLanguage":"hr","@id":"https:\/\/radioljubuski.ba\/index.php\/2022\/05\/23\/muke-po-uvodenju-eura-gdje-ce-hrvatska-smjestiti-12-milijarde-kovanica-kuna-i-lipa\/#primaryimage","url":"https:\/\/radioljubuski.ba\/wp-content\/uploads\/2022\/05\/iStock-1316047986-696x463-1.jpg","contentUrl":"https:\/\/radioljubuski.ba\/wp-content\/uploads\/2022\/05\/iStock-1316047986-696x463-1.jpg","width":696,"height":463},{"@type":"BreadcrumbList","@id":"https:\/\/radioljubuski.ba\/index.php\/2022\/05\/23\/muke-po-uvodenju-eura-gdje-ce-hrvatska-smjestiti-12-milijarde-kovanica-kuna-i-lipa\/#breadcrumb","itemListElement":[{"@type":"ListItem","position":1,"name":"Po\u010detna stranica","item":"https:\/\/radioljubuski.ba\/"},{"@type":"ListItem","position":2,"name":"Muke po uvo\u0111enju eura: Gdje \u0107e Hrvatska smjestiti 1,2 milijarde kovanica kuna i lipa?"}]},{"@type":"WebSite","@id":"https:\/\/radioljubuski.ba\/#website","url":"https:\/\/radioljubuski.ba\/","name":"Radio Ljubu\u0161ki","description":"Sun\u010dana frekvencija Hercegovine","publisher":{"@id":"https:\/\/radioljubuski.ba\/#organization"},"potentialAction":[{"@type":"SearchAction","target":{"@type":"EntryPoint","urlTemplate":"https:\/\/radioljubuski.ba\/?s={search_term_string}"},"query-input":{"@type":"PropertyValueSpecification","valueRequired":true,"valueName":"search_term_string"}}],"inLanguage":"hr"},{"@type":"Organization","@id":"https:\/\/radioljubuski.ba\/#organization","name":"Radio Ljubu\u0161ki","url":"https:\/\/radioljubuski.ba\/","logo":{"@type":"ImageObject","inLanguage":"hr","@id":"https:\/\/radioljubuski.ba\/#\/schema\/logo\/image\/","url":"https:\/\/radioljubuski.ba\/wp-content\/uploads\/2021\/02\/cropped-Radio_Ljubuski_logo1.jpg","contentUrl":"https:\/\/radioljubuski.ba\/wp-content\/uploads\/2021\/02\/cropped-Radio_Ljubuski_logo1.jpg","width":512,"height":512,"caption":"Radio Ljubu\u0161ki"},"image":{"@id":"https:\/\/radioljubuski.ba\/#\/schema\/logo\/image\/"},"sameAs":["https:\/\/www.facebook.com\/Radiio-Ljubuski-1490835324566332","https:\/\/x.com\/radioljubuski","https:\/\/hr.linkedin.com\/company\/radio-ljubuski","https:\/\/www.youtube.com\/channel\/UCHYaeO_n0Db3tjNGudGpXyw"]},{"@type":"Person","@id":"https:\/\/radioljubuski.ba\/#\/schema\/person\/19fc700381a780f69665d7956c469e3b","name":"Radio Ljubu\u0161ki"}]}},"_links":{"self":[{"href":"https:\/\/radioljubuski.ba\/index.php\/wp-json\/wp\/v2\/posts\/143447","targetHints":{"allow":["GET"]}}],"collection":[{"href":"https:\/\/radioljubuski.ba\/index.php\/wp-json\/wp\/v2\/posts"}],"about":[{"href":"https:\/\/radioljubuski.ba\/index.php\/wp-json\/wp\/v2\/types\/post"}],"author":[{"embeddable":true,"href":"https:\/\/radioljubuski.ba\/index.php\/wp-json\/wp\/v2\/users\/2"}],"replies":[{"embeddable":true,"href":"https:\/\/radioljubuski.ba\/index.php\/wp-json\/wp\/v2\/comments?post=143447"}],"version-history":[{"count":1,"href":"https:\/\/radioljubuski.ba\/index.php\/wp-json\/wp\/v2\/posts\/143447\/revisions"}],"predecessor-version":[{"id":143449,"href":"https:\/\/radioljubuski.ba\/index.php\/wp-json\/wp\/v2\/posts\/143447\/revisions\/143449"}],"wp:featuredmedia":[{"embeddable":true,"href":"https:\/\/radioljubuski.ba\/index.php\/wp-json\/wp\/v2\/media\/143448"}],"wp:attachment":[{"href":"https:\/\/radioljubuski.ba\/index.php\/wp-json\/wp\/v2\/media?parent=143447"}],"wp:term":[{"taxonomy":"category","embeddable":true,"href":"https:\/\/radioljubuski.ba\/index.php\/wp-json\/wp\/v2\/categories?post=143447"},{"taxonomy":"post_tag","embeddable":true,"href":"https:\/\/radioljubuski.ba\/index.php\/wp-json\/wp\/v2\/tags?post=143447"}],"curies":[{"name":"wp","href":"https:\/\/api.w.org\/{rel}","templated":true}]}}