{"id":143461,"date":"2022-05-23T22:51:50","date_gmt":"2022-05-23T21:51:50","guid":{"rendered":"https:\/\/radioljubuski.ba\/?p=143461"},"modified":"2022-05-23T22:51:51","modified_gmt":"2022-05-23T21:51:51","slug":"nakon-osake-ispala-i-proslogodisnja-pobjednica","status":"publish","type":"post","link":"https:\/\/radioljubuski.ba\/index.php\/2022\/05\/23\/nakon-osake-ispala-i-proslogodisnja-pobjednica\/","title":{"rendered":"Nakon Osake ispala i pro\u0161logodi\u0161nja pobjednica"},"content":{"rendered":"\n<p><strong>Pro\u0161logodi\u0161nja pobjednica Roland Garrosa Barbora Krej\u010dikova, eliminirana je u prvom kolu ovogodi\u0161njeg Grand Slam teniskog turnira u Parizu. \u010cehinja, koja je postavljena za drugu nositeljicu turnira, je izgubila od Francuskinje Diane Parry sa 6-1, 2-6, 3-6.<\/strong><strong><\/strong><\/p>\n\n\n\n<p>Krej\u010dikova je sjajno otvorila me\u010d protiv 97. tenisa\u010dice svijeta i nakon ne\u0161to vi\u0161e od 30 minuta dobila je prvi set sa 6-1. U drugom je imala 2-0 i \u010dinilo se kako \u0107e brzo do trijumfa. No, uslijedio je veliki obrat. Mlada 19-godi\u0161nja Francuskinja je nanizala \u0161est gemova izjedna\u010div\u0161i na 1-1 u setovima.<\/p>\n\n\n\n<p>I u tre\u0107em setu je Krej\u010dikova imala 2-0, no uslijedio je novi obrat i veliko slavlje mlade Francuskinje.<\/p>\n\n\n\n<p>&#8211; Ovo je za mene san, Trenutno sam najsretnija osoba na svijetu, kazala je Parry.<\/p>\n\n\n\n<p>S druge strane \u010cehinja je u suzama napustila teren.<\/p>\n\n\n\n<p>&#8211; Imala sam 1-0 u setovima i 2-0 u drugom setu i nakon toga sam udarila u zid, rekla je 26-godi\u0161nja \u010cehinja.<\/p>\n\n\n\n<p>&#8211; Fizi\u010dki sam se sru\u0161ila, jednostavno nije i\u0161lo, dodala je.<\/p>\n\n\n\n<p>Ne\u0161to ranije ispala je i biv\u0161a prva tenisa\u010dica svijeta Japanka&nbsp;<strong>Naomi Osaka<\/strong>, bolja od nje je sa 7-5, 6-4 bila Amerikanka&nbsp;<strong>Amanda Anisimova<\/strong>.<\/p>\n\n\n\n<p>Ova eliminacija se dogodila godinu dana nakon Osakinog dramati\u010dnog povla\u010denja s Roland Garrosa zbog psihi\u010dkih problema.<\/p>\n\n\n\n<p>Pro\u0161le godine je Japanka objavila da ne\u0107e ispunjavati svoje obveze prema medijima na Roland Garrosu, ali se onda odlu\u010dila povu\u0107i i ne nastupiti. Nakon toga je Osaka, koja je otkrila da se tri godine borila s depresijom, vratila natjecanjima na OI-ju u Tokiju.<\/p>\n\n\n\n<figure class=\"wp-block-embed is-type-wp-embed is-provider-radio-ljubuski wp-block-embed-radio-ljubuski\"><div class=\"wp-block-embed__wrapper\">\n<blockquote class=\"wp-embedded-content\" data-secret=\"5tL4W5EzaQ\"><a href=\"https:\/\/radioljubuski.ba\/index.php\/2022\/05\/23\/osaka-ispala-vec-u-prvom-kolu-roland-garrosa\/\">Osaka ispala ve\u0107 u prvom kolu Roland Garrosa<\/a><\/blockquote><iframe loading=\"lazy\" class=\"wp-embedded-content\" sandbox=\"allow-scripts\" security=\"restricted\" style=\"position: absolute; clip: rect(1px, 1px, 1px, 1px);\" title=\"&#8220;Osaka ispala ve\u0107 u prvom kolu Roland Garrosa&#8221; &#8212;   RADIO LJUBU\u0160KI\" src=\"https:\/\/radioljubuski.ba\/index.php\/2022\/05\/23\/osaka-ispala-vec-u-prvom-kolu-roland-garrosa\/embed\/#?secret=Zekh52zNdY#?secret=5tL4W5EzaQ\" data-secret=\"5tL4W5EzaQ\" width=\"600\" height=\"338\" frameborder=\"0\" marginwidth=\"0\" marginheight=\"0\" scrolling=\"no\"><\/iframe>\n<\/div><\/figure>\n\n\n\n<p>Izvor:hrt.hr<\/p>\n","protected":false},"excerpt":{"rendered":"<p>Pro\u0161logodi\u0161nja pobjednica Roland Garrosa Barbora Krej\u010dikova, eliminirana je u prvom kolu ovogodi\u0161njeg Grand Slam teniskog turnira u Parizu. \u010cehinja, koja je postavljena za drugu nositeljicu turnira, je izgubila od Francuskinje Diane Parry sa 6-1, 2-6, 3-6. Krej\u010dikova je sjajno otvorila me\u010d protiv 97. tenisa\u010dice svijeta i nakon ne\u0161to vi\u0161e od 30 minuta dobila je prvi [&hellip;]<\/p>\n","protected":false},"author":2,"featured_media":0,"comment_status":"closed","ping_status":"closed","sticky":false,"template":"","format":"standard","meta":{"h5ap_radio_sources":[],"footnotes":""},"categories":[1],"tags":[],"class_list":["post-143461","post","type-post","status-publish","format-standard","hentry","category-bihiregija"],"yoast_head":"<!-- This site is optimized with the Yoast SEO plugin v27.5 - https:\/\/yoast.com\/product\/yoast-seo-wordpress\/ -->\n<title>Nakon Osake ispala i pro\u0161logodi\u0161nja pobjednica - RADIO LJUBU\u0160KI<\/title>\n<meta name=\"robots\" content=\"index, follow, max-snippet:-1, max-image-preview:large, max-video-preview:-1\" \/>\n<link rel=\"canonical\" href=\"https:\/\/radioljubuski.ba\/index.php\/2022\/05\/23\/nakon-osake-ispala-i-proslogodisnja-pobjednica\/\" \/>\n<meta property=\"og:locale\" content=\"hr_HR\" \/>\n<meta property=\"og:type\" content=\"article\" \/>\n<meta property=\"og:title\" content=\"Nakon Osake ispala i pro\u0161logodi\u0161nja pobjednica - RADIO LJUBU\u0160KI\" \/>\n<meta property=\"og:description\" content=\"Pro\u0161logodi\u0161nja pobjednica Roland Garrosa Barbora Krej\u010dikova, eliminirana je u prvom kolu ovogodi\u0161njeg Grand Slam teniskog turnira u Parizu. \u010cehinja, koja je postavljena za drugu nositeljicu turnira, je izgubila od Francuskinje Diane Parry sa 6-1, 2-6, 3-6. Krej\u010dikova je sjajno otvorila me\u010d protiv 97. tenisa\u010dice svijeta i nakon ne\u0161to vi\u0161e od 30 minuta dobila je prvi [&hellip;]\" \/>\n<meta property=\"og:url\" content=\"https:\/\/radioljubuski.ba\/index.php\/2022\/05\/23\/nakon-osake-ispala-i-proslogodisnja-pobjednica\/\" \/>\n<meta property=\"og:site_name\" content=\"RADIO LJUBU\u0160KI\" \/>\n<meta property=\"article:publisher\" content=\"https:\/\/www.facebook.com\/Radiio-Ljubuski-1490835324566332\" \/>\n<meta property=\"article:published_time\" content=\"2022-05-23T21:51:50+00:00\" \/>\n<meta property=\"article:modified_time\" content=\"2022-05-23T21:51:51+00:00\" \/>\n<meta property=\"og:image\" content=\"https:\/\/radioljubuski.ba\/wp-content\/uploads\/2022\/05\/krejcikova.jpg\" \/>\n\t<meta property=\"og:image:width\" content=\"1600\" \/>\n\t<meta property=\"og:image:height\" content=\"938\" \/>\n\t<meta property=\"og:image:type\" content=\"image\/jpeg\" \/>\n<meta name=\"author\" content=\"Radio Ljubu\u0161ki\" \/>\n<meta name=\"twitter:card\" content=\"summary_large_image\" \/>\n<meta name=\"twitter:creator\" content=\"@radioljubuski\" \/>\n<meta name=\"twitter:site\" content=\"@radioljubuski\" \/>\n<meta name=\"twitter:label1\" content=\"Napisao\/la\" \/>\n\t<meta name=\"twitter:data1\" content=\"Radio Ljubu\u0161ki\" \/>\n\t<meta name=\"twitter:label2\" content=\"Procijenjeno vrijeme \u010ditanja\" \/>\n\t<meta name=\"twitter:data2\" content=\"2 minute\" \/>\n<script type=\"application\/ld+json\" class=\"yoast-schema-graph\">{\"@context\":\"https:\\\/\\\/schema.org\",\"@graph\":[{\"@type\":\"Article\",\"@id\":\"https:\\\/\\\/radioljubuski.ba\\\/index.php\\\/2022\\\/05\\\/23\\\/nakon-osake-ispala-i-proslogodisnja-pobjednica\\\/#article\",\"isPartOf\":{\"@id\":\"https:\\\/\\\/radioljubuski.ba\\\/index.php\\\/2022\\\/05\\\/23\\\/nakon-osake-ispala-i-proslogodisnja-pobjednica\\\/\"},\"author\":{\"name\":\"Radio Ljubu\u0161ki\",\"@id\":\"https:\\\/\\\/radioljubuski.ba\\\/#\\\/schema\\\/person\\\/19fc700381a780f69665d7956c469e3b\"},\"headline\":\"Nakon Osake ispala i pro\u0161logodi\u0161nja pobjednica\",\"datePublished\":\"2022-05-23T21:51:50+00:00\",\"dateModified\":\"2022-05-23T21:51:51+00:00\",\"mainEntityOfPage\":{\"@id\":\"https:\\\/\\\/radioljubuski.ba\\\/index.php\\\/2022\\\/05\\\/23\\\/nakon-osake-ispala-i-proslogodisnja-pobjednica\\\/\"},\"wordCount\":288,\"publisher\":{\"@id\":\"https:\\\/\\\/radioljubuski.ba\\\/#organization\"},\"articleSection\":[\"BIH i regija\"],\"inLanguage\":\"hr\"},{\"@type\":\"WebPage\",\"@id\":\"https:\\\/\\\/radioljubuski.ba\\\/index.php\\\/2022\\\/05\\\/23\\\/nakon-osake-ispala-i-proslogodisnja-pobjednica\\\/\",\"url\":\"https:\\\/\\\/radioljubuski.ba\\\/index.php\\\/2022\\\/05\\\/23\\\/nakon-osake-ispala-i-proslogodisnja-pobjednica\\\/\",\"name\":\"Nakon Osake ispala i pro\u0161logodi\u0161nja pobjednica - RADIO LJUBU\u0160KI\",\"isPartOf\":{\"@id\":\"https:\\\/\\\/radioljubuski.ba\\\/#website\"},\"datePublished\":\"2022-05-23T21:51:50+00:00\",\"dateModified\":\"2022-05-23T21:51:51+00:00\",\"breadcrumb\":{\"@id\":\"https:\\\/\\\/radioljubuski.ba\\\/index.php\\\/2022\\\/05\\\/23\\\/nakon-osake-ispala-i-proslogodisnja-pobjednica\\\/#breadcrumb\"},\"inLanguage\":\"hr\",\"potentialAction\":[{\"@type\":\"ReadAction\",\"target\":[\"https:\\\/\\\/radioljubuski.ba\\\/index.php\\\/2022\\\/05\\\/23\\\/nakon-osake-ispala-i-proslogodisnja-pobjednica\\\/\"]}]},{\"@type\":\"BreadcrumbList\",\"@id\":\"https:\\\/\\\/radioljubuski.ba\\\/index.php\\\/2022\\\/05\\\/23\\\/nakon-osake-ispala-i-proslogodisnja-pobjednica\\\/#breadcrumb\",\"itemListElement\":[{\"@type\":\"ListItem\",\"position\":1,\"name\":\"Po\u010detna stranica\",\"item\":\"https:\\\/\\\/radioljubuski.ba\\\/\"},{\"@type\":\"ListItem\",\"position\":2,\"name\":\"Nakon Osake ispala i pro\u0161logodi\u0161nja pobjednica\"}]},{\"@type\":\"WebSite\",\"@id\":\"https:\\\/\\\/radioljubuski.ba\\\/#website\",\"url\":\"https:\\\/\\\/radioljubuski.ba\\\/\",\"name\":\"Radio Ljubu\u0161ki\",\"description\":\"Sun\u010dana frekvencija Hercegovine\",\"publisher\":{\"@id\":\"https:\\\/\\\/radioljubuski.ba\\\/#organization\"},\"potentialAction\":[{\"@type\":\"SearchAction\",\"target\":{\"@type\":\"EntryPoint\",\"urlTemplate\":\"https:\\\/\\\/radioljubuski.ba\\\/?s={search_term_string}\"},\"query-input\":{\"@type\":\"PropertyValueSpecification\",\"valueRequired\":true,\"valueName\":\"search_term_string\"}}],\"inLanguage\":\"hr\"},{\"@type\":\"Organization\",\"@id\":\"https:\\\/\\\/radioljubuski.ba\\\/#organization\",\"name\":\"Radio Ljubu\u0161ki\",\"url\":\"https:\\\/\\\/radioljubuski.ba\\\/\",\"logo\":{\"@type\":\"ImageObject\",\"inLanguage\":\"hr\",\"@id\":\"https:\\\/\\\/radioljubuski.ba\\\/#\\\/schema\\\/logo\\\/image\\\/\",\"url\":\"https:\\\/\\\/radioljubuski.ba\\\/wp-content\\\/uploads\\\/2021\\\/02\\\/cropped-Radio_Ljubuski_logo1.jpg\",\"contentUrl\":\"https:\\\/\\\/radioljubuski.ba\\\/wp-content\\\/uploads\\\/2021\\\/02\\\/cropped-Radio_Ljubuski_logo1.jpg\",\"width\":512,\"height\":512,\"caption\":\"Radio Ljubu\u0161ki\"},\"image\":{\"@id\":\"https:\\\/\\\/radioljubuski.ba\\\/#\\\/schema\\\/logo\\\/image\\\/\"},\"sameAs\":[\"https:\\\/\\\/www.facebook.com\\\/Radiio-Ljubuski-1490835324566332\",\"https:\\\/\\\/x.com\\\/radioljubuski\",\"https:\\\/\\\/hr.linkedin.com\\\/company\\\/radio-ljubuski\",\"https:\\\/\\\/www.youtube.com\\\/channel\\\/UCHYaeO_n0Db3tjNGudGpXyw\"]},{\"@type\":\"Person\",\"@id\":\"https:\\\/\\\/radioljubuski.ba\\\/#\\\/schema\\\/person\\\/19fc700381a780f69665d7956c469e3b\",\"name\":\"Radio Ljubu\u0161ki\"}]}<\/script>\n<!-- \/ Yoast SEO plugin. -->","yoast_head_json":{"title":"Nakon Osake ispala i pro\u0161logodi\u0161nja pobjednica - RADIO LJUBU\u0160KI","robots":{"index":"index","follow":"follow","max-snippet":"max-snippet:-1","max-image-preview":"max-image-preview:large","max-video-preview":"max-video-preview:-1"},"canonical":"https:\/\/radioljubuski.ba\/index.php\/2022\/05\/23\/nakon-osake-ispala-i-proslogodisnja-pobjednica\/","og_locale":"hr_HR","og_type":"article","og_title":"Nakon Osake ispala i pro\u0161logodi\u0161nja pobjednica - RADIO LJUBU\u0160KI","og_description":"Pro\u0161logodi\u0161nja pobjednica Roland Garrosa Barbora Krej\u010dikova, eliminirana je u prvom kolu ovogodi\u0161njeg Grand Slam teniskog turnira u Parizu. \u010cehinja, koja je postavljena za drugu nositeljicu turnira, je izgubila od Francuskinje Diane Parry sa 6-1, 2-6, 3-6. Krej\u010dikova je sjajno otvorila me\u010d protiv 97. tenisa\u010dice svijeta i nakon ne\u0161to vi\u0161e od 30 minuta dobila je prvi [&hellip;]","og_url":"https:\/\/radioljubuski.ba\/index.php\/2022\/05\/23\/nakon-osake-ispala-i-proslogodisnja-pobjednica\/","og_site_name":"RADIO LJUBU\u0160KI","article_publisher":"https:\/\/www.facebook.com\/Radiio-Ljubuski-1490835324566332","article_published_time":"2022-05-23T21:51:50+00:00","article_modified_time":"2022-05-23T21:51:51+00:00","og_image":[{"width":1600,"height":938,"url":"https:\/\/radioljubuski.ba\/wp-content\/uploads\/2022\/05\/krejcikova.jpg","type":"image\/jpeg"}],"author":"Radio Ljubu\u0161ki","twitter_card":"summary_large_image","twitter_creator":"@radioljubuski","twitter_site":"@radioljubuski","twitter_misc":{"Napisao\/la":"Radio Ljubu\u0161ki","Procijenjeno vrijeme \u010ditanja":"2 minute"},"schema":{"@context":"https:\/\/schema.org","@graph":[{"@type":"Article","@id":"https:\/\/radioljubuski.ba\/index.php\/2022\/05\/23\/nakon-osake-ispala-i-proslogodisnja-pobjednica\/#article","isPartOf":{"@id":"https:\/\/radioljubuski.ba\/index.php\/2022\/05\/23\/nakon-osake-ispala-i-proslogodisnja-pobjednica\/"},"author":{"name":"Radio Ljubu\u0161ki","@id":"https:\/\/radioljubuski.ba\/#\/schema\/person\/19fc700381a780f69665d7956c469e3b"},"headline":"Nakon Osake ispala i pro\u0161logodi\u0161nja pobjednica","datePublished":"2022-05-23T21:51:50+00:00","dateModified":"2022-05-23T21:51:51+00:00","mainEntityOfPage":{"@id":"https:\/\/radioljubuski.ba\/index.php\/2022\/05\/23\/nakon-osake-ispala-i-proslogodisnja-pobjednica\/"},"wordCount":288,"publisher":{"@id":"https:\/\/radioljubuski.ba\/#organization"},"articleSection":["BIH i regija"],"inLanguage":"hr"},{"@type":"WebPage","@id":"https:\/\/radioljubuski.ba\/index.php\/2022\/05\/23\/nakon-osake-ispala-i-proslogodisnja-pobjednica\/","url":"https:\/\/radioljubuski.ba\/index.php\/2022\/05\/23\/nakon-osake-ispala-i-proslogodisnja-pobjednica\/","name":"Nakon Osake ispala i pro\u0161logodi\u0161nja pobjednica - RADIO LJUBU\u0160KI","isPartOf":{"@id":"https:\/\/radioljubuski.ba\/#website"},"datePublished":"2022-05-23T21:51:50+00:00","dateModified":"2022-05-23T21:51:51+00:00","breadcrumb":{"@id":"https:\/\/radioljubuski.ba\/index.php\/2022\/05\/23\/nakon-osake-ispala-i-proslogodisnja-pobjednica\/#breadcrumb"},"inLanguage":"hr","potentialAction":[{"@type":"ReadAction","target":["https:\/\/radioljubuski.ba\/index.php\/2022\/05\/23\/nakon-osake-ispala-i-proslogodisnja-pobjednica\/"]}]},{"@type":"BreadcrumbList","@id":"https:\/\/radioljubuski.ba\/index.php\/2022\/05\/23\/nakon-osake-ispala-i-proslogodisnja-pobjednica\/#breadcrumb","itemListElement":[{"@type":"ListItem","position":1,"name":"Po\u010detna stranica","item":"https:\/\/radioljubuski.ba\/"},{"@type":"ListItem","position":2,"name":"Nakon Osake ispala i pro\u0161logodi\u0161nja pobjednica"}]},{"@type":"WebSite","@id":"https:\/\/radioljubuski.ba\/#website","url":"https:\/\/radioljubuski.ba\/","name":"Radio Ljubu\u0161ki","description":"Sun\u010dana frekvencija Hercegovine","publisher":{"@id":"https:\/\/radioljubuski.ba\/#organization"},"potentialAction":[{"@type":"SearchAction","target":{"@type":"EntryPoint","urlTemplate":"https:\/\/radioljubuski.ba\/?s={search_term_string}"},"query-input":{"@type":"PropertyValueSpecification","valueRequired":true,"valueName":"search_term_string"}}],"inLanguage":"hr"},{"@type":"Organization","@id":"https:\/\/radioljubuski.ba\/#organization","name":"Radio Ljubu\u0161ki","url":"https:\/\/radioljubuski.ba\/","logo":{"@type":"ImageObject","inLanguage":"hr","@id":"https:\/\/radioljubuski.ba\/#\/schema\/logo\/image\/","url":"https:\/\/radioljubuski.ba\/wp-content\/uploads\/2021\/02\/cropped-Radio_Ljubuski_logo1.jpg","contentUrl":"https:\/\/radioljubuski.ba\/wp-content\/uploads\/2021\/02\/cropped-Radio_Ljubuski_logo1.jpg","width":512,"height":512,"caption":"Radio Ljubu\u0161ki"},"image":{"@id":"https:\/\/radioljubuski.ba\/#\/schema\/logo\/image\/"},"sameAs":["https:\/\/www.facebook.com\/Radiio-Ljubuski-1490835324566332","https:\/\/x.com\/radioljubuski","https:\/\/hr.linkedin.com\/company\/radio-ljubuski","https:\/\/www.youtube.com\/channel\/UCHYaeO_n0Db3tjNGudGpXyw"]},{"@type":"Person","@id":"https:\/\/radioljubuski.ba\/#\/schema\/person\/19fc700381a780f69665d7956c469e3b","name":"Radio Ljubu\u0161ki"}]}},"_links":{"self":[{"href":"https:\/\/radioljubuski.ba\/index.php\/wp-json\/wp\/v2\/posts\/143461","targetHints":{"allow":["GET"]}}],"collection":[{"href":"https:\/\/radioljubuski.ba\/index.php\/wp-json\/wp\/v2\/posts"}],"about":[{"href":"https:\/\/radioljubuski.ba\/index.php\/wp-json\/wp\/v2\/types\/post"}],"author":[{"embeddable":true,"href":"https:\/\/radioljubuski.ba\/index.php\/wp-json\/wp\/v2\/users\/2"}],"replies":[{"embeddable":true,"href":"https:\/\/radioljubuski.ba\/index.php\/wp-json\/wp\/v2\/comments?post=143461"}],"version-history":[{"count":1,"href":"https:\/\/radioljubuski.ba\/index.php\/wp-json\/wp\/v2\/posts\/143461\/revisions"}],"predecessor-version":[{"id":143463,"href":"https:\/\/radioljubuski.ba\/index.php\/wp-json\/wp\/v2\/posts\/143461\/revisions\/143463"}],"wp:attachment":[{"href":"https:\/\/radioljubuski.ba\/index.php\/wp-json\/wp\/v2\/media?parent=143461"}],"wp:term":[{"taxonomy":"category","embeddable":true,"href":"https:\/\/radioljubuski.ba\/index.php\/wp-json\/wp\/v2\/categories?post=143461"},{"taxonomy":"post_tag","embeddable":true,"href":"https:\/\/radioljubuski.ba\/index.php\/wp-json\/wp\/v2\/tags?post=143461"}],"curies":[{"name":"wp","href":"https:\/\/api.w.org\/{rel}","templated":true}]}}