{"id":143491,"date":"2022-05-23T23:13:00","date_gmt":"2022-05-23T22:13:00","guid":{"rendered":"https:\/\/radioljubuski.ba\/?p=143491"},"modified":"2022-05-23T23:13:01","modified_gmt":"2022-05-23T22:13:01","slug":"vrhunski-nogomet-i-dalje-u-programu-hrvatske-radiotelevizije","status":"publish","type":"post","link":"https:\/\/radioljubuski.ba\/index.php\/2022\/05\/23\/vrhunski-nogomet-i-dalje-u-programu-hrvatske-radiotelevizije\/","title":{"rendered":"Vrhunski nogomet i dalje u programu Hrvatske radiotelevizije!"},"content":{"rendered":"\n<p><strong>HRT je na natje\u010daju UEFA-e uspio osigurati ekskluzivno pravo za prijenos Europskih nogometnih prvenstava 2024. i 2028. godine.&nbsp;<\/strong><strong><\/strong><\/p>\n\n\n\n<p>Hrvatska radiotelevizija (HRT) s rado\u0161\u0107u Vas obavje\u0161tava da je HRT, nakon uspje\u0161no zavr\u0161enog projekta UEFA EURO 2020. (a koji je zabilje\u017eio odli\u010dne rezultate u programskom i marketin\u0161kom smislu), krenuo u pripreme za osiguravanje novih vrhunskih nogometnih sadr\u017eaja. Tako je u novom ciklusu natjecanja UEFA-e, Hrvatska radiotelevizija dobila na tenderu ekskluzivna prava prijenosa svih utakmica s dva Europska prvenstva koja \u0107e se odr\u017eati 2024. i 2028. godine.<br><br>Rije\u010d je o ukupno 102 utakmice zavr\u0161nice EURA, a koji \u0107e se u dva sljede\u0107a ciklusa igrati sa 24 reprezentacije u zavr\u0161nici. Stoga su veliki izgledi da \u0107e na oba natjecanja zaigrati i nogometna reprezentacija Hrvatske. HRT je otkupio kompletna medijska prava, \u0161to zna\u010di da, osim televizijskih, ima i mogu\u0107nost kreiranja sadr\u017eaja za radio, web i dru\u0161tvene mre\u017ee.<br><br>Nakon multieuropskog koncepta 2020., EURO se vra\u0107a u stari format s jednom zemljom doma\u0107inom. Tako \u0107e EURO 2024. ugostiti Njema\u010dka, \u0161to jam\u010di spektakl i pune stadione, uz o\u010dekivano veliki broj hrvatskih navija\u010da. Doma\u0107in Europskog prvenstva 2028. nije jo\u0161 odre\u0111en.<br><br>&#8211; Izuzetno nam je drago \u0161to smo u jakoj konkurenciji osigurali ekskluzivna prava za sljede\u0107a dva Europska prvenstva u nogometu, na kojima \u0107e, nadamo se, igrati i na\u0161i Vatreni. Uloga javnog servisa i treba biti pra\u0107enje vrhunskih doga\u0111aja na kojima nastupaju hrvatski sporta\u0161i. HRT ima tradiciju pra\u0107enja EURA jo\u0161 od 1996. i prvog nastupa Hrvatske, pa \u0107emo upotrijebiti sve na\u0161e, maksimalne programske, tehnolo\u0161ke i ljudske resurse kako bi na\u0161i gledatelji bili zadovoljni. Naime, unato\u010d enormnom pove\u0107anju cijene televizijskih prava za nogometna natjecanja, HRT i dalje ula\u017ee maksimalne napore u pra\u0107enju nogometne reprezentacije Hrvatske na svim njenim nastupima i velikim natjecanjima. Tako su u tijeku i opse\u017ene pripreme za najve\u0107i projekt 2022. godine &#8211; a to je Svjetsko nogometno prvenstvo u Kataru. U netipi\u010dnom zimskom terminu gledatelji \u0107e mo\u0107i u\u017eivati u cjelodnevnom programu od 21. studenog do 18. prosinca 2022. Kombinacijom live programa izravno iz Dohe, te posebnih studijskih emisija iz Zagreba, gledatelji javne televizije mo\u0107i \u0107e pratiti svaki korak Vatrenih, ali i ostalih reprezentacija &#8211; naglasio je tom prigodom glavni ravnatelj HRT-a&nbsp;<strong>Robert \u0160veb<\/strong>.&nbsp;<\/p>\n\n\n\n<p>Izvor:hrt.hr<\/p>\n","protected":false},"excerpt":{"rendered":"<p>HRT je na natje\u010daju UEFA-e uspio osigurati ekskluzivno pravo za prijenos Europskih nogometnih prvenstava 2024. i 2028. godine.&nbsp; Hrvatska radiotelevizija (HRT) s rado\u0161\u0107u Vas obavje\u0161tava da je HRT, nakon uspje\u0161no zavr\u0161enog projekta UEFA EURO 2020. (a koji je zabilje\u017eio odli\u010dne rezultate u programskom i marketin\u0161kom smislu), krenuo u pripreme za osiguravanje novih vrhunskih nogometnih sadr\u017eaja. [&hellip;]<\/p>\n","protected":false},"author":2,"featured_media":143492,"comment_status":"closed","ping_status":"closed","sticky":false,"template":"","format":"standard","meta":{"h5ap_radio_sources":[],"footnotes":""},"categories":[7],"tags":[],"class_list":["post-143491","post","type-post","status-publish","format-standard","has-post-thumbnail","hentry","category-sport"],"yoast_head":"<!-- This site is optimized with the Yoast SEO plugin v27.5 - https:\/\/yoast.com\/product\/yoast-seo-wordpress\/ -->\n<title>Vrhunski nogomet i dalje u programu Hrvatske radiotelevizije! - RADIO LJUBU\u0160KI<\/title>\n<meta name=\"robots\" content=\"index, follow, max-snippet:-1, max-image-preview:large, max-video-preview:-1\" \/>\n<link rel=\"canonical\" href=\"https:\/\/radioljubuski.ba\/index.php\/2022\/05\/23\/vrhunski-nogomet-i-dalje-u-programu-hrvatske-radiotelevizije\/\" \/>\n<meta property=\"og:locale\" content=\"hr_HR\" \/>\n<meta property=\"og:type\" content=\"article\" \/>\n<meta property=\"og:title\" content=\"Vrhunski nogomet i dalje u programu Hrvatske radiotelevizije! - RADIO LJUBU\u0160KI\" \/>\n<meta property=\"og:description\" content=\"HRT je na natje\u010daju UEFA-e uspio osigurati ekskluzivno pravo za prijenos Europskih nogometnih prvenstava 2024. i 2028. godine.&nbsp; Hrvatska radiotelevizija (HRT) s rado\u0161\u0107u Vas obavje\u0161tava da je HRT, nakon uspje\u0161no zavr\u0161enog projekta UEFA EURO 2020. (a koji je zabilje\u017eio odli\u010dne rezultate u programskom i marketin\u0161kom smislu), krenuo u pripreme za osiguravanje novih vrhunskih nogometnih sadr\u017eaja. [&hellip;]\" \/>\n<meta property=\"og:url\" content=\"https:\/\/radioljubuski.ba\/index.php\/2022\/05\/23\/vrhunski-nogomet-i-dalje-u-programu-hrvatske-radiotelevizije\/\" \/>\n<meta property=\"og:site_name\" content=\"RADIO LJUBU\u0160KI\" \/>\n<meta property=\"article:publisher\" content=\"https:\/\/www.facebook.com\/Radiio-Ljubuski-1490835324566332\" \/>\n<meta property=\"article:published_time\" content=\"2022-05-23T22:13:00+00:00\" \/>\n<meta property=\"article:modified_time\" content=\"2022-05-23T22:13:01+00:00\" \/>\n<meta property=\"og:image\" content=\"https:\/\/radioljubuski.ba\/wp-content\/uploads\/2022\/05\/robert-sveb-glavniravnajteljhrt-mala22-0104-12-20220523075647.jpg\" \/>\n\t<meta property=\"og:image:width\" content=\"1175\" \/>\n\t<meta property=\"og:image:height\" content=\"728\" \/>\n\t<meta property=\"og:image:type\" content=\"image\/jpeg\" \/>\n<meta name=\"author\" content=\"Radio Ljubu\u0161ki\" \/>\n<meta name=\"twitter:card\" content=\"summary_large_image\" \/>\n<meta name=\"twitter:creator\" content=\"@radioljubuski\" \/>\n<meta name=\"twitter:site\" content=\"@radioljubuski\" \/>\n<meta name=\"twitter:label1\" content=\"Napisao\/la\" \/>\n\t<meta name=\"twitter:data1\" content=\"Radio Ljubu\u0161ki\" \/>\n\t<meta name=\"twitter:label2\" content=\"Procijenjeno vrijeme \u010ditanja\" \/>\n\t<meta name=\"twitter:data2\" content=\"2 minute\" \/>\n<script type=\"application\/ld+json\" class=\"yoast-schema-graph\">{\"@context\":\"https:\\\/\\\/schema.org\",\"@graph\":[{\"@type\":\"Article\",\"@id\":\"https:\\\/\\\/radioljubuski.ba\\\/index.php\\\/2022\\\/05\\\/23\\\/vrhunski-nogomet-i-dalje-u-programu-hrvatske-radiotelevizije\\\/#article\",\"isPartOf\":{\"@id\":\"https:\\\/\\\/radioljubuski.ba\\\/index.php\\\/2022\\\/05\\\/23\\\/vrhunski-nogomet-i-dalje-u-programu-hrvatske-radiotelevizije\\\/\"},\"author\":{\"name\":\"Radio Ljubu\u0161ki\",\"@id\":\"https:\\\/\\\/radioljubuski.ba\\\/#\\\/schema\\\/person\\\/19fc700381a780f69665d7956c469e3b\"},\"headline\":\"Vrhunski nogomet i dalje u programu Hrvatske radiotelevizije!\",\"datePublished\":\"2022-05-23T22:13:00+00:00\",\"dateModified\":\"2022-05-23T22:13:01+00:00\",\"mainEntityOfPage\":{\"@id\":\"https:\\\/\\\/radioljubuski.ba\\\/index.php\\\/2022\\\/05\\\/23\\\/vrhunski-nogomet-i-dalje-u-programu-hrvatske-radiotelevizije\\\/\"},\"wordCount\":398,\"publisher\":{\"@id\":\"https:\\\/\\\/radioljubuski.ba\\\/#organization\"},\"image\":{\"@id\":\"https:\\\/\\\/radioljubuski.ba\\\/index.php\\\/2022\\\/05\\\/23\\\/vrhunski-nogomet-i-dalje-u-programu-hrvatske-radiotelevizije\\\/#primaryimage\"},\"thumbnailUrl\":\"https:\\\/\\\/radioljubuski.ba\\\/wp-content\\\/uploads\\\/2022\\\/05\\\/robert-sveb-glavniravnajteljhrt-mala22-0104-12-20220523075647.jpg\",\"articleSection\":[\"\u0160port\"],\"inLanguage\":\"hr\"},{\"@type\":\"WebPage\",\"@id\":\"https:\\\/\\\/radioljubuski.ba\\\/index.php\\\/2022\\\/05\\\/23\\\/vrhunski-nogomet-i-dalje-u-programu-hrvatske-radiotelevizije\\\/\",\"url\":\"https:\\\/\\\/radioljubuski.ba\\\/index.php\\\/2022\\\/05\\\/23\\\/vrhunski-nogomet-i-dalje-u-programu-hrvatske-radiotelevizije\\\/\",\"name\":\"Vrhunski nogomet i dalje u programu Hrvatske radiotelevizije! - RADIO LJUBU\u0160KI\",\"isPartOf\":{\"@id\":\"https:\\\/\\\/radioljubuski.ba\\\/#website\"},\"primaryImageOfPage\":{\"@id\":\"https:\\\/\\\/radioljubuski.ba\\\/index.php\\\/2022\\\/05\\\/23\\\/vrhunski-nogomet-i-dalje-u-programu-hrvatske-radiotelevizije\\\/#primaryimage\"},\"image\":{\"@id\":\"https:\\\/\\\/radioljubuski.ba\\\/index.php\\\/2022\\\/05\\\/23\\\/vrhunski-nogomet-i-dalje-u-programu-hrvatske-radiotelevizije\\\/#primaryimage\"},\"thumbnailUrl\":\"https:\\\/\\\/radioljubuski.ba\\\/wp-content\\\/uploads\\\/2022\\\/05\\\/robert-sveb-glavniravnajteljhrt-mala22-0104-12-20220523075647.jpg\",\"datePublished\":\"2022-05-23T22:13:00+00:00\",\"dateModified\":\"2022-05-23T22:13:01+00:00\",\"breadcrumb\":{\"@id\":\"https:\\\/\\\/radioljubuski.ba\\\/index.php\\\/2022\\\/05\\\/23\\\/vrhunski-nogomet-i-dalje-u-programu-hrvatske-radiotelevizije\\\/#breadcrumb\"},\"inLanguage\":\"hr\",\"potentialAction\":[{\"@type\":\"ReadAction\",\"target\":[\"https:\\\/\\\/radioljubuski.ba\\\/index.php\\\/2022\\\/05\\\/23\\\/vrhunski-nogomet-i-dalje-u-programu-hrvatske-radiotelevizije\\\/\"]}]},{\"@type\":\"ImageObject\",\"inLanguage\":\"hr\",\"@id\":\"https:\\\/\\\/radioljubuski.ba\\\/index.php\\\/2022\\\/05\\\/23\\\/vrhunski-nogomet-i-dalje-u-programu-hrvatske-radiotelevizije\\\/#primaryimage\",\"url\":\"https:\\\/\\\/radioljubuski.ba\\\/wp-content\\\/uploads\\\/2022\\\/05\\\/robert-sveb-glavniravnajteljhrt-mala22-0104-12-20220523075647.jpg\",\"contentUrl\":\"https:\\\/\\\/radioljubuski.ba\\\/wp-content\\\/uploads\\\/2022\\\/05\\\/robert-sveb-glavniravnajteljhrt-mala22-0104-12-20220523075647.jpg\",\"width\":1175,\"height\":728},{\"@type\":\"BreadcrumbList\",\"@id\":\"https:\\\/\\\/radioljubuski.ba\\\/index.php\\\/2022\\\/05\\\/23\\\/vrhunski-nogomet-i-dalje-u-programu-hrvatske-radiotelevizije\\\/#breadcrumb\",\"itemListElement\":[{\"@type\":\"ListItem\",\"position\":1,\"name\":\"Po\u010detna stranica\",\"item\":\"https:\\\/\\\/radioljubuski.ba\\\/\"},{\"@type\":\"ListItem\",\"position\":2,\"name\":\"Vrhunski nogomet i dalje u programu Hrvatske radiotelevizije!\"}]},{\"@type\":\"WebSite\",\"@id\":\"https:\\\/\\\/radioljubuski.ba\\\/#website\",\"url\":\"https:\\\/\\\/radioljubuski.ba\\\/\",\"name\":\"Radio Ljubu\u0161ki\",\"description\":\"Sun\u010dana frekvencija Hercegovine\",\"publisher\":{\"@id\":\"https:\\\/\\\/radioljubuski.ba\\\/#organization\"},\"potentialAction\":[{\"@type\":\"SearchAction\",\"target\":{\"@type\":\"EntryPoint\",\"urlTemplate\":\"https:\\\/\\\/radioljubuski.ba\\\/?s={search_term_string}\"},\"query-input\":{\"@type\":\"PropertyValueSpecification\",\"valueRequired\":true,\"valueName\":\"search_term_string\"}}],\"inLanguage\":\"hr\"},{\"@type\":\"Organization\",\"@id\":\"https:\\\/\\\/radioljubuski.ba\\\/#organization\",\"name\":\"Radio Ljubu\u0161ki\",\"url\":\"https:\\\/\\\/radioljubuski.ba\\\/\",\"logo\":{\"@type\":\"ImageObject\",\"inLanguage\":\"hr\",\"@id\":\"https:\\\/\\\/radioljubuski.ba\\\/#\\\/schema\\\/logo\\\/image\\\/\",\"url\":\"https:\\\/\\\/radioljubuski.ba\\\/wp-content\\\/uploads\\\/2021\\\/02\\\/cropped-Radio_Ljubuski_logo1.jpg\",\"contentUrl\":\"https:\\\/\\\/radioljubuski.ba\\\/wp-content\\\/uploads\\\/2021\\\/02\\\/cropped-Radio_Ljubuski_logo1.jpg\",\"width\":512,\"height\":512,\"caption\":\"Radio Ljubu\u0161ki\"},\"image\":{\"@id\":\"https:\\\/\\\/radioljubuski.ba\\\/#\\\/schema\\\/logo\\\/image\\\/\"},\"sameAs\":[\"https:\\\/\\\/www.facebook.com\\\/Radiio-Ljubuski-1490835324566332\",\"https:\\\/\\\/x.com\\\/radioljubuski\",\"https:\\\/\\\/hr.linkedin.com\\\/company\\\/radio-ljubuski\",\"https:\\\/\\\/www.youtube.com\\\/channel\\\/UCHYaeO_n0Db3tjNGudGpXyw\"]},{\"@type\":\"Person\",\"@id\":\"https:\\\/\\\/radioljubuski.ba\\\/#\\\/schema\\\/person\\\/19fc700381a780f69665d7956c469e3b\",\"name\":\"Radio Ljubu\u0161ki\"}]}<\/script>\n<!-- \/ Yoast SEO plugin. -->","yoast_head_json":{"title":"Vrhunski nogomet i dalje u programu Hrvatske radiotelevizije! - RADIO LJUBU\u0160KI","robots":{"index":"index","follow":"follow","max-snippet":"max-snippet:-1","max-image-preview":"max-image-preview:large","max-video-preview":"max-video-preview:-1"},"canonical":"https:\/\/radioljubuski.ba\/index.php\/2022\/05\/23\/vrhunski-nogomet-i-dalje-u-programu-hrvatske-radiotelevizije\/","og_locale":"hr_HR","og_type":"article","og_title":"Vrhunski nogomet i dalje u programu Hrvatske radiotelevizije! - RADIO LJUBU\u0160KI","og_description":"HRT je na natje\u010daju UEFA-e uspio osigurati ekskluzivno pravo za prijenos Europskih nogometnih prvenstava 2024. i 2028. godine.&nbsp; Hrvatska radiotelevizija (HRT) s rado\u0161\u0107u Vas obavje\u0161tava da je HRT, nakon uspje\u0161no zavr\u0161enog projekta UEFA EURO 2020. (a koji je zabilje\u017eio odli\u010dne rezultate u programskom i marketin\u0161kom smislu), krenuo u pripreme za osiguravanje novih vrhunskih nogometnih sadr\u017eaja. [&hellip;]","og_url":"https:\/\/radioljubuski.ba\/index.php\/2022\/05\/23\/vrhunski-nogomet-i-dalje-u-programu-hrvatske-radiotelevizije\/","og_site_name":"RADIO LJUBU\u0160KI","article_publisher":"https:\/\/www.facebook.com\/Radiio-Ljubuski-1490835324566332","article_published_time":"2022-05-23T22:13:00+00:00","article_modified_time":"2022-05-23T22:13:01+00:00","og_image":[{"width":1175,"height":728,"url":"https:\/\/radioljubuski.ba\/wp-content\/uploads\/2022\/05\/robert-sveb-glavniravnajteljhrt-mala22-0104-12-20220523075647.jpg","type":"image\/jpeg"}],"author":"Radio Ljubu\u0161ki","twitter_card":"summary_large_image","twitter_creator":"@radioljubuski","twitter_site":"@radioljubuski","twitter_misc":{"Napisao\/la":"Radio Ljubu\u0161ki","Procijenjeno vrijeme \u010ditanja":"2 minute"},"schema":{"@context":"https:\/\/schema.org","@graph":[{"@type":"Article","@id":"https:\/\/radioljubuski.ba\/index.php\/2022\/05\/23\/vrhunski-nogomet-i-dalje-u-programu-hrvatske-radiotelevizije\/#article","isPartOf":{"@id":"https:\/\/radioljubuski.ba\/index.php\/2022\/05\/23\/vrhunski-nogomet-i-dalje-u-programu-hrvatske-radiotelevizije\/"},"author":{"name":"Radio Ljubu\u0161ki","@id":"https:\/\/radioljubuski.ba\/#\/schema\/person\/19fc700381a780f69665d7956c469e3b"},"headline":"Vrhunski nogomet i dalje u programu Hrvatske radiotelevizije!","datePublished":"2022-05-23T22:13:00+00:00","dateModified":"2022-05-23T22:13:01+00:00","mainEntityOfPage":{"@id":"https:\/\/radioljubuski.ba\/index.php\/2022\/05\/23\/vrhunski-nogomet-i-dalje-u-programu-hrvatske-radiotelevizije\/"},"wordCount":398,"publisher":{"@id":"https:\/\/radioljubuski.ba\/#organization"},"image":{"@id":"https:\/\/radioljubuski.ba\/index.php\/2022\/05\/23\/vrhunski-nogomet-i-dalje-u-programu-hrvatske-radiotelevizije\/#primaryimage"},"thumbnailUrl":"https:\/\/radioljubuski.ba\/wp-content\/uploads\/2022\/05\/robert-sveb-glavniravnajteljhrt-mala22-0104-12-20220523075647.jpg","articleSection":["\u0160port"],"inLanguage":"hr"},{"@type":"WebPage","@id":"https:\/\/radioljubuski.ba\/index.php\/2022\/05\/23\/vrhunski-nogomet-i-dalje-u-programu-hrvatske-radiotelevizije\/","url":"https:\/\/radioljubuski.ba\/index.php\/2022\/05\/23\/vrhunski-nogomet-i-dalje-u-programu-hrvatske-radiotelevizije\/","name":"Vrhunski nogomet i dalje u programu Hrvatske radiotelevizije! - RADIO LJUBU\u0160KI","isPartOf":{"@id":"https:\/\/radioljubuski.ba\/#website"},"primaryImageOfPage":{"@id":"https:\/\/radioljubuski.ba\/index.php\/2022\/05\/23\/vrhunski-nogomet-i-dalje-u-programu-hrvatske-radiotelevizije\/#primaryimage"},"image":{"@id":"https:\/\/radioljubuski.ba\/index.php\/2022\/05\/23\/vrhunski-nogomet-i-dalje-u-programu-hrvatske-radiotelevizije\/#primaryimage"},"thumbnailUrl":"https:\/\/radioljubuski.ba\/wp-content\/uploads\/2022\/05\/robert-sveb-glavniravnajteljhrt-mala22-0104-12-20220523075647.jpg","datePublished":"2022-05-23T22:13:00+00:00","dateModified":"2022-05-23T22:13:01+00:00","breadcrumb":{"@id":"https:\/\/radioljubuski.ba\/index.php\/2022\/05\/23\/vrhunski-nogomet-i-dalje-u-programu-hrvatske-radiotelevizije\/#breadcrumb"},"inLanguage":"hr","potentialAction":[{"@type":"ReadAction","target":["https:\/\/radioljubuski.ba\/index.php\/2022\/05\/23\/vrhunski-nogomet-i-dalje-u-programu-hrvatske-radiotelevizije\/"]}]},{"@type":"ImageObject","inLanguage":"hr","@id":"https:\/\/radioljubuski.ba\/index.php\/2022\/05\/23\/vrhunski-nogomet-i-dalje-u-programu-hrvatske-radiotelevizije\/#primaryimage","url":"https:\/\/radioljubuski.ba\/wp-content\/uploads\/2022\/05\/robert-sveb-glavniravnajteljhrt-mala22-0104-12-20220523075647.jpg","contentUrl":"https:\/\/radioljubuski.ba\/wp-content\/uploads\/2022\/05\/robert-sveb-glavniravnajteljhrt-mala22-0104-12-20220523075647.jpg","width":1175,"height":728},{"@type":"BreadcrumbList","@id":"https:\/\/radioljubuski.ba\/index.php\/2022\/05\/23\/vrhunski-nogomet-i-dalje-u-programu-hrvatske-radiotelevizije\/#breadcrumb","itemListElement":[{"@type":"ListItem","position":1,"name":"Po\u010detna stranica","item":"https:\/\/radioljubuski.ba\/"},{"@type":"ListItem","position":2,"name":"Vrhunski nogomet i dalje u programu Hrvatske radiotelevizije!"}]},{"@type":"WebSite","@id":"https:\/\/radioljubuski.ba\/#website","url":"https:\/\/radioljubuski.ba\/","name":"Radio Ljubu\u0161ki","description":"Sun\u010dana frekvencija Hercegovine","publisher":{"@id":"https:\/\/radioljubuski.ba\/#organization"},"potentialAction":[{"@type":"SearchAction","target":{"@type":"EntryPoint","urlTemplate":"https:\/\/radioljubuski.ba\/?s={search_term_string}"},"query-input":{"@type":"PropertyValueSpecification","valueRequired":true,"valueName":"search_term_string"}}],"inLanguage":"hr"},{"@type":"Organization","@id":"https:\/\/radioljubuski.ba\/#organization","name":"Radio Ljubu\u0161ki","url":"https:\/\/radioljubuski.ba\/","logo":{"@type":"ImageObject","inLanguage":"hr","@id":"https:\/\/radioljubuski.ba\/#\/schema\/logo\/image\/","url":"https:\/\/radioljubuski.ba\/wp-content\/uploads\/2021\/02\/cropped-Radio_Ljubuski_logo1.jpg","contentUrl":"https:\/\/radioljubuski.ba\/wp-content\/uploads\/2021\/02\/cropped-Radio_Ljubuski_logo1.jpg","width":512,"height":512,"caption":"Radio Ljubu\u0161ki"},"image":{"@id":"https:\/\/radioljubuski.ba\/#\/schema\/logo\/image\/"},"sameAs":["https:\/\/www.facebook.com\/Radiio-Ljubuski-1490835324566332","https:\/\/x.com\/radioljubuski","https:\/\/hr.linkedin.com\/company\/radio-ljubuski","https:\/\/www.youtube.com\/channel\/UCHYaeO_n0Db3tjNGudGpXyw"]},{"@type":"Person","@id":"https:\/\/radioljubuski.ba\/#\/schema\/person\/19fc700381a780f69665d7956c469e3b","name":"Radio Ljubu\u0161ki"}]}},"_links":{"self":[{"href":"https:\/\/radioljubuski.ba\/index.php\/wp-json\/wp\/v2\/posts\/143491","targetHints":{"allow":["GET"]}}],"collection":[{"href":"https:\/\/radioljubuski.ba\/index.php\/wp-json\/wp\/v2\/posts"}],"about":[{"href":"https:\/\/radioljubuski.ba\/index.php\/wp-json\/wp\/v2\/types\/post"}],"author":[{"embeddable":true,"href":"https:\/\/radioljubuski.ba\/index.php\/wp-json\/wp\/v2\/users\/2"}],"replies":[{"embeddable":true,"href":"https:\/\/radioljubuski.ba\/index.php\/wp-json\/wp\/v2\/comments?post=143491"}],"version-history":[{"count":1,"href":"https:\/\/radioljubuski.ba\/index.php\/wp-json\/wp\/v2\/posts\/143491\/revisions"}],"predecessor-version":[{"id":143493,"href":"https:\/\/radioljubuski.ba\/index.php\/wp-json\/wp\/v2\/posts\/143491\/revisions\/143493"}],"wp:featuredmedia":[{"embeddable":true,"href":"https:\/\/radioljubuski.ba\/index.php\/wp-json\/wp\/v2\/media\/143492"}],"wp:attachment":[{"href":"https:\/\/radioljubuski.ba\/index.php\/wp-json\/wp\/v2\/media?parent=143491"}],"wp:term":[{"taxonomy":"category","embeddable":true,"href":"https:\/\/radioljubuski.ba\/index.php\/wp-json\/wp\/v2\/categories?post=143491"},{"taxonomy":"post_tag","embeddable":true,"href":"https:\/\/radioljubuski.ba\/index.php\/wp-json\/wp\/v2\/tags?post=143491"}],"curies":[{"name":"wp","href":"https:\/\/api.w.org\/{rel}","templated":true}]}}