{"id":143507,"date":"2022-05-24T07:18:56","date_gmt":"2022-05-24T06:18:56","guid":{"rendered":"https:\/\/radioljubuski.ba\/?p=143507"},"modified":"2022-05-24T12:14:55","modified_gmt":"2022-05-24T11:14:55","slug":"mozemo-ocekivati-da-se-u-skorije-vrijeme-majmunske-boginje-pojavi-i-u-nasoj-zemlji","status":"publish","type":"post","link":"https:\/\/radioljubuski.ba\/index.php\/2022\/05\/24\/mozemo-ocekivati-da-se-u-skorije-vrijeme-majmunske-boginje-pojavi-i-u-nasoj-zemlji\/","title":{"rendered":"Mo\u017eemo o\u010dekivati da se u skorije vrijeme majmunske boginje pojave i u na\u0161oj zemlji"},"content":{"rendered":"\n<p>Od pojave prvog slu\u010daja majmunskih boginja u Europi, to\u010dnije u Velikoj Britaniji 7. svibnja, do sada se virus pro\u0161irio na najmanje 12 zemalja. <\/p>\n\n\n\n<iframe loading=\"lazy\" title=\"BiH nema registrovanih slu\u010dajeva virusa majmunskih boginja\" width=\"640\" height=\"360\" src=\"https:\/\/www.youtube.com\/embed\/WNuJJSgB1BQ?start=2&#038;feature=oembed\" frameborder=\"0\" allow=\"accelerometer; autoplay; clipboard-write; encrypted-media; gyroscope; picture-in-picture; web-share\" referrerpolicy=\"strict-origin-when-cross-origin\" allowfullscreen><\/iframe>\n\n\n\n<p>Prema podacima Svjetske zdravstvene organizacije, u Sjedinjenim Ameri\u010dkim Dr\u017eavama, Kanadi, Australiji, te Europi, u najmanje 12 zemalja registrirano je stotinu slu\u010dajeva infekcije majmunskim boginjama. <\/p>\n\n\n\n<p>Prva po broju oboljelih od tog virusa trenutno je \u0160panjolska. Neke europske zemlje zbog epidemije, uvode i karantene za zara\u017eene. U Bosni i Hercegovini jo\u0161 nije zabilje\u017een nijedan slu\u010daj, no epidemiolozi i infektolozi ka\u017eu da mo\u017eemo o\u010dekivati pojavu ovog virusa i BiH, no isti\u010du, da nema straha od epidemije. Od pojave prvog slu\u010daja majmunskih boginja u Europi, to\u010dnije u Velikoj Britaniji 7. svibnja, do sada se virus pro\u0161irio na najmanje 12 zemalja, prenosi BHRT. Prema podacima Svjetske zdravstvene organizacije, najmanje 15 zemalja je registriralo infekciju majmunskim boginjama. Prva po broju oboljelih od tog virusa trenutno je \u0160panjolska. <\/p>\n\n\n\n<p>Do sada, osim u SAD-u, Kanadi, Australiji, virus majmunskih boginja je registriran i u Europskim zemljama: \u0160panjolskoj, Portugalu, Francuskoj, Velikoj Britaniji, Njema\u010dkoj, Belgiji, \u0160vicarskoj, Italiji, \u0160vedskoj, Nizozemskoj, Izraelu i Austriji. &#8220;\u0160to se ti\u010de izbijanja majmunskih boginja, ono \u0161to \u017eelim da istaknem od po\u010detka je da o\u010digledno pratimo situaciju vrlo, vrlo pa\u017eljivo. <\/p>\n\n\n\n<p>Ostajemo u bliskom kontaktu s dr\u017eavama \u010dlanicama i zemljama sudionicima Komiteta za zdravstvenu sigurnost, koji \u0107e se sastati u utorak. Imat \u0107emo redovne sastanke kako bi pratili ovu epidemiju i kako bi bili sigurni da imamo dobar protok informacija izme\u0111u Komisije, Evropskog centra za prevenciju i kontrolu bolesti i dr\u017eava \u010dlanica&#8221;, obja\u0161njava Stefan de Keersmaecke, glasnogovornik Europske komisije Nakon Belgije, obveznu trotjednu karantenu za osobe zara\u017eene majmunskim boginjama, uvela je i Velika Britanija. Prvi slu\u010daj zaraze registrirala je i Austrija, a prethodno Italija tri slu\u010daja. &#8220;Tri osobe su trenutno hospitalizirane na Institutu Spallanzani s potvr\u0111enom infekcijom virusom majmunskih boginja.<\/p>\n\n\n\n<p> Rije\u010d je o trojici mladi\u0107a koji nisu prijavili me\u0111usobne kontakte. Sve tri osobe su u stabilno i lije\u010de se simptomatskom terapijom koja je trenutno dovoljna za njihove simptome.&#8221; <\/p>\n\n\n\n<p>Obja\u0161njava Francesco Vaia direktor bolnice &#8220;Spallancani&#8221; u Italiji Virus majmunskih boginja je strukturom sli\u010dan virusu velikih boginja koje su iskorijenjene 1979. godine i uzrokuje sli\u010dnu, ali bla\u017eu klini\u010dku sliku bolesti, ka\u017eu lije\u010dnici. <\/p>\n\n\n\n<p>U Bosni i Hercegovini nije zabilje\u017een jo\u0161 uvijek ni jedan slu\u010daj virusa majmunskih boginja, no epidemiolozi ka\u017eu kako mo\u017eemo o\u010dekivati da se u skorije vrijeme pojavi i u na\u0161oj zemlji. No isti\u010du kako nema bojazni da \u0107e virus majmunskih boginja izazvati epidemiju. <\/p>\n\n\n\n<p>Virus se prenosi uglavnom sa \u017eivotinja na ljude, prije svega glodara, vjeverica i majmuna. No, mogu\u0107 je prijenos virusa i izme\u0111u ljudi, ali samo bliskim kontaktom, ka\u017eu lije\u010dnici. Andrea Juri\u0107, epidemiolog govori: &#8221;Virus nema taj potencijal nije tako infektivan, i nije tako opasan i mislim da trebamo naglasiti za op\u0107u populaciju da je ovo vi\u0161e problem za zdravstvene djelatnike i mi trebamo budno pratiti situaciju, dok za ljude ne predstavlja javnozdarsvteni problem, vrlo niskog rizika&#8221;. Simptomi zara\u017eenih su groznica, glavobolja, umor, bolovi u mi\u0161i\u0107ima, oticanje limfnih \u010dvorova te osip.<\/p>\n\n\n\n<p> Najpodlo\u017eniji ovom virusu su djeca i osobe koje imaju naru\u0161en imunitet. Bolest majmunskih boginja prvi put je registrirana kod ljudi 1970. godine u Demokratskoj Republici Kongo. <\/p>\n\n\n\n<p>&#8221;Ove godine se pojavio jedan fenomen da se te bolesti, te majmunske boginje da su se po\u010dele \u0161iriti kod ljudi koji nemaju izravan kontakt sa zapadnom Afrikom i koji su obi\u010dno homoseksualci ili biseksualci i da se sada prati ho\u0107e li do\u0107i do \u0161irenja dalje na populaciju&#8221;, kazao je Ednan Drljevi\u0107, infektolog. &nbsp;<\/p>\n\n\n\n<p>Izvor: <a href=\"https:\/\/bljesak.info\/lifestyle\/zdravlje\/mozemo-ocekivati-da-se-u-skorije-vrijeme-majmunske-boginje-pojavi-i-u-nasoj-zemlji\/383503\">Bljesak.info<\/a><\/p>\n","protected":false},"excerpt":{"rendered":"<p>Od pojave prvog slu\u010daja majmunskih boginja u Europi, to\u010dnije u Velikoj Britaniji 7. svibnja, do sada se virus pro\u0161irio na najmanje 12 zemalja. Prema podacima Svjetske zdravstvene organizacije, u Sjedinjenim Ameri\u010dkim Dr\u017eavama, Kanadi, Australiji, te Europi, u najmanje 12 zemalja registrirano je stotinu slu\u010dajeva infekcije majmunskim boginjama. Prva po broju oboljelih od tog virusa trenutno [&hellip;]<\/p>\n","protected":false},"author":2,"featured_media":143508,"comment_status":"closed","ping_status":"closed","sticky":false,"template":"","format":"standard","meta":{"h5ap_radio_sources":[],"footnotes":""},"categories":[1],"tags":[],"class_list":["post-143507","post","type-post","status-publish","format-standard","has-post-thumbnail","hentry","category-bihiregija"],"yoast_head":"<!-- This site is optimized with the Yoast SEO plugin v27.5 - https:\/\/yoast.com\/product\/yoast-seo-wordpress\/ -->\n<title>Mo\u017eemo o\u010dekivati da se u skorije vrijeme majmunske boginje pojave i u na\u0161oj zemlji - RADIO LJUBU\u0160KI<\/title>\n<meta name=\"robots\" content=\"index, follow, max-snippet:-1, max-image-preview:large, max-video-preview:-1\" \/>\n<link rel=\"canonical\" href=\"https:\/\/radioljubuski.ba\/index.php\/2022\/05\/24\/mozemo-ocekivati-da-se-u-skorije-vrijeme-majmunske-boginje-pojavi-i-u-nasoj-zemlji\/\" \/>\n<meta property=\"og:locale\" content=\"hr_HR\" \/>\n<meta property=\"og:type\" content=\"article\" \/>\n<meta property=\"og:title\" content=\"Mo\u017eemo o\u010dekivati da se u skorije vrijeme majmunske boginje pojave i u na\u0161oj zemlji - RADIO LJUBU\u0160KI\" \/>\n<meta property=\"og:description\" content=\"Od pojave prvog slu\u010daja majmunskih boginja u Europi, to\u010dnije u Velikoj Britaniji 7. svibnja, do sada se virus pro\u0161irio na najmanje 12 zemalja. Prema podacima Svjetske zdravstvene organizacije, u Sjedinjenim Ameri\u010dkim Dr\u017eavama, Kanadi, Australiji, te Europi, u najmanje 12 zemalja registrirano je stotinu slu\u010dajeva infekcije majmunskim boginjama. Prva po broju oboljelih od tog virusa trenutno [&hellip;]\" \/>\n<meta property=\"og:url\" content=\"https:\/\/radioljubuski.ba\/index.php\/2022\/05\/24\/mozemo-ocekivati-da-se-u-skorije-vrijeme-majmunske-boginje-pojavi-i-u-nasoj-zemlji\/\" \/>\n<meta property=\"og:site_name\" content=\"RADIO LJUBU\u0160KI\" \/>\n<meta property=\"article:publisher\" content=\"https:\/\/www.facebook.com\/Radiio-Ljubuski-1490835324566332\" \/>\n<meta property=\"article:published_time\" content=\"2022-05-24T06:18:56+00:00\" \/>\n<meta property=\"article:modified_time\" content=\"2022-05-24T11:14:55+00:00\" \/>\n<meta property=\"og:image\" content=\"https:\/\/radioljubuski.ba\/wp-content\/uploads\/2022\/05\/72eb39de-830d-4172-a126-047d7d81f1f1.jpg\" \/>\n\t<meta property=\"og:image:width\" content=\"1200\" \/>\n\t<meta property=\"og:image:height\" content=\"691\" \/>\n\t<meta property=\"og:image:type\" content=\"image\/jpeg\" \/>\n<meta name=\"author\" content=\"Radio Ljubu\u0161ki\" \/>\n<meta name=\"twitter:card\" content=\"summary_large_image\" \/>\n<meta name=\"twitter:creator\" content=\"@radioljubuski\" \/>\n<meta name=\"twitter:site\" content=\"@radioljubuski\" \/>\n<meta name=\"twitter:label1\" content=\"Napisao\/la\" \/>\n\t<meta name=\"twitter:data1\" content=\"Radio Ljubu\u0161ki\" \/>\n\t<meta name=\"twitter:label2\" content=\"Procijenjeno vrijeme \u010ditanja\" \/>\n\t<meta name=\"twitter:data2\" content=\"3 minute\" \/>\n<script type=\"application\/ld+json\" class=\"yoast-schema-graph\">{\"@context\":\"https:\\\/\\\/schema.org\",\"@graph\":[{\"@type\":\"Article\",\"@id\":\"https:\\\/\\\/radioljubuski.ba\\\/index.php\\\/2022\\\/05\\\/24\\\/mozemo-ocekivati-da-se-u-skorije-vrijeme-majmunske-boginje-pojavi-i-u-nasoj-zemlji\\\/#article\",\"isPartOf\":{\"@id\":\"https:\\\/\\\/radioljubuski.ba\\\/index.php\\\/2022\\\/05\\\/24\\\/mozemo-ocekivati-da-se-u-skorije-vrijeme-majmunske-boginje-pojavi-i-u-nasoj-zemlji\\\/\"},\"author\":{\"name\":\"Radio Ljubu\u0161ki\",\"@id\":\"https:\\\/\\\/radioljubuski.ba\\\/#\\\/schema\\\/person\\\/19fc700381a780f69665d7956c469e3b\"},\"headline\":\"Mo\u017eemo o\u010dekivati da se u skorije vrijeme majmunske boginje pojave i u na\u0161oj zemlji\",\"datePublished\":\"2022-05-24T06:18:56+00:00\",\"dateModified\":\"2022-05-24T11:14:55+00:00\",\"mainEntityOfPage\":{\"@id\":\"https:\\\/\\\/radioljubuski.ba\\\/index.php\\\/2022\\\/05\\\/24\\\/mozemo-ocekivati-da-se-u-skorije-vrijeme-majmunske-boginje-pojavi-i-u-nasoj-zemlji\\\/\"},\"wordCount\":647,\"publisher\":{\"@id\":\"https:\\\/\\\/radioljubuski.ba\\\/#organization\"},\"image\":{\"@id\":\"https:\\\/\\\/radioljubuski.ba\\\/index.php\\\/2022\\\/05\\\/24\\\/mozemo-ocekivati-da-se-u-skorije-vrijeme-majmunske-boginje-pojavi-i-u-nasoj-zemlji\\\/#primaryimage\"},\"thumbnailUrl\":\"https:\\\/\\\/radioljubuski.ba\\\/wp-content\\\/uploads\\\/2022\\\/05\\\/72eb39de-830d-4172-a126-047d7d81f1f1.jpg\",\"articleSection\":[\"BIH i regija\"],\"inLanguage\":\"hr\"},{\"@type\":\"WebPage\",\"@id\":\"https:\\\/\\\/radioljubuski.ba\\\/index.php\\\/2022\\\/05\\\/24\\\/mozemo-ocekivati-da-se-u-skorije-vrijeme-majmunske-boginje-pojavi-i-u-nasoj-zemlji\\\/\",\"url\":\"https:\\\/\\\/radioljubuski.ba\\\/index.php\\\/2022\\\/05\\\/24\\\/mozemo-ocekivati-da-se-u-skorije-vrijeme-majmunske-boginje-pojavi-i-u-nasoj-zemlji\\\/\",\"name\":\"Mo\u017eemo o\u010dekivati da se u skorije vrijeme majmunske boginje pojave i u na\u0161oj zemlji - RADIO LJUBU\u0160KI\",\"isPartOf\":{\"@id\":\"https:\\\/\\\/radioljubuski.ba\\\/#website\"},\"primaryImageOfPage\":{\"@id\":\"https:\\\/\\\/radioljubuski.ba\\\/index.php\\\/2022\\\/05\\\/24\\\/mozemo-ocekivati-da-se-u-skorije-vrijeme-majmunske-boginje-pojavi-i-u-nasoj-zemlji\\\/#primaryimage\"},\"image\":{\"@id\":\"https:\\\/\\\/radioljubuski.ba\\\/index.php\\\/2022\\\/05\\\/24\\\/mozemo-ocekivati-da-se-u-skorije-vrijeme-majmunske-boginje-pojavi-i-u-nasoj-zemlji\\\/#primaryimage\"},\"thumbnailUrl\":\"https:\\\/\\\/radioljubuski.ba\\\/wp-content\\\/uploads\\\/2022\\\/05\\\/72eb39de-830d-4172-a126-047d7d81f1f1.jpg\",\"datePublished\":\"2022-05-24T06:18:56+00:00\",\"dateModified\":\"2022-05-24T11:14:55+00:00\",\"breadcrumb\":{\"@id\":\"https:\\\/\\\/radioljubuski.ba\\\/index.php\\\/2022\\\/05\\\/24\\\/mozemo-ocekivati-da-se-u-skorije-vrijeme-majmunske-boginje-pojavi-i-u-nasoj-zemlji\\\/#breadcrumb\"},\"inLanguage\":\"hr\",\"potentialAction\":[{\"@type\":\"ReadAction\",\"target\":[\"https:\\\/\\\/radioljubuski.ba\\\/index.php\\\/2022\\\/05\\\/24\\\/mozemo-ocekivati-da-se-u-skorije-vrijeme-majmunske-boginje-pojavi-i-u-nasoj-zemlji\\\/\"]}]},{\"@type\":\"ImageObject\",\"inLanguage\":\"hr\",\"@id\":\"https:\\\/\\\/radioljubuski.ba\\\/index.php\\\/2022\\\/05\\\/24\\\/mozemo-ocekivati-da-se-u-skorije-vrijeme-majmunske-boginje-pojavi-i-u-nasoj-zemlji\\\/#primaryimage\",\"url\":\"https:\\\/\\\/radioljubuski.ba\\\/wp-content\\\/uploads\\\/2022\\\/05\\\/72eb39de-830d-4172-a126-047d7d81f1f1.jpg\",\"contentUrl\":\"https:\\\/\\\/radioljubuski.ba\\\/wp-content\\\/uploads\\\/2022\\\/05\\\/72eb39de-830d-4172-a126-047d7d81f1f1.jpg\",\"width\":1200,\"height\":691},{\"@type\":\"BreadcrumbList\",\"@id\":\"https:\\\/\\\/radioljubuski.ba\\\/index.php\\\/2022\\\/05\\\/24\\\/mozemo-ocekivati-da-se-u-skorije-vrijeme-majmunske-boginje-pojavi-i-u-nasoj-zemlji\\\/#breadcrumb\",\"itemListElement\":[{\"@type\":\"ListItem\",\"position\":1,\"name\":\"Po\u010detna stranica\",\"item\":\"https:\\\/\\\/radioljubuski.ba\\\/\"},{\"@type\":\"ListItem\",\"position\":2,\"name\":\"Mo\u017eemo o\u010dekivati da se u skorije vrijeme majmunske boginje pojave i u na\u0161oj zemlji\"}]},{\"@type\":\"WebSite\",\"@id\":\"https:\\\/\\\/radioljubuski.ba\\\/#website\",\"url\":\"https:\\\/\\\/radioljubuski.ba\\\/\",\"name\":\"Radio Ljubu\u0161ki\",\"description\":\"Sun\u010dana frekvencija Hercegovine\",\"publisher\":{\"@id\":\"https:\\\/\\\/radioljubuski.ba\\\/#organization\"},\"potentialAction\":[{\"@type\":\"SearchAction\",\"target\":{\"@type\":\"EntryPoint\",\"urlTemplate\":\"https:\\\/\\\/radioljubuski.ba\\\/?s={search_term_string}\"},\"query-input\":{\"@type\":\"PropertyValueSpecification\",\"valueRequired\":true,\"valueName\":\"search_term_string\"}}],\"inLanguage\":\"hr\"},{\"@type\":\"Organization\",\"@id\":\"https:\\\/\\\/radioljubuski.ba\\\/#organization\",\"name\":\"Radio Ljubu\u0161ki\",\"url\":\"https:\\\/\\\/radioljubuski.ba\\\/\",\"logo\":{\"@type\":\"ImageObject\",\"inLanguage\":\"hr\",\"@id\":\"https:\\\/\\\/radioljubuski.ba\\\/#\\\/schema\\\/logo\\\/image\\\/\",\"url\":\"https:\\\/\\\/radioljubuski.ba\\\/wp-content\\\/uploads\\\/2021\\\/02\\\/cropped-Radio_Ljubuski_logo1.jpg\",\"contentUrl\":\"https:\\\/\\\/radioljubuski.ba\\\/wp-content\\\/uploads\\\/2021\\\/02\\\/cropped-Radio_Ljubuski_logo1.jpg\",\"width\":512,\"height\":512,\"caption\":\"Radio Ljubu\u0161ki\"},\"image\":{\"@id\":\"https:\\\/\\\/radioljubuski.ba\\\/#\\\/schema\\\/logo\\\/image\\\/\"},\"sameAs\":[\"https:\\\/\\\/www.facebook.com\\\/Radiio-Ljubuski-1490835324566332\",\"https:\\\/\\\/x.com\\\/radioljubuski\",\"https:\\\/\\\/hr.linkedin.com\\\/company\\\/radio-ljubuski\",\"https:\\\/\\\/www.youtube.com\\\/channel\\\/UCHYaeO_n0Db3tjNGudGpXyw\"]},{\"@type\":\"Person\",\"@id\":\"https:\\\/\\\/radioljubuski.ba\\\/#\\\/schema\\\/person\\\/19fc700381a780f69665d7956c469e3b\",\"name\":\"Radio Ljubu\u0161ki\"}]}<\/script>\n<!-- \/ Yoast SEO plugin. -->","yoast_head_json":{"title":"Mo\u017eemo o\u010dekivati da se u skorije vrijeme majmunske boginje pojave i u na\u0161oj zemlji - RADIO LJUBU\u0160KI","robots":{"index":"index","follow":"follow","max-snippet":"max-snippet:-1","max-image-preview":"max-image-preview:large","max-video-preview":"max-video-preview:-1"},"canonical":"https:\/\/radioljubuski.ba\/index.php\/2022\/05\/24\/mozemo-ocekivati-da-se-u-skorije-vrijeme-majmunske-boginje-pojavi-i-u-nasoj-zemlji\/","og_locale":"hr_HR","og_type":"article","og_title":"Mo\u017eemo o\u010dekivati da se u skorije vrijeme majmunske boginje pojave i u na\u0161oj zemlji - RADIO LJUBU\u0160KI","og_description":"Od pojave prvog slu\u010daja majmunskih boginja u Europi, to\u010dnije u Velikoj Britaniji 7. svibnja, do sada se virus pro\u0161irio na najmanje 12 zemalja. Prema podacima Svjetske zdravstvene organizacije, u Sjedinjenim Ameri\u010dkim Dr\u017eavama, Kanadi, Australiji, te Europi, u najmanje 12 zemalja registrirano je stotinu slu\u010dajeva infekcije majmunskim boginjama. Prva po broju oboljelih od tog virusa trenutno [&hellip;]","og_url":"https:\/\/radioljubuski.ba\/index.php\/2022\/05\/24\/mozemo-ocekivati-da-se-u-skorije-vrijeme-majmunske-boginje-pojavi-i-u-nasoj-zemlji\/","og_site_name":"RADIO LJUBU\u0160KI","article_publisher":"https:\/\/www.facebook.com\/Radiio-Ljubuski-1490835324566332","article_published_time":"2022-05-24T06:18:56+00:00","article_modified_time":"2022-05-24T11:14:55+00:00","og_image":[{"width":1200,"height":691,"url":"https:\/\/radioljubuski.ba\/wp-content\/uploads\/2022\/05\/72eb39de-830d-4172-a126-047d7d81f1f1.jpg","type":"image\/jpeg"}],"author":"Radio Ljubu\u0161ki","twitter_card":"summary_large_image","twitter_creator":"@radioljubuski","twitter_site":"@radioljubuski","twitter_misc":{"Napisao\/la":"Radio Ljubu\u0161ki","Procijenjeno vrijeme \u010ditanja":"3 minute"},"schema":{"@context":"https:\/\/schema.org","@graph":[{"@type":"Article","@id":"https:\/\/radioljubuski.ba\/index.php\/2022\/05\/24\/mozemo-ocekivati-da-se-u-skorije-vrijeme-majmunske-boginje-pojavi-i-u-nasoj-zemlji\/#article","isPartOf":{"@id":"https:\/\/radioljubuski.ba\/index.php\/2022\/05\/24\/mozemo-ocekivati-da-se-u-skorije-vrijeme-majmunske-boginje-pojavi-i-u-nasoj-zemlji\/"},"author":{"name":"Radio Ljubu\u0161ki","@id":"https:\/\/radioljubuski.ba\/#\/schema\/person\/19fc700381a780f69665d7956c469e3b"},"headline":"Mo\u017eemo o\u010dekivati da se u skorije vrijeme majmunske boginje pojave i u na\u0161oj zemlji","datePublished":"2022-05-24T06:18:56+00:00","dateModified":"2022-05-24T11:14:55+00:00","mainEntityOfPage":{"@id":"https:\/\/radioljubuski.ba\/index.php\/2022\/05\/24\/mozemo-ocekivati-da-se-u-skorije-vrijeme-majmunske-boginje-pojavi-i-u-nasoj-zemlji\/"},"wordCount":647,"publisher":{"@id":"https:\/\/radioljubuski.ba\/#organization"},"image":{"@id":"https:\/\/radioljubuski.ba\/index.php\/2022\/05\/24\/mozemo-ocekivati-da-se-u-skorije-vrijeme-majmunske-boginje-pojavi-i-u-nasoj-zemlji\/#primaryimage"},"thumbnailUrl":"https:\/\/radioljubuski.ba\/wp-content\/uploads\/2022\/05\/72eb39de-830d-4172-a126-047d7d81f1f1.jpg","articleSection":["BIH i regija"],"inLanguage":"hr"},{"@type":"WebPage","@id":"https:\/\/radioljubuski.ba\/index.php\/2022\/05\/24\/mozemo-ocekivati-da-se-u-skorije-vrijeme-majmunske-boginje-pojavi-i-u-nasoj-zemlji\/","url":"https:\/\/radioljubuski.ba\/index.php\/2022\/05\/24\/mozemo-ocekivati-da-se-u-skorije-vrijeme-majmunske-boginje-pojavi-i-u-nasoj-zemlji\/","name":"Mo\u017eemo o\u010dekivati da se u skorije vrijeme majmunske boginje pojave i u na\u0161oj zemlji - RADIO LJUBU\u0160KI","isPartOf":{"@id":"https:\/\/radioljubuski.ba\/#website"},"primaryImageOfPage":{"@id":"https:\/\/radioljubuski.ba\/index.php\/2022\/05\/24\/mozemo-ocekivati-da-se-u-skorije-vrijeme-majmunske-boginje-pojavi-i-u-nasoj-zemlji\/#primaryimage"},"image":{"@id":"https:\/\/radioljubuski.ba\/index.php\/2022\/05\/24\/mozemo-ocekivati-da-se-u-skorije-vrijeme-majmunske-boginje-pojavi-i-u-nasoj-zemlji\/#primaryimage"},"thumbnailUrl":"https:\/\/radioljubuski.ba\/wp-content\/uploads\/2022\/05\/72eb39de-830d-4172-a126-047d7d81f1f1.jpg","datePublished":"2022-05-24T06:18:56+00:00","dateModified":"2022-05-24T11:14:55+00:00","breadcrumb":{"@id":"https:\/\/radioljubuski.ba\/index.php\/2022\/05\/24\/mozemo-ocekivati-da-se-u-skorije-vrijeme-majmunske-boginje-pojavi-i-u-nasoj-zemlji\/#breadcrumb"},"inLanguage":"hr","potentialAction":[{"@type":"ReadAction","target":["https:\/\/radioljubuski.ba\/index.php\/2022\/05\/24\/mozemo-ocekivati-da-se-u-skorije-vrijeme-majmunske-boginje-pojavi-i-u-nasoj-zemlji\/"]}]},{"@type":"ImageObject","inLanguage":"hr","@id":"https:\/\/radioljubuski.ba\/index.php\/2022\/05\/24\/mozemo-ocekivati-da-se-u-skorije-vrijeme-majmunske-boginje-pojavi-i-u-nasoj-zemlji\/#primaryimage","url":"https:\/\/radioljubuski.ba\/wp-content\/uploads\/2022\/05\/72eb39de-830d-4172-a126-047d7d81f1f1.jpg","contentUrl":"https:\/\/radioljubuski.ba\/wp-content\/uploads\/2022\/05\/72eb39de-830d-4172-a126-047d7d81f1f1.jpg","width":1200,"height":691},{"@type":"BreadcrumbList","@id":"https:\/\/radioljubuski.ba\/index.php\/2022\/05\/24\/mozemo-ocekivati-da-se-u-skorije-vrijeme-majmunske-boginje-pojavi-i-u-nasoj-zemlji\/#breadcrumb","itemListElement":[{"@type":"ListItem","position":1,"name":"Po\u010detna stranica","item":"https:\/\/radioljubuski.ba\/"},{"@type":"ListItem","position":2,"name":"Mo\u017eemo o\u010dekivati da se u skorije vrijeme majmunske boginje pojave i u na\u0161oj zemlji"}]},{"@type":"WebSite","@id":"https:\/\/radioljubuski.ba\/#website","url":"https:\/\/radioljubuski.ba\/","name":"Radio Ljubu\u0161ki","description":"Sun\u010dana frekvencija Hercegovine","publisher":{"@id":"https:\/\/radioljubuski.ba\/#organization"},"potentialAction":[{"@type":"SearchAction","target":{"@type":"EntryPoint","urlTemplate":"https:\/\/radioljubuski.ba\/?s={search_term_string}"},"query-input":{"@type":"PropertyValueSpecification","valueRequired":true,"valueName":"search_term_string"}}],"inLanguage":"hr"},{"@type":"Organization","@id":"https:\/\/radioljubuski.ba\/#organization","name":"Radio Ljubu\u0161ki","url":"https:\/\/radioljubuski.ba\/","logo":{"@type":"ImageObject","inLanguage":"hr","@id":"https:\/\/radioljubuski.ba\/#\/schema\/logo\/image\/","url":"https:\/\/radioljubuski.ba\/wp-content\/uploads\/2021\/02\/cropped-Radio_Ljubuski_logo1.jpg","contentUrl":"https:\/\/radioljubuski.ba\/wp-content\/uploads\/2021\/02\/cropped-Radio_Ljubuski_logo1.jpg","width":512,"height":512,"caption":"Radio Ljubu\u0161ki"},"image":{"@id":"https:\/\/radioljubuski.ba\/#\/schema\/logo\/image\/"},"sameAs":["https:\/\/www.facebook.com\/Radiio-Ljubuski-1490835324566332","https:\/\/x.com\/radioljubuski","https:\/\/hr.linkedin.com\/company\/radio-ljubuski","https:\/\/www.youtube.com\/channel\/UCHYaeO_n0Db3tjNGudGpXyw"]},{"@type":"Person","@id":"https:\/\/radioljubuski.ba\/#\/schema\/person\/19fc700381a780f69665d7956c469e3b","name":"Radio Ljubu\u0161ki"}]}},"_links":{"self":[{"href":"https:\/\/radioljubuski.ba\/index.php\/wp-json\/wp\/v2\/posts\/143507","targetHints":{"allow":["GET"]}}],"collection":[{"href":"https:\/\/radioljubuski.ba\/index.php\/wp-json\/wp\/v2\/posts"}],"about":[{"href":"https:\/\/radioljubuski.ba\/index.php\/wp-json\/wp\/v2\/types\/post"}],"author":[{"embeddable":true,"href":"https:\/\/radioljubuski.ba\/index.php\/wp-json\/wp\/v2\/users\/2"}],"replies":[{"embeddable":true,"href":"https:\/\/radioljubuski.ba\/index.php\/wp-json\/wp\/v2\/comments?post=143507"}],"version-history":[{"count":2,"href":"https:\/\/radioljubuski.ba\/index.php\/wp-json\/wp\/v2\/posts\/143507\/revisions"}],"predecessor-version":[{"id":143605,"href":"https:\/\/radioljubuski.ba\/index.php\/wp-json\/wp\/v2\/posts\/143507\/revisions\/143605"}],"wp:featuredmedia":[{"embeddable":true,"href":"https:\/\/radioljubuski.ba\/index.php\/wp-json\/wp\/v2\/media\/143508"}],"wp:attachment":[{"href":"https:\/\/radioljubuski.ba\/index.php\/wp-json\/wp\/v2\/media?parent=143507"}],"wp:term":[{"taxonomy":"category","embeddable":true,"href":"https:\/\/radioljubuski.ba\/index.php\/wp-json\/wp\/v2\/categories?post=143507"},{"taxonomy":"post_tag","embeddable":true,"href":"https:\/\/radioljubuski.ba\/index.php\/wp-json\/wp\/v2\/tags?post=143507"}],"curies":[{"name":"wp","href":"https:\/\/api.w.org\/{rel}","templated":true}]}}