{"id":143533,"date":"2022-05-24T07:47:58","date_gmt":"2022-05-24T06:47:58","guid":{"rendered":"https:\/\/radioljubuski.ba\/?p=143533"},"modified":"2022-05-24T07:48:00","modified_gmt":"2022-05-24T06:48:00","slug":"mup-nije-uspio-otkljucati-sve-podatke-s-perisevog-telefona","status":"publish","type":"post","link":"https:\/\/radioljubuski.ba\/index.php\/2022\/05\/24\/mup-nije-uspio-otkljucati-sve-podatke-s-perisevog-telefona\/","title":{"rendered":"MUP nije uspio otklju\u010dati sve podatke s Peri\u0161evog telefona"},"content":{"rendered":"\n<p>Uzrok zbog kojeg nadle\u017eni nisu uspjeli pristupiti svim porukama i pozivima je taj \u0161to mladi\u0107 vjerojatno nije uradio backup podataka sa aplikacija, to jeste, nisu sa\u010duvane u memoriji. <\/p>\n\n\n\n<p>Policija u prethodnom periodu nije uspjela skinuti sve podatke sa telefona Mateja Peri\u0161a, konkretno sa aplikacija Viber i WhatsApp, jer se podaci nisu pohranjivali na cloudu (memoriji). <\/p>\n\n\n\n<p>To zna\u010di da nadle\u017eni organi nisu uspjeli pristupiti svim porukama i kontaktima sa kojima se Peri\u0161 \u010duo uo\u010di nestanka, a koji bi mogli da biti klju\u010dni u rasvjetljavanju slu\u010daja, prenosi N1.<\/p>\n\n\n\n<p>Kako neslu\u017ebeno saznaje Nova.rs, uzrok zbog kojeg nadle\u017eni nisu uspjeli pristupiti svim porukama i pozivima je taj \u0161to mladi\u0107 vjerojatno nije uradio backup podataka sa aplikacija, to jeste, nisu sa\u010duvane u memoriji. To zna\u010di da jo\u0161 nije poznato sa kim se sve mladi\u0107 \u010duo te kobne ve\u010deri, \u0161to bi moglo objasniti njegovu rutu kretanja, zbog \u010dega je tr\u010dao, ali i poku\u0161avao dobiti taksi.<\/p>\n\n\n\n<p> Sudski vje\u0161tak iz Srbije Branislav Blagojevi\u0107 istaknuo je ranije za medije da se kartica iz Matejevog telefona mo\u017ee spasiti te da bi procedura njenog \u010di\u0161\u0107enje mogla trajati i do nekoliko mjeseci. Ipak, nije poznato da li bi to moglo zna\u010diti da \u0107e policija uspjeti pristupiti Peri\u0161evim aplikacijama \u2013 Viberu i WhatsAppu, odnosno, porukama i pozivima na spomenutim aplikacijama. <\/p>\n\n\n\n<p>I samo detektiranje signala telefona Spli\u0107anina od samog po\u010detka ispra\u0107eno je brojnim sumnjama, jer je priop\u0107eno da je on lociran dva i po sata nakon \u0161to je mladi\u0107 uo\u010den pored rijeke, odnosno, u trenutku kada se pretpostavljalo da je u\u0161ao u Savu.<\/p>\n\n\n\n<p> Proizvo\u0111a\u010d telefona tvrdio je da telefon u vodi mo\u017ee dati signal najvi\u0161e pola sata, a da je nemogu\u0107e detektirati ga nakon dva i po sata. &#8221;Kako je mogu\u0107e da se signal pojavljuje pokraj Ratnog ostrva, oko 4:15 sati, a to je oko dva sata i 20 minuta nakon zadnjeg Matejevog snimka pokraj &#8216;Savanove&#8217; u 1:55 sati? Kako je mogu\u0107e da mobitel reagira ako se nalazi u rijeci? Ako je Matej potonuo u rijeku, a mobitel mu je bio u d\u017eepu, onda je nakon 2:20 sati on neupotrebljiv, mokar, na dnu rijeke i ne bi mogao davati signal. Proizvo\u0111a\u010d mobitela ka\u017ee da mo\u017ee davati signal ako je mokar najvi\u0161e pola sata.<\/p>\n\n\n\n<p> Dakle, ako je mokar, ne bi zasigurno mogao davati signal nakon gotovo dva i po sata&#8221;, izjavio je Nenad Peri\u0161, otac mladi\u0107a, ranije za medije. Na samom kraju, kada je Peri\u0161evo tijelo prona\u0111eno u Dunavu kod Ada Huje u Beogradu 18. svibnja pro\u0161log tjedna, ispostavilo se da je telefon mladi\u0107a sve vrijeme bio u d\u017eepu, \u0161to zna\u010di da je bio u vodi. Podsjetimo, mladi\u0107 iz Splita je nestao u no\u0107i izme\u0111u 30. i 31. prosinca pro\u0161le godine, kada je iza\u0161ao iz kluba &#8221;Gotik&#8221; kod Beton hale u Beogradu. <\/p>\n\n\n\n<p>MUP je nakon toga objavio slu\u017ebenu rekonstrukciju rute Peri\u0161evog kretanja, iako su se u javnosti pojavljivali i snimci koji se ne nalaze u verziji koju je MUP plasirao u javnost. Matej Peri\u0161 je sahranjen u svom rodnom Splitu. <\/p>\n\n\n\n<p>Izvor:<a href=\"https:\/\/bljesak.info\/vijesti\/crna-kronika\/mup-nije-uspio-otkljucati-sve-podatke-s-perisevog-telefona\/383513\"> Bljesak.info<\/a><\/p>\n","protected":false},"excerpt":{"rendered":"<p>Uzrok zbog kojeg nadle\u017eni nisu uspjeli pristupiti svim porukama i pozivima je taj \u0161to mladi\u0107 vjerojatno nije uradio backup podataka sa aplikacija, to jeste, nisu sa\u010duvane u memoriji. Policija u prethodnom periodu nije uspjela skinuti sve podatke sa telefona Mateja Peri\u0161a, konkretno sa aplikacija Viber i WhatsApp, jer se podaci nisu pohranjivali na cloudu (memoriji). [&hellip;]<\/p>\n","protected":false},"author":2,"featured_media":143534,"comment_status":"closed","ping_status":"closed","sticky":false,"template":"","format":"standard","meta":{"h5ap_radio_sources":[],"footnotes":""},"categories":[1],"tags":[],"class_list":["post-143533","post","type-post","status-publish","format-standard","has-post-thumbnail","hentry","category-bihiregija"],"yoast_head":"<!-- This site is optimized with the Yoast SEO plugin v27.5 - https:\/\/yoast.com\/product\/yoast-seo-wordpress\/ -->\n<title>MUP nije uspio otklju\u010dati sve podatke s Peri\u0161evog telefona - RADIO LJUBU\u0160KI<\/title>\n<meta name=\"robots\" content=\"index, follow, max-snippet:-1, max-image-preview:large, max-video-preview:-1\" \/>\n<link rel=\"canonical\" href=\"https:\/\/radioljubuski.ba\/index.php\/2022\/05\/24\/mup-nije-uspio-otkljucati-sve-podatke-s-perisevog-telefona\/\" \/>\n<meta property=\"og:locale\" content=\"hr_HR\" \/>\n<meta property=\"og:type\" content=\"article\" \/>\n<meta property=\"og:title\" content=\"MUP nije uspio otklju\u010dati sve podatke s Peri\u0161evog telefona - RADIO LJUBU\u0160KI\" \/>\n<meta property=\"og:description\" content=\"Uzrok zbog kojeg nadle\u017eni nisu uspjeli pristupiti svim porukama i pozivima je taj \u0161to mladi\u0107 vjerojatno nije uradio backup podataka sa aplikacija, to jeste, nisu sa\u010duvane u memoriji. Policija u prethodnom periodu nije uspjela skinuti sve podatke sa telefona Mateja Peri\u0161a, konkretno sa aplikacija Viber i WhatsApp, jer se podaci nisu pohranjivali na cloudu (memoriji). [&hellip;]\" \/>\n<meta property=\"og:url\" content=\"https:\/\/radioljubuski.ba\/index.php\/2022\/05\/24\/mup-nije-uspio-otkljucati-sve-podatke-s-perisevog-telefona\/\" \/>\n<meta property=\"og:site_name\" content=\"RADIO LJUBU\u0160KI\" \/>\n<meta property=\"article:publisher\" content=\"https:\/\/www.facebook.com\/Radiio-Ljubuski-1490835324566332\" \/>\n<meta property=\"article:published_time\" content=\"2022-05-24T06:47:58+00:00\" \/>\n<meta property=\"article:modified_time\" content=\"2022-05-24T06:48:00+00:00\" \/>\n<meta property=\"og:image\" content=\"https:\/\/radioljubuski.ba\/wp-content\/uploads\/2022\/05\/potraga-matej-peris-beograd.jpg\" \/>\n\t<meta property=\"og:image:width\" content=\"800\" \/>\n\t<meta property=\"og:image:height\" content=\"550\" \/>\n\t<meta property=\"og:image:type\" content=\"image\/jpeg\" \/>\n<meta name=\"author\" content=\"Radio Ljubu\u0161ki\" \/>\n<meta name=\"twitter:card\" content=\"summary_large_image\" \/>\n<meta name=\"twitter:creator\" content=\"@radioljubuski\" \/>\n<meta name=\"twitter:site\" content=\"@radioljubuski\" \/>\n<meta name=\"twitter:label1\" content=\"Napisao\/la\" \/>\n\t<meta name=\"twitter:data1\" content=\"Radio Ljubu\u0161ki\" \/>\n\t<meta name=\"twitter:label2\" content=\"Procijenjeno vrijeme \u010ditanja\" \/>\n\t<meta name=\"twitter:data2\" content=\"3 minute\" \/>\n<script type=\"application\/ld+json\" class=\"yoast-schema-graph\">{\"@context\":\"https:\\\/\\\/schema.org\",\"@graph\":[{\"@type\":\"Article\",\"@id\":\"https:\\\/\\\/radioljubuski.ba\\\/index.php\\\/2022\\\/05\\\/24\\\/mup-nije-uspio-otkljucati-sve-podatke-s-perisevog-telefona\\\/#article\",\"isPartOf\":{\"@id\":\"https:\\\/\\\/radioljubuski.ba\\\/index.php\\\/2022\\\/05\\\/24\\\/mup-nije-uspio-otkljucati-sve-podatke-s-perisevog-telefona\\\/\"},\"author\":{\"name\":\"Radio Ljubu\u0161ki\",\"@id\":\"https:\\\/\\\/radioljubuski.ba\\\/#\\\/schema\\\/person\\\/19fc700381a780f69665d7956c469e3b\"},\"headline\":\"MUP nije uspio otklju\u010dati sve podatke s Peri\u0161evog telefona\",\"datePublished\":\"2022-05-24T06:47:58+00:00\",\"dateModified\":\"2022-05-24T06:48:00+00:00\",\"mainEntityOfPage\":{\"@id\":\"https:\\\/\\\/radioljubuski.ba\\\/index.php\\\/2022\\\/05\\\/24\\\/mup-nije-uspio-otkljucati-sve-podatke-s-perisevog-telefona\\\/\"},\"wordCount\":542,\"publisher\":{\"@id\":\"https:\\\/\\\/radioljubuski.ba\\\/#organization\"},\"image\":{\"@id\":\"https:\\\/\\\/radioljubuski.ba\\\/index.php\\\/2022\\\/05\\\/24\\\/mup-nije-uspio-otkljucati-sve-podatke-s-perisevog-telefona\\\/#primaryimage\"},\"thumbnailUrl\":\"https:\\\/\\\/radioljubuski.ba\\\/wp-content\\\/uploads\\\/2022\\\/05\\\/potraga-matej-peris-beograd.jpg\",\"articleSection\":[\"BIH i regija\"],\"inLanguage\":\"hr\"},{\"@type\":\"WebPage\",\"@id\":\"https:\\\/\\\/radioljubuski.ba\\\/index.php\\\/2022\\\/05\\\/24\\\/mup-nije-uspio-otkljucati-sve-podatke-s-perisevog-telefona\\\/\",\"url\":\"https:\\\/\\\/radioljubuski.ba\\\/index.php\\\/2022\\\/05\\\/24\\\/mup-nije-uspio-otkljucati-sve-podatke-s-perisevog-telefona\\\/\",\"name\":\"MUP nije uspio otklju\u010dati sve podatke s Peri\u0161evog telefona - RADIO LJUBU\u0160KI\",\"isPartOf\":{\"@id\":\"https:\\\/\\\/radioljubuski.ba\\\/#website\"},\"primaryImageOfPage\":{\"@id\":\"https:\\\/\\\/radioljubuski.ba\\\/index.php\\\/2022\\\/05\\\/24\\\/mup-nije-uspio-otkljucati-sve-podatke-s-perisevog-telefona\\\/#primaryimage\"},\"image\":{\"@id\":\"https:\\\/\\\/radioljubuski.ba\\\/index.php\\\/2022\\\/05\\\/24\\\/mup-nije-uspio-otkljucati-sve-podatke-s-perisevog-telefona\\\/#primaryimage\"},\"thumbnailUrl\":\"https:\\\/\\\/radioljubuski.ba\\\/wp-content\\\/uploads\\\/2022\\\/05\\\/potraga-matej-peris-beograd.jpg\",\"datePublished\":\"2022-05-24T06:47:58+00:00\",\"dateModified\":\"2022-05-24T06:48:00+00:00\",\"breadcrumb\":{\"@id\":\"https:\\\/\\\/radioljubuski.ba\\\/index.php\\\/2022\\\/05\\\/24\\\/mup-nije-uspio-otkljucati-sve-podatke-s-perisevog-telefona\\\/#breadcrumb\"},\"inLanguage\":\"hr\",\"potentialAction\":[{\"@type\":\"ReadAction\",\"target\":[\"https:\\\/\\\/radioljubuski.ba\\\/index.php\\\/2022\\\/05\\\/24\\\/mup-nije-uspio-otkljucati-sve-podatke-s-perisevog-telefona\\\/\"]}]},{\"@type\":\"ImageObject\",\"inLanguage\":\"hr\",\"@id\":\"https:\\\/\\\/radioljubuski.ba\\\/index.php\\\/2022\\\/05\\\/24\\\/mup-nije-uspio-otkljucati-sve-podatke-s-perisevog-telefona\\\/#primaryimage\",\"url\":\"https:\\\/\\\/radioljubuski.ba\\\/wp-content\\\/uploads\\\/2022\\\/05\\\/potraga-matej-peris-beograd.jpg\",\"contentUrl\":\"https:\\\/\\\/radioljubuski.ba\\\/wp-content\\\/uploads\\\/2022\\\/05\\\/potraga-matej-peris-beograd.jpg\",\"width\":800,\"height\":550},{\"@type\":\"BreadcrumbList\",\"@id\":\"https:\\\/\\\/radioljubuski.ba\\\/index.php\\\/2022\\\/05\\\/24\\\/mup-nije-uspio-otkljucati-sve-podatke-s-perisevog-telefona\\\/#breadcrumb\",\"itemListElement\":[{\"@type\":\"ListItem\",\"position\":1,\"name\":\"Po\u010detna stranica\",\"item\":\"https:\\\/\\\/radioljubuski.ba\\\/\"},{\"@type\":\"ListItem\",\"position\":2,\"name\":\"MUP nije uspio otklju\u010dati sve podatke s Peri\u0161evog telefona\"}]},{\"@type\":\"WebSite\",\"@id\":\"https:\\\/\\\/radioljubuski.ba\\\/#website\",\"url\":\"https:\\\/\\\/radioljubuski.ba\\\/\",\"name\":\"Radio Ljubu\u0161ki\",\"description\":\"Sun\u010dana frekvencija Hercegovine\",\"publisher\":{\"@id\":\"https:\\\/\\\/radioljubuski.ba\\\/#organization\"},\"potentialAction\":[{\"@type\":\"SearchAction\",\"target\":{\"@type\":\"EntryPoint\",\"urlTemplate\":\"https:\\\/\\\/radioljubuski.ba\\\/?s={search_term_string}\"},\"query-input\":{\"@type\":\"PropertyValueSpecification\",\"valueRequired\":true,\"valueName\":\"search_term_string\"}}],\"inLanguage\":\"hr\"},{\"@type\":\"Organization\",\"@id\":\"https:\\\/\\\/radioljubuski.ba\\\/#organization\",\"name\":\"Radio Ljubu\u0161ki\",\"url\":\"https:\\\/\\\/radioljubuski.ba\\\/\",\"logo\":{\"@type\":\"ImageObject\",\"inLanguage\":\"hr\",\"@id\":\"https:\\\/\\\/radioljubuski.ba\\\/#\\\/schema\\\/logo\\\/image\\\/\",\"url\":\"https:\\\/\\\/radioljubuski.ba\\\/wp-content\\\/uploads\\\/2021\\\/02\\\/cropped-Radio_Ljubuski_logo1.jpg\",\"contentUrl\":\"https:\\\/\\\/radioljubuski.ba\\\/wp-content\\\/uploads\\\/2021\\\/02\\\/cropped-Radio_Ljubuski_logo1.jpg\",\"width\":512,\"height\":512,\"caption\":\"Radio Ljubu\u0161ki\"},\"image\":{\"@id\":\"https:\\\/\\\/radioljubuski.ba\\\/#\\\/schema\\\/logo\\\/image\\\/\"},\"sameAs\":[\"https:\\\/\\\/www.facebook.com\\\/Radiio-Ljubuski-1490835324566332\",\"https:\\\/\\\/x.com\\\/radioljubuski\",\"https:\\\/\\\/hr.linkedin.com\\\/company\\\/radio-ljubuski\",\"https:\\\/\\\/www.youtube.com\\\/channel\\\/UCHYaeO_n0Db3tjNGudGpXyw\"]},{\"@type\":\"Person\",\"@id\":\"https:\\\/\\\/radioljubuski.ba\\\/#\\\/schema\\\/person\\\/19fc700381a780f69665d7956c469e3b\",\"name\":\"Radio Ljubu\u0161ki\"}]}<\/script>\n<!-- \/ Yoast SEO plugin. -->","yoast_head_json":{"title":"MUP nije uspio otklju\u010dati sve podatke s Peri\u0161evog telefona - RADIO LJUBU\u0160KI","robots":{"index":"index","follow":"follow","max-snippet":"max-snippet:-1","max-image-preview":"max-image-preview:large","max-video-preview":"max-video-preview:-1"},"canonical":"https:\/\/radioljubuski.ba\/index.php\/2022\/05\/24\/mup-nije-uspio-otkljucati-sve-podatke-s-perisevog-telefona\/","og_locale":"hr_HR","og_type":"article","og_title":"MUP nije uspio otklju\u010dati sve podatke s Peri\u0161evog telefona - RADIO LJUBU\u0160KI","og_description":"Uzrok zbog kojeg nadle\u017eni nisu uspjeli pristupiti svim porukama i pozivima je taj \u0161to mladi\u0107 vjerojatno nije uradio backup podataka sa aplikacija, to jeste, nisu sa\u010duvane u memoriji. Policija u prethodnom periodu nije uspjela skinuti sve podatke sa telefona Mateja Peri\u0161a, konkretno sa aplikacija Viber i WhatsApp, jer se podaci nisu pohranjivali na cloudu (memoriji). [&hellip;]","og_url":"https:\/\/radioljubuski.ba\/index.php\/2022\/05\/24\/mup-nije-uspio-otkljucati-sve-podatke-s-perisevog-telefona\/","og_site_name":"RADIO LJUBU\u0160KI","article_publisher":"https:\/\/www.facebook.com\/Radiio-Ljubuski-1490835324566332","article_published_time":"2022-05-24T06:47:58+00:00","article_modified_time":"2022-05-24T06:48:00+00:00","og_image":[{"width":800,"height":550,"url":"https:\/\/radioljubuski.ba\/wp-content\/uploads\/2022\/05\/potraga-matej-peris-beograd.jpg","type":"image\/jpeg"}],"author":"Radio Ljubu\u0161ki","twitter_card":"summary_large_image","twitter_creator":"@radioljubuski","twitter_site":"@radioljubuski","twitter_misc":{"Napisao\/la":"Radio Ljubu\u0161ki","Procijenjeno vrijeme \u010ditanja":"3 minute"},"schema":{"@context":"https:\/\/schema.org","@graph":[{"@type":"Article","@id":"https:\/\/radioljubuski.ba\/index.php\/2022\/05\/24\/mup-nije-uspio-otkljucati-sve-podatke-s-perisevog-telefona\/#article","isPartOf":{"@id":"https:\/\/radioljubuski.ba\/index.php\/2022\/05\/24\/mup-nije-uspio-otkljucati-sve-podatke-s-perisevog-telefona\/"},"author":{"name":"Radio Ljubu\u0161ki","@id":"https:\/\/radioljubuski.ba\/#\/schema\/person\/19fc700381a780f69665d7956c469e3b"},"headline":"MUP nije uspio otklju\u010dati sve podatke s Peri\u0161evog telefona","datePublished":"2022-05-24T06:47:58+00:00","dateModified":"2022-05-24T06:48:00+00:00","mainEntityOfPage":{"@id":"https:\/\/radioljubuski.ba\/index.php\/2022\/05\/24\/mup-nije-uspio-otkljucati-sve-podatke-s-perisevog-telefona\/"},"wordCount":542,"publisher":{"@id":"https:\/\/radioljubuski.ba\/#organization"},"image":{"@id":"https:\/\/radioljubuski.ba\/index.php\/2022\/05\/24\/mup-nije-uspio-otkljucati-sve-podatke-s-perisevog-telefona\/#primaryimage"},"thumbnailUrl":"https:\/\/radioljubuski.ba\/wp-content\/uploads\/2022\/05\/potraga-matej-peris-beograd.jpg","articleSection":["BIH i regija"],"inLanguage":"hr"},{"@type":"WebPage","@id":"https:\/\/radioljubuski.ba\/index.php\/2022\/05\/24\/mup-nije-uspio-otkljucati-sve-podatke-s-perisevog-telefona\/","url":"https:\/\/radioljubuski.ba\/index.php\/2022\/05\/24\/mup-nije-uspio-otkljucati-sve-podatke-s-perisevog-telefona\/","name":"MUP nije uspio otklju\u010dati sve podatke s Peri\u0161evog telefona - RADIO LJUBU\u0160KI","isPartOf":{"@id":"https:\/\/radioljubuski.ba\/#website"},"primaryImageOfPage":{"@id":"https:\/\/radioljubuski.ba\/index.php\/2022\/05\/24\/mup-nije-uspio-otkljucati-sve-podatke-s-perisevog-telefona\/#primaryimage"},"image":{"@id":"https:\/\/radioljubuski.ba\/index.php\/2022\/05\/24\/mup-nije-uspio-otkljucati-sve-podatke-s-perisevog-telefona\/#primaryimage"},"thumbnailUrl":"https:\/\/radioljubuski.ba\/wp-content\/uploads\/2022\/05\/potraga-matej-peris-beograd.jpg","datePublished":"2022-05-24T06:47:58+00:00","dateModified":"2022-05-24T06:48:00+00:00","breadcrumb":{"@id":"https:\/\/radioljubuski.ba\/index.php\/2022\/05\/24\/mup-nije-uspio-otkljucati-sve-podatke-s-perisevog-telefona\/#breadcrumb"},"inLanguage":"hr","potentialAction":[{"@type":"ReadAction","target":["https:\/\/radioljubuski.ba\/index.php\/2022\/05\/24\/mup-nije-uspio-otkljucati-sve-podatke-s-perisevog-telefona\/"]}]},{"@type":"ImageObject","inLanguage":"hr","@id":"https:\/\/radioljubuski.ba\/index.php\/2022\/05\/24\/mup-nije-uspio-otkljucati-sve-podatke-s-perisevog-telefona\/#primaryimage","url":"https:\/\/radioljubuski.ba\/wp-content\/uploads\/2022\/05\/potraga-matej-peris-beograd.jpg","contentUrl":"https:\/\/radioljubuski.ba\/wp-content\/uploads\/2022\/05\/potraga-matej-peris-beograd.jpg","width":800,"height":550},{"@type":"BreadcrumbList","@id":"https:\/\/radioljubuski.ba\/index.php\/2022\/05\/24\/mup-nije-uspio-otkljucati-sve-podatke-s-perisevog-telefona\/#breadcrumb","itemListElement":[{"@type":"ListItem","position":1,"name":"Po\u010detna stranica","item":"https:\/\/radioljubuski.ba\/"},{"@type":"ListItem","position":2,"name":"MUP nije uspio otklju\u010dati sve podatke s Peri\u0161evog telefona"}]},{"@type":"WebSite","@id":"https:\/\/radioljubuski.ba\/#website","url":"https:\/\/radioljubuski.ba\/","name":"Radio Ljubu\u0161ki","description":"Sun\u010dana frekvencija Hercegovine","publisher":{"@id":"https:\/\/radioljubuski.ba\/#organization"},"potentialAction":[{"@type":"SearchAction","target":{"@type":"EntryPoint","urlTemplate":"https:\/\/radioljubuski.ba\/?s={search_term_string}"},"query-input":{"@type":"PropertyValueSpecification","valueRequired":true,"valueName":"search_term_string"}}],"inLanguage":"hr"},{"@type":"Organization","@id":"https:\/\/radioljubuski.ba\/#organization","name":"Radio Ljubu\u0161ki","url":"https:\/\/radioljubuski.ba\/","logo":{"@type":"ImageObject","inLanguage":"hr","@id":"https:\/\/radioljubuski.ba\/#\/schema\/logo\/image\/","url":"https:\/\/radioljubuski.ba\/wp-content\/uploads\/2021\/02\/cropped-Radio_Ljubuski_logo1.jpg","contentUrl":"https:\/\/radioljubuski.ba\/wp-content\/uploads\/2021\/02\/cropped-Radio_Ljubuski_logo1.jpg","width":512,"height":512,"caption":"Radio Ljubu\u0161ki"},"image":{"@id":"https:\/\/radioljubuski.ba\/#\/schema\/logo\/image\/"},"sameAs":["https:\/\/www.facebook.com\/Radiio-Ljubuski-1490835324566332","https:\/\/x.com\/radioljubuski","https:\/\/hr.linkedin.com\/company\/radio-ljubuski","https:\/\/www.youtube.com\/channel\/UCHYaeO_n0Db3tjNGudGpXyw"]},{"@type":"Person","@id":"https:\/\/radioljubuski.ba\/#\/schema\/person\/19fc700381a780f69665d7956c469e3b","name":"Radio Ljubu\u0161ki"}]}},"_links":{"self":[{"href":"https:\/\/radioljubuski.ba\/index.php\/wp-json\/wp\/v2\/posts\/143533","targetHints":{"allow":["GET"]}}],"collection":[{"href":"https:\/\/radioljubuski.ba\/index.php\/wp-json\/wp\/v2\/posts"}],"about":[{"href":"https:\/\/radioljubuski.ba\/index.php\/wp-json\/wp\/v2\/types\/post"}],"author":[{"embeddable":true,"href":"https:\/\/radioljubuski.ba\/index.php\/wp-json\/wp\/v2\/users\/2"}],"replies":[{"embeddable":true,"href":"https:\/\/radioljubuski.ba\/index.php\/wp-json\/wp\/v2\/comments?post=143533"}],"version-history":[{"count":1,"href":"https:\/\/radioljubuski.ba\/index.php\/wp-json\/wp\/v2\/posts\/143533\/revisions"}],"predecessor-version":[{"id":143535,"href":"https:\/\/radioljubuski.ba\/index.php\/wp-json\/wp\/v2\/posts\/143533\/revisions\/143535"}],"wp:featuredmedia":[{"embeddable":true,"href":"https:\/\/radioljubuski.ba\/index.php\/wp-json\/wp\/v2\/media\/143534"}],"wp:attachment":[{"href":"https:\/\/radioljubuski.ba\/index.php\/wp-json\/wp\/v2\/media?parent=143533"}],"wp:term":[{"taxonomy":"category","embeddable":true,"href":"https:\/\/radioljubuski.ba\/index.php\/wp-json\/wp\/v2\/categories?post=143533"},{"taxonomy":"post_tag","embeddable":true,"href":"https:\/\/radioljubuski.ba\/index.php\/wp-json\/wp\/v2\/tags?post=143533"}],"curies":[{"name":"wp","href":"https:\/\/api.w.org\/{rel}","templated":true}]}}