{"id":143536,"date":"2022-05-24T07:52:00","date_gmt":"2022-05-24T06:52:00","guid":{"rendered":"https:\/\/radioljubuski.ba\/?p=143536"},"modified":"2022-05-24T07:52:50","modified_gmt":"2022-05-24T06:52:50","slug":"male-liske-za-najbolju-glumicu-i-glumca-dodijeljene-nikolini-maric-i-miri-barnjaku","status":"publish","type":"post","link":"https:\/\/radioljubuski.ba\/index.php\/2022\/05\/24\/male-liske-za-najbolju-glumicu-i-glumca-dodijeljene-nikolini-maric-i-miri-barnjaku\/","title":{"rendered":"Male liske za najbolju glumicu i glumca dodijeljene Nikolini Mari\u0107 i Miri Barnjaku"},"content":{"rendered":"\n<p>\u010cetvrtu ve\u010der ovogodi\u0161njeg, 19. izdanja Me\u0111unarodnog festivala komedije \u201cMostarska liska\u201d obilje\u017eila je predstava \u201c\u017denski razgovori +-1\u201d, &nbsp;Hrvatskog narodnog kazali\u0161ta iz Mostara, nastala reinterpretacijom djela Du\u0161ka Radovi\u0107a, kroz intervencije dramaturga Dragana Komadine, redateljice Bijane \u010caki\u0107 i ansambla predstave.<\/p>\n\n\n\n<p>Rije\u010d je o predstavi koja uspijeva da kroz duhovite, svakodnevne razgovore o bra\u010dnim, mu\u0161ko-\u017eenskim odnosima, ipak pronikne u kompleksnost suvremenog kontektsta, kako onog globalnog, kroz komentare o upoznavanju partnera u doba interneta, tako i onog vezanog za doma\u0107e podneblje \u2013 oslikavaju\u0107i portret suvremenog mostarskog dru\u0161tva desetkovanog migracijom i nikada razrije\u0161enim traumama koje se pre\u0161utno prenose od majke do k\u0107eri, generacijama.&nbsp;<\/p>\n\n\n\n<p>Mostarska publika ovu predstavu primila je srda\u010dnim aplauzom, a stru\u010dni \u017eiri, u sastavu Emir Had\u017eihafizbegovi\u0107 \u2013 predsjednik, Zoran Rako\u010devi\u0107 i Velimir P\u0161eni\u010dnik Njiri\u0107, male liske za najboljeg glumca i najbolju glumicu ve\u010deri dodijelili su Miri Barnjaku i Nikolini Mari\u0107.<\/p>\n\n\n\n<p>Petu ve\u010der festivala, publika \u0107e imati priliku pogledati predstavu \u201cProtekcija\u201d Branislava Nu\u0161i\u0107a, u re\u017eiji Kokana Mladenovi\u0107a i produkciji Narodnog pozori\u0161ta u Sarajevu. Kao i do sada, nakon predstave, publika \u0107e mo\u0107i u\u017eivati u off programu, i to u no\u0107nom baru Durad\u017eik, uz stand up nastup Omera Had\u017ei\u0107a iz trupe \u201cSmijanje na tri jezika\u201d, i muziku Anite \u0160unji\u0107.<\/p>\n\n\n\n<p>Izvor:<a href=\"https:\/\/pogled.ba\/kultura\/male-liske-za-najbolju-glumicu-i-glumca-dodijeljene-nikolini-maric-i-miri-barnjaku\/246145\">Pogled.ba<\/a><\/p>\n","protected":false},"excerpt":{"rendered":"<p>\u010cetvrtu ve\u010der ovogodi\u0161njeg, 19. izdanja Me\u0111unarodnog festivala komedije \u201cMostarska liska\u201d obilje\u017eila je predstava \u201c\u017denski razgovori +-1\u201d, &nbsp;Hrvatskog narodnog kazali\u0161ta iz Mostara, nastala reinterpretacijom djela Du\u0161ka Radovi\u0107a, kroz intervencije dramaturga Dragana Komadine, redateljice Bijane \u010caki\u0107 i ansambla predstave. Rije\u010d je o predstavi koja uspijeva da kroz duhovite, svakodnevne razgovore o bra\u010dnim, mu\u0161ko-\u017eenskim odnosima, ipak pronikne u [&hellip;]<\/p>\n","protected":false},"author":2,"featured_media":143537,"comment_status":"closed","ping_status":"closed","sticky":false,"template":"","format":"standard","meta":{"h5ap_radio_sources":[],"footnotes":""},"categories":[1],"tags":[],"class_list":["post-143536","post","type-post","status-publish","format-standard","has-post-thumbnail","hentry","category-bihiregija"],"yoast_head":"<!-- This site is optimized with the Yoast SEO plugin v27.5 - https:\/\/yoast.com\/product\/yoast-seo-wordpress\/ -->\n<title>Male liske za najbolju glumicu i glumca dodijeljene Nikolini Mari\u0107 i Miri Barnjaku - RADIO LJUBU\u0160KI<\/title>\n<meta name=\"robots\" content=\"index, follow, max-snippet:-1, max-image-preview:large, max-video-preview:-1\" \/>\n<link rel=\"canonical\" href=\"https:\/\/radioljubuski.ba\/index.php\/2022\/05\/24\/male-liske-za-najbolju-glumicu-i-glumca-dodijeljene-nikolini-maric-i-miri-barnjaku\/\" \/>\n<meta property=\"og:locale\" content=\"hr_HR\" \/>\n<meta property=\"og:type\" content=\"article\" \/>\n<meta property=\"og:title\" content=\"Male liske za najbolju glumicu i glumca dodijeljene Nikolini Mari\u0107 i Miri Barnjaku - RADIO LJUBU\u0160KI\" \/>\n<meta property=\"og:description\" content=\"\u010cetvrtu ve\u010der ovogodi\u0161njeg, 19. izdanja Me\u0111unarodnog festivala komedije \u201cMostarska liska\u201d obilje\u017eila je predstava \u201c\u017denski razgovori +-1\u201d, &nbsp;Hrvatskog narodnog kazali\u0161ta iz Mostara, nastala reinterpretacijom djela Du\u0161ka Radovi\u0107a, kroz intervencije dramaturga Dragana Komadine, redateljice Bijane \u010caki\u0107 i ansambla predstave. Rije\u010d je o predstavi koja uspijeva da kroz duhovite, svakodnevne razgovore o bra\u010dnim, mu\u0161ko-\u017eenskim odnosima, ipak pronikne u [&hellip;]\" \/>\n<meta property=\"og:url\" content=\"https:\/\/radioljubuski.ba\/index.php\/2022\/05\/24\/male-liske-za-najbolju-glumicu-i-glumca-dodijeljene-nikolini-maric-i-miri-barnjaku\/\" \/>\n<meta property=\"og:site_name\" content=\"RADIO LJUBU\u0160KI\" \/>\n<meta property=\"article:publisher\" content=\"https:\/\/www.facebook.com\/Radiio-Ljubuski-1490835324566332\" \/>\n<meta property=\"article:published_time\" content=\"2022-05-24T06:52:00+00:00\" \/>\n<meta property=\"article:modified_time\" content=\"2022-05-24T06:52:50+00:00\" \/>\n<meta property=\"og:image\" content=\"https:\/\/radioljubuski.ba\/wp-content\/uploads\/2022\/05\/8-2022-05-24-07-19-29-DSC_0094.jpg\" \/>\n\t<meta property=\"og:image:width\" content=\"1000\" \/>\n\t<meta property=\"og:image:height\" content=\"625\" \/>\n\t<meta property=\"og:image:type\" content=\"image\/jpeg\" \/>\n<meta name=\"author\" content=\"Radio Ljubu\u0161ki\" \/>\n<meta name=\"twitter:card\" content=\"summary_large_image\" \/>\n<meta name=\"twitter:creator\" content=\"@radioljubuski\" \/>\n<meta name=\"twitter:site\" content=\"@radioljubuski\" \/>\n<meta name=\"twitter:label1\" content=\"Napisao\/la\" \/>\n\t<meta name=\"twitter:data1\" content=\"Radio Ljubu\u0161ki\" \/>\n\t<meta name=\"twitter:label2\" content=\"Procijenjeno vrijeme \u010ditanja\" \/>\n\t<meta name=\"twitter:data2\" content=\"1 minuta\" \/>\n<script type=\"application\/ld+json\" class=\"yoast-schema-graph\">{\"@context\":\"https:\\\/\\\/schema.org\",\"@graph\":[{\"@type\":\"Article\",\"@id\":\"https:\\\/\\\/radioljubuski.ba\\\/index.php\\\/2022\\\/05\\\/24\\\/male-liske-za-najbolju-glumicu-i-glumca-dodijeljene-nikolini-maric-i-miri-barnjaku\\\/#article\",\"isPartOf\":{\"@id\":\"https:\\\/\\\/radioljubuski.ba\\\/index.php\\\/2022\\\/05\\\/24\\\/male-liske-za-najbolju-glumicu-i-glumca-dodijeljene-nikolini-maric-i-miri-barnjaku\\\/\"},\"author\":{\"name\":\"Radio Ljubu\u0161ki\",\"@id\":\"https:\\\/\\\/radioljubuski.ba\\\/#\\\/schema\\\/person\\\/19fc700381a780f69665d7956c469e3b\"},\"headline\":\"Male liske za najbolju glumicu i glumca dodijeljene Nikolini Mari\u0107 i Miri Barnjaku\",\"datePublished\":\"2022-05-24T06:52:00+00:00\",\"dateModified\":\"2022-05-24T06:52:50+00:00\",\"mainEntityOfPage\":{\"@id\":\"https:\\\/\\\/radioljubuski.ba\\\/index.php\\\/2022\\\/05\\\/24\\\/male-liske-za-najbolju-glumicu-i-glumca-dodijeljene-nikolini-maric-i-miri-barnjaku\\\/\"},\"wordCount\":243,\"publisher\":{\"@id\":\"https:\\\/\\\/radioljubuski.ba\\\/#organization\"},\"image\":{\"@id\":\"https:\\\/\\\/radioljubuski.ba\\\/index.php\\\/2022\\\/05\\\/24\\\/male-liske-za-najbolju-glumicu-i-glumca-dodijeljene-nikolini-maric-i-miri-barnjaku\\\/#primaryimage\"},\"thumbnailUrl\":\"https:\\\/\\\/radioljubuski.ba\\\/wp-content\\\/uploads\\\/2022\\\/05\\\/8-2022-05-24-07-19-29-DSC_0094.jpg\",\"articleSection\":[\"BIH i regija\"],\"inLanguage\":\"hr\"},{\"@type\":\"WebPage\",\"@id\":\"https:\\\/\\\/radioljubuski.ba\\\/index.php\\\/2022\\\/05\\\/24\\\/male-liske-za-najbolju-glumicu-i-glumca-dodijeljene-nikolini-maric-i-miri-barnjaku\\\/\",\"url\":\"https:\\\/\\\/radioljubuski.ba\\\/index.php\\\/2022\\\/05\\\/24\\\/male-liske-za-najbolju-glumicu-i-glumca-dodijeljene-nikolini-maric-i-miri-barnjaku\\\/\",\"name\":\"Male liske za najbolju glumicu i glumca dodijeljene Nikolini Mari\u0107 i Miri Barnjaku - RADIO LJUBU\u0160KI\",\"isPartOf\":{\"@id\":\"https:\\\/\\\/radioljubuski.ba\\\/#website\"},\"primaryImageOfPage\":{\"@id\":\"https:\\\/\\\/radioljubuski.ba\\\/index.php\\\/2022\\\/05\\\/24\\\/male-liske-za-najbolju-glumicu-i-glumca-dodijeljene-nikolini-maric-i-miri-barnjaku\\\/#primaryimage\"},\"image\":{\"@id\":\"https:\\\/\\\/radioljubuski.ba\\\/index.php\\\/2022\\\/05\\\/24\\\/male-liske-za-najbolju-glumicu-i-glumca-dodijeljene-nikolini-maric-i-miri-barnjaku\\\/#primaryimage\"},\"thumbnailUrl\":\"https:\\\/\\\/radioljubuski.ba\\\/wp-content\\\/uploads\\\/2022\\\/05\\\/8-2022-05-24-07-19-29-DSC_0094.jpg\",\"datePublished\":\"2022-05-24T06:52:00+00:00\",\"dateModified\":\"2022-05-24T06:52:50+00:00\",\"breadcrumb\":{\"@id\":\"https:\\\/\\\/radioljubuski.ba\\\/index.php\\\/2022\\\/05\\\/24\\\/male-liske-za-najbolju-glumicu-i-glumca-dodijeljene-nikolini-maric-i-miri-barnjaku\\\/#breadcrumb\"},\"inLanguage\":\"hr\",\"potentialAction\":[{\"@type\":\"ReadAction\",\"target\":[\"https:\\\/\\\/radioljubuski.ba\\\/index.php\\\/2022\\\/05\\\/24\\\/male-liske-za-najbolju-glumicu-i-glumca-dodijeljene-nikolini-maric-i-miri-barnjaku\\\/\"]}]},{\"@type\":\"ImageObject\",\"inLanguage\":\"hr\",\"@id\":\"https:\\\/\\\/radioljubuski.ba\\\/index.php\\\/2022\\\/05\\\/24\\\/male-liske-za-najbolju-glumicu-i-glumca-dodijeljene-nikolini-maric-i-miri-barnjaku\\\/#primaryimage\",\"url\":\"https:\\\/\\\/radioljubuski.ba\\\/wp-content\\\/uploads\\\/2022\\\/05\\\/8-2022-05-24-07-19-29-DSC_0094.jpg\",\"contentUrl\":\"https:\\\/\\\/radioljubuski.ba\\\/wp-content\\\/uploads\\\/2022\\\/05\\\/8-2022-05-24-07-19-29-DSC_0094.jpg\",\"width\":1000,\"height\":625},{\"@type\":\"BreadcrumbList\",\"@id\":\"https:\\\/\\\/radioljubuski.ba\\\/index.php\\\/2022\\\/05\\\/24\\\/male-liske-za-najbolju-glumicu-i-glumca-dodijeljene-nikolini-maric-i-miri-barnjaku\\\/#breadcrumb\",\"itemListElement\":[{\"@type\":\"ListItem\",\"position\":1,\"name\":\"Po\u010detna stranica\",\"item\":\"https:\\\/\\\/radioljubuski.ba\\\/\"},{\"@type\":\"ListItem\",\"position\":2,\"name\":\"Male liske za najbolju glumicu i glumca dodijeljene Nikolini Mari\u0107 i Miri Barnjaku\"}]},{\"@type\":\"WebSite\",\"@id\":\"https:\\\/\\\/radioljubuski.ba\\\/#website\",\"url\":\"https:\\\/\\\/radioljubuski.ba\\\/\",\"name\":\"Radio Ljubu\u0161ki\",\"description\":\"Sun\u010dana frekvencija Hercegovine\",\"publisher\":{\"@id\":\"https:\\\/\\\/radioljubuski.ba\\\/#organization\"},\"potentialAction\":[{\"@type\":\"SearchAction\",\"target\":{\"@type\":\"EntryPoint\",\"urlTemplate\":\"https:\\\/\\\/radioljubuski.ba\\\/?s={search_term_string}\"},\"query-input\":{\"@type\":\"PropertyValueSpecification\",\"valueRequired\":true,\"valueName\":\"search_term_string\"}}],\"inLanguage\":\"hr\"},{\"@type\":\"Organization\",\"@id\":\"https:\\\/\\\/radioljubuski.ba\\\/#organization\",\"name\":\"Radio Ljubu\u0161ki\",\"url\":\"https:\\\/\\\/radioljubuski.ba\\\/\",\"logo\":{\"@type\":\"ImageObject\",\"inLanguage\":\"hr\",\"@id\":\"https:\\\/\\\/radioljubuski.ba\\\/#\\\/schema\\\/logo\\\/image\\\/\",\"url\":\"https:\\\/\\\/radioljubuski.ba\\\/wp-content\\\/uploads\\\/2021\\\/02\\\/cropped-Radio_Ljubuski_logo1.jpg\",\"contentUrl\":\"https:\\\/\\\/radioljubuski.ba\\\/wp-content\\\/uploads\\\/2021\\\/02\\\/cropped-Radio_Ljubuski_logo1.jpg\",\"width\":512,\"height\":512,\"caption\":\"Radio Ljubu\u0161ki\"},\"image\":{\"@id\":\"https:\\\/\\\/radioljubuski.ba\\\/#\\\/schema\\\/logo\\\/image\\\/\"},\"sameAs\":[\"https:\\\/\\\/www.facebook.com\\\/Radiio-Ljubuski-1490835324566332\",\"https:\\\/\\\/x.com\\\/radioljubuski\",\"https:\\\/\\\/hr.linkedin.com\\\/company\\\/radio-ljubuski\",\"https:\\\/\\\/www.youtube.com\\\/channel\\\/UCHYaeO_n0Db3tjNGudGpXyw\"]},{\"@type\":\"Person\",\"@id\":\"https:\\\/\\\/radioljubuski.ba\\\/#\\\/schema\\\/person\\\/19fc700381a780f69665d7956c469e3b\",\"name\":\"Radio Ljubu\u0161ki\"}]}<\/script>\n<!-- \/ Yoast SEO plugin. -->","yoast_head_json":{"title":"Male liske za najbolju glumicu i glumca dodijeljene Nikolini Mari\u0107 i Miri Barnjaku - RADIO LJUBU\u0160KI","robots":{"index":"index","follow":"follow","max-snippet":"max-snippet:-1","max-image-preview":"max-image-preview:large","max-video-preview":"max-video-preview:-1"},"canonical":"https:\/\/radioljubuski.ba\/index.php\/2022\/05\/24\/male-liske-za-najbolju-glumicu-i-glumca-dodijeljene-nikolini-maric-i-miri-barnjaku\/","og_locale":"hr_HR","og_type":"article","og_title":"Male liske za najbolju glumicu i glumca dodijeljene Nikolini Mari\u0107 i Miri Barnjaku - RADIO LJUBU\u0160KI","og_description":"\u010cetvrtu ve\u010der ovogodi\u0161njeg, 19. izdanja Me\u0111unarodnog festivala komedije \u201cMostarska liska\u201d obilje\u017eila je predstava \u201c\u017denski razgovori +-1\u201d, &nbsp;Hrvatskog narodnog kazali\u0161ta iz Mostara, nastala reinterpretacijom djela Du\u0161ka Radovi\u0107a, kroz intervencije dramaturga Dragana Komadine, redateljice Bijane \u010caki\u0107 i ansambla predstave. Rije\u010d je o predstavi koja uspijeva da kroz duhovite, svakodnevne razgovore o bra\u010dnim, mu\u0161ko-\u017eenskim odnosima, ipak pronikne u [&hellip;]","og_url":"https:\/\/radioljubuski.ba\/index.php\/2022\/05\/24\/male-liske-za-najbolju-glumicu-i-glumca-dodijeljene-nikolini-maric-i-miri-barnjaku\/","og_site_name":"RADIO LJUBU\u0160KI","article_publisher":"https:\/\/www.facebook.com\/Radiio-Ljubuski-1490835324566332","article_published_time":"2022-05-24T06:52:00+00:00","article_modified_time":"2022-05-24T06:52:50+00:00","og_image":[{"width":1000,"height":625,"url":"https:\/\/radioljubuski.ba\/wp-content\/uploads\/2022\/05\/8-2022-05-24-07-19-29-DSC_0094.jpg","type":"image\/jpeg"}],"author":"Radio Ljubu\u0161ki","twitter_card":"summary_large_image","twitter_creator":"@radioljubuski","twitter_site":"@radioljubuski","twitter_misc":{"Napisao\/la":"Radio Ljubu\u0161ki","Procijenjeno vrijeme \u010ditanja":"1 minuta"},"schema":{"@context":"https:\/\/schema.org","@graph":[{"@type":"Article","@id":"https:\/\/radioljubuski.ba\/index.php\/2022\/05\/24\/male-liske-za-najbolju-glumicu-i-glumca-dodijeljene-nikolini-maric-i-miri-barnjaku\/#article","isPartOf":{"@id":"https:\/\/radioljubuski.ba\/index.php\/2022\/05\/24\/male-liske-za-najbolju-glumicu-i-glumca-dodijeljene-nikolini-maric-i-miri-barnjaku\/"},"author":{"name":"Radio Ljubu\u0161ki","@id":"https:\/\/radioljubuski.ba\/#\/schema\/person\/19fc700381a780f69665d7956c469e3b"},"headline":"Male liske za najbolju glumicu i glumca dodijeljene Nikolini Mari\u0107 i Miri Barnjaku","datePublished":"2022-05-24T06:52:00+00:00","dateModified":"2022-05-24T06:52:50+00:00","mainEntityOfPage":{"@id":"https:\/\/radioljubuski.ba\/index.php\/2022\/05\/24\/male-liske-za-najbolju-glumicu-i-glumca-dodijeljene-nikolini-maric-i-miri-barnjaku\/"},"wordCount":243,"publisher":{"@id":"https:\/\/radioljubuski.ba\/#organization"},"image":{"@id":"https:\/\/radioljubuski.ba\/index.php\/2022\/05\/24\/male-liske-za-najbolju-glumicu-i-glumca-dodijeljene-nikolini-maric-i-miri-barnjaku\/#primaryimage"},"thumbnailUrl":"https:\/\/radioljubuski.ba\/wp-content\/uploads\/2022\/05\/8-2022-05-24-07-19-29-DSC_0094.jpg","articleSection":["BIH i regija"],"inLanguage":"hr"},{"@type":"WebPage","@id":"https:\/\/radioljubuski.ba\/index.php\/2022\/05\/24\/male-liske-za-najbolju-glumicu-i-glumca-dodijeljene-nikolini-maric-i-miri-barnjaku\/","url":"https:\/\/radioljubuski.ba\/index.php\/2022\/05\/24\/male-liske-za-najbolju-glumicu-i-glumca-dodijeljene-nikolini-maric-i-miri-barnjaku\/","name":"Male liske za najbolju glumicu i glumca dodijeljene Nikolini Mari\u0107 i Miri Barnjaku - RADIO LJUBU\u0160KI","isPartOf":{"@id":"https:\/\/radioljubuski.ba\/#website"},"primaryImageOfPage":{"@id":"https:\/\/radioljubuski.ba\/index.php\/2022\/05\/24\/male-liske-za-najbolju-glumicu-i-glumca-dodijeljene-nikolini-maric-i-miri-barnjaku\/#primaryimage"},"image":{"@id":"https:\/\/radioljubuski.ba\/index.php\/2022\/05\/24\/male-liske-za-najbolju-glumicu-i-glumca-dodijeljene-nikolini-maric-i-miri-barnjaku\/#primaryimage"},"thumbnailUrl":"https:\/\/radioljubuski.ba\/wp-content\/uploads\/2022\/05\/8-2022-05-24-07-19-29-DSC_0094.jpg","datePublished":"2022-05-24T06:52:00+00:00","dateModified":"2022-05-24T06:52:50+00:00","breadcrumb":{"@id":"https:\/\/radioljubuski.ba\/index.php\/2022\/05\/24\/male-liske-za-najbolju-glumicu-i-glumca-dodijeljene-nikolini-maric-i-miri-barnjaku\/#breadcrumb"},"inLanguage":"hr","potentialAction":[{"@type":"ReadAction","target":["https:\/\/radioljubuski.ba\/index.php\/2022\/05\/24\/male-liske-za-najbolju-glumicu-i-glumca-dodijeljene-nikolini-maric-i-miri-barnjaku\/"]}]},{"@type":"ImageObject","inLanguage":"hr","@id":"https:\/\/radioljubuski.ba\/index.php\/2022\/05\/24\/male-liske-za-najbolju-glumicu-i-glumca-dodijeljene-nikolini-maric-i-miri-barnjaku\/#primaryimage","url":"https:\/\/radioljubuski.ba\/wp-content\/uploads\/2022\/05\/8-2022-05-24-07-19-29-DSC_0094.jpg","contentUrl":"https:\/\/radioljubuski.ba\/wp-content\/uploads\/2022\/05\/8-2022-05-24-07-19-29-DSC_0094.jpg","width":1000,"height":625},{"@type":"BreadcrumbList","@id":"https:\/\/radioljubuski.ba\/index.php\/2022\/05\/24\/male-liske-za-najbolju-glumicu-i-glumca-dodijeljene-nikolini-maric-i-miri-barnjaku\/#breadcrumb","itemListElement":[{"@type":"ListItem","position":1,"name":"Po\u010detna stranica","item":"https:\/\/radioljubuski.ba\/"},{"@type":"ListItem","position":2,"name":"Male liske za najbolju glumicu i glumca dodijeljene Nikolini Mari\u0107 i Miri Barnjaku"}]},{"@type":"WebSite","@id":"https:\/\/radioljubuski.ba\/#website","url":"https:\/\/radioljubuski.ba\/","name":"Radio Ljubu\u0161ki","description":"Sun\u010dana frekvencija Hercegovine","publisher":{"@id":"https:\/\/radioljubuski.ba\/#organization"},"potentialAction":[{"@type":"SearchAction","target":{"@type":"EntryPoint","urlTemplate":"https:\/\/radioljubuski.ba\/?s={search_term_string}"},"query-input":{"@type":"PropertyValueSpecification","valueRequired":true,"valueName":"search_term_string"}}],"inLanguage":"hr"},{"@type":"Organization","@id":"https:\/\/radioljubuski.ba\/#organization","name":"Radio Ljubu\u0161ki","url":"https:\/\/radioljubuski.ba\/","logo":{"@type":"ImageObject","inLanguage":"hr","@id":"https:\/\/radioljubuski.ba\/#\/schema\/logo\/image\/","url":"https:\/\/radioljubuski.ba\/wp-content\/uploads\/2021\/02\/cropped-Radio_Ljubuski_logo1.jpg","contentUrl":"https:\/\/radioljubuski.ba\/wp-content\/uploads\/2021\/02\/cropped-Radio_Ljubuski_logo1.jpg","width":512,"height":512,"caption":"Radio Ljubu\u0161ki"},"image":{"@id":"https:\/\/radioljubuski.ba\/#\/schema\/logo\/image\/"},"sameAs":["https:\/\/www.facebook.com\/Radiio-Ljubuski-1490835324566332","https:\/\/x.com\/radioljubuski","https:\/\/hr.linkedin.com\/company\/radio-ljubuski","https:\/\/www.youtube.com\/channel\/UCHYaeO_n0Db3tjNGudGpXyw"]},{"@type":"Person","@id":"https:\/\/radioljubuski.ba\/#\/schema\/person\/19fc700381a780f69665d7956c469e3b","name":"Radio Ljubu\u0161ki"}]}},"_links":{"self":[{"href":"https:\/\/radioljubuski.ba\/index.php\/wp-json\/wp\/v2\/posts\/143536","targetHints":{"allow":["GET"]}}],"collection":[{"href":"https:\/\/radioljubuski.ba\/index.php\/wp-json\/wp\/v2\/posts"}],"about":[{"href":"https:\/\/radioljubuski.ba\/index.php\/wp-json\/wp\/v2\/types\/post"}],"author":[{"embeddable":true,"href":"https:\/\/radioljubuski.ba\/index.php\/wp-json\/wp\/v2\/users\/2"}],"replies":[{"embeddable":true,"href":"https:\/\/radioljubuski.ba\/index.php\/wp-json\/wp\/v2\/comments?post=143536"}],"version-history":[{"count":3,"href":"https:\/\/radioljubuski.ba\/index.php\/wp-json\/wp\/v2\/posts\/143536\/revisions"}],"predecessor-version":[{"id":143541,"href":"https:\/\/radioljubuski.ba\/index.php\/wp-json\/wp\/v2\/posts\/143536\/revisions\/143541"}],"wp:featuredmedia":[{"embeddable":true,"href":"https:\/\/radioljubuski.ba\/index.php\/wp-json\/wp\/v2\/media\/143537"}],"wp:attachment":[{"href":"https:\/\/radioljubuski.ba\/index.php\/wp-json\/wp\/v2\/media?parent=143536"}],"wp:term":[{"taxonomy":"category","embeddable":true,"href":"https:\/\/radioljubuski.ba\/index.php\/wp-json\/wp\/v2\/categories?post=143536"},{"taxonomy":"post_tag","embeddable":true,"href":"https:\/\/radioljubuski.ba\/index.php\/wp-json\/wp\/v2\/tags?post=143536"}],"curies":[{"name":"wp","href":"https:\/\/api.w.org\/{rel}","templated":true}]}}