{"id":143543,"date":"2022-05-24T08:17:49","date_gmt":"2022-05-24T07:17:49","guid":{"rendered":"https:\/\/radioljubuski.ba\/?p=143543"},"modified":"2022-05-24T08:17:51","modified_gmt":"2022-05-24T07:17:51","slug":"zadar-izborio-trecu-utakmicu-sa-splitom-cibona-ceka-u-finalu","status":"publish","type":"post","link":"https:\/\/radioljubuski.ba\/index.php\/2022\/05\/24\/zadar-izborio-trecu-utakmicu-sa-splitom-cibona-ceka-u-finalu\/","title":{"rendered":"Zadar izborio tre\u0107u utakmicu sa Splitom, Cibona \u010deka u finalu"},"content":{"rendered":"\n<p>Nakon \u0161to su ko\u0161arka\u0161i Cibone ranije ju\u010der izborili plasman u finale doigravanja prvenstva Hrvatske pobjedom 81-80 u drugom susretu polufinala protiv Gorice, \u010dime su seriju okon\u010dali s 2-0, Zadar je kasnije sino\u0107 pobijedio Split sa 76-57, izboriv\u0161i majstoricu.<\/p>\n\n\n\n<p>Nakon \u0161to su na Gripama izgubili 64-74, branitelji naslova nisu imali pravo na pogre\u0161ku, Zadar je morao slaviti kako bi izborio tre\u0107u utakmicu. I uspio je. Pobjedom 76-57 izjedna\u010dio je rezultat na 1-1 u seriji na dvije pobjede.<\/p>\n\n\n\n<p>Zadar je bolje u\u0161ao u susret i nakon prve \u010detvrtine je poveo 22-16. Spli\u0107ani su uzvratili u drugoj dionici i na poluvrijeme su oti\u0161li s dva ko\u0161a razlike (36-34). Klju\u010dnim se pokazala tre\u0107a dionicu koju je Zadar dobio sa 25-9. U posljednjoj \u010detvrtini Zadrani su dodatno pove\u0107ali prednost na kona\u010dnih 76-57.<\/p>\n\n\n\n<p>U doma\u0107im redovima najefikasniji su bili&nbsp;<strong>Justin Anthony Carter<\/strong>&nbsp;sa 21 ko\u0161em i sedam skokova,&nbsp;<strong>Trevor Carter Thompson<\/strong>&nbsp;je dodao 14 ko\u0161eva uz osam skokova, dok je&nbsp;<strong>Dario Dre\u017enjak&nbsp;<\/strong>upisao 13 ko\u0161eva.<\/p>\n\n\n\n<p>Kod Splita su najefikasniji bili&nbsp;<strong>Shannon Jerod Shorter<\/strong>&nbsp;s 20 ko\u0161eva i sedam skokova, a&nbsp;<strong>Tonko Vuko<\/strong>&nbsp;ubacio je 15 ko\u0161eva, uz \u0161est skokova.<\/p>\n\n\n\n<p>U ranije odigranom susretu Cibona je pobijedila Goricu sa 81-80 i izborila plasman u finale sa 2-0 u pobjedama.<\/p>\n\n\n\n<p>Bila je to dramati\u010dna utakmica koju je Cibona dobila u posljednjim sekundama susreta.<\/p>\n\n\n\n<p>&#8220;Vukove&#8221; su do pobjede predvodili sjajni\u00a0<strong>Roko Prka\u010din\u00a0<\/strong>s 30 ko\u0161eva i devet skokova,<strong>\u00a0Mateo Dre\u017enjak<\/strong>\u00a0je zabio 14 ko\u0161eva uz sedam asistencija, dok je\u00a0<strong>Toni Naki\u0107\u00a0<\/strong>ubacio 11 ko\u0161eva.<\/p>\n\n\n\n<p>izvor: hrt.hr<\/p>\n","protected":false},"excerpt":{"rendered":"<p>Nakon \u0161to su ko\u0161arka\u0161i Cibone ranije ju\u010der izborili plasman u finale doigravanja prvenstva Hrvatske pobjedom 81-80 u drugom susretu polufinala protiv Gorice, \u010dime su seriju okon\u010dali s 2-0, Zadar je kasnije sino\u0107 pobijedio Split sa 76-57, izboriv\u0161i majstoricu. Nakon \u0161to su na Gripama izgubili 64-74, branitelji naslova nisu imali pravo na pogre\u0161ku, Zadar je morao [&hellip;]<\/p>\n","protected":false},"author":2,"featured_media":143544,"comment_status":"closed","ping_status":"closed","sticky":false,"template":"","format":"standard","meta":{"h5ap_radio_sources":[],"footnotes":""},"categories":[7],"tags":[],"class_list":["post-143543","post","type-post","status-publish","format-standard","has-post-thumbnail","hentry","category-sport"],"yoast_head":"<!-- This site is optimized with the Yoast SEO plugin v27.5 - https:\/\/yoast.com\/product\/yoast-seo-wordpress\/ -->\n<title>Zadar izborio tre\u0107u utakmicu sa Splitom, Cibona \u010deka u finalu - RADIO LJUBU\u0160KI<\/title>\n<meta name=\"robots\" content=\"index, follow, max-snippet:-1, max-image-preview:large, max-video-preview:-1\" \/>\n<link rel=\"canonical\" href=\"https:\/\/radioljubuski.ba\/index.php\/2022\/05\/24\/zadar-izborio-trecu-utakmicu-sa-splitom-cibona-ceka-u-finalu\/\" \/>\n<meta property=\"og:locale\" content=\"hr_HR\" \/>\n<meta property=\"og:type\" content=\"article\" \/>\n<meta property=\"og:title\" content=\"Zadar izborio tre\u0107u utakmicu sa Splitom, Cibona \u010deka u finalu - RADIO LJUBU\u0160KI\" \/>\n<meta property=\"og:description\" content=\"Nakon \u0161to su ko\u0161arka\u0161i Cibone ranije ju\u010der izborili plasman u finale doigravanja prvenstva Hrvatske pobjedom 81-80 u drugom susretu polufinala protiv Gorice, \u010dime su seriju okon\u010dali s 2-0, Zadar je kasnije sino\u0107 pobijedio Split sa 76-57, izboriv\u0161i majstoricu. Nakon \u0161to su na Gripama izgubili 64-74, branitelji naslova nisu imali pravo na pogre\u0161ku, Zadar je morao [&hellip;]\" \/>\n<meta property=\"og:url\" content=\"https:\/\/radioljubuski.ba\/index.php\/2022\/05\/24\/zadar-izborio-trecu-utakmicu-sa-splitom-cibona-ceka-u-finalu\/\" \/>\n<meta property=\"og:site_name\" content=\"RADIO LJUBU\u0160KI\" \/>\n<meta property=\"article:publisher\" content=\"https:\/\/www.facebook.com\/Radiio-Ljubuski-1490835324566332\" \/>\n<meta property=\"article:published_time\" content=\"2022-05-24T07:17:49+00:00\" \/>\n<meta property=\"article:modified_time\" content=\"2022-05-24T07:17:51+00:00\" \/>\n<meta property=\"og:image\" content=\"https:\/\/radioljubuski.ba\/wp-content\/uploads\/2022\/05\/zadar.jpg\" \/>\n\t<meta property=\"og:image:width\" content=\"275\" \/>\n\t<meta property=\"og:image:height\" content=\"183\" \/>\n\t<meta property=\"og:image:type\" content=\"image\/jpeg\" \/>\n<meta name=\"author\" content=\"Radio Ljubu\u0161ki\" \/>\n<meta name=\"twitter:card\" content=\"summary_large_image\" \/>\n<meta name=\"twitter:creator\" content=\"@radioljubuski\" \/>\n<meta name=\"twitter:site\" content=\"@radioljubuski\" \/>\n<meta name=\"twitter:label1\" content=\"Napisao\/la\" \/>\n\t<meta name=\"twitter:data1\" content=\"Radio Ljubu\u0161ki\" \/>\n\t<meta name=\"twitter:label2\" content=\"Procijenjeno vrijeme \u010ditanja\" \/>\n\t<meta name=\"twitter:data2\" content=\"2 minute\" \/>\n<script type=\"application\/ld+json\" class=\"yoast-schema-graph\">{\"@context\":\"https:\\\/\\\/schema.org\",\"@graph\":[{\"@type\":\"Article\",\"@id\":\"https:\\\/\\\/radioljubuski.ba\\\/index.php\\\/2022\\\/05\\\/24\\\/zadar-izborio-trecu-utakmicu-sa-splitom-cibona-ceka-u-finalu\\\/#article\",\"isPartOf\":{\"@id\":\"https:\\\/\\\/radioljubuski.ba\\\/index.php\\\/2022\\\/05\\\/24\\\/zadar-izborio-trecu-utakmicu-sa-splitom-cibona-ceka-u-finalu\\\/\"},\"author\":{\"name\":\"Radio Ljubu\u0161ki\",\"@id\":\"https:\\\/\\\/radioljubuski.ba\\\/#\\\/schema\\\/person\\\/19fc700381a780f69665d7956c469e3b\"},\"headline\":\"Zadar izborio tre\u0107u utakmicu sa Splitom, Cibona \u010deka u finalu\",\"datePublished\":\"2022-05-24T07:17:49+00:00\",\"dateModified\":\"2022-05-24T07:17:51+00:00\",\"mainEntityOfPage\":{\"@id\":\"https:\\\/\\\/radioljubuski.ba\\\/index.php\\\/2022\\\/05\\\/24\\\/zadar-izborio-trecu-utakmicu-sa-splitom-cibona-ceka-u-finalu\\\/\"},\"wordCount\":290,\"publisher\":{\"@id\":\"https:\\\/\\\/radioljubuski.ba\\\/#organization\"},\"image\":{\"@id\":\"https:\\\/\\\/radioljubuski.ba\\\/index.php\\\/2022\\\/05\\\/24\\\/zadar-izborio-trecu-utakmicu-sa-splitom-cibona-ceka-u-finalu\\\/#primaryimage\"},\"thumbnailUrl\":\"https:\\\/\\\/radioljubuski.ba\\\/wp-content\\\/uploads\\\/2022\\\/05\\\/zadar.jpg\",\"articleSection\":[\"\u0160port\"],\"inLanguage\":\"hr\"},{\"@type\":\"WebPage\",\"@id\":\"https:\\\/\\\/radioljubuski.ba\\\/index.php\\\/2022\\\/05\\\/24\\\/zadar-izborio-trecu-utakmicu-sa-splitom-cibona-ceka-u-finalu\\\/\",\"url\":\"https:\\\/\\\/radioljubuski.ba\\\/index.php\\\/2022\\\/05\\\/24\\\/zadar-izborio-trecu-utakmicu-sa-splitom-cibona-ceka-u-finalu\\\/\",\"name\":\"Zadar izborio tre\u0107u utakmicu sa Splitom, Cibona \u010deka u finalu - RADIO LJUBU\u0160KI\",\"isPartOf\":{\"@id\":\"https:\\\/\\\/radioljubuski.ba\\\/#website\"},\"primaryImageOfPage\":{\"@id\":\"https:\\\/\\\/radioljubuski.ba\\\/index.php\\\/2022\\\/05\\\/24\\\/zadar-izborio-trecu-utakmicu-sa-splitom-cibona-ceka-u-finalu\\\/#primaryimage\"},\"image\":{\"@id\":\"https:\\\/\\\/radioljubuski.ba\\\/index.php\\\/2022\\\/05\\\/24\\\/zadar-izborio-trecu-utakmicu-sa-splitom-cibona-ceka-u-finalu\\\/#primaryimage\"},\"thumbnailUrl\":\"https:\\\/\\\/radioljubuski.ba\\\/wp-content\\\/uploads\\\/2022\\\/05\\\/zadar.jpg\",\"datePublished\":\"2022-05-24T07:17:49+00:00\",\"dateModified\":\"2022-05-24T07:17:51+00:00\",\"breadcrumb\":{\"@id\":\"https:\\\/\\\/radioljubuski.ba\\\/index.php\\\/2022\\\/05\\\/24\\\/zadar-izborio-trecu-utakmicu-sa-splitom-cibona-ceka-u-finalu\\\/#breadcrumb\"},\"inLanguage\":\"hr\",\"potentialAction\":[{\"@type\":\"ReadAction\",\"target\":[\"https:\\\/\\\/radioljubuski.ba\\\/index.php\\\/2022\\\/05\\\/24\\\/zadar-izborio-trecu-utakmicu-sa-splitom-cibona-ceka-u-finalu\\\/\"]}]},{\"@type\":\"ImageObject\",\"inLanguage\":\"hr\",\"@id\":\"https:\\\/\\\/radioljubuski.ba\\\/index.php\\\/2022\\\/05\\\/24\\\/zadar-izborio-trecu-utakmicu-sa-splitom-cibona-ceka-u-finalu\\\/#primaryimage\",\"url\":\"https:\\\/\\\/radioljubuski.ba\\\/wp-content\\\/uploads\\\/2022\\\/05\\\/zadar.jpg\",\"contentUrl\":\"https:\\\/\\\/radioljubuski.ba\\\/wp-content\\\/uploads\\\/2022\\\/05\\\/zadar.jpg\",\"width\":275,\"height\":183},{\"@type\":\"BreadcrumbList\",\"@id\":\"https:\\\/\\\/radioljubuski.ba\\\/index.php\\\/2022\\\/05\\\/24\\\/zadar-izborio-trecu-utakmicu-sa-splitom-cibona-ceka-u-finalu\\\/#breadcrumb\",\"itemListElement\":[{\"@type\":\"ListItem\",\"position\":1,\"name\":\"Po\u010detna stranica\",\"item\":\"https:\\\/\\\/radioljubuski.ba\\\/\"},{\"@type\":\"ListItem\",\"position\":2,\"name\":\"Zadar izborio tre\u0107u utakmicu sa Splitom, Cibona \u010deka u finalu\"}]},{\"@type\":\"WebSite\",\"@id\":\"https:\\\/\\\/radioljubuski.ba\\\/#website\",\"url\":\"https:\\\/\\\/radioljubuski.ba\\\/\",\"name\":\"Radio Ljubu\u0161ki\",\"description\":\"Sun\u010dana frekvencija Hercegovine\",\"publisher\":{\"@id\":\"https:\\\/\\\/radioljubuski.ba\\\/#organization\"},\"potentialAction\":[{\"@type\":\"SearchAction\",\"target\":{\"@type\":\"EntryPoint\",\"urlTemplate\":\"https:\\\/\\\/radioljubuski.ba\\\/?s={search_term_string}\"},\"query-input\":{\"@type\":\"PropertyValueSpecification\",\"valueRequired\":true,\"valueName\":\"search_term_string\"}}],\"inLanguage\":\"hr\"},{\"@type\":\"Organization\",\"@id\":\"https:\\\/\\\/radioljubuski.ba\\\/#organization\",\"name\":\"Radio Ljubu\u0161ki\",\"url\":\"https:\\\/\\\/radioljubuski.ba\\\/\",\"logo\":{\"@type\":\"ImageObject\",\"inLanguage\":\"hr\",\"@id\":\"https:\\\/\\\/radioljubuski.ba\\\/#\\\/schema\\\/logo\\\/image\\\/\",\"url\":\"https:\\\/\\\/radioljubuski.ba\\\/wp-content\\\/uploads\\\/2021\\\/02\\\/cropped-Radio_Ljubuski_logo1.jpg\",\"contentUrl\":\"https:\\\/\\\/radioljubuski.ba\\\/wp-content\\\/uploads\\\/2021\\\/02\\\/cropped-Radio_Ljubuski_logo1.jpg\",\"width\":512,\"height\":512,\"caption\":\"Radio Ljubu\u0161ki\"},\"image\":{\"@id\":\"https:\\\/\\\/radioljubuski.ba\\\/#\\\/schema\\\/logo\\\/image\\\/\"},\"sameAs\":[\"https:\\\/\\\/www.facebook.com\\\/Radiio-Ljubuski-1490835324566332\",\"https:\\\/\\\/x.com\\\/radioljubuski\",\"https:\\\/\\\/hr.linkedin.com\\\/company\\\/radio-ljubuski\",\"https:\\\/\\\/www.youtube.com\\\/channel\\\/UCHYaeO_n0Db3tjNGudGpXyw\"]},{\"@type\":\"Person\",\"@id\":\"https:\\\/\\\/radioljubuski.ba\\\/#\\\/schema\\\/person\\\/19fc700381a780f69665d7956c469e3b\",\"name\":\"Radio Ljubu\u0161ki\"}]}<\/script>\n<!-- \/ Yoast SEO plugin. -->","yoast_head_json":{"title":"Zadar izborio tre\u0107u utakmicu sa Splitom, Cibona \u010deka u finalu - RADIO LJUBU\u0160KI","robots":{"index":"index","follow":"follow","max-snippet":"max-snippet:-1","max-image-preview":"max-image-preview:large","max-video-preview":"max-video-preview:-1"},"canonical":"https:\/\/radioljubuski.ba\/index.php\/2022\/05\/24\/zadar-izborio-trecu-utakmicu-sa-splitom-cibona-ceka-u-finalu\/","og_locale":"hr_HR","og_type":"article","og_title":"Zadar izborio tre\u0107u utakmicu sa Splitom, Cibona \u010deka u finalu - RADIO LJUBU\u0160KI","og_description":"Nakon \u0161to su ko\u0161arka\u0161i Cibone ranije ju\u010der izborili plasman u finale doigravanja prvenstva Hrvatske pobjedom 81-80 u drugom susretu polufinala protiv Gorice, \u010dime su seriju okon\u010dali s 2-0, Zadar je kasnije sino\u0107 pobijedio Split sa 76-57, izboriv\u0161i majstoricu. Nakon \u0161to su na Gripama izgubili 64-74, branitelji naslova nisu imali pravo na pogre\u0161ku, Zadar je morao [&hellip;]","og_url":"https:\/\/radioljubuski.ba\/index.php\/2022\/05\/24\/zadar-izborio-trecu-utakmicu-sa-splitom-cibona-ceka-u-finalu\/","og_site_name":"RADIO LJUBU\u0160KI","article_publisher":"https:\/\/www.facebook.com\/Radiio-Ljubuski-1490835324566332","article_published_time":"2022-05-24T07:17:49+00:00","article_modified_time":"2022-05-24T07:17:51+00:00","og_image":[{"width":275,"height":183,"url":"https:\/\/radioljubuski.ba\/wp-content\/uploads\/2022\/05\/zadar.jpg","type":"image\/jpeg"}],"author":"Radio Ljubu\u0161ki","twitter_card":"summary_large_image","twitter_creator":"@radioljubuski","twitter_site":"@radioljubuski","twitter_misc":{"Napisao\/la":"Radio Ljubu\u0161ki","Procijenjeno vrijeme \u010ditanja":"2 minute"},"schema":{"@context":"https:\/\/schema.org","@graph":[{"@type":"Article","@id":"https:\/\/radioljubuski.ba\/index.php\/2022\/05\/24\/zadar-izborio-trecu-utakmicu-sa-splitom-cibona-ceka-u-finalu\/#article","isPartOf":{"@id":"https:\/\/radioljubuski.ba\/index.php\/2022\/05\/24\/zadar-izborio-trecu-utakmicu-sa-splitom-cibona-ceka-u-finalu\/"},"author":{"name":"Radio Ljubu\u0161ki","@id":"https:\/\/radioljubuski.ba\/#\/schema\/person\/19fc700381a780f69665d7956c469e3b"},"headline":"Zadar izborio tre\u0107u utakmicu sa Splitom, Cibona \u010deka u finalu","datePublished":"2022-05-24T07:17:49+00:00","dateModified":"2022-05-24T07:17:51+00:00","mainEntityOfPage":{"@id":"https:\/\/radioljubuski.ba\/index.php\/2022\/05\/24\/zadar-izborio-trecu-utakmicu-sa-splitom-cibona-ceka-u-finalu\/"},"wordCount":290,"publisher":{"@id":"https:\/\/radioljubuski.ba\/#organization"},"image":{"@id":"https:\/\/radioljubuski.ba\/index.php\/2022\/05\/24\/zadar-izborio-trecu-utakmicu-sa-splitom-cibona-ceka-u-finalu\/#primaryimage"},"thumbnailUrl":"https:\/\/radioljubuski.ba\/wp-content\/uploads\/2022\/05\/zadar.jpg","articleSection":["\u0160port"],"inLanguage":"hr"},{"@type":"WebPage","@id":"https:\/\/radioljubuski.ba\/index.php\/2022\/05\/24\/zadar-izborio-trecu-utakmicu-sa-splitom-cibona-ceka-u-finalu\/","url":"https:\/\/radioljubuski.ba\/index.php\/2022\/05\/24\/zadar-izborio-trecu-utakmicu-sa-splitom-cibona-ceka-u-finalu\/","name":"Zadar izborio tre\u0107u utakmicu sa Splitom, Cibona \u010deka u finalu - RADIO LJUBU\u0160KI","isPartOf":{"@id":"https:\/\/radioljubuski.ba\/#website"},"primaryImageOfPage":{"@id":"https:\/\/radioljubuski.ba\/index.php\/2022\/05\/24\/zadar-izborio-trecu-utakmicu-sa-splitom-cibona-ceka-u-finalu\/#primaryimage"},"image":{"@id":"https:\/\/radioljubuski.ba\/index.php\/2022\/05\/24\/zadar-izborio-trecu-utakmicu-sa-splitom-cibona-ceka-u-finalu\/#primaryimage"},"thumbnailUrl":"https:\/\/radioljubuski.ba\/wp-content\/uploads\/2022\/05\/zadar.jpg","datePublished":"2022-05-24T07:17:49+00:00","dateModified":"2022-05-24T07:17:51+00:00","breadcrumb":{"@id":"https:\/\/radioljubuski.ba\/index.php\/2022\/05\/24\/zadar-izborio-trecu-utakmicu-sa-splitom-cibona-ceka-u-finalu\/#breadcrumb"},"inLanguage":"hr","potentialAction":[{"@type":"ReadAction","target":["https:\/\/radioljubuski.ba\/index.php\/2022\/05\/24\/zadar-izborio-trecu-utakmicu-sa-splitom-cibona-ceka-u-finalu\/"]}]},{"@type":"ImageObject","inLanguage":"hr","@id":"https:\/\/radioljubuski.ba\/index.php\/2022\/05\/24\/zadar-izborio-trecu-utakmicu-sa-splitom-cibona-ceka-u-finalu\/#primaryimage","url":"https:\/\/radioljubuski.ba\/wp-content\/uploads\/2022\/05\/zadar.jpg","contentUrl":"https:\/\/radioljubuski.ba\/wp-content\/uploads\/2022\/05\/zadar.jpg","width":275,"height":183},{"@type":"BreadcrumbList","@id":"https:\/\/radioljubuski.ba\/index.php\/2022\/05\/24\/zadar-izborio-trecu-utakmicu-sa-splitom-cibona-ceka-u-finalu\/#breadcrumb","itemListElement":[{"@type":"ListItem","position":1,"name":"Po\u010detna stranica","item":"https:\/\/radioljubuski.ba\/"},{"@type":"ListItem","position":2,"name":"Zadar izborio tre\u0107u utakmicu sa Splitom, Cibona \u010deka u finalu"}]},{"@type":"WebSite","@id":"https:\/\/radioljubuski.ba\/#website","url":"https:\/\/radioljubuski.ba\/","name":"Radio Ljubu\u0161ki","description":"Sun\u010dana frekvencija Hercegovine","publisher":{"@id":"https:\/\/radioljubuski.ba\/#organization"},"potentialAction":[{"@type":"SearchAction","target":{"@type":"EntryPoint","urlTemplate":"https:\/\/radioljubuski.ba\/?s={search_term_string}"},"query-input":{"@type":"PropertyValueSpecification","valueRequired":true,"valueName":"search_term_string"}}],"inLanguage":"hr"},{"@type":"Organization","@id":"https:\/\/radioljubuski.ba\/#organization","name":"Radio Ljubu\u0161ki","url":"https:\/\/radioljubuski.ba\/","logo":{"@type":"ImageObject","inLanguage":"hr","@id":"https:\/\/radioljubuski.ba\/#\/schema\/logo\/image\/","url":"https:\/\/radioljubuski.ba\/wp-content\/uploads\/2021\/02\/cropped-Radio_Ljubuski_logo1.jpg","contentUrl":"https:\/\/radioljubuski.ba\/wp-content\/uploads\/2021\/02\/cropped-Radio_Ljubuski_logo1.jpg","width":512,"height":512,"caption":"Radio Ljubu\u0161ki"},"image":{"@id":"https:\/\/radioljubuski.ba\/#\/schema\/logo\/image\/"},"sameAs":["https:\/\/www.facebook.com\/Radiio-Ljubuski-1490835324566332","https:\/\/x.com\/radioljubuski","https:\/\/hr.linkedin.com\/company\/radio-ljubuski","https:\/\/www.youtube.com\/channel\/UCHYaeO_n0Db3tjNGudGpXyw"]},{"@type":"Person","@id":"https:\/\/radioljubuski.ba\/#\/schema\/person\/19fc700381a780f69665d7956c469e3b","name":"Radio Ljubu\u0161ki"}]}},"_links":{"self":[{"href":"https:\/\/radioljubuski.ba\/index.php\/wp-json\/wp\/v2\/posts\/143543","targetHints":{"allow":["GET"]}}],"collection":[{"href":"https:\/\/radioljubuski.ba\/index.php\/wp-json\/wp\/v2\/posts"}],"about":[{"href":"https:\/\/radioljubuski.ba\/index.php\/wp-json\/wp\/v2\/types\/post"}],"author":[{"embeddable":true,"href":"https:\/\/radioljubuski.ba\/index.php\/wp-json\/wp\/v2\/users\/2"}],"replies":[{"embeddable":true,"href":"https:\/\/radioljubuski.ba\/index.php\/wp-json\/wp\/v2\/comments?post=143543"}],"version-history":[{"count":1,"href":"https:\/\/radioljubuski.ba\/index.php\/wp-json\/wp\/v2\/posts\/143543\/revisions"}],"predecessor-version":[{"id":143545,"href":"https:\/\/radioljubuski.ba\/index.php\/wp-json\/wp\/v2\/posts\/143543\/revisions\/143545"}],"wp:featuredmedia":[{"embeddable":true,"href":"https:\/\/radioljubuski.ba\/index.php\/wp-json\/wp\/v2\/media\/143544"}],"wp:attachment":[{"href":"https:\/\/radioljubuski.ba\/index.php\/wp-json\/wp\/v2\/media?parent=143543"}],"wp:term":[{"taxonomy":"category","embeddable":true,"href":"https:\/\/radioljubuski.ba\/index.php\/wp-json\/wp\/v2\/categories?post=143543"},{"taxonomy":"post_tag","embeddable":true,"href":"https:\/\/radioljubuski.ba\/index.php\/wp-json\/wp\/v2\/tags?post=143543"}],"curies":[{"name":"wp","href":"https:\/\/api.w.org\/{rel}","templated":true}]}}