{"id":143561,"date":"2022-05-24T08:33:15","date_gmt":"2022-05-24T07:33:15","guid":{"rendered":"https:\/\/radioljubuski.ba\/?p=143561"},"modified":"2022-05-24T08:33:16","modified_gmt":"2022-05-24T07:33:16","slug":"sin-generala-santica-razocaran-presudom-hns-bih-trazi-rasvjetljavanje-istine","status":"publish","type":"post","link":"https:\/\/radioljubuski.ba\/index.php\/2022\/05\/24\/sin-generala-santica-razocaran-presudom-hns-bih-trazi-rasvjetljavanje-istine\/","title":{"rendered":"Sin generala \u0160anti\u0107a razo\u010daran presudom, HNS BiH tra\u017ei rasvjetljavanje istine"},"content":{"rendered":"\n<h5 class=\"wp-block-heading\">Osloba\u0111aju\u0107u presudu \u017dupanijskog suda u Biha\u0107u za ubojstvo generala HVO-a Vlade \u0160anti\u0107a njegov sin Duje ocijenio je razo\u010daravaju\u0107om jer predmet nije okakteriziran ni kao ratni zlo\u010din, a HNS BiH pozvao je dr\u017eavno Tu\u017eiteljstvo BiH da preuzme slu\u010daj isti\u010du\u0107i da za hrvatske \u017ertve nema pravde.<\/h5>\n\n\n\n<p><em>Kada sam bio pozvan kao svjedok, dalo se naslutiti i i\u0161\u010ditati iz govora tijela i ostalog pona\u0161anja optu\u017eenih kakva \u0107e biti presuda. Nikada nisam rekao da su Hamdija Abdi\u0107 Tigar i Atif Dudakovi\u0107 ubili moga oca, ali&nbsp;<strong>sigurno znaju \u0161to se dogodilo<\/strong><\/em>, izjavio je<strong>&nbsp;Duje \u0160anti\u0107<\/strong>&nbsp;medijima u Mostaru.<\/p>\n\n\n\n<p>\u017dupanijski sud u Biha\u0107u u ponedjeljak je odgovornosti oslobodio zapovjednika Vojne policije Armije BiH\u00a0<strong>Hamdiju Abdi\u0107a Tigra<\/strong>\u00a0i petoricu pripadnika te vojne formacije za ubojstvo zapovjednika HVO-a u Biha\u0107u, generala HVO-a i HV-a Vlade \u0160anti\u0107a, javlja Hina.<\/p>\n\n\n\n<p>Prema navodima optu\u017enice generala \u0160anti\u0107a su no\u0107u s 8. na 9. o\u017eujka iz lokalnog zapovjedni\u0161tva HVO-a u&nbsp;<strong>Biha\u0107u<\/strong>&nbsp;nasilno odveli pripadnici Armije BiH nakon \u010dega je u hotelu Sedra razgovarao sa zapovjednikom 5. Korpusa Armije BiH&nbsp;<strong>generalom Atifom Dudakovi\u0107em<\/strong>. Nakon toga mu se gubi svaki trag.<\/p>\n\n\n\n<p><em>Zar je mogu\u0107e da Vojna policija&nbsp;<strong>otme i ubije jednoga genarala<\/strong>&nbsp;(\u0160anti\u0107a) s kojim su sura\u0111ivali, a da zapovjednik te postrojbe i cijelog Korpusa ne zna \u0161to se doga\u0111alo<\/em>, upitao se Duje \u0160anti\u0107.<\/p>\n\n\n\n<p>Neprihvatljivo je \u0161to je to ubojstvo najprije karakterizirano kao ratni zlo\u010din, da bi se ovaj sudski postupak vodio s kvalifikacijom\u00a0<strong>civilnog ubojstva<\/strong>, rekao je.<\/p>\n\n\n\n<p><strong>Kritizirao je i hrvatske predstavnike<\/strong>&nbsp;u vlasti u BiH i Hrvatskoj da nisu dovoljno u\u010dinili kako bi se saznala istina o stradanju njegova oca.<\/p>\n\n\n\n<p><strong>Hrvatski narodni sabor BiH<\/strong>&nbsp;o\u0161tro je kritizirao odluku Suda u Biha\u0107u navode\u0107i da je uznemirila ne samo obitelji \u0160anti\u0107, nego i sve hrvatske branitelje, pripadnike HVO-a i svih Hrvata.<\/p>\n\n\n\n<p>Pozvali su da dr\u017eavno pravosu\u0111e rasvijetli ubojstvo generala HVO-a.<\/p>\n\n\n\n<p><em>Ratni zlo\u010din je&nbsp;<strong>kazneno djelo koje ne zastarijeva<\/strong>&nbsp;i tra\u017eimo od Tu\u017eiteljstva i Suda BiH da preuzme ovaj predmet i dovede ga do kraja, karakteriziraju\u0107i ga kao ratni zlo\u010din, i da se napokon privedu pravdi i budu osu\u0111eni nalogodavci i izvr\u0161itelji<\/em>, stoji u priop\u0107enju HNS-a BiH.<\/p>\n\n\n\n<p>Ovom presudom potvr\u0111uje se&nbsp;<strong>selektivan i pristran pristup<\/strong>&nbsp;sudova u Bosni i Hercegovini kada su u pitanju ratni zlo\u010dini koje su po\u010dinili pripadnici Armije BiH.<\/p>\n\n\n\n<p>HNS BiH poziva me\u0111unarodnu zajednicu anga\u017eiranu u BiH da pomogne kako bi hrvatske \u017ertve iz rata \u0161to prije do\u010dekale pravdu.<\/p>\n\n\n\n<p><strong>Izvor: Jabuka.tv<\/strong><\/p>\n","protected":false},"excerpt":{"rendered":"<p>Osloba\u0111aju\u0107u presudu \u017dupanijskog suda u Biha\u0107u za ubojstvo generala HVO-a Vlade \u0160anti\u0107a njegov sin Duje ocijenio je razo\u010daravaju\u0107om jer predmet nije okakteriziran ni kao ratni zlo\u010din, a HNS BiH pozvao je dr\u017eavno Tu\u017eiteljstvo BiH da preuzme slu\u010daj isti\u010du\u0107i da za hrvatske \u017ertve nema pravde. Kada sam bio pozvan kao svjedok, dalo se naslutiti i i\u0161\u010ditati [&hellip;]<\/p>\n","protected":false},"author":2,"featured_media":143562,"comment_status":"closed","ping_status":"closed","sticky":false,"template":"","format":"standard","meta":{"h5ap_radio_sources":[],"footnotes":""},"categories":[1],"tags":[],"class_list":["post-143561","post","type-post","status-publish","format-standard","has-post-thumbnail","hentry","category-bihiregija"],"yoast_head":"<!-- This site is optimized with the Yoast SEO plugin v27.5 - https:\/\/yoast.com\/product\/yoast-seo-wordpress\/ -->\n<title>Sin generala \u0160anti\u0107a razo\u010daran presudom, HNS BiH tra\u017ei rasvjetljavanje istine - RADIO LJUBU\u0160KI<\/title>\n<meta name=\"robots\" content=\"index, follow, max-snippet:-1, max-image-preview:large, max-video-preview:-1\" \/>\n<link rel=\"canonical\" href=\"https:\/\/radioljubuski.ba\/index.php\/2022\/05\/24\/sin-generala-santica-razocaran-presudom-hns-bih-trazi-rasvjetljavanje-istine\/\" \/>\n<meta property=\"og:locale\" content=\"hr_HR\" \/>\n<meta property=\"og:type\" content=\"article\" \/>\n<meta property=\"og:title\" content=\"Sin generala \u0160anti\u0107a razo\u010daran presudom, HNS BiH tra\u017ei rasvjetljavanje istine - RADIO LJUBU\u0160KI\" \/>\n<meta property=\"og:description\" content=\"Osloba\u0111aju\u0107u presudu \u017dupanijskog suda u Biha\u0107u za ubojstvo generala HVO-a Vlade \u0160anti\u0107a njegov sin Duje ocijenio je razo\u010daravaju\u0107om jer predmet nije okakteriziran ni kao ratni zlo\u010din, a HNS BiH pozvao je dr\u017eavno Tu\u017eiteljstvo BiH da preuzme slu\u010daj isti\u010du\u0107i da za hrvatske \u017ertve nema pravde. Kada sam bio pozvan kao svjedok, dalo se naslutiti i i\u0161\u010ditati [&hellip;]\" \/>\n<meta property=\"og:url\" content=\"https:\/\/radioljubuski.ba\/index.php\/2022\/05\/24\/sin-generala-santica-razocaran-presudom-hns-bih-trazi-rasvjetljavanje-istine\/\" \/>\n<meta property=\"og:site_name\" content=\"RADIO LJUBU\u0160KI\" \/>\n<meta property=\"article:publisher\" content=\"https:\/\/www.facebook.com\/Radiio-Ljubuski-1490835324566332\" \/>\n<meta property=\"article:published_time\" content=\"2022-05-24T07:33:15+00:00\" \/>\n<meta property=\"article:modified_time\" content=\"2022-05-24T07:33:16+00:00\" \/>\n<meta property=\"og:image\" content=\"https:\/\/radioljubuski.ba\/wp-content\/uploads\/2022\/05\/duje-santic-2.jpg\" \/>\n\t<meta property=\"og:image:width\" content=\"810\" \/>\n\t<meta property=\"og:image:height\" content=\"541\" \/>\n\t<meta property=\"og:image:type\" content=\"image\/jpeg\" \/>\n<meta name=\"author\" content=\"Radio Ljubu\u0161ki\" \/>\n<meta name=\"twitter:card\" content=\"summary_large_image\" \/>\n<meta name=\"twitter:creator\" content=\"@radioljubuski\" \/>\n<meta name=\"twitter:site\" content=\"@radioljubuski\" \/>\n<meta name=\"twitter:label1\" content=\"Napisao\/la\" \/>\n\t<meta name=\"twitter:data1\" content=\"Radio Ljubu\u0161ki\" \/>\n\t<meta name=\"twitter:label2\" content=\"Procijenjeno vrijeme \u010ditanja\" \/>\n\t<meta name=\"twitter:data2\" content=\"2 minute\" \/>\n<script type=\"application\/ld+json\" class=\"yoast-schema-graph\">{\"@context\":\"https:\\\/\\\/schema.org\",\"@graph\":[{\"@type\":\"Article\",\"@id\":\"https:\\\/\\\/radioljubuski.ba\\\/index.php\\\/2022\\\/05\\\/24\\\/sin-generala-santica-razocaran-presudom-hns-bih-trazi-rasvjetljavanje-istine\\\/#article\",\"isPartOf\":{\"@id\":\"https:\\\/\\\/radioljubuski.ba\\\/index.php\\\/2022\\\/05\\\/24\\\/sin-generala-santica-razocaran-presudom-hns-bih-trazi-rasvjetljavanje-istine\\\/\"},\"author\":{\"name\":\"Radio Ljubu\u0161ki\",\"@id\":\"https:\\\/\\\/radioljubuski.ba\\\/#\\\/schema\\\/person\\\/19fc700381a780f69665d7956c469e3b\"},\"headline\":\"Sin generala \u0160anti\u0107a razo\u010daran presudom, HNS BiH tra\u017ei rasvjetljavanje istine\",\"datePublished\":\"2022-05-24T07:33:15+00:00\",\"dateModified\":\"2022-05-24T07:33:16+00:00\",\"mainEntityOfPage\":{\"@id\":\"https:\\\/\\\/radioljubuski.ba\\\/index.php\\\/2022\\\/05\\\/24\\\/sin-generala-santica-razocaran-presudom-hns-bih-trazi-rasvjetljavanje-istine\\\/\"},\"wordCount\":464,\"publisher\":{\"@id\":\"https:\\\/\\\/radioljubuski.ba\\\/#organization\"},\"image\":{\"@id\":\"https:\\\/\\\/radioljubuski.ba\\\/index.php\\\/2022\\\/05\\\/24\\\/sin-generala-santica-razocaran-presudom-hns-bih-trazi-rasvjetljavanje-istine\\\/#primaryimage\"},\"thumbnailUrl\":\"https:\\\/\\\/radioljubuski.ba\\\/wp-content\\\/uploads\\\/2022\\\/05\\\/duje-santic-2.jpg\",\"articleSection\":[\"BIH i regija\"],\"inLanguage\":\"hr\"},{\"@type\":\"WebPage\",\"@id\":\"https:\\\/\\\/radioljubuski.ba\\\/index.php\\\/2022\\\/05\\\/24\\\/sin-generala-santica-razocaran-presudom-hns-bih-trazi-rasvjetljavanje-istine\\\/\",\"url\":\"https:\\\/\\\/radioljubuski.ba\\\/index.php\\\/2022\\\/05\\\/24\\\/sin-generala-santica-razocaran-presudom-hns-bih-trazi-rasvjetljavanje-istine\\\/\",\"name\":\"Sin generala \u0160anti\u0107a razo\u010daran presudom, HNS BiH tra\u017ei rasvjetljavanje istine - RADIO LJUBU\u0160KI\",\"isPartOf\":{\"@id\":\"https:\\\/\\\/radioljubuski.ba\\\/#website\"},\"primaryImageOfPage\":{\"@id\":\"https:\\\/\\\/radioljubuski.ba\\\/index.php\\\/2022\\\/05\\\/24\\\/sin-generala-santica-razocaran-presudom-hns-bih-trazi-rasvjetljavanje-istine\\\/#primaryimage\"},\"image\":{\"@id\":\"https:\\\/\\\/radioljubuski.ba\\\/index.php\\\/2022\\\/05\\\/24\\\/sin-generala-santica-razocaran-presudom-hns-bih-trazi-rasvjetljavanje-istine\\\/#primaryimage\"},\"thumbnailUrl\":\"https:\\\/\\\/radioljubuski.ba\\\/wp-content\\\/uploads\\\/2022\\\/05\\\/duje-santic-2.jpg\",\"datePublished\":\"2022-05-24T07:33:15+00:00\",\"dateModified\":\"2022-05-24T07:33:16+00:00\",\"breadcrumb\":{\"@id\":\"https:\\\/\\\/radioljubuski.ba\\\/index.php\\\/2022\\\/05\\\/24\\\/sin-generala-santica-razocaran-presudom-hns-bih-trazi-rasvjetljavanje-istine\\\/#breadcrumb\"},\"inLanguage\":\"hr\",\"potentialAction\":[{\"@type\":\"ReadAction\",\"target\":[\"https:\\\/\\\/radioljubuski.ba\\\/index.php\\\/2022\\\/05\\\/24\\\/sin-generala-santica-razocaran-presudom-hns-bih-trazi-rasvjetljavanje-istine\\\/\"]}]},{\"@type\":\"ImageObject\",\"inLanguage\":\"hr\",\"@id\":\"https:\\\/\\\/radioljubuski.ba\\\/index.php\\\/2022\\\/05\\\/24\\\/sin-generala-santica-razocaran-presudom-hns-bih-trazi-rasvjetljavanje-istine\\\/#primaryimage\",\"url\":\"https:\\\/\\\/radioljubuski.ba\\\/wp-content\\\/uploads\\\/2022\\\/05\\\/duje-santic-2.jpg\",\"contentUrl\":\"https:\\\/\\\/radioljubuski.ba\\\/wp-content\\\/uploads\\\/2022\\\/05\\\/duje-santic-2.jpg\",\"width\":810,\"height\":541},{\"@type\":\"BreadcrumbList\",\"@id\":\"https:\\\/\\\/radioljubuski.ba\\\/index.php\\\/2022\\\/05\\\/24\\\/sin-generala-santica-razocaran-presudom-hns-bih-trazi-rasvjetljavanje-istine\\\/#breadcrumb\",\"itemListElement\":[{\"@type\":\"ListItem\",\"position\":1,\"name\":\"Po\u010detna stranica\",\"item\":\"https:\\\/\\\/radioljubuski.ba\\\/\"},{\"@type\":\"ListItem\",\"position\":2,\"name\":\"Sin generala \u0160anti\u0107a razo\u010daran presudom, HNS BiH tra\u017ei rasvjetljavanje istine\"}]},{\"@type\":\"WebSite\",\"@id\":\"https:\\\/\\\/radioljubuski.ba\\\/#website\",\"url\":\"https:\\\/\\\/radioljubuski.ba\\\/\",\"name\":\"Radio Ljubu\u0161ki\",\"description\":\"Sun\u010dana frekvencija Hercegovine\",\"publisher\":{\"@id\":\"https:\\\/\\\/radioljubuski.ba\\\/#organization\"},\"potentialAction\":[{\"@type\":\"SearchAction\",\"target\":{\"@type\":\"EntryPoint\",\"urlTemplate\":\"https:\\\/\\\/radioljubuski.ba\\\/?s={search_term_string}\"},\"query-input\":{\"@type\":\"PropertyValueSpecification\",\"valueRequired\":true,\"valueName\":\"search_term_string\"}}],\"inLanguage\":\"hr\"},{\"@type\":\"Organization\",\"@id\":\"https:\\\/\\\/radioljubuski.ba\\\/#organization\",\"name\":\"Radio Ljubu\u0161ki\",\"url\":\"https:\\\/\\\/radioljubuski.ba\\\/\",\"logo\":{\"@type\":\"ImageObject\",\"inLanguage\":\"hr\",\"@id\":\"https:\\\/\\\/radioljubuski.ba\\\/#\\\/schema\\\/logo\\\/image\\\/\",\"url\":\"https:\\\/\\\/radioljubuski.ba\\\/wp-content\\\/uploads\\\/2021\\\/02\\\/cropped-Radio_Ljubuski_logo1.jpg\",\"contentUrl\":\"https:\\\/\\\/radioljubuski.ba\\\/wp-content\\\/uploads\\\/2021\\\/02\\\/cropped-Radio_Ljubuski_logo1.jpg\",\"width\":512,\"height\":512,\"caption\":\"Radio Ljubu\u0161ki\"},\"image\":{\"@id\":\"https:\\\/\\\/radioljubuski.ba\\\/#\\\/schema\\\/logo\\\/image\\\/\"},\"sameAs\":[\"https:\\\/\\\/www.facebook.com\\\/Radiio-Ljubuski-1490835324566332\",\"https:\\\/\\\/x.com\\\/radioljubuski\",\"https:\\\/\\\/hr.linkedin.com\\\/company\\\/radio-ljubuski\",\"https:\\\/\\\/www.youtube.com\\\/channel\\\/UCHYaeO_n0Db3tjNGudGpXyw\"]},{\"@type\":\"Person\",\"@id\":\"https:\\\/\\\/radioljubuski.ba\\\/#\\\/schema\\\/person\\\/19fc700381a780f69665d7956c469e3b\",\"name\":\"Radio Ljubu\u0161ki\"}]}<\/script>\n<!-- \/ Yoast SEO plugin. -->","yoast_head_json":{"title":"Sin generala \u0160anti\u0107a razo\u010daran presudom, HNS BiH tra\u017ei rasvjetljavanje istine - RADIO LJUBU\u0160KI","robots":{"index":"index","follow":"follow","max-snippet":"max-snippet:-1","max-image-preview":"max-image-preview:large","max-video-preview":"max-video-preview:-1"},"canonical":"https:\/\/radioljubuski.ba\/index.php\/2022\/05\/24\/sin-generala-santica-razocaran-presudom-hns-bih-trazi-rasvjetljavanje-istine\/","og_locale":"hr_HR","og_type":"article","og_title":"Sin generala \u0160anti\u0107a razo\u010daran presudom, HNS BiH tra\u017ei rasvjetljavanje istine - RADIO LJUBU\u0160KI","og_description":"Osloba\u0111aju\u0107u presudu \u017dupanijskog suda u Biha\u0107u za ubojstvo generala HVO-a Vlade \u0160anti\u0107a njegov sin Duje ocijenio je razo\u010daravaju\u0107om jer predmet nije okakteriziran ni kao ratni zlo\u010din, a HNS BiH pozvao je dr\u017eavno Tu\u017eiteljstvo BiH da preuzme slu\u010daj isti\u010du\u0107i da za hrvatske \u017ertve nema pravde. Kada sam bio pozvan kao svjedok, dalo se naslutiti i i\u0161\u010ditati [&hellip;]","og_url":"https:\/\/radioljubuski.ba\/index.php\/2022\/05\/24\/sin-generala-santica-razocaran-presudom-hns-bih-trazi-rasvjetljavanje-istine\/","og_site_name":"RADIO LJUBU\u0160KI","article_publisher":"https:\/\/www.facebook.com\/Radiio-Ljubuski-1490835324566332","article_published_time":"2022-05-24T07:33:15+00:00","article_modified_time":"2022-05-24T07:33:16+00:00","og_image":[{"width":810,"height":541,"url":"https:\/\/radioljubuski.ba\/wp-content\/uploads\/2022\/05\/duje-santic-2.jpg","type":"image\/jpeg"}],"author":"Radio Ljubu\u0161ki","twitter_card":"summary_large_image","twitter_creator":"@radioljubuski","twitter_site":"@radioljubuski","twitter_misc":{"Napisao\/la":"Radio Ljubu\u0161ki","Procijenjeno vrijeme \u010ditanja":"2 minute"},"schema":{"@context":"https:\/\/schema.org","@graph":[{"@type":"Article","@id":"https:\/\/radioljubuski.ba\/index.php\/2022\/05\/24\/sin-generala-santica-razocaran-presudom-hns-bih-trazi-rasvjetljavanje-istine\/#article","isPartOf":{"@id":"https:\/\/radioljubuski.ba\/index.php\/2022\/05\/24\/sin-generala-santica-razocaran-presudom-hns-bih-trazi-rasvjetljavanje-istine\/"},"author":{"name":"Radio Ljubu\u0161ki","@id":"https:\/\/radioljubuski.ba\/#\/schema\/person\/19fc700381a780f69665d7956c469e3b"},"headline":"Sin generala \u0160anti\u0107a razo\u010daran presudom, HNS BiH tra\u017ei rasvjetljavanje istine","datePublished":"2022-05-24T07:33:15+00:00","dateModified":"2022-05-24T07:33:16+00:00","mainEntityOfPage":{"@id":"https:\/\/radioljubuski.ba\/index.php\/2022\/05\/24\/sin-generala-santica-razocaran-presudom-hns-bih-trazi-rasvjetljavanje-istine\/"},"wordCount":464,"publisher":{"@id":"https:\/\/radioljubuski.ba\/#organization"},"image":{"@id":"https:\/\/radioljubuski.ba\/index.php\/2022\/05\/24\/sin-generala-santica-razocaran-presudom-hns-bih-trazi-rasvjetljavanje-istine\/#primaryimage"},"thumbnailUrl":"https:\/\/radioljubuski.ba\/wp-content\/uploads\/2022\/05\/duje-santic-2.jpg","articleSection":["BIH i regija"],"inLanguage":"hr"},{"@type":"WebPage","@id":"https:\/\/radioljubuski.ba\/index.php\/2022\/05\/24\/sin-generala-santica-razocaran-presudom-hns-bih-trazi-rasvjetljavanje-istine\/","url":"https:\/\/radioljubuski.ba\/index.php\/2022\/05\/24\/sin-generala-santica-razocaran-presudom-hns-bih-trazi-rasvjetljavanje-istine\/","name":"Sin generala \u0160anti\u0107a razo\u010daran presudom, HNS BiH tra\u017ei rasvjetljavanje istine - RADIO LJUBU\u0160KI","isPartOf":{"@id":"https:\/\/radioljubuski.ba\/#website"},"primaryImageOfPage":{"@id":"https:\/\/radioljubuski.ba\/index.php\/2022\/05\/24\/sin-generala-santica-razocaran-presudom-hns-bih-trazi-rasvjetljavanje-istine\/#primaryimage"},"image":{"@id":"https:\/\/radioljubuski.ba\/index.php\/2022\/05\/24\/sin-generala-santica-razocaran-presudom-hns-bih-trazi-rasvjetljavanje-istine\/#primaryimage"},"thumbnailUrl":"https:\/\/radioljubuski.ba\/wp-content\/uploads\/2022\/05\/duje-santic-2.jpg","datePublished":"2022-05-24T07:33:15+00:00","dateModified":"2022-05-24T07:33:16+00:00","breadcrumb":{"@id":"https:\/\/radioljubuski.ba\/index.php\/2022\/05\/24\/sin-generala-santica-razocaran-presudom-hns-bih-trazi-rasvjetljavanje-istine\/#breadcrumb"},"inLanguage":"hr","potentialAction":[{"@type":"ReadAction","target":["https:\/\/radioljubuski.ba\/index.php\/2022\/05\/24\/sin-generala-santica-razocaran-presudom-hns-bih-trazi-rasvjetljavanje-istine\/"]}]},{"@type":"ImageObject","inLanguage":"hr","@id":"https:\/\/radioljubuski.ba\/index.php\/2022\/05\/24\/sin-generala-santica-razocaran-presudom-hns-bih-trazi-rasvjetljavanje-istine\/#primaryimage","url":"https:\/\/radioljubuski.ba\/wp-content\/uploads\/2022\/05\/duje-santic-2.jpg","contentUrl":"https:\/\/radioljubuski.ba\/wp-content\/uploads\/2022\/05\/duje-santic-2.jpg","width":810,"height":541},{"@type":"BreadcrumbList","@id":"https:\/\/radioljubuski.ba\/index.php\/2022\/05\/24\/sin-generala-santica-razocaran-presudom-hns-bih-trazi-rasvjetljavanje-istine\/#breadcrumb","itemListElement":[{"@type":"ListItem","position":1,"name":"Po\u010detna stranica","item":"https:\/\/radioljubuski.ba\/"},{"@type":"ListItem","position":2,"name":"Sin generala \u0160anti\u0107a razo\u010daran presudom, HNS BiH tra\u017ei rasvjetljavanje istine"}]},{"@type":"WebSite","@id":"https:\/\/radioljubuski.ba\/#website","url":"https:\/\/radioljubuski.ba\/","name":"Radio Ljubu\u0161ki","description":"Sun\u010dana frekvencija Hercegovine","publisher":{"@id":"https:\/\/radioljubuski.ba\/#organization"},"potentialAction":[{"@type":"SearchAction","target":{"@type":"EntryPoint","urlTemplate":"https:\/\/radioljubuski.ba\/?s={search_term_string}"},"query-input":{"@type":"PropertyValueSpecification","valueRequired":true,"valueName":"search_term_string"}}],"inLanguage":"hr"},{"@type":"Organization","@id":"https:\/\/radioljubuski.ba\/#organization","name":"Radio Ljubu\u0161ki","url":"https:\/\/radioljubuski.ba\/","logo":{"@type":"ImageObject","inLanguage":"hr","@id":"https:\/\/radioljubuski.ba\/#\/schema\/logo\/image\/","url":"https:\/\/radioljubuski.ba\/wp-content\/uploads\/2021\/02\/cropped-Radio_Ljubuski_logo1.jpg","contentUrl":"https:\/\/radioljubuski.ba\/wp-content\/uploads\/2021\/02\/cropped-Radio_Ljubuski_logo1.jpg","width":512,"height":512,"caption":"Radio Ljubu\u0161ki"},"image":{"@id":"https:\/\/radioljubuski.ba\/#\/schema\/logo\/image\/"},"sameAs":["https:\/\/www.facebook.com\/Radiio-Ljubuski-1490835324566332","https:\/\/x.com\/radioljubuski","https:\/\/hr.linkedin.com\/company\/radio-ljubuski","https:\/\/www.youtube.com\/channel\/UCHYaeO_n0Db3tjNGudGpXyw"]},{"@type":"Person","@id":"https:\/\/radioljubuski.ba\/#\/schema\/person\/19fc700381a780f69665d7956c469e3b","name":"Radio Ljubu\u0161ki"}]}},"_links":{"self":[{"href":"https:\/\/radioljubuski.ba\/index.php\/wp-json\/wp\/v2\/posts\/143561","targetHints":{"allow":["GET"]}}],"collection":[{"href":"https:\/\/radioljubuski.ba\/index.php\/wp-json\/wp\/v2\/posts"}],"about":[{"href":"https:\/\/radioljubuski.ba\/index.php\/wp-json\/wp\/v2\/types\/post"}],"author":[{"embeddable":true,"href":"https:\/\/radioljubuski.ba\/index.php\/wp-json\/wp\/v2\/users\/2"}],"replies":[{"embeddable":true,"href":"https:\/\/radioljubuski.ba\/index.php\/wp-json\/wp\/v2\/comments?post=143561"}],"version-history":[{"count":1,"href":"https:\/\/radioljubuski.ba\/index.php\/wp-json\/wp\/v2\/posts\/143561\/revisions"}],"predecessor-version":[{"id":143563,"href":"https:\/\/radioljubuski.ba\/index.php\/wp-json\/wp\/v2\/posts\/143561\/revisions\/143563"}],"wp:featuredmedia":[{"embeddable":true,"href":"https:\/\/radioljubuski.ba\/index.php\/wp-json\/wp\/v2\/media\/143562"}],"wp:attachment":[{"href":"https:\/\/radioljubuski.ba\/index.php\/wp-json\/wp\/v2\/media?parent=143561"}],"wp:term":[{"taxonomy":"category","embeddable":true,"href":"https:\/\/radioljubuski.ba\/index.php\/wp-json\/wp\/v2\/categories?post=143561"},{"taxonomy":"post_tag","embeddable":true,"href":"https:\/\/radioljubuski.ba\/index.php\/wp-json\/wp\/v2\/tags?post=143561"}],"curies":[{"name":"wp","href":"https:\/\/api.w.org\/{rel}","templated":true}]}}