{"id":143609,"date":"2022-05-24T12:18:00","date_gmt":"2022-05-24T11:18:00","guid":{"rendered":"https:\/\/radioljubuski.ba\/?p=143609"},"modified":"2022-05-24T12:18:01","modified_gmt":"2022-05-24T11:18:01","slug":"hrvati-traze-da-se-u-bruxellesu-dogovori-nacin-popunjavanja-doma-naroda-federacije-bih","status":"publish","type":"post","link":"https:\/\/radioljubuski.ba\/index.php\/2022\/05\/24\/hrvati-traze-da-se-u-bruxellesu-dogovori-nacin-popunjavanja-doma-naroda-federacije-bih\/","title":{"rendered":"Hrvati tra\u017ee da se u Bruxellesu dogovori na\u010din popunjavanja Doma naroda Federacije BiH"},"content":{"rendered":"\n<p><strong>U javnosti je nakon susreta predsjednika Europskoga vije\u0107a Charlesa Michela s vode\u0107im hrvatskim i bo\u0161nja\u010dkim politi\u010darima u BiH Draganom \u010covi\u0107em i Bakirom Izetbegovi\u0107em objavljeno tek kako \u0107e se u sjedi\u0161tu EU-a odr\u017eati jo\u0161 jedan sastanak u sli\u010dnome formatu s du\u017enosnicima iz BiH kako bi se dogovorila mapa puta eurointegracija za ovu zemlju, pi\u0161e <a href=\"https:\/\/www.vecernji.ba\/vijesti\/hrvati-traze-da-se-u-bruxellesu-dogovori-nacin-popunjavanja-doma-naroda-federacije-bih-1588881\">Ve\u010dernji list BiH<\/a>.<\/strong><\/p>\n\n\n\n<p>Biv\u0161i belgijski premijer posjetio je BiH na poticaj premijera Andreja Plenkovi\u0107a kako bi se prije svega jo\u0161 jednom poku\u0161alo razrije\u0161iti prijepore izme\u0111u hrvatske i bo\u0161nja\u010dke strane ususret listopadskim izborima.<\/p>\n\n\n\n<p><strong>Bez izmjene zakona<\/strong><\/p>\n\n\n\n<p>To podrazumijeva spre\u010davanje scenarija po kojemu bi tri i pol puta brojniji Bo\u0161njaci i \u010detvrti put preglasali Hrvate u slu\u010daju njihova \u010dlana BiH Predsjedni\u0161tva te, \u0161to je jo\u0161 va\u017enije, ovaj narod izbacili iz vlasti u entitetskoj Vladi FBiH i dr\u017eavnog Vije\u0107a ministara koji imaju stvarne poluge mo\u0107i. To je sada mogu\u0107e napraviti zloporabom tuma\u010denja nepostoje\u0107ih odredbi Izbornog zakona koje je izbrisao Ustavni sud oko na\u010dina biranja izaslanika za gornji, nacionalno koncipiran Dom naroda.<\/p>\n\n\n\n<p>Taj je dom klju\u010dan za Hrvate kako bi o\u010duvali kakvu- takvu ravnote\u017eu u vlasti. Zato je potrebno sprije\u010diti da oko nepostoje\u0107ih zakonskih odredbi arbitrira SIP \u010diji je sastav tako\u0111er problemati\u010dan jer u njemu doslovno ve\u0107inu imaju biv\u0161i du\u017enosnici vode\u0107e bo\u0161nja\u010dke SDA te Demokratske fronte \u017deljka Kom\u0161i\u0107a, koji je pak simbol majorizacije Hrvata. Nakon \u0161to je SIP raspisao odr\u017eavanje izbora za 2. listopada jasno je da se vi\u0161e ne mo\u017ee mijenjati Izborni zakon, ali se mo\u017ee upravo posti\u0107i tehni\u010dko rje\u0161enje oko popune Doma naroda FBiH. I to ponajprije kako bi se izbjeglo da Bo\u0161njaci koji se la\u017eno izja\u0161njavaju kao Hrvati, poput Edima Fejzi\u0107a ili Anela \u0160ahinovi\u0107a iz Gora\u017eda i Biha\u0107a, budu birani u hrvatski Klub Doma naroda.<\/p>\n\n\n\n<p>U slu\u010daju da bo\u0161nja\u010dke stranke iz drugih \u017eupanija gdje su Hrvati u manjinskom polo\u017eaju uguraju \u0161est od 17 izaslanika bio bi to po\u010detak politi\u010dkog istrebljenja ovoga naroda iz vlasti, \u0161to bi onda pratilo i novu krizu te mogu\u0107i zaplet o kojem govori predsjednik Zoran Milanovi\u0107.<\/p>\n\n\n\n<p>\u2013 Inzistirali smo na tome da rije\u0161imo pitanje onih definicija popune Doma naroda koje je Ustavni sud stavio izvan snage i to \u0107e se svakako morati rije\u0161iti. Ne mo\u017ee se i\u0107i u izborni proces, a da ne znamo kako \u0107emo provesti izborne rezultate \u2013 istaknuo je \u010covi\u0107.<\/p>\n\n\n\n<p>Potvrdio je to i hrvatski \u0161ef diplomacije Gordan Grli\u0107 Radman koji je tako\u0111er informiran o svakome potezu u novoj rundi razgovora. Istaknuo je kako se \u201cte\u0161ko mo\u017ee\u201d promijeniti Izborni zakon u BiH prije jesenskih izbora. Upravo je to jedna od klju\u010dnih to\u010daka koje su za nastavak razgovora vjerojatno u Bruxellesu na dnevni red stavili hrvatski du\u017enosnici. Procjena je pak kako \u0107e bo\u0161nja\u010dki \u010delnik, predsjednik Stranke demokratske akcije, Bakir Izetbegovi\u0107 nastojati ponovno opstruirati dogovor i oko ove tehni\u010dke \u201cdorade\u201d jer je kao svoj uvjet postavio da se na novome sastanku pojave i sve druge probo\u0161nja\u010dke stranke.<\/p>\n\n\n\n<p><strong>Kandidacijski status s EU<\/strong><\/p>\n\n\n\n<p>To pak zna\u010di i stranku \u017deljka Kom\u0161i\u0107a, ali i druge satelite SDA koje zauzimaju jo\u0161 radikalnija stajali\u0161ta prema izbornoj reformi. Upravo je rje\u0161avanje izbornih prijepora jedno od klju\u010dnih uvjeta kako bi BiH dobila kandidacijski status s EU. To bi se prema upu\u0107enima moglo dogoditi ve\u0107 na zasjedanju Europskoga vije\u0107a potkraj lipnja kada bi BiH mogla dobiti nagradu za ovaj va\u017ean iskorak.<\/p>\n\n\n\n<p>To podrazumijeva i prihva\u0107anje odre\u0111enih zakona koje je EU istaknuo kao va\u017ene na tome putu, ali i rje\u0161avanje pitanja dr\u017eavne imovine oko \u010dega vlasti Republike Srpske osporavaju nadle\u017enost dr\u017eave te postizanje jo\u0161 jednoga dogovora izme\u0111u Hrvata i Bo\u0161njaka oko pitanja koja se ti\u010du funkcionalnosti Federacije BiH. Iz Michelova ureda nisu davali komentare oko posredovanja u BiH, ali su objavili fotografiju iz Sarajeva s degustiranjem tamo\u0161njih \u0107evapa. Nisu objavili jesu li bolji od onih koje je sam pekao dan ranije sa srbijanskim predsjednikom Aleksandrom Vu\u010di\u0107em.<\/p>\n\n\n\n<p>\/HMS\/<\/p>\n","protected":false},"excerpt":{"rendered":"<p>U javnosti je nakon susreta predsjednika Europskoga vije\u0107a Charlesa Michela s vode\u0107im hrvatskim i bo\u0161nja\u010dkim politi\u010darima u BiH Draganom \u010covi\u0107em i Bakirom Izetbegovi\u0107em objavljeno tek kako \u0107e se u sjedi\u0161tu EU-a odr\u017eati jo\u0161 jedan sastanak u sli\u010dnome formatu s du\u017enosnicima iz BiH kako bi se dogovorila mapa puta eurointegracija za ovu zemlju, pi\u0161e Ve\u010dernji list [&hellip;]<\/p>\n","protected":false},"author":2,"featured_media":143610,"comment_status":"closed","ping_status":"closed","sticky":false,"template":"","format":"standard","meta":{"h5ap_radio_sources":[],"footnotes":""},"categories":[1],"tags":[],"class_list":["post-143609","post","type-post","status-publish","format-standard","has-post-thumbnail","hentry","category-bihiregija"],"yoast_head":"<!-- This site is optimized with the Yoast SEO plugin v27.5 - https:\/\/yoast.com\/product\/yoast-seo-wordpress\/ -->\n<title>Hrvati tra\u017ee da se u Bruxellesu dogovori na\u010din popunjavanja Doma naroda Federacije BiH - RADIO LJUBU\u0160KI<\/title>\n<meta name=\"robots\" content=\"index, follow, max-snippet:-1, max-image-preview:large, max-video-preview:-1\" \/>\n<link rel=\"canonical\" href=\"https:\/\/radioljubuski.ba\/index.php\/2022\/05\/24\/hrvati-traze-da-se-u-bruxellesu-dogovori-nacin-popunjavanja-doma-naroda-federacije-bih\/\" \/>\n<meta property=\"og:locale\" content=\"hr_HR\" \/>\n<meta property=\"og:type\" content=\"article\" \/>\n<meta property=\"og:title\" content=\"Hrvati tra\u017ee da se u Bruxellesu dogovori na\u010din popunjavanja Doma naroda Federacije BiH - RADIO LJUBU\u0160KI\" \/>\n<meta property=\"og:description\" content=\"U javnosti je nakon susreta predsjednika Europskoga vije\u0107a Charlesa Michela s vode\u0107im hrvatskim i bo\u0161nja\u010dkim politi\u010darima u BiH Draganom \u010covi\u0107em i Bakirom Izetbegovi\u0107em objavljeno tek kako \u0107e se u sjedi\u0161tu EU-a odr\u017eati jo\u0161 jedan sastanak u sli\u010dnome formatu s du\u017enosnicima iz BiH kako bi se dogovorila mapa puta eurointegracija za ovu zemlju, pi\u0161e Ve\u010dernji list [&hellip;]\" \/>\n<meta property=\"og:url\" content=\"https:\/\/radioljubuski.ba\/index.php\/2022\/05\/24\/hrvati-traze-da-se-u-bruxellesu-dogovori-nacin-popunjavanja-doma-naroda-federacije-bih\/\" \/>\n<meta property=\"og:site_name\" content=\"RADIO LJUBU\u0160KI\" \/>\n<meta property=\"article:publisher\" content=\"https:\/\/www.facebook.com\/Radiio-Ljubuski-1490835324566332\" \/>\n<meta property=\"article:published_time\" content=\"2022-05-24T11:18:00+00:00\" \/>\n<meta property=\"article:modified_time\" content=\"2022-05-24T11:18:01+00:00\" \/>\n<meta property=\"og:image\" content=\"https:\/\/radioljubuski.ba\/wp-content\/uploads\/2022\/05\/3cba7865d77e1ae659b8.jpeg\" \/>\n\t<meta property=\"og:image:width\" content=\"960\" \/>\n\t<meta property=\"og:image:height\" content=\"540\" \/>\n\t<meta property=\"og:image:type\" content=\"image\/jpeg\" \/>\n<meta name=\"author\" content=\"Radio Ljubu\u0161ki\" \/>\n<meta name=\"twitter:card\" content=\"summary_large_image\" \/>\n<meta name=\"twitter:creator\" content=\"@radioljubuski\" \/>\n<meta name=\"twitter:site\" content=\"@radioljubuski\" \/>\n<meta name=\"twitter:label1\" content=\"Napisao\/la\" \/>\n\t<meta name=\"twitter:data1\" content=\"Radio Ljubu\u0161ki\" \/>\n\t<meta name=\"twitter:label2\" content=\"Procijenjeno vrijeme \u010ditanja\" \/>\n\t<meta name=\"twitter:data2\" content=\"3 minute\" \/>\n<script type=\"application\/ld+json\" class=\"yoast-schema-graph\">{\"@context\":\"https:\\\/\\\/schema.org\",\"@graph\":[{\"@type\":\"Article\",\"@id\":\"https:\\\/\\\/radioljubuski.ba\\\/index.php\\\/2022\\\/05\\\/24\\\/hrvati-traze-da-se-u-bruxellesu-dogovori-nacin-popunjavanja-doma-naroda-federacije-bih\\\/#article\",\"isPartOf\":{\"@id\":\"https:\\\/\\\/radioljubuski.ba\\\/index.php\\\/2022\\\/05\\\/24\\\/hrvati-traze-da-se-u-bruxellesu-dogovori-nacin-popunjavanja-doma-naroda-federacije-bih\\\/\"},\"author\":{\"name\":\"Radio Ljubu\u0161ki\",\"@id\":\"https:\\\/\\\/radioljubuski.ba\\\/#\\\/schema\\\/person\\\/19fc700381a780f69665d7956c469e3b\"},\"headline\":\"Hrvati tra\u017ee da se u Bruxellesu dogovori na\u010din popunjavanja Doma naroda Federacije BiH\",\"datePublished\":\"2022-05-24T11:18:00+00:00\",\"dateModified\":\"2022-05-24T11:18:01+00:00\",\"mainEntityOfPage\":{\"@id\":\"https:\\\/\\\/radioljubuski.ba\\\/index.php\\\/2022\\\/05\\\/24\\\/hrvati-traze-da-se-u-bruxellesu-dogovori-nacin-popunjavanja-doma-naroda-federacije-bih\\\/\"},\"wordCount\":730,\"publisher\":{\"@id\":\"https:\\\/\\\/radioljubuski.ba\\\/#organization\"},\"image\":{\"@id\":\"https:\\\/\\\/radioljubuski.ba\\\/index.php\\\/2022\\\/05\\\/24\\\/hrvati-traze-da-se-u-bruxellesu-dogovori-nacin-popunjavanja-doma-naroda-federacije-bih\\\/#primaryimage\"},\"thumbnailUrl\":\"https:\\\/\\\/radioljubuski.ba\\\/wp-content\\\/uploads\\\/2022\\\/05\\\/3cba7865d77e1ae659b8.jpeg\",\"articleSection\":[\"BIH i regija\"],\"inLanguage\":\"hr\"},{\"@type\":\"WebPage\",\"@id\":\"https:\\\/\\\/radioljubuski.ba\\\/index.php\\\/2022\\\/05\\\/24\\\/hrvati-traze-da-se-u-bruxellesu-dogovori-nacin-popunjavanja-doma-naroda-federacije-bih\\\/\",\"url\":\"https:\\\/\\\/radioljubuski.ba\\\/index.php\\\/2022\\\/05\\\/24\\\/hrvati-traze-da-se-u-bruxellesu-dogovori-nacin-popunjavanja-doma-naroda-federacije-bih\\\/\",\"name\":\"Hrvati tra\u017ee da se u Bruxellesu dogovori na\u010din popunjavanja Doma naroda Federacije BiH - RADIO LJUBU\u0160KI\",\"isPartOf\":{\"@id\":\"https:\\\/\\\/radioljubuski.ba\\\/#website\"},\"primaryImageOfPage\":{\"@id\":\"https:\\\/\\\/radioljubuski.ba\\\/index.php\\\/2022\\\/05\\\/24\\\/hrvati-traze-da-se-u-bruxellesu-dogovori-nacin-popunjavanja-doma-naroda-federacije-bih\\\/#primaryimage\"},\"image\":{\"@id\":\"https:\\\/\\\/radioljubuski.ba\\\/index.php\\\/2022\\\/05\\\/24\\\/hrvati-traze-da-se-u-bruxellesu-dogovori-nacin-popunjavanja-doma-naroda-federacije-bih\\\/#primaryimage\"},\"thumbnailUrl\":\"https:\\\/\\\/radioljubuski.ba\\\/wp-content\\\/uploads\\\/2022\\\/05\\\/3cba7865d77e1ae659b8.jpeg\",\"datePublished\":\"2022-05-24T11:18:00+00:00\",\"dateModified\":\"2022-05-24T11:18:01+00:00\",\"breadcrumb\":{\"@id\":\"https:\\\/\\\/radioljubuski.ba\\\/index.php\\\/2022\\\/05\\\/24\\\/hrvati-traze-da-se-u-bruxellesu-dogovori-nacin-popunjavanja-doma-naroda-federacije-bih\\\/#breadcrumb\"},\"inLanguage\":\"hr\",\"potentialAction\":[{\"@type\":\"ReadAction\",\"target\":[\"https:\\\/\\\/radioljubuski.ba\\\/index.php\\\/2022\\\/05\\\/24\\\/hrvati-traze-da-se-u-bruxellesu-dogovori-nacin-popunjavanja-doma-naroda-federacije-bih\\\/\"]}]},{\"@type\":\"ImageObject\",\"inLanguage\":\"hr\",\"@id\":\"https:\\\/\\\/radioljubuski.ba\\\/index.php\\\/2022\\\/05\\\/24\\\/hrvati-traze-da-se-u-bruxellesu-dogovori-nacin-popunjavanja-doma-naroda-federacije-bih\\\/#primaryimage\",\"url\":\"https:\\\/\\\/radioljubuski.ba\\\/wp-content\\\/uploads\\\/2022\\\/05\\\/3cba7865d77e1ae659b8.jpeg\",\"contentUrl\":\"https:\\\/\\\/radioljubuski.ba\\\/wp-content\\\/uploads\\\/2022\\\/05\\\/3cba7865d77e1ae659b8.jpeg\",\"width\":960,\"height\":540},{\"@type\":\"BreadcrumbList\",\"@id\":\"https:\\\/\\\/radioljubuski.ba\\\/index.php\\\/2022\\\/05\\\/24\\\/hrvati-traze-da-se-u-bruxellesu-dogovori-nacin-popunjavanja-doma-naroda-federacije-bih\\\/#breadcrumb\",\"itemListElement\":[{\"@type\":\"ListItem\",\"position\":1,\"name\":\"Po\u010detna stranica\",\"item\":\"https:\\\/\\\/radioljubuski.ba\\\/\"},{\"@type\":\"ListItem\",\"position\":2,\"name\":\"Hrvati tra\u017ee da se u Bruxellesu dogovori na\u010din popunjavanja Doma naroda Federacije BiH\"}]},{\"@type\":\"WebSite\",\"@id\":\"https:\\\/\\\/radioljubuski.ba\\\/#website\",\"url\":\"https:\\\/\\\/radioljubuski.ba\\\/\",\"name\":\"Radio Ljubu\u0161ki\",\"description\":\"Sun\u010dana frekvencija Hercegovine\",\"publisher\":{\"@id\":\"https:\\\/\\\/radioljubuski.ba\\\/#organization\"},\"potentialAction\":[{\"@type\":\"SearchAction\",\"target\":{\"@type\":\"EntryPoint\",\"urlTemplate\":\"https:\\\/\\\/radioljubuski.ba\\\/?s={search_term_string}\"},\"query-input\":{\"@type\":\"PropertyValueSpecification\",\"valueRequired\":true,\"valueName\":\"search_term_string\"}}],\"inLanguage\":\"hr\"},{\"@type\":\"Organization\",\"@id\":\"https:\\\/\\\/radioljubuski.ba\\\/#organization\",\"name\":\"Radio Ljubu\u0161ki\",\"url\":\"https:\\\/\\\/radioljubuski.ba\\\/\",\"logo\":{\"@type\":\"ImageObject\",\"inLanguage\":\"hr\",\"@id\":\"https:\\\/\\\/radioljubuski.ba\\\/#\\\/schema\\\/logo\\\/image\\\/\",\"url\":\"https:\\\/\\\/radioljubuski.ba\\\/wp-content\\\/uploads\\\/2021\\\/02\\\/cropped-Radio_Ljubuski_logo1.jpg\",\"contentUrl\":\"https:\\\/\\\/radioljubuski.ba\\\/wp-content\\\/uploads\\\/2021\\\/02\\\/cropped-Radio_Ljubuski_logo1.jpg\",\"width\":512,\"height\":512,\"caption\":\"Radio Ljubu\u0161ki\"},\"image\":{\"@id\":\"https:\\\/\\\/radioljubuski.ba\\\/#\\\/schema\\\/logo\\\/image\\\/\"},\"sameAs\":[\"https:\\\/\\\/www.facebook.com\\\/Radiio-Ljubuski-1490835324566332\",\"https:\\\/\\\/x.com\\\/radioljubuski\",\"https:\\\/\\\/hr.linkedin.com\\\/company\\\/radio-ljubuski\",\"https:\\\/\\\/www.youtube.com\\\/channel\\\/UCHYaeO_n0Db3tjNGudGpXyw\"]},{\"@type\":\"Person\",\"@id\":\"https:\\\/\\\/radioljubuski.ba\\\/#\\\/schema\\\/person\\\/19fc700381a780f69665d7956c469e3b\",\"name\":\"Radio Ljubu\u0161ki\"}]}<\/script>\n<!-- \/ Yoast SEO plugin. -->","yoast_head_json":{"title":"Hrvati tra\u017ee da se u Bruxellesu dogovori na\u010din popunjavanja Doma naroda Federacije BiH - RADIO LJUBU\u0160KI","robots":{"index":"index","follow":"follow","max-snippet":"max-snippet:-1","max-image-preview":"max-image-preview:large","max-video-preview":"max-video-preview:-1"},"canonical":"https:\/\/radioljubuski.ba\/index.php\/2022\/05\/24\/hrvati-traze-da-se-u-bruxellesu-dogovori-nacin-popunjavanja-doma-naroda-federacije-bih\/","og_locale":"hr_HR","og_type":"article","og_title":"Hrvati tra\u017ee da se u Bruxellesu dogovori na\u010din popunjavanja Doma naroda Federacije BiH - RADIO LJUBU\u0160KI","og_description":"U javnosti je nakon susreta predsjednika Europskoga vije\u0107a Charlesa Michela s vode\u0107im hrvatskim i bo\u0161nja\u010dkim politi\u010darima u BiH Draganom \u010covi\u0107em i Bakirom Izetbegovi\u0107em objavljeno tek kako \u0107e se u sjedi\u0161tu EU-a odr\u017eati jo\u0161 jedan sastanak u sli\u010dnome formatu s du\u017enosnicima iz BiH kako bi se dogovorila mapa puta eurointegracija za ovu zemlju, pi\u0161e Ve\u010dernji list [&hellip;]","og_url":"https:\/\/radioljubuski.ba\/index.php\/2022\/05\/24\/hrvati-traze-da-se-u-bruxellesu-dogovori-nacin-popunjavanja-doma-naroda-federacije-bih\/","og_site_name":"RADIO LJUBU\u0160KI","article_publisher":"https:\/\/www.facebook.com\/Radiio-Ljubuski-1490835324566332","article_published_time":"2022-05-24T11:18:00+00:00","article_modified_time":"2022-05-24T11:18:01+00:00","og_image":[{"width":960,"height":540,"url":"https:\/\/radioljubuski.ba\/wp-content\/uploads\/2022\/05\/3cba7865d77e1ae659b8.jpeg","type":"image\/jpeg"}],"author":"Radio Ljubu\u0161ki","twitter_card":"summary_large_image","twitter_creator":"@radioljubuski","twitter_site":"@radioljubuski","twitter_misc":{"Napisao\/la":"Radio Ljubu\u0161ki","Procijenjeno vrijeme \u010ditanja":"3 minute"},"schema":{"@context":"https:\/\/schema.org","@graph":[{"@type":"Article","@id":"https:\/\/radioljubuski.ba\/index.php\/2022\/05\/24\/hrvati-traze-da-se-u-bruxellesu-dogovori-nacin-popunjavanja-doma-naroda-federacije-bih\/#article","isPartOf":{"@id":"https:\/\/radioljubuski.ba\/index.php\/2022\/05\/24\/hrvati-traze-da-se-u-bruxellesu-dogovori-nacin-popunjavanja-doma-naroda-federacije-bih\/"},"author":{"name":"Radio Ljubu\u0161ki","@id":"https:\/\/radioljubuski.ba\/#\/schema\/person\/19fc700381a780f69665d7956c469e3b"},"headline":"Hrvati tra\u017ee da se u Bruxellesu dogovori na\u010din popunjavanja Doma naroda Federacije BiH","datePublished":"2022-05-24T11:18:00+00:00","dateModified":"2022-05-24T11:18:01+00:00","mainEntityOfPage":{"@id":"https:\/\/radioljubuski.ba\/index.php\/2022\/05\/24\/hrvati-traze-da-se-u-bruxellesu-dogovori-nacin-popunjavanja-doma-naroda-federacije-bih\/"},"wordCount":730,"publisher":{"@id":"https:\/\/radioljubuski.ba\/#organization"},"image":{"@id":"https:\/\/radioljubuski.ba\/index.php\/2022\/05\/24\/hrvati-traze-da-se-u-bruxellesu-dogovori-nacin-popunjavanja-doma-naroda-federacije-bih\/#primaryimage"},"thumbnailUrl":"https:\/\/radioljubuski.ba\/wp-content\/uploads\/2022\/05\/3cba7865d77e1ae659b8.jpeg","articleSection":["BIH i regija"],"inLanguage":"hr"},{"@type":"WebPage","@id":"https:\/\/radioljubuski.ba\/index.php\/2022\/05\/24\/hrvati-traze-da-se-u-bruxellesu-dogovori-nacin-popunjavanja-doma-naroda-federacije-bih\/","url":"https:\/\/radioljubuski.ba\/index.php\/2022\/05\/24\/hrvati-traze-da-se-u-bruxellesu-dogovori-nacin-popunjavanja-doma-naroda-federacije-bih\/","name":"Hrvati tra\u017ee da se u Bruxellesu dogovori na\u010din popunjavanja Doma naroda Federacije BiH - RADIO LJUBU\u0160KI","isPartOf":{"@id":"https:\/\/radioljubuski.ba\/#website"},"primaryImageOfPage":{"@id":"https:\/\/radioljubuski.ba\/index.php\/2022\/05\/24\/hrvati-traze-da-se-u-bruxellesu-dogovori-nacin-popunjavanja-doma-naroda-federacije-bih\/#primaryimage"},"image":{"@id":"https:\/\/radioljubuski.ba\/index.php\/2022\/05\/24\/hrvati-traze-da-se-u-bruxellesu-dogovori-nacin-popunjavanja-doma-naroda-federacije-bih\/#primaryimage"},"thumbnailUrl":"https:\/\/radioljubuski.ba\/wp-content\/uploads\/2022\/05\/3cba7865d77e1ae659b8.jpeg","datePublished":"2022-05-24T11:18:00+00:00","dateModified":"2022-05-24T11:18:01+00:00","breadcrumb":{"@id":"https:\/\/radioljubuski.ba\/index.php\/2022\/05\/24\/hrvati-traze-da-se-u-bruxellesu-dogovori-nacin-popunjavanja-doma-naroda-federacije-bih\/#breadcrumb"},"inLanguage":"hr","potentialAction":[{"@type":"ReadAction","target":["https:\/\/radioljubuski.ba\/index.php\/2022\/05\/24\/hrvati-traze-da-se-u-bruxellesu-dogovori-nacin-popunjavanja-doma-naroda-federacije-bih\/"]}]},{"@type":"ImageObject","inLanguage":"hr","@id":"https:\/\/radioljubuski.ba\/index.php\/2022\/05\/24\/hrvati-traze-da-se-u-bruxellesu-dogovori-nacin-popunjavanja-doma-naroda-federacije-bih\/#primaryimage","url":"https:\/\/radioljubuski.ba\/wp-content\/uploads\/2022\/05\/3cba7865d77e1ae659b8.jpeg","contentUrl":"https:\/\/radioljubuski.ba\/wp-content\/uploads\/2022\/05\/3cba7865d77e1ae659b8.jpeg","width":960,"height":540},{"@type":"BreadcrumbList","@id":"https:\/\/radioljubuski.ba\/index.php\/2022\/05\/24\/hrvati-traze-da-se-u-bruxellesu-dogovori-nacin-popunjavanja-doma-naroda-federacije-bih\/#breadcrumb","itemListElement":[{"@type":"ListItem","position":1,"name":"Po\u010detna stranica","item":"https:\/\/radioljubuski.ba\/"},{"@type":"ListItem","position":2,"name":"Hrvati tra\u017ee da se u Bruxellesu dogovori na\u010din popunjavanja Doma naroda Federacije BiH"}]},{"@type":"WebSite","@id":"https:\/\/radioljubuski.ba\/#website","url":"https:\/\/radioljubuski.ba\/","name":"Radio Ljubu\u0161ki","description":"Sun\u010dana frekvencija Hercegovine","publisher":{"@id":"https:\/\/radioljubuski.ba\/#organization"},"potentialAction":[{"@type":"SearchAction","target":{"@type":"EntryPoint","urlTemplate":"https:\/\/radioljubuski.ba\/?s={search_term_string}"},"query-input":{"@type":"PropertyValueSpecification","valueRequired":true,"valueName":"search_term_string"}}],"inLanguage":"hr"},{"@type":"Organization","@id":"https:\/\/radioljubuski.ba\/#organization","name":"Radio Ljubu\u0161ki","url":"https:\/\/radioljubuski.ba\/","logo":{"@type":"ImageObject","inLanguage":"hr","@id":"https:\/\/radioljubuski.ba\/#\/schema\/logo\/image\/","url":"https:\/\/radioljubuski.ba\/wp-content\/uploads\/2021\/02\/cropped-Radio_Ljubuski_logo1.jpg","contentUrl":"https:\/\/radioljubuski.ba\/wp-content\/uploads\/2021\/02\/cropped-Radio_Ljubuski_logo1.jpg","width":512,"height":512,"caption":"Radio Ljubu\u0161ki"},"image":{"@id":"https:\/\/radioljubuski.ba\/#\/schema\/logo\/image\/"},"sameAs":["https:\/\/www.facebook.com\/Radiio-Ljubuski-1490835324566332","https:\/\/x.com\/radioljubuski","https:\/\/hr.linkedin.com\/company\/radio-ljubuski","https:\/\/www.youtube.com\/channel\/UCHYaeO_n0Db3tjNGudGpXyw"]},{"@type":"Person","@id":"https:\/\/radioljubuski.ba\/#\/schema\/person\/19fc700381a780f69665d7956c469e3b","name":"Radio Ljubu\u0161ki"}]}},"_links":{"self":[{"href":"https:\/\/radioljubuski.ba\/index.php\/wp-json\/wp\/v2\/posts\/143609","targetHints":{"allow":["GET"]}}],"collection":[{"href":"https:\/\/radioljubuski.ba\/index.php\/wp-json\/wp\/v2\/posts"}],"about":[{"href":"https:\/\/radioljubuski.ba\/index.php\/wp-json\/wp\/v2\/types\/post"}],"author":[{"embeddable":true,"href":"https:\/\/radioljubuski.ba\/index.php\/wp-json\/wp\/v2\/users\/2"}],"replies":[{"embeddable":true,"href":"https:\/\/radioljubuski.ba\/index.php\/wp-json\/wp\/v2\/comments?post=143609"}],"version-history":[{"count":1,"href":"https:\/\/radioljubuski.ba\/index.php\/wp-json\/wp\/v2\/posts\/143609\/revisions"}],"predecessor-version":[{"id":143611,"href":"https:\/\/radioljubuski.ba\/index.php\/wp-json\/wp\/v2\/posts\/143609\/revisions\/143611"}],"wp:featuredmedia":[{"embeddable":true,"href":"https:\/\/radioljubuski.ba\/index.php\/wp-json\/wp\/v2\/media\/143610"}],"wp:attachment":[{"href":"https:\/\/radioljubuski.ba\/index.php\/wp-json\/wp\/v2\/media?parent=143609"}],"wp:term":[{"taxonomy":"category","embeddable":true,"href":"https:\/\/radioljubuski.ba\/index.php\/wp-json\/wp\/v2\/categories?post=143609"},{"taxonomy":"post_tag","embeddable":true,"href":"https:\/\/radioljubuski.ba\/index.php\/wp-json\/wp\/v2\/tags?post=143609"}],"curies":[{"name":"wp","href":"https:\/\/api.w.org\/{rel}","templated":true}]}}