{"id":143612,"date":"2022-05-24T12:19:02","date_gmt":"2022-05-24T11:19:02","guid":{"rendered":"https:\/\/radioljubuski.ba\/?p=143612"},"modified":"2022-05-24T12:19:03","modified_gmt":"2022-05-24T11:19:03","slug":"predstavnici-vlade-hnz-s-kolegama-iz-dubrovnika-o-prekogranicnoj-suradnji-i-opcim-izborima","status":"publish","type":"post","link":"https:\/\/radioljubuski.ba\/index.php\/2022\/05\/24\/predstavnici-vlade-hnz-s-kolegama-iz-dubrovnika-o-prekogranicnoj-suradnji-i-opcim-izborima\/","title":{"rendered":"Predstavnici Vlade HN\u017d s kolegama iz Dubrovnika o prekograni\u010dnoj suradnji i Op\u0107im izborima"},"content":{"rendered":"\n<p><strong>Predstavnici Vlade Hercegova\u010dko-neretvanske \u017eupanije na \u010delu s premijerom Nevenkom Hercegom u ponedjeljak su u Ravnom odr\u017eali sastanak s kolegama iz Dubrova\u010dko-neretvanske \u017eupanije, predvo\u0111enim \u017eupanom Nikolom Dobroslavi\u0107em.<\/strong><\/p>\n\n\n\n<p>Uz na\u010delnika Op\u0107ine Ravno, sastanku su nazo\u010dili predstavnici op\u0107ina Neum, Stolac i \u010capljina, priop\u0107eno je iz Vlade HN\u017d-a.<\/p>\n\n\n\n<p>Nagla\u0161eno je kako su na sastanku otvorene brojne va\u017ene teme koje tematiziraju nastavak i razvoj prekograni\u010dne suradnje na vi\u0161e infrastrukturnih projekata, a koje su od \u017eivotne va\u017enosti za pograni\u010dna podru\u010dja, osobito za brzorastu\u0107i prostor Ivanice.<\/p>\n\n\n\n<p>Sudionici sastanka dotaknuli su se i va\u017enosti predstoje\u0107ih Op\u0107ih izbora u BiH, s naglaskom na vitalnu va\u017enost hrvatskoga pitanja i svega onoga s \u010dim se, kao narod i politi\u010dka zajednica u ovoj dr\u017eavi, suo\u010davaju.<\/p>\n\n\n\n<p>Na kraju se navodi kako je dogovoren sna\u017ean zamah u nizu zajedni\u010dkih projekata, kako kroz razmjenu iskustava, tako i kroz konkretna prekograni\u010dna apliciranja za europska sredstva s ciljem rasta i razvitka ovog najju\u017enijeg prostora.<\/p>\n\n\n\n<p>\/HMS\/<\/p>\n","protected":false},"excerpt":{"rendered":"<p>Predstavnici Vlade Hercegova\u010dko-neretvanske \u017eupanije na \u010delu s premijerom Nevenkom Hercegom u ponedjeljak su u Ravnom odr\u017eali sastanak s kolegama iz Dubrova\u010dko-neretvanske \u017eupanije, predvo\u0111enim \u017eupanom Nikolom Dobroslavi\u0107em. Uz na\u010delnika Op\u0107ine Ravno, sastanku su nazo\u010dili predstavnici op\u0107ina Neum, Stolac i \u010capljina, priop\u0107eno je iz Vlade HN\u017d-a. Nagla\u0161eno je kako su na sastanku otvorene brojne va\u017ene teme koje [&hellip;]<\/p>\n","protected":false},"author":2,"featured_media":143613,"comment_status":"closed","ping_status":"closed","sticky":false,"template":"","format":"standard","meta":{"h5ap_radio_sources":[],"footnotes":""},"categories":[1],"tags":[],"class_list":["post-143612","post","type-post","status-publish","format-standard","has-post-thumbnail","hentry","category-bihiregija"],"yoast_head":"<!-- This site is optimized with the Yoast SEO plugin v27.5 - https:\/\/yoast.com\/product\/yoast-seo-wordpress\/ -->\n<title>Predstavnici Vlade HN\u017d s kolegama iz Dubrovnika o prekograni\u010dnoj suradnji i Op\u0107im izborima - RADIO LJUBU\u0160KI<\/title>\n<meta name=\"robots\" content=\"index, follow, max-snippet:-1, max-image-preview:large, max-video-preview:-1\" \/>\n<link rel=\"canonical\" href=\"https:\/\/radioljubuski.ba\/index.php\/2022\/05\/24\/predstavnici-vlade-hnz-s-kolegama-iz-dubrovnika-o-prekogranicnoj-suradnji-i-opcim-izborima\/\" \/>\n<meta property=\"og:locale\" content=\"hr_HR\" \/>\n<meta property=\"og:type\" content=\"article\" \/>\n<meta property=\"og:title\" content=\"Predstavnici Vlade HN\u017d s kolegama iz Dubrovnika o prekograni\u010dnoj suradnji i Op\u0107im izborima - RADIO LJUBU\u0160KI\" \/>\n<meta property=\"og:description\" content=\"Predstavnici Vlade Hercegova\u010dko-neretvanske \u017eupanije na \u010delu s premijerom Nevenkom Hercegom u ponedjeljak su u Ravnom odr\u017eali sastanak s kolegama iz Dubrova\u010dko-neretvanske \u017eupanije, predvo\u0111enim \u017eupanom Nikolom Dobroslavi\u0107em. Uz na\u010delnika Op\u0107ine Ravno, sastanku su nazo\u010dili predstavnici op\u0107ina Neum, Stolac i \u010capljina, priop\u0107eno je iz Vlade HN\u017d-a. Nagla\u0161eno je kako su na sastanku otvorene brojne va\u017ene teme koje [&hellip;]\" \/>\n<meta property=\"og:url\" content=\"https:\/\/radioljubuski.ba\/index.php\/2022\/05\/24\/predstavnici-vlade-hnz-s-kolegama-iz-dubrovnika-o-prekogranicnoj-suradnji-i-opcim-izborima\/\" \/>\n<meta property=\"og:site_name\" content=\"RADIO LJUBU\u0160KI\" \/>\n<meta property=\"article:publisher\" content=\"https:\/\/www.facebook.com\/Radiio-Ljubuski-1490835324566332\" \/>\n<meta property=\"article:published_time\" content=\"2022-05-24T11:19:02+00:00\" \/>\n<meta property=\"article:modified_time\" content=\"2022-05-24T11:19:03+00:00\" \/>\n<meta property=\"og:image\" content=\"https:\/\/radioljubuski.ba\/wp-content\/uploads\/2022\/05\/l_11831290d031af3a789cf588bcdf0e1d.jpg\" \/>\n\t<meta property=\"og:image:width\" content=\"1024\" \/>\n\t<meta property=\"og:image:height\" content=\"683\" \/>\n\t<meta property=\"og:image:type\" content=\"image\/jpeg\" \/>\n<meta name=\"author\" content=\"Radio Ljubu\u0161ki\" \/>\n<meta name=\"twitter:card\" content=\"summary_large_image\" \/>\n<meta name=\"twitter:creator\" content=\"@radioljubuski\" \/>\n<meta name=\"twitter:site\" content=\"@radioljubuski\" \/>\n<meta name=\"twitter:label1\" content=\"Napisao\/la\" \/>\n\t<meta name=\"twitter:data1\" content=\"Radio Ljubu\u0161ki\" \/>\n\t<meta name=\"twitter:label2\" content=\"Procijenjeno vrijeme \u010ditanja\" \/>\n\t<meta name=\"twitter:data2\" content=\"1 minuta\" \/>\n<script type=\"application\/ld+json\" class=\"yoast-schema-graph\">{\"@context\":\"https:\\\/\\\/schema.org\",\"@graph\":[{\"@type\":\"Article\",\"@id\":\"https:\\\/\\\/radioljubuski.ba\\\/index.php\\\/2022\\\/05\\\/24\\\/predstavnici-vlade-hnz-s-kolegama-iz-dubrovnika-o-prekogranicnoj-suradnji-i-opcim-izborima\\\/#article\",\"isPartOf\":{\"@id\":\"https:\\\/\\\/radioljubuski.ba\\\/index.php\\\/2022\\\/05\\\/24\\\/predstavnici-vlade-hnz-s-kolegama-iz-dubrovnika-o-prekogranicnoj-suradnji-i-opcim-izborima\\\/\"},\"author\":{\"name\":\"Radio Ljubu\u0161ki\",\"@id\":\"https:\\\/\\\/radioljubuski.ba\\\/#\\\/schema\\\/person\\\/19fc700381a780f69665d7956c469e3b\"},\"headline\":\"Predstavnici Vlade HN\u017d s kolegama iz Dubrovnika o prekograni\u010dnoj suradnji i Op\u0107im izborima\",\"datePublished\":\"2022-05-24T11:19:02+00:00\",\"dateModified\":\"2022-05-24T11:19:03+00:00\",\"mainEntityOfPage\":{\"@id\":\"https:\\\/\\\/radioljubuski.ba\\\/index.php\\\/2022\\\/05\\\/24\\\/predstavnici-vlade-hnz-s-kolegama-iz-dubrovnika-o-prekogranicnoj-suradnji-i-opcim-izborima\\\/\"},\"wordCount\":193,\"publisher\":{\"@id\":\"https:\\\/\\\/radioljubuski.ba\\\/#organization\"},\"image\":{\"@id\":\"https:\\\/\\\/radioljubuski.ba\\\/index.php\\\/2022\\\/05\\\/24\\\/predstavnici-vlade-hnz-s-kolegama-iz-dubrovnika-o-prekogranicnoj-suradnji-i-opcim-izborima\\\/#primaryimage\"},\"thumbnailUrl\":\"https:\\\/\\\/radioljubuski.ba\\\/wp-content\\\/uploads\\\/2022\\\/05\\\/l_11831290d031af3a789cf588bcdf0e1d.jpg\",\"articleSection\":[\"BIH i regija\"],\"inLanguage\":\"hr\"},{\"@type\":\"WebPage\",\"@id\":\"https:\\\/\\\/radioljubuski.ba\\\/index.php\\\/2022\\\/05\\\/24\\\/predstavnici-vlade-hnz-s-kolegama-iz-dubrovnika-o-prekogranicnoj-suradnji-i-opcim-izborima\\\/\",\"url\":\"https:\\\/\\\/radioljubuski.ba\\\/index.php\\\/2022\\\/05\\\/24\\\/predstavnici-vlade-hnz-s-kolegama-iz-dubrovnika-o-prekogranicnoj-suradnji-i-opcim-izborima\\\/\",\"name\":\"Predstavnici Vlade HN\u017d s kolegama iz Dubrovnika o prekograni\u010dnoj suradnji i Op\u0107im izborima - RADIO LJUBU\u0160KI\",\"isPartOf\":{\"@id\":\"https:\\\/\\\/radioljubuski.ba\\\/#website\"},\"primaryImageOfPage\":{\"@id\":\"https:\\\/\\\/radioljubuski.ba\\\/index.php\\\/2022\\\/05\\\/24\\\/predstavnici-vlade-hnz-s-kolegama-iz-dubrovnika-o-prekogranicnoj-suradnji-i-opcim-izborima\\\/#primaryimage\"},\"image\":{\"@id\":\"https:\\\/\\\/radioljubuski.ba\\\/index.php\\\/2022\\\/05\\\/24\\\/predstavnici-vlade-hnz-s-kolegama-iz-dubrovnika-o-prekogranicnoj-suradnji-i-opcim-izborima\\\/#primaryimage\"},\"thumbnailUrl\":\"https:\\\/\\\/radioljubuski.ba\\\/wp-content\\\/uploads\\\/2022\\\/05\\\/l_11831290d031af3a789cf588bcdf0e1d.jpg\",\"datePublished\":\"2022-05-24T11:19:02+00:00\",\"dateModified\":\"2022-05-24T11:19:03+00:00\",\"breadcrumb\":{\"@id\":\"https:\\\/\\\/radioljubuski.ba\\\/index.php\\\/2022\\\/05\\\/24\\\/predstavnici-vlade-hnz-s-kolegama-iz-dubrovnika-o-prekogranicnoj-suradnji-i-opcim-izborima\\\/#breadcrumb\"},\"inLanguage\":\"hr\",\"potentialAction\":[{\"@type\":\"ReadAction\",\"target\":[\"https:\\\/\\\/radioljubuski.ba\\\/index.php\\\/2022\\\/05\\\/24\\\/predstavnici-vlade-hnz-s-kolegama-iz-dubrovnika-o-prekogranicnoj-suradnji-i-opcim-izborima\\\/\"]}]},{\"@type\":\"ImageObject\",\"inLanguage\":\"hr\",\"@id\":\"https:\\\/\\\/radioljubuski.ba\\\/index.php\\\/2022\\\/05\\\/24\\\/predstavnici-vlade-hnz-s-kolegama-iz-dubrovnika-o-prekogranicnoj-suradnji-i-opcim-izborima\\\/#primaryimage\",\"url\":\"https:\\\/\\\/radioljubuski.ba\\\/wp-content\\\/uploads\\\/2022\\\/05\\\/l_11831290d031af3a789cf588bcdf0e1d.jpg\",\"contentUrl\":\"https:\\\/\\\/radioljubuski.ba\\\/wp-content\\\/uploads\\\/2022\\\/05\\\/l_11831290d031af3a789cf588bcdf0e1d.jpg\",\"width\":1024,\"height\":683},{\"@type\":\"BreadcrumbList\",\"@id\":\"https:\\\/\\\/radioljubuski.ba\\\/index.php\\\/2022\\\/05\\\/24\\\/predstavnici-vlade-hnz-s-kolegama-iz-dubrovnika-o-prekogranicnoj-suradnji-i-opcim-izborima\\\/#breadcrumb\",\"itemListElement\":[{\"@type\":\"ListItem\",\"position\":1,\"name\":\"Po\u010detna stranica\",\"item\":\"https:\\\/\\\/radioljubuski.ba\\\/\"},{\"@type\":\"ListItem\",\"position\":2,\"name\":\"Predstavnici Vlade HN\u017d s kolegama iz Dubrovnika o prekograni\u010dnoj suradnji i Op\u0107im izborima\"}]},{\"@type\":\"WebSite\",\"@id\":\"https:\\\/\\\/radioljubuski.ba\\\/#website\",\"url\":\"https:\\\/\\\/radioljubuski.ba\\\/\",\"name\":\"Radio Ljubu\u0161ki\",\"description\":\"Sun\u010dana frekvencija Hercegovine\",\"publisher\":{\"@id\":\"https:\\\/\\\/radioljubuski.ba\\\/#organization\"},\"potentialAction\":[{\"@type\":\"SearchAction\",\"target\":{\"@type\":\"EntryPoint\",\"urlTemplate\":\"https:\\\/\\\/radioljubuski.ba\\\/?s={search_term_string}\"},\"query-input\":{\"@type\":\"PropertyValueSpecification\",\"valueRequired\":true,\"valueName\":\"search_term_string\"}}],\"inLanguage\":\"hr\"},{\"@type\":\"Organization\",\"@id\":\"https:\\\/\\\/radioljubuski.ba\\\/#organization\",\"name\":\"Radio Ljubu\u0161ki\",\"url\":\"https:\\\/\\\/radioljubuski.ba\\\/\",\"logo\":{\"@type\":\"ImageObject\",\"inLanguage\":\"hr\",\"@id\":\"https:\\\/\\\/radioljubuski.ba\\\/#\\\/schema\\\/logo\\\/image\\\/\",\"url\":\"https:\\\/\\\/radioljubuski.ba\\\/wp-content\\\/uploads\\\/2021\\\/02\\\/cropped-Radio_Ljubuski_logo1.jpg\",\"contentUrl\":\"https:\\\/\\\/radioljubuski.ba\\\/wp-content\\\/uploads\\\/2021\\\/02\\\/cropped-Radio_Ljubuski_logo1.jpg\",\"width\":512,\"height\":512,\"caption\":\"Radio Ljubu\u0161ki\"},\"image\":{\"@id\":\"https:\\\/\\\/radioljubuski.ba\\\/#\\\/schema\\\/logo\\\/image\\\/\"},\"sameAs\":[\"https:\\\/\\\/www.facebook.com\\\/Radiio-Ljubuski-1490835324566332\",\"https:\\\/\\\/x.com\\\/radioljubuski\",\"https:\\\/\\\/hr.linkedin.com\\\/company\\\/radio-ljubuski\",\"https:\\\/\\\/www.youtube.com\\\/channel\\\/UCHYaeO_n0Db3tjNGudGpXyw\"]},{\"@type\":\"Person\",\"@id\":\"https:\\\/\\\/radioljubuski.ba\\\/#\\\/schema\\\/person\\\/19fc700381a780f69665d7956c469e3b\",\"name\":\"Radio Ljubu\u0161ki\"}]}<\/script>\n<!-- \/ Yoast SEO plugin. -->","yoast_head_json":{"title":"Predstavnici Vlade HN\u017d s kolegama iz Dubrovnika o prekograni\u010dnoj suradnji i Op\u0107im izborima - RADIO LJUBU\u0160KI","robots":{"index":"index","follow":"follow","max-snippet":"max-snippet:-1","max-image-preview":"max-image-preview:large","max-video-preview":"max-video-preview:-1"},"canonical":"https:\/\/radioljubuski.ba\/index.php\/2022\/05\/24\/predstavnici-vlade-hnz-s-kolegama-iz-dubrovnika-o-prekogranicnoj-suradnji-i-opcim-izborima\/","og_locale":"hr_HR","og_type":"article","og_title":"Predstavnici Vlade HN\u017d s kolegama iz Dubrovnika o prekograni\u010dnoj suradnji i Op\u0107im izborima - RADIO LJUBU\u0160KI","og_description":"Predstavnici Vlade Hercegova\u010dko-neretvanske \u017eupanije na \u010delu s premijerom Nevenkom Hercegom u ponedjeljak su u Ravnom odr\u017eali sastanak s kolegama iz Dubrova\u010dko-neretvanske \u017eupanije, predvo\u0111enim \u017eupanom Nikolom Dobroslavi\u0107em. Uz na\u010delnika Op\u0107ine Ravno, sastanku su nazo\u010dili predstavnici op\u0107ina Neum, Stolac i \u010capljina, priop\u0107eno je iz Vlade HN\u017d-a. Nagla\u0161eno je kako su na sastanku otvorene brojne va\u017ene teme koje [&hellip;]","og_url":"https:\/\/radioljubuski.ba\/index.php\/2022\/05\/24\/predstavnici-vlade-hnz-s-kolegama-iz-dubrovnika-o-prekogranicnoj-suradnji-i-opcim-izborima\/","og_site_name":"RADIO LJUBU\u0160KI","article_publisher":"https:\/\/www.facebook.com\/Radiio-Ljubuski-1490835324566332","article_published_time":"2022-05-24T11:19:02+00:00","article_modified_time":"2022-05-24T11:19:03+00:00","og_image":[{"width":1024,"height":683,"url":"https:\/\/radioljubuski.ba\/wp-content\/uploads\/2022\/05\/l_11831290d031af3a789cf588bcdf0e1d.jpg","type":"image\/jpeg"}],"author":"Radio Ljubu\u0161ki","twitter_card":"summary_large_image","twitter_creator":"@radioljubuski","twitter_site":"@radioljubuski","twitter_misc":{"Napisao\/la":"Radio Ljubu\u0161ki","Procijenjeno vrijeme \u010ditanja":"1 minuta"},"schema":{"@context":"https:\/\/schema.org","@graph":[{"@type":"Article","@id":"https:\/\/radioljubuski.ba\/index.php\/2022\/05\/24\/predstavnici-vlade-hnz-s-kolegama-iz-dubrovnika-o-prekogranicnoj-suradnji-i-opcim-izborima\/#article","isPartOf":{"@id":"https:\/\/radioljubuski.ba\/index.php\/2022\/05\/24\/predstavnici-vlade-hnz-s-kolegama-iz-dubrovnika-o-prekogranicnoj-suradnji-i-opcim-izborima\/"},"author":{"name":"Radio Ljubu\u0161ki","@id":"https:\/\/radioljubuski.ba\/#\/schema\/person\/19fc700381a780f69665d7956c469e3b"},"headline":"Predstavnici Vlade HN\u017d s kolegama iz Dubrovnika o prekograni\u010dnoj suradnji i Op\u0107im izborima","datePublished":"2022-05-24T11:19:02+00:00","dateModified":"2022-05-24T11:19:03+00:00","mainEntityOfPage":{"@id":"https:\/\/radioljubuski.ba\/index.php\/2022\/05\/24\/predstavnici-vlade-hnz-s-kolegama-iz-dubrovnika-o-prekogranicnoj-suradnji-i-opcim-izborima\/"},"wordCount":193,"publisher":{"@id":"https:\/\/radioljubuski.ba\/#organization"},"image":{"@id":"https:\/\/radioljubuski.ba\/index.php\/2022\/05\/24\/predstavnici-vlade-hnz-s-kolegama-iz-dubrovnika-o-prekogranicnoj-suradnji-i-opcim-izborima\/#primaryimage"},"thumbnailUrl":"https:\/\/radioljubuski.ba\/wp-content\/uploads\/2022\/05\/l_11831290d031af3a789cf588bcdf0e1d.jpg","articleSection":["BIH i regija"],"inLanguage":"hr"},{"@type":"WebPage","@id":"https:\/\/radioljubuski.ba\/index.php\/2022\/05\/24\/predstavnici-vlade-hnz-s-kolegama-iz-dubrovnika-o-prekogranicnoj-suradnji-i-opcim-izborima\/","url":"https:\/\/radioljubuski.ba\/index.php\/2022\/05\/24\/predstavnici-vlade-hnz-s-kolegama-iz-dubrovnika-o-prekogranicnoj-suradnji-i-opcim-izborima\/","name":"Predstavnici Vlade HN\u017d s kolegama iz Dubrovnika o prekograni\u010dnoj suradnji i Op\u0107im izborima - RADIO LJUBU\u0160KI","isPartOf":{"@id":"https:\/\/radioljubuski.ba\/#website"},"primaryImageOfPage":{"@id":"https:\/\/radioljubuski.ba\/index.php\/2022\/05\/24\/predstavnici-vlade-hnz-s-kolegama-iz-dubrovnika-o-prekogranicnoj-suradnji-i-opcim-izborima\/#primaryimage"},"image":{"@id":"https:\/\/radioljubuski.ba\/index.php\/2022\/05\/24\/predstavnici-vlade-hnz-s-kolegama-iz-dubrovnika-o-prekogranicnoj-suradnji-i-opcim-izborima\/#primaryimage"},"thumbnailUrl":"https:\/\/radioljubuski.ba\/wp-content\/uploads\/2022\/05\/l_11831290d031af3a789cf588bcdf0e1d.jpg","datePublished":"2022-05-24T11:19:02+00:00","dateModified":"2022-05-24T11:19:03+00:00","breadcrumb":{"@id":"https:\/\/radioljubuski.ba\/index.php\/2022\/05\/24\/predstavnici-vlade-hnz-s-kolegama-iz-dubrovnika-o-prekogranicnoj-suradnji-i-opcim-izborima\/#breadcrumb"},"inLanguage":"hr","potentialAction":[{"@type":"ReadAction","target":["https:\/\/radioljubuski.ba\/index.php\/2022\/05\/24\/predstavnici-vlade-hnz-s-kolegama-iz-dubrovnika-o-prekogranicnoj-suradnji-i-opcim-izborima\/"]}]},{"@type":"ImageObject","inLanguage":"hr","@id":"https:\/\/radioljubuski.ba\/index.php\/2022\/05\/24\/predstavnici-vlade-hnz-s-kolegama-iz-dubrovnika-o-prekogranicnoj-suradnji-i-opcim-izborima\/#primaryimage","url":"https:\/\/radioljubuski.ba\/wp-content\/uploads\/2022\/05\/l_11831290d031af3a789cf588bcdf0e1d.jpg","contentUrl":"https:\/\/radioljubuski.ba\/wp-content\/uploads\/2022\/05\/l_11831290d031af3a789cf588bcdf0e1d.jpg","width":1024,"height":683},{"@type":"BreadcrumbList","@id":"https:\/\/radioljubuski.ba\/index.php\/2022\/05\/24\/predstavnici-vlade-hnz-s-kolegama-iz-dubrovnika-o-prekogranicnoj-suradnji-i-opcim-izborima\/#breadcrumb","itemListElement":[{"@type":"ListItem","position":1,"name":"Po\u010detna stranica","item":"https:\/\/radioljubuski.ba\/"},{"@type":"ListItem","position":2,"name":"Predstavnici Vlade HN\u017d s kolegama iz Dubrovnika o prekograni\u010dnoj suradnji i Op\u0107im izborima"}]},{"@type":"WebSite","@id":"https:\/\/radioljubuski.ba\/#website","url":"https:\/\/radioljubuski.ba\/","name":"Radio Ljubu\u0161ki","description":"Sun\u010dana frekvencija Hercegovine","publisher":{"@id":"https:\/\/radioljubuski.ba\/#organization"},"potentialAction":[{"@type":"SearchAction","target":{"@type":"EntryPoint","urlTemplate":"https:\/\/radioljubuski.ba\/?s={search_term_string}"},"query-input":{"@type":"PropertyValueSpecification","valueRequired":true,"valueName":"search_term_string"}}],"inLanguage":"hr"},{"@type":"Organization","@id":"https:\/\/radioljubuski.ba\/#organization","name":"Radio Ljubu\u0161ki","url":"https:\/\/radioljubuski.ba\/","logo":{"@type":"ImageObject","inLanguage":"hr","@id":"https:\/\/radioljubuski.ba\/#\/schema\/logo\/image\/","url":"https:\/\/radioljubuski.ba\/wp-content\/uploads\/2021\/02\/cropped-Radio_Ljubuski_logo1.jpg","contentUrl":"https:\/\/radioljubuski.ba\/wp-content\/uploads\/2021\/02\/cropped-Radio_Ljubuski_logo1.jpg","width":512,"height":512,"caption":"Radio Ljubu\u0161ki"},"image":{"@id":"https:\/\/radioljubuski.ba\/#\/schema\/logo\/image\/"},"sameAs":["https:\/\/www.facebook.com\/Radiio-Ljubuski-1490835324566332","https:\/\/x.com\/radioljubuski","https:\/\/hr.linkedin.com\/company\/radio-ljubuski","https:\/\/www.youtube.com\/channel\/UCHYaeO_n0Db3tjNGudGpXyw"]},{"@type":"Person","@id":"https:\/\/radioljubuski.ba\/#\/schema\/person\/19fc700381a780f69665d7956c469e3b","name":"Radio Ljubu\u0161ki"}]}},"_links":{"self":[{"href":"https:\/\/radioljubuski.ba\/index.php\/wp-json\/wp\/v2\/posts\/143612","targetHints":{"allow":["GET"]}}],"collection":[{"href":"https:\/\/radioljubuski.ba\/index.php\/wp-json\/wp\/v2\/posts"}],"about":[{"href":"https:\/\/radioljubuski.ba\/index.php\/wp-json\/wp\/v2\/types\/post"}],"author":[{"embeddable":true,"href":"https:\/\/radioljubuski.ba\/index.php\/wp-json\/wp\/v2\/users\/2"}],"replies":[{"embeddable":true,"href":"https:\/\/radioljubuski.ba\/index.php\/wp-json\/wp\/v2\/comments?post=143612"}],"version-history":[{"count":1,"href":"https:\/\/radioljubuski.ba\/index.php\/wp-json\/wp\/v2\/posts\/143612\/revisions"}],"predecessor-version":[{"id":143614,"href":"https:\/\/radioljubuski.ba\/index.php\/wp-json\/wp\/v2\/posts\/143612\/revisions\/143614"}],"wp:featuredmedia":[{"embeddable":true,"href":"https:\/\/radioljubuski.ba\/index.php\/wp-json\/wp\/v2\/media\/143613"}],"wp:attachment":[{"href":"https:\/\/radioljubuski.ba\/index.php\/wp-json\/wp\/v2\/media?parent=143612"}],"wp:term":[{"taxonomy":"category","embeddable":true,"href":"https:\/\/radioljubuski.ba\/index.php\/wp-json\/wp\/v2\/categories?post=143612"},{"taxonomy":"post_tag","embeddable":true,"href":"https:\/\/radioljubuski.ba\/index.php\/wp-json\/wp\/v2\/tags?post=143612"}],"curies":[{"name":"wp","href":"https:\/\/api.w.org\/{rel}","templated":true}]}}