{"id":143618,"date":"2022-05-24T12:21:06","date_gmt":"2022-05-24T11:21:06","guid":{"rendered":"https:\/\/radioljubuski.ba\/?p=143618"},"modified":"2022-05-24T12:21:07","modified_gmt":"2022-05-24T11:21:07","slug":"ministarstvo-pravde-bih-ova-presuda-jasan-je-pokazatelj-da-vladavina-prava-ne-postoji-u-bih-i-da-je-dalek-put-pred-nama","status":"publish","type":"post","link":"https:\/\/radioljubuski.ba\/index.php\/2022\/05\/24\/ministarstvo-pravde-bih-ova-presuda-jasan-je-pokazatelj-da-vladavina-prava-ne-postoji-u-bih-i-da-je-dalek-put-pred-nama\/","title":{"rendered":"Ministarstvo pravde BiH: Ova presuda jasan je pokazatelj da vladavina prava ne postoji u BiH i da je dalek put pred nama"},"content":{"rendered":"\n<p><strong>Ministarstvo pravde Bosne i Hercegovine o\u0161tro osu\u0111uje selektivno dijeljenje pravde i politi\u010dke poteze pravosu\u0111a u Bosni i Hercegovini.<\/strong><\/p>\n\n\n\n<p>U ovom ministarstvu smatraju neprihvatljivim kako je sud u slu\u010daju \u0160anti\u0107 grubo zanemario temeljne postulate prava, i zauzeo stav koji je najmanje zasnovan na pravu i pravdi.<\/p>\n\n\n\n<p>-Na\u0161a je te\u017enja da svi u Bosni i Hercegovini imaju pravo na jednak pristup pravosu\u0111u i pravi\u010dan postupak, neovisno o nacionalnoj pripadnosti kako \u017ertve tako i zlo\u010dinca. Ovo je klju\u010dni preduvjet nu\u017ean za su\u017eivot i budu\u0107nost Bosne i Hercegovine. Ova presuda jasan je pokazatelj da vladavina prava ne postoji u Bosni i Hercegovini i da je dalek put pred nama, poru\u010duje Ministarstvo pravde BiH te dodaje:<\/p>\n\n\n\n<p>-Apeliramo na nadle\u017ene pravosudne institucije da poduzmu sve korake kako bi se otklonila ova nepravda i utvrdili pravi razlozi za ovu nezakonitost koja u kona\u010dnici utje\u010de na sve nas koji \u017eivimo u BiH, te da sankcioniraju ovakve \u010disto subjektivne i neutemeljene stavove, navodi se u priop\u0107enju, zaklju\u010duje se u priop\u0107enju za javnost Ministarstva pravde BiH.<\/p>\n\n\n\n<p>\/HMS\/<\/p>\n","protected":false},"excerpt":{"rendered":"<p>Ministarstvo pravde Bosne i Hercegovine o\u0161tro osu\u0111uje selektivno dijeljenje pravde i politi\u010dke poteze pravosu\u0111a u Bosni i Hercegovini. U ovom ministarstvu smatraju neprihvatljivim kako je sud u slu\u010daju \u0160anti\u0107 grubo zanemario temeljne postulate prava, i zauzeo stav koji je najmanje zasnovan na pravu i pravdi. -Na\u0161a je te\u017enja da svi u Bosni i Hercegovini imaju [&hellip;]<\/p>\n","protected":false},"author":2,"featured_media":143619,"comment_status":"closed","ping_status":"closed","sticky":false,"template":"","format":"standard","meta":{"h5ap_radio_sources":[],"footnotes":""},"categories":[1],"tags":[],"class_list":["post-143618","post","type-post","status-publish","format-standard","has-post-thumbnail","hentry","category-bihiregija"],"yoast_head":"<!-- This site is optimized with the Yoast SEO plugin v27.5 - https:\/\/yoast.com\/product\/yoast-seo-wordpress\/ -->\n<title>Ministarstvo pravde BiH: Ova presuda jasan je pokazatelj da vladavina prava ne postoji u BiH i da je dalek put pred nama - RADIO LJUBU\u0160KI<\/title>\n<meta name=\"robots\" content=\"index, follow, max-snippet:-1, max-image-preview:large, max-video-preview:-1\" \/>\n<link rel=\"canonical\" href=\"https:\/\/radioljubuski.ba\/index.php\/2022\/05\/24\/ministarstvo-pravde-bih-ova-presuda-jasan-je-pokazatelj-da-vladavina-prava-ne-postoji-u-bih-i-da-je-dalek-put-pred-nama\/\" \/>\n<meta property=\"og:locale\" content=\"hr_HR\" \/>\n<meta property=\"og:type\" content=\"article\" \/>\n<meta property=\"og:title\" content=\"Ministarstvo pravde BiH: Ova presuda jasan je pokazatelj da vladavina prava ne postoji u BiH i da je dalek put pred nama - RADIO LJUBU\u0160KI\" \/>\n<meta property=\"og:description\" content=\"Ministarstvo pravde Bosne i Hercegovine o\u0161tro osu\u0111uje selektivno dijeljenje pravde i politi\u010dke poteze pravosu\u0111a u Bosni i Hercegovini. U ovom ministarstvu smatraju neprihvatljivim kako je sud u slu\u010daju \u0160anti\u0107 grubo zanemario temeljne postulate prava, i zauzeo stav koji je najmanje zasnovan na pravu i pravdi. -Na\u0161a je te\u017enja da svi u Bosni i Hercegovini imaju [&hellip;]\" \/>\n<meta property=\"og:url\" content=\"https:\/\/radioljubuski.ba\/index.php\/2022\/05\/24\/ministarstvo-pravde-bih-ova-presuda-jasan-je-pokazatelj-da-vladavina-prava-ne-postoji-u-bih-i-da-je-dalek-put-pred-nama\/\" \/>\n<meta property=\"og:site_name\" content=\"RADIO LJUBU\u0160KI\" \/>\n<meta property=\"article:publisher\" content=\"https:\/\/www.facebook.com\/Radiio-Ljubuski-1490835324566332\" \/>\n<meta property=\"article:published_time\" content=\"2022-05-24T11:21:06+00:00\" \/>\n<meta property=\"article:modified_time\" content=\"2022-05-24T11:21:07+00:00\" \/>\n<meta property=\"og:image\" content=\"https:\/\/radioljubuski.ba\/wp-content\/uploads\/2022\/05\/santic.jpg\" \/>\n\t<meta property=\"og:image:width\" content=\"1000\" \/>\n\t<meta property=\"og:image:height\" content=\"625\" \/>\n\t<meta property=\"og:image:type\" content=\"image\/jpeg\" \/>\n<meta name=\"author\" content=\"Radio Ljubu\u0161ki\" \/>\n<meta name=\"twitter:card\" content=\"summary_large_image\" \/>\n<meta name=\"twitter:creator\" content=\"@radioljubuski\" \/>\n<meta name=\"twitter:site\" content=\"@radioljubuski\" \/>\n<meta name=\"twitter:label1\" content=\"Napisao\/la\" \/>\n\t<meta name=\"twitter:data1\" content=\"Radio Ljubu\u0161ki\" \/>\n\t<meta name=\"twitter:label2\" content=\"Procijenjeno vrijeme \u010ditanja\" \/>\n\t<meta name=\"twitter:data2\" content=\"1 minuta\" \/>\n<script type=\"application\/ld+json\" class=\"yoast-schema-graph\">{\"@context\":\"https:\\\/\\\/schema.org\",\"@graph\":[{\"@type\":\"Article\",\"@id\":\"https:\\\/\\\/radioljubuski.ba\\\/index.php\\\/2022\\\/05\\\/24\\\/ministarstvo-pravde-bih-ova-presuda-jasan-je-pokazatelj-da-vladavina-prava-ne-postoji-u-bih-i-da-je-dalek-put-pred-nama\\\/#article\",\"isPartOf\":{\"@id\":\"https:\\\/\\\/radioljubuski.ba\\\/index.php\\\/2022\\\/05\\\/24\\\/ministarstvo-pravde-bih-ova-presuda-jasan-je-pokazatelj-da-vladavina-prava-ne-postoji-u-bih-i-da-je-dalek-put-pred-nama\\\/\"},\"author\":{\"name\":\"Radio Ljubu\u0161ki\",\"@id\":\"https:\\\/\\\/radioljubuski.ba\\\/#\\\/schema\\\/person\\\/19fc700381a780f69665d7956c469e3b\"},\"headline\":\"Ministarstvo pravde BiH: Ova presuda jasan je pokazatelj da vladavina prava ne postoji u BiH i da je dalek put pred nama\",\"datePublished\":\"2022-05-24T11:21:06+00:00\",\"dateModified\":\"2022-05-24T11:21:07+00:00\",\"mainEntityOfPage\":{\"@id\":\"https:\\\/\\\/radioljubuski.ba\\\/index.php\\\/2022\\\/05\\\/24\\\/ministarstvo-pravde-bih-ova-presuda-jasan-je-pokazatelj-da-vladavina-prava-ne-postoji-u-bih-i-da-je-dalek-put-pred-nama\\\/\"},\"wordCount\":210,\"publisher\":{\"@id\":\"https:\\\/\\\/radioljubuski.ba\\\/#organization\"},\"image\":{\"@id\":\"https:\\\/\\\/radioljubuski.ba\\\/index.php\\\/2022\\\/05\\\/24\\\/ministarstvo-pravde-bih-ova-presuda-jasan-je-pokazatelj-da-vladavina-prava-ne-postoji-u-bih-i-da-je-dalek-put-pred-nama\\\/#primaryimage\"},\"thumbnailUrl\":\"https:\\\/\\\/radioljubuski.ba\\\/wp-content\\\/uploads\\\/2022\\\/05\\\/santic.jpg\",\"articleSection\":[\"BIH i regija\"],\"inLanguage\":\"hr\"},{\"@type\":\"WebPage\",\"@id\":\"https:\\\/\\\/radioljubuski.ba\\\/index.php\\\/2022\\\/05\\\/24\\\/ministarstvo-pravde-bih-ova-presuda-jasan-je-pokazatelj-da-vladavina-prava-ne-postoji-u-bih-i-da-je-dalek-put-pred-nama\\\/\",\"url\":\"https:\\\/\\\/radioljubuski.ba\\\/index.php\\\/2022\\\/05\\\/24\\\/ministarstvo-pravde-bih-ova-presuda-jasan-je-pokazatelj-da-vladavina-prava-ne-postoji-u-bih-i-da-je-dalek-put-pred-nama\\\/\",\"name\":\"Ministarstvo pravde BiH: Ova presuda jasan je pokazatelj da vladavina prava ne postoji u BiH i da je dalek put pred nama - RADIO LJUBU\u0160KI\",\"isPartOf\":{\"@id\":\"https:\\\/\\\/radioljubuski.ba\\\/#website\"},\"primaryImageOfPage\":{\"@id\":\"https:\\\/\\\/radioljubuski.ba\\\/index.php\\\/2022\\\/05\\\/24\\\/ministarstvo-pravde-bih-ova-presuda-jasan-je-pokazatelj-da-vladavina-prava-ne-postoji-u-bih-i-da-je-dalek-put-pred-nama\\\/#primaryimage\"},\"image\":{\"@id\":\"https:\\\/\\\/radioljubuski.ba\\\/index.php\\\/2022\\\/05\\\/24\\\/ministarstvo-pravde-bih-ova-presuda-jasan-je-pokazatelj-da-vladavina-prava-ne-postoji-u-bih-i-da-je-dalek-put-pred-nama\\\/#primaryimage\"},\"thumbnailUrl\":\"https:\\\/\\\/radioljubuski.ba\\\/wp-content\\\/uploads\\\/2022\\\/05\\\/santic.jpg\",\"datePublished\":\"2022-05-24T11:21:06+00:00\",\"dateModified\":\"2022-05-24T11:21:07+00:00\",\"breadcrumb\":{\"@id\":\"https:\\\/\\\/radioljubuski.ba\\\/index.php\\\/2022\\\/05\\\/24\\\/ministarstvo-pravde-bih-ova-presuda-jasan-je-pokazatelj-da-vladavina-prava-ne-postoji-u-bih-i-da-je-dalek-put-pred-nama\\\/#breadcrumb\"},\"inLanguage\":\"hr\",\"potentialAction\":[{\"@type\":\"ReadAction\",\"target\":[\"https:\\\/\\\/radioljubuski.ba\\\/index.php\\\/2022\\\/05\\\/24\\\/ministarstvo-pravde-bih-ova-presuda-jasan-je-pokazatelj-da-vladavina-prava-ne-postoji-u-bih-i-da-je-dalek-put-pred-nama\\\/\"]}]},{\"@type\":\"ImageObject\",\"inLanguage\":\"hr\",\"@id\":\"https:\\\/\\\/radioljubuski.ba\\\/index.php\\\/2022\\\/05\\\/24\\\/ministarstvo-pravde-bih-ova-presuda-jasan-je-pokazatelj-da-vladavina-prava-ne-postoji-u-bih-i-da-je-dalek-put-pred-nama\\\/#primaryimage\",\"url\":\"https:\\\/\\\/radioljubuski.ba\\\/wp-content\\\/uploads\\\/2022\\\/05\\\/santic.jpg\",\"contentUrl\":\"https:\\\/\\\/radioljubuski.ba\\\/wp-content\\\/uploads\\\/2022\\\/05\\\/santic.jpg\",\"width\":1000,\"height\":625},{\"@type\":\"BreadcrumbList\",\"@id\":\"https:\\\/\\\/radioljubuski.ba\\\/index.php\\\/2022\\\/05\\\/24\\\/ministarstvo-pravde-bih-ova-presuda-jasan-je-pokazatelj-da-vladavina-prava-ne-postoji-u-bih-i-da-je-dalek-put-pred-nama\\\/#breadcrumb\",\"itemListElement\":[{\"@type\":\"ListItem\",\"position\":1,\"name\":\"Po\u010detna stranica\",\"item\":\"https:\\\/\\\/radioljubuski.ba\\\/\"},{\"@type\":\"ListItem\",\"position\":2,\"name\":\"Ministarstvo pravde BiH: Ova presuda jasan je pokazatelj da vladavina prava ne postoji u BiH i da je dalek put pred nama\"}]},{\"@type\":\"WebSite\",\"@id\":\"https:\\\/\\\/radioljubuski.ba\\\/#website\",\"url\":\"https:\\\/\\\/radioljubuski.ba\\\/\",\"name\":\"Radio Ljubu\u0161ki\",\"description\":\"Sun\u010dana frekvencija Hercegovine\",\"publisher\":{\"@id\":\"https:\\\/\\\/radioljubuski.ba\\\/#organization\"},\"potentialAction\":[{\"@type\":\"SearchAction\",\"target\":{\"@type\":\"EntryPoint\",\"urlTemplate\":\"https:\\\/\\\/radioljubuski.ba\\\/?s={search_term_string}\"},\"query-input\":{\"@type\":\"PropertyValueSpecification\",\"valueRequired\":true,\"valueName\":\"search_term_string\"}}],\"inLanguage\":\"hr\"},{\"@type\":\"Organization\",\"@id\":\"https:\\\/\\\/radioljubuski.ba\\\/#organization\",\"name\":\"Radio Ljubu\u0161ki\",\"url\":\"https:\\\/\\\/radioljubuski.ba\\\/\",\"logo\":{\"@type\":\"ImageObject\",\"inLanguage\":\"hr\",\"@id\":\"https:\\\/\\\/radioljubuski.ba\\\/#\\\/schema\\\/logo\\\/image\\\/\",\"url\":\"https:\\\/\\\/radioljubuski.ba\\\/wp-content\\\/uploads\\\/2021\\\/02\\\/cropped-Radio_Ljubuski_logo1.jpg\",\"contentUrl\":\"https:\\\/\\\/radioljubuski.ba\\\/wp-content\\\/uploads\\\/2021\\\/02\\\/cropped-Radio_Ljubuski_logo1.jpg\",\"width\":512,\"height\":512,\"caption\":\"Radio Ljubu\u0161ki\"},\"image\":{\"@id\":\"https:\\\/\\\/radioljubuski.ba\\\/#\\\/schema\\\/logo\\\/image\\\/\"},\"sameAs\":[\"https:\\\/\\\/www.facebook.com\\\/Radiio-Ljubuski-1490835324566332\",\"https:\\\/\\\/x.com\\\/radioljubuski\",\"https:\\\/\\\/hr.linkedin.com\\\/company\\\/radio-ljubuski\",\"https:\\\/\\\/www.youtube.com\\\/channel\\\/UCHYaeO_n0Db3tjNGudGpXyw\"]},{\"@type\":\"Person\",\"@id\":\"https:\\\/\\\/radioljubuski.ba\\\/#\\\/schema\\\/person\\\/19fc700381a780f69665d7956c469e3b\",\"name\":\"Radio Ljubu\u0161ki\"}]}<\/script>\n<!-- \/ Yoast SEO plugin. -->","yoast_head_json":{"title":"Ministarstvo pravde BiH: Ova presuda jasan je pokazatelj da vladavina prava ne postoji u BiH i da je dalek put pred nama - RADIO LJUBU\u0160KI","robots":{"index":"index","follow":"follow","max-snippet":"max-snippet:-1","max-image-preview":"max-image-preview:large","max-video-preview":"max-video-preview:-1"},"canonical":"https:\/\/radioljubuski.ba\/index.php\/2022\/05\/24\/ministarstvo-pravde-bih-ova-presuda-jasan-je-pokazatelj-da-vladavina-prava-ne-postoji-u-bih-i-da-je-dalek-put-pred-nama\/","og_locale":"hr_HR","og_type":"article","og_title":"Ministarstvo pravde BiH: Ova presuda jasan je pokazatelj da vladavina prava ne postoji u BiH i da je dalek put pred nama - RADIO LJUBU\u0160KI","og_description":"Ministarstvo pravde Bosne i Hercegovine o\u0161tro osu\u0111uje selektivno dijeljenje pravde i politi\u010dke poteze pravosu\u0111a u Bosni i Hercegovini. U ovom ministarstvu smatraju neprihvatljivim kako je sud u slu\u010daju \u0160anti\u0107 grubo zanemario temeljne postulate prava, i zauzeo stav koji je najmanje zasnovan na pravu i pravdi. -Na\u0161a je te\u017enja da svi u Bosni i Hercegovini imaju [&hellip;]","og_url":"https:\/\/radioljubuski.ba\/index.php\/2022\/05\/24\/ministarstvo-pravde-bih-ova-presuda-jasan-je-pokazatelj-da-vladavina-prava-ne-postoji-u-bih-i-da-je-dalek-put-pred-nama\/","og_site_name":"RADIO LJUBU\u0160KI","article_publisher":"https:\/\/www.facebook.com\/Radiio-Ljubuski-1490835324566332","article_published_time":"2022-05-24T11:21:06+00:00","article_modified_time":"2022-05-24T11:21:07+00:00","og_image":[{"width":1000,"height":625,"url":"https:\/\/radioljubuski.ba\/wp-content\/uploads\/2022\/05\/santic.jpg","type":"image\/jpeg"}],"author":"Radio Ljubu\u0161ki","twitter_card":"summary_large_image","twitter_creator":"@radioljubuski","twitter_site":"@radioljubuski","twitter_misc":{"Napisao\/la":"Radio Ljubu\u0161ki","Procijenjeno vrijeme \u010ditanja":"1 minuta"},"schema":{"@context":"https:\/\/schema.org","@graph":[{"@type":"Article","@id":"https:\/\/radioljubuski.ba\/index.php\/2022\/05\/24\/ministarstvo-pravde-bih-ova-presuda-jasan-je-pokazatelj-da-vladavina-prava-ne-postoji-u-bih-i-da-je-dalek-put-pred-nama\/#article","isPartOf":{"@id":"https:\/\/radioljubuski.ba\/index.php\/2022\/05\/24\/ministarstvo-pravde-bih-ova-presuda-jasan-je-pokazatelj-da-vladavina-prava-ne-postoji-u-bih-i-da-je-dalek-put-pred-nama\/"},"author":{"name":"Radio Ljubu\u0161ki","@id":"https:\/\/radioljubuski.ba\/#\/schema\/person\/19fc700381a780f69665d7956c469e3b"},"headline":"Ministarstvo pravde BiH: Ova presuda jasan je pokazatelj da vladavina prava ne postoji u BiH i da je dalek put pred nama","datePublished":"2022-05-24T11:21:06+00:00","dateModified":"2022-05-24T11:21:07+00:00","mainEntityOfPage":{"@id":"https:\/\/radioljubuski.ba\/index.php\/2022\/05\/24\/ministarstvo-pravde-bih-ova-presuda-jasan-je-pokazatelj-da-vladavina-prava-ne-postoji-u-bih-i-da-je-dalek-put-pred-nama\/"},"wordCount":210,"publisher":{"@id":"https:\/\/radioljubuski.ba\/#organization"},"image":{"@id":"https:\/\/radioljubuski.ba\/index.php\/2022\/05\/24\/ministarstvo-pravde-bih-ova-presuda-jasan-je-pokazatelj-da-vladavina-prava-ne-postoji-u-bih-i-da-je-dalek-put-pred-nama\/#primaryimage"},"thumbnailUrl":"https:\/\/radioljubuski.ba\/wp-content\/uploads\/2022\/05\/santic.jpg","articleSection":["BIH i regija"],"inLanguage":"hr"},{"@type":"WebPage","@id":"https:\/\/radioljubuski.ba\/index.php\/2022\/05\/24\/ministarstvo-pravde-bih-ova-presuda-jasan-je-pokazatelj-da-vladavina-prava-ne-postoji-u-bih-i-da-je-dalek-put-pred-nama\/","url":"https:\/\/radioljubuski.ba\/index.php\/2022\/05\/24\/ministarstvo-pravde-bih-ova-presuda-jasan-je-pokazatelj-da-vladavina-prava-ne-postoji-u-bih-i-da-je-dalek-put-pred-nama\/","name":"Ministarstvo pravde BiH: Ova presuda jasan je pokazatelj da vladavina prava ne postoji u BiH i da je dalek put pred nama - RADIO LJUBU\u0160KI","isPartOf":{"@id":"https:\/\/radioljubuski.ba\/#website"},"primaryImageOfPage":{"@id":"https:\/\/radioljubuski.ba\/index.php\/2022\/05\/24\/ministarstvo-pravde-bih-ova-presuda-jasan-je-pokazatelj-da-vladavina-prava-ne-postoji-u-bih-i-da-je-dalek-put-pred-nama\/#primaryimage"},"image":{"@id":"https:\/\/radioljubuski.ba\/index.php\/2022\/05\/24\/ministarstvo-pravde-bih-ova-presuda-jasan-je-pokazatelj-da-vladavina-prava-ne-postoji-u-bih-i-da-je-dalek-put-pred-nama\/#primaryimage"},"thumbnailUrl":"https:\/\/radioljubuski.ba\/wp-content\/uploads\/2022\/05\/santic.jpg","datePublished":"2022-05-24T11:21:06+00:00","dateModified":"2022-05-24T11:21:07+00:00","breadcrumb":{"@id":"https:\/\/radioljubuski.ba\/index.php\/2022\/05\/24\/ministarstvo-pravde-bih-ova-presuda-jasan-je-pokazatelj-da-vladavina-prava-ne-postoji-u-bih-i-da-je-dalek-put-pred-nama\/#breadcrumb"},"inLanguage":"hr","potentialAction":[{"@type":"ReadAction","target":["https:\/\/radioljubuski.ba\/index.php\/2022\/05\/24\/ministarstvo-pravde-bih-ova-presuda-jasan-je-pokazatelj-da-vladavina-prava-ne-postoji-u-bih-i-da-je-dalek-put-pred-nama\/"]}]},{"@type":"ImageObject","inLanguage":"hr","@id":"https:\/\/radioljubuski.ba\/index.php\/2022\/05\/24\/ministarstvo-pravde-bih-ova-presuda-jasan-je-pokazatelj-da-vladavina-prava-ne-postoji-u-bih-i-da-je-dalek-put-pred-nama\/#primaryimage","url":"https:\/\/radioljubuski.ba\/wp-content\/uploads\/2022\/05\/santic.jpg","contentUrl":"https:\/\/radioljubuski.ba\/wp-content\/uploads\/2022\/05\/santic.jpg","width":1000,"height":625},{"@type":"BreadcrumbList","@id":"https:\/\/radioljubuski.ba\/index.php\/2022\/05\/24\/ministarstvo-pravde-bih-ova-presuda-jasan-je-pokazatelj-da-vladavina-prava-ne-postoji-u-bih-i-da-je-dalek-put-pred-nama\/#breadcrumb","itemListElement":[{"@type":"ListItem","position":1,"name":"Po\u010detna stranica","item":"https:\/\/radioljubuski.ba\/"},{"@type":"ListItem","position":2,"name":"Ministarstvo pravde BiH: Ova presuda jasan je pokazatelj da vladavina prava ne postoji u BiH i da je dalek put pred nama"}]},{"@type":"WebSite","@id":"https:\/\/radioljubuski.ba\/#website","url":"https:\/\/radioljubuski.ba\/","name":"Radio Ljubu\u0161ki","description":"Sun\u010dana frekvencija Hercegovine","publisher":{"@id":"https:\/\/radioljubuski.ba\/#organization"},"potentialAction":[{"@type":"SearchAction","target":{"@type":"EntryPoint","urlTemplate":"https:\/\/radioljubuski.ba\/?s={search_term_string}"},"query-input":{"@type":"PropertyValueSpecification","valueRequired":true,"valueName":"search_term_string"}}],"inLanguage":"hr"},{"@type":"Organization","@id":"https:\/\/radioljubuski.ba\/#organization","name":"Radio Ljubu\u0161ki","url":"https:\/\/radioljubuski.ba\/","logo":{"@type":"ImageObject","inLanguage":"hr","@id":"https:\/\/radioljubuski.ba\/#\/schema\/logo\/image\/","url":"https:\/\/radioljubuski.ba\/wp-content\/uploads\/2021\/02\/cropped-Radio_Ljubuski_logo1.jpg","contentUrl":"https:\/\/radioljubuski.ba\/wp-content\/uploads\/2021\/02\/cropped-Radio_Ljubuski_logo1.jpg","width":512,"height":512,"caption":"Radio Ljubu\u0161ki"},"image":{"@id":"https:\/\/radioljubuski.ba\/#\/schema\/logo\/image\/"},"sameAs":["https:\/\/www.facebook.com\/Radiio-Ljubuski-1490835324566332","https:\/\/x.com\/radioljubuski","https:\/\/hr.linkedin.com\/company\/radio-ljubuski","https:\/\/www.youtube.com\/channel\/UCHYaeO_n0Db3tjNGudGpXyw"]},{"@type":"Person","@id":"https:\/\/radioljubuski.ba\/#\/schema\/person\/19fc700381a780f69665d7956c469e3b","name":"Radio Ljubu\u0161ki"}]}},"_links":{"self":[{"href":"https:\/\/radioljubuski.ba\/index.php\/wp-json\/wp\/v2\/posts\/143618","targetHints":{"allow":["GET"]}}],"collection":[{"href":"https:\/\/radioljubuski.ba\/index.php\/wp-json\/wp\/v2\/posts"}],"about":[{"href":"https:\/\/radioljubuski.ba\/index.php\/wp-json\/wp\/v2\/types\/post"}],"author":[{"embeddable":true,"href":"https:\/\/radioljubuski.ba\/index.php\/wp-json\/wp\/v2\/users\/2"}],"replies":[{"embeddable":true,"href":"https:\/\/radioljubuski.ba\/index.php\/wp-json\/wp\/v2\/comments?post=143618"}],"version-history":[{"count":1,"href":"https:\/\/radioljubuski.ba\/index.php\/wp-json\/wp\/v2\/posts\/143618\/revisions"}],"predecessor-version":[{"id":143620,"href":"https:\/\/radioljubuski.ba\/index.php\/wp-json\/wp\/v2\/posts\/143618\/revisions\/143620"}],"wp:featuredmedia":[{"embeddable":true,"href":"https:\/\/radioljubuski.ba\/index.php\/wp-json\/wp\/v2\/media\/143619"}],"wp:attachment":[{"href":"https:\/\/radioljubuski.ba\/index.php\/wp-json\/wp\/v2\/media?parent=143618"}],"wp:term":[{"taxonomy":"category","embeddable":true,"href":"https:\/\/radioljubuski.ba\/index.php\/wp-json\/wp\/v2\/categories?post=143618"},{"taxonomy":"post_tag","embeddable":true,"href":"https:\/\/radioljubuski.ba\/index.php\/wp-json\/wp\/v2\/tags?post=143618"}],"curies":[{"name":"wp","href":"https:\/\/api.w.org\/{rel}","templated":true}]}}