{"id":143622,"date":"2022-05-24T12:23:27","date_gmt":"2022-05-24T11:23:27","guid":{"rendered":"https:\/\/radioljubuski.ba\/?p=143622"},"modified":"2022-05-24T12:24:26","modified_gmt":"2022-05-24T11:24:26","slug":"preletaci-za-cetiri-godine-cak-110-promjena-stranackog-dresa","status":"publish","type":"post","link":"https:\/\/radioljubuski.ba\/index.php\/2022\/05\/24\/preletaci-za-cetiri-godine-cak-110-promjena-stranackog-dresa\/","title":{"rendered":"Preleta\u010di: Za \u010detiri godine \u010dak 110 promjena strana\u010dkog dresa"},"content":{"rendered":"\n<p><strong>Prema istra\u017eivanju Udru\u017eenja \u201eReStart Srpska\u201c, u Republici Srpskoj je od 2018. godine identificirano 110 preleta\u010da na lokalnom i entitetskom nivou. Mijenjanje politi\u010dkih dresova se u ve\u0107ini slu\u010dajeva doga\u0111a isklju\u010divo zbog osobnih interesa, \u0161to smatraju kra\u0111om volje bira\u010da. Samo u jednom mandatu u Narodnoj skup\u0161tini Republike Srpske, \u010dak tre\u0107ina saziva je promijenila strana\u010dki dres.<\/strong><\/p>\n\n\n\n<p>\u201eTreba ih kazniti u svakom slu\u010daju. Mi se borimo da glasujemo, oni nam ka\u017eu: Ne trebate nikako glasovati, jer se zna tko \u0107e pobijediti na izborima, ovo je sve izmontirano.\u201c<\/p>\n\n\n\n<p>\u201eNadam se da \u0107e biti ka\u017enjeni s manjim brojem glasova, to im je najve\u0107a kazna\u201c.<\/p>\n\n\n\n<p>\u201eTo je sve igra, namje\u0161tanje, pla\u0107anje.\u201c<\/p>\n\n\n\n<p>Preleta\u010di, papkarenje pod pla\u0161tom demokracije sastavni su dio ovda\u0161nje politi\u010dke kombinatorike. Samo u posljednje tri godine ReStart je zabilje\u017eio 110 promjena strana\u010dkog dresa. Samo sedam je iz vladaju\u0107e ve\u0107ine pre\u0161lo u opoziciju. Vi\u0161e od 80 posto je u prvih osam mjeseci mandata i to iz opozicije u vladaju\u0107u ve\u0107inu, zbog \u010dega u ReStartu predla\u017eu rje\u0161enje, po austrijskom modelu.<\/p>\n\n\n\n<p>STEFAN BLAGI\u0106, predsjednik Udru\u017eenja \u201eReStart Srpska\u201c:<\/p>\n\n\n\n<p>\u201eU prvih osam mjeseci mandat pripada stranci, da bi se sprije\u010dilo prelijetanje prilikom formiranja vlasti, kao onda kako smo imali u korijenu problema 2014. godine. Nakon toga mandat ponovo pripada zastupniku.\u201c<\/p>\n\n\n\n<p>VELIZAR ANTI\u0106, \u010dlan Udru\u017eenja \u201eReStart Srpsk\u0430\u201d:<\/p>\n\n\n\n<p>\u201eSkoro tre\u0107ina zastupnika u Narodnoj skup\u0161tini je promijenila strana\u010dki dres. \u0160alje se lo\u0161a poruka, ljudi su ionako razo\u010darani, ne izlaze na izbore, s ovakvim stvarima vi\u0161e ne\u0107e ni sudjelovati.\u201c<\/p>\n\n\n\n<p>Ako ne cijeli, mislim da treba bar jedan dio mandata da pripadne politi\u010dkoj stranci, smatra predsjednik PDP-a, podsje\u0107aju\u0107i da je takozvano papkarenje u Republici Srpskoj po\u010delo 2014. godine kupovinom dva opozicijska zastupnika za skup\u0161tinsku ve\u0107inu.<\/p>\n\n\n\n<p>BRANISLAV BORENOVI\u0106, predsjednik PDP-a:<\/p>\n\n\n\n<p>\u201eDa se zaustavi nenormalna pojava koja se nigdje ne doga\u0111a kao u BiH. Ljudi postali kao roba na tr\u017enici, prelaze iz opozicije u vlast da bi dobili sitne privilegije i na taj na\u010din iznevjerili podr\u0161ku bira\u010da.\u201c<\/p>\n\n\n\n<p>U SNSD-u su za model spre\u010davanja promjene politi\u010dkih dresova. Predsjednik ove stranke izjavio je da se oni zala\u017eu da mandat pripadne stranci \u010dime bi se smatra smanjila politi\u010dka korupcija.<\/p>\n\n\n\n<p>Potpredsjednik Narodne Skup\u0161tine Deni\u0161 \u0160uli\u0107 stava je da promjene strana\u010dkog dresa trebaju kazniti bira\u010di na izborima.<\/p>\n\n\n\n<p>\u201eAko je politi\u010dar promijenio strana\u010dki dres i oti\u0161ao u vlast ili u opoziciju radi osobne satisfakcije, u\u017ee ili \u0161ire obitelji , kada do\u0111e na bira\u010dko mjesto glasa\u010di \u0107e ga kazniti.\u201c<\/p>\n\n\n\n<p>U ReStartu konstatiraju da je u Republici Srpskoj danas mnogo manje demokracije nego prije 15 godina. Ka\u017eu da glavni motiv promjene stranke nije ideologija, ve\u0107 osobni interes, zbog \u010dega hitno treba eliminirati preleta\u010de iz politi\u010dkog \u017eivota.<\/p>\n\n\n\n<iframe loading=\"lazy\" title=\"Za \u010detiri godine 110 promjena strana\u010dkog dresa u RS\" width=\"640\" height=\"360\" src=\"https:\/\/www.youtube.com\/embed\/-QmNyB5600k?feature=oembed\" frameborder=\"0\" allow=\"accelerometer; autoplay; clipboard-write; encrypted-media; gyroscope; picture-in-picture; web-share\" referrerpolicy=\"strict-origin-when-cross-origin\" allowfullscreen><\/iframe>\n\n\n\n<p>\/HMS\/<\/p>\n","protected":false},"excerpt":{"rendered":"<p>Prema istra\u017eivanju Udru\u017eenja \u201eReStart Srpska\u201c, u Republici Srpskoj je od 2018. godine identificirano 110 preleta\u010da na lokalnom i entitetskom nivou. Mijenjanje politi\u010dkih dresova se u ve\u0107ini slu\u010dajeva doga\u0111a isklju\u010divo zbog osobnih interesa, \u0161to smatraju kra\u0111om volje bira\u010da. Samo u jednom mandatu u Narodnoj skup\u0161tini Republike Srpske, \u010dak tre\u0107ina saziva je promijenila strana\u010dki dres. \u201eTreba ih [&hellip;]<\/p>\n","protected":false},"author":2,"featured_media":143627,"comment_status":"closed","ping_status":"closed","sticky":false,"template":"","format":"standard","meta":{"h5ap_radio_sources":[],"footnotes":""},"categories":[1],"tags":[],"class_list":["post-143622","post","type-post","status-publish","format-standard","has-post-thumbnail","hentry","category-bihiregija"],"yoast_head":"<!-- This site is optimized with the Yoast SEO plugin v27.5 - https:\/\/yoast.com\/product\/yoast-seo-wordpress\/ -->\n<title>Preleta\u010di: Za \u010detiri godine \u010dak 110 promjena strana\u010dkog dresa - RADIO LJUBU\u0160KI<\/title>\n<meta name=\"robots\" content=\"index, follow, max-snippet:-1, max-image-preview:large, max-video-preview:-1\" \/>\n<link rel=\"canonical\" href=\"https:\/\/radioljubuski.ba\/index.php\/2022\/05\/24\/preletaci-za-cetiri-godine-cak-110-promjena-stranackog-dresa\/\" \/>\n<meta property=\"og:locale\" content=\"hr_HR\" \/>\n<meta property=\"og:type\" content=\"article\" \/>\n<meta property=\"og:title\" content=\"Preleta\u010di: Za \u010detiri godine \u010dak 110 promjena strana\u010dkog dresa - RADIO LJUBU\u0160KI\" \/>\n<meta property=\"og:description\" content=\"Prema istra\u017eivanju Udru\u017eenja \u201eReStart Srpska\u201c, u Republici Srpskoj je od 2018. godine identificirano 110 preleta\u010da na lokalnom i entitetskom nivou. Mijenjanje politi\u010dkih dresova se u ve\u0107ini slu\u010dajeva doga\u0111a isklju\u010divo zbog osobnih interesa, \u0161to smatraju kra\u0111om volje bira\u010da. Samo u jednom mandatu u Narodnoj skup\u0161tini Republike Srpske, \u010dak tre\u0107ina saziva je promijenila strana\u010dki dres. \u201eTreba ih [&hellip;]\" \/>\n<meta property=\"og:url\" content=\"https:\/\/radioljubuski.ba\/index.php\/2022\/05\/24\/preletaci-za-cetiri-godine-cak-110-promjena-stranackog-dresa\/\" \/>\n<meta property=\"og:site_name\" content=\"RADIO LJUBU\u0160KI\" \/>\n<meta property=\"article:publisher\" content=\"https:\/\/www.facebook.com\/Radiio-Ljubuski-1490835324566332\" \/>\n<meta property=\"article:published_time\" content=\"2022-05-24T11:23:27+00:00\" \/>\n<meta property=\"article:modified_time\" content=\"2022-05-24T11:24:26+00:00\" \/>\n<meta property=\"og:image\" content=\"https:\/\/radioljubuski.ba\/wp-content\/uploads\/2022\/05\/nsrs.jpg\" \/>\n\t<meta property=\"og:image:width\" content=\"658\" \/>\n\t<meta property=\"og:image:height\" content=\"493\" \/>\n\t<meta property=\"og:image:type\" content=\"image\/jpeg\" \/>\n<meta name=\"author\" content=\"Radio Ljubu\u0161ki\" \/>\n<meta name=\"twitter:card\" content=\"summary_large_image\" \/>\n<meta name=\"twitter:creator\" content=\"@radioljubuski\" \/>\n<meta name=\"twitter:site\" content=\"@radioljubuski\" \/>\n<meta name=\"twitter:label1\" content=\"Napisao\/la\" \/>\n\t<meta name=\"twitter:data1\" content=\"Radio Ljubu\u0161ki\" \/>\n\t<meta name=\"twitter:label2\" content=\"Procijenjeno vrijeme \u010ditanja\" \/>\n\t<meta name=\"twitter:data2\" content=\"2 minute\" \/>\n<script type=\"application\/ld+json\" class=\"yoast-schema-graph\">{\"@context\":\"https:\\\/\\\/schema.org\",\"@graph\":[{\"@type\":\"Article\",\"@id\":\"https:\\\/\\\/radioljubuski.ba\\\/index.php\\\/2022\\\/05\\\/24\\\/preletaci-za-cetiri-godine-cak-110-promjena-stranackog-dresa\\\/#article\",\"isPartOf\":{\"@id\":\"https:\\\/\\\/radioljubuski.ba\\\/index.php\\\/2022\\\/05\\\/24\\\/preletaci-za-cetiri-godine-cak-110-promjena-stranackog-dresa\\\/\"},\"author\":{\"name\":\"Radio Ljubu\u0161ki\",\"@id\":\"https:\\\/\\\/radioljubuski.ba\\\/#\\\/schema\\\/person\\\/19fc700381a780f69665d7956c469e3b\"},\"headline\":\"Preleta\u010di: Za \u010detiri godine \u010dak 110 promjena strana\u010dkog dresa\",\"datePublished\":\"2022-05-24T11:23:27+00:00\",\"dateModified\":\"2022-05-24T11:24:26+00:00\",\"mainEntityOfPage\":{\"@id\":\"https:\\\/\\\/radioljubuski.ba\\\/index.php\\\/2022\\\/05\\\/24\\\/preletaci-za-cetiri-godine-cak-110-promjena-stranackog-dresa\\\/\"},\"wordCount\":507,\"publisher\":{\"@id\":\"https:\\\/\\\/radioljubuski.ba\\\/#organization\"},\"image\":{\"@id\":\"https:\\\/\\\/radioljubuski.ba\\\/index.php\\\/2022\\\/05\\\/24\\\/preletaci-za-cetiri-godine-cak-110-promjena-stranackog-dresa\\\/#primaryimage\"},\"thumbnailUrl\":\"https:\\\/\\\/radioljubuski.ba\\\/wp-content\\\/uploads\\\/2022\\\/05\\\/nsrs.jpg\",\"articleSection\":[\"BIH i regija\"],\"inLanguage\":\"hr\"},{\"@type\":\"WebPage\",\"@id\":\"https:\\\/\\\/radioljubuski.ba\\\/index.php\\\/2022\\\/05\\\/24\\\/preletaci-za-cetiri-godine-cak-110-promjena-stranackog-dresa\\\/\",\"url\":\"https:\\\/\\\/radioljubuski.ba\\\/index.php\\\/2022\\\/05\\\/24\\\/preletaci-za-cetiri-godine-cak-110-promjena-stranackog-dresa\\\/\",\"name\":\"Preleta\u010di: Za \u010detiri godine \u010dak 110 promjena strana\u010dkog dresa - RADIO LJUBU\u0160KI\",\"isPartOf\":{\"@id\":\"https:\\\/\\\/radioljubuski.ba\\\/#website\"},\"primaryImageOfPage\":{\"@id\":\"https:\\\/\\\/radioljubuski.ba\\\/index.php\\\/2022\\\/05\\\/24\\\/preletaci-za-cetiri-godine-cak-110-promjena-stranackog-dresa\\\/#primaryimage\"},\"image\":{\"@id\":\"https:\\\/\\\/radioljubuski.ba\\\/index.php\\\/2022\\\/05\\\/24\\\/preletaci-za-cetiri-godine-cak-110-promjena-stranackog-dresa\\\/#primaryimage\"},\"thumbnailUrl\":\"https:\\\/\\\/radioljubuski.ba\\\/wp-content\\\/uploads\\\/2022\\\/05\\\/nsrs.jpg\",\"datePublished\":\"2022-05-24T11:23:27+00:00\",\"dateModified\":\"2022-05-24T11:24:26+00:00\",\"breadcrumb\":{\"@id\":\"https:\\\/\\\/radioljubuski.ba\\\/index.php\\\/2022\\\/05\\\/24\\\/preletaci-za-cetiri-godine-cak-110-promjena-stranackog-dresa\\\/#breadcrumb\"},\"inLanguage\":\"hr\",\"potentialAction\":[{\"@type\":\"ReadAction\",\"target\":[\"https:\\\/\\\/radioljubuski.ba\\\/index.php\\\/2022\\\/05\\\/24\\\/preletaci-za-cetiri-godine-cak-110-promjena-stranackog-dresa\\\/\"]}]},{\"@type\":\"ImageObject\",\"inLanguage\":\"hr\",\"@id\":\"https:\\\/\\\/radioljubuski.ba\\\/index.php\\\/2022\\\/05\\\/24\\\/preletaci-za-cetiri-godine-cak-110-promjena-stranackog-dresa\\\/#primaryimage\",\"url\":\"https:\\\/\\\/radioljubuski.ba\\\/wp-content\\\/uploads\\\/2022\\\/05\\\/nsrs.jpg\",\"contentUrl\":\"https:\\\/\\\/radioljubuski.ba\\\/wp-content\\\/uploads\\\/2022\\\/05\\\/nsrs.jpg\",\"width\":658,\"height\":493},{\"@type\":\"BreadcrumbList\",\"@id\":\"https:\\\/\\\/radioljubuski.ba\\\/index.php\\\/2022\\\/05\\\/24\\\/preletaci-za-cetiri-godine-cak-110-promjena-stranackog-dresa\\\/#breadcrumb\",\"itemListElement\":[{\"@type\":\"ListItem\",\"position\":1,\"name\":\"Po\u010detna stranica\",\"item\":\"https:\\\/\\\/radioljubuski.ba\\\/\"},{\"@type\":\"ListItem\",\"position\":2,\"name\":\"Preleta\u010di: Za \u010detiri godine \u010dak 110 promjena strana\u010dkog dresa\"}]},{\"@type\":\"WebSite\",\"@id\":\"https:\\\/\\\/radioljubuski.ba\\\/#website\",\"url\":\"https:\\\/\\\/radioljubuski.ba\\\/\",\"name\":\"Radio Ljubu\u0161ki\",\"description\":\"Sun\u010dana frekvencija Hercegovine\",\"publisher\":{\"@id\":\"https:\\\/\\\/radioljubuski.ba\\\/#organization\"},\"potentialAction\":[{\"@type\":\"SearchAction\",\"target\":{\"@type\":\"EntryPoint\",\"urlTemplate\":\"https:\\\/\\\/radioljubuski.ba\\\/?s={search_term_string}\"},\"query-input\":{\"@type\":\"PropertyValueSpecification\",\"valueRequired\":true,\"valueName\":\"search_term_string\"}}],\"inLanguage\":\"hr\"},{\"@type\":\"Organization\",\"@id\":\"https:\\\/\\\/radioljubuski.ba\\\/#organization\",\"name\":\"Radio Ljubu\u0161ki\",\"url\":\"https:\\\/\\\/radioljubuski.ba\\\/\",\"logo\":{\"@type\":\"ImageObject\",\"inLanguage\":\"hr\",\"@id\":\"https:\\\/\\\/radioljubuski.ba\\\/#\\\/schema\\\/logo\\\/image\\\/\",\"url\":\"https:\\\/\\\/radioljubuski.ba\\\/wp-content\\\/uploads\\\/2021\\\/02\\\/cropped-Radio_Ljubuski_logo1.jpg\",\"contentUrl\":\"https:\\\/\\\/radioljubuski.ba\\\/wp-content\\\/uploads\\\/2021\\\/02\\\/cropped-Radio_Ljubuski_logo1.jpg\",\"width\":512,\"height\":512,\"caption\":\"Radio Ljubu\u0161ki\"},\"image\":{\"@id\":\"https:\\\/\\\/radioljubuski.ba\\\/#\\\/schema\\\/logo\\\/image\\\/\"},\"sameAs\":[\"https:\\\/\\\/www.facebook.com\\\/Radiio-Ljubuski-1490835324566332\",\"https:\\\/\\\/x.com\\\/radioljubuski\",\"https:\\\/\\\/hr.linkedin.com\\\/company\\\/radio-ljubuski\",\"https:\\\/\\\/www.youtube.com\\\/channel\\\/UCHYaeO_n0Db3tjNGudGpXyw\"]},{\"@type\":\"Person\",\"@id\":\"https:\\\/\\\/radioljubuski.ba\\\/#\\\/schema\\\/person\\\/19fc700381a780f69665d7956c469e3b\",\"name\":\"Radio Ljubu\u0161ki\"}]}<\/script>\n<!-- \/ Yoast SEO plugin. -->","yoast_head_json":{"title":"Preleta\u010di: Za \u010detiri godine \u010dak 110 promjena strana\u010dkog dresa - RADIO LJUBU\u0160KI","robots":{"index":"index","follow":"follow","max-snippet":"max-snippet:-1","max-image-preview":"max-image-preview:large","max-video-preview":"max-video-preview:-1"},"canonical":"https:\/\/radioljubuski.ba\/index.php\/2022\/05\/24\/preletaci-za-cetiri-godine-cak-110-promjena-stranackog-dresa\/","og_locale":"hr_HR","og_type":"article","og_title":"Preleta\u010di: Za \u010detiri godine \u010dak 110 promjena strana\u010dkog dresa - RADIO LJUBU\u0160KI","og_description":"Prema istra\u017eivanju Udru\u017eenja \u201eReStart Srpska\u201c, u Republici Srpskoj je od 2018. godine identificirano 110 preleta\u010da na lokalnom i entitetskom nivou. Mijenjanje politi\u010dkih dresova se u ve\u0107ini slu\u010dajeva doga\u0111a isklju\u010divo zbog osobnih interesa, \u0161to smatraju kra\u0111om volje bira\u010da. Samo u jednom mandatu u Narodnoj skup\u0161tini Republike Srpske, \u010dak tre\u0107ina saziva je promijenila strana\u010dki dres. \u201eTreba ih [&hellip;]","og_url":"https:\/\/radioljubuski.ba\/index.php\/2022\/05\/24\/preletaci-za-cetiri-godine-cak-110-promjena-stranackog-dresa\/","og_site_name":"RADIO LJUBU\u0160KI","article_publisher":"https:\/\/www.facebook.com\/Radiio-Ljubuski-1490835324566332","article_published_time":"2022-05-24T11:23:27+00:00","article_modified_time":"2022-05-24T11:24:26+00:00","og_image":[{"width":658,"height":493,"url":"https:\/\/radioljubuski.ba\/wp-content\/uploads\/2022\/05\/nsrs.jpg","type":"image\/jpeg"}],"author":"Radio Ljubu\u0161ki","twitter_card":"summary_large_image","twitter_creator":"@radioljubuski","twitter_site":"@radioljubuski","twitter_misc":{"Napisao\/la":"Radio Ljubu\u0161ki","Procijenjeno vrijeme \u010ditanja":"2 minute"},"schema":{"@context":"https:\/\/schema.org","@graph":[{"@type":"Article","@id":"https:\/\/radioljubuski.ba\/index.php\/2022\/05\/24\/preletaci-za-cetiri-godine-cak-110-promjena-stranackog-dresa\/#article","isPartOf":{"@id":"https:\/\/radioljubuski.ba\/index.php\/2022\/05\/24\/preletaci-za-cetiri-godine-cak-110-promjena-stranackog-dresa\/"},"author":{"name":"Radio Ljubu\u0161ki","@id":"https:\/\/radioljubuski.ba\/#\/schema\/person\/19fc700381a780f69665d7956c469e3b"},"headline":"Preleta\u010di: Za \u010detiri godine \u010dak 110 promjena strana\u010dkog dresa","datePublished":"2022-05-24T11:23:27+00:00","dateModified":"2022-05-24T11:24:26+00:00","mainEntityOfPage":{"@id":"https:\/\/radioljubuski.ba\/index.php\/2022\/05\/24\/preletaci-za-cetiri-godine-cak-110-promjena-stranackog-dresa\/"},"wordCount":507,"publisher":{"@id":"https:\/\/radioljubuski.ba\/#organization"},"image":{"@id":"https:\/\/radioljubuski.ba\/index.php\/2022\/05\/24\/preletaci-za-cetiri-godine-cak-110-promjena-stranackog-dresa\/#primaryimage"},"thumbnailUrl":"https:\/\/radioljubuski.ba\/wp-content\/uploads\/2022\/05\/nsrs.jpg","articleSection":["BIH i regija"],"inLanguage":"hr"},{"@type":"WebPage","@id":"https:\/\/radioljubuski.ba\/index.php\/2022\/05\/24\/preletaci-za-cetiri-godine-cak-110-promjena-stranackog-dresa\/","url":"https:\/\/radioljubuski.ba\/index.php\/2022\/05\/24\/preletaci-za-cetiri-godine-cak-110-promjena-stranackog-dresa\/","name":"Preleta\u010di: Za \u010detiri godine \u010dak 110 promjena strana\u010dkog dresa - RADIO LJUBU\u0160KI","isPartOf":{"@id":"https:\/\/radioljubuski.ba\/#website"},"primaryImageOfPage":{"@id":"https:\/\/radioljubuski.ba\/index.php\/2022\/05\/24\/preletaci-za-cetiri-godine-cak-110-promjena-stranackog-dresa\/#primaryimage"},"image":{"@id":"https:\/\/radioljubuski.ba\/index.php\/2022\/05\/24\/preletaci-za-cetiri-godine-cak-110-promjena-stranackog-dresa\/#primaryimage"},"thumbnailUrl":"https:\/\/radioljubuski.ba\/wp-content\/uploads\/2022\/05\/nsrs.jpg","datePublished":"2022-05-24T11:23:27+00:00","dateModified":"2022-05-24T11:24:26+00:00","breadcrumb":{"@id":"https:\/\/radioljubuski.ba\/index.php\/2022\/05\/24\/preletaci-za-cetiri-godine-cak-110-promjena-stranackog-dresa\/#breadcrumb"},"inLanguage":"hr","potentialAction":[{"@type":"ReadAction","target":["https:\/\/radioljubuski.ba\/index.php\/2022\/05\/24\/preletaci-za-cetiri-godine-cak-110-promjena-stranackog-dresa\/"]}]},{"@type":"ImageObject","inLanguage":"hr","@id":"https:\/\/radioljubuski.ba\/index.php\/2022\/05\/24\/preletaci-za-cetiri-godine-cak-110-promjena-stranackog-dresa\/#primaryimage","url":"https:\/\/radioljubuski.ba\/wp-content\/uploads\/2022\/05\/nsrs.jpg","contentUrl":"https:\/\/radioljubuski.ba\/wp-content\/uploads\/2022\/05\/nsrs.jpg","width":658,"height":493},{"@type":"BreadcrumbList","@id":"https:\/\/radioljubuski.ba\/index.php\/2022\/05\/24\/preletaci-za-cetiri-godine-cak-110-promjena-stranackog-dresa\/#breadcrumb","itemListElement":[{"@type":"ListItem","position":1,"name":"Po\u010detna stranica","item":"https:\/\/radioljubuski.ba\/"},{"@type":"ListItem","position":2,"name":"Preleta\u010di: Za \u010detiri godine \u010dak 110 promjena strana\u010dkog dresa"}]},{"@type":"WebSite","@id":"https:\/\/radioljubuski.ba\/#website","url":"https:\/\/radioljubuski.ba\/","name":"Radio Ljubu\u0161ki","description":"Sun\u010dana frekvencija Hercegovine","publisher":{"@id":"https:\/\/radioljubuski.ba\/#organization"},"potentialAction":[{"@type":"SearchAction","target":{"@type":"EntryPoint","urlTemplate":"https:\/\/radioljubuski.ba\/?s={search_term_string}"},"query-input":{"@type":"PropertyValueSpecification","valueRequired":true,"valueName":"search_term_string"}}],"inLanguage":"hr"},{"@type":"Organization","@id":"https:\/\/radioljubuski.ba\/#organization","name":"Radio Ljubu\u0161ki","url":"https:\/\/radioljubuski.ba\/","logo":{"@type":"ImageObject","inLanguage":"hr","@id":"https:\/\/radioljubuski.ba\/#\/schema\/logo\/image\/","url":"https:\/\/radioljubuski.ba\/wp-content\/uploads\/2021\/02\/cropped-Radio_Ljubuski_logo1.jpg","contentUrl":"https:\/\/radioljubuski.ba\/wp-content\/uploads\/2021\/02\/cropped-Radio_Ljubuski_logo1.jpg","width":512,"height":512,"caption":"Radio Ljubu\u0161ki"},"image":{"@id":"https:\/\/radioljubuski.ba\/#\/schema\/logo\/image\/"},"sameAs":["https:\/\/www.facebook.com\/Radiio-Ljubuski-1490835324566332","https:\/\/x.com\/radioljubuski","https:\/\/hr.linkedin.com\/company\/radio-ljubuski","https:\/\/www.youtube.com\/channel\/UCHYaeO_n0Db3tjNGudGpXyw"]},{"@type":"Person","@id":"https:\/\/radioljubuski.ba\/#\/schema\/person\/19fc700381a780f69665d7956c469e3b","name":"Radio Ljubu\u0161ki"}]}},"_links":{"self":[{"href":"https:\/\/radioljubuski.ba\/index.php\/wp-json\/wp\/v2\/posts\/143622","targetHints":{"allow":["GET"]}}],"collection":[{"href":"https:\/\/radioljubuski.ba\/index.php\/wp-json\/wp\/v2\/posts"}],"about":[{"href":"https:\/\/radioljubuski.ba\/index.php\/wp-json\/wp\/v2\/types\/post"}],"author":[{"embeddable":true,"href":"https:\/\/radioljubuski.ba\/index.php\/wp-json\/wp\/v2\/users\/2"}],"replies":[{"embeddable":true,"href":"https:\/\/radioljubuski.ba\/index.php\/wp-json\/wp\/v2\/comments?post=143622"}],"version-history":[{"count":1,"href":"https:\/\/radioljubuski.ba\/index.php\/wp-json\/wp\/v2\/posts\/143622\/revisions"}],"predecessor-version":[{"id":143624,"href":"https:\/\/radioljubuski.ba\/index.php\/wp-json\/wp\/v2\/posts\/143622\/revisions\/143624"}],"wp:featuredmedia":[{"embeddable":true,"href":"https:\/\/radioljubuski.ba\/index.php\/wp-json\/wp\/v2\/media\/143627"}],"wp:attachment":[{"href":"https:\/\/radioljubuski.ba\/index.php\/wp-json\/wp\/v2\/media?parent=143622"}],"wp:term":[{"taxonomy":"category","embeddable":true,"href":"https:\/\/radioljubuski.ba\/index.php\/wp-json\/wp\/v2\/categories?post=143622"},{"taxonomy":"post_tag","embeddable":true,"href":"https:\/\/radioljubuski.ba\/index.php\/wp-json\/wp\/v2\/tags?post=143622"}],"curies":[{"name":"wp","href":"https:\/\/api.w.org\/{rel}","templated":true}]}}