{"id":143635,"date":"2022-05-24T12:27:34","date_gmt":"2022-05-24T11:27:34","guid":{"rendered":"https:\/\/radioljubuski.ba\/?p=143635"},"modified":"2022-05-24T12:27:35","modified_gmt":"2022-05-24T11:27:35","slug":"predstavljena-unaprijedena-zvijezda-turizma-bih","status":"publish","type":"post","link":"https:\/\/radioljubuski.ba\/index.php\/2022\/05\/24\/predstavljena-unaprijedena-zvijezda-turizma-bih\/","title":{"rendered":"Predstavljena unaprije\u0111ena \u201eZvijezda turizma BiH\u201c"},"content":{"rendered":"\n<p><strong>U Sarajevu je predstavljena unaprije\u0111ena nagrada \u201eZvijezda turizma BIH\u201c koju Gospodarska komora FBiH dodjeljuje za zna\u010dajna ostvarenja u podizanju kvaliteta turisti\u010dkih usluga, kao i za doprinos razvoju i promociji turizma u Bosni i Hercegovini, javlja Hrvatski Medijski Servis.<\/strong><\/p>\n\n\n\n<p>\u201eOva nagrada \u0107e biti priznanje svima onima koji su u pro\u0161loj godini uradili jako dobar posao; oni \u0107e vidjeti da iza njih stoji netko tko prepoznaje njihov rad i u\u010dinak na sektor turizma Bosne i Hercegovine; bit \u0107e to poticaj da i u narednom razdoblju krenu putem kreativnosti i izvrsnosti u turizmu, \u0161to \u0107e nas zasigurno postaviti na svjetske mape turisti\u010dkih destinacija\u201c \u2013 rekao je potpredsjednik GK FBiH Marko \u0160anti\u0107.<\/p>\n\n\n\n<p>Zna\u010daj partnerstva Projekta Turizam i Gospodarske komore FBiH, te same nagrade \u201cZvijezda turizma BiH\u201d naglasio je i Ibrahim Osta, direktor USAID-ovog Projekta Turizam.<\/p>\n\n\n\n<p>Cilj je ja\u010danje koristi od turisti\u010dke djelatnosti za sve njene aktere, odnosno pove\u0107anje prihoda za gospodarstvo. Na\u010din za to je rad na unapre\u0111enju turisti\u010dke ponude i proizvodnje, kazao je Osta, dok je za nagradu \u201cZvijezda turizma BIH\u201d naveo da prepoznaje inovativni aspekt i pomo\u0107 firmama te organizacijama, novim u turisti\u010dkoj djelatnosti. Osim toga, nagrada daje i smjernice za unapre\u0111enje turisti\u010dkog poslovanja i aktivnosti.<\/p>\n\n\n\n<p>Krajnji cilj je svakako ispri\u010dati svijetu dobru pri\u010du o Bosni i Hercegovinu i njenoj turisti\u010dkoj ponudi, bila je poruka svih aktera doga\u0111aja, a me\u0111u kojima se uime svjetske platforme Tripadvisor, video-linkom javio i Justin Reid, direktor za medije, hotele i razvoj.<\/p>\n\n\n\n<p>Nagrada se dodjeljuje od 2019.godine, a nakon istra\u017eivanja prikupljenog s tr\u017ei\u0161ta, i u suradnji s USAID Turizam projektom, unaprije\u0111ena je na nekoliko na\u010dina.<\/p>\n\n\n\n<p>Jedna od promjena je ta da \u0107e svi prijavljeni kandidati biti dijelom marketin\u0161ke kampanje koja \u0107e biti sponzorirana i trajati cijelu ljetnu sezonu.<\/p>\n\n\n\n<p>Tako\u0111er, onaj prijavljeni kandidat koji putem Facebook stranice \u201eZvijezda turizma BiH\u201c bude imao najvi\u0161e podr\u0161ke od strane javnosti, biti \u0107e pobjednik zasebne kategorije Glas javnosti ili tzv. Nagrada publike.<\/p>\n\n\n\n<p>Svaki pobjednik u kategorijama \u0107e biti dobitnik statute \u201eZvijezde turizma BiH\u201c u odre\u0111enoj kategoriji.<br>Kategorija je ukupno 10, a sve kategorije i detaljnije podatke mo\u017eete prona\u0107i na stranici www.turizam.kfbih.com koja \u0107e uskoro biti spremna za prve prijave.<\/p>\n\n\n\n<p>\/HMS\/<\/p>\n","protected":false},"excerpt":{"rendered":"<p>U Sarajevu je predstavljena unaprije\u0111ena nagrada \u201eZvijezda turizma BIH\u201c koju Gospodarska komora FBiH dodjeljuje za zna\u010dajna ostvarenja u podizanju kvaliteta turisti\u010dkih usluga, kao i za doprinos razvoju i promociji turizma u Bosni i Hercegovini, javlja Hrvatski Medijski Servis. \u201eOva nagrada \u0107e biti priznanje svima onima koji su u pro\u0161loj godini uradili jako dobar posao; oni [&hellip;]<\/p>\n","protected":false},"author":2,"featured_media":143636,"comment_status":"closed","ping_status":"closed","sticky":false,"template":"","format":"standard","meta":{"h5ap_radio_sources":[],"footnotes":""},"categories":[1],"tags":[],"class_list":["post-143635","post","type-post","status-publish","format-standard","has-post-thumbnail","hentry","category-bihiregija"],"yoast_head":"<!-- This site is optimized with the Yoast SEO plugin v27.5 - https:\/\/yoast.com\/product\/yoast-seo-wordpress\/ -->\n<title>Predstavljena unaprije\u0111ena \u201eZvijezda turizma BiH\u201c - RADIO LJUBU\u0160KI<\/title>\n<meta name=\"robots\" content=\"index, follow, max-snippet:-1, max-image-preview:large, max-video-preview:-1\" \/>\n<link rel=\"canonical\" href=\"https:\/\/radioljubuski.ba\/index.php\/2022\/05\/24\/predstavljena-unaprijedena-zvijezda-turizma-bih\/\" \/>\n<meta property=\"og:locale\" content=\"hr_HR\" \/>\n<meta property=\"og:type\" content=\"article\" \/>\n<meta property=\"og:title\" content=\"Predstavljena unaprije\u0111ena \u201eZvijezda turizma BiH\u201c - RADIO LJUBU\u0160KI\" \/>\n<meta property=\"og:description\" content=\"U Sarajevu je predstavljena unaprije\u0111ena nagrada \u201eZvijezda turizma BIH\u201c koju Gospodarska komora FBiH dodjeljuje za zna\u010dajna ostvarenja u podizanju kvaliteta turisti\u010dkih usluga, kao i za doprinos razvoju i promociji turizma u Bosni i Hercegovini, javlja Hrvatski Medijski Servis. \u201eOva nagrada \u0107e biti priznanje svima onima koji su u pro\u0161loj godini uradili jako dobar posao; oni [&hellip;]\" \/>\n<meta property=\"og:url\" content=\"https:\/\/radioljubuski.ba\/index.php\/2022\/05\/24\/predstavljena-unaprijedena-zvijezda-turizma-bih\/\" \/>\n<meta property=\"og:site_name\" content=\"RADIO LJUBU\u0160KI\" \/>\n<meta property=\"article:publisher\" content=\"https:\/\/www.facebook.com\/Radiio-Ljubuski-1490835324566332\" \/>\n<meta property=\"article:published_time\" content=\"2022-05-24T11:27:34+00:00\" \/>\n<meta property=\"article:modified_time\" content=\"2022-05-24T11:27:35+00:00\" \/>\n<meta property=\"og:image\" content=\"https:\/\/radioljubuski.ba\/wp-content\/uploads\/2022\/05\/zvijezda-turizma-predstavljanje-e1653385649382.jpeg\" \/>\n\t<meta property=\"og:image:width\" content=\"826\" \/>\n\t<meta property=\"og:image:height\" content=\"543\" \/>\n\t<meta property=\"og:image:type\" content=\"image\/jpeg\" \/>\n<meta name=\"author\" content=\"Radio Ljubu\u0161ki\" \/>\n<meta name=\"twitter:card\" content=\"summary_large_image\" \/>\n<meta name=\"twitter:creator\" content=\"@radioljubuski\" \/>\n<meta name=\"twitter:site\" content=\"@radioljubuski\" \/>\n<meta name=\"twitter:label1\" content=\"Napisao\/la\" \/>\n\t<meta name=\"twitter:data1\" content=\"Radio Ljubu\u0161ki\" \/>\n\t<meta name=\"twitter:label2\" content=\"Procijenjeno vrijeme \u010ditanja\" \/>\n\t<meta name=\"twitter:data2\" content=\"2 minute\" \/>\n<script type=\"application\/ld+json\" class=\"yoast-schema-graph\">{\"@context\":\"https:\\\/\\\/schema.org\",\"@graph\":[{\"@type\":\"Article\",\"@id\":\"https:\\\/\\\/radioljubuski.ba\\\/index.php\\\/2022\\\/05\\\/24\\\/predstavljena-unaprijedena-zvijezda-turizma-bih\\\/#article\",\"isPartOf\":{\"@id\":\"https:\\\/\\\/radioljubuski.ba\\\/index.php\\\/2022\\\/05\\\/24\\\/predstavljena-unaprijedena-zvijezda-turizma-bih\\\/\"},\"author\":{\"name\":\"Radio Ljubu\u0161ki\",\"@id\":\"https:\\\/\\\/radioljubuski.ba\\\/#\\\/schema\\\/person\\\/19fc700381a780f69665d7956c469e3b\"},\"headline\":\"Predstavljena unaprije\u0111ena \u201eZvijezda turizma BiH\u201c\",\"datePublished\":\"2022-05-24T11:27:34+00:00\",\"dateModified\":\"2022-05-24T11:27:35+00:00\",\"mainEntityOfPage\":{\"@id\":\"https:\\\/\\\/radioljubuski.ba\\\/index.php\\\/2022\\\/05\\\/24\\\/predstavljena-unaprijedena-zvijezda-turizma-bih\\\/\"},\"wordCount\":388,\"publisher\":{\"@id\":\"https:\\\/\\\/radioljubuski.ba\\\/#organization\"},\"image\":{\"@id\":\"https:\\\/\\\/radioljubuski.ba\\\/index.php\\\/2022\\\/05\\\/24\\\/predstavljena-unaprijedena-zvijezda-turizma-bih\\\/#primaryimage\"},\"thumbnailUrl\":\"https:\\\/\\\/radioljubuski.ba\\\/wp-content\\\/uploads\\\/2022\\\/05\\\/zvijezda-turizma-predstavljanje-e1653385649382.jpeg\",\"articleSection\":[\"BIH i regija\"],\"inLanguage\":\"hr\"},{\"@type\":\"WebPage\",\"@id\":\"https:\\\/\\\/radioljubuski.ba\\\/index.php\\\/2022\\\/05\\\/24\\\/predstavljena-unaprijedena-zvijezda-turizma-bih\\\/\",\"url\":\"https:\\\/\\\/radioljubuski.ba\\\/index.php\\\/2022\\\/05\\\/24\\\/predstavljena-unaprijedena-zvijezda-turizma-bih\\\/\",\"name\":\"Predstavljena unaprije\u0111ena \u201eZvijezda turizma BiH\u201c - RADIO LJUBU\u0160KI\",\"isPartOf\":{\"@id\":\"https:\\\/\\\/radioljubuski.ba\\\/#website\"},\"primaryImageOfPage\":{\"@id\":\"https:\\\/\\\/radioljubuski.ba\\\/index.php\\\/2022\\\/05\\\/24\\\/predstavljena-unaprijedena-zvijezda-turizma-bih\\\/#primaryimage\"},\"image\":{\"@id\":\"https:\\\/\\\/radioljubuski.ba\\\/index.php\\\/2022\\\/05\\\/24\\\/predstavljena-unaprijedena-zvijezda-turizma-bih\\\/#primaryimage\"},\"thumbnailUrl\":\"https:\\\/\\\/radioljubuski.ba\\\/wp-content\\\/uploads\\\/2022\\\/05\\\/zvijezda-turizma-predstavljanje-e1653385649382.jpeg\",\"datePublished\":\"2022-05-24T11:27:34+00:00\",\"dateModified\":\"2022-05-24T11:27:35+00:00\",\"breadcrumb\":{\"@id\":\"https:\\\/\\\/radioljubuski.ba\\\/index.php\\\/2022\\\/05\\\/24\\\/predstavljena-unaprijedena-zvijezda-turizma-bih\\\/#breadcrumb\"},\"inLanguage\":\"hr\",\"potentialAction\":[{\"@type\":\"ReadAction\",\"target\":[\"https:\\\/\\\/radioljubuski.ba\\\/index.php\\\/2022\\\/05\\\/24\\\/predstavljena-unaprijedena-zvijezda-turizma-bih\\\/\"]}]},{\"@type\":\"ImageObject\",\"inLanguage\":\"hr\",\"@id\":\"https:\\\/\\\/radioljubuski.ba\\\/index.php\\\/2022\\\/05\\\/24\\\/predstavljena-unaprijedena-zvijezda-turizma-bih\\\/#primaryimage\",\"url\":\"https:\\\/\\\/radioljubuski.ba\\\/wp-content\\\/uploads\\\/2022\\\/05\\\/zvijezda-turizma-predstavljanje-e1653385649382.jpeg\",\"contentUrl\":\"https:\\\/\\\/radioljubuski.ba\\\/wp-content\\\/uploads\\\/2022\\\/05\\\/zvijezda-turizma-predstavljanje-e1653385649382.jpeg\",\"width\":826,\"height\":543},{\"@type\":\"BreadcrumbList\",\"@id\":\"https:\\\/\\\/radioljubuski.ba\\\/index.php\\\/2022\\\/05\\\/24\\\/predstavljena-unaprijedena-zvijezda-turizma-bih\\\/#breadcrumb\",\"itemListElement\":[{\"@type\":\"ListItem\",\"position\":1,\"name\":\"Po\u010detna stranica\",\"item\":\"https:\\\/\\\/radioljubuski.ba\\\/\"},{\"@type\":\"ListItem\",\"position\":2,\"name\":\"Predstavljena unaprije\u0111ena \u201eZvijezda turizma BiH\u201c\"}]},{\"@type\":\"WebSite\",\"@id\":\"https:\\\/\\\/radioljubuski.ba\\\/#website\",\"url\":\"https:\\\/\\\/radioljubuski.ba\\\/\",\"name\":\"Radio Ljubu\u0161ki\",\"description\":\"Sun\u010dana frekvencija Hercegovine\",\"publisher\":{\"@id\":\"https:\\\/\\\/radioljubuski.ba\\\/#organization\"},\"potentialAction\":[{\"@type\":\"SearchAction\",\"target\":{\"@type\":\"EntryPoint\",\"urlTemplate\":\"https:\\\/\\\/radioljubuski.ba\\\/?s={search_term_string}\"},\"query-input\":{\"@type\":\"PropertyValueSpecification\",\"valueRequired\":true,\"valueName\":\"search_term_string\"}}],\"inLanguage\":\"hr\"},{\"@type\":\"Organization\",\"@id\":\"https:\\\/\\\/radioljubuski.ba\\\/#organization\",\"name\":\"Radio Ljubu\u0161ki\",\"url\":\"https:\\\/\\\/radioljubuski.ba\\\/\",\"logo\":{\"@type\":\"ImageObject\",\"inLanguage\":\"hr\",\"@id\":\"https:\\\/\\\/radioljubuski.ba\\\/#\\\/schema\\\/logo\\\/image\\\/\",\"url\":\"https:\\\/\\\/radioljubuski.ba\\\/wp-content\\\/uploads\\\/2021\\\/02\\\/cropped-Radio_Ljubuski_logo1.jpg\",\"contentUrl\":\"https:\\\/\\\/radioljubuski.ba\\\/wp-content\\\/uploads\\\/2021\\\/02\\\/cropped-Radio_Ljubuski_logo1.jpg\",\"width\":512,\"height\":512,\"caption\":\"Radio Ljubu\u0161ki\"},\"image\":{\"@id\":\"https:\\\/\\\/radioljubuski.ba\\\/#\\\/schema\\\/logo\\\/image\\\/\"},\"sameAs\":[\"https:\\\/\\\/www.facebook.com\\\/Radiio-Ljubuski-1490835324566332\",\"https:\\\/\\\/x.com\\\/radioljubuski\",\"https:\\\/\\\/hr.linkedin.com\\\/company\\\/radio-ljubuski\",\"https:\\\/\\\/www.youtube.com\\\/channel\\\/UCHYaeO_n0Db3tjNGudGpXyw\"]},{\"@type\":\"Person\",\"@id\":\"https:\\\/\\\/radioljubuski.ba\\\/#\\\/schema\\\/person\\\/19fc700381a780f69665d7956c469e3b\",\"name\":\"Radio Ljubu\u0161ki\"}]}<\/script>\n<!-- \/ Yoast SEO plugin. -->","yoast_head_json":{"title":"Predstavljena unaprije\u0111ena \u201eZvijezda turizma BiH\u201c - RADIO LJUBU\u0160KI","robots":{"index":"index","follow":"follow","max-snippet":"max-snippet:-1","max-image-preview":"max-image-preview:large","max-video-preview":"max-video-preview:-1"},"canonical":"https:\/\/radioljubuski.ba\/index.php\/2022\/05\/24\/predstavljena-unaprijedena-zvijezda-turizma-bih\/","og_locale":"hr_HR","og_type":"article","og_title":"Predstavljena unaprije\u0111ena \u201eZvijezda turizma BiH\u201c - RADIO LJUBU\u0160KI","og_description":"U Sarajevu je predstavljena unaprije\u0111ena nagrada \u201eZvijezda turizma BIH\u201c koju Gospodarska komora FBiH dodjeljuje za zna\u010dajna ostvarenja u podizanju kvaliteta turisti\u010dkih usluga, kao i za doprinos razvoju i promociji turizma u Bosni i Hercegovini, javlja Hrvatski Medijski Servis. \u201eOva nagrada \u0107e biti priznanje svima onima koji su u pro\u0161loj godini uradili jako dobar posao; oni [&hellip;]","og_url":"https:\/\/radioljubuski.ba\/index.php\/2022\/05\/24\/predstavljena-unaprijedena-zvijezda-turizma-bih\/","og_site_name":"RADIO LJUBU\u0160KI","article_publisher":"https:\/\/www.facebook.com\/Radiio-Ljubuski-1490835324566332","article_published_time":"2022-05-24T11:27:34+00:00","article_modified_time":"2022-05-24T11:27:35+00:00","og_image":[{"width":826,"height":543,"url":"https:\/\/radioljubuski.ba\/wp-content\/uploads\/2022\/05\/zvijezda-turizma-predstavljanje-e1653385649382.jpeg","type":"image\/jpeg"}],"author":"Radio Ljubu\u0161ki","twitter_card":"summary_large_image","twitter_creator":"@radioljubuski","twitter_site":"@radioljubuski","twitter_misc":{"Napisao\/la":"Radio Ljubu\u0161ki","Procijenjeno vrijeme \u010ditanja":"2 minute"},"schema":{"@context":"https:\/\/schema.org","@graph":[{"@type":"Article","@id":"https:\/\/radioljubuski.ba\/index.php\/2022\/05\/24\/predstavljena-unaprijedena-zvijezda-turizma-bih\/#article","isPartOf":{"@id":"https:\/\/radioljubuski.ba\/index.php\/2022\/05\/24\/predstavljena-unaprijedena-zvijezda-turizma-bih\/"},"author":{"name":"Radio Ljubu\u0161ki","@id":"https:\/\/radioljubuski.ba\/#\/schema\/person\/19fc700381a780f69665d7956c469e3b"},"headline":"Predstavljena unaprije\u0111ena \u201eZvijezda turizma BiH\u201c","datePublished":"2022-05-24T11:27:34+00:00","dateModified":"2022-05-24T11:27:35+00:00","mainEntityOfPage":{"@id":"https:\/\/radioljubuski.ba\/index.php\/2022\/05\/24\/predstavljena-unaprijedena-zvijezda-turizma-bih\/"},"wordCount":388,"publisher":{"@id":"https:\/\/radioljubuski.ba\/#organization"},"image":{"@id":"https:\/\/radioljubuski.ba\/index.php\/2022\/05\/24\/predstavljena-unaprijedena-zvijezda-turizma-bih\/#primaryimage"},"thumbnailUrl":"https:\/\/radioljubuski.ba\/wp-content\/uploads\/2022\/05\/zvijezda-turizma-predstavljanje-e1653385649382.jpeg","articleSection":["BIH i regija"],"inLanguage":"hr"},{"@type":"WebPage","@id":"https:\/\/radioljubuski.ba\/index.php\/2022\/05\/24\/predstavljena-unaprijedena-zvijezda-turizma-bih\/","url":"https:\/\/radioljubuski.ba\/index.php\/2022\/05\/24\/predstavljena-unaprijedena-zvijezda-turizma-bih\/","name":"Predstavljena unaprije\u0111ena \u201eZvijezda turizma BiH\u201c - RADIO LJUBU\u0160KI","isPartOf":{"@id":"https:\/\/radioljubuski.ba\/#website"},"primaryImageOfPage":{"@id":"https:\/\/radioljubuski.ba\/index.php\/2022\/05\/24\/predstavljena-unaprijedena-zvijezda-turizma-bih\/#primaryimage"},"image":{"@id":"https:\/\/radioljubuski.ba\/index.php\/2022\/05\/24\/predstavljena-unaprijedena-zvijezda-turizma-bih\/#primaryimage"},"thumbnailUrl":"https:\/\/radioljubuski.ba\/wp-content\/uploads\/2022\/05\/zvijezda-turizma-predstavljanje-e1653385649382.jpeg","datePublished":"2022-05-24T11:27:34+00:00","dateModified":"2022-05-24T11:27:35+00:00","breadcrumb":{"@id":"https:\/\/radioljubuski.ba\/index.php\/2022\/05\/24\/predstavljena-unaprijedena-zvijezda-turizma-bih\/#breadcrumb"},"inLanguage":"hr","potentialAction":[{"@type":"ReadAction","target":["https:\/\/radioljubuski.ba\/index.php\/2022\/05\/24\/predstavljena-unaprijedena-zvijezda-turizma-bih\/"]}]},{"@type":"ImageObject","inLanguage":"hr","@id":"https:\/\/radioljubuski.ba\/index.php\/2022\/05\/24\/predstavljena-unaprijedena-zvijezda-turizma-bih\/#primaryimage","url":"https:\/\/radioljubuski.ba\/wp-content\/uploads\/2022\/05\/zvijezda-turizma-predstavljanje-e1653385649382.jpeg","contentUrl":"https:\/\/radioljubuski.ba\/wp-content\/uploads\/2022\/05\/zvijezda-turizma-predstavljanje-e1653385649382.jpeg","width":826,"height":543},{"@type":"BreadcrumbList","@id":"https:\/\/radioljubuski.ba\/index.php\/2022\/05\/24\/predstavljena-unaprijedena-zvijezda-turizma-bih\/#breadcrumb","itemListElement":[{"@type":"ListItem","position":1,"name":"Po\u010detna stranica","item":"https:\/\/radioljubuski.ba\/"},{"@type":"ListItem","position":2,"name":"Predstavljena unaprije\u0111ena \u201eZvijezda turizma BiH\u201c"}]},{"@type":"WebSite","@id":"https:\/\/radioljubuski.ba\/#website","url":"https:\/\/radioljubuski.ba\/","name":"Radio Ljubu\u0161ki","description":"Sun\u010dana frekvencija Hercegovine","publisher":{"@id":"https:\/\/radioljubuski.ba\/#organization"},"potentialAction":[{"@type":"SearchAction","target":{"@type":"EntryPoint","urlTemplate":"https:\/\/radioljubuski.ba\/?s={search_term_string}"},"query-input":{"@type":"PropertyValueSpecification","valueRequired":true,"valueName":"search_term_string"}}],"inLanguage":"hr"},{"@type":"Organization","@id":"https:\/\/radioljubuski.ba\/#organization","name":"Radio Ljubu\u0161ki","url":"https:\/\/radioljubuski.ba\/","logo":{"@type":"ImageObject","inLanguage":"hr","@id":"https:\/\/radioljubuski.ba\/#\/schema\/logo\/image\/","url":"https:\/\/radioljubuski.ba\/wp-content\/uploads\/2021\/02\/cropped-Radio_Ljubuski_logo1.jpg","contentUrl":"https:\/\/radioljubuski.ba\/wp-content\/uploads\/2021\/02\/cropped-Radio_Ljubuski_logo1.jpg","width":512,"height":512,"caption":"Radio Ljubu\u0161ki"},"image":{"@id":"https:\/\/radioljubuski.ba\/#\/schema\/logo\/image\/"},"sameAs":["https:\/\/www.facebook.com\/Radiio-Ljubuski-1490835324566332","https:\/\/x.com\/radioljubuski","https:\/\/hr.linkedin.com\/company\/radio-ljubuski","https:\/\/www.youtube.com\/channel\/UCHYaeO_n0Db3tjNGudGpXyw"]},{"@type":"Person","@id":"https:\/\/radioljubuski.ba\/#\/schema\/person\/19fc700381a780f69665d7956c469e3b","name":"Radio Ljubu\u0161ki"}]}},"_links":{"self":[{"href":"https:\/\/radioljubuski.ba\/index.php\/wp-json\/wp\/v2\/posts\/143635","targetHints":{"allow":["GET"]}}],"collection":[{"href":"https:\/\/radioljubuski.ba\/index.php\/wp-json\/wp\/v2\/posts"}],"about":[{"href":"https:\/\/radioljubuski.ba\/index.php\/wp-json\/wp\/v2\/types\/post"}],"author":[{"embeddable":true,"href":"https:\/\/radioljubuski.ba\/index.php\/wp-json\/wp\/v2\/users\/2"}],"replies":[{"embeddable":true,"href":"https:\/\/radioljubuski.ba\/index.php\/wp-json\/wp\/v2\/comments?post=143635"}],"version-history":[{"count":1,"href":"https:\/\/radioljubuski.ba\/index.php\/wp-json\/wp\/v2\/posts\/143635\/revisions"}],"predecessor-version":[{"id":143637,"href":"https:\/\/radioljubuski.ba\/index.php\/wp-json\/wp\/v2\/posts\/143635\/revisions\/143637"}],"wp:featuredmedia":[{"embeddable":true,"href":"https:\/\/radioljubuski.ba\/index.php\/wp-json\/wp\/v2\/media\/143636"}],"wp:attachment":[{"href":"https:\/\/radioljubuski.ba\/index.php\/wp-json\/wp\/v2\/media?parent=143635"}],"wp:term":[{"taxonomy":"category","embeddable":true,"href":"https:\/\/radioljubuski.ba\/index.php\/wp-json\/wp\/v2\/categories?post=143635"},{"taxonomy":"post_tag","embeddable":true,"href":"https:\/\/radioljubuski.ba\/index.php\/wp-json\/wp\/v2\/tags?post=143635"}],"curies":[{"name":"wp","href":"https:\/\/api.w.org\/{rel}","templated":true}]}}