{"id":143645,"date":"2022-05-24T12:33:20","date_gmt":"2022-05-24T11:33:20","guid":{"rendered":"https:\/\/radioljubuski.ba\/?p=143645"},"modified":"2022-05-24T12:33:22","modified_gmt":"2022-05-24T11:33:22","slug":"milanovic-ako-hrvati-na-jesen-krenu-sa-svojim-izborima-realizacijom-samouprave-moze-se-dogoditi-da-netko-naredi-uporabu-snaga-protiv-hrvata","status":"publish","type":"post","link":"https:\/\/radioljubuski.ba\/index.php\/2022\/05\/24\/milanovic-ako-hrvati-na-jesen-krenu-sa-svojim-izborima-realizacijom-samouprave-moze-se-dogoditi-da-netko-naredi-uporabu-snaga-protiv-hrvata\/","title":{"rendered":"Milanovi\u0107: Ako Hrvati na jesen krenu sa svojim izborima, realizacijom samouprave, mo\u017ee se dogoditi da netko naredi uporabu snaga protiv Hrvata"},"content":{"rendered":"\n<p><strong>Predsjednik Republike Hrvatske Zoran Milanovi\u0107 uru\u010dio je odlikovanja Red Danice hrvatske s likom Katarine Zrinske za plemenitu i humanitarnu aktivnost darivanja krvi u 2019.<\/strong><\/p>\n\n\n\n<p>Na sve\u010danosti u Uredu predsjednika odlikovanja je primilo 77 dobrovoljnih darivatelja krvi od 195 odlikovanih, dok \u0107e ostali odlikovanja primiti na sve\u010danoj dodjeli planiranoj u lipnju.<\/p>\n\n\n\n<p>Milanovi\u0107 se obratio javnosti. Govorio je o situaciji u BiH i pismu \u0161efu NATO-a koje je objavljeno pro\u0161li tjedan. Rekao je da \u0107e razgovarati s glavnim tajnikom NATO-a, Jensom Stoltenbergom, prenosi Index.hr.<\/p>\n\n\n\n<iframe loading=\"lazy\" src=\"https:\/\/www.facebook.com\/plugins\/video.php?height=314&#038;href=https%3A%2F%2Fwww.facebook.com%2Findex.hr%2Fvideos%2F429388632291020%2F&#038;show_text=false&#038;width=560&#038;t=0\" width=\"560\" height=\"314\" style=\"border:none;overflow:hidden\" scrolling=\"no\" frameborder=\"0\" allowfullscreen=\"true\" allow=\"autoplay; clipboard-write; encrypted-media; picture-in-picture; web-share\" allowFullScreen=\"true\"><\/iframe>\n\n\n\n<p>\u201cVidim da su me\u0111unarodni lideri u jednom zapu\u0161tenom stanju \u0161to se ti\u010de poznavanja stanja u BiH. To je rezultat nerada hrvatske diplomacije\u201d, rekao je na po\u010detku.<\/p>\n\n\n\n<p>\u201cAko Hrvati na jesen krenu sa svojim izborima, realizacijom samouprave, mo\u017ee se dogoditi da netko meni nepoznat naredi uporabu snaga protiv Hrvata\u201d, rekao je Milanovi\u0107.<\/p>\n\n\n\n<p>\u201cNama je zabranjeno biti u BiH. Mogu Turci, Austrijanci\u2026 Hrvati ne mogu. Hrvati su valjda opasni, raskomadat \u0107e BiH. Mi bi poslali par \u010dasnika\u201d, rekao je.<\/p>\n\n\n\n<p>\u201cOvo je otpor jednoj tla\u010diteljskoj politici nad Hrvatima u BiH. Evo, javio se i HAZU\u201d, dodao je.<\/p>\n\n\n\n<p>\u201cOvo je paranoi\u010dna situacija za Plenkovi\u0107a. HAZU je objavio dokument, tu je vjerojatno svoje prste imao Kusi\u0107, Reiner. U tom dokumentu zaista stoji ne\u0161to fascinantno o BiH. Ti akademici su prije mjesec dana, u vrijeme mira, oni su rekli da Hrvatima prava treba osigurati pod svaku cijenu\u201d, rekao je Milanovi\u0107.<\/p>\n\n\n\n<p>\u201cTo je stav bliskih Plenkovi\u0107evih suradnika kad slobodno misle. Kad su pokoreni, onda ne misle. Ja ih pozivam da ka\u017eu \u0161to su mislili pod time da se ne treba pitati za cijenu\u201d, dodao je Milanovi\u0107.<\/p>\n\n\n\n<p>\u201cPlenkovi\u0107 okolo ovo svodi na na\u0161 osobni sukob. To je izdajstvo, tu nema ni\u010deg osobnog. Ali kad bi on i ja uputili istu poruku, barem 75 posto hrvatskih gra\u0111ana bi to podr\u017ealo. Ovo je njegova sabota\u017ea i privatna karijerna avantura, to\u010dno vidim kamo smjera i gdje \u017eeli\u201d, rekao je.<\/p>\n\n\n\n<p>\u201cOvo nisu na\u0161e osobne bitke, ja neman ni\u0161ta za izgubiti. Ovo je Plenkovi\u0107evo ludilo\u201d, rekao je. \u201cOn mora znati da nema ni\u010deg osobnog. Ja ne znam \u0161to \u0107e biti, ja radim da se izbjegne taj scenarij, da nitko u BiH ne izgubi osim onih koji \u017eele reketariti Hrvate\u201d, dodao je.<\/p>\n\n\n\n<p>\u201cTurska \u0107e tra\u017eiti puno\u201d<\/p>\n\n\n\n<p>\u201cTurska \u0107e tra\u017eiti puno. Plenkovi\u0107 je u kamere govorio da ne\u0107e blokirati. Evo, blokirali su. Onda je hrvatski ministar govorio da Turska ima razloge. Isuse Bo\u017ee. To je na\u0161 ministar\u201d, rekao je.<\/p>\n\n\n\n<p>\u201cPlenkovi\u0107 \u0161eficu DORH-a dr\u017ei kao oficira, vr\u0161i pritisak\u2026 Istovremeno njegov ministar, potpuno izopa\u010den lik, sad ne ispla\u0107uje dnevnice ni klapi Hrvatske mornarice, reketari ih. On je ohrabren \u010dinjenicom \u0161to nije osramo\u0107en i otpu\u0161ten i da je ostao ministar. To je jedan lopov koji je za ne\u010diji ra\u010dun opstruirao pravdu. DORH \u010deka da gospo\u0111a \u0110erek radi njihov posao. Jer ako nema \u0110erek, nema pravde u dr\u017eavi\u201d, rekao je Milanovi\u0107.<\/p>\n\n\n\n<p>\/HMS\/<\/p>\n","protected":false},"excerpt":{"rendered":"<p>Predsjednik Republike Hrvatske Zoran Milanovi\u0107 uru\u010dio je odlikovanja Red Danice hrvatske s likom Katarine Zrinske za plemenitu i humanitarnu aktivnost darivanja krvi u 2019. Na sve\u010danosti u Uredu predsjednika odlikovanja je primilo 77 dobrovoljnih darivatelja krvi od 195 odlikovanih, dok \u0107e ostali odlikovanja primiti na sve\u010danoj dodjeli planiranoj u lipnju. Milanovi\u0107 se obratio javnosti. Govorio [&hellip;]<\/p>\n","protected":false},"author":2,"featured_media":143648,"comment_status":"closed","ping_status":"closed","sticky":false,"template":"","format":"standard","meta":{"h5ap_radio_sources":[],"footnotes":""},"categories":[1],"tags":[],"class_list":["post-143645","post","type-post","status-publish","format-standard","has-post-thumbnail","hentry","category-bihiregija"],"yoast_head":"<!-- This site is optimized with the Yoast SEO plugin v27.5 - https:\/\/yoast.com\/product\/yoast-seo-wordpress\/ -->\n<title>Milanovi\u0107: Ako Hrvati na jesen krenu sa svojim izborima, realizacijom samouprave, mo\u017ee se dogoditi da netko naredi uporabu snaga protiv Hrvata - RADIO LJUBU\u0160KI<\/title>\n<meta name=\"robots\" content=\"index, follow, max-snippet:-1, max-image-preview:large, max-video-preview:-1\" \/>\n<link rel=\"canonical\" href=\"https:\/\/radioljubuski.ba\/index.php\/2022\/05\/24\/milanovic-ako-hrvati-na-jesen-krenu-sa-svojim-izborima-realizacijom-samouprave-moze-se-dogoditi-da-netko-naredi-uporabu-snaga-protiv-hrvata\/\" \/>\n<meta property=\"og:locale\" content=\"hr_HR\" \/>\n<meta property=\"og:type\" content=\"article\" \/>\n<meta property=\"og:title\" content=\"Milanovi\u0107: Ako Hrvati na jesen krenu sa svojim izborima, realizacijom samouprave, mo\u017ee se dogoditi da netko naredi uporabu snaga protiv Hrvata - RADIO LJUBU\u0160KI\" \/>\n<meta property=\"og:description\" content=\"Predsjednik Republike Hrvatske Zoran Milanovi\u0107 uru\u010dio je odlikovanja Red Danice hrvatske s likom Katarine Zrinske za plemenitu i humanitarnu aktivnost darivanja krvi u 2019. Na sve\u010danosti u Uredu predsjednika odlikovanja je primilo 77 dobrovoljnih darivatelja krvi od 195 odlikovanih, dok \u0107e ostali odlikovanja primiti na sve\u010danoj dodjeli planiranoj u lipnju. Milanovi\u0107 se obratio javnosti. Govorio [&hellip;]\" \/>\n<meta property=\"og:url\" content=\"https:\/\/radioljubuski.ba\/index.php\/2022\/05\/24\/milanovic-ako-hrvati-na-jesen-krenu-sa-svojim-izborima-realizacijom-samouprave-moze-se-dogoditi-da-netko-naredi-uporabu-snaga-protiv-hrvata\/\" \/>\n<meta property=\"og:site_name\" content=\"RADIO LJUBU\u0160KI\" \/>\n<meta property=\"article:publisher\" content=\"https:\/\/www.facebook.com\/Radiio-Ljubuski-1490835324566332\" \/>\n<meta property=\"article:published_time\" content=\"2022-05-24T11:33:20+00:00\" \/>\n<meta property=\"article:modified_time\" content=\"2022-05-24T11:33:22+00:00\" \/>\n<meta property=\"og:image\" content=\"https:\/\/radioljubuski.ba\/wp-content\/uploads\/2022\/05\/o_8253973_1280-1068x712-1.jpg\" \/>\n\t<meta property=\"og:image:width\" content=\"1068\" \/>\n\t<meta property=\"og:image:height\" content=\"712\" \/>\n\t<meta property=\"og:image:type\" content=\"image\/jpeg\" \/>\n<meta name=\"author\" content=\"Radio Ljubu\u0161ki\" \/>\n<meta name=\"twitter:card\" content=\"summary_large_image\" \/>\n<meta name=\"twitter:creator\" content=\"@radioljubuski\" \/>\n<meta name=\"twitter:site\" content=\"@radioljubuski\" \/>\n<meta name=\"twitter:label1\" content=\"Napisao\/la\" \/>\n\t<meta name=\"twitter:data1\" content=\"Radio Ljubu\u0161ki\" \/>\n\t<meta name=\"twitter:label2\" content=\"Procijenjeno vrijeme \u010ditanja\" \/>\n\t<meta name=\"twitter:data2\" content=\"3 minute\" \/>\n<script type=\"application\/ld+json\" class=\"yoast-schema-graph\">{\"@context\":\"https:\\\/\\\/schema.org\",\"@graph\":[{\"@type\":\"Article\",\"@id\":\"https:\\\/\\\/radioljubuski.ba\\\/index.php\\\/2022\\\/05\\\/24\\\/milanovic-ako-hrvati-na-jesen-krenu-sa-svojim-izborima-realizacijom-samouprave-moze-se-dogoditi-da-netko-naredi-uporabu-snaga-protiv-hrvata\\\/#article\",\"isPartOf\":{\"@id\":\"https:\\\/\\\/radioljubuski.ba\\\/index.php\\\/2022\\\/05\\\/24\\\/milanovic-ako-hrvati-na-jesen-krenu-sa-svojim-izborima-realizacijom-samouprave-moze-se-dogoditi-da-netko-naredi-uporabu-snaga-protiv-hrvata\\\/\"},\"author\":{\"name\":\"Radio Ljubu\u0161ki\",\"@id\":\"https:\\\/\\\/radioljubuski.ba\\\/#\\\/schema\\\/person\\\/19fc700381a780f69665d7956c469e3b\"},\"headline\":\"Milanovi\u0107: Ako Hrvati na jesen krenu sa svojim izborima, realizacijom samouprave, mo\u017ee se dogoditi da netko naredi uporabu snaga protiv Hrvata\",\"datePublished\":\"2022-05-24T11:33:20+00:00\",\"dateModified\":\"2022-05-24T11:33:22+00:00\",\"mainEntityOfPage\":{\"@id\":\"https:\\\/\\\/radioljubuski.ba\\\/index.php\\\/2022\\\/05\\\/24\\\/milanovic-ako-hrvati-na-jesen-krenu-sa-svojim-izborima-realizacijom-samouprave-moze-se-dogoditi-da-netko-naredi-uporabu-snaga-protiv-hrvata\\\/\"},\"wordCount\":522,\"publisher\":{\"@id\":\"https:\\\/\\\/radioljubuski.ba\\\/#organization\"},\"image\":{\"@id\":\"https:\\\/\\\/radioljubuski.ba\\\/index.php\\\/2022\\\/05\\\/24\\\/milanovic-ako-hrvati-na-jesen-krenu-sa-svojim-izborima-realizacijom-samouprave-moze-se-dogoditi-da-netko-naredi-uporabu-snaga-protiv-hrvata\\\/#primaryimage\"},\"thumbnailUrl\":\"https:\\\/\\\/radioljubuski.ba\\\/wp-content\\\/uploads\\\/2022\\\/05\\\/o_8253973_1280-1068x712-1.jpg\",\"articleSection\":[\"BIH i regija\"],\"inLanguage\":\"hr\"},{\"@type\":\"WebPage\",\"@id\":\"https:\\\/\\\/radioljubuski.ba\\\/index.php\\\/2022\\\/05\\\/24\\\/milanovic-ako-hrvati-na-jesen-krenu-sa-svojim-izborima-realizacijom-samouprave-moze-se-dogoditi-da-netko-naredi-uporabu-snaga-protiv-hrvata\\\/\",\"url\":\"https:\\\/\\\/radioljubuski.ba\\\/index.php\\\/2022\\\/05\\\/24\\\/milanovic-ako-hrvati-na-jesen-krenu-sa-svojim-izborima-realizacijom-samouprave-moze-se-dogoditi-da-netko-naredi-uporabu-snaga-protiv-hrvata\\\/\",\"name\":\"Milanovi\u0107: Ako Hrvati na jesen krenu sa svojim izborima, realizacijom samouprave, mo\u017ee se dogoditi da netko naredi uporabu snaga protiv Hrvata - RADIO LJUBU\u0160KI\",\"isPartOf\":{\"@id\":\"https:\\\/\\\/radioljubuski.ba\\\/#website\"},\"primaryImageOfPage\":{\"@id\":\"https:\\\/\\\/radioljubuski.ba\\\/index.php\\\/2022\\\/05\\\/24\\\/milanovic-ako-hrvati-na-jesen-krenu-sa-svojim-izborima-realizacijom-samouprave-moze-se-dogoditi-da-netko-naredi-uporabu-snaga-protiv-hrvata\\\/#primaryimage\"},\"image\":{\"@id\":\"https:\\\/\\\/radioljubuski.ba\\\/index.php\\\/2022\\\/05\\\/24\\\/milanovic-ako-hrvati-na-jesen-krenu-sa-svojim-izborima-realizacijom-samouprave-moze-se-dogoditi-da-netko-naredi-uporabu-snaga-protiv-hrvata\\\/#primaryimage\"},\"thumbnailUrl\":\"https:\\\/\\\/radioljubuski.ba\\\/wp-content\\\/uploads\\\/2022\\\/05\\\/o_8253973_1280-1068x712-1.jpg\",\"datePublished\":\"2022-05-24T11:33:20+00:00\",\"dateModified\":\"2022-05-24T11:33:22+00:00\",\"breadcrumb\":{\"@id\":\"https:\\\/\\\/radioljubuski.ba\\\/index.php\\\/2022\\\/05\\\/24\\\/milanovic-ako-hrvati-na-jesen-krenu-sa-svojim-izborima-realizacijom-samouprave-moze-se-dogoditi-da-netko-naredi-uporabu-snaga-protiv-hrvata\\\/#breadcrumb\"},\"inLanguage\":\"hr\",\"potentialAction\":[{\"@type\":\"ReadAction\",\"target\":[\"https:\\\/\\\/radioljubuski.ba\\\/index.php\\\/2022\\\/05\\\/24\\\/milanovic-ako-hrvati-na-jesen-krenu-sa-svojim-izborima-realizacijom-samouprave-moze-se-dogoditi-da-netko-naredi-uporabu-snaga-protiv-hrvata\\\/\"]}]},{\"@type\":\"ImageObject\",\"inLanguage\":\"hr\",\"@id\":\"https:\\\/\\\/radioljubuski.ba\\\/index.php\\\/2022\\\/05\\\/24\\\/milanovic-ako-hrvati-na-jesen-krenu-sa-svojim-izborima-realizacijom-samouprave-moze-se-dogoditi-da-netko-naredi-uporabu-snaga-protiv-hrvata\\\/#primaryimage\",\"url\":\"https:\\\/\\\/radioljubuski.ba\\\/wp-content\\\/uploads\\\/2022\\\/05\\\/o_8253973_1280-1068x712-1.jpg\",\"contentUrl\":\"https:\\\/\\\/radioljubuski.ba\\\/wp-content\\\/uploads\\\/2022\\\/05\\\/o_8253973_1280-1068x712-1.jpg\",\"width\":1068,\"height\":712},{\"@type\":\"BreadcrumbList\",\"@id\":\"https:\\\/\\\/radioljubuski.ba\\\/index.php\\\/2022\\\/05\\\/24\\\/milanovic-ako-hrvati-na-jesen-krenu-sa-svojim-izborima-realizacijom-samouprave-moze-se-dogoditi-da-netko-naredi-uporabu-snaga-protiv-hrvata\\\/#breadcrumb\",\"itemListElement\":[{\"@type\":\"ListItem\",\"position\":1,\"name\":\"Po\u010detna stranica\",\"item\":\"https:\\\/\\\/radioljubuski.ba\\\/\"},{\"@type\":\"ListItem\",\"position\":2,\"name\":\"Milanovi\u0107: Ako Hrvati na jesen krenu sa svojim izborima, realizacijom samouprave, mo\u017ee se dogoditi da netko naredi uporabu snaga protiv Hrvata\"}]},{\"@type\":\"WebSite\",\"@id\":\"https:\\\/\\\/radioljubuski.ba\\\/#website\",\"url\":\"https:\\\/\\\/radioljubuski.ba\\\/\",\"name\":\"Radio Ljubu\u0161ki\",\"description\":\"Sun\u010dana frekvencija Hercegovine\",\"publisher\":{\"@id\":\"https:\\\/\\\/radioljubuski.ba\\\/#organization\"},\"potentialAction\":[{\"@type\":\"SearchAction\",\"target\":{\"@type\":\"EntryPoint\",\"urlTemplate\":\"https:\\\/\\\/radioljubuski.ba\\\/?s={search_term_string}\"},\"query-input\":{\"@type\":\"PropertyValueSpecification\",\"valueRequired\":true,\"valueName\":\"search_term_string\"}}],\"inLanguage\":\"hr\"},{\"@type\":\"Organization\",\"@id\":\"https:\\\/\\\/radioljubuski.ba\\\/#organization\",\"name\":\"Radio Ljubu\u0161ki\",\"url\":\"https:\\\/\\\/radioljubuski.ba\\\/\",\"logo\":{\"@type\":\"ImageObject\",\"inLanguage\":\"hr\",\"@id\":\"https:\\\/\\\/radioljubuski.ba\\\/#\\\/schema\\\/logo\\\/image\\\/\",\"url\":\"https:\\\/\\\/radioljubuski.ba\\\/wp-content\\\/uploads\\\/2021\\\/02\\\/cropped-Radio_Ljubuski_logo1.jpg\",\"contentUrl\":\"https:\\\/\\\/radioljubuski.ba\\\/wp-content\\\/uploads\\\/2021\\\/02\\\/cropped-Radio_Ljubuski_logo1.jpg\",\"width\":512,\"height\":512,\"caption\":\"Radio Ljubu\u0161ki\"},\"image\":{\"@id\":\"https:\\\/\\\/radioljubuski.ba\\\/#\\\/schema\\\/logo\\\/image\\\/\"},\"sameAs\":[\"https:\\\/\\\/www.facebook.com\\\/Radiio-Ljubuski-1490835324566332\",\"https:\\\/\\\/x.com\\\/radioljubuski\",\"https:\\\/\\\/hr.linkedin.com\\\/company\\\/radio-ljubuski\",\"https:\\\/\\\/www.youtube.com\\\/channel\\\/UCHYaeO_n0Db3tjNGudGpXyw\"]},{\"@type\":\"Person\",\"@id\":\"https:\\\/\\\/radioljubuski.ba\\\/#\\\/schema\\\/person\\\/19fc700381a780f69665d7956c469e3b\",\"name\":\"Radio Ljubu\u0161ki\"}]}<\/script>\n<!-- \/ Yoast SEO plugin. -->","yoast_head_json":{"title":"Milanovi\u0107: Ako Hrvati na jesen krenu sa svojim izborima, realizacijom samouprave, mo\u017ee se dogoditi da netko naredi uporabu snaga protiv Hrvata - RADIO LJUBU\u0160KI","robots":{"index":"index","follow":"follow","max-snippet":"max-snippet:-1","max-image-preview":"max-image-preview:large","max-video-preview":"max-video-preview:-1"},"canonical":"https:\/\/radioljubuski.ba\/index.php\/2022\/05\/24\/milanovic-ako-hrvati-na-jesen-krenu-sa-svojim-izborima-realizacijom-samouprave-moze-se-dogoditi-da-netko-naredi-uporabu-snaga-protiv-hrvata\/","og_locale":"hr_HR","og_type":"article","og_title":"Milanovi\u0107: Ako Hrvati na jesen krenu sa svojim izborima, realizacijom samouprave, mo\u017ee se dogoditi da netko naredi uporabu snaga protiv Hrvata - RADIO LJUBU\u0160KI","og_description":"Predsjednik Republike Hrvatske Zoran Milanovi\u0107 uru\u010dio je odlikovanja Red Danice hrvatske s likom Katarine Zrinske za plemenitu i humanitarnu aktivnost darivanja krvi u 2019. Na sve\u010danosti u Uredu predsjednika odlikovanja je primilo 77 dobrovoljnih darivatelja krvi od 195 odlikovanih, dok \u0107e ostali odlikovanja primiti na sve\u010danoj dodjeli planiranoj u lipnju. Milanovi\u0107 se obratio javnosti. Govorio [&hellip;]","og_url":"https:\/\/radioljubuski.ba\/index.php\/2022\/05\/24\/milanovic-ako-hrvati-na-jesen-krenu-sa-svojim-izborima-realizacijom-samouprave-moze-se-dogoditi-da-netko-naredi-uporabu-snaga-protiv-hrvata\/","og_site_name":"RADIO LJUBU\u0160KI","article_publisher":"https:\/\/www.facebook.com\/Radiio-Ljubuski-1490835324566332","article_published_time":"2022-05-24T11:33:20+00:00","article_modified_time":"2022-05-24T11:33:22+00:00","og_image":[{"width":1068,"height":712,"url":"https:\/\/radioljubuski.ba\/wp-content\/uploads\/2022\/05\/o_8253973_1280-1068x712-1.jpg","type":"image\/jpeg"}],"author":"Radio Ljubu\u0161ki","twitter_card":"summary_large_image","twitter_creator":"@radioljubuski","twitter_site":"@radioljubuski","twitter_misc":{"Napisao\/la":"Radio Ljubu\u0161ki","Procijenjeno vrijeme \u010ditanja":"3 minute"},"schema":{"@context":"https:\/\/schema.org","@graph":[{"@type":"Article","@id":"https:\/\/radioljubuski.ba\/index.php\/2022\/05\/24\/milanovic-ako-hrvati-na-jesen-krenu-sa-svojim-izborima-realizacijom-samouprave-moze-se-dogoditi-da-netko-naredi-uporabu-snaga-protiv-hrvata\/#article","isPartOf":{"@id":"https:\/\/radioljubuski.ba\/index.php\/2022\/05\/24\/milanovic-ako-hrvati-na-jesen-krenu-sa-svojim-izborima-realizacijom-samouprave-moze-se-dogoditi-da-netko-naredi-uporabu-snaga-protiv-hrvata\/"},"author":{"name":"Radio Ljubu\u0161ki","@id":"https:\/\/radioljubuski.ba\/#\/schema\/person\/19fc700381a780f69665d7956c469e3b"},"headline":"Milanovi\u0107: Ako Hrvati na jesen krenu sa svojim izborima, realizacijom samouprave, mo\u017ee se dogoditi da netko naredi uporabu snaga protiv Hrvata","datePublished":"2022-05-24T11:33:20+00:00","dateModified":"2022-05-24T11:33:22+00:00","mainEntityOfPage":{"@id":"https:\/\/radioljubuski.ba\/index.php\/2022\/05\/24\/milanovic-ako-hrvati-na-jesen-krenu-sa-svojim-izborima-realizacijom-samouprave-moze-se-dogoditi-da-netko-naredi-uporabu-snaga-protiv-hrvata\/"},"wordCount":522,"publisher":{"@id":"https:\/\/radioljubuski.ba\/#organization"},"image":{"@id":"https:\/\/radioljubuski.ba\/index.php\/2022\/05\/24\/milanovic-ako-hrvati-na-jesen-krenu-sa-svojim-izborima-realizacijom-samouprave-moze-se-dogoditi-da-netko-naredi-uporabu-snaga-protiv-hrvata\/#primaryimage"},"thumbnailUrl":"https:\/\/radioljubuski.ba\/wp-content\/uploads\/2022\/05\/o_8253973_1280-1068x712-1.jpg","articleSection":["BIH i regija"],"inLanguage":"hr"},{"@type":"WebPage","@id":"https:\/\/radioljubuski.ba\/index.php\/2022\/05\/24\/milanovic-ako-hrvati-na-jesen-krenu-sa-svojim-izborima-realizacijom-samouprave-moze-se-dogoditi-da-netko-naredi-uporabu-snaga-protiv-hrvata\/","url":"https:\/\/radioljubuski.ba\/index.php\/2022\/05\/24\/milanovic-ako-hrvati-na-jesen-krenu-sa-svojim-izborima-realizacijom-samouprave-moze-se-dogoditi-da-netko-naredi-uporabu-snaga-protiv-hrvata\/","name":"Milanovi\u0107: Ako Hrvati na jesen krenu sa svojim izborima, realizacijom samouprave, mo\u017ee se dogoditi da netko naredi uporabu snaga protiv Hrvata - RADIO LJUBU\u0160KI","isPartOf":{"@id":"https:\/\/radioljubuski.ba\/#website"},"primaryImageOfPage":{"@id":"https:\/\/radioljubuski.ba\/index.php\/2022\/05\/24\/milanovic-ako-hrvati-na-jesen-krenu-sa-svojim-izborima-realizacijom-samouprave-moze-se-dogoditi-da-netko-naredi-uporabu-snaga-protiv-hrvata\/#primaryimage"},"image":{"@id":"https:\/\/radioljubuski.ba\/index.php\/2022\/05\/24\/milanovic-ako-hrvati-na-jesen-krenu-sa-svojim-izborima-realizacijom-samouprave-moze-se-dogoditi-da-netko-naredi-uporabu-snaga-protiv-hrvata\/#primaryimage"},"thumbnailUrl":"https:\/\/radioljubuski.ba\/wp-content\/uploads\/2022\/05\/o_8253973_1280-1068x712-1.jpg","datePublished":"2022-05-24T11:33:20+00:00","dateModified":"2022-05-24T11:33:22+00:00","breadcrumb":{"@id":"https:\/\/radioljubuski.ba\/index.php\/2022\/05\/24\/milanovic-ako-hrvati-na-jesen-krenu-sa-svojim-izborima-realizacijom-samouprave-moze-se-dogoditi-da-netko-naredi-uporabu-snaga-protiv-hrvata\/#breadcrumb"},"inLanguage":"hr","potentialAction":[{"@type":"ReadAction","target":["https:\/\/radioljubuski.ba\/index.php\/2022\/05\/24\/milanovic-ako-hrvati-na-jesen-krenu-sa-svojim-izborima-realizacijom-samouprave-moze-se-dogoditi-da-netko-naredi-uporabu-snaga-protiv-hrvata\/"]}]},{"@type":"ImageObject","inLanguage":"hr","@id":"https:\/\/radioljubuski.ba\/index.php\/2022\/05\/24\/milanovic-ako-hrvati-na-jesen-krenu-sa-svojim-izborima-realizacijom-samouprave-moze-se-dogoditi-da-netko-naredi-uporabu-snaga-protiv-hrvata\/#primaryimage","url":"https:\/\/radioljubuski.ba\/wp-content\/uploads\/2022\/05\/o_8253973_1280-1068x712-1.jpg","contentUrl":"https:\/\/radioljubuski.ba\/wp-content\/uploads\/2022\/05\/o_8253973_1280-1068x712-1.jpg","width":1068,"height":712},{"@type":"BreadcrumbList","@id":"https:\/\/radioljubuski.ba\/index.php\/2022\/05\/24\/milanovic-ako-hrvati-na-jesen-krenu-sa-svojim-izborima-realizacijom-samouprave-moze-se-dogoditi-da-netko-naredi-uporabu-snaga-protiv-hrvata\/#breadcrumb","itemListElement":[{"@type":"ListItem","position":1,"name":"Po\u010detna stranica","item":"https:\/\/radioljubuski.ba\/"},{"@type":"ListItem","position":2,"name":"Milanovi\u0107: Ako Hrvati na jesen krenu sa svojim izborima, realizacijom samouprave, mo\u017ee se dogoditi da netko naredi uporabu snaga protiv Hrvata"}]},{"@type":"WebSite","@id":"https:\/\/radioljubuski.ba\/#website","url":"https:\/\/radioljubuski.ba\/","name":"Radio Ljubu\u0161ki","description":"Sun\u010dana frekvencija Hercegovine","publisher":{"@id":"https:\/\/radioljubuski.ba\/#organization"},"potentialAction":[{"@type":"SearchAction","target":{"@type":"EntryPoint","urlTemplate":"https:\/\/radioljubuski.ba\/?s={search_term_string}"},"query-input":{"@type":"PropertyValueSpecification","valueRequired":true,"valueName":"search_term_string"}}],"inLanguage":"hr"},{"@type":"Organization","@id":"https:\/\/radioljubuski.ba\/#organization","name":"Radio Ljubu\u0161ki","url":"https:\/\/radioljubuski.ba\/","logo":{"@type":"ImageObject","inLanguage":"hr","@id":"https:\/\/radioljubuski.ba\/#\/schema\/logo\/image\/","url":"https:\/\/radioljubuski.ba\/wp-content\/uploads\/2021\/02\/cropped-Radio_Ljubuski_logo1.jpg","contentUrl":"https:\/\/radioljubuski.ba\/wp-content\/uploads\/2021\/02\/cropped-Radio_Ljubuski_logo1.jpg","width":512,"height":512,"caption":"Radio Ljubu\u0161ki"},"image":{"@id":"https:\/\/radioljubuski.ba\/#\/schema\/logo\/image\/"},"sameAs":["https:\/\/www.facebook.com\/Radiio-Ljubuski-1490835324566332","https:\/\/x.com\/radioljubuski","https:\/\/hr.linkedin.com\/company\/radio-ljubuski","https:\/\/www.youtube.com\/channel\/UCHYaeO_n0Db3tjNGudGpXyw"]},{"@type":"Person","@id":"https:\/\/radioljubuski.ba\/#\/schema\/person\/19fc700381a780f69665d7956c469e3b","name":"Radio Ljubu\u0161ki"}]}},"_links":{"self":[{"href":"https:\/\/radioljubuski.ba\/index.php\/wp-json\/wp\/v2\/posts\/143645","targetHints":{"allow":["GET"]}}],"collection":[{"href":"https:\/\/radioljubuski.ba\/index.php\/wp-json\/wp\/v2\/posts"}],"about":[{"href":"https:\/\/radioljubuski.ba\/index.php\/wp-json\/wp\/v2\/types\/post"}],"author":[{"embeddable":true,"href":"https:\/\/radioljubuski.ba\/index.php\/wp-json\/wp\/v2\/users\/2"}],"replies":[{"embeddable":true,"href":"https:\/\/radioljubuski.ba\/index.php\/wp-json\/wp\/v2\/comments?post=143645"}],"version-history":[{"count":1,"href":"https:\/\/radioljubuski.ba\/index.php\/wp-json\/wp\/v2\/posts\/143645\/revisions"}],"predecessor-version":[{"id":143649,"href":"https:\/\/radioljubuski.ba\/index.php\/wp-json\/wp\/v2\/posts\/143645\/revisions\/143649"}],"wp:featuredmedia":[{"embeddable":true,"href":"https:\/\/radioljubuski.ba\/index.php\/wp-json\/wp\/v2\/media\/143648"}],"wp:attachment":[{"href":"https:\/\/radioljubuski.ba\/index.php\/wp-json\/wp\/v2\/media?parent=143645"}],"wp:term":[{"taxonomy":"category","embeddable":true,"href":"https:\/\/radioljubuski.ba\/index.php\/wp-json\/wp\/v2\/categories?post=143645"},{"taxonomy":"post_tag","embeddable":true,"href":"https:\/\/radioljubuski.ba\/index.php\/wp-json\/wp\/v2\/tags?post=143645"}],"curies":[{"name":"wp","href":"https:\/\/api.w.org\/{rel}","templated":true}]}}